{"id":6489,"date":"2025-05-16T18:00:00","date_gmt":"2025-05-16T21:00:00","guid":{"rendered":"https:\/\/www.codental.com.br\/blog\/?p=6489"},"modified":"2025-05-29T23:39:14","modified_gmt":"2025-05-30T02:39:14","slug":"jaleco-na-odontologia-muito-alem-da-sua-protecao","status":"publish","type":"post","link":"https:\/\/www.codental.com.br\/blog\/jaleco-na-odontologia-muito-alem-da-sua-protecao\/","title":{"rendered":"Jaleco na odontologia: muito al\u00e9m da sua prote\u00e7\u00e3o!"},"content":{"rendered":"\n<p>Quando pensamos na imagem de um dentista, automaticamente visualizamos um profissional de jaleco branco, transmitindo n\u00e3o apenas conhecimento t\u00e9cnico, mas tamb\u00e9m credibilidade, higiene e profissionalismo. No entanto, o jaleco na odontologia vai muito al\u00e9m de um simples uniforme. Ele \u00e9, na verdade, u<strong>m elemento que une prote\u00e7\u00e3o, identidade, marketing pessoal e, claro, um toque de moda.<\/strong><\/p>\n\n\n\n<p>Se voc\u00ea \u00e9 dentista, sabe que sua apar\u00eancia no consult\u00f3rio impacta diretamente na percep\u00e7\u00e3o que o paciente ter\u00e1 de voc\u00ea. Afinal, a primeira impress\u00e3o \u00e9, sim, a que fica! <\/p>\n\n\n\n<p>Sendo assim, neste artigo, vamos mergulhar profundamente no universo do <strong>jaleco na odontologia<\/strong>, entendendo sua import\u00e2ncia, os motivos para investir em pe\u00e7as de qualidade, tend\u00eancias de moda odontol\u00f3gica e como transformar esse item obrigat\u00f3rio em uma poderosa ferramenta de comunica\u00e7\u00e3o e valoriza\u00e7\u00e3o da sua marca pessoal.<\/p>\n\n\n\n<h2 class=\"wp-block-heading\">Por que o jaleco na odontologia \u00e9 indispens\u00e1vel?<\/h2>\n\n\n\n<p>V\u00e1rios s\u00e3o os motivos que tornam o jaleco um item indispens\u00e1vel no consult\u00f3rio odontol\u00f3gico. Sendo assim, dentre eles est\u00e3o:<\/p>\n\n\n\n<h3 class=\"wp-block-heading\"><strong>Prote\u00e7\u00e3o Biol\u00f3gica<\/strong><\/h3>\n\n\n\n<p>O primeiro e mais \u00f3bvio motivo para o uso do <a href=\"https:\/\/www.codental.com.br\/blog\/biosseguranca-na-odontologia-como-manter-e-sua-importancia\/?utm_source=blog&utm_medium=referral&utm_content=jaleco-na-odontologia-muito-alem-da-sua-protecao\">jaleco \u00e9 a <strong>biosseguran\u00e7a<\/strong><\/a>. A odontologia \u00e9 uma profiss\u00e3o com alto risco de exposi\u00e7\u00e3o a fluidos corporais, aeross\u00f3is, sangue e saliva. <\/p>\n\n\n\n<p>Portanto, o <strong>jaleco atua como uma barreira f\u00edsica<\/strong> que protege o profissional contra contaminantes, al\u00e9m de evitar que microrganismos presentes na roupa comum sejam transferidos para o ambiente cl\u00ednico.<\/p>\n\n\n\n<h3 class=\"wp-block-heading\"><strong>Normas e Legisla\u00e7\u00e3o<\/strong><\/h3>\n\n\n\n<p>Al\u00e9m da prote\u00e7\u00e3o, o uso do jaleco \u00e9 regulamentado por \u00f3rg\u00e3os como a <strong><a href=\"https:\/\/www.gov.br\/anvisa\/pt-br\">ANVISA<\/a><\/strong> e os <strong><a href=\"https:\/\/www.codental.com.br\/blog\/resolucoes-do-cfo-tudo-que-os-dentistas-precisam-saber\/?utm_source=blog&utm_medium=referral&utm_content=jaleco-na-odontologia-muito-alem-da-sua-protecao\">Conselhos de Odontologia<\/a><\/strong>, que exigem paramenta\u00e7\u00e3o adequada durante os atendimentos. Todavia, isso n\u00e3o \u00e9 apenas uma exig\u00eancia legal, mas uma demonstra\u00e7\u00e3o clara de comprometimento com as boas pr\u00e1ticas de biosseguran\u00e7a.<\/p>\n\n\n\n<h3 class=\"wp-block-heading\"><strong>Imagem e Autoridade Profissional<\/strong><\/h3>\n\n\n\n<p>Visualmente, o jaleco comunica imediatamente profissionalismo, cuidado, responsabilidade e autoridade. <\/p>\n\n\n\n<p>Dessa maneira, imagine a diferen\u00e7a entre um dentista que atende com um jaleco alinhado, bem cortado e limpo, em rela\u00e7\u00e3o a um que n\u00e3o se preocupa com esses detalhes. A percep\u00e7\u00e3o do paciente muda completamente \u2014 e isso impacta diretamente na sua experi\u00eancia, na confian\u00e7a e at\u00e9 na fideliza\u00e7\u00e3o.<\/p>\n\n\n\n<h2 class=\"wp-block-heading\">O jaleco como ferramenta de marketing pessoal<\/h2>\n\n\n\n<p>Voc\u00ea j\u00e1 parou para pensar que o jaleco \u00e9, na pr\u00e1tica, <strong>uma extens\u00e3o da sua marca pessoal<\/strong>? <\/p>\n\n\n\n<p>Ele n\u00e3o \u00e9 apenas um item de biosseguran\u00e7a, mas tamb\u00e9m uma poderosa ferramenta de <strong>posicionamento profissional<\/strong>.<\/p>\n\n\n\n<p>Se bem escolhido, ele transmite:<\/p>\n\n\n\n<ul class=\"wp-block-list\">\n<li><strong>Credibilidade<\/strong><\/li>\n\n\n\n<li><strong>Sofistica\u00e7\u00e3o<\/strong><\/li>\n\n\n\n<li><strong>Cuidado com detalhes<\/strong><\/li>\n\n\n\n<li><strong>Estilo alinhado ao seu p\u00fablico-alvo<\/strong><\/li>\n<\/ul>\n\n\n\n<p>Da mesma forma que voc\u00ea cuida da decora\u00e7\u00e3o da cl\u00ednica, das redes sociais e da <a href=\"https:\/\/www.codental.com.br\/blog\/identidade-visual-para-clinica-odontologica\/?utm_source=blog&utm_medium=referral&utm_content=jaleco-na-odontologia-muito-alem-da-sua-protecao\">identidade visual<\/a> do seu consult\u00f3rio, o jaleco faz parte desse ecossistema de <em>branding.<\/em><\/p>\n\n\n\n<h2 class=\"wp-block-heading\">Tend\u00eancias de moda na odontologia: jaleco com estilo<\/h2>\n\n\n\n<p>Apesar de ser um EPI e um item antigo entre os profissionais de sa\u00fade, o jaleco tamb\u00e9m evoluiu com o tempo. Dessa forma, o jaleco al\u00e9m de indispens\u00e1vel, pode compor estilo ao atender!<\/p>\n\n\n\n<h3 class=\"wp-block-heading\"><strong>O jaleco deixou de ser apenas branco<\/strong><\/h3>\n\n\n\n<p>Embora o jaleco branco ainda seja um cl\u00e1ssico, hoje a odontologia abra\u00e7a uma paleta muito mais ampla de cores, cortes e tecidos. Isso permite que o profissional escolha pe\u00e7as que reflitam sua identidade, especialidade e at\u00e9 o perfil do seu p\u00fablico.<\/p>\n\n\n\n<h4 class=\"wp-block-heading\">Cores que transmitem sensa\u00e7\u00f5es<\/h4>\n\n\n\n<ul class=\"wp-block-list\">\n<li><strong>Branco:<\/strong> cl\u00e1ssico, transmite pureza, limpeza e organiza\u00e7\u00e3o.<\/li>\n\n\n\n<li><strong>Azul-marinho:<\/strong> passa autoridade, seguran\u00e7a e eleg\u00e2ncia.<\/li>\n\n\n\n<li><strong>Cinza:<\/strong> moderno e sofisticado, ideal para quem quer fugir do tradicional.<\/li>\n\n\n\n<li><strong>Rosa, verde e lil\u00e1s:<\/strong> cores que remetem ao acolhimento, empatia e proximidade, muito usadas em cl\u00ednicas voltadas ao p\u00fablico infantil, odontopediatria ou est\u00e9tica.<\/li>\n\n\n\n<li><strong>Preto:<\/strong> tend\u00eancia crescente na odontologia est\u00e9tica, representa sofistica\u00e7\u00e3o, luxo e exclusividade.<\/li>\n<\/ul>\n\n\n\n<h3 class=\"wp-block-heading\"><strong>Modelagem: o caimento faz toda a diferen\u00e7a<\/strong><\/h3>\n\n\n\n<ul class=\"wp-block-list\">\n<li><strong><em>Slim Fit:<\/em><\/strong> mais ajustado ao corpo, oferece eleg\u00e2ncia e modernidade.<\/li>\n\n\n\n<li><strong>Tradicional:<\/strong> mais solta, indicada para quem prioriza conforto e mobilidade.<\/li>\n\n\n\n<li><strong>Modelos Femininos com Recortes Anat\u00f4micos:<\/strong> valorizam a silhueta, combinando eleg\u00e2ncia e funcionalidade.<\/li>\n\n\n\n<li><strong>Modelos Masculinos Estruturados:<\/strong> trazem uma apar\u00eancia mais alinhada, com ombros bem definidos.<\/li>\n<\/ul>\n\n\n\n<h3 class=\"wp-block-heading\"><strong>Detalhes que agregam valor<\/strong><\/h3>\n\n\n\n<ul class=\"wp-block-list\">\n<li>Bordados personalizados com nome, CRO e logotipo.<\/li>\n\n\n\n<li>Bot\u00f5es diferenciados (madrep\u00e9rola, dourados, resinados).<\/li>\n\n\n\n<li>Mangas com punho ajust\u00e1vel ou com el\u00e1stico, facilitando procedimentos.<\/li>\n\n\n\n<li>Golas estilo padre, blazer ou tradicional.<\/li>\n\n\n\n<li>Bolsos estrat\u00e9gicos para instrumentos, celulares e acess\u00f3rios.<\/li>\n<\/ul>\n\n\n\n<h3 class=\"wp-block-heading\"><strong>Tecidos tecnol\u00f3gicos: conforto e performance<\/strong><\/h3>\n\n\n\n<ul class=\"wp-block-list\">\n<li><strong>Tecido antibacteriano:<\/strong> inibe a prolifera\u00e7\u00e3o de microrganismos.<\/li>\n\n\n\n<li><strong>Repelente a l\u00edquidos:<\/strong> tecido de maior prote\u00e7\u00e3o contra respingos.<\/li>\n\n\n\n<li><strong>Tecido que n\u00e3o amassa:<\/strong> ideal para quem busca praticidade no dia a dia.<\/li>\n\n\n\n<li><strong>Leve e respir\u00e1vel:<\/strong> s\u00e3o os tecidos que garante conforto mesmo em longos per\u00edodos de atendimento.<\/li>\n<\/ul>\n\n\n\n<h2 class=\"wp-block-heading\">Como escolher o jaleco ideal para sua cl\u00ednica?<\/h2>\n\n\n\n<p>O modelo de jaleco ideal vai variar muito entre os dentistas. Sendo assim, dentre as quest\u00f5es a serem consideradas est\u00e3o:<\/p>\n\n\n\n<h3 class=\"wp-block-heading\">1. <strong>Considere Seu P\u00fablico-Alvo<\/strong><\/h3>\n\n\n\n<p>Se sua cl\u00ednica \u00e9 voltada para odontopediatria, jalecos coloridos e com detalhes mais l\u00fadicos fazem total sentido. Por outro lado, se seu foco \u00e9 est\u00e9tica ou harmoniza\u00e7\u00e3o facial, tons como preto, cinza ou branco com detalhes dourados trazem uma pegada premium.<\/p>\n\n\n\n<h3 class=\"wp-block-heading\">2. <strong>Pense na Sua Marca Pessoal<\/strong><\/h3>\n\n\n\n<p>Seu jaleco precisa conversar com sua identidade visual \u2014 desde as cores at\u00e9 os detalhes. Sendo assim, se sua comunica\u00e7\u00e3o nas redes \u00e9 moderna e despojada, reflita isso na sua vestimenta. Entretanto, se \u00e9 mais cl\u00e1ssica e tradicional, opte por modelos atemporais.<\/p>\n\n\n\n<h3 class=\"wp-block-heading\">3. <strong>Conforto \u00e9 N\u00e3o-Negoci\u00e1vel<\/strong><\/h3>\n\n\n\n<p>Voc\u00ea passa horas atendendo, movimentando bra\u00e7os, se inclinando&#8230; Um jaleco desconfort\u00e1vel, com tecido r\u00edgido ou mal cortado, prejudica tanto sua produtividade quanto sua postura e bem-estar.<\/p>\n\n\n\n<h3 class=\"wp-block-heading\">4. <strong>Durabilidade e Facilidade de Higieniza\u00e7\u00e3o<\/strong><\/h3>\n\n\n\n<p>Prefira tecidos tecnol\u00f3gicos, que suportem lavagens frequentes sem perder forma, cor ou textura. Isso n\u00e3o \u00e9 s\u00f3 uma quest\u00e3o de est\u00e9tica, mas tamb\u00e9m de biosseguran\u00e7a.<\/p>\n\n\n\n<h2 class=\"wp-block-heading\">Jaleco e biosseguran\u00e7a: cuidados essenciais<\/h2>\n\n\n\n<p>N\u00e3o podemos esquecer que, al\u00e9m do estilo, o jaleco tem uma fun\u00e7\u00e3o crucial na <strong>preven\u00e7\u00e3o cruzada de infec\u00e7\u00f5es<\/strong>. Sendo assim, as seguintes regras devem ser seguidas:<\/p>\n\n\n\n<ul class=\"wp-block-list\">\n<li><strong>Realizar o uso exclusivamente dentro do consult\u00f3rio.<\/strong><\/li>\n\n\n\n<li><strong>Deve ser trocado diariamente ou sempre que houver contamina\u00e7\u00e3o vis\u00edvel.<\/strong><\/li>\n\n\n\n<li><strong>O transporte do jaleco deve ser feito em sacos pr\u00f3prios, evitando contamina\u00e7\u00e3o de outros ambientes.<\/strong><\/li>\n\n\n\n<li><strong>A lavagem deve seguir protocolos rigorosos, com uso de produtos desinfetantes espec\u00edficos.<\/strong><\/li>\n<\/ul>\n\n\n\n<h2 class=\"wp-block-heading\">Marketing sensorial: o poder da imagem durante o atendimento<\/h2>\n\n\n\n<p>Imagine a seguinte cena: um paciente entra na sua cl\u00ednica e \u00e9 recebido por um ambiente elegante, aromatizado, com m\u00fasica ambiente agrad\u00e1vel&#8230; e voc\u00ea, dentista, est\u00e1 com um jaleco impec\u00e1vel, que transmite exatamente a proposta daquele espa\u00e7o.<\/p>\n\n\n\n<p>Essa coer\u00eancia sensorial n\u00e3o \u00e9 um detalhe \u2014<strong> \u00e9 uma estrat\u00e9gia <a href=\"https:\/\/www.codental.com.br\/blog\/marketing-odontologico-tudo-o-que-voce-precisa-saber\/?utm_source=blog&utm_medium=referral&utm_content=jaleco-na-odontologia-muito-alem-da-sua-protecao\">poderosa de marketing.<\/a> <\/strong>O paciente se sente mais confiante, percebe valor no atendimento e associa sua imagem a um servi\u00e7o de excel\u00eancia.<\/p>\n\n\n\n<h2 class=\"wp-block-heading\">Diferencia\u00e7\u00e3o competitiva<\/h2>\n\n\n\n<p>Num mercado competitivo como a odontologia, cada detalhe importa. Sendo assim, o jaleco, que muitas vezes \u00e9 visto apenas como um item funcional, pode ser um diferencial competitivo.<\/p>\n\n\n\n<p>Portanto, cl\u00ednicas que apostam em jalecos personalizados, sofisticados e alinhados \u00e0 sua proposta transmitem mais profissionalismo, cuidado e aten\u00e7\u00e3o aos detalhes.<\/p>\n\n\n\n<p>Dessa forma, isso impacta diretamente no <strong>valor percebido<\/strong> pelo paciente \u2014 e, consequentemente, permite praticar honor\u00e1rios mais condizentes com a experi\u00eancia premium oferecida.<\/p>\n\n\n\n<h2 class=\"wp-block-heading\">Jaleco sustent\u00e1vel: uma tend\u00eancia em crescimento!<\/h2>\n\n\n\n<p>Cada vez mais dentistas est\u00e3o buscando solu\u00e7\u00f5es que aliem eleg\u00e2ncia e sustentabilidade. Dessa maneira, antenados as tend\u00eancias, alguns fornecedores j\u00e1 oferecem:<\/p>\n\n\n\n<ul class=\"wp-block-list\">\n<li>Jalecos confeccionados com tecidos recicl\u00e1veis.<\/li>\n\n\n\n<li>Produ\u00e7\u00e3o com menor consumo de \u00e1gua e energia.<\/li>\n\n\n\n<li>Modelos dur\u00e1veis, que reduzem a necessidade de descarte frequente.<\/li>\n<\/ul>\n\n\n\n<p>Adotar essa pr\u00e1tica, al\u00e9m de ser uma escolha \u00e9tica, tamb\u00e9m agrega valor \u00e0 sua marca perante um p\u00fablico cada vez mais consciente.<\/p>\n\n\n\n<p>Concluindo, o jaleco na odontologia deixou, definitivamente, de ser apenas um item de prote\u00e7\u00e3o. Ele se tornou um s\u00edmbolo de autoridade, um ve\u00edculo de comunica\u00e7\u00e3o da sua marca pessoal e, claro, um elemento est\u00e9tico que contribui para a experi\u00eancia do paciente.<\/p>\n\n\n\n<p>Portanto, se voc\u00ea quer se destacar, gerar mais conex\u00e3o com seu p\u00fablico, fortalecer sua autoridade e elevar o valor percebido do seu servi\u00e7o, comece olhando para o seu jaleco. <strong>Sendo assim, escolha com inten\u00e7\u00e3o, qualidade e estrat\u00e9gia<\/strong>!<\/p>\n","protected":false},"excerpt":{"rendered":"<p>Quando pensamos na imagem de um dentista, automaticamente visualizamos um profissional de jaleco branco,&#8230;<\/p>\n","protected":false},"author":16,"featured_media":6493,"comment_status":"closed","ping_status":"closed","sticky":false,"template":"","format":"standard","meta":{"_target_audience":"","footnotes":""},"categories":[16],"tags":[7],"class_list":["post-6489","post","type-post","status-publish","format-standard","has-post-thumbnail","hentry","category-empreendedorismo","tag-consultorio-odontologico"],"yoast_head":"<!-- This site is optimized with the Yoast SEO plugin v27.2 - https:\/\/yoast.com\/product\/yoast-seo-wordpress\/ -->\n<title>Jaleco na odontologia: muito al\u00e9m da sua prote\u00e7\u00e3o!<\/title>\n<meta name=\"description\" content=\"O jaleco na odontologia vai muito al\u00e9m de um simples uniforme, sendo at\u00e9 uma estrat\u00e9gia de marketing. Confira tudo sobre!\" \/>\n<meta name=\"robots\" content=\"index, follow, max-snippet:-1, max-image-preview:large, max-video-preview:-1\" \/>\n<link rel=\"canonical\" href=\"https:\/\/www.codental.com.br\/blog\/jaleco-na-odontologia-muito-alem-da-sua-protecao\/\" \/>\n<meta property=\"og:locale\" content=\"pt_BR\" \/>\n<meta property=\"og:type\" content=\"article\" \/>\n<meta property=\"og:title\" content=\"Jaleco na odontologia: muito al\u00e9m da sua prote\u00e7\u00e3o!\" \/>\n<meta property=\"og:description\" content=\"O jaleco na odontologia vai muito al\u00e9m de um simples uniforme, sendo at\u00e9 uma estrat\u00e9gia de marketing. Confira tudo sobre!\" \/>\n<meta property=\"og:url\" content=\"https:\/\/www.codental.com.br\/blog\/jaleco-na-odontologia-muito-alem-da-sua-protecao\/\" \/>\n<meta property=\"og:site_name\" content=\"Codental Blog\" \/>\n<meta property=\"article:publisher\" content=\"http:\/\/www.facebook.com\/codentalbr\" \/>\n<meta property=\"article:published_time\" content=\"2025-05-16T21:00:00+00:00\" \/>\n<meta property=\"article:modified_time\" content=\"2025-05-30T02:39:14+00:00\" \/>\n<meta property=\"og:image\" content=\"https:\/\/www.codental.com.br\/blog\/wp-content\/uploads\/2025\/05\/Jaleco-na-odontologia.jpeg\" \/>\n\t<meta property=\"og:image:width\" content=\"1280\" \/>\n\t<meta property=\"og:image:height\" content=\"696\" \/>\n\t<meta property=\"og:image:type\" content=\"image\/jpeg\" \/>\n<meta name=\"author\" content=\"Juliana Costa\" \/>\n<meta name=\"twitter:card\" content=\"summary_large_image\" \/>\n<meta name=\"twitter:creator\" content=\"@CodentalBr\" \/>\n<meta name=\"twitter:site\" content=\"@CodentalBr\" \/>\n<meta name=\"twitter:label1\" content=\"Escrito por\" \/>\n\t<meta name=\"twitter:data1\" content=\"Juliana Costa\" \/>\n\t<meta name=\"twitter:label2\" content=\"Est. tempo de leitura\" \/>\n\t<meta name=\"twitter:data2\" content=\"7 minutos\" \/>\n<script type=\"application\/ld+json\" class=\"yoast-schema-graph\">{\"@context\":\"https:\/\/schema.org\",\"@graph\":[{\"@type\":\"Article\",\"@id\":\"https:\/\/www.codental.com.br\/blog\/jaleco-na-odontologia-muito-alem-da-sua-protecao\/#article\",\"isPartOf\":{\"@id\":\"https:\/\/www.codental.com.br\/blog\/jaleco-na-odontologia-muito-alem-da-sua-protecao\/\"},\"author\":{\"name\":\"Juliana Costa\",\"@id\":\"https:\/\/www.codental.com.br\/blog\/#\/schema\/person\/5d75a676c9e6f6bbbe61623d4d068ad7\"},\"headline\":\"Jaleco na odontologia: muito al\u00e9m da sua prote\u00e7\u00e3o!\",\"datePublished\":\"2025-05-16T21:00:00+00:00\",\"dateModified\":\"2025-05-30T02:39:14+00:00\",\"mainEntityOfPage\":{\"@id\":\"https:\/\/www.codental.com.br\/blog\/jaleco-na-odontologia-muito-alem-da-sua-protecao\/\"},\"wordCount\":1415,\"publisher\":{\"@id\":\"https:\/\/www.codental.com.br\/blog\/#organization\"},\"image\":{\"@id\":\"https:\/\/www.codental.com.br\/blog\/jaleco-na-odontologia-muito-alem-da-sua-protecao\/#primaryimage\"},\"thumbnailUrl\":\"https:\/\/www.codental.com.br\/blog\/wp-content\/uploads\/2025\/05\/Jaleco-na-odontologia.jpeg\",\"keywords\":[\"Consult\u00f3rio Odontol\u00f3gico\"],\"articleSection\":[\"Empreendedorismo\"],\"inLanguage\":\"pt-BR\"},{\"@type\":\"WebPage\",\"@id\":\"https:\/\/www.codental.com.br\/blog\/jaleco-na-odontologia-muito-alem-da-sua-protecao\/\",\"url\":\"https:\/\/www.codental.com.br\/blog\/jaleco-na-odontologia-muito-alem-da-sua-protecao\/\",\"name\":\"Jaleco na odontologia: muito al\u00e9m da sua prote\u00e7\u00e3o!\",\"isPartOf\":{\"@id\":\"https:\/\/www.codental.com.br\/blog\/#website\"},\"primaryImageOfPage\":{\"@id\":\"https:\/\/www.codental.com.br\/blog\/jaleco-na-odontologia-muito-alem-da-sua-protecao\/#primaryimage\"},\"image\":{\"@id\":\"https:\/\/www.codental.com.br\/blog\/jaleco-na-odontologia-muito-alem-da-sua-protecao\/#primaryimage\"},\"thumbnailUrl\":\"https:\/\/www.codental.com.br\/blog\/wp-content\/uploads\/2025\/05\/Jaleco-na-odontologia.jpeg\",\"datePublished\":\"2025-05-16T21:00:00+00:00\",\"dateModified\":\"2025-05-30T02:39:14+00:00\",\"description\":\"O jaleco na odontologia vai muito al\u00e9m de um simples uniforme, sendo at\u00e9 uma estrat\u00e9gia de marketing. Confira tudo sobre!\",\"breadcrumb\":{\"@id\":\"https:\/\/www.codental.com.br\/blog\/jaleco-na-odontologia-muito-alem-da-sua-protecao\/#breadcrumb\"},\"inLanguage\":\"pt-BR\",\"potentialAction\":[{\"@type\":\"ReadAction\",\"target\":[\"https:\/\/www.codental.com.br\/blog\/jaleco-na-odontologia-muito-alem-da-sua-protecao\/\"]}]},{\"@type\":\"ImageObject\",\"inLanguage\":\"pt-BR\",\"@id\":\"https:\/\/www.codental.com.br\/blog\/jaleco-na-odontologia-muito-alem-da-sua-protecao\/#primaryimage\",\"url\":\"https:\/\/www.codental.com.br\/blog\/wp-content\/uploads\/2025\/05\/Jaleco-na-odontologia.jpeg\",\"contentUrl\":\"https:\/\/www.codental.com.br\/blog\/wp-content\/uploads\/2025\/05\/Jaleco-na-odontologia.jpeg\",\"width\":1280,\"height\":696,\"caption\":\"Jaleco na odontologia\"},{\"@type\":\"BreadcrumbList\",\"@id\":\"https:\/\/www.codental.com.br\/blog\/jaleco-na-odontologia-muito-alem-da-sua-protecao\/#breadcrumb\",\"itemListElement\":[{\"@type\":\"ListItem\",\"position\":1,\"name\":\"In\u00edcio\",\"item\":\"https:\/\/www.codental.com.br\/blog\/\"},{\"@type\":\"ListItem\",\"position\":2,\"name\":\"Jaleco na odontologia: muito al\u00e9m da sua prote\u00e7\u00e3o!\"}]},{\"@type\":\"WebSite\",\"@id\":\"https:\/\/www.codental.com.br\/blog\/#website\",\"url\":\"https:\/\/www.codental.com.br\/blog\/\",\"name\":\"Codental Blog\",\"description\":\"Artigos e not\u00edcias sobre odontologia\",\"publisher\":{\"@id\":\"https:\/\/www.codental.com.br\/blog\/#organization\"},\"potentialAction\":[{\"@type\":\"SearchAction\",\"target\":{\"@type\":\"EntryPoint\",\"urlTemplate\":\"https:\/\/www.codental.com.br\/blog\/?s={search_term_string}\"},\"query-input\":{\"@type\":\"PropertyValueSpecification\",\"valueRequired\":true,\"valueName\":\"search_term_string\"}}],\"inLanguage\":\"pt-BR\"},{\"@type\":\"Organization\",\"@id\":\"https:\/\/www.codental.com.br\/blog\/#organization\",\"name\":\"Codental\",\"url\":\"https:\/\/codental.com.br\/\",\"logo\":{\"@type\":\"ImageObject\",\"inLanguage\":\"pt-BR\",\"@id\":\"https:\/\/www.codental.com.br\/blog\/#\/schema\/logo\/image\/\",\"url\":\"https:\/\/www.codental.com.br\/blog\/wp-content\/uploads\/2018\/10\/logo.png\",\"contentUrl\":\"https:\/\/www.codental.com.br\/blog\/wp-content\/uploads\/2018\/10\/logo.png\",\"width\":1200,\"height\":300,\"caption\":\"Codental\"},\"image\":{\"@id\":\"https:\/\/www.codental.com.br\/blog\/#\/schema\/logo\/image\/\"},\"sameAs\":[\"http:\/\/www.facebook.com\/codentalbr\",\"https:\/\/x.com\/CodentalBr\",\"https:\/\/www.instagram.com\/codentalbr\/\"]},{\"@type\":\"Person\",\"@id\":\"https:\/\/www.codental.com.br\/blog\/#\/schema\/person\/5d75a676c9e6f6bbbe61623d4d068ad7\",\"name\":\"Juliana Costa\",\"image\":{\"@type\":\"ImageObject\",\"inLanguage\":\"pt-BR\",\"@id\":\"https:\/\/www.codental.com.br\/blog\/wp-content\/uploads\/2022\/11\/WhatsApp-Image-2022-10-27-at-08.36.04-343x240.jpeg\",\"url\":\"https:\/\/www.codental.com.br\/blog\/wp-content\/uploads\/2022\/11\/WhatsApp-Image-2022-10-27-at-08.36.04-343x240.jpeg\",\"contentUrl\":\"https:\/\/www.codental.com.br\/blog\/wp-content\/uploads\/2022\/11\/WhatsApp-Image-2022-10-27-at-08.36.04-343x240.jpeg\",\"caption\":\"Juliana Costa\"},\"description\":\"Mineira, 28 anos. Redatora e revisora do blog do Codental. Estudante de nutri\u00e7\u00e3o, apaixonada por ci\u00eancia, arte, bons livros e chocolate. Casada e m\u00e3e de uma doce menininha, acredita que o melhor da vida \u00e9 poder compartilhar bons momentos entre amigos e fam\u00edlia!\",\"sameAs\":[\"https:\/\/www.instagram.com\/juliana_costa\/\"],\"url\":\"https:\/\/www.codental.com.br\/blog\/author\/juliana\/\"}]}<\/script>\n<!-- \/ Yoast SEO plugin. -->","yoast_head_json":{"title":"Jaleco na odontologia: muito al\u00e9m da sua prote\u00e7\u00e3o!","description":"O jaleco na odontologia vai muito al\u00e9m de um simples uniforme, sendo at\u00e9 uma estrat\u00e9gia de marketing. Confira tudo sobre!","robots":{"index":"index","follow":"follow","max-snippet":"max-snippet:-1","max-image-preview":"max-image-preview:large","max-video-preview":"max-video-preview:-1"},"canonical":"https:\/\/www.codental.com.br\/blog\/jaleco-na-odontologia-muito-alem-da-sua-protecao\/","og_locale":"pt_BR","og_type":"article","og_title":"Jaleco na odontologia: muito al\u00e9m da sua prote\u00e7\u00e3o!","og_description":"O jaleco na odontologia vai muito al\u00e9m de um simples uniforme, sendo at\u00e9 uma estrat\u00e9gia de marketing. Confira tudo sobre!","og_url":"https:\/\/www.codental.com.br\/blog\/jaleco-na-odontologia-muito-alem-da-sua-protecao\/","og_site_name":"Codental Blog","article_publisher":"http:\/\/www.facebook.com\/codentalbr","article_published_time":"2025-05-16T21:00:00+00:00","article_modified_time":"2025-05-30T02:39:14+00:00","og_image":[{"width":1280,"height":696,"url":"https:\/\/www.codental.com.br\/blog\/wp-content\/uploads\/2025\/05\/Jaleco-na-odontologia.jpeg","type":"image\/jpeg"}],"author":"Juliana Costa","twitter_card":"summary_large_image","twitter_creator":"@CodentalBr","twitter_site":"@CodentalBr","twitter_misc":{"Escrito por":"Juliana Costa","Est. tempo de leitura":"7 minutos"},"schema":{"@context":"https:\/\/schema.org","@graph":[{"@type":"Article","@id":"https:\/\/www.codental.com.br\/blog\/jaleco-na-odontologia-muito-alem-da-sua-protecao\/#article","isPartOf":{"@id":"https:\/\/www.codental.com.br\/blog\/jaleco-na-odontologia-muito-alem-da-sua-protecao\/"},"author":{"name":"Juliana Costa","@id":"https:\/\/www.codental.com.br\/blog\/#\/schema\/person\/5d75a676c9e6f6bbbe61623d4d068ad7"},"headline":"Jaleco na odontologia: muito al\u00e9m da sua prote\u00e7\u00e3o!","datePublished":"2025-05-16T21:00:00+00:00","dateModified":"2025-05-30T02:39:14+00:00","mainEntityOfPage":{"@id":"https:\/\/www.codental.com.br\/blog\/jaleco-na-odontologia-muito-alem-da-sua-protecao\/"},"wordCount":1415,"publisher":{"@id":"https:\/\/www.codental.com.br\/blog\/#organization"},"image":{"@id":"https:\/\/www.codental.com.br\/blog\/jaleco-na-odontologia-muito-alem-da-sua-protecao\/#primaryimage"},"thumbnailUrl":"https:\/\/www.codental.com.br\/blog\/wp-content\/uploads\/2025\/05\/Jaleco-na-odontologia.jpeg","keywords":["Consult\u00f3rio Odontol\u00f3gico"],"articleSection":["Empreendedorismo"],"inLanguage":"pt-BR"},{"@type":"WebPage","@id":"https:\/\/www.codental.com.br\/blog\/jaleco-na-odontologia-muito-alem-da-sua-protecao\/","url":"https:\/\/www.codental.com.br\/blog\/jaleco-na-odontologia-muito-alem-da-sua-protecao\/","name":"Jaleco na odontologia: muito al\u00e9m da sua prote\u00e7\u00e3o!","isPartOf":{"@id":"https:\/\/www.codental.com.br\/blog\/#website"},"primaryImageOfPage":{"@id":"https:\/\/www.codental.com.br\/blog\/jaleco-na-odontologia-muito-alem-da-sua-protecao\/#primaryimage"},"image":{"@id":"https:\/\/www.codental.com.br\/blog\/jaleco-na-odontologia-muito-alem-da-sua-protecao\/#primaryimage"},"thumbnailUrl":"https:\/\/www.codental.com.br\/blog\/wp-content\/uploads\/2025\/05\/Jaleco-na-odontologia.jpeg","datePublished":"2025-05-16T21:00:00+00:00","dateModified":"2025-05-30T02:39:14+00:00","description":"O jaleco na odontologia vai muito al\u00e9m de um simples uniforme, sendo at\u00e9 uma estrat\u00e9gia de marketing. Confira tudo sobre!","breadcrumb":{"@id":"https:\/\/www.codental.com.br\/blog\/jaleco-na-odontologia-muito-alem-da-sua-protecao\/#breadcrumb"},"inLanguage":"pt-BR","potentialAction":[{"@type":"ReadAction","target":["https:\/\/www.codental.com.br\/blog\/jaleco-na-odontologia-muito-alem-da-sua-protecao\/"]}]},{"@type":"ImageObject","inLanguage":"pt-BR","@id":"https:\/\/www.codental.com.br\/blog\/jaleco-na-odontologia-muito-alem-da-sua-protecao\/#primaryimage","url":"https:\/\/www.codental.com.br\/blog\/wp-content\/uploads\/2025\/05\/Jaleco-na-odontologia.jpeg","contentUrl":"https:\/\/www.codental.com.br\/blog\/wp-content\/uploads\/2025\/05\/Jaleco-na-odontologia.jpeg","width":1280,"height":696,"caption":"Jaleco na odontologia"},{"@type":"BreadcrumbList","@id":"https:\/\/www.codental.com.br\/blog\/jaleco-na-odontologia-muito-alem-da-sua-protecao\/#breadcrumb","itemListElement":[{"@type":"ListItem","position":1,"name":"In\u00edcio","item":"https:\/\/www.codental.com.br\/blog\/"},{"@type":"ListItem","position":2,"name":"Jaleco na odontologia: muito al\u00e9m da sua prote\u00e7\u00e3o!"}]},{"@type":"WebSite","@id":"https:\/\/www.codental.com.br\/blog\/#website","url":"https:\/\/www.codental.com.br\/blog\/","name":"Codental Blog","description":"Artigos e not\u00edcias sobre odontologia","publisher":{"@id":"https:\/\/www.codental.com.br\/blog\/#organization"},"potentialAction":[{"@type":"SearchAction","target":{"@type":"EntryPoint","urlTemplate":"https:\/\/www.codental.com.br\/blog\/?s={search_term_string}"},"query-input":{"@type":"PropertyValueSpecification","valueRequired":true,"valueName":"search_term_string"}}],"inLanguage":"pt-BR"},{"@type":"Organization","@id":"https:\/\/www.codental.com.br\/blog\/#organization","name":"Codental","url":"https:\/\/codental.com.br\/","logo":{"@type":"ImageObject","inLanguage":"pt-BR","@id":"https:\/\/www.codental.com.br\/blog\/#\/schema\/logo\/image\/","url":"https:\/\/www.codental.com.br\/blog\/wp-content\/uploads\/2018\/10\/logo.png","contentUrl":"https:\/\/www.codental.com.br\/blog\/wp-content\/uploads\/2018\/10\/logo.png","width":1200,"height":300,"caption":"Codental"},"image":{"@id":"https:\/\/www.codental.com.br\/blog\/#\/schema\/logo\/image\/"},"sameAs":["http:\/\/www.facebook.com\/codentalbr","https:\/\/x.com\/CodentalBr","https:\/\/www.instagram.com\/codentalbr\/"]},{"@type":"Person","@id":"https:\/\/www.codental.com.br\/blog\/#\/schema\/person\/5d75a676c9e6f6bbbe61623d4d068ad7","name":"Juliana Costa","image":{"@type":"ImageObject","inLanguage":"pt-BR","@id":"https:\/\/www.codental.com.br\/blog\/wp-content\/uploads\/2022\/11\/WhatsApp-Image-2022-10-27-at-08.36.04-343x240.jpeg","url":"https:\/\/www.codental.com.br\/blog\/wp-content\/uploads\/2022\/11\/WhatsApp-Image-2022-10-27-at-08.36.04-343x240.jpeg","contentUrl":"https:\/\/www.codental.com.br\/blog\/wp-content\/uploads\/2022\/11\/WhatsApp-Image-2022-10-27-at-08.36.04-343x240.jpeg","caption":"Juliana Costa"},"description":"Mineira, 28 anos. Redatora e revisora do blog do Codental. Estudante de nutri\u00e7\u00e3o, apaixonada por ci\u00eancia, arte, bons livros e chocolate. Casada e m\u00e3e de uma doce menininha, acredita que o melhor da vida \u00e9 poder compartilhar bons momentos entre amigos e fam\u00edlia!","sameAs":["https:\/\/www.instagram.com\/juliana_costa\/"],"url":"https:\/\/www.codental.com.br\/blog\/author\/juliana\/"}]}},"_links":{"self":[{"href":"https:\/\/www.codental.com.br\/blog\/wp-json\/wp\/v2\/posts\/6489","targetHints":{"allow":["GET"]}}],"collection":[{"href":"https:\/\/www.codental.com.br\/blog\/wp-json\/wp\/v2\/posts"}],"about":[{"href":"https:\/\/www.codental.com.br\/blog\/wp-json\/wp\/v2\/types\/post"}],"author":[{"embeddable":true,"href":"https:\/\/www.codental.com.br\/blog\/wp-json\/wp\/v2\/users\/16"}],"replies":[{"embeddable":true,"href":"https:\/\/www.codental.com.br\/blog\/wp-json\/wp\/v2\/comments?post=6489"}],"version-history":[{"count":3,"href":"https:\/\/www.codental.com.br\/blog\/wp-json\/wp\/v2\/posts\/6489\/revisions"}],"predecessor-version":[{"id":6492,"href":"https:\/\/www.codental.com.br\/blog\/wp-json\/wp\/v2\/posts\/6489\/revisions\/6492"}],"wp:featuredmedia":[{"embeddable":true,"href":"https:\/\/www.codental.com.br\/blog\/wp-json\/wp\/v2\/media\/6493"}],"wp:attachment":[{"href":"https:\/\/www.codental.com.br\/blog\/wp-json\/wp\/v2\/media?parent=6489"}],"wp:term":[{"taxonomy":"category","embeddable":true,"href":"https:\/\/www.codental.com.br\/blog\/wp-json\/wp\/v2\/categories?post=6489"},{"taxonomy":"post_tag","embeddable":true,"href":"https:\/\/www.codental.com.br\/blog\/wp-json\/wp\/v2\/tags?post=6489"}],"curies":[{"name":"wp","href":"https:\/\/api.w.org\/{rel}","templated":true}]}}