{"id":6433,"date":"2025-05-23T18:00:00","date_gmt":"2025-05-23T21:00:00","guid":{"rendered":"https:\/\/www.codental.com.br\/blog\/?p=6433"},"modified":"2025-05-23T16:27:21","modified_gmt":"2025-05-23T19:27:21","slug":"sindrome-de-down-e-odontologia-cuidados-desafios-e-tratamentos-odontologicos-essenciais","status":"publish","type":"post","link":"https:\/\/www.codental.com.br\/blog\/sindrome-de-down-e-odontologia-cuidados-desafios-e-tratamentos-odontologicos-essenciais\/","title":{"rendered":"S\u00edndrome de Down e Odontologia: cuidados, desafios e tratamentos odontol\u00f3gicos essenciais"},"content":{"rendered":"\n<p>A <strong><a href=\"https:\/\/bvsms.saude.gov.br\/21-3-dia-mundial-e-dia-nacional-da-sindrome-de-down-o-que-significa-inclusao\/\">S\u00edndrome de Down (SD)<\/a><\/strong> \u00e9 uma condi\u00e7\u00e3o gen\u00e9tica causada pela trissomia do cromossomo 21, afetando aspectos f\u00edsicos, cognitivos e fisiol\u00f3gicos dos pacientes. Dessa maneira, a S\u00edndrome de Down e odontologia, \u00e9 um assunto muito importante para dentistas que queiram trabalhar com esse p\u00fablico, uma vez que exige conhecimento espec\u00edfico, empatia e abordagens cl\u00ednicas diferenciadas.<\/p>\n\n\n\n<p>Neste artigo, vamos explorar os principais <strong>problemas bucais em pacientes com S\u00edndrome de Down<\/strong>, os desafios no consult\u00f3rio, estrat\u00e9gias de manejo, tratamentos odontol\u00f3gicos indicados e como o dentista pode oferecer um atendimento de excel\u00eancia.<\/p>\n\n\n\n<h2 class=\"wp-block-heading\">Entendendo o contexto de S\u00edndrome de Down e Odontologia<\/h2>\n\n\n\n<p>A <strong>S\u00edndrome de Down<\/strong> est\u00e1 associada a uma s\u00e9rie de caracter\u00edsticas que impactam diretamente a sa\u00fade bucal. O acompanhamento odontol\u00f3gico desde os primeiros anos de vida \u00e9 fundamental para promover qualidade de vida, prevenir complica\u00e7\u00f5es e garantir a funcionalidade do sistema estomatogn\u00e1tico.<\/p>\n\n\n\n<h3 class=\"wp-block-heading\">Caracter\u00edsticas Gerais que Impactam a Sa\u00fade Bucal<\/h3>\n\n\n\n<ul class=\"wp-block-list\">\n<li><strong>Hipotonia muscular:<\/strong> fraqueza dos m\u00fasculos da face e boca, comum na S\u00edndrome de Down. Sendo assim, se possui preju\u00edzo da mastiga\u00e7\u00e3o, fala, vedamento labial e favorece respira\u00e7\u00e3o bucal, ac\u00famulo de biofilme e desenvolvimento de m\u00e1 oclus\u00e3o.<\/li>\n\n\n\n<li><strong>Macroglossia relativa: <\/strong>a l\u00edngua parece grande para a boca devido ao maxilar pequeno. Dessa maneira, se dificulta a fala, mastiga\u00e7\u00e3o, degluti\u00e7\u00e3o, favorece respira\u00e7\u00e3o bucal e saliva\u00e7\u00e3o excessiva.<\/li>\n\n\n\n<li><strong>Fissura palatina em alguns casos:<\/strong> abertura no c\u00e9u da boca presente em alguns pacientes. Gera dificuldades na alimenta\u00e7\u00e3o, fala e favorece infec\u00e7\u00f5es e ac\u00famulo de biofilme.<\/li>\n\n\n\n<li><strong>Retardo no desenvolvimento motor e cognitivo:<\/strong> dificuldade em executar movimentos finos, como escova\u00e7\u00e3o, e limita\u00e7\u00f5es no entendimento dos cuidados bucais, exigindo maior apoio dos cuidadores.<\/li>\n\n\n\n<li><strong>Maior incid\u00eancia de doen\u00e7as sist\u00eamicas<\/strong>: como cardiopatias cong\u00eanitas e imunodefici\u00eancias, que tamb\u00e9m influenciam na sa\u00fade oral.<\/li>\n<\/ul>\n\n\n\n<h2 class=\"wp-block-heading\">Principais problemas bucais em pacientes com S\u00edndrome de Down<\/h2>\n\n\n\n<p>Alguns problemas s\u00e3o mais comuns em pacientes que possuem essa condi\u00e7\u00e3o. Dessa maneira, alguns deles s\u00e3o:<\/p>\n\n\n\n<h3 class=\"wp-block-heading\">1. <strong>Doen\u00e7a Periodontal<\/strong><\/h3>\n\n\n\n<p>A <a href=\"https:\/\/www.codental.com.br\/blog\/periodontia-entenda-tudo-sobre-essa-especialidade\/?utm_source=blog&utm_medium=referral&utm_content=sindrome-de-down-e-odontologia-cuidados-desafios-e-tratamentos-odontologicos-essenciais\">doen\u00e7a periodontal<\/a> \u00e9 o problema bucal mais prevalente em pessoas com S\u00edndrome de Down, podendo surgir precocemente, ainda na inf\u00e2ncia.<\/p>\n\n\n\n<p><strong>Causas associadas:<\/strong><\/p>\n\n\n\n<ul class=\"wp-block-list\">\n<li>Imunodefici\u00eancia, especialmente na fun\u00e7\u00e3o dos neutr\u00f3filos<\/li>\n\n\n\n<li>Hipotonia muscular e respira\u00e7\u00e3o bucal, que favorecem ac\u00famulo de biofilme<\/li>\n\n\n\n<li>Altera\u00e7\u00f5es na composi\u00e7\u00e3o da saliva<\/li>\n\n\n\n<li>Higiene oral comprometida devido \u00e0s limita\u00e7\u00f5es motoras e cognitivas<\/li>\n<\/ul>\n\n\n\n<p><strong>Impactos cl\u00ednicos:<\/strong><\/p>\n\n\n\n<ul class=\"wp-block-list\">\n<li>Gengivite severa<\/li>\n\n\n\n<li>Periodontite agressiva precoce<\/li>\n\n\n\n<li>Perda precoce de dentes<\/li>\n<\/ul>\n\n\n\n<h3 class=\"wp-block-heading\">2. <strong>Atraso na Erup\u00e7\u00e3o Dent\u00e1ria<\/strong><\/h3>\n\n\n\n<p>\u00c9 comum o atraso na erup\u00e7\u00e3o tanto da denti\u00e7\u00e3o dec\u00eddua quanto permanente, o que pode impactar o desenvolvimento da oclus\u00e3o e a est\u00e9tica dental.<\/p>\n\n\n\n<h3 class=\"wp-block-heading\">3. <strong>Anomalias Dent\u00e1rias<\/strong><\/h3>\n\n\n\n<ul class=\"wp-block-list\">\n<li><strong>Agenesia dent\u00e1ria:<\/strong> aus\u00eancia cong\u00eanita de dentes, especialmente incisivos laterais e segundos pr\u00e9-molares.<\/li>\n\n\n\n<li><strong>Microdontia:<\/strong> dentes de tamanho reduzido.<\/li>\n\n\n\n<li><strong>Fus\u00e3o e gemina\u00e7\u00e3o:<\/strong> altera\u00e7\u00f5es na forma\u00e7\u00e3o dos dentes, principalmente na denti\u00e7\u00e3o dec\u00eddua.<\/li>\n<\/ul>\n\n\n\n<h3 class=\"wp-block-heading\">4. <strong>M\u00e1 Oclus\u00e3o<\/strong><\/h3>\n\n\n\n<p>As altera\u00e7\u00f5es esquel\u00e9ticas e dent\u00e1rias favorecem:<\/p>\n\n\n\n<ul class=\"wp-block-list\">\n<li>Mordida cruzada anterior e\/ou posterior<\/li>\n\n\n\n<li>Mordida aberta anterior<\/li>\n\n\n\n<li>Prognatismo mandibular relativo devido \u00e0 hipoplasia maxilar<\/li>\n<\/ul>\n\n\n\n<h3 class=\"wp-block-heading\">5. <strong><a href=\"https:\/\/www.codental.com.br\/blog\/carie-dentaria-tudo-o-que-precisa-saber-sobre\/?utm_source=blog&utm_medium=referral&utm_content=sindrome-de-down-e-odontologia-cuidados-desafios-e-tratamentos-odontologicos-essenciais\">C\u00e1rie Dental<\/a><\/strong><\/h3>\n\n\n\n<p>Embora a incid\u00eancia de c\u00e1rie seja <strong>menor<\/strong> comparada \u00e0 popula\u00e7\u00e3o geral \u2014 possivelmente devido \u00e0 dieta, composi\u00e7\u00e3o salivar e erup\u00e7\u00e3o dent\u00e1ria tardia \u2014, isso n\u00e3o isenta esses pacientes do risco, especialmente quando h\u00e1 dificuldade na higiene oral.<\/p>\n\n\n\n<h3 class=\"wp-block-heading\">6. <strong>Altera\u00e7\u00f5es na Fun\u00e7\u00e3o Orofacial<\/strong><\/h3>\n\n\n\n<ul class=\"wp-block-list\">\n<li>Respira\u00e7\u00e3o bucal<\/li>\n\n\n\n<li>Dificuldades na mastiga\u00e7\u00e3o e degluti\u00e7\u00e3o<\/li>\n\n\n\n<li>Sialorreia (saliva\u00e7\u00e3o excessiva)<\/li>\n\n\n\n<li>Dificuldades na fala, impactando tamb\u00e9m aspectos psicossociais<\/li>\n<\/ul>\n\n\n\n<h2 class=\"wp-block-heading\">Atendimento odontol\u00f3gico a pacientes com S\u00edndrome de Down<\/h2>\n\n\n\n<p>O primeiro passo no atendimento odontol\u00f3gico de pacientes com S\u00edndrome de Down \u00e9 realizar uma <strong>anamnese detalhada<\/strong>, que deve incluir a avalia\u00e7\u00e3o minuciosa de condi\u00e7\u00f5es m\u00e9dicas associadas, como <strong>cardiopatias cong\u00eanitas, epilepsia, hipotireoidismo<\/strong> e <strong>dist\u00farbios imunol\u00f3gicos<\/strong>. <\/p>\n\n\n\n<p>Portanto, os dados da anamnese s\u00e3o fundamentais, pois impactam diretamente no planejamento e na seguran\u00e7a dos procedimentos odontol\u00f3gicos. Al\u00e9m disso, \u00e9 imprescind\u00edvel verificar a <strong>necessidade de profilaxia antibi\u00f3tica<\/strong>, especialmente em pacientes com <strong>cardiopatias<\/strong>, a fim de prevenir complica\u00e7\u00f5es como a <strong>endocardite bacteriana<\/strong>.<\/p>\n\n\n\n<p>Na sequ\u00eancia, torna-se indispens\u00e1vel promover a <strong>adapta\u00e7\u00e3o do ambiente odontol\u00f3gico<\/strong>. Dessa forma, o consult\u00f3rio deve ser <strong>acess\u00edvel<\/strong>, com um espa\u00e7o que ofere\u00e7a <strong>m\u00ednimos est\u00edmulos visuais e sonoros<\/strong>, proporcionando um ambiente <strong>calmo e acolhedor<\/strong>, capaz de reduzir a ansiedade do paciente. Al\u00e9m disso, \u00e9 recomendado priorizar <strong>atendimentos mais curtos, por\u00e9m frequentes<\/strong>, o que facilita tanto a adapta\u00e7\u00e3o do paciente ao ambiente odontol\u00f3gico quanto a realiza\u00e7\u00e3o de procedimentos de forma segura e eficaz.<\/p>\n\n\n\n<p>Por fim, a <strong>comunica\u00e7\u00e3o eficiente<\/strong> desempenha um papel central no sucesso do atendimento. Sendo assim, \u00e9 essencial utilizar uma linguagem <strong>simples, objetiva e de f\u00e1cil compreens\u00e3o<\/strong>, al\u00e9m de empregar <strong>refor\u00e7os positivos constantes<\/strong> para motivar a colabora\u00e7\u00e3o do paciente. <\/p>\n\n\n\n<p>Portanto, sempre que necess\u00e1rio, \u00e9 v\u00e1lido contar com o apoio de <strong>recursos visuais, linguagem gestual<\/strong> ou, ainda, com a participa\u00e7\u00e3o ativa dos <strong>cuidadores<\/strong>, que podem auxiliar na media\u00e7\u00e3o da comunica\u00e7\u00e3o e na condu\u00e7\u00e3o do atendimento de forma mais tranquila e efetiva.<\/p>\n\n\n\n<h2 class=\"wp-block-heading\">Tratamentos odontol\u00f3gicos indicados<\/h2>\n\n\n\n<p>Existes alguns tratamentos mais indicados para evitar o desenvolvimento dessas condi\u00e7\u00f5es nesses pacientes. Dessa maneira, alguns desses tratamentos s\u00e3o:<\/p>\n\n\n\n<h3 class=\"wp-block-heading\">1. <strong>Preven\u00e7\u00e3o: A Base do Atendimento<\/strong><\/h3>\n\n\n\n<ul class=\"wp-block-list\">\n<li>Profilaxia regular (trimestral ou semestral, dependendo do caso)<\/li>\n\n\n\n<li>Aplica\u00e7\u00e3o de fl\u00faor em consult\u00f3rio e indica\u00e7\u00e3o de dentifr\u00edcios fluoretados<\/li>\n\n\n\n<li>Selantes de f\u00f3ssulas e fissuras<\/li>\n\n\n\n<li>Educa\u00e7\u00e3o em sa\u00fade bucal para pacientes, familiares e cuidadores<\/li>\n\n\n\n<li>Acompanhamento da dieta e controle do consumo de a\u00e7\u00facares<\/li>\n<\/ul>\n\n\n\n<h3 class=\"wp-block-heading\">2. <strong>Tratamento Periodontal Intensivo<\/strong><\/h3>\n\n\n\n<ul class=\"wp-block-list\">\n<li>Controle rigoroso do biofilme<\/li>\n\n\n\n<li>Raspagem e alisamento radicular frequentes<\/li>\n\n\n\n<li>Uso de antiss\u00e9pticos bucais, como clorexidina, quando indicado<\/li>\n\n\n\n<li>Encaminhamento para periodontista quando necess\u00e1rio<\/li>\n<\/ul>\n\n\n\n<h3 class=\"wp-block-heading\">3. <strong>Ortodontia Funcional e Interceptiva<\/strong><\/h3>\n\n\n\n<ul class=\"wp-block-list\">\n<li>Corre\u00e7\u00e3o de m\u00e1s oclus\u00f5es desde a inf\u00e2ncia<\/li>\n\n\n\n<li>Expans\u00e3o r\u00e1pida da maxila para corre\u00e7\u00e3o de mordida cruzada<\/li>\n\n\n\n<li>Aparelhos remov\u00edveis para est\u00edmulo funcional e desenvolvimento orofacial<\/li>\n<\/ul>\n\n\n\n<h3 class=\"wp-block-heading\">4. <strong>Reabilita\u00e7\u00e3o Prot\u00e9tica e Est\u00e9tica<\/strong><\/h3>\n\n\n\n<ul class=\"wp-block-list\">\n<li>Avalia\u00e7\u00e3o para pr\u00f3teses parciais remov\u00edveis em casos de agenesia ou perda precoce de dentes<\/li>\n\n\n\n<li>Facetas, coroas ou restaura\u00e7\u00f5es est\u00e9ticas, quando indicado, sempre considerando a fun\u00e7\u00e3o mastigat\u00f3ria e a est\u00e9tica<\/li>\n<\/ul>\n\n\n\n<h3 class=\"wp-block-heading\">5. <strong>Interven\u00e7\u00f5es em Pacientes N\u00e3o Colaboradores<\/strong><\/h3>\n\n\n\n<ul class=\"wp-block-list\">\n<li>Conduta n\u00e3o farmacol\u00f3gica: dessensibiliza\u00e7\u00e3o, refor\u00e7o positivo, t\u00e9cnicas de manejo comportamental<\/li>\n\n\n\n<li>Quando necess\u00e1rio, seda\u00e7\u00e3o consciente ou anestesia geral, especialmente em procedimentos invasivos ou longos<\/li>\n<\/ul>\n\n\n\n<h2 class=\"wp-block-heading\">Cuidados especiais e considera\u00e7\u00f5es m\u00e9dicas<\/h2>\n\n\n\n<p>Antes de qualquer interven\u00e7\u00e3o odontol\u00f3gica, a <strong>avalia\u00e7\u00e3o cardiol\u00f3gica pr\u00e9via<\/strong> \u00e9 absolutamente indispens\u00e1vel, especialmente nos casos em que h\u00e1 <strong>hist\u00f3rico de sopros card\u00edacos, defeitos cong\u00eanitos<\/strong> ou <strong>cirurgias card\u00edacas<\/strong>. Sendo assim, essa etapa \u00e9 fundamental para garantir a seguran\u00e7a do paciente e definir, por exemplo, a necessidade de <strong>profilaxia antibi\u00f3tica<\/strong>. <\/p>\n\n\n\n<p>Al\u00e9m disso, durante o atendimento, \u00e9 crucial manter um <strong>monitoramento rigoroso das vias a\u00e9reas<\/strong>, uma vez que caracter\u00edsticas comuns nesses pacientes, como a <strong>macroglossia<\/strong> e a <strong>hipotonia muscular<\/strong>, podem representar desafios importantes, dificultando tanto o posicionamento adequado quanto a condu\u00e7\u00e3o segura dos procedimentos odontol\u00f3gicos. <\/p>\n\n\n\n<p>Entretanto, deve-se redobrar a <strong>aten\u00e7\u00e3o \u00e0s infec\u00e7\u00f5es oportunistas<\/strong>, visto que muitos indiv\u00edduos com <strong>S\u00edndrome de Down apresentam imunodefici\u00eancia relativa<\/strong>, o que os torna mais suscet\u00edveis a infec\u00e7\u00f5es, incluindo as de origem odontol\u00f3gica.<\/p>\n\n\n\n<h2 class=\"wp-block-heading\">O papel do dentista na qualidade de vida<\/h2>\n\n\n\n<p>O atendimento odontol\u00f3gico para pessoas com S\u00edndrome de Down vai al\u00e9m do controle de doen\u00e7as bucais. Dessa maneira, ele tem impacto direto na:<\/p>\n\n\n\n<ul class=\"wp-block-list\">\n<li>Melhora da mastiga\u00e7\u00e3o<\/li>\n\n\n\n<li>Desenvolvimento da fala<\/li>\n\n\n\n<li>Bem-estar social e psicol\u00f3gico<\/li>\n\n\n\n<li>Autonomia do paciente<\/li>\n\n\n\n<li>Preven\u00e7\u00e3o de complica\u00e7\u00f5es sist\u00eamicas, como endocardite bacteriana<\/li>\n<\/ul>\n\n\n\n<p>Sendo assim, o dentista que atende pacientes com <strong>S\u00edndrome de Down<\/strong> deve estar preparado para atuar de forma interdisciplinar, com empatia, paci\u00eancia e conhecimento t\u00e9cnico. Al\u00e9m disso, a preven\u00e7\u00e3o, associada a um plano de tratamento personalizado e cont\u00ednuo, \u00e9 a chave para oferecer sa\u00fade bucal e qualidade de vida a esses pacientes.<\/p>\n\n\n\n<p>Investir em capacita\u00e7\u00e3o nessa \u00e1rea n\u00e3o \u00e9 apenas uma quest\u00e3o \u00e9tica, mas tamb\u00e9m uma oportunidade para o dentista se diferenciar no mercado, atendendo com excel\u00eancia um p\u00fablico que demanda cuidado especializado.<\/p>\n","protected":false},"excerpt":{"rendered":"<p>A S\u00edndrome de Down (SD) \u00e9 uma condi\u00e7\u00e3o gen\u00e9tica causada pela trissomia do cromossomo&#8230;<\/p>\n","protected":false},"author":16,"featured_media":6434,"comment_status":"closed","ping_status":"closed","sticky":false,"template":"","format":"standard","meta":{"_target_audience":"","footnotes":""},"categories":[129],"tags":[7],"class_list":["post-6433","post","type-post","status-publish","format-standard","has-post-thumbnail","hentry","category-tratamentos","tag-consultorio-odontologico"],"yoast_head":"<!-- This site is optimized with the Yoast SEO plugin v27.2 - https:\/\/yoast.com\/product\/yoast-seo-wordpress\/ -->\n<title>S\u00edndrome de Down e Odontologia: cuidados, desafios e tratamentos odontol\u00f3gicos essenciais<\/title>\n<meta name=\"description\" content=\"S\u00edndrome de Down e odontologia, \u00e9 tema importante para quem deseja trabalhar na \u00e1rea, j\u00e1 que exige abordagens cl\u00ednicas diferenciadas.\" \/>\n<meta name=\"robots\" content=\"index, follow, max-snippet:-1, max-image-preview:large, max-video-preview:-1\" \/>\n<link rel=\"canonical\" href=\"https:\/\/www.codental.com.br\/blog\/sindrome-de-down-e-odontologia-cuidados-desafios-e-tratamentos-odontologicos-essenciais\/\" \/>\n<meta property=\"og:locale\" content=\"pt_BR\" \/>\n<meta property=\"og:type\" content=\"article\" \/>\n<meta property=\"og:title\" content=\"S\u00edndrome de Down e Odontologia: cuidados, desafios e tratamentos odontol\u00f3gicos essenciais\" \/>\n<meta property=\"og:description\" content=\"S\u00edndrome de Down e odontologia, \u00e9 tema importante para quem deseja trabalhar na \u00e1rea, j\u00e1 que exige abordagens cl\u00ednicas diferenciadas.\" \/>\n<meta property=\"og:url\" content=\"https:\/\/www.codental.com.br\/blog\/sindrome-de-down-e-odontologia-cuidados-desafios-e-tratamentos-odontologicos-essenciais\/\" \/>\n<meta property=\"og:site_name\" content=\"Codental Blog\" \/>\n<meta property=\"article:publisher\" content=\"http:\/\/www.facebook.com\/codentalbr\" \/>\n<meta property=\"article:published_time\" content=\"2025-05-23T21:00:00+00:00\" \/>\n<meta property=\"og:image\" content=\"https:\/\/www.codental.com.br\/blog\/wp-content\/uploads\/2025\/05\/Sindrome-de-Down-e-Odontologia.jpeg\" \/>\n\t<meta property=\"og:image:width\" content=\"1280\" \/>\n\t<meta property=\"og:image:height\" content=\"696\" \/>\n\t<meta property=\"og:image:type\" content=\"image\/jpeg\" \/>\n<meta name=\"author\" content=\"Juliana Costa\" \/>\n<meta name=\"twitter:card\" content=\"summary_large_image\" \/>\n<meta name=\"twitter:creator\" content=\"@CodentalBr\" \/>\n<meta name=\"twitter:site\" content=\"@CodentalBr\" \/>\n<meta name=\"twitter:label1\" content=\"Escrito por\" \/>\n\t<meta name=\"twitter:data1\" content=\"Juliana Costa\" \/>\n\t<meta name=\"twitter:label2\" content=\"Est. tempo de leitura\" \/>\n\t<meta name=\"twitter:data2\" content=\"7 minutos\" \/>\n<script type=\"application\/ld+json\" class=\"yoast-schema-graph\">{\"@context\":\"https:\/\/schema.org\",\"@graph\":[{\"@type\":\"Article\",\"@id\":\"https:\/\/www.codental.com.br\/blog\/sindrome-de-down-e-odontologia-cuidados-desafios-e-tratamentos-odontologicos-essenciais\/#article\",\"isPartOf\":{\"@id\":\"https:\/\/www.codental.com.br\/blog\/sindrome-de-down-e-odontologia-cuidados-desafios-e-tratamentos-odontologicos-essenciais\/\"},\"author\":{\"name\":\"Juliana Costa\",\"@id\":\"https:\/\/www.codental.com.br\/blog\/#\/schema\/person\/5d75a676c9e6f6bbbe61623d4d068ad7\"},\"headline\":\"S\u00edndrome de Down e Odontologia: cuidados, desafios e tratamentos odontol\u00f3gicos essenciais\",\"datePublished\":\"2025-05-23T21:00:00+00:00\",\"mainEntityOfPage\":{\"@id\":\"https:\/\/www.codental.com.br\/blog\/sindrome-de-down-e-odontologia-cuidados-desafios-e-tratamentos-odontologicos-essenciais\/\"},\"wordCount\":1423,\"publisher\":{\"@id\":\"https:\/\/www.codental.com.br\/blog\/#organization\"},\"image\":{\"@id\":\"https:\/\/www.codental.com.br\/blog\/sindrome-de-down-e-odontologia-cuidados-desafios-e-tratamentos-odontologicos-essenciais\/#primaryimage\"},\"thumbnailUrl\":\"https:\/\/www.codental.com.br\/blog\/wp-content\/uploads\/2025\/05\/Sindrome-de-Down-e-Odontologia.jpeg\",\"keywords\":[\"Consult\u00f3rio Odontol\u00f3gico\"],\"articleSection\":[\"Tratamentos odontol\u00f3gicos\"],\"inLanguage\":\"pt-BR\"},{\"@type\":\"WebPage\",\"@id\":\"https:\/\/www.codental.com.br\/blog\/sindrome-de-down-e-odontologia-cuidados-desafios-e-tratamentos-odontologicos-essenciais\/\",\"url\":\"https:\/\/www.codental.com.br\/blog\/sindrome-de-down-e-odontologia-cuidados-desafios-e-tratamentos-odontologicos-essenciais\/\",\"name\":\"S\u00edndrome de Down e Odontologia: cuidados, desafios e tratamentos odontol\u00f3gicos essenciais\",\"isPartOf\":{\"@id\":\"https:\/\/www.codental.com.br\/blog\/#website\"},\"primaryImageOfPage\":{\"@id\":\"https:\/\/www.codental.com.br\/blog\/sindrome-de-down-e-odontologia-cuidados-desafios-e-tratamentos-odontologicos-essenciais\/#primaryimage\"},\"image\":{\"@id\":\"https:\/\/www.codental.com.br\/blog\/sindrome-de-down-e-odontologia-cuidados-desafios-e-tratamentos-odontologicos-essenciais\/#primaryimage\"},\"thumbnailUrl\":\"https:\/\/www.codental.com.br\/blog\/wp-content\/uploads\/2025\/05\/Sindrome-de-Down-e-Odontologia.jpeg\",\"datePublished\":\"2025-05-23T21:00:00+00:00\",\"description\":\"S\u00edndrome de Down e odontologia, \u00e9 tema importante para quem deseja trabalhar na \u00e1rea, j\u00e1 que exige abordagens cl\u00ednicas diferenciadas.\",\"breadcrumb\":{\"@id\":\"https:\/\/www.codental.com.br\/blog\/sindrome-de-down-e-odontologia-cuidados-desafios-e-tratamentos-odontologicos-essenciais\/#breadcrumb\"},\"inLanguage\":\"pt-BR\",\"potentialAction\":[{\"@type\":\"ReadAction\",\"target\":[\"https:\/\/www.codental.com.br\/blog\/sindrome-de-down-e-odontologia-cuidados-desafios-e-tratamentos-odontologicos-essenciais\/\"]}]},{\"@type\":\"ImageObject\",\"inLanguage\":\"pt-BR\",\"@id\":\"https:\/\/www.codental.com.br\/blog\/sindrome-de-down-e-odontologia-cuidados-desafios-e-tratamentos-odontologicos-essenciais\/#primaryimage\",\"url\":\"https:\/\/www.codental.com.br\/blog\/wp-content\/uploads\/2025\/05\/Sindrome-de-Down-e-Odontologia.jpeg\",\"contentUrl\":\"https:\/\/www.codental.com.br\/blog\/wp-content\/uploads\/2025\/05\/Sindrome-de-Down-e-Odontologia.jpeg\",\"width\":1280,\"height\":696,\"caption\":\"Sindrome de Down e Odontologia\"},{\"@type\":\"BreadcrumbList\",\"@id\":\"https:\/\/www.codental.com.br\/blog\/sindrome-de-down-e-odontologia-cuidados-desafios-e-tratamentos-odontologicos-essenciais\/#breadcrumb\",\"itemListElement\":[{\"@type\":\"ListItem\",\"position\":1,\"name\":\"In\u00edcio\",\"item\":\"https:\/\/www.codental.com.br\/blog\/\"},{\"@type\":\"ListItem\",\"position\":2,\"name\":\"S\u00edndrome de Down e Odontologia: cuidados, desafios e tratamentos odontol\u00f3gicos essenciais\"}]},{\"@type\":\"WebSite\",\"@id\":\"https:\/\/www.codental.com.br\/blog\/#website\",\"url\":\"https:\/\/www.codental.com.br\/blog\/\",\"name\":\"Codental Blog\",\"description\":\"Artigos e not\u00edcias sobre odontologia\",\"publisher\":{\"@id\":\"https:\/\/www.codental.com.br\/blog\/#organization\"},\"potentialAction\":[{\"@type\":\"SearchAction\",\"target\":{\"@type\":\"EntryPoint\",\"urlTemplate\":\"https:\/\/www.codental.com.br\/blog\/?s={search_term_string}\"},\"query-input\":{\"@type\":\"PropertyValueSpecification\",\"valueRequired\":true,\"valueName\":\"search_term_string\"}}],\"inLanguage\":\"pt-BR\"},{\"@type\":\"Organization\",\"@id\":\"https:\/\/www.codental.com.br\/blog\/#organization\",\"name\":\"Codental\",\"url\":\"https:\/\/codental.com.br\/\",\"logo\":{\"@type\":\"ImageObject\",\"inLanguage\":\"pt-BR\",\"@id\":\"https:\/\/www.codental.com.br\/blog\/#\/schema\/logo\/image\/\",\"url\":\"https:\/\/www.codental.com.br\/blog\/wp-content\/uploads\/2018\/10\/logo.png\",\"contentUrl\":\"https:\/\/www.codental.com.br\/blog\/wp-content\/uploads\/2018\/10\/logo.png\",\"width\":1200,\"height\":300,\"caption\":\"Codental\"},\"image\":{\"@id\":\"https:\/\/www.codental.com.br\/blog\/#\/schema\/logo\/image\/\"},\"sameAs\":[\"http:\/\/www.facebook.com\/codentalbr\",\"https:\/\/x.com\/CodentalBr\",\"https:\/\/www.instagram.com\/codentalbr\/\"]},{\"@type\":\"Person\",\"@id\":\"https:\/\/www.codental.com.br\/blog\/#\/schema\/person\/5d75a676c9e6f6bbbe61623d4d068ad7\",\"name\":\"Juliana Costa\",\"image\":{\"@type\":\"ImageObject\",\"inLanguage\":\"pt-BR\",\"@id\":\"https:\/\/www.codental.com.br\/blog\/wp-content\/uploads\/2022\/11\/WhatsApp-Image-2022-10-27-at-08.36.04-343x240.jpeg\",\"url\":\"https:\/\/www.codental.com.br\/blog\/wp-content\/uploads\/2022\/11\/WhatsApp-Image-2022-10-27-at-08.36.04-343x240.jpeg\",\"contentUrl\":\"https:\/\/www.codental.com.br\/blog\/wp-content\/uploads\/2022\/11\/WhatsApp-Image-2022-10-27-at-08.36.04-343x240.jpeg\",\"caption\":\"Juliana Costa\"},\"description\":\"Mineira, 28 anos. Redatora e revisora do blog do Codental. Estudante de nutri\u00e7\u00e3o, apaixonada por ci\u00eancia, arte, bons livros e chocolate. Casada e m\u00e3e de uma doce menininha, acredita que o melhor da vida \u00e9 poder compartilhar bons momentos entre amigos e fam\u00edlia!\",\"sameAs\":[\"https:\/\/www.instagram.com\/juliana_costa\/\"],\"url\":\"https:\/\/www.codental.com.br\/blog\/author\/juliana\/\"}]}<\/script>\n<!-- \/ Yoast SEO plugin. -->","yoast_head_json":{"title":"S\u00edndrome de Down e Odontologia: cuidados, desafios e tratamentos odontol\u00f3gicos essenciais","description":"S\u00edndrome de Down e odontologia, \u00e9 tema importante para quem deseja trabalhar na \u00e1rea, j\u00e1 que exige abordagens cl\u00ednicas diferenciadas.","robots":{"index":"index","follow":"follow","max-snippet":"max-snippet:-1","max-image-preview":"max-image-preview:large","max-video-preview":"max-video-preview:-1"},"canonical":"https:\/\/www.codental.com.br\/blog\/sindrome-de-down-e-odontologia-cuidados-desafios-e-tratamentos-odontologicos-essenciais\/","og_locale":"pt_BR","og_type":"article","og_title":"S\u00edndrome de Down e Odontologia: cuidados, desafios e tratamentos odontol\u00f3gicos essenciais","og_description":"S\u00edndrome de Down e odontologia, \u00e9 tema importante para quem deseja trabalhar na \u00e1rea, j\u00e1 que exige abordagens cl\u00ednicas diferenciadas.","og_url":"https:\/\/www.codental.com.br\/blog\/sindrome-de-down-e-odontologia-cuidados-desafios-e-tratamentos-odontologicos-essenciais\/","og_site_name":"Codental Blog","article_publisher":"http:\/\/www.facebook.com\/codentalbr","article_published_time":"2025-05-23T21:00:00+00:00","og_image":[{"width":1280,"height":696,"url":"https:\/\/www.codental.com.br\/blog\/wp-content\/uploads\/2025\/05\/Sindrome-de-Down-e-Odontologia.jpeg","type":"image\/jpeg"}],"author":"Juliana Costa","twitter_card":"summary_large_image","twitter_creator":"@CodentalBr","twitter_site":"@CodentalBr","twitter_misc":{"Escrito por":"Juliana Costa","Est. tempo de leitura":"7 minutos"},"schema":{"@context":"https:\/\/schema.org","@graph":[{"@type":"Article","@id":"https:\/\/www.codental.com.br\/blog\/sindrome-de-down-e-odontologia-cuidados-desafios-e-tratamentos-odontologicos-essenciais\/#article","isPartOf":{"@id":"https:\/\/www.codental.com.br\/blog\/sindrome-de-down-e-odontologia-cuidados-desafios-e-tratamentos-odontologicos-essenciais\/"},"author":{"name":"Juliana Costa","@id":"https:\/\/www.codental.com.br\/blog\/#\/schema\/person\/5d75a676c9e6f6bbbe61623d4d068ad7"},"headline":"S\u00edndrome de Down e Odontologia: cuidados, desafios e tratamentos odontol\u00f3gicos essenciais","datePublished":"2025-05-23T21:00:00+00:00","mainEntityOfPage":{"@id":"https:\/\/www.codental.com.br\/blog\/sindrome-de-down-e-odontologia-cuidados-desafios-e-tratamentos-odontologicos-essenciais\/"},"wordCount":1423,"publisher":{"@id":"https:\/\/www.codental.com.br\/blog\/#organization"},"image":{"@id":"https:\/\/www.codental.com.br\/blog\/sindrome-de-down-e-odontologia-cuidados-desafios-e-tratamentos-odontologicos-essenciais\/#primaryimage"},"thumbnailUrl":"https:\/\/www.codental.com.br\/blog\/wp-content\/uploads\/2025\/05\/Sindrome-de-Down-e-Odontologia.jpeg","keywords":["Consult\u00f3rio Odontol\u00f3gico"],"articleSection":["Tratamentos odontol\u00f3gicos"],"inLanguage":"pt-BR"},{"@type":"WebPage","@id":"https:\/\/www.codental.com.br\/blog\/sindrome-de-down-e-odontologia-cuidados-desafios-e-tratamentos-odontologicos-essenciais\/","url":"https:\/\/www.codental.com.br\/blog\/sindrome-de-down-e-odontologia-cuidados-desafios-e-tratamentos-odontologicos-essenciais\/","name":"S\u00edndrome de Down e Odontologia: cuidados, desafios e tratamentos odontol\u00f3gicos essenciais","isPartOf":{"@id":"https:\/\/www.codental.com.br\/blog\/#website"},"primaryImageOfPage":{"@id":"https:\/\/www.codental.com.br\/blog\/sindrome-de-down-e-odontologia-cuidados-desafios-e-tratamentos-odontologicos-essenciais\/#primaryimage"},"image":{"@id":"https:\/\/www.codental.com.br\/blog\/sindrome-de-down-e-odontologia-cuidados-desafios-e-tratamentos-odontologicos-essenciais\/#primaryimage"},"thumbnailUrl":"https:\/\/www.codental.com.br\/blog\/wp-content\/uploads\/2025\/05\/Sindrome-de-Down-e-Odontologia.jpeg","datePublished":"2025-05-23T21:00:00+00:00","description":"S\u00edndrome de Down e odontologia, \u00e9 tema importante para quem deseja trabalhar na \u00e1rea, j\u00e1 que exige abordagens cl\u00ednicas diferenciadas.","breadcrumb":{"@id":"https:\/\/www.codental.com.br\/blog\/sindrome-de-down-e-odontologia-cuidados-desafios-e-tratamentos-odontologicos-essenciais\/#breadcrumb"},"inLanguage":"pt-BR","potentialAction":[{"@type":"ReadAction","target":["https:\/\/www.codental.com.br\/blog\/sindrome-de-down-e-odontologia-cuidados-desafios-e-tratamentos-odontologicos-essenciais\/"]}]},{"@type":"ImageObject","inLanguage":"pt-BR","@id":"https:\/\/www.codental.com.br\/blog\/sindrome-de-down-e-odontologia-cuidados-desafios-e-tratamentos-odontologicos-essenciais\/#primaryimage","url":"https:\/\/www.codental.com.br\/blog\/wp-content\/uploads\/2025\/05\/Sindrome-de-Down-e-Odontologia.jpeg","contentUrl":"https:\/\/www.codental.com.br\/blog\/wp-content\/uploads\/2025\/05\/Sindrome-de-Down-e-Odontologia.jpeg","width":1280,"height":696,"caption":"Sindrome de Down e Odontologia"},{"@type":"BreadcrumbList","@id":"https:\/\/www.codental.com.br\/blog\/sindrome-de-down-e-odontologia-cuidados-desafios-e-tratamentos-odontologicos-essenciais\/#breadcrumb","itemListElement":[{"@type":"ListItem","position":1,"name":"In\u00edcio","item":"https:\/\/www.codental.com.br\/blog\/"},{"@type":"ListItem","position":2,"name":"S\u00edndrome de Down e Odontologia: cuidados, desafios e tratamentos odontol\u00f3gicos essenciais"}]},{"@type":"WebSite","@id":"https:\/\/www.codental.com.br\/blog\/#website","url":"https:\/\/www.codental.com.br\/blog\/","name":"Codental Blog","description":"Artigos e not\u00edcias sobre odontologia","publisher":{"@id":"https:\/\/www.codental.com.br\/blog\/#organization"},"potentialAction":[{"@type":"SearchAction","target":{"@type":"EntryPoint","urlTemplate":"https:\/\/www.codental.com.br\/blog\/?s={search_term_string}"},"query-input":{"@type":"PropertyValueSpecification","valueRequired":true,"valueName":"search_term_string"}}],"inLanguage":"pt-BR"},{"@type":"Organization","@id":"https:\/\/www.codental.com.br\/blog\/#organization","name":"Codental","url":"https:\/\/codental.com.br\/","logo":{"@type":"ImageObject","inLanguage":"pt-BR","@id":"https:\/\/www.codental.com.br\/blog\/#\/schema\/logo\/image\/","url":"https:\/\/www.codental.com.br\/blog\/wp-content\/uploads\/2018\/10\/logo.png","contentUrl":"https:\/\/www.codental.com.br\/blog\/wp-content\/uploads\/2018\/10\/logo.png","width":1200,"height":300,"caption":"Codental"},"image":{"@id":"https:\/\/www.codental.com.br\/blog\/#\/schema\/logo\/image\/"},"sameAs":["http:\/\/www.facebook.com\/codentalbr","https:\/\/x.com\/CodentalBr","https:\/\/www.instagram.com\/codentalbr\/"]},{"@type":"Person","@id":"https:\/\/www.codental.com.br\/blog\/#\/schema\/person\/5d75a676c9e6f6bbbe61623d4d068ad7","name":"Juliana Costa","image":{"@type":"ImageObject","inLanguage":"pt-BR","@id":"https:\/\/www.codental.com.br\/blog\/wp-content\/uploads\/2022\/11\/WhatsApp-Image-2022-10-27-at-08.36.04-343x240.jpeg","url":"https:\/\/www.codental.com.br\/blog\/wp-content\/uploads\/2022\/11\/WhatsApp-Image-2022-10-27-at-08.36.04-343x240.jpeg","contentUrl":"https:\/\/www.codental.com.br\/blog\/wp-content\/uploads\/2022\/11\/WhatsApp-Image-2022-10-27-at-08.36.04-343x240.jpeg","caption":"Juliana Costa"},"description":"Mineira, 28 anos. Redatora e revisora do blog do Codental. Estudante de nutri\u00e7\u00e3o, apaixonada por ci\u00eancia, arte, bons livros e chocolate. Casada e m\u00e3e de uma doce menininha, acredita que o melhor da vida \u00e9 poder compartilhar bons momentos entre amigos e fam\u00edlia!","sameAs":["https:\/\/www.instagram.com\/juliana_costa\/"],"url":"https:\/\/www.codental.com.br\/blog\/author\/juliana\/"}]}},"_links":{"self":[{"href":"https:\/\/www.codental.com.br\/blog\/wp-json\/wp\/v2\/posts\/6433","targetHints":{"allow":["GET"]}}],"collection":[{"href":"https:\/\/www.codental.com.br\/blog\/wp-json\/wp\/v2\/posts"}],"about":[{"href":"https:\/\/www.codental.com.br\/blog\/wp-json\/wp\/v2\/types\/post"}],"author":[{"embeddable":true,"href":"https:\/\/www.codental.com.br\/blog\/wp-json\/wp\/v2\/users\/16"}],"replies":[{"embeddable":true,"href":"https:\/\/www.codental.com.br\/blog\/wp-json\/wp\/v2\/comments?post=6433"}],"version-history":[{"count":2,"href":"https:\/\/www.codental.com.br\/blog\/wp-json\/wp\/v2\/posts\/6433\/revisions"}],"predecessor-version":[{"id":6436,"href":"https:\/\/www.codental.com.br\/blog\/wp-json\/wp\/v2\/posts\/6433\/revisions\/6436"}],"wp:featuredmedia":[{"embeddable":true,"href":"https:\/\/www.codental.com.br\/blog\/wp-json\/wp\/v2\/media\/6434"}],"wp:attachment":[{"href":"https:\/\/www.codental.com.br\/blog\/wp-json\/wp\/v2\/media?parent=6433"}],"wp:term":[{"taxonomy":"category","embeddable":true,"href":"https:\/\/www.codental.com.br\/blog\/wp-json\/wp\/v2\/categories?post=6433"},{"taxonomy":"post_tag","embeddable":true,"href":"https:\/\/www.codental.com.br\/blog\/wp-json\/wp\/v2\/tags?post=6433"}],"curies":[{"name":"wp","href":"https:\/\/api.w.org\/{rel}","templated":true}]}}