{"id":6333,"date":"2025-04-16T18:00:00","date_gmt":"2025-04-16T21:00:00","guid":{"rendered":"https:\/\/www.codental.com.br\/blog\/?p=6333"},"modified":"2025-04-16T17:25:48","modified_gmt":"2025-04-16T20:25:48","slug":"peeling-de-fenol-o-que-todo-profissional-da-estetica-deve-saber","status":"publish","type":"post","link":"https:\/\/www.codental.com.br\/blog\/peeling-de-fenol-o-que-todo-profissional-da-estetica-deve-saber\/","title":{"rendered":"Peeling de fenol: o que todo profissional da est\u00e9tica deve saber"},"content":{"rendered":"\n<p>Nos \u00faltimos meses, o <strong>peeling de fenol<\/strong> voltou a ser assunto em diversos canais da m\u00eddia e tamb\u00e9m nos bastidores de cl\u00ednicas est\u00e9ticas e consult\u00f3rios dermatol\u00f3gicos. O procedimento, conhecido pelo seu poder de rejuvenescimento profundo da pele, desperta curiosidade, entusiasmo e tamb\u00e9m muitas d\u00favidas. Afinal, o que \u00e9 exatamente o peeling de fenol? Quem pode \u2014 ou n\u00e3o \u2014 realiz\u00e1-lo? Quais s\u00e3o os riscos, e o que dizem os \u00f3rg\u00e3os reguladores sobre essa t\u00e9cnica?<\/p>\n\n\n\n<p>Neste artigo, vamos conversar sobre tudo isso. Com uma linguagem objetiva, humanizada e voltada a profissionais da sa\u00fade e da est\u00e9tica, reunimos informa\u00e7\u00f5es confi\u00e1veis e atualizadas para esclarecer de vez os pontos mais relevantes sobre o tema.<\/p>\n\n\n\n<h2 class=\"wp-block-heading\"><strong>O que \u00e9 o peeling de fenol?<\/strong><\/h2>\n\n\n\n<p>O peeling de fenol \u00e9 um tipo de peeling qu\u00edmico profundo, indicado principalmente para o tratamento de rugas acentuadas, cicatrizes severas de acne, flacidez e manchas profundas. Vale ressaltar que o seu agente principal, o fenol, \u00e9 uma daquelas subst\u00e2ncias que tem forte a\u00e7\u00e3o c\u00e1ustica e esfoliante. Por isso, ela promove uma renova\u00e7\u00e3o intensa das camadas da pele.<\/p>\n\n\n\n<p>Ao ser aplicado, o fenol atinge at\u00e9 a derme reticular, promovendo uma descama\u00e7\u00e3o significativa e, em contrapartida, estimulando a produ\u00e7\u00e3o de col\u00e1geno e a regenera\u00e7\u00e3o dos tecidos. O resultado \u00e9 uma pele mais firme, lisa e rejuvenescida. Por isso, ele \u00e9 considerado um dos peelings mais potentes dispon\u00edveis na est\u00e9tica m\u00e9dica.<\/p>\n\n\n\n<h2 class=\"wp-block-heading\"><strong>Quanto tempo leva para o peeling de fenol fazer efeito?<\/strong><\/h2>\n\n\n\n<p>Os primeiros efeitos vis\u00edveis do peeling de fenol costumam surgir entre duas e tr\u00eas semanas ap\u00f3s o procedimento. Nesse per\u00edodo, a pele ainda passa por uma fase intensa de descama\u00e7\u00e3o, vermelhid\u00e3o e sensibilidade.<\/p>\n\n\n\n<p>Digamos que o resultado que mais se nota, tendo uma melhora da textura, al\u00e9m do clareamento das manchas e suaviza\u00e7\u00e3o das rugas, acaba aparecendo entre 60 e 90 dias ap\u00f3s o peeling. Mas vale destacar tamb\u00e9m que a recupera\u00e7\u00e3o completa pode levar at\u00e9 6 meses, e os resultados costumam ser duradouros \u2014 muitas vezes dispensando a necessidade de sess\u00f5es repetidas por v\u00e1rios anos.<\/p>\n\n\n\n<h2 class=\"wp-block-heading\"><strong>O que substitui o peeling de fenol?<\/strong><\/h2>\n\n\n\n<p>Existem alternativas, sim, ao peeling de fenol, sendo estes tratamentos menos agressivos que est\u00e3o sendo utilizados para rejuvenescer a pele de forma segura e eficaz. Esses tratamentos est\u00e3o sendo aplicados especialmente para pacientes que n\u00e3o podem ou n\u00e3o querem se submeter a um procedimento t\u00e3o intenso.<\/p>\n\n\n\n<p>Entre as op\u00e7\u00f5es, destacam-se:<\/p>\n\n\n\n<ul class=\"wp-block-list\">\n<li>Peelings qu\u00edmicos: como \u00e1cido tricloroac\u00e9tico (TCA) em concentra\u00e7\u00f5es moderadas;<\/li>\n\n\n\n<li>Laser de CO2 fracionado: eficaz para rugas e cicatrizes profundas;<\/li>\n\n\n\n<li><a href=\"https:\/\/www.codental.com.br\/blog\/microagulhamento-tudo-que-voce-precisa-saber-sobre\/?utm_source=blog&utm_medium=referral&utm_content=peeling-de-fenol-o-que-todo-profissional-da-estetica-deve-saber\">Microagulhamento<\/a> com drug delivery: promove renova\u00e7\u00e3o celular e melhora da firmeza;<\/li>\n\n\n\n<li>Bioestimuladores de col\u00e1geno injet\u00e1veis: como \u00e1cido polil\u00e1tico ou hidroxiapatita de c\u00e1lcio.<\/li>\n<\/ul>\n\n\n\n<p>Cada uma dessas t\u00e9cnicas tem suas indica\u00e7\u00f5es e contraindica\u00e7\u00f5es, e o mais importante \u00e9 sempre avaliar o perfil do paciente e os objetivos do tratamento.<\/p>\n\n\n\n<h2 class=\"wp-block-heading\"><strong>Quem n\u00e3o pode usar fenol?<\/strong><\/h2>\n\n\n\n<p>Devido \u00e0 sua a\u00e7\u00e3o profunda e potencial t\u00f3xico, o peeling de fenol n\u00e3o \u00e9 indicado para todos os pacientes. Alguns grupos precisam ser exclu\u00eddos por motivos de seguran\u00e7a:<\/p>\n\n\n\n<ul class=\"wp-block-list\">\n<li>Pessoas com doen\u00e7as card\u00edacas: o fenol pode ter efeitos cardiot\u00f3xicos, aumentando o risco de arritmias e outros problemas;<\/li>\n\n\n\n<li>Pacientes com pele muito escura (fototipos V e VI): maior risco de hiperpigmenta\u00e7\u00e3o ou despigmenta\u00e7\u00e3o permanente;<\/li>\n\n\n\n<li>Pessoas com hist\u00f3rico de cicatrizes hipertr\u00f3ficas ou queloides;<\/li>\n\n\n\n<li>Gestantes e lactantes;<\/li>\n\n\n\n<li>Pacientes com doen\u00e7as hep\u00e1ticas ou renais graves;<\/li>\n\n\n\n<li>Indiv\u00edduos com infec\u00e7\u00f5es ativas na pele ou herpes n\u00e3o controlado.<\/li>\n<\/ul>\n\n\n\n<p>A avalia\u00e7\u00e3o pr\u00e9via deve incluir hist\u00f3rico m\u00e9dico detalhado, exames laboratoriais (quando necess\u00e1rio) e assinatura de um termo de consentimento claro, detalhado e transparente.<\/p>\n\n\n\n<h2 class=\"wp-block-heading\"><strong>O peeling de fenol \u00e9 autorizado pela Anvisa?<\/strong><\/h2>\n\n\n\n<p>Essa \u00e9 uma d\u00favida frequente, especialmente ap\u00f3s a repercuss\u00e3o de casos recentes nas redes sociais. O que precisa ficar claro \u00e9: o fenol, enquanto subst\u00e2ncia, n\u00e3o est\u00e1 proibido pela Anvisa. No entanto, seu uso \u00e9 restrito a profissionais devidamente habilitados, como m\u00e9dicos dermatologistas ou cirurgi\u00f5es pl\u00e1sticos, devido ao seu potencial risco \u00e0 sa\u00fade.<\/p>\n\n\n\n<p>Portanto, o problema n\u00e3o est\u00e1 no produto em si, mas na forma e na m\u00e3o de quem o aplica. <strong>Cl\u00ednicas que oferecem o peeling de fenol sem supervis\u00e3o m\u00e9dica, sem preparo adequado ou com promessas milagrosas est\u00e3o, sim, em desacordo com as normas e podem responder legalmente por isso.<\/strong><\/p>\n\n\n\n<h2 class=\"wp-block-heading\"><strong>Por que o fenol foi considerado perigoso ou proibido em alguns contextos?<\/strong><\/h2>\n\n\n\n<p>A confus\u00e3o sobre a &#8220;proibi\u00e7\u00e3o&#8221; do peeling de fenol veio \u00e0 tona ap\u00f3s algumas cl\u00ednicas est\u00e9ticas realizarem o procedimento de forma indiscriminada, em ambientes n\u00e3o m\u00e9dicos e sem o devido controle.<\/p>\n\n\n\n<p>O fenol \u00e9 uma subst\u00e2ncia c\u00e1ustica, que quando absorvida em grandes quantidades pode afetar \u00f3rg\u00e3os como f\u00edgado, rins e cora\u00e7\u00e3o. Em concentra\u00e7\u00f5es elevadas, pode causar arritmias e at\u00e9 parada card\u00edaca. Por isso, o uso do fenol deve ser restrito a profissionais m\u00e9dicos, com monitoramento adequado durante e ap\u00f3s o procedimento.<\/p>\n\n\n\n<p>N\u00e3o se trata, portanto, de uma subst\u00e2ncia proibida, mas de um protocolo altamente delicado, que exige capacita\u00e7\u00e3o t\u00e9cnica, estrutura cl\u00ednica apropriada e crit\u00e9rios r\u00edgidos de seguran\u00e7a.<\/p>\n\n\n\n<h2 class=\"wp-block-heading\"><strong>O peeling de fenol d\u00f3i muito?<\/strong><\/h2>\n\n\n\n<p>Sim, o procedimento pode causar dor significativa durante e ap\u00f3s a aplica\u00e7\u00e3o. Por isso, o peeling de fenol geralmente \u00e9 realizado com anestesia local, seda\u00e7\u00e3o leve ou mesmo em centro cir\u00fargico, dependendo da extens\u00e3o da \u00e1rea tratada.<\/p>\n\n\n\n<p>Durante a aplica\u00e7\u00e3o, o paciente pode sentir uma sensa\u00e7\u00e3o intensa de ardor e calor. Nas primeiras semanas ap\u00f3s o procedimento, a pele fica extremamente sens\u00edvel, dolorida ao toque e com descama\u00e7\u00e3o intensa. O uso de analg\u00e9sicos e cuidados domiciliares rigorosos \u00e9 essencial nesse per\u00edodo.<\/p>\n\n\n\n<p>\u00c9 justamente por esse grau de agressividade que o fenol \u00e9 reservado a casos em que os benef\u00edcios realmente superem os riscos e desconfortos envolvidos.<\/p>\n\n\n\n<h2 class=\"wp-block-heading\"><strong>Peeling de fenol: riscos e cuidados<\/strong><\/h2>\n\n\n\n<p>Como todo procedimento est\u00e9tico profundo, o peeling de fenol envolve riscos. Mas, quando bem indicado, planejado e executado por um profissional habilitado, ele pode oferecer resultados impressionantes e duradouros.<\/p>\n\n\n\n<h3 class=\"wp-block-heading\"><strong>Principais riscos:<\/strong><\/h3>\n\n\n\n<ul class=\"wp-block-list\">\n<li>Queimaduras e necrose;<\/li>\n\n\n\n<li>Infec\u00e7\u00f5es bacterianas ou virais (especialmente herpes);<\/li>\n\n\n\n<li>Hiperpigmenta\u00e7\u00e3o ou despigmenta\u00e7\u00e3o permanente;<\/li>\n\n\n\n<li>Forma\u00e7\u00e3o de cicatrizes hipertr\u00f3ficas;<\/li>\n\n\n\n<li>Complica\u00e7\u00f5es sist\u00eamicas, como altera\u00e7\u00f5es card\u00edacas;<\/li>\n\n\n\n<li>Resultados est\u00e9ticos insatisfat\u00f3rios quando mal indicado.<\/li>\n<\/ul>\n\n\n\n<h3 class=\"wp-block-heading\"><strong>Cuidados essenciais:<\/strong><\/h3>\n\n\n\n<ul class=\"wp-block-list\">\n<li>Realizar avalia\u00e7\u00e3o cl\u00ednica completa e detalhada antes do procedimento;<\/li>\n\n\n\n<li>Fazer exames pr\u00e9vios, se necess\u00e1rio (como eletrocardiograma);<\/li>\n\n\n\n<li>Utilizar anestesia e monitoramento adequados;<\/li>\n\n\n\n<li>Garantir que o ambiente de aplica\u00e7\u00e3o seja seguro e bem equipado;<\/li>\n\n\n\n<li>Orientar o paciente sobre todos os cuidados p\u00f3s-procedimento: evitar sol, usar pomadas cicatrizantes, manter a hidrata\u00e7\u00e3o da pele e seguir \u00e0 risca o cronograma de retorno.<\/li>\n<\/ul>\n\n\n\n<h2 class=\"wp-block-heading\">Quando (e por que) considerar o peeling de fenol?<\/h2>\n\n\n\n<p>O peeling de fenol \u00e9, sem d\u00favida, um dos procedimentos mais potentes em termos de rejuvenescimento facial. Seus efeitos v\u00e3o muito al\u00e9m de uma simples descama\u00e7\u00e3o: tratam-se de transforma\u00e7\u00f5es profundas na estrutura e apar\u00eancia da pele.<\/p>\n\n\n\n<p>Por\u00e9m, tamanha pot\u00eancia exige responsabilidade. N\u00e3o se trata de um procedimento para todos os p\u00fablicos, nem deve ser vendido como \u201ctratamento milagroso\u201d. Requer preparo, conhecimento, estrutura adequada e clareza na comunica\u00e7\u00e3o com o paciente.<\/p>\n\n\n\n<p>Ent\u00e3o, se voc\u00ea \u00e9 um profissional da est\u00e9tica ou da sa\u00fade, o mais importante \u00e9 entender que o fenol \u00e9 uma ferramenta \u2014 e como toda ferramenta potente, precisa ter um uso com sabedoria. Conhe\u00e7a bem os riscos, respeite os protocolos e, se n\u00e3o for habilitado para aplic\u00e1-lo, saiba indicar alternativas eficazes e seguras.<\/p>\n\n\n\n<p>A est\u00e9tica facial avan\u00e7a, mas o cuidado com o paciente e a \u00e9tica na atua\u00e7\u00e3o precisam avan\u00e7ar junto. E o peeling de fenol, quando bem conduzido, pode sim ser um grande aliado nesse processo.<\/p>\n","protected":false},"excerpt":{"rendered":"<p>Nos \u00faltimos meses, o peeling de fenol voltou a ser assunto em diversos canais&#8230;<\/p>\n","protected":false},"author":36,"featured_media":6338,"comment_status":"closed","ping_status":"closed","sticky":false,"template":"","format":"standard","meta":{"_target_audience":"","footnotes":""},"categories":[89],"tags":[27,96],"class_list":["post-6333","post","type-post","status-publish","format-standard","has-post-thumbnail","hentry","category-procedimento-estetico","tag-odontologia-estetica","tag-procedimentos-esteticos"],"yoast_head":"<!-- This site is optimized with the Yoast SEO plugin v27.2 - https:\/\/yoast.com\/product\/yoast-seo-wordpress\/ -->\n<title>Peeling de fenol: o que todo profissional da est\u00e9tica deve saber<\/title>\n<meta name=\"description\" content=\"O peeling de fenol \u00e9 um tipo de peeling qu\u00edmico profundo, indicado para o tratamento de rugas acentuadas, cicatrizes severas, flacidez e manchas.\" \/>\n<meta name=\"robots\" content=\"index, follow, max-snippet:-1, max-image-preview:large, max-video-preview:-1\" \/>\n<link rel=\"canonical\" href=\"https:\/\/www.codental.com.br\/blog\/peeling-de-fenol-o-que-todo-profissional-da-estetica-deve-saber\/\" \/>\n<meta property=\"og:locale\" content=\"pt_BR\" \/>\n<meta property=\"og:type\" content=\"article\" \/>\n<meta property=\"og:title\" content=\"Peeling de fenol: o que todo profissional da est\u00e9tica deve saber\" \/>\n<meta property=\"og:description\" content=\"O peeling de fenol \u00e9 um tipo de peeling qu\u00edmico profundo, indicado para o tratamento de rugas acentuadas, cicatrizes severas, flacidez e manchas.\" \/>\n<meta property=\"og:url\" content=\"https:\/\/www.codental.com.br\/blog\/peeling-de-fenol-o-que-todo-profissional-da-estetica-deve-saber\/\" \/>\n<meta property=\"og:site_name\" content=\"Codental Blog\" \/>\n<meta property=\"article:publisher\" content=\"http:\/\/www.facebook.com\/codentalbr\" \/>\n<meta property=\"article:published_time\" content=\"2025-04-16T21:00:00+00:00\" \/>\n<meta property=\"og:image\" content=\"https:\/\/www.codental.com.br\/blog\/wp-content\/uploads\/2025\/04\/peeling-de-fenol.jpeg\" \/>\n\t<meta property=\"og:image:width\" content=\"1280\" \/>\n\t<meta property=\"og:image:height\" content=\"696\" \/>\n\t<meta property=\"og:image:type\" content=\"image\/jpeg\" \/>\n<meta name=\"author\" content=\"Anderson\" \/>\n<meta name=\"twitter:card\" content=\"summary_large_image\" \/>\n<meta name=\"twitter:creator\" content=\"@CodentalBr\" \/>\n<meta name=\"twitter:site\" content=\"@CodentalBr\" \/>\n<meta name=\"twitter:label1\" content=\"Escrito por\" \/>\n\t<meta name=\"twitter:data1\" content=\"Anderson\" \/>\n\t<meta name=\"twitter:label2\" content=\"Est. tempo de leitura\" \/>\n\t<meta name=\"twitter:data2\" content=\"7 minutos\" \/>\n<script type=\"application\/ld+json\" class=\"yoast-schema-graph\">{\"@context\":\"https:\/\/schema.org\",\"@graph\":[{\"@type\":\"Article\",\"@id\":\"https:\/\/www.codental.com.br\/blog\/peeling-de-fenol-o-que-todo-profissional-da-estetica-deve-saber\/#article\",\"isPartOf\":{\"@id\":\"https:\/\/www.codental.com.br\/blog\/peeling-de-fenol-o-que-todo-profissional-da-estetica-deve-saber\/\"},\"author\":{\"name\":\"Anderson\",\"@id\":\"https:\/\/www.codental.com.br\/blog\/#\/schema\/person\/803a0fe2a2cf88363dd1e3c14bf6b0c5\"},\"headline\":\"Peeling de fenol: o que todo profissional da est\u00e9tica deve saber\",\"datePublished\":\"2025-04-16T21:00:00+00:00\",\"mainEntityOfPage\":{\"@id\":\"https:\/\/www.codental.com.br\/blog\/peeling-de-fenol-o-que-todo-profissional-da-estetica-deve-saber\/\"},\"wordCount\":1362,\"publisher\":{\"@id\":\"https:\/\/www.codental.com.br\/blog\/#organization\"},\"image\":{\"@id\":\"https:\/\/www.codental.com.br\/blog\/peeling-de-fenol-o-que-todo-profissional-da-estetica-deve-saber\/#primaryimage\"},\"thumbnailUrl\":\"https:\/\/www.codental.com.br\/blog\/wp-content\/uploads\/2025\/04\/peeling-de-fenol.jpeg\",\"keywords\":[\"Odontologia Est\u00e9tica\",\"Procedimentos Est\u00e9ticos\"],\"articleSection\":[\"Procedimento Est\u00e9tico\"],\"inLanguage\":\"pt-BR\"},{\"@type\":\"WebPage\",\"@id\":\"https:\/\/www.codental.com.br\/blog\/peeling-de-fenol-o-que-todo-profissional-da-estetica-deve-saber\/\",\"url\":\"https:\/\/www.codental.com.br\/blog\/peeling-de-fenol-o-que-todo-profissional-da-estetica-deve-saber\/\",\"name\":\"Peeling de fenol: o que todo profissional da est\u00e9tica deve saber\",\"isPartOf\":{\"@id\":\"https:\/\/www.codental.com.br\/blog\/#website\"},\"primaryImageOfPage\":{\"@id\":\"https:\/\/www.codental.com.br\/blog\/peeling-de-fenol-o-que-todo-profissional-da-estetica-deve-saber\/#primaryimage\"},\"image\":{\"@id\":\"https:\/\/www.codental.com.br\/blog\/peeling-de-fenol-o-que-todo-profissional-da-estetica-deve-saber\/#primaryimage\"},\"thumbnailUrl\":\"https:\/\/www.codental.com.br\/blog\/wp-content\/uploads\/2025\/04\/peeling-de-fenol.jpeg\",\"datePublished\":\"2025-04-16T21:00:00+00:00\",\"description\":\"O peeling de fenol \u00e9 um tipo de peeling qu\u00edmico profundo, indicado para o tratamento de rugas acentuadas, cicatrizes severas, flacidez e manchas.\",\"breadcrumb\":{\"@id\":\"https:\/\/www.codental.com.br\/blog\/peeling-de-fenol-o-que-todo-profissional-da-estetica-deve-saber\/#breadcrumb\"},\"inLanguage\":\"pt-BR\",\"potentialAction\":[{\"@type\":\"ReadAction\",\"target\":[\"https:\/\/www.codental.com.br\/blog\/peeling-de-fenol-o-que-todo-profissional-da-estetica-deve-saber\/\"]}]},{\"@type\":\"ImageObject\",\"inLanguage\":\"pt-BR\",\"@id\":\"https:\/\/www.codental.com.br\/blog\/peeling-de-fenol-o-que-todo-profissional-da-estetica-deve-saber\/#primaryimage\",\"url\":\"https:\/\/www.codental.com.br\/blog\/wp-content\/uploads\/2025\/04\/peeling-de-fenol.jpeg\",\"contentUrl\":\"https:\/\/www.codental.com.br\/blog\/wp-content\/uploads\/2025\/04\/peeling-de-fenol.jpeg\",\"width\":1280,\"height\":696,\"caption\":\"peeling de fenol\"},{\"@type\":\"BreadcrumbList\",\"@id\":\"https:\/\/www.codental.com.br\/blog\/peeling-de-fenol-o-que-todo-profissional-da-estetica-deve-saber\/#breadcrumb\",\"itemListElement\":[{\"@type\":\"ListItem\",\"position\":1,\"name\":\"In\u00edcio\",\"item\":\"https:\/\/www.codental.com.br\/blog\/\"},{\"@type\":\"ListItem\",\"position\":2,\"name\":\"Peeling de fenol: o que todo profissional da est\u00e9tica deve saber\"}]},{\"@type\":\"WebSite\",\"@id\":\"https:\/\/www.codental.com.br\/blog\/#website\",\"url\":\"https:\/\/www.codental.com.br\/blog\/\",\"name\":\"Codental Blog\",\"description\":\"Artigos e not\u00edcias sobre odontologia\",\"publisher\":{\"@id\":\"https:\/\/www.codental.com.br\/blog\/#organization\"},\"potentialAction\":[{\"@type\":\"SearchAction\",\"target\":{\"@type\":\"EntryPoint\",\"urlTemplate\":\"https:\/\/www.codental.com.br\/blog\/?s={search_term_string}\"},\"query-input\":{\"@type\":\"PropertyValueSpecification\",\"valueRequired\":true,\"valueName\":\"search_term_string\"}}],\"inLanguage\":\"pt-BR\"},{\"@type\":\"Organization\",\"@id\":\"https:\/\/www.codental.com.br\/blog\/#organization\",\"name\":\"Codental\",\"url\":\"https:\/\/codental.com.br\/\",\"logo\":{\"@type\":\"ImageObject\",\"inLanguage\":\"pt-BR\",\"@id\":\"https:\/\/www.codental.com.br\/blog\/#\/schema\/logo\/image\/\",\"url\":\"https:\/\/www.codental.com.br\/blog\/wp-content\/uploads\/2018\/10\/logo.png\",\"contentUrl\":\"https:\/\/www.codental.com.br\/blog\/wp-content\/uploads\/2018\/10\/logo.png\",\"width\":1200,\"height\":300,\"caption\":\"Codental\"},\"image\":{\"@id\":\"https:\/\/www.codental.com.br\/blog\/#\/schema\/logo\/image\/\"},\"sameAs\":[\"http:\/\/www.facebook.com\/codentalbr\",\"https:\/\/x.com\/CodentalBr\",\"https:\/\/www.instagram.com\/codentalbr\/\"]},{\"@type\":\"Person\",\"@id\":\"https:\/\/www.codental.com.br\/blog\/#\/schema\/person\/803a0fe2a2cf88363dd1e3c14bf6b0c5\",\"name\":\"Anderson\",\"image\":{\"@type\":\"ImageObject\",\"inLanguage\":\"pt-BR\",\"@id\":\"https:\/\/secure.gravatar.com\/avatar\/48745b6f95a8825bc7289fb97ecc5016a8f15e516a377815adbc8f651f434ab5?s=96&d=wp_user_avatar&r=g\",\"url\":\"https:\/\/secure.gravatar.com\/avatar\/48745b6f95a8825bc7289fb97ecc5016a8f15e516a377815adbc8f651f434ab5?s=96&d=wp_user_avatar&r=g\",\"contentUrl\":\"https:\/\/secure.gravatar.com\/avatar\/48745b6f95a8825bc7289fb97ecc5016a8f15e516a377815adbc8f651f434ab5?s=96&d=wp_user_avatar&r=g\",\"caption\":\"Anderson\"},\"url\":\"https:\/\/www.codental.com.br\/blog\/author\/anderson\/\"}]}<\/script>\n<!-- \/ Yoast SEO plugin. -->","yoast_head_json":{"title":"Peeling de fenol: o que todo profissional da est\u00e9tica deve saber","description":"O peeling de fenol \u00e9 um tipo de peeling qu\u00edmico profundo, indicado para o tratamento de rugas acentuadas, cicatrizes severas, flacidez e manchas.","robots":{"index":"index","follow":"follow","max-snippet":"max-snippet:-1","max-image-preview":"max-image-preview:large","max-video-preview":"max-video-preview:-1"},"canonical":"https:\/\/www.codental.com.br\/blog\/peeling-de-fenol-o-que-todo-profissional-da-estetica-deve-saber\/","og_locale":"pt_BR","og_type":"article","og_title":"Peeling de fenol: o que todo profissional da est\u00e9tica deve saber","og_description":"O peeling de fenol \u00e9 um tipo de peeling qu\u00edmico profundo, indicado para o tratamento de rugas acentuadas, cicatrizes severas, flacidez e manchas.","og_url":"https:\/\/www.codental.com.br\/blog\/peeling-de-fenol-o-que-todo-profissional-da-estetica-deve-saber\/","og_site_name":"Codental Blog","article_publisher":"http:\/\/www.facebook.com\/codentalbr","article_published_time":"2025-04-16T21:00:00+00:00","og_image":[{"width":1280,"height":696,"url":"https:\/\/www.codental.com.br\/blog\/wp-content\/uploads\/2025\/04\/peeling-de-fenol.jpeg","type":"image\/jpeg"}],"author":"Anderson","twitter_card":"summary_large_image","twitter_creator":"@CodentalBr","twitter_site":"@CodentalBr","twitter_misc":{"Escrito por":"Anderson","Est. tempo de leitura":"7 minutos"},"schema":{"@context":"https:\/\/schema.org","@graph":[{"@type":"Article","@id":"https:\/\/www.codental.com.br\/blog\/peeling-de-fenol-o-que-todo-profissional-da-estetica-deve-saber\/#article","isPartOf":{"@id":"https:\/\/www.codental.com.br\/blog\/peeling-de-fenol-o-que-todo-profissional-da-estetica-deve-saber\/"},"author":{"name":"Anderson","@id":"https:\/\/www.codental.com.br\/blog\/#\/schema\/person\/803a0fe2a2cf88363dd1e3c14bf6b0c5"},"headline":"Peeling de fenol: o que todo profissional da est\u00e9tica deve saber","datePublished":"2025-04-16T21:00:00+00:00","mainEntityOfPage":{"@id":"https:\/\/www.codental.com.br\/blog\/peeling-de-fenol-o-que-todo-profissional-da-estetica-deve-saber\/"},"wordCount":1362,"publisher":{"@id":"https:\/\/www.codental.com.br\/blog\/#organization"},"image":{"@id":"https:\/\/www.codental.com.br\/blog\/peeling-de-fenol-o-que-todo-profissional-da-estetica-deve-saber\/#primaryimage"},"thumbnailUrl":"https:\/\/www.codental.com.br\/blog\/wp-content\/uploads\/2025\/04\/peeling-de-fenol.jpeg","keywords":["Odontologia Est\u00e9tica","Procedimentos Est\u00e9ticos"],"articleSection":["Procedimento Est\u00e9tico"],"inLanguage":"pt-BR"},{"@type":"WebPage","@id":"https:\/\/www.codental.com.br\/blog\/peeling-de-fenol-o-que-todo-profissional-da-estetica-deve-saber\/","url":"https:\/\/www.codental.com.br\/blog\/peeling-de-fenol-o-que-todo-profissional-da-estetica-deve-saber\/","name":"Peeling de fenol: o que todo profissional da est\u00e9tica deve saber","isPartOf":{"@id":"https:\/\/www.codental.com.br\/blog\/#website"},"primaryImageOfPage":{"@id":"https:\/\/www.codental.com.br\/blog\/peeling-de-fenol-o-que-todo-profissional-da-estetica-deve-saber\/#primaryimage"},"image":{"@id":"https:\/\/www.codental.com.br\/blog\/peeling-de-fenol-o-que-todo-profissional-da-estetica-deve-saber\/#primaryimage"},"thumbnailUrl":"https:\/\/www.codental.com.br\/blog\/wp-content\/uploads\/2025\/04\/peeling-de-fenol.jpeg","datePublished":"2025-04-16T21:00:00+00:00","description":"O peeling de fenol \u00e9 um tipo de peeling qu\u00edmico profundo, indicado para o tratamento de rugas acentuadas, cicatrizes severas, flacidez e manchas.","breadcrumb":{"@id":"https:\/\/www.codental.com.br\/blog\/peeling-de-fenol-o-que-todo-profissional-da-estetica-deve-saber\/#breadcrumb"},"inLanguage":"pt-BR","potentialAction":[{"@type":"ReadAction","target":["https:\/\/www.codental.com.br\/blog\/peeling-de-fenol-o-que-todo-profissional-da-estetica-deve-saber\/"]}]},{"@type":"ImageObject","inLanguage":"pt-BR","@id":"https:\/\/www.codental.com.br\/blog\/peeling-de-fenol-o-que-todo-profissional-da-estetica-deve-saber\/#primaryimage","url":"https:\/\/www.codental.com.br\/blog\/wp-content\/uploads\/2025\/04\/peeling-de-fenol.jpeg","contentUrl":"https:\/\/www.codental.com.br\/blog\/wp-content\/uploads\/2025\/04\/peeling-de-fenol.jpeg","width":1280,"height":696,"caption":"peeling de fenol"},{"@type":"BreadcrumbList","@id":"https:\/\/www.codental.com.br\/blog\/peeling-de-fenol-o-que-todo-profissional-da-estetica-deve-saber\/#breadcrumb","itemListElement":[{"@type":"ListItem","position":1,"name":"In\u00edcio","item":"https:\/\/www.codental.com.br\/blog\/"},{"@type":"ListItem","position":2,"name":"Peeling de fenol: o que todo profissional da est\u00e9tica deve saber"}]},{"@type":"WebSite","@id":"https:\/\/www.codental.com.br\/blog\/#website","url":"https:\/\/www.codental.com.br\/blog\/","name":"Codental Blog","description":"Artigos e not\u00edcias sobre odontologia","publisher":{"@id":"https:\/\/www.codental.com.br\/blog\/#organization"},"potentialAction":[{"@type":"SearchAction","target":{"@type":"EntryPoint","urlTemplate":"https:\/\/www.codental.com.br\/blog\/?s={search_term_string}"},"query-input":{"@type":"PropertyValueSpecification","valueRequired":true,"valueName":"search_term_string"}}],"inLanguage":"pt-BR"},{"@type":"Organization","@id":"https:\/\/www.codental.com.br\/blog\/#organization","name":"Codental","url":"https:\/\/codental.com.br\/","logo":{"@type":"ImageObject","inLanguage":"pt-BR","@id":"https:\/\/www.codental.com.br\/blog\/#\/schema\/logo\/image\/","url":"https:\/\/www.codental.com.br\/blog\/wp-content\/uploads\/2018\/10\/logo.png","contentUrl":"https:\/\/www.codental.com.br\/blog\/wp-content\/uploads\/2018\/10\/logo.png","width":1200,"height":300,"caption":"Codental"},"image":{"@id":"https:\/\/www.codental.com.br\/blog\/#\/schema\/logo\/image\/"},"sameAs":["http:\/\/www.facebook.com\/codentalbr","https:\/\/x.com\/CodentalBr","https:\/\/www.instagram.com\/codentalbr\/"]},{"@type":"Person","@id":"https:\/\/www.codental.com.br\/blog\/#\/schema\/person\/803a0fe2a2cf88363dd1e3c14bf6b0c5","name":"Anderson","image":{"@type":"ImageObject","inLanguage":"pt-BR","@id":"https:\/\/secure.gravatar.com\/avatar\/48745b6f95a8825bc7289fb97ecc5016a8f15e516a377815adbc8f651f434ab5?s=96&d=wp_user_avatar&r=g","url":"https:\/\/secure.gravatar.com\/avatar\/48745b6f95a8825bc7289fb97ecc5016a8f15e516a377815adbc8f651f434ab5?s=96&d=wp_user_avatar&r=g","contentUrl":"https:\/\/secure.gravatar.com\/avatar\/48745b6f95a8825bc7289fb97ecc5016a8f15e516a377815adbc8f651f434ab5?s=96&d=wp_user_avatar&r=g","caption":"Anderson"},"url":"https:\/\/www.codental.com.br\/blog\/author\/anderson\/"}]}},"_links":{"self":[{"href":"https:\/\/www.codental.com.br\/blog\/wp-json\/wp\/v2\/posts\/6333","targetHints":{"allow":["GET"]}}],"collection":[{"href":"https:\/\/www.codental.com.br\/blog\/wp-json\/wp\/v2\/posts"}],"about":[{"href":"https:\/\/www.codental.com.br\/blog\/wp-json\/wp\/v2\/types\/post"}],"author":[{"embeddable":true,"href":"https:\/\/www.codental.com.br\/blog\/wp-json\/wp\/v2\/users\/36"}],"replies":[{"embeddable":true,"href":"https:\/\/www.codental.com.br\/blog\/wp-json\/wp\/v2\/comments?post=6333"}],"version-history":[{"count":2,"href":"https:\/\/www.codental.com.br\/blog\/wp-json\/wp\/v2\/posts\/6333\/revisions"}],"predecessor-version":[{"id":6337,"href":"https:\/\/www.codental.com.br\/blog\/wp-json\/wp\/v2\/posts\/6333\/revisions\/6337"}],"wp:featuredmedia":[{"embeddable":true,"href":"https:\/\/www.codental.com.br\/blog\/wp-json\/wp\/v2\/media\/6338"}],"wp:attachment":[{"href":"https:\/\/www.codental.com.br\/blog\/wp-json\/wp\/v2\/media?parent=6333"}],"wp:term":[{"taxonomy":"category","embeddable":true,"href":"https:\/\/www.codental.com.br\/blog\/wp-json\/wp\/v2\/categories?post=6333"},{"taxonomy":"post_tag","embeddable":true,"href":"https:\/\/www.codental.com.br\/blog\/wp-json\/wp\/v2\/tags?post=6333"}],"curies":[{"name":"wp","href":"https:\/\/api.w.org\/{rel}","templated":true}]}}