{"id":6280,"date":"2025-03-26T18:00:00","date_gmt":"2025-03-26T21:00:00","guid":{"rendered":"https:\/\/www.codental.com.br\/blog\/?p=6280"},"modified":"2025-03-26T20:28:44","modified_gmt":"2025-03-26T23:28:44","slug":"lesoes-fundamentais-na-mucosa-oral-o-que-todo-dentista-precisa-saber","status":"publish","type":"post","link":"https:\/\/www.codental.com.br\/blog\/lesoes-fundamentais-na-mucosa-oral-o-que-todo-dentista-precisa-saber\/","title":{"rendered":"Les\u00f5es fundamentais na mucosa oral: o que todo dentista precisa saber"},"content":{"rendered":"\n<p>Nos consult\u00f3rios odontol\u00f3gicos, \u00e9 poss\u00edvel se deparar diariamente com uma situa\u00e7\u00e3o envolvendo inflama\u00e7\u00e3o na boca. E muitas vezes, nem sempre uma afta ou uma inflama\u00e7\u00e3o simples \u00e9 algo passageiro. S\u00e3o muitas \u00e0s vezes que o paciente chama de &#8220;machucadinho&#8221; no c\u00e9u da boca, ou que aparece na bochecha podem indicar as<strong> les\u00f5es fundamentais da mucosa oral.<\/strong><\/p>\n\n\n\n<p>Assim, entender o que \u00e9 e como identific\u00e1-las \u00e9 muito importante para o melhor diagn\u00f3stico para o paciente.<\/p>\n\n\n\n<p>Esse artigo do <strong>Codental<\/strong> tem um \u00fanico objetivo &#8211; abordar as les\u00f5es fundamentais na mucosa oral e seus desdobramentos nos casos cl\u00ednicos do dia a dia. Por exemplo, como classificar? Quais os principais tipos de inflama\u00e7\u00e3o? Vamos explorar e entender melhor esses e outros pontos.<\/p>\n\n\n\n<h2 class=\"wp-block-heading\"><strong>O que s\u00e3o les\u00f5es fundamentais?<\/strong><\/h2>\n\n\n\n<p>Antes de entrarmos nas classifica\u00e7\u00f5es espec\u00edficas, vale uma breve recapitula\u00e7\u00e3o: les\u00f5es fundamentais s\u00e3o altera\u00e7\u00f5es teciduais b\u00e1sicas, que servem como ponto de partida para o diagn\u00f3stico cl\u00ednico. Elas s\u00e3o chamadas de &#8220;fundamentais&#8221; justamente por serem a base na qual se apoiam diversas doen\u00e7as, tanto benignas quanto malignas.<\/p>\n\n\n\n<p>Ademais, na odontologia, entender essas les\u00f5es \u00e9 crucial para diferenciar uma condi\u00e7\u00e3o transit\u00f3ria de um problema mais s\u00e9rio. Por isso, durante o exame cl\u00ednico, o olhar atento do dentista \u00e9 o primeiro passo para um diagn\u00f3stico precoce e um tratamento assertivo.<\/p>\n\n\n\n<h2 class=\"wp-block-heading\"><strong>Quais s\u00e3o as les\u00f5es fundamentais da mucosa da boca?<\/strong><\/h2>\n\n\n\n<p>As les\u00f5es fundamentais da mucosa oral podem ser classificadas de acordo com crit\u00e9rios morfol\u00f3gicos, cl\u00ednicos e histol\u00f3gicos. A seguir, destacamos os principais tipos:<\/p>\n\n\n\n<ol class=\"wp-block-list\">\n<li><a href=\"https:\/\/www.codental.com.br\/blog\/macula-melanotica-tudo-que-voce-precisa-saber\/?utm_source=blog&utm_medium=referral&utm_content=lesoes-fundamentais-na-mucosa-oral-o-que-todo-dentista-precisa-saber\">M\u00e1cula<\/a><\/li>\n<\/ol>\n\n\n\n<p>\u00c9 uma altera\u00e7\u00e3o da cor da mucosa, sem eleva\u00e7\u00e3o ou depress\u00e3o. Pode ter origem vascular (como nas pet\u00e9quias), pigmentar (como nas manchas melan\u00f3ticas), entre outras.<\/p>\n\n\n\n<ol class=\"wp-block-list\" start=\"2\">\n<li>P\u00e1pula<\/li>\n<\/ol>\n\n\n\n<p>Les\u00e3o s\u00f3lida, geralmente menor que 5 mm, ligeiramente elevada. Pode ser decorrente de processos inflamat\u00f3rios ou hiperpl\u00e1sicos.<\/p>\n\n\n\n<ol class=\"wp-block-list\" start=\"3\">\n<li>Placa<\/li>\n<\/ol>\n\n\n\n<p>Les\u00e3o elevada com superf\u00edcie plana. \u00c9 comum em casos de leucoplasia ou l\u00edquen plano.<\/p>\n\n\n\n<ol class=\"wp-block-list\" start=\"4\">\n<li>N\u00f3dulo<\/li>\n<\/ol>\n\n\n\n<p>Les\u00e3o s\u00f3lida, geralmente maior que a p\u00e1pula, podendo ser submucosa. Pode representar desde fibromas at\u00e9 les\u00f5es neopl\u00e1sicas.<\/p>\n\n\n\n<ol class=\"wp-block-list\" start=\"5\">\n<li>Ves\u00edcula<\/li>\n<\/ol>\n\n\n\n<p>Bolha com conte\u00fado l\u00edquido, geralmente menor que 5 mm. Aparece em doen\u00e7as como herpes simples.<\/p>\n\n\n\n<ol class=\"wp-block-list\" start=\"6\">\n<li>Bolha<\/li>\n<\/ol>\n\n\n\n<p>Semelhante \u00e0 ves\u00edcula, por\u00e9m maior. Pode se romper e formar \u00falceras dolorosas.<\/p>\n\n\n\n<ol class=\"wp-block-list\" start=\"7\">\n<li>P\u00fastula<\/li>\n<\/ol>\n\n\n\n<p>Les\u00e3o com conte\u00fado purulento, geralmente associada a infec\u00e7\u00f5es bacterianas.<\/p>\n\n\n\n<ol class=\"wp-block-list\" start=\"8\">\n<li>\u00dalcera<\/li>\n<\/ol>\n\n\n\n<p>Perda da continuidade do epit\u00e9lio mucoso, geralmente dolorosa. Pode estar relacionada a traumas, infec\u00e7\u00f5es, ou condi\u00e7\u00f5es sist\u00eamicas.<\/p>\n\n\n\n<ol class=\"wp-block-list\" start=\"9\">\n<li>Eros\u00e3o<\/li>\n<\/ol>\n\n\n\n<p>Perda superficial do epit\u00e9lio, sem atingir a l\u00e2mina pr\u00f3pria. Em geral, \u00e9 menos dolorosa que a \u00falcera.<\/p>\n\n\n\n<ol class=\"wp-block-list\" start=\"10\">\n<li>Fissura ou R\u00e1gade<\/li>\n<\/ol>\n\n\n\n<p>S\u00e3o les\u00f5es lineares, normalmente dolorosas, que aparecem em \u00e1reas de dobras da mucosa, como nos l\u00e1bios.<\/p>\n\n\n\n<h2 class=\"wp-block-heading\"><strong>Classifica\u00e7\u00e3o das les\u00f5es fundamentais na odontologia<\/strong><\/h2>\n\n\n\n<p>Em odontologia, as les\u00f5es bucais s\u00e3o divididas entre:<\/p>\n\n\n\n<ul class=\"wp-block-list\">\n<li><strong>Les\u00f5es prim\u00e1rias: <\/strong>surgem de forma espont\u00e2nea ou como primeira manifesta\u00e7\u00e3o da doen\u00e7a (ex: m\u00e1culas, p\u00e1pulas, ves\u00edculas). <\/li>\n\n\n\n<li><strong>Les\u00f5es secund\u00e1rias:<\/strong> resultam da evolu\u00e7\u00e3o ou ruptura de les\u00f5es prim\u00e1rias (ex: \u00falceras, crostas, escamas).<\/li>\n<\/ul>\n\n\n\n<p>Essa classifica\u00e7\u00e3o, portanto, ajuda o dentista a entender a evolu\u00e7\u00e3o da les\u00e3o e, muitas vezes, j\u00e1 indica o caminho do diagn\u00f3stico.<\/p>\n\n\n\n<h2 class=\"wp-block-heading\"><strong>Quais s\u00e3o os tipos de les\u00f5es na boca?<\/strong><\/h2>\n\n\n\n<p>Al\u00e9m da classifica\u00e7\u00e3o fundamental, \u00e9 comum agrupar as les\u00f5es bucais conforme a causa:<\/p>\n\n\n\n<ul class=\"wp-block-list\">\n<li><strong>Traum\u00e1ticas:<\/strong> mordidas, queimaduras qu\u00edmicas ou t\u00e9rmicas, uso de pr\u00f3teses mal adaptadas.<\/li>\n\n\n\n<li><strong>Infecciosas:<\/strong> virais (herpes), bacterianas (abscessos), f\u00fangicas (candid\u00edase). <\/li>\n\n\n\n<li><strong>Inflamat\u00f3rias:<\/strong> aftas, l\u00edquen plano, rea\u00e7\u00f5es al\u00e9rgicas. <\/li>\n\n\n\n<li><strong>Neopl\u00e1sicas:<\/strong> tanto benignas (como papilomas) quanto malignas (como carcinoma espinocelular). Autoimunes: como o p\u00eanfigo vulgar e o l\u00fapus eritematoso.<\/li>\n<\/ul>\n\n\n\n<h2 class=\"wp-block-heading\"><strong>E na gengiva, quais s\u00e3o os tipos de les\u00f5es?<\/strong><\/h2>\n\n\n\n<p>A gengiva \u00e9 uma das \u00e1reas mais acometidas por les\u00f5es bucais. Entre os tipos mais comuns, podemos citar:<\/p>\n\n\n\n<ul class=\"wp-block-list\">\n<li><strong>Gengivite:<\/strong> inflama\u00e7\u00e3o superficial da gengiva, geralmente por ac\u00famulo de biofilme. <\/li>\n\n\n\n<li><strong>Hiperplasia gengival:<\/strong> aumento do volume gengival, que pode ter origem medicamentosa, hormonal ou inflamat\u00f3ria. <\/li>\n\n\n\n<li><strong>\u00dalceras traum\u00e1ticas:<\/strong> causadas por escova\u00e7\u00e3o excessiva ou alimentos duros. <\/li>\n\n\n\n<li><strong>Gengivite ulcerativa necrosante (GUN): <\/strong>condi\u00e7\u00e3o aguda e dolorosa, com sangramento e odor f\u00e9tido.<\/li>\n<\/ul>\n\n\n\n<h2 class=\"wp-block-heading\"><strong>Tipos de inflama\u00e7\u00e3o na boca: o que observar?<\/strong><\/h2>\n\n\n\n<p>Inflama\u00e7\u00f5es orais n\u00e3o s\u00e3o todas iguais. Elas variam em extens\u00e3o, causa e intensidade. A mucosite oral, por exemplo, \u00e9 uma das mais debilitantes, especialmente em pacientes submetidos \u00e0 quimioterapia ou radioterapia. Ela se manifesta como \u00e1reas avermelhadas, doloridas e, em casos mais severos, ulceradas.<\/p>\n\n\n\n<p>As estomatites, por outro lado, s\u00e3o inflama\u00e7\u00f5es generalizadas da mucosa oral. Podem ter origem infecciosa, al\u00e9rgica, traum\u00e1tica ou estar ligadas a defici\u00eancias nutricionais. As gengivites e periodontites, amplamente conhecidas, t\u00eam rela\u00e7\u00e3o direta com a presen\u00e7a de biofilme e falta de higiene bucal. E as queilites \u2014 inflama\u00e7\u00f5es nos l\u00e1bios \u2014 tamb\u00e9m s\u00e3o bastante comuns, podendo ser infecciosas, al\u00e9rgicas ou meteorol\u00f3gicas (ressecamento por frio ou calor excessivo).<\/p>\n\n\n\n<h2 class=\"wp-block-heading\"><strong>Doen\u00e7as que podem acometer a mucosa bucal<\/strong><\/h2>\n\n\n\n<p>Al\u00e9m das les\u00f5es inflamat\u00f3rias e infecciosas, a mucosa oral pode ser reflexo de doen\u00e7as sist\u00eamicas. Por isso, a<a href=\"https:\/\/www.codental.com.br\/blog\/anamnese-odontologica-6-principais-pontos\/?utm_source=blog&utm_medium=referral&utm_content=lesoes-fundamentais-na-mucosa-oral-o-que-todo-dentista-precisa-saber\"> anamnese <\/a>detalhada \u00e9 fundamental.<\/p>\n\n\n\n<p>Doen\u00e7as como l\u00fapus, anemia, s\u00edfilis, HIV, tuberculose e at\u00e9 defici\u00eancias nutricionais (como falta de ferro, vitamina B12 ou \u00e1cido f\u00f3lico) podem se manifestar primeiro na cavidade oral.<\/p>\n\n\n\n<p>Outras condi\u00e7\u00f5es como l\u00edquen plano, leucoplasia, eritroplasia e candid\u00edase cr\u00f4nica tamb\u00e9m merecem aten\u00e7\u00e3o especial, pois algumas apresentam potencial de malignidade.<\/p>\n\n\n\n<h2 class=\"wp-block-heading\"><strong>Como tratar as les\u00f5es bucais?<\/strong><\/h2>\n\n\n\n<p>O tratamento das les\u00f5es fundamentais na mucosa oral vai depender da causa. Mas algumas diretrizes s\u00e3o comuns:<\/p>\n\n\n\n<ul class=\"wp-block-list\">\n<li><strong>Identifica\u00e7\u00e3o correta:<\/strong> um bom exame cl\u00ednico, associado \u00e0 hist\u00f3ria do paciente, \u00e9 o primeiro passo. <\/li>\n\n\n\n<li><strong>Controle de fatores locais:<\/strong> remover trauma, ajustar pr\u00f3tese, orientar escova\u00e7\u00e3o. <\/li>\n\n\n\n<li><strong>Medica\u00e7\u00e3o t\u00f3pica ou sist\u00eamica:<\/strong> dependendo da les\u00e3o, analg\u00e9sicos, antif\u00fangicos, antivirais ou corticoides podem ser prescritos. <\/li>\n\n\n\n<li><strong>Encaminhamento:<\/strong> em casos de les\u00f5es suspeitas ou persistentes, a bi\u00f3psia \u00e9 indispens\u00e1vel.<\/li>\n<\/ul>\n\n\n\n<p>O dentista, ent\u00e3o, deve sempre orientar seu paciente quanto \u00e0 import\u00e2ncia do acompanhamento. Les\u00f5es que persistem por mais de 15 dias sem melhora devem ser avaliadas com rigor.<\/p>\n\n\n\n<h2 class=\"wp-block-heading\"><strong>O que podemos concluir sobre as les\u00f5es fundamentais na mucosa oral?<\/strong><\/h2>\n\n\n\n<p>As les\u00f5es fundamentais na mucosa oral, dessa forma, fazem parte do dia a dia do dentista, mas n\u00e3o devem ser subestimadas. Portanto, reconhecer os diferentes tipos, entender suas classifica\u00e7\u00f5es e estar atento \u00e0s poss\u00edveis causas sist\u00eamicas \u00e9 o que diferencia uma abordagem superficial de um atendimento realmente resolutivo.<\/p>\n\n\n\n<p>Al\u00e9m disso, manter-se atualizado sobre o tema \u00e9 essencial para oferecer um cuidado completo e evitar complica\u00e7\u00f5es. Afinal, como profissionais da sa\u00fade bucal, temos um papel fundamental na detec\u00e7\u00e3o precoce de in\u00fameras doen\u00e7as.<\/p>\n\n\n\n<p>Continue acompanhando o <strong><a href=\"https:\/\/www.codental.com.br\/?utm_term=logo&amp;utm_device=utm_device_replace&amp;utm_source=blog_codental&amp;utm_campaign=blog_codental?utm_source=blog&utm_medium=referral&utm_content=lesoes-fundamentais-na-mucosa-oral-o-que-todo-dentista-precisa-saber\">blog do Codental<\/a> <\/strong>para mais conte\u00fados como este \u2014 sempre pensados para a realidade de quem vive o consult\u00f3rio todos os dias.<\/p>\n","protected":false},"excerpt":{"rendered":"<p>Nos consult\u00f3rios odontol\u00f3gicos, \u00e9 poss\u00edvel se deparar diariamente com uma situa\u00e7\u00e3o envolvendo inflama\u00e7\u00e3o na&#8230;<\/p>\n","protected":false},"author":36,"featured_media":6286,"comment_status":"closed","ping_status":"closed","sticky":false,"template":"","format":"standard","meta":{"_target_audience":"","footnotes":""},"categories":[247],"tags":[444],"class_list":["post-6280","post","type-post","status-publish","format-standard","has-post-thumbnail","hentry","category-doencas-odontologicas","tag-doencas-odontologicas"],"yoast_head":"<!-- This site is optimized with the Yoast SEO plugin v27.2 - https:\/\/yoast.com\/product\/yoast-seo-wordpress\/ -->\n<title>Les\u00f5es fundamentais na mucosa oral: o que todo dentista precisa saber<\/title>\n<meta name=\"description\" content=\"As les\u00f5es fundamentais da mucosa oral podem ser classificadas de acordo com crit\u00e9rios morfol\u00f3gicos. Venha conhecer todos eles!\" \/>\n<meta name=\"robots\" content=\"index, follow, max-snippet:-1, max-image-preview:large, max-video-preview:-1\" \/>\n<link rel=\"canonical\" href=\"https:\/\/www.codental.com.br\/blog\/lesoes-fundamentais-na-mucosa-oral-o-que-todo-dentista-precisa-saber\/\" \/>\n<meta property=\"og:locale\" content=\"pt_BR\" \/>\n<meta property=\"og:type\" content=\"article\" \/>\n<meta property=\"og:title\" content=\"Les\u00f5es fundamentais na mucosa oral: o que todo dentista precisa saber\" \/>\n<meta property=\"og:description\" content=\"As les\u00f5es fundamentais da mucosa oral podem ser classificadas de acordo com crit\u00e9rios morfol\u00f3gicos. Venha conhecer todos eles!\" \/>\n<meta property=\"og:url\" content=\"https:\/\/www.codental.com.br\/blog\/lesoes-fundamentais-na-mucosa-oral-o-que-todo-dentista-precisa-saber\/\" \/>\n<meta property=\"og:site_name\" content=\"Codental Blog\" \/>\n<meta property=\"article:publisher\" content=\"http:\/\/www.facebook.com\/codentalbr\" \/>\n<meta property=\"article:published_time\" content=\"2025-03-26T21:00:00+00:00\" \/>\n<meta property=\"article:modified_time\" content=\"2025-03-26T23:28:44+00:00\" \/>\n<meta property=\"og:image\" content=\"https:\/\/www.codental.com.br\/blog\/wp-content\/uploads\/2025\/03\/Lesoes-fundamentais-da-mucosa.jpeg\" \/>\n\t<meta property=\"og:image:width\" content=\"1280\" \/>\n\t<meta property=\"og:image:height\" content=\"696\" \/>\n\t<meta property=\"og:image:type\" content=\"image\/jpeg\" \/>\n<meta name=\"author\" content=\"Anderson\" \/>\n<meta name=\"twitter:card\" content=\"summary_large_image\" \/>\n<meta name=\"twitter:creator\" content=\"@CodentalBr\" \/>\n<meta name=\"twitter:site\" content=\"@CodentalBr\" \/>\n<meta name=\"twitter:label1\" content=\"Escrito por\" \/>\n\t<meta name=\"twitter:data1\" content=\"Anderson\" \/>\n\t<meta name=\"twitter:label2\" content=\"Est. tempo de leitura\" \/>\n\t<meta name=\"twitter:data2\" content=\"6 minutos\" \/>\n<script type=\"application\/ld+json\" class=\"yoast-schema-graph\">{\"@context\":\"https:\/\/schema.org\",\"@graph\":[{\"@type\":\"Article\",\"@id\":\"https:\/\/www.codental.com.br\/blog\/lesoes-fundamentais-na-mucosa-oral-o-que-todo-dentista-precisa-saber\/#article\",\"isPartOf\":{\"@id\":\"https:\/\/www.codental.com.br\/blog\/lesoes-fundamentais-na-mucosa-oral-o-que-todo-dentista-precisa-saber\/\"},\"author\":{\"name\":\"Anderson\",\"@id\":\"https:\/\/www.codental.com.br\/blog\/#\/schema\/person\/803a0fe2a2cf88363dd1e3c14bf6b0c5\"},\"headline\":\"Les\u00f5es fundamentais na mucosa oral: o que todo dentista precisa saber\",\"datePublished\":\"2025-03-26T21:00:00+00:00\",\"dateModified\":\"2025-03-26T23:28:44+00:00\",\"mainEntityOfPage\":{\"@id\":\"https:\/\/www.codental.com.br\/blog\/lesoes-fundamentais-na-mucosa-oral-o-que-todo-dentista-precisa-saber\/\"},\"wordCount\":1215,\"publisher\":{\"@id\":\"https:\/\/www.codental.com.br\/blog\/#organization\"},\"image\":{\"@id\":\"https:\/\/www.codental.com.br\/blog\/lesoes-fundamentais-na-mucosa-oral-o-que-todo-dentista-precisa-saber\/#primaryimage\"},\"thumbnailUrl\":\"https:\/\/www.codental.com.br\/blog\/wp-content\/uploads\/2025\/03\/Lesoes-fundamentais-da-mucosa.jpeg\",\"keywords\":[\"Doen\u00e7as odontol\u00f3gicas\"],\"articleSection\":[\"Doen\u00e7as odontol\u00f3gicas\"],\"inLanguage\":\"pt-BR\"},{\"@type\":\"WebPage\",\"@id\":\"https:\/\/www.codental.com.br\/blog\/lesoes-fundamentais-na-mucosa-oral-o-que-todo-dentista-precisa-saber\/\",\"url\":\"https:\/\/www.codental.com.br\/blog\/lesoes-fundamentais-na-mucosa-oral-o-que-todo-dentista-precisa-saber\/\",\"name\":\"Les\u00f5es fundamentais na mucosa oral: o que todo dentista precisa saber\",\"isPartOf\":{\"@id\":\"https:\/\/www.codental.com.br\/blog\/#website\"},\"primaryImageOfPage\":{\"@id\":\"https:\/\/www.codental.com.br\/blog\/lesoes-fundamentais-na-mucosa-oral-o-que-todo-dentista-precisa-saber\/#primaryimage\"},\"image\":{\"@id\":\"https:\/\/www.codental.com.br\/blog\/lesoes-fundamentais-na-mucosa-oral-o-que-todo-dentista-precisa-saber\/#primaryimage\"},\"thumbnailUrl\":\"https:\/\/www.codental.com.br\/blog\/wp-content\/uploads\/2025\/03\/Lesoes-fundamentais-da-mucosa.jpeg\",\"datePublished\":\"2025-03-26T21:00:00+00:00\",\"dateModified\":\"2025-03-26T23:28:44+00:00\",\"description\":\"As les\u00f5es fundamentais da mucosa oral podem ser classificadas de acordo com crit\u00e9rios morfol\u00f3gicos. Venha conhecer todos eles!\",\"breadcrumb\":{\"@id\":\"https:\/\/www.codental.com.br\/blog\/lesoes-fundamentais-na-mucosa-oral-o-que-todo-dentista-precisa-saber\/#breadcrumb\"},\"inLanguage\":\"pt-BR\",\"potentialAction\":[{\"@type\":\"ReadAction\",\"target\":[\"https:\/\/www.codental.com.br\/blog\/lesoes-fundamentais-na-mucosa-oral-o-que-todo-dentista-precisa-saber\/\"]}]},{\"@type\":\"ImageObject\",\"inLanguage\":\"pt-BR\",\"@id\":\"https:\/\/www.codental.com.br\/blog\/lesoes-fundamentais-na-mucosa-oral-o-que-todo-dentista-precisa-saber\/#primaryimage\",\"url\":\"https:\/\/www.codental.com.br\/blog\/wp-content\/uploads\/2025\/03\/Lesoes-fundamentais-da-mucosa.jpeg\",\"contentUrl\":\"https:\/\/www.codental.com.br\/blog\/wp-content\/uploads\/2025\/03\/Lesoes-fundamentais-da-mucosa.jpeg\",\"width\":1280,\"height\":696,\"caption\":\"Les\u00f5es fundamentais da mucusa\"},{\"@type\":\"BreadcrumbList\",\"@id\":\"https:\/\/www.codental.com.br\/blog\/lesoes-fundamentais-na-mucosa-oral-o-que-todo-dentista-precisa-saber\/#breadcrumb\",\"itemListElement\":[{\"@type\":\"ListItem\",\"position\":1,\"name\":\"In\u00edcio\",\"item\":\"https:\/\/www.codental.com.br\/blog\/\"},{\"@type\":\"ListItem\",\"position\":2,\"name\":\"Les\u00f5es fundamentais na mucosa oral: o que todo dentista precisa saber\"}]},{\"@type\":\"WebSite\",\"@id\":\"https:\/\/www.codental.com.br\/blog\/#website\",\"url\":\"https:\/\/www.codental.com.br\/blog\/\",\"name\":\"Codental Blog\",\"description\":\"Artigos e not\u00edcias sobre odontologia\",\"publisher\":{\"@id\":\"https:\/\/www.codental.com.br\/blog\/#organization\"},\"potentialAction\":[{\"@type\":\"SearchAction\",\"target\":{\"@type\":\"EntryPoint\",\"urlTemplate\":\"https:\/\/www.codental.com.br\/blog\/?s={search_term_string}\"},\"query-input\":{\"@type\":\"PropertyValueSpecification\",\"valueRequired\":true,\"valueName\":\"search_term_string\"}}],\"inLanguage\":\"pt-BR\"},{\"@type\":\"Organization\",\"@id\":\"https:\/\/www.codental.com.br\/blog\/#organization\",\"name\":\"Codental\",\"url\":\"https:\/\/codental.com.br\/\",\"logo\":{\"@type\":\"ImageObject\",\"inLanguage\":\"pt-BR\",\"@id\":\"https:\/\/www.codental.com.br\/blog\/#\/schema\/logo\/image\/\",\"url\":\"https:\/\/www.codental.com.br\/blog\/wp-content\/uploads\/2018\/10\/logo.png\",\"contentUrl\":\"https:\/\/www.codental.com.br\/blog\/wp-content\/uploads\/2018\/10\/logo.png\",\"width\":1200,\"height\":300,\"caption\":\"Codental\"},\"image\":{\"@id\":\"https:\/\/www.codental.com.br\/blog\/#\/schema\/logo\/image\/\"},\"sameAs\":[\"http:\/\/www.facebook.com\/codentalbr\",\"https:\/\/x.com\/CodentalBr\",\"https:\/\/www.instagram.com\/codentalbr\/\"]},{\"@type\":\"Person\",\"@id\":\"https:\/\/www.codental.com.br\/blog\/#\/schema\/person\/803a0fe2a2cf88363dd1e3c14bf6b0c5\",\"name\":\"Anderson\",\"image\":{\"@type\":\"ImageObject\",\"inLanguage\":\"pt-BR\",\"@id\":\"https:\/\/secure.gravatar.com\/avatar\/48745b6f95a8825bc7289fb97ecc5016a8f15e516a377815adbc8f651f434ab5?s=96&d=wp_user_avatar&r=g\",\"url\":\"https:\/\/secure.gravatar.com\/avatar\/48745b6f95a8825bc7289fb97ecc5016a8f15e516a377815adbc8f651f434ab5?s=96&d=wp_user_avatar&r=g\",\"contentUrl\":\"https:\/\/secure.gravatar.com\/avatar\/48745b6f95a8825bc7289fb97ecc5016a8f15e516a377815adbc8f651f434ab5?s=96&d=wp_user_avatar&r=g\",\"caption\":\"Anderson\"},\"url\":\"https:\/\/www.codental.com.br\/blog\/author\/anderson\/\"}]}<\/script>\n<!-- \/ Yoast SEO plugin. -->","yoast_head_json":{"title":"Les\u00f5es fundamentais na mucosa oral: o que todo dentista precisa saber","description":"As les\u00f5es fundamentais da mucosa oral podem ser classificadas de acordo com crit\u00e9rios morfol\u00f3gicos. Venha conhecer todos eles!","robots":{"index":"index","follow":"follow","max-snippet":"max-snippet:-1","max-image-preview":"max-image-preview:large","max-video-preview":"max-video-preview:-1"},"canonical":"https:\/\/www.codental.com.br\/blog\/lesoes-fundamentais-na-mucosa-oral-o-que-todo-dentista-precisa-saber\/","og_locale":"pt_BR","og_type":"article","og_title":"Les\u00f5es fundamentais na mucosa oral: o que todo dentista precisa saber","og_description":"As les\u00f5es fundamentais da mucosa oral podem ser classificadas de acordo com crit\u00e9rios morfol\u00f3gicos. Venha conhecer todos eles!","og_url":"https:\/\/www.codental.com.br\/blog\/lesoes-fundamentais-na-mucosa-oral-o-que-todo-dentista-precisa-saber\/","og_site_name":"Codental Blog","article_publisher":"http:\/\/www.facebook.com\/codentalbr","article_published_time":"2025-03-26T21:00:00+00:00","article_modified_time":"2025-03-26T23:28:44+00:00","og_image":[{"width":1280,"height":696,"url":"https:\/\/www.codental.com.br\/blog\/wp-content\/uploads\/2025\/03\/Lesoes-fundamentais-da-mucosa.jpeg","type":"image\/jpeg"}],"author":"Anderson","twitter_card":"summary_large_image","twitter_creator":"@CodentalBr","twitter_site":"@CodentalBr","twitter_misc":{"Escrito por":"Anderson","Est. tempo de leitura":"6 minutos"},"schema":{"@context":"https:\/\/schema.org","@graph":[{"@type":"Article","@id":"https:\/\/www.codental.com.br\/blog\/lesoes-fundamentais-na-mucosa-oral-o-que-todo-dentista-precisa-saber\/#article","isPartOf":{"@id":"https:\/\/www.codental.com.br\/blog\/lesoes-fundamentais-na-mucosa-oral-o-que-todo-dentista-precisa-saber\/"},"author":{"name":"Anderson","@id":"https:\/\/www.codental.com.br\/blog\/#\/schema\/person\/803a0fe2a2cf88363dd1e3c14bf6b0c5"},"headline":"Les\u00f5es fundamentais na mucosa oral: o que todo dentista precisa saber","datePublished":"2025-03-26T21:00:00+00:00","dateModified":"2025-03-26T23:28:44+00:00","mainEntityOfPage":{"@id":"https:\/\/www.codental.com.br\/blog\/lesoes-fundamentais-na-mucosa-oral-o-que-todo-dentista-precisa-saber\/"},"wordCount":1215,"publisher":{"@id":"https:\/\/www.codental.com.br\/blog\/#organization"},"image":{"@id":"https:\/\/www.codental.com.br\/blog\/lesoes-fundamentais-na-mucosa-oral-o-que-todo-dentista-precisa-saber\/#primaryimage"},"thumbnailUrl":"https:\/\/www.codental.com.br\/blog\/wp-content\/uploads\/2025\/03\/Lesoes-fundamentais-da-mucosa.jpeg","keywords":["Doen\u00e7as odontol\u00f3gicas"],"articleSection":["Doen\u00e7as odontol\u00f3gicas"],"inLanguage":"pt-BR"},{"@type":"WebPage","@id":"https:\/\/www.codental.com.br\/blog\/lesoes-fundamentais-na-mucosa-oral-o-que-todo-dentista-precisa-saber\/","url":"https:\/\/www.codental.com.br\/blog\/lesoes-fundamentais-na-mucosa-oral-o-que-todo-dentista-precisa-saber\/","name":"Les\u00f5es fundamentais na mucosa oral: o que todo dentista precisa saber","isPartOf":{"@id":"https:\/\/www.codental.com.br\/blog\/#website"},"primaryImageOfPage":{"@id":"https:\/\/www.codental.com.br\/blog\/lesoes-fundamentais-na-mucosa-oral-o-que-todo-dentista-precisa-saber\/#primaryimage"},"image":{"@id":"https:\/\/www.codental.com.br\/blog\/lesoes-fundamentais-na-mucosa-oral-o-que-todo-dentista-precisa-saber\/#primaryimage"},"thumbnailUrl":"https:\/\/www.codental.com.br\/blog\/wp-content\/uploads\/2025\/03\/Lesoes-fundamentais-da-mucosa.jpeg","datePublished":"2025-03-26T21:00:00+00:00","dateModified":"2025-03-26T23:28:44+00:00","description":"As les\u00f5es fundamentais da mucosa oral podem ser classificadas de acordo com crit\u00e9rios morfol\u00f3gicos. Venha conhecer todos eles!","breadcrumb":{"@id":"https:\/\/www.codental.com.br\/blog\/lesoes-fundamentais-na-mucosa-oral-o-que-todo-dentista-precisa-saber\/#breadcrumb"},"inLanguage":"pt-BR","potentialAction":[{"@type":"ReadAction","target":["https:\/\/www.codental.com.br\/blog\/lesoes-fundamentais-na-mucosa-oral-o-que-todo-dentista-precisa-saber\/"]}]},{"@type":"ImageObject","inLanguage":"pt-BR","@id":"https:\/\/www.codental.com.br\/blog\/lesoes-fundamentais-na-mucosa-oral-o-que-todo-dentista-precisa-saber\/#primaryimage","url":"https:\/\/www.codental.com.br\/blog\/wp-content\/uploads\/2025\/03\/Lesoes-fundamentais-da-mucosa.jpeg","contentUrl":"https:\/\/www.codental.com.br\/blog\/wp-content\/uploads\/2025\/03\/Lesoes-fundamentais-da-mucosa.jpeg","width":1280,"height":696,"caption":"Les\u00f5es fundamentais da mucusa"},{"@type":"BreadcrumbList","@id":"https:\/\/www.codental.com.br\/blog\/lesoes-fundamentais-na-mucosa-oral-o-que-todo-dentista-precisa-saber\/#breadcrumb","itemListElement":[{"@type":"ListItem","position":1,"name":"In\u00edcio","item":"https:\/\/www.codental.com.br\/blog\/"},{"@type":"ListItem","position":2,"name":"Les\u00f5es fundamentais na mucosa oral: o que todo dentista precisa saber"}]},{"@type":"WebSite","@id":"https:\/\/www.codental.com.br\/blog\/#website","url":"https:\/\/www.codental.com.br\/blog\/","name":"Codental Blog","description":"Artigos e not\u00edcias sobre odontologia","publisher":{"@id":"https:\/\/www.codental.com.br\/blog\/#organization"},"potentialAction":[{"@type":"SearchAction","target":{"@type":"EntryPoint","urlTemplate":"https:\/\/www.codental.com.br\/blog\/?s={search_term_string}"},"query-input":{"@type":"PropertyValueSpecification","valueRequired":true,"valueName":"search_term_string"}}],"inLanguage":"pt-BR"},{"@type":"Organization","@id":"https:\/\/www.codental.com.br\/blog\/#organization","name":"Codental","url":"https:\/\/codental.com.br\/","logo":{"@type":"ImageObject","inLanguage":"pt-BR","@id":"https:\/\/www.codental.com.br\/blog\/#\/schema\/logo\/image\/","url":"https:\/\/www.codental.com.br\/blog\/wp-content\/uploads\/2018\/10\/logo.png","contentUrl":"https:\/\/www.codental.com.br\/blog\/wp-content\/uploads\/2018\/10\/logo.png","width":1200,"height":300,"caption":"Codental"},"image":{"@id":"https:\/\/www.codental.com.br\/blog\/#\/schema\/logo\/image\/"},"sameAs":["http:\/\/www.facebook.com\/codentalbr","https:\/\/x.com\/CodentalBr","https:\/\/www.instagram.com\/codentalbr\/"]},{"@type":"Person","@id":"https:\/\/www.codental.com.br\/blog\/#\/schema\/person\/803a0fe2a2cf88363dd1e3c14bf6b0c5","name":"Anderson","image":{"@type":"ImageObject","inLanguage":"pt-BR","@id":"https:\/\/secure.gravatar.com\/avatar\/48745b6f95a8825bc7289fb97ecc5016a8f15e516a377815adbc8f651f434ab5?s=96&d=wp_user_avatar&r=g","url":"https:\/\/secure.gravatar.com\/avatar\/48745b6f95a8825bc7289fb97ecc5016a8f15e516a377815adbc8f651f434ab5?s=96&d=wp_user_avatar&r=g","contentUrl":"https:\/\/secure.gravatar.com\/avatar\/48745b6f95a8825bc7289fb97ecc5016a8f15e516a377815adbc8f651f434ab5?s=96&d=wp_user_avatar&r=g","caption":"Anderson"},"url":"https:\/\/www.codental.com.br\/blog\/author\/anderson\/"}]}},"_links":{"self":[{"href":"https:\/\/www.codental.com.br\/blog\/wp-json\/wp\/v2\/posts\/6280","targetHints":{"allow":["GET"]}}],"collection":[{"href":"https:\/\/www.codental.com.br\/blog\/wp-json\/wp\/v2\/posts"}],"about":[{"href":"https:\/\/www.codental.com.br\/blog\/wp-json\/wp\/v2\/types\/post"}],"author":[{"embeddable":true,"href":"https:\/\/www.codental.com.br\/blog\/wp-json\/wp\/v2\/users\/36"}],"replies":[{"embeddable":true,"href":"https:\/\/www.codental.com.br\/blog\/wp-json\/wp\/v2\/comments?post=6280"}],"version-history":[{"count":2,"href":"https:\/\/www.codental.com.br\/blog\/wp-json\/wp\/v2\/posts\/6280\/revisions"}],"predecessor-version":[{"id":6285,"href":"https:\/\/www.codental.com.br\/blog\/wp-json\/wp\/v2\/posts\/6280\/revisions\/6285"}],"wp:featuredmedia":[{"embeddable":true,"href":"https:\/\/www.codental.com.br\/blog\/wp-json\/wp\/v2\/media\/6286"}],"wp:attachment":[{"href":"https:\/\/www.codental.com.br\/blog\/wp-json\/wp\/v2\/media?parent=6280"}],"wp:term":[{"taxonomy":"category","embeddable":true,"href":"https:\/\/www.codental.com.br\/blog\/wp-json\/wp\/v2\/categories?post=6280"},{"taxonomy":"post_tag","embeddable":true,"href":"https:\/\/www.codental.com.br\/blog\/wp-json\/wp\/v2\/tags?post=6280"}],"curies":[{"name":"wp","href":"https:\/\/api.w.org\/{rel}","templated":true}]}}