{"id":6230,"date":"2025-03-12T18:00:00","date_gmt":"2025-03-12T21:00:00","guid":{"rendered":"https:\/\/www.codental.com.br\/blog\/?p=6230"},"modified":"2025-03-12T19:45:04","modified_gmt":"2025-03-12T22:45:04","slug":"fratura-condilar-tudo-que-voce-precisa-saber","status":"publish","type":"post","link":"https:\/\/www.codental.com.br\/blog\/fratura-condilar-tudo-que-voce-precisa-saber\/","title":{"rendered":"Fratura condilar: tudo que voc\u00ea precisa saber!"},"content":{"rendered":"\n<p>A <strong>fratura condilar<\/strong> \u00e9 uma das les\u00f5es mais comuns e complexas do complexo maxilofacial, <strong>correspondendo a aproximadamente 25% a 40% das fraturas mandibulares.<\/strong> <\/p>\n\n\n\n<p>Como o c\u00f4ndilo mandibular desempenha um papel fundamental na mastiga\u00e7\u00e3o, na degluti\u00e7\u00e3o, na fala e na harmonia facial, sua fratura pode resultar em altera\u00e7\u00f5es funcionais e est\u00e9ticas significativas. <\/p>\n\n\n\n<p>Portanto, este artigo visa fornecer um guia abrangente sobre as fraturas condilares, abordando sua classifica\u00e7\u00e3o, sintomatologia, tratamento cl\u00ednico e cir\u00fargico, al\u00e9m das complica\u00e7\u00f5es associadas e da reabilita\u00e7\u00e3o p\u00f3s-operat\u00f3ria. Confira!<\/p>\n\n\n\n<h2 class=\"wp-block-heading\">Introdu\u00e7\u00e3o \u00e0 Fratura Condilar<\/h2>\n\n\n\n<p>A fratura condilar \u00e9 uma das les\u00f5es mais desafiadoras que um dentista pode enfrentar, devido \u00e0 sua complexidade e \u00e0s consequ\u00eancias significativas para a <a href=\"https:\/\/www.codental.com.br\/blog\/causas-e-sintomas-da-atm\/?utm_source=blog&utm_medium=referral&utm_content=fratura-condilar-tudo-que-voce-precisa-saber\">articula\u00e7\u00e3o temporomandibular (ATM).<\/a> <\/p>\n\n\n\n<p>Dessa maneira, esta les\u00e3o pode resultar em dor cr\u00f4nica, disfun\u00e7\u00e3o mastigat\u00f3ria e altera\u00e7\u00f5es est\u00e9ticas, impactando diretamente a qualidade de vida do paciente. Todavia, a fratura condilar pode ocorrer devido a traumas diretos, como agress\u00f5es f\u00edsicas, ou indiretos, como quedas e acidentes de tr\u00e2nsito. <\/p>\n\n\n\n<p>Al\u00e9m disso, a avalia\u00e7\u00e3o precisa e o diagn\u00f3stico correto s\u00e3o cruciais para determinar o tratamento mais adequado e prevenir complica\u00e7\u00f5es a longo prazo. <\/p>\n\n\n\n<p>O <a href=\"https:\/\/www.codental.com.br\/blog\/bucomaxilofacial-saiba-tudo-sobre-essa-especialidade\/?utm_source=blog&utm_medium=referral&utm_content=fratura-condilar-tudo-que-voce-precisa-saber\">cirurgi\u00e3o bucomaxilofacial<\/a> desempenha um papel vital nesse processo, utilizando uma combina\u00e7\u00e3o de exames cl\u00ednicos e radiogr\u00e1ficos para avaliar a extens\u00e3o da les\u00e3o e planejar a interven\u00e7\u00e3o necess\u00e1ria.<\/p>\n\n\n\n<h2 class=\"wp-block-heading\">O que \u00e9 a fratura condilar?<\/h2>\n\n\n\n<p>A fratura condilar, incluindo as fraturas de c\u00f4ndilo mandibular, ocorre quando h\u00e1 uma ruptura na regi\u00e3o do c\u00f4ndilo mandibular, que pode resultar de traumas diretos ou indiretos. <\/p>\n\n\n\n<p>Dessa maneira, traumas diretos podem ocorrer em agress\u00f5es ou acidentes automobil\u00edsticos, enquanto os traumas indiretos s\u00e3o frequentemente observados em quedas, onde o impacto ocorre na regi\u00e3o mentoniana e a for\u00e7a \u00e9 transmitida para o c\u00f4ndilo, levando \u00e0 fratura.<\/p>\n\n\n\n<p>A din\u00e2mica da fratura pode envolver deslocamento do fragmento \u00f3sseo e comprometimento da articula\u00e7\u00e3o temporomandibular (ATM), podendo impactar a fun\u00e7\u00e3o mastigat\u00f3ria, a oclus\u00e3o e a harmonia facial. Sendo assim, dependendo do padr\u00e3o da fratura, pode ocorrer tamb\u00e9m o encurtamento do ramo mandibular, o que pode levar a uma mordida aberta posterior e altera\u00e7\u00f5es na assimetria facial.<\/p>\n\n\n\n<h2 class=\"wp-block-heading\">Classifica\u00e7\u00e3o das Fraturas Condilares<\/h2>\n\n\n\n<p>As fraturas do c\u00f4ndilo mandibular classificam-se de diversas maneiras, incluindo sua localiza\u00e7\u00e3o, dire\u00e7\u00e3o e grau de deslocamento:<\/p>\n\n\n\n<ol class=\"wp-block-list\">\n<li><strong>Fraturas Intra-articulares<\/strong>: Ocorrem dentro da cavidade articular da ATM e podem levar a altera\u00e7\u00f5es funcionais cr\u00f4nicas, como limita\u00e7\u00e3o do movimento mandibular e dor cr\u00f4nica.<\/li>\n\n\n\n<li><strong>Fraturas Subcondilares<\/strong>: Localizam-se abaixo da cabe\u00e7a condilar e s\u00e3o comuns em impactos laterais ou quedas. Entretanto, podem ou n\u00e3o apresentar deslocamento significativo.<\/li>\n\n\n\n<li><strong>Fraturas Condilares Desviadas<\/strong>: Apresentam deslocamento parcial do fragmento fraturado, podendo impactar o movimento mandibular e gerar altera\u00e7\u00f5es oclusais leves.<\/li>\n\n\n\n<li><strong>Fraturas Condilares Deslocadas<\/strong>: Ocorrem quando h\u00e1 deslocamento completo da cabe\u00e7a do c\u00f4ndilo, geralmente resultando em maloclus\u00e3o significativa e limita\u00e7\u00e3o de movimento.<\/li>\n\n\n\n<li><strong>Fraturas Condilares Bilaterais<\/strong>: Quando ocorrem fraturas nos dois c\u00f4ndilos simultaneamente, h\u00e1 uma grande tend\u00eancia ao desenvolvimento de mordida aberta anterior e dificuldade mastigat\u00f3ria severa.<\/li>\n<\/ol>\n\n\n\n<h2 class=\"wp-block-heading\">Sintomas da Fratura Condilar<\/h2>\n\n\n\n<p>Os sintomas podem variar dependendo do tipo e gravidade da fratura, mas os sinais mais comuns incluem:<\/p>\n\n\n\n<ul class=\"wp-block-list\">\n<li>Dor na regi\u00e3o da ATM, intensificada durante a mastiga\u00e7\u00e3o e movimentos mandibulares;<\/li>\n\n\n\n<li>Desvio mandibular ao abrir a boca, geralmente para o lado da fratura;<\/li>\n\n\n\n<li>Dificuldade ou impossibilidade de abrir completamente a boca (trismo);<\/li>\n\n\n\n<li>Mal oclus\u00e3o, frequentemente com mordida aberta posterior ou mordida cruzada posterior;<\/li>\n\n\n\n<li>Crepita\u00e7\u00e3o ou estalidos na ATM;<\/li>\n\n\n\n<li>Edema e hematoma na regi\u00e3o posterior da face e periarticular;<\/li>\n\n\n\n<li>Assimetria facial progressiva em casos de fraturas n\u00e3o tratadas corretamente.<\/li>\n<\/ul>\n\n\n\n<p>Al\u00e9m disso, fraturas na s\u00ednfise mandibular tamb\u00e9m podem apresentar sintomas semelhantes.<\/p>\n\n\n\n<h2 class=\"wp-block-heading\">Diagn\u00f3stico da Fratura Condilar<\/h2>\n\n\n\n<p>Se realiza o diagn\u00f3stico da fratura condilar atrav\u00e9s de hist\u00f3rico cl\u00ednico, exame f\u00edsico e exames de imagem. Todavia, as principais ferramentas diagn\u00f3sticas incluem:<\/p>\n\n\n\n<ul class=\"wp-block-list\">\n<li><strong>Radiografia panor\u00e2mica<\/strong>: Fornece uma vis\u00e3o inicial da fratura, mas pode n\u00e3o ser suficiente para avaliar o grau de deslocamento.<\/li>\n\n\n\n<li><strong>Tomografia computadorizada (TC)<\/strong>: \u00c9 o padr\u00e3o-ouro para avalia\u00e7\u00e3o detalhada do c\u00f4ndilo mandibular, permitindo uma an\u00e1lise tridimensional da fratura.<\/li>\n\n\n\n<li><strong>Resson\u00e2ncia magn\u00e9tica (RM)<\/strong>: Necess\u00e1ria para avaliar les\u00f5es associadas \u00e0 ATM, como deslocamento do disco articular.<\/li>\n<\/ul>\n\n\n\n<p>Todavia, a revis\u00e3o de literatura \u00e9 fundamental para embasar os m\u00e9todos diagn\u00f3sticos utilizados.<\/p>\n\n\n\n<h3 class=\"wp-block-heading\">Avalia\u00e7\u00e3o<\/h3>\n\n\n\n<p>A avalia\u00e7\u00e3o da fratura condilar \u00e9 um passo essencial para garantir um tratamento eficaz e a recupera\u00e7\u00e3o do paciente. A articula\u00e7\u00e3o temporomandibular (ATM) \u00e9 uma estrutura complexa, e qualquer les\u00e3o nessa \u00e1rea pode ter repercuss\u00f5es significativas. <\/p>\n\n\n\n<p>Sendo assim, o processo de avalia\u00e7\u00e3o come\u00e7a com uma <a href=\"https:\/\/www.codental.com.br\/blog\/anamnese-odontologica-6-principais-pontos\/?utm_source=blog&utm_medium=referral&utm_content=fratura-condilar-tudo-que-voce-precisa-saber\">anamnese detalhada<\/a>, onde o profissional deve investigar o hist\u00f3rico do trauma, os sintomas apresentados e qualquer tratamento pr\u00e9vio. Em seguida, o exame f\u00edsico \u00e9 realizado para identificar sinais cl\u00ednicos, como dor, edema, hematomas e limita\u00e7\u00f5es de movimento mandibular.<\/p>\n\n\n\n<p>Os exames de imagem s\u00e3o fundamentais para uma avalia\u00e7\u00e3o completa. A radiografia panor\u00e2mica pode fornecer uma vis\u00e3o inicial da fratura, mas a tomografia computadorizada (TC) \u00e9 o padr\u00e3o-ouro para uma an\u00e1lise detalhada, permitindo visualizar a fratura em tr\u00eas dimens\u00f5es. <\/p>\n\n\n\n<p>Al\u00e9m disso, em alguns casos, a resson\u00e2ncia magn\u00e9tica (RM) pode ser necess\u00e1ria para avaliar les\u00f5es associadas \u00e0 ATM, como deslocamento do disco articular. <\/p>\n\n\n\n<p>Portanto, com essas informa\u00e7\u00f5es, o cirurgi\u00e3o bucomaxilofacial pode determinar a extens\u00e3o da les\u00e3o e desenvolver um plano de tratamento personalizado, seja ele conservador ou cir\u00fargico.<\/p>\n\n\n\n<h2 class=\"wp-block-heading\">Tratamento da Fratura Condilar<\/h2>\n\n\n\n<p>O tratamento das fraturas de c\u00f4ndilo mandibular pode ser conservador ou cir\u00fargico. O tratamento pode ser conservador ou cir\u00fargico, dependendo do tipo de fratura, grau de deslocamento e impacto funcional. A escolha do tratamento depende da classifica\u00e7\u00e3o das fraturas de c\u00f4ndilo.<\/p>\n\n\n\n<h3 class=\"wp-block-heading\">Tratamento Conservador<\/h3>\n\n\n\n<p>Indicado para fraturas n\u00e3o deslocadas ou com deslocamento m\u00ednimo. Inclui:<\/p>\n\n\n\n<ul class=\"wp-block-list\">\n<li>Uso de analg\u00e9sicos e anti-inflamat\u00f3rios;<\/li>\n\n\n\n<li>Dieta pastosa para reduzir a carga mastigat\u00f3ria;<\/li>\n\n\n\n<li>Fisioterapia para manter a mobilidade da ATM;<\/li>\n\n\n\n<li>Uso de aparelhos interoclusais para estabilidade mandibular.<\/li>\n<\/ul>\n\n\n\n<h3 class=\"wp-block-heading\">Tratamento Cir\u00fargico<\/h3>\n\n\n\n<p>Indicado para fraturas deslocadas, bilaterais sintom\u00e1ticas ou com impacto funcional significativo. A fixa\u00e7\u00e3o interna \u00e9 feita com placas e parafusos de tit\u00e2nio.<\/p>\n\n\n\n<h3 class=\"wp-block-heading\">Passo a Passo da Cirurgia<\/h3>\n\n\n\n<ol class=\"wp-block-list\">\n<li><strong>Anestesia Geral<\/strong>: Garante imobilidade e conforto ao paciente.<\/li>\n\n\n\n<li><strong>Acesso Cir\u00fargico<\/strong>: O acesso pode ser intraoral ou extraoral (retromandibular, submandibular ou pr\u00e9-auricular).<\/li>\n\n\n\n<li><strong>Redu\u00e7\u00e3o da Fratura<\/strong>: Reposicionamento do fragmento fraturado.<\/li>\n\n\n\n<li><strong>Fixac\u00e3o Interna<\/strong>: Uso de placas e parafusos para estabiliza\u00e7\u00e3o.<\/li>\n\n\n\n<li><strong>Sutura e Recupera\u00e7\u00e3o<\/strong>: Fechamento da incis\u00e3o e monitoramento.<\/li>\n<\/ol>\n\n\n\n<h2 class=\"wp-block-heading\">Reabilita\u00e7\u00e3o e Complica\u00e7\u00f5es<\/h2>\n\n\n\n<p><strong>A reabilita\u00e7\u00e3o inclui fisioterapia e terapia miofuncional.<\/strong> Poss\u00edveis complica\u00e7\u00f5es incluem anquilose, altera\u00e7\u00f5es oclusais e dor cr\u00f4nica. Ainda, a literatura e a revis\u00e3o de literatura s\u00e3o fundamentais para embasar as pr\u00e1ticas de reabilita\u00e7\u00e3o e as poss\u00edveis complica\u00e7\u00f5es.<\/p>\n\n\n\n<h2 class=\"wp-block-heading\">Preven\u00e7\u00e3o e Educa\u00e7\u00e3o<\/h2>\n\n\n\n<p><strong>A preven\u00e7\u00e3o e a educa\u00e7\u00e3o s\u00e3o pilares fundamentais na redu\u00e7\u00e3o da incid\u00eancia de fraturas condilares<\/strong>. A agress\u00e3o f\u00edsica e os acidentes de tr\u00e2nsito s\u00e3o as principais causas dessas les\u00f5es, e a conscientiza\u00e7\u00e3o sobre a import\u00e2ncia da preven\u00e7\u00e3o pode fazer uma grande diferen\u00e7a. <\/p>\n\n\n\n<p>Campanhas de sa\u00fade p\u00fablica podem educar a popula\u00e7\u00e3o sobre os riscos e as medidas preventivas, como o uso de cintos de seguran\u00e7a e a pr\u00e1tica de dire\u00e7\u00e3o defensiva.<\/p>\n\n\n\n<p>Al\u00e9m disso, a pr\u00e1tica de esportes e atividades f\u00edsicas pode aumentar o risco de fraturas condilares. A utiliza\u00e7\u00e3o de equipamentos de prote\u00e7\u00e3o, como capacetes e protetores bucais, \u00e9 essencial para minimizar esse risco. Profissionais de sa\u00fade e educadores devem trabalhar juntos para promover a conscientiza\u00e7\u00e3o sobre a import\u00e2ncia da preven\u00e7\u00e3o de fraturas condilares, incentivando o uso de equipamentos de prote\u00e7\u00e3o e a ado\u00e7\u00e3o de comportamentos seguros.<\/p>\n\n\n\n<p>A educa\u00e7\u00e3o cont\u00ednua dos pacientes sobre os riscos e as medidas preventivas pode ajudar a reduzir significativamente a incid\u00eancia de fraturas condilares, melhorando a sa\u00fade bucal e a qualidade de vida da popula\u00e7\u00e3o.<\/p>\n\n\n\n<p>Sendo assim, o manejo adequado das fraturas condilares \u00e9 essencial para preservar a fun\u00e7\u00e3o mandibular e evitar sequelas. Al\u00e9m disso, o dentista deve estar apto a diagnosticar e indicar o melhor tratamento, garantindo uma reabilita\u00e7\u00e3o eficiente para o paciente.<\/p>\n","protected":false},"excerpt":{"rendered":"<p>A fratura condilar \u00e9 uma das les\u00f5es mais comuns e complexas do complexo maxilofacial,&#8230;<\/p>\n","protected":false},"author":34,"featured_media":6235,"comment_status":"closed","ping_status":"closed","sticky":false,"template":"","format":"standard","meta":{"_target_audience":"","footnotes":""},"categories":[247],"tags":[635],"class_list":["post-6230","post","type-post","status-publish","format-standard","has-post-thumbnail","hentry","category-doencas-odontologicas","tag-cirurgia-odontologica"],"yoast_head":"<!-- This site is optimized with the Yoast SEO plugin v27.2 - https:\/\/yoast.com\/product\/yoast-seo-wordpress\/ -->\n<title>Fratura condilar: tudo que voc\u00ea precisa saber!<\/title>\n<meta name=\"description\" content=\"A fratura condilar \u00e9 uma das les\u00f5es mais comuns e complexas do complexo maxilofacial. Confira tudo sobre!\" \/>\n<meta name=\"robots\" content=\"index, follow, max-snippet:-1, max-image-preview:large, max-video-preview:-1\" \/>\n<link rel=\"canonical\" href=\"https:\/\/www.codental.com.br\/blog\/fratura-condilar-tudo-que-voce-precisa-saber\/\" \/>\n<meta property=\"og:locale\" content=\"pt_BR\" \/>\n<meta property=\"og:type\" content=\"article\" \/>\n<meta property=\"og:title\" content=\"Fratura condilar: tudo que voc\u00ea precisa saber!\" \/>\n<meta property=\"og:description\" content=\"A fratura condilar \u00e9 uma das les\u00f5es mais comuns e complexas do complexo maxilofacial. Confira tudo sobre!\" \/>\n<meta property=\"og:url\" content=\"https:\/\/www.codental.com.br\/blog\/fratura-condilar-tudo-que-voce-precisa-saber\/\" \/>\n<meta property=\"og:site_name\" content=\"Codental Blog\" \/>\n<meta property=\"article:publisher\" content=\"http:\/\/www.facebook.com\/codentalbr\" \/>\n<meta property=\"article:published_time\" content=\"2025-03-12T21:00:00+00:00\" \/>\n<meta property=\"article:modified_time\" content=\"2025-03-12T22:45:04+00:00\" \/>\n<meta property=\"og:image\" content=\"https:\/\/www.codental.com.br\/blog\/wp-content\/uploads\/2025\/03\/fratura-condilar.jpeg\" \/>\n\t<meta property=\"og:image:width\" content=\"1280\" \/>\n\t<meta property=\"og:image:height\" content=\"696\" \/>\n\t<meta property=\"og:image:type\" content=\"image\/jpeg\" \/>\n<meta name=\"author\" content=\"Alice Miranda\" \/>\n<meta name=\"twitter:card\" content=\"summary_large_image\" \/>\n<meta name=\"twitter:creator\" content=\"@CodentalBr\" \/>\n<meta name=\"twitter:site\" content=\"@CodentalBr\" \/>\n<meta name=\"twitter:label1\" content=\"Escrito por\" \/>\n\t<meta name=\"twitter:data1\" content=\"Alice Miranda\" \/>\n\t<meta name=\"twitter:label2\" content=\"Est. tempo de leitura\" \/>\n\t<meta name=\"twitter:data2\" content=\"7 minutos\" \/>\n<script type=\"application\/ld+json\" class=\"yoast-schema-graph\">{\"@context\":\"https:\/\/schema.org\",\"@graph\":[{\"@type\":\"Article\",\"@id\":\"https:\/\/www.codental.com.br\/blog\/fratura-condilar-tudo-que-voce-precisa-saber\/#article\",\"isPartOf\":{\"@id\":\"https:\/\/www.codental.com.br\/blog\/fratura-condilar-tudo-que-voce-precisa-saber\/\"},\"author\":{\"name\":\"Alice Miranda\",\"@id\":\"https:\/\/www.codental.com.br\/blog\/#\/schema\/person\/3af2d53a3b99262b7024bf67dcba5cfa\"},\"headline\":\"Fratura condilar: tudo que voc\u00ea precisa saber!\",\"datePublished\":\"2025-03-12T21:00:00+00:00\",\"dateModified\":\"2025-03-12T22:45:04+00:00\",\"mainEntityOfPage\":{\"@id\":\"https:\/\/www.codental.com.br\/blog\/fratura-condilar-tudo-que-voce-precisa-saber\/\"},\"wordCount\":1433,\"publisher\":{\"@id\":\"https:\/\/www.codental.com.br\/blog\/#organization\"},\"image\":{\"@id\":\"https:\/\/www.codental.com.br\/blog\/fratura-condilar-tudo-que-voce-precisa-saber\/#primaryimage\"},\"thumbnailUrl\":\"https:\/\/www.codental.com.br\/blog\/wp-content\/uploads\/2025\/03\/fratura-condilar.jpeg\",\"keywords\":[\"Cirurgia odontol\u00f3gica\"],\"articleSection\":[\"Doen\u00e7as odontol\u00f3gicas\"],\"inLanguage\":\"pt-BR\"},{\"@type\":\"WebPage\",\"@id\":\"https:\/\/www.codental.com.br\/blog\/fratura-condilar-tudo-que-voce-precisa-saber\/\",\"url\":\"https:\/\/www.codental.com.br\/blog\/fratura-condilar-tudo-que-voce-precisa-saber\/\",\"name\":\"Fratura condilar: tudo que voc\u00ea precisa saber!\",\"isPartOf\":{\"@id\":\"https:\/\/www.codental.com.br\/blog\/#website\"},\"primaryImageOfPage\":{\"@id\":\"https:\/\/www.codental.com.br\/blog\/fratura-condilar-tudo-que-voce-precisa-saber\/#primaryimage\"},\"image\":{\"@id\":\"https:\/\/www.codental.com.br\/blog\/fratura-condilar-tudo-que-voce-precisa-saber\/#primaryimage\"},\"thumbnailUrl\":\"https:\/\/www.codental.com.br\/blog\/wp-content\/uploads\/2025\/03\/fratura-condilar.jpeg\",\"datePublished\":\"2025-03-12T21:00:00+00:00\",\"dateModified\":\"2025-03-12T22:45:04+00:00\",\"description\":\"A fratura condilar \u00e9 uma das les\u00f5es mais comuns e complexas do complexo maxilofacial. Confira tudo sobre!\",\"breadcrumb\":{\"@id\":\"https:\/\/www.codental.com.br\/blog\/fratura-condilar-tudo-que-voce-precisa-saber\/#breadcrumb\"},\"inLanguage\":\"pt-BR\",\"potentialAction\":[{\"@type\":\"ReadAction\",\"target\":[\"https:\/\/www.codental.com.br\/blog\/fratura-condilar-tudo-que-voce-precisa-saber\/\"]}]},{\"@type\":\"ImageObject\",\"inLanguage\":\"pt-BR\",\"@id\":\"https:\/\/www.codental.com.br\/blog\/fratura-condilar-tudo-que-voce-precisa-saber\/#primaryimage\",\"url\":\"https:\/\/www.codental.com.br\/blog\/wp-content\/uploads\/2025\/03\/fratura-condilar.jpeg\",\"contentUrl\":\"https:\/\/www.codental.com.br\/blog\/wp-content\/uploads\/2025\/03\/fratura-condilar.jpeg\",\"width\":1280,\"height\":696,\"caption\":\"Fratura condilar\"},{\"@type\":\"BreadcrumbList\",\"@id\":\"https:\/\/www.codental.com.br\/blog\/fratura-condilar-tudo-que-voce-precisa-saber\/#breadcrumb\",\"itemListElement\":[{\"@type\":\"ListItem\",\"position\":1,\"name\":\"In\u00edcio\",\"item\":\"https:\/\/www.codental.com.br\/blog\/\"},{\"@type\":\"ListItem\",\"position\":2,\"name\":\"Fratura condilar: tudo que voc\u00ea precisa saber!\"}]},{\"@type\":\"WebSite\",\"@id\":\"https:\/\/www.codental.com.br\/blog\/#website\",\"url\":\"https:\/\/www.codental.com.br\/blog\/\",\"name\":\"Codental Blog\",\"description\":\"Artigos e not\u00edcias sobre odontologia\",\"publisher\":{\"@id\":\"https:\/\/www.codental.com.br\/blog\/#organization\"},\"potentialAction\":[{\"@type\":\"SearchAction\",\"target\":{\"@type\":\"EntryPoint\",\"urlTemplate\":\"https:\/\/www.codental.com.br\/blog\/?s={search_term_string}\"},\"query-input\":{\"@type\":\"PropertyValueSpecification\",\"valueRequired\":true,\"valueName\":\"search_term_string\"}}],\"inLanguage\":\"pt-BR\"},{\"@type\":\"Organization\",\"@id\":\"https:\/\/www.codental.com.br\/blog\/#organization\",\"name\":\"Codental\",\"url\":\"https:\/\/codental.com.br\/\",\"logo\":{\"@type\":\"ImageObject\",\"inLanguage\":\"pt-BR\",\"@id\":\"https:\/\/www.codental.com.br\/blog\/#\/schema\/logo\/image\/\",\"url\":\"https:\/\/www.codental.com.br\/blog\/wp-content\/uploads\/2018\/10\/logo.png\",\"contentUrl\":\"https:\/\/www.codental.com.br\/blog\/wp-content\/uploads\/2018\/10\/logo.png\",\"width\":1200,\"height\":300,\"caption\":\"Codental\"},\"image\":{\"@id\":\"https:\/\/www.codental.com.br\/blog\/#\/schema\/logo\/image\/\"},\"sameAs\":[\"http:\/\/www.facebook.com\/codentalbr\",\"https:\/\/x.com\/CodentalBr\",\"https:\/\/www.instagram.com\/codentalbr\/\"]},{\"@type\":\"Person\",\"@id\":\"https:\/\/www.codental.com.br\/blog\/#\/schema\/person\/3af2d53a3b99262b7024bf67dcba5cfa\",\"name\":\"Alice Miranda\",\"image\":{\"@type\":\"ImageObject\",\"inLanguage\":\"pt-BR\",\"@id\":\"https:\/\/www.codental.com.br\/blog\/wp-content\/uploads\/2018\/10\/o0UpmXCC_400x400-150x150.jpg\",\"url\":\"https:\/\/www.codental.com.br\/blog\/wp-content\/uploads\/2018\/10\/o0UpmXCC_400x400-150x150.jpg\",\"contentUrl\":\"https:\/\/www.codental.com.br\/blog\/wp-content\/uploads\/2018\/10\/o0UpmXCC_400x400-150x150.jpg\",\"caption\":\"Alice Miranda\"},\"url\":\"https:\/\/www.codental.com.br\/blog\/author\/alice-miranda\/\"}]}<\/script>\n<!-- \/ Yoast SEO plugin. -->","yoast_head_json":{"title":"Fratura condilar: tudo que voc\u00ea precisa saber!","description":"A fratura condilar \u00e9 uma das les\u00f5es mais comuns e complexas do complexo maxilofacial. Confira tudo sobre!","robots":{"index":"index","follow":"follow","max-snippet":"max-snippet:-1","max-image-preview":"max-image-preview:large","max-video-preview":"max-video-preview:-1"},"canonical":"https:\/\/www.codental.com.br\/blog\/fratura-condilar-tudo-que-voce-precisa-saber\/","og_locale":"pt_BR","og_type":"article","og_title":"Fratura condilar: tudo que voc\u00ea precisa saber!","og_description":"A fratura condilar \u00e9 uma das les\u00f5es mais comuns e complexas do complexo maxilofacial. Confira tudo sobre!","og_url":"https:\/\/www.codental.com.br\/blog\/fratura-condilar-tudo-que-voce-precisa-saber\/","og_site_name":"Codental Blog","article_publisher":"http:\/\/www.facebook.com\/codentalbr","article_published_time":"2025-03-12T21:00:00+00:00","article_modified_time":"2025-03-12T22:45:04+00:00","og_image":[{"width":1280,"height":696,"url":"https:\/\/www.codental.com.br\/blog\/wp-content\/uploads\/2025\/03\/fratura-condilar.jpeg","type":"image\/jpeg"}],"author":"Alice Miranda","twitter_card":"summary_large_image","twitter_creator":"@CodentalBr","twitter_site":"@CodentalBr","twitter_misc":{"Escrito por":"Alice Miranda","Est. tempo de leitura":"7 minutos"},"schema":{"@context":"https:\/\/schema.org","@graph":[{"@type":"Article","@id":"https:\/\/www.codental.com.br\/blog\/fratura-condilar-tudo-que-voce-precisa-saber\/#article","isPartOf":{"@id":"https:\/\/www.codental.com.br\/blog\/fratura-condilar-tudo-que-voce-precisa-saber\/"},"author":{"name":"Alice Miranda","@id":"https:\/\/www.codental.com.br\/blog\/#\/schema\/person\/3af2d53a3b99262b7024bf67dcba5cfa"},"headline":"Fratura condilar: tudo que voc\u00ea precisa saber!","datePublished":"2025-03-12T21:00:00+00:00","dateModified":"2025-03-12T22:45:04+00:00","mainEntityOfPage":{"@id":"https:\/\/www.codental.com.br\/blog\/fratura-condilar-tudo-que-voce-precisa-saber\/"},"wordCount":1433,"publisher":{"@id":"https:\/\/www.codental.com.br\/blog\/#organization"},"image":{"@id":"https:\/\/www.codental.com.br\/blog\/fratura-condilar-tudo-que-voce-precisa-saber\/#primaryimage"},"thumbnailUrl":"https:\/\/www.codental.com.br\/blog\/wp-content\/uploads\/2025\/03\/fratura-condilar.jpeg","keywords":["Cirurgia odontol\u00f3gica"],"articleSection":["Doen\u00e7as odontol\u00f3gicas"],"inLanguage":"pt-BR"},{"@type":"WebPage","@id":"https:\/\/www.codental.com.br\/blog\/fratura-condilar-tudo-que-voce-precisa-saber\/","url":"https:\/\/www.codental.com.br\/blog\/fratura-condilar-tudo-que-voce-precisa-saber\/","name":"Fratura condilar: tudo que voc\u00ea precisa saber!","isPartOf":{"@id":"https:\/\/www.codental.com.br\/blog\/#website"},"primaryImageOfPage":{"@id":"https:\/\/www.codental.com.br\/blog\/fratura-condilar-tudo-que-voce-precisa-saber\/#primaryimage"},"image":{"@id":"https:\/\/www.codental.com.br\/blog\/fratura-condilar-tudo-que-voce-precisa-saber\/#primaryimage"},"thumbnailUrl":"https:\/\/www.codental.com.br\/blog\/wp-content\/uploads\/2025\/03\/fratura-condilar.jpeg","datePublished":"2025-03-12T21:00:00+00:00","dateModified":"2025-03-12T22:45:04+00:00","description":"A fratura condilar \u00e9 uma das les\u00f5es mais comuns e complexas do complexo maxilofacial. Confira tudo sobre!","breadcrumb":{"@id":"https:\/\/www.codental.com.br\/blog\/fratura-condilar-tudo-que-voce-precisa-saber\/#breadcrumb"},"inLanguage":"pt-BR","potentialAction":[{"@type":"ReadAction","target":["https:\/\/www.codental.com.br\/blog\/fratura-condilar-tudo-que-voce-precisa-saber\/"]}]},{"@type":"ImageObject","inLanguage":"pt-BR","@id":"https:\/\/www.codental.com.br\/blog\/fratura-condilar-tudo-que-voce-precisa-saber\/#primaryimage","url":"https:\/\/www.codental.com.br\/blog\/wp-content\/uploads\/2025\/03\/fratura-condilar.jpeg","contentUrl":"https:\/\/www.codental.com.br\/blog\/wp-content\/uploads\/2025\/03\/fratura-condilar.jpeg","width":1280,"height":696,"caption":"Fratura condilar"},{"@type":"BreadcrumbList","@id":"https:\/\/www.codental.com.br\/blog\/fratura-condilar-tudo-que-voce-precisa-saber\/#breadcrumb","itemListElement":[{"@type":"ListItem","position":1,"name":"In\u00edcio","item":"https:\/\/www.codental.com.br\/blog\/"},{"@type":"ListItem","position":2,"name":"Fratura condilar: tudo que voc\u00ea precisa saber!"}]},{"@type":"WebSite","@id":"https:\/\/www.codental.com.br\/blog\/#website","url":"https:\/\/www.codental.com.br\/blog\/","name":"Codental Blog","description":"Artigos e not\u00edcias sobre odontologia","publisher":{"@id":"https:\/\/www.codental.com.br\/blog\/#organization"},"potentialAction":[{"@type":"SearchAction","target":{"@type":"EntryPoint","urlTemplate":"https:\/\/www.codental.com.br\/blog\/?s={search_term_string}"},"query-input":{"@type":"PropertyValueSpecification","valueRequired":true,"valueName":"search_term_string"}}],"inLanguage":"pt-BR"},{"@type":"Organization","@id":"https:\/\/www.codental.com.br\/blog\/#organization","name":"Codental","url":"https:\/\/codental.com.br\/","logo":{"@type":"ImageObject","inLanguage":"pt-BR","@id":"https:\/\/www.codental.com.br\/blog\/#\/schema\/logo\/image\/","url":"https:\/\/www.codental.com.br\/blog\/wp-content\/uploads\/2018\/10\/logo.png","contentUrl":"https:\/\/www.codental.com.br\/blog\/wp-content\/uploads\/2018\/10\/logo.png","width":1200,"height":300,"caption":"Codental"},"image":{"@id":"https:\/\/www.codental.com.br\/blog\/#\/schema\/logo\/image\/"},"sameAs":["http:\/\/www.facebook.com\/codentalbr","https:\/\/x.com\/CodentalBr","https:\/\/www.instagram.com\/codentalbr\/"]},{"@type":"Person","@id":"https:\/\/www.codental.com.br\/blog\/#\/schema\/person\/3af2d53a3b99262b7024bf67dcba5cfa","name":"Alice Miranda","image":{"@type":"ImageObject","inLanguage":"pt-BR","@id":"https:\/\/www.codental.com.br\/blog\/wp-content\/uploads\/2018\/10\/o0UpmXCC_400x400-150x150.jpg","url":"https:\/\/www.codental.com.br\/blog\/wp-content\/uploads\/2018\/10\/o0UpmXCC_400x400-150x150.jpg","contentUrl":"https:\/\/www.codental.com.br\/blog\/wp-content\/uploads\/2018\/10\/o0UpmXCC_400x400-150x150.jpg","caption":"Alice Miranda"},"url":"https:\/\/www.codental.com.br\/blog\/author\/alice-miranda\/"}]}},"_links":{"self":[{"href":"https:\/\/www.codental.com.br\/blog\/wp-json\/wp\/v2\/posts\/6230","targetHints":{"allow":["GET"]}}],"collection":[{"href":"https:\/\/www.codental.com.br\/blog\/wp-json\/wp\/v2\/posts"}],"about":[{"href":"https:\/\/www.codental.com.br\/blog\/wp-json\/wp\/v2\/types\/post"}],"author":[{"embeddable":true,"href":"https:\/\/www.codental.com.br\/blog\/wp-json\/wp\/v2\/users\/34"}],"replies":[{"embeddable":true,"href":"https:\/\/www.codental.com.br\/blog\/wp-json\/wp\/v2\/comments?post=6230"}],"version-history":[{"count":2,"href":"https:\/\/www.codental.com.br\/blog\/wp-json\/wp\/v2\/posts\/6230\/revisions"}],"predecessor-version":[{"id":6234,"href":"https:\/\/www.codental.com.br\/blog\/wp-json\/wp\/v2\/posts\/6230\/revisions\/6234"}],"wp:featuredmedia":[{"embeddable":true,"href":"https:\/\/www.codental.com.br\/blog\/wp-json\/wp\/v2\/media\/6235"}],"wp:attachment":[{"href":"https:\/\/www.codental.com.br\/blog\/wp-json\/wp\/v2\/media?parent=6230"}],"wp:term":[{"taxonomy":"category","embeddable":true,"href":"https:\/\/www.codental.com.br\/blog\/wp-json\/wp\/v2\/categories?post=6230"},{"taxonomy":"post_tag","embeddable":true,"href":"https:\/\/www.codental.com.br\/blog\/wp-json\/wp\/v2\/tags?post=6230"}],"curies":[{"name":"wp","href":"https:\/\/api.w.org\/{rel}","templated":true}]}}