{"id":5942,"date":"2024-12-15T18:00:00","date_gmt":"2024-12-15T21:00:00","guid":{"rendered":"https:\/\/www.codental.com.br\/blog\/?p=5942"},"modified":"2024-12-15T18:26:35","modified_gmt":"2024-12-15T21:26:35","slug":"maxilar-deslocado-saiba-tudo-sobre","status":"publish","type":"post","link":"https:\/\/www.codental.com.br\/blog\/maxilar-deslocado-saiba-tudo-sobre\/","title":{"rendered":"Maxilar deslocado: saiba tudo sobre!"},"content":{"rendered":"\n<p>O <strong>maxilar deslocado<\/strong> \u00e9 um problema que atinge alguns pacientes, sendo derivado do deslocamento da <a href=\"https:\/\/www.codental.com.br\/blog\/causas-e-sintomas-da-atm\/?utm_source=blog&utm_medium=referral&utm_content=maxilar-deslocado-saiba-tudo-sobre\">ATM (articula\u00e7\u00e3o da mand\u00edbula)<\/a>, fazendo com que a parte arredondada do osso mandibular, o c\u00f4ndilo, se mova, resultando em desconforto e dor, al\u00e9m do endurecimento da mand\u00edbula, o que dificulta falar e abrir a boca.<\/p>\n\n\n\n<p>V\u00e1rios s\u00e3o os motivos que podem levar o paciente ao deslocamento do maxilar, como abrir muito a boca para bocejar, procedimentos odontol\u00f3gicos, problemas na articula\u00e7\u00e3o temporomandibular, dentre outros.<\/p>\n\n\n\n<p>O deslocamento do maxilar \u00e9 um problema recorrente, sendo necess\u00e1ria uma t\u00e9cnica correta de posicionamento do maxilar, e em casos mais graves, cirurgia. Portanto, deve-se conhecer a fundo sobre esse problema! Confira.<\/p>\n\n\n\n<h2 class=\"wp-block-heading\">Causas que levam ao deslocamento do maxilar<\/h2>\n\n\n\n<p>O deslocamento do maxilar ocorre quando a articula\u00e7\u00e3o temporomandibular (ATM) \u00e9 comprometida por fatores que afetam sua funcionalidade ou alinhamento.<\/p>\n\n\n\n<p>Dentre as principais causas est\u00e3o traumas e les\u00f5es, podendo levar ao desalinhamento ou at\u00e9 mesmo a fraturas \u00f3sseas.<\/p>\n\n\n\n<p>Ademais, movimentos excessivos ou abruptos, tamb\u00e9m podem for\u00e7ar a articula\u00e7\u00e3o al\u00e9m de seus limites, aumentando o risco de deslocamento, especialmente em pessoas com fragilidade ou instabilidade na ATM.<\/p>\n\n\n\n<p>Disfun\u00e7\u00f5es da ATM, como inflama\u00e7\u00f5es, desgaste do disco articular ou artrite, s\u00e3o outras causas frequentes, pois comprometem o alinhamento do maxilar devido ao uso excessivo ou irregular da articula\u00e7\u00e3o.<\/p>\n\n\n\n<p>Al\u00e9m disso, a m\u00e1 oclus\u00e3o dent\u00e1ria, caracterizada por um encaixe inadequado entre os dentes superiores e inferiores, pode sobrecarregar a ATM durante a mastiga\u00e7\u00e3o e contribuir para o desalinhamento, principalmente em casos de <a href=\"https:\/\/www.codental.com.br\/blog\/mordida-cruzada-em-criancas-saiba-tudo-sobre-a-condicao\/?utm_source=blog&utm_medium=referral&utm_content=maxilar-deslocado-saiba-tudo-sobre\">mordida cruzada<\/a>, aberta ou prognatismo.<\/p>\n\n\n\n<p>Condi\u00e7\u00f5es cong\u00eanitas ou gen\u00e9ticas tamb\u00e9m desempenham um papel significativo. Exemplos incluem a s\u00edndrome de Pierre Robin e outros dist\u00farbios que afetam o desenvolvimento \u00f3sseo.<\/p>\n\n\n\n<p>Ainda, <a href=\"https:\/\/www.codental.com.br\/blog\/bruxismo-tudo-que-voce-precisa-saber\/?utm_source=blog&utm_medium=referral&utm_content=maxilar-deslocado-saiba-tudo-sobre\">o bruxismo<\/a>, que envolve ranger ou apertar os dentes, exerce uma press\u00e3o cont\u00ednua sobre a articula\u00e7\u00e3o, assim como outros h\u00e1bitos parafuncionais, como mascar chiclete em excesso, roer unhas ou morder objetos duros, que tamb\u00e9m podem sobrecarregar a ATM.<\/p>\n\n\n\n<p>Procedimentos odontol\u00f3gicos ou m\u00e9dicos que exigem a abertura prolongada da boca, como tratamentos dent\u00e1rios ou cirurgias, podem causar deslocamento em pessoas com articula\u00e7\u00f5es inst\u00e1veis.<\/p>\n\n\n\n<p>Outro problema comum que leva ao maxilar deslocado \u00e9 o envelhecimento e o desgaste natural da ATM ao longo do tempo.<\/p>\n\n\n\n<p>Al\u00e9m disso, infec\u00e7\u00f5es ou inflama\u00e7\u00f5es pr\u00f3ximas \u00e0 ATM podem comprometer a estabilidade da articula\u00e7\u00e3o, enquanto o estresse emocional e tens\u00f5es musculares frequentemente levam ao apertamento mandibular inconsciente.<\/p>\n\n\n\n<p>Fatores de risco adicionais incluem hist\u00f3rico familiar de problemas na ATM, m\u00e1 postura, uso inadequado de aparelhos dent\u00e1rios ou pr\u00f3teses mal ajustadas.<\/p>\n\n\n\n<h2 class=\"wp-block-heading\">Riscos<\/h2>\n\n\n\n<p>O deslocamento do maxilar pode trazer uma s\u00e9rie de <strong>riscos e complica\u00e7\u00f5es<\/strong> \u00e0 sa\u00fade se n\u00e3o tratado adequadamente. Dependendo do grau de deslocamento, as consequ\u00eancias podem variar de desconfortos leves a problemas funcionais mais graves. Sendo assim, os principais riscos associados ao maxilar deslocado s\u00e3o:<\/p>\n\n\n\n<h3 class=\"wp-block-heading\">Dores cr\u00f4nicas<\/h3>\n\n\n\n<p>O desalinhamento do maxilar pode causar sobrecarga na articula\u00e7\u00e3o temporomandibular (ATM), resultando em <strong>dores persistentes<\/strong> na face, mand\u00edbula, pesco\u00e7o e at\u00e9 nas costas.<\/p>\n\n\n\n<p>Al\u00e9m disso, pode levar a<strong> <a href=\"https:\/\/www.codental.com.br\/blog\/dtm-saiba-tudo-sobre-esse-assunto\/?utm_source=blog&utm_medium=referral&utm_content=maxilar-deslocado-saiba-tudo-sobre\">disfun\u00e7\u00e3o temporomandibular (DTM)<\/a>,<\/strong> que incluem dores ao abrir a boca ou ao mastigar.<\/p>\n\n\n\n<h3 class=\"wp-block-heading\">Dificuldade na mastiga\u00e7\u00e3o<\/h3>\n\n\n\n<p>O desalinhamento pode afetar o encaixe correto dos dentes (oclus\u00e3o), dificultando a mastiga\u00e7\u00e3o e levando ao desgaste desigual dos dentes. Ademais, alimentos mal triturados podem impactar a digest\u00e3o.<\/p>\n\n\n\n<h3 class=\"wp-block-heading\">Problemas respirat\u00f3rios<\/h3>\n\n\n\n<p>Em casos mais graves, o deslocamento pode afetar a passagem de ar, levando a <strong>apneia obstrutiva do sono<\/strong> ou dificuldade para respirar, especialmente \u00e0 noite.<\/p>\n\n\n\n<h3 class=\"wp-block-heading\">Altera\u00e7\u00f5es na fala<\/h3>\n\n\n\n<p>O desalinhamento do maxilar pode comprometer a articula\u00e7\u00e3o das palavras, causando <strong>dificuldade na fala<\/strong> e altera\u00e7\u00f5es na pron\u00fancia.<\/p>\n\n\n\n<h3 class=\"wp-block-heading\">Desgaste dental<\/h3>\n\n\n\n<p>Um encaixe inadequado pode causar <strong>desgaste excessivo<\/strong> nos dentes, fraturas e aumento do risco de c\u00e1ries e problemas periodontais.<\/p>\n\n\n\n<h3 class=\"wp-block-heading\">Dores de cabe\u00e7a e enxaquecas<\/h3>\n\n\n\n<p>A tens\u00e3o causada pelo desalinhamento pode irradiar para m\u00fasculos faciais e cranianos, resultando em <strong>dores de cabe\u00e7a frequentes<\/strong>.<\/p>\n\n\n\n<h3 class=\"wp-block-heading\">Problemas est\u00e9ticos<\/h3>\n\n\n\n<p>O deslocamento pode alterar o formato do rosto, resultando em <strong>assimetria facial<\/strong>, o que pode afetar a autoestima e o bem-estar emocional.<\/p>\n\n\n\n<h3 class=\"wp-block-heading\">Deslocamento recorrente<\/h3>\n\n\n\n<p>Em casos n\u00e3o tratados, o maxilar pode deslocar-se com maior frequ\u00eancia, tornando-se uma condi\u00e7\u00e3o cr\u00f4nica e mais dif\u00edcil de corrigir.<\/p>\n\n\n\n<h3 class=\"wp-block-heading\">Complica\u00e7\u00f5es na articula\u00e7\u00e3o temporomandibular (ATM)<\/h3>\n\n\n\n<p>O desgaste do disco articular, inflama\u00e7\u00e3o e desenvolvimento de artrite na ATM s\u00e3o riscos associados ao deslocamento prolongado.<\/p>\n\n\n\n<h3 class=\"wp-block-heading\">Infec\u00e7\u00f5es ou inflama\u00e7\u00f5es<\/h3>\n\n\n\n<p>Em casos em que o deslocamento ocorre por trauma ou pancadas, pode haver risco de infec\u00e7\u00f5es associadas, especialmente se houver les\u00f5es nos tecidos moles ou fraturas.<\/p>\n\n\n\n<h2 class=\"wp-block-heading\">Sintomas do maxilar descolado<\/h2>\n\n\n\n<p>O deslocamento do maxilar pode causar uma s\u00e9rie de sintomas que variam em intensidade, dependendo do grau de desalinhamento, da causa subjacente e da dura\u00e7\u00e3o do problema. Dessa maneira, esses sintomas afetam geralmente a articula\u00e7\u00e3o temporomandibular (ATM) e os tecidos ao redor, comprometendo a funcionalidade da mand\u00edbula e gerando desconforto significativo.<\/p>\n\n\n\n<p>Entre os principais sinais, a <a href=\"https:\/\/www.codental.com.br\/blog\/dor-na-mandibula-6-causas-que-voce-precisa-saber\/?utm_source=blog&utm_medium=referral&utm_content=maxilar-deslocado-saiba-tudo-sobre\">dor \u00e9 o sintoma mais comum<\/a>. Entretanto, ela pode ser localizada na ATM, pr\u00f3xima ao ouvido, e frequentemente irradia para outras regi\u00f5es, como face, pesco\u00e7o, ombros e cabe\u00e7a. Essa dor geralmente se intensifica ao abrir ou fechar a boca, especialmente durante atividades como mastigar ou falar.<\/p>\n\n\n\n<p>Outro sintoma recorrente \u00e9 a dificuldade para abrir ou fechar a boca. Muitas vezes, a mand\u00edbula pode parecer \u201cpresa\u201d ou \u201cdesencaixada\u201d, limitando os movimentos ou travando em uma posi\u00e7\u00e3o anormal. Dessa maneira, esse travamento \u00e9 frequentemente acompanhado por estalos ou ru\u00eddos, como cliques ou rangidos, ao movimentar o maxilar. Esses sons podem ser aud\u00edveis e, em alguns casos, dolorosos.<\/p>\n\n\n\n<p>O incha\u00e7o ou a sensibilidade ao redor da articula\u00e7\u00e3o tamb\u00e9m s\u00e3o comuns, assim como uma sensa\u00e7\u00e3o de rigidez ou tens\u00e3o muscular na regi\u00e3o mandibular.<\/p>\n\n\n\n<p>Al\u00e9m disso, dificuldades na mastiga\u00e7\u00e3o s\u00e3o frequentes, com a sensa\u00e7\u00e3o de que os dentes n\u00e3o se encaixam corretamente ao fechar a boca. Dessa forma, esse desalinhamento pode interferir na fala, dificultando a articula\u00e7\u00e3o das palavras e alterando o padr\u00e3o vocal.<\/p>\n\n\n\n<p>Sintomas adicionais incluem zumbido ou dor nos ouvidos devido \u00e0 proximidade da ATM com o sistema auditivo. Alguns pacientes tamb\u00e9m relatam dores de cabe\u00e7a ou enxaquecas frequentes, decorrentes do esfor\u00e7o excessivo dos m\u00fasculos da mand\u00edbula. Ademais, em casos mais graves, podem ocorrer tontura, n\u00e1usea e at\u00e9 dificuldades respirat\u00f3rias, especialmente durante o sono, devido ao impacto nas vias a\u00e9reas.<\/p>\n\n\n\n<h2 class=\"wp-block-heading\"><a href=\"https:\/\/www.codental.com.br\/blog\/cirurgia-ortognatica-saiba-tudo-sobre-o-procedimento\/?utm_source=blog&utm_medium=referral&utm_content=maxilar-deslocado-saiba-tudo-sobre\">Cirurgia<\/a><\/h2>\n\n\n\n<p>A cirurgia para corre\u00e7\u00e3o de um <strong>maxilar deslocado<\/strong> \u00e9 geralmente indicada em casos em que h\u00e1 altera\u00e7\u00f5es severas na posi\u00e7\u00e3o da mand\u00edbula ou maxila, que podem impactar a funcionalidade e a est\u00e9tica do rosto. Essas condi\u00e7\u00f5es podem causar problemas na mastiga\u00e7\u00e3o, fala, respira\u00e7\u00e3o e dores na articula\u00e7\u00e3o temporomandibular (ATM), al\u00e9m de desconfortos est\u00e9ticos.<\/p>\n\n\n\n<h3 class=\"wp-block-heading\">Quando a cirurgia \u00e9 indicada?<\/h3>\n\n\n\n<p>A cirurgia pode ser necess\u00e1ria nos casos em que o desalinhamento n\u00e3o pode ser corrigido apenas com tratamentos conservadores, como <a href=\"https:\/\/www.codental.com.br\/blog\/aparelho-ortodontico-saiba-tudo-sobre-o-assunto\/?utm_source=blog&utm_medium=referral&utm_content=maxilar-deslocado-saiba-tudo-sobre\">aparelhos ortod\u00f4nticos<\/a> ou terapias para a ATM.<\/p>\n\n\n\n<p>Dessa forma, as indica\u00e7\u00f5es cir\u00fargicas mais comuns s\u00e3o devido ao desalinhamento grave entre a maxila e a mand\u00edbula; dor cr\u00f4nica ou dificuldade funcional na mastiga\u00e7\u00e3o, respira\u00e7\u00e3o ou fala e por quest\u00f5es est\u00e9ticas que afetam a harmonia facial.<\/p>\n\n\n\n<h3 class=\"wp-block-heading\">Tipos de cirurgia para maxilar deslocado<\/h3>\n\n\n\n<p>As cirurgias realizadas para corrigir o maxilar deslocado fazem parte da cirurgia ortogn\u00e1tica, que reposiciona a mand\u00edbula, maxila ou ambos. Todavia, existem alguns tipos dessa cirurgia, sendo elas:<\/p>\n\n\n\n<ul class=\"wp-block-list\">\n<li><strong>Osteotomia mandibular:<\/strong> indicada quando a mand\u00edbula est\u00e1 muito avan\u00e7ada ou recuada.<\/li>\n\n\n\n<li><strong>Osteotomia da maxila:<\/strong> corrige posicionamentos inadequados do maxilar superior, como proje\u00e7\u00e3o excessiva ou retra\u00e7\u00e3o.<\/li>\n<\/ul>\n\n\n\n<ul class=\"wp-block-list\">\n<li><strong>Cirurgia bimaxilar:<\/strong> reposiciona tanto a mand\u00edbula quanto a maxila, indicada em casos de desalinhamento severo entre os dois.<\/li>\n\n\n\n<li><strong>Cirurgia para ATM:<\/strong> para corrigir deslocamentos relacionados \u00e0 articula\u00e7\u00e3o temporomandibular, especialmente se o problema for causado por um disco deslocado ou outro dano estrutural.<\/li>\n<\/ul>\n\n\n\n<h3 class=\"wp-block-heading\">Como \u00e9 realizada a cirurgia?<\/h3>\n\n\n\n<p>Todas as cirurgias realizadas para o deslocamento de maxilar s\u00e3o feitas com anestesia geral, com incis\u00f5es dentro da boca, o que minimiza as cicatrizes vis\u00edveis, resultando em uma boa est\u00e9tica.<\/p>\n\n\n\n<p>Em seguida, os ossos s\u00e3o reposicionados e fixados com placas e parafusos de tit\u00e2nio. O tempo m\u00e9dio de cirurgia ir\u00e1 variar conforme a complexidade de casa caso, tendo uma dura\u00e7\u00e3o m\u00e9dia de 2 a 4 horas.<\/p>\n\n\n\n<p>Para esse tipo de cirurgia, o paciente fica normalmente internado de 1 a 2 dias. Al\u00e9m disso, ap\u00f3s a cirurgia se recomenda dieta l\u00edquida\/pastosa durante as primeiras semanas, at\u00e9 a cicatriza\u00e7\u00e3o inicial, uso de el\u00e1sticos ou dispositivos para estabiliza\u00e7\u00e3o da mordida.<\/p>\n\n\n\n<p>Dessa forma, a recupera\u00e7\u00e3o completa do paciente dura geralmente entre 3 e 6 meses, sendo necess\u00e1rio orientar o paciente sobre o incha\u00e7o p\u00f3s-cir\u00fargico, que ir\u00e1 diminuir progressivamente.<\/p>\n\n\n\n<p>Nesses casos, quando realizado o p\u00f3s-operat\u00f3rio adequadamente a cirurgia traz v\u00e1rios benef\u00edcios, como melhoria na funcionalidade da mastiga\u00e7\u00e3o, fala e respira\u00e7\u00e3o; redu\u00e7\u00e3o das dores na ATM, melhora a est\u00e9tica facial e traz harmonia do perfil; al\u00e9m de levar melhorar a qualidade de vida e aumento da autoestima do paciente.<\/p>\n\n\n\n<p>O maxilar deslocado \u00e9 um problema muito s\u00e9rio e deve ser tratado com total aten\u00e7\u00e3o, pois pode gerar s\u00e9rias consequ\u00eancias aos pacientes. Portanto, ao identificar a condi\u00e7\u00e3o deve-se estudar a melhor forma de tratamento, visando solucionar o problema e devolver qualidade de vida aos pacientes.<\/p>\n","protected":false},"excerpt":{"rendered":"<p>O maxilar deslocado \u00e9 um problema que atinge alguns pacientes, sendo derivado do deslocamento&#8230;<\/p>\n","protected":false},"author":34,"featured_media":5944,"comment_status":"closed","ping_status":"closed","sticky":false,"template":"","format":"standard","meta":{"_target_audience":"","footnotes":""},"categories":[247],"tags":[343,288],"class_list":["post-5942","post","type-post","status-publish","format-standard","has-post-thumbnail","hentry","category-doencas-odontologicas","tag-maxilar-travado","tag-maxilas-estalando"],"yoast_head":"<!-- This site is optimized with the Yoast SEO plugin v27.2 - https:\/\/yoast.com\/product\/yoast-seo-wordpress\/ -->\n<title>Maxilar deslocado: saiba tudo sobre!<\/title>\n<meta name=\"description\" content=\"O maxilar deslocado \u00e9 um problema que atinge alguns pacientes, sendo derivado do deslocamento da ATM. Confira!\" \/>\n<meta name=\"robots\" content=\"index, follow, max-snippet:-1, max-image-preview:large, max-video-preview:-1\" \/>\n<link rel=\"canonical\" href=\"https:\/\/www.codental.com.br\/blog\/maxilar-deslocado-saiba-tudo-sobre\/\" \/>\n<meta property=\"og:locale\" content=\"pt_BR\" \/>\n<meta property=\"og:type\" content=\"article\" \/>\n<meta property=\"og:title\" content=\"Maxilar deslocado: saiba tudo sobre!\" \/>\n<meta property=\"og:description\" content=\"O maxilar deslocado \u00e9 um problema que atinge alguns pacientes, sendo derivado do deslocamento da ATM. Confira!\" \/>\n<meta property=\"og:url\" content=\"https:\/\/www.codental.com.br\/blog\/maxilar-deslocado-saiba-tudo-sobre\/\" \/>\n<meta property=\"og:site_name\" content=\"Codental Blog\" \/>\n<meta property=\"article:publisher\" content=\"http:\/\/www.facebook.com\/codentalbr\" \/>\n<meta property=\"article:published_time\" content=\"2024-12-15T21:00:00+00:00\" \/>\n<meta property=\"article:modified_time\" content=\"2024-12-15T21:26:35+00:00\" \/>\n<meta property=\"og:image\" content=\"https:\/\/www.codental.com.br\/blog\/wp-content\/uploads\/2024\/12\/maxilar-deslocado.jpeg\" \/>\n\t<meta property=\"og:image:width\" content=\"1280\" \/>\n\t<meta property=\"og:image:height\" content=\"696\" \/>\n\t<meta property=\"og:image:type\" content=\"image\/jpeg\" \/>\n<meta name=\"author\" content=\"Alice Miranda\" \/>\n<meta name=\"twitter:card\" content=\"summary_large_image\" \/>\n<meta name=\"twitter:creator\" content=\"@CodentalBr\" \/>\n<meta name=\"twitter:site\" content=\"@CodentalBr\" \/>\n<meta name=\"twitter:label1\" content=\"Escrito por\" \/>\n\t<meta name=\"twitter:data1\" content=\"Alice Miranda\" \/>\n\t<meta name=\"twitter:label2\" content=\"Est. tempo de leitura\" \/>\n\t<meta name=\"twitter:data2\" content=\"9 minutos\" \/>\n<script type=\"application\/ld+json\" class=\"yoast-schema-graph\">{\"@context\":\"https:\/\/schema.org\",\"@graph\":[{\"@type\":\"Article\",\"@id\":\"https:\/\/www.codental.com.br\/blog\/maxilar-deslocado-saiba-tudo-sobre\/#article\",\"isPartOf\":{\"@id\":\"https:\/\/www.codental.com.br\/blog\/maxilar-deslocado-saiba-tudo-sobre\/\"},\"author\":{\"name\":\"Alice Miranda\",\"@id\":\"https:\/\/www.codental.com.br\/blog\/#\/schema\/person\/3af2d53a3b99262b7024bf67dcba5cfa\"},\"headline\":\"Maxilar deslocado: saiba tudo sobre!\",\"datePublished\":\"2024-12-15T21:00:00+00:00\",\"dateModified\":\"2024-12-15T21:26:35+00:00\",\"mainEntityOfPage\":{\"@id\":\"https:\/\/www.codental.com.br\/blog\/maxilar-deslocado-saiba-tudo-sobre\/\"},\"wordCount\":1635,\"publisher\":{\"@id\":\"https:\/\/www.codental.com.br\/blog\/#organization\"},\"image\":{\"@id\":\"https:\/\/www.codental.com.br\/blog\/maxilar-deslocado-saiba-tudo-sobre\/#primaryimage\"},\"thumbnailUrl\":\"https:\/\/www.codental.com.br\/blog\/wp-content\/uploads\/2024\/12\/maxilar-deslocado.jpeg\",\"keywords\":[\"Maxilar travado\",\"Maxilas estalando\"],\"articleSection\":[\"Doen\u00e7as odontol\u00f3gicas\"],\"inLanguage\":\"pt-BR\"},{\"@type\":\"WebPage\",\"@id\":\"https:\/\/www.codental.com.br\/blog\/maxilar-deslocado-saiba-tudo-sobre\/\",\"url\":\"https:\/\/www.codental.com.br\/blog\/maxilar-deslocado-saiba-tudo-sobre\/\",\"name\":\"Maxilar deslocado: saiba tudo sobre!\",\"isPartOf\":{\"@id\":\"https:\/\/www.codental.com.br\/blog\/#website\"},\"primaryImageOfPage\":{\"@id\":\"https:\/\/www.codental.com.br\/blog\/maxilar-deslocado-saiba-tudo-sobre\/#primaryimage\"},\"image\":{\"@id\":\"https:\/\/www.codental.com.br\/blog\/maxilar-deslocado-saiba-tudo-sobre\/#primaryimage\"},\"thumbnailUrl\":\"https:\/\/www.codental.com.br\/blog\/wp-content\/uploads\/2024\/12\/maxilar-deslocado.jpeg\",\"datePublished\":\"2024-12-15T21:00:00+00:00\",\"dateModified\":\"2024-12-15T21:26:35+00:00\",\"description\":\"O maxilar deslocado \u00e9 um problema que atinge alguns pacientes, sendo derivado do deslocamento da ATM. Confira!\",\"breadcrumb\":{\"@id\":\"https:\/\/www.codental.com.br\/blog\/maxilar-deslocado-saiba-tudo-sobre\/#breadcrumb\"},\"inLanguage\":\"pt-BR\",\"potentialAction\":[{\"@type\":\"ReadAction\",\"target\":[\"https:\/\/www.codental.com.br\/blog\/maxilar-deslocado-saiba-tudo-sobre\/\"]}]},{\"@type\":\"ImageObject\",\"inLanguage\":\"pt-BR\",\"@id\":\"https:\/\/www.codental.com.br\/blog\/maxilar-deslocado-saiba-tudo-sobre\/#primaryimage\",\"url\":\"https:\/\/www.codental.com.br\/blog\/wp-content\/uploads\/2024\/12\/maxilar-deslocado.jpeg\",\"contentUrl\":\"https:\/\/www.codental.com.br\/blog\/wp-content\/uploads\/2024\/12\/maxilar-deslocado.jpeg\",\"width\":1280,\"height\":696,\"caption\":\"maxilar deslocado\"},{\"@type\":\"BreadcrumbList\",\"@id\":\"https:\/\/www.codental.com.br\/blog\/maxilar-deslocado-saiba-tudo-sobre\/#breadcrumb\",\"itemListElement\":[{\"@type\":\"ListItem\",\"position\":1,\"name\":\"In\u00edcio\",\"item\":\"https:\/\/www.codental.com.br\/blog\/\"},{\"@type\":\"ListItem\",\"position\":2,\"name\":\"Maxilar deslocado: saiba tudo sobre!\"}]},{\"@type\":\"WebSite\",\"@id\":\"https:\/\/www.codental.com.br\/blog\/#website\",\"url\":\"https:\/\/www.codental.com.br\/blog\/\",\"name\":\"Codental Blog\",\"description\":\"Artigos e not\u00edcias sobre odontologia\",\"publisher\":{\"@id\":\"https:\/\/www.codental.com.br\/blog\/#organization\"},\"potentialAction\":[{\"@type\":\"SearchAction\",\"target\":{\"@type\":\"EntryPoint\",\"urlTemplate\":\"https:\/\/www.codental.com.br\/blog\/?s={search_term_string}\"},\"query-input\":{\"@type\":\"PropertyValueSpecification\",\"valueRequired\":true,\"valueName\":\"search_term_string\"}}],\"inLanguage\":\"pt-BR\"},{\"@type\":\"Organization\",\"@id\":\"https:\/\/www.codental.com.br\/blog\/#organization\",\"name\":\"Codental\",\"url\":\"https:\/\/codental.com.br\/\",\"logo\":{\"@type\":\"ImageObject\",\"inLanguage\":\"pt-BR\",\"@id\":\"https:\/\/www.codental.com.br\/blog\/#\/schema\/logo\/image\/\",\"url\":\"https:\/\/www.codental.com.br\/blog\/wp-content\/uploads\/2018\/10\/logo.png\",\"contentUrl\":\"https:\/\/www.codental.com.br\/blog\/wp-content\/uploads\/2018\/10\/logo.png\",\"width\":1200,\"height\":300,\"caption\":\"Codental\"},\"image\":{\"@id\":\"https:\/\/www.codental.com.br\/blog\/#\/schema\/logo\/image\/\"},\"sameAs\":[\"http:\/\/www.facebook.com\/codentalbr\",\"https:\/\/x.com\/CodentalBr\",\"https:\/\/www.instagram.com\/codentalbr\/\"]},{\"@type\":\"Person\",\"@id\":\"https:\/\/www.codental.com.br\/blog\/#\/schema\/person\/3af2d53a3b99262b7024bf67dcba5cfa\",\"name\":\"Alice Miranda\",\"image\":{\"@type\":\"ImageObject\",\"inLanguage\":\"pt-BR\",\"@id\":\"https:\/\/www.codental.com.br\/blog\/wp-content\/uploads\/2018\/10\/o0UpmXCC_400x400-150x150.jpg\",\"url\":\"https:\/\/www.codental.com.br\/blog\/wp-content\/uploads\/2018\/10\/o0UpmXCC_400x400-150x150.jpg\",\"contentUrl\":\"https:\/\/www.codental.com.br\/blog\/wp-content\/uploads\/2018\/10\/o0UpmXCC_400x400-150x150.jpg\",\"caption\":\"Alice Miranda\"},\"url\":\"https:\/\/www.codental.com.br\/blog\/author\/alice-miranda\/\"}]}<\/script>\n<!-- \/ Yoast SEO plugin. -->","yoast_head_json":{"title":"Maxilar deslocado: saiba tudo sobre!","description":"O maxilar deslocado \u00e9 um problema que atinge alguns pacientes, sendo derivado do deslocamento da ATM. Confira!","robots":{"index":"index","follow":"follow","max-snippet":"max-snippet:-1","max-image-preview":"max-image-preview:large","max-video-preview":"max-video-preview:-1"},"canonical":"https:\/\/www.codental.com.br\/blog\/maxilar-deslocado-saiba-tudo-sobre\/","og_locale":"pt_BR","og_type":"article","og_title":"Maxilar deslocado: saiba tudo sobre!","og_description":"O maxilar deslocado \u00e9 um problema que atinge alguns pacientes, sendo derivado do deslocamento da ATM. Confira!","og_url":"https:\/\/www.codental.com.br\/blog\/maxilar-deslocado-saiba-tudo-sobre\/","og_site_name":"Codental Blog","article_publisher":"http:\/\/www.facebook.com\/codentalbr","article_published_time":"2024-12-15T21:00:00+00:00","article_modified_time":"2024-12-15T21:26:35+00:00","og_image":[{"width":1280,"height":696,"url":"https:\/\/www.codental.com.br\/blog\/wp-content\/uploads\/2024\/12\/maxilar-deslocado.jpeg","type":"image\/jpeg"}],"author":"Alice Miranda","twitter_card":"summary_large_image","twitter_creator":"@CodentalBr","twitter_site":"@CodentalBr","twitter_misc":{"Escrito por":"Alice Miranda","Est. tempo de leitura":"9 minutos"},"schema":{"@context":"https:\/\/schema.org","@graph":[{"@type":"Article","@id":"https:\/\/www.codental.com.br\/blog\/maxilar-deslocado-saiba-tudo-sobre\/#article","isPartOf":{"@id":"https:\/\/www.codental.com.br\/blog\/maxilar-deslocado-saiba-tudo-sobre\/"},"author":{"name":"Alice Miranda","@id":"https:\/\/www.codental.com.br\/blog\/#\/schema\/person\/3af2d53a3b99262b7024bf67dcba5cfa"},"headline":"Maxilar deslocado: saiba tudo sobre!","datePublished":"2024-12-15T21:00:00+00:00","dateModified":"2024-12-15T21:26:35+00:00","mainEntityOfPage":{"@id":"https:\/\/www.codental.com.br\/blog\/maxilar-deslocado-saiba-tudo-sobre\/"},"wordCount":1635,"publisher":{"@id":"https:\/\/www.codental.com.br\/blog\/#organization"},"image":{"@id":"https:\/\/www.codental.com.br\/blog\/maxilar-deslocado-saiba-tudo-sobre\/#primaryimage"},"thumbnailUrl":"https:\/\/www.codental.com.br\/blog\/wp-content\/uploads\/2024\/12\/maxilar-deslocado.jpeg","keywords":["Maxilar travado","Maxilas estalando"],"articleSection":["Doen\u00e7as odontol\u00f3gicas"],"inLanguage":"pt-BR"},{"@type":"WebPage","@id":"https:\/\/www.codental.com.br\/blog\/maxilar-deslocado-saiba-tudo-sobre\/","url":"https:\/\/www.codental.com.br\/blog\/maxilar-deslocado-saiba-tudo-sobre\/","name":"Maxilar deslocado: saiba tudo sobre!","isPartOf":{"@id":"https:\/\/www.codental.com.br\/blog\/#website"},"primaryImageOfPage":{"@id":"https:\/\/www.codental.com.br\/blog\/maxilar-deslocado-saiba-tudo-sobre\/#primaryimage"},"image":{"@id":"https:\/\/www.codental.com.br\/blog\/maxilar-deslocado-saiba-tudo-sobre\/#primaryimage"},"thumbnailUrl":"https:\/\/www.codental.com.br\/blog\/wp-content\/uploads\/2024\/12\/maxilar-deslocado.jpeg","datePublished":"2024-12-15T21:00:00+00:00","dateModified":"2024-12-15T21:26:35+00:00","description":"O maxilar deslocado \u00e9 um problema que atinge alguns pacientes, sendo derivado do deslocamento da ATM. Confira!","breadcrumb":{"@id":"https:\/\/www.codental.com.br\/blog\/maxilar-deslocado-saiba-tudo-sobre\/#breadcrumb"},"inLanguage":"pt-BR","potentialAction":[{"@type":"ReadAction","target":["https:\/\/www.codental.com.br\/blog\/maxilar-deslocado-saiba-tudo-sobre\/"]}]},{"@type":"ImageObject","inLanguage":"pt-BR","@id":"https:\/\/www.codental.com.br\/blog\/maxilar-deslocado-saiba-tudo-sobre\/#primaryimage","url":"https:\/\/www.codental.com.br\/blog\/wp-content\/uploads\/2024\/12\/maxilar-deslocado.jpeg","contentUrl":"https:\/\/www.codental.com.br\/blog\/wp-content\/uploads\/2024\/12\/maxilar-deslocado.jpeg","width":1280,"height":696,"caption":"maxilar deslocado"},{"@type":"BreadcrumbList","@id":"https:\/\/www.codental.com.br\/blog\/maxilar-deslocado-saiba-tudo-sobre\/#breadcrumb","itemListElement":[{"@type":"ListItem","position":1,"name":"In\u00edcio","item":"https:\/\/www.codental.com.br\/blog\/"},{"@type":"ListItem","position":2,"name":"Maxilar deslocado: saiba tudo sobre!"}]},{"@type":"WebSite","@id":"https:\/\/www.codental.com.br\/blog\/#website","url":"https:\/\/www.codental.com.br\/blog\/","name":"Codental Blog","description":"Artigos e not\u00edcias sobre odontologia","publisher":{"@id":"https:\/\/www.codental.com.br\/blog\/#organization"},"potentialAction":[{"@type":"SearchAction","target":{"@type":"EntryPoint","urlTemplate":"https:\/\/www.codental.com.br\/blog\/?s={search_term_string}"},"query-input":{"@type":"PropertyValueSpecification","valueRequired":true,"valueName":"search_term_string"}}],"inLanguage":"pt-BR"},{"@type":"Organization","@id":"https:\/\/www.codental.com.br\/blog\/#organization","name":"Codental","url":"https:\/\/codental.com.br\/","logo":{"@type":"ImageObject","inLanguage":"pt-BR","@id":"https:\/\/www.codental.com.br\/blog\/#\/schema\/logo\/image\/","url":"https:\/\/www.codental.com.br\/blog\/wp-content\/uploads\/2018\/10\/logo.png","contentUrl":"https:\/\/www.codental.com.br\/blog\/wp-content\/uploads\/2018\/10\/logo.png","width":1200,"height":300,"caption":"Codental"},"image":{"@id":"https:\/\/www.codental.com.br\/blog\/#\/schema\/logo\/image\/"},"sameAs":["http:\/\/www.facebook.com\/codentalbr","https:\/\/x.com\/CodentalBr","https:\/\/www.instagram.com\/codentalbr\/"]},{"@type":"Person","@id":"https:\/\/www.codental.com.br\/blog\/#\/schema\/person\/3af2d53a3b99262b7024bf67dcba5cfa","name":"Alice Miranda","image":{"@type":"ImageObject","inLanguage":"pt-BR","@id":"https:\/\/www.codental.com.br\/blog\/wp-content\/uploads\/2018\/10\/o0UpmXCC_400x400-150x150.jpg","url":"https:\/\/www.codental.com.br\/blog\/wp-content\/uploads\/2018\/10\/o0UpmXCC_400x400-150x150.jpg","contentUrl":"https:\/\/www.codental.com.br\/blog\/wp-content\/uploads\/2018\/10\/o0UpmXCC_400x400-150x150.jpg","caption":"Alice Miranda"},"url":"https:\/\/www.codental.com.br\/blog\/author\/alice-miranda\/"}]}},"_links":{"self":[{"href":"https:\/\/www.codental.com.br\/blog\/wp-json\/wp\/v2\/posts\/5942","targetHints":{"allow":["GET"]}}],"collection":[{"href":"https:\/\/www.codental.com.br\/blog\/wp-json\/wp\/v2\/posts"}],"about":[{"href":"https:\/\/www.codental.com.br\/blog\/wp-json\/wp\/v2\/types\/post"}],"author":[{"embeddable":true,"href":"https:\/\/www.codental.com.br\/blog\/wp-json\/wp\/v2\/users\/34"}],"replies":[{"embeddable":true,"href":"https:\/\/www.codental.com.br\/blog\/wp-json\/wp\/v2\/comments?post=5942"}],"version-history":[{"count":2,"href":"https:\/\/www.codental.com.br\/blog\/wp-json\/wp\/v2\/posts\/5942\/revisions"}],"predecessor-version":[{"id":5947,"href":"https:\/\/www.codental.com.br\/blog\/wp-json\/wp\/v2\/posts\/5942\/revisions\/5947"}],"wp:featuredmedia":[{"embeddable":true,"href":"https:\/\/www.codental.com.br\/blog\/wp-json\/wp\/v2\/media\/5944"}],"wp:attachment":[{"href":"https:\/\/www.codental.com.br\/blog\/wp-json\/wp\/v2\/media?parent=5942"}],"wp:term":[{"taxonomy":"category","embeddable":true,"href":"https:\/\/www.codental.com.br\/blog\/wp-json\/wp\/v2\/categories?post=5942"},{"taxonomy":"post_tag","embeddable":true,"href":"https:\/\/www.codental.com.br\/blog\/wp-json\/wp\/v2\/tags?post=5942"}],"curies":[{"name":"wp","href":"https:\/\/api.w.org\/{rel}","templated":true}]}}