{"id":5938,"date":"2024-12-12T18:00:00","date_gmt":"2024-12-12T21:00:00","guid":{"rendered":"https:\/\/www.codental.com.br\/blog\/?p=5938"},"modified":"2024-12-12T20:57:30","modified_gmt":"2024-12-12T23:57:30","slug":"apicectomia-saiba-tudo-sobre-essa-condicao","status":"publish","type":"post","link":"https:\/\/www.codental.com.br\/blog\/apicectomia-saiba-tudo-sobre-essa-condicao\/","title":{"rendered":"Apicectomia: saiba tudo sobre essa condi\u00e7\u00e3o!"},"content":{"rendered":"\n<p>As les\u00f5es dent\u00e1rias podem trazer muitos problemas para os pacientes, a apicectomia pode ser uma solu\u00e7\u00e3o para eles.&nbsp;<\/p>\n\n\n\n<p>A <strong>apicectomia \u00e9 uma forma alternativa de tratamento em caso de problemas odontol\u00f3gicos<\/strong>, especialmente com a ponta do dente, o que tamb\u00e9m se denomina cirurgia periapical.\u00a0<\/p>\n\n\n\n<p>Sendo assim, \u00e9 uma solu\u00e7\u00e3o para a ponta e raiz dos dentes, nos casos onde outras solu\u00e7\u00f5es de resolu\u00e7\u00e3o mais f\u00e1ceis n\u00e3o s\u00e3o aceit\u00e1veis.<\/p>\n\n\n\n<p>Pensando em ajudar voc\u00ea a descobrir tudo sobre apicectomia, preparamos o artigo abaixo com tudo que voc\u00ea precisa saber sobre esse tratamento. Confira!<\/p>\n\n\n\n<h2 class=\"wp-block-heading\">O que \u00e9 apicectomia?&nbsp;<\/h2>\n\n\n\n<p>A apicectomia \u00e9 um tratamento que deve ser realizado quando um paciente apresenta problemas dent\u00e1rios que n\u00e3o podem ser tratados de forma mais simples como, por exemplo, um <a href=\"https:\/\/www.codental.com.br\/blog\/canal-no-dente-entenda-tudo-sobre-esse-procedimento\/?utm_source=blog&utm_medium=referral&utm_content=apicectomia-saiba-tudo-sobre-essa-condicao\">tratamento de canal<\/a> ou <a href=\"https:\/\/www.codental.com.br\/blog\/obturacao-do-dente-tudo-que-voce-precisa-saber\/?utm_source=blog&utm_medium=referral&utm_content=apicectomia-saiba-tudo-sobre-essa-condicao\">obtura\u00e7\u00f5es<\/a>.\u00a0<\/p>\n\n\n\n<p>Assim sendo, em algumas situa\u00e7\u00f5es onde o paciente apresenta dores, incha\u00e7os e infec\u00e7\u00f5es constantes na regi\u00e3o do dente, mesmo ap\u00f3s a realiza\u00e7\u00e3o de tratamentos simples, a apicectomia pode ser a solu\u00e7\u00e3o para elimina\u00e7\u00e3o deste problema.&nbsp;<\/p>\n\n\n\n<p>Portanto, realiza-se essa cirurgia na ponta da raiz dos dentes, visando remover as les\u00f5es intra\u00f3sseas, de origem infecciosa, que se desenvolvem nesta regi\u00e3o e levam \u00e0 destrui\u00e7\u00e3o do osso<a href=\"https:\/\/www.codental.com.br\/blog\/maxilar-anatomia-principais-causas-de-dor-e-muito-mais\/?utm_source=blog&utm_medium=referral&utm_content=apicectomia-saiba-tudo-sobre-essa-condicao\"> maxilar <\/a>ou mandibular.\u00a0<\/p>\n\n\n\n<p>Entretanto, deve-se ter em mente que a evolu\u00e7\u00e3o de uma les\u00e3o no \u00e1pice da raiz \u00e9 gradual, longa e \u00e9 diagnosticada somente mediante exame radiogr\u00e1fico, assim, a apicectomia \u00e9 utilizada para retirada da les\u00e3o e da ponta da raiz do dente.&nbsp;<\/p>\n\n\n\n<h2 class=\"wp-block-heading\">Quando se indica a apicectomia?<\/h2>\n\n\n\n<p>A principal indica\u00e7\u00e3o para a realiza\u00e7\u00e3o da apicectomia \u00e9 a presen\u00e7a de infec\u00e7\u00e3o dental persistente e irrevers\u00edvel, que n\u00e3o pode ser resolvida por tratamentos endod\u00f4nticos convencionais, como o tratamento de canal. Embora o tratamento de canal seja amplamente utilizado, nem sempre se mostra eficaz, o que torna necess\u00e1ria a interven\u00e7\u00e3o cir\u00fargica.<\/p>\n\n\n\n<p>Al\u00e9m das infec\u00e7\u00f5es persistentes, pode-se indicar a apicectomia em outras situa\u00e7\u00f5es, como:<\/p>\n\n\n\n<ul class=\"wp-block-list\">\n<li>Dilacera\u00e7\u00f5es nas ra\u00edzes;<\/li>\n\n\n\n<li>Perfura\u00e7\u00f5es no \u00faltimo ter\u00e7o das ra\u00edzes;<\/li>\n\n\n\n<li>Fraturas causadas por procedimentos cir\u00fargicos anteriores.<\/li>\n<\/ul>\n\n\n\n<p>Essa cirurgia tamb\u00e9m \u00e9 uma alternativa valiosa quando o objetivo \u00e9 evitar a <a href=\"https:\/\/www.codental.com.br\/blog\/extracao-de-dente-tudo-que-voce-precisa-saber\/?utm_source=blog&utm_medium=referral&utm_content=apicectomia-saiba-tudo-sobre-essa-condicao\">extra\u00e7\u00e3o do dente<\/a>, preservando sua funcionalidade, al\u00e9m de ser uma medida para tratar condi\u00e7\u00f5es que comprometam o sucesso do tratamento endod\u00f4ntico. Portanto, pode se considerar a apicectomia um recurso de \u00faltima inst\u00e2ncia para salvar dentes que, de outra forma, seriam extra\u00eddos.<\/p>\n\n\n\n<h2 class=\"wp-block-heading\">Passo a passo da apicectomia<\/h2>\n\n\n\n<p>Realiza-se a cirurgia periapical sob anestesia infiltrativa local, garantindo que o procedimento seja indolor para o paciente. <\/p>\n\n\n\n<p>O acesso \u00e0 les\u00e3o \u00e9 feito por via intraoral, iniciando-se pelo lado vestibular do maxilar, pr\u00f3ximo ao t\u00e9rmino das ra\u00edzes envolvidas. Uma incis\u00e3o \u00e9 feita com bisturi convencional ou laser para descolar a gengiva e acessar o osso maxilar. O osso \u00e9 ent\u00e3o &#8220;trepanado&#8221; utilizando brocas espec\u00edficas at\u00e9 expor a \u00e1rea da les\u00e3o periapical.<\/p>\n\n\n\n<p>Em seguida, realiza-se a extirpa\u00e7\u00e3o da \u00e1rea intra\u00f3ssea comprometida, o que envolve a ressec\u00e7\u00e3o dos \u00faltimos mil\u00edmetros da raiz ou ra\u00edzes afetadas. Os canais radiculares das ra\u00edzes envolvidas s\u00e3o posteriormente obturados com materiais biocompat\u00edveis, como am\u00e1lgama ou outros agentes de obtura\u00e7\u00e3o adequados. Esse procedimento \u00e9 uma apicectomia com obtura\u00e7\u00e3o retr\u00f3grada, caracterizando-se como uma cirurgia endod\u00f4ntica.<\/p>\n\n\n\n<p>Ao final, a \u00e1rea \u00e9 suturada, e a <a href=\"https:\/\/www.codental.com.br\/blog\/gengiva-inchada-tudo-que-voce-precisa-saber\/?utm_source=blog&utm_medium=referral&utm_content=apicectomia-saiba-tudo-sobre-essa-condicao\">gengiva<\/a> \u00e9 fechada. Em alguns casos, indica-se o preenchimento da cavidade intra\u00f3ssea com gr\u00e2nulos de osso sint\u00e9tico. Para monitoramento do sucesso do procedimento e da regress\u00e3o da les\u00e3o, recomenda-se a realiza\u00e7\u00e3o de radiografias peri\u00f3dicas.<\/p>\n\n\n\n<p>Como parte do protocolo, \u00e9 aconselh\u00e1vel o envio de uma amostra do tecido ressecado para an\u00e1lise anatomopatol\u00f3gica, a fim de garantir a caracteriza\u00e7\u00e3o precisa da natureza da les\u00e3o.<\/p>\n\n\n\n<h2 class=\"wp-block-heading\">P\u00f3s-operat\u00f3rio da apicectomia<\/h2>\n\n\n\n<p>O p\u00f3s-operat\u00f3rio \u00e9 uma fase muito importante de todo procedimento cir\u00fargico, devendo o paciente ser muito bem orientado, para que tudo saia como planejado.&nbsp;<\/p>\n\n\n\n<p>Um ponto importante de esclarecer \u00e9 sobre o desconforto, que ficar\u00e1 presente nos primeiros dias, sendo uma sintomatologia normal, que diminui com o passar do tempo. Entretanto, dentre as recomenda\u00e7\u00f5es a se seguir est\u00e3o:<\/p>\n\n\n\n<h3 class=\"wp-block-heading\">Repouso<\/h3>\n\n\n\n<p>O repouso p\u00f3s-cir\u00fargico \u00e9 uma recomenda\u00e7\u00e3o padr\u00e3o nesses casos. Isso se deve, pois, o corpo necessita de descanso para uma recupera\u00e7\u00e3o adequada. Sendo assim, oriente os pacientes a n\u00e3o realizarem atividade f\u00edsica na semana seguinte ao procedimento.<\/p>\n\n\n\n<h3 class=\"wp-block-heading\">Alimenta\u00e7\u00e3o<\/h3>\n\n\n\n<p>Outro ponto que deve haver aten\u00e7\u00e3o \u00e9 a alimenta\u00e7\u00e3o. Dessa forma, orienta-se o paciente a n\u00e3o consumir alimentos duros e em temperaturas extremas. Sendo assim, se evita choques t\u00e9rmicos na regi\u00e3o e press\u00e3o excessiva na \u00e1rea operada.<\/p>\n\n\n\n<h3 class=\"wp-block-heading\">Higiene bucal&nbsp;<\/h3>\n\n\n\n<p>Manter a boca sempre higienizada se torna essencial na recupera\u00e7\u00e3o de qualquer procedimento odontol\u00f3gico. Dessa maneira, explique ao paciente sobre a import\u00e2ncia e necessidade de escovar os dentes, sempre com cuidado e utilizando escovas macias. Al\u00e9m disso, deve-se indicar enxaguantes bucais sem \u00e1lcool para auxiliar na higieniza\u00e7\u00e3o durante essa fase.<\/p>\n\n\n\n<h3 class=\"wp-block-heading\">Medicamentos<\/h3>\n\n\n\n<p>Analg\u00e9sicos e anti-inflamat\u00f3rios podem ser indicados. Entretanto, lembre-se de explicar corretamente a administra\u00e7\u00e3o destes aos pacientes.<\/p>\n\n\n\n<h3 class=\"wp-block-heading\">Incha\u00e7o e gelo<\/h3>\n\n\n\n<p>Um sintoma comum no p\u00f3s-operat\u00f3rio da apicectomia \u00e9 a presen\u00e7a de edema na regi\u00e3o operada. Dessa maneira, deve-se orientar a aplica\u00e7\u00e3o de gelo na regi\u00e3o externa da bochecha, durante os 3 primeiros dias, auxiliando na redu\u00e7\u00e3o do incha\u00e7o.<\/p>\n\n\n\n<h3 class=\"wp-block-heading\">\u00c1lcool e cigarro<\/h3>\n\n\n\n<p>O \u00e1lcool e cigarro s\u00e3o elementos que comprometem a sa\u00fade bucal. Sendo assim, deve-se orientar aos pacientes a evitar o consumo destes durante a recupera\u00e7\u00e3o, para evitar preju\u00edzos a cicatriza\u00e7\u00e3o.<\/p>\n\n\n\n<h3 class=\"wp-block-heading\">Acompanhamento<\/h3>\n\n\n\n<p>O acompanhamento p\u00f3s-operat\u00f3rio \u00e9 essencial para a boa recupera\u00e7\u00e3o do paciente. Portanto, lembre de monitorar o progresso deles e garantir que entendam a import\u00e2ncia da frequ\u00eancia nas consultas.<\/p>\n\n\n\n<h2 class=\"wp-block-heading\">Riscos e complica\u00e7\u00f5es da apicectomia<\/h2>\n\n\n\n<p>Como em qualquer procedimento cir\u00fargico, a apicectomia apresenta riscos e poss\u00edveis complica\u00e7\u00f5es. Entretanto, quando o planejamento do tratamento \u00e9 bem estruturado e apoiado por exames de imagem, como <a href=\"https:\/\/www.codental.com.br\/blog\/tomografia-dentaria-tudo-que-voce-precisa-saber\/?utm_source=blog&utm_medium=referral&utm_content=apicectomia-saiba-tudo-sobre-essa-condicao\">tomografia computadorizada<\/a> ou dentalscan, que permitem uma visualiza\u00e7\u00e3o tridimensional da \u00e1rea a ser tratada, e s\u00e3o seguidos os cuidados p\u00f3s-operat\u00f3rios recomendados, a cirurgia torna-se um procedimento seguro e previs\u00edvel.<\/p>\n\n\n\n<p>Todavia, h\u00e1 situa\u00e7\u00f5es em que a apicectomia n\u00e3o \u00e9 vi\u00e1vel. Sendo assim, as contraindica\u00e7\u00f5es incluem a proximidade com estruturas anat\u00f4micas importantes, como nervos faciais, que podem ser lesionados, resultando em parestesias ou paralisias, al\u00e9m de dificuldades de acesso a \u00e1reas espec\u00edficas, como a raiz palatina dos molares superiores, localizada mais internamente na cavidade oral, na regi\u00e3o do palato.<\/p>\n\n\n\n<p>Concluindo, a apicectomia, apesar de ser um dos \u00faltimos recursos utilizados, \u00e9 um procedimento relativamente simples. Entretanto, o paciente deve realizar todas as recomenda\u00e7\u00f5es do p\u00f3s-operat\u00f3rio, al\u00e9m do dentista, lembrar que atualiza\u00e7\u00e3o constante \u00e9 a chave para procedimentos bem sucedidos.&nbsp;<\/p>\n","protected":false},"excerpt":{"rendered":"<p>As les\u00f5es dent\u00e1rias podem trazer muitos problemas para os pacientes, a apicectomia pode ser&#8230;<\/p>\n","protected":false},"author":16,"featured_media":5939,"comment_status":"closed","ping_status":"closed","sticky":false,"template":"","format":"standard","meta":{"_target_audience":"","footnotes":""},"categories":[129],"tags":[95],"class_list":["post-5938","post","type-post","status-publish","format-standard","has-post-thumbnail","hentry","category-tratamentos","tag-procedimentos-odontologia"],"yoast_head":"<!-- This site is optimized with the Yoast SEO plugin v27.2 - https:\/\/yoast.com\/product\/yoast-seo-wordpress\/ -->\n<title>Apicectomia: saiba tudo sobre essa condi\u00e7\u00e3o!<\/title>\n<meta name=\"description\" content=\"A apicectomia \u00e9 uma forma alternativa de tratamento em caso de problemas odontol\u00f3gicos. Confira tudo sobre!\" \/>\n<meta name=\"robots\" content=\"index, follow, max-snippet:-1, max-image-preview:large, max-video-preview:-1\" \/>\n<link rel=\"canonical\" href=\"https:\/\/www.codental.com.br\/blog\/apicectomia-saiba-tudo-sobre-essa-condicao\/\" \/>\n<meta property=\"og:locale\" content=\"pt_BR\" \/>\n<meta property=\"og:type\" content=\"article\" \/>\n<meta property=\"og:title\" content=\"Apicectomia: saiba tudo sobre essa condi\u00e7\u00e3o!\" \/>\n<meta property=\"og:description\" content=\"A apicectomia \u00e9 uma forma alternativa de tratamento em caso de problemas odontol\u00f3gicos. Confira tudo sobre!\" \/>\n<meta property=\"og:url\" content=\"https:\/\/www.codental.com.br\/blog\/apicectomia-saiba-tudo-sobre-essa-condicao\/\" \/>\n<meta property=\"og:site_name\" content=\"Codental Blog\" \/>\n<meta property=\"article:publisher\" content=\"http:\/\/www.facebook.com\/codentalbr\" \/>\n<meta property=\"article:published_time\" content=\"2024-12-12T21:00:00+00:00\" \/>\n<meta property=\"article:modified_time\" content=\"2024-12-12T23:57:30+00:00\" \/>\n<meta property=\"og:image\" content=\"https:\/\/www.codental.com.br\/blog\/wp-content\/uploads\/2024\/12\/Apicectomia.jpeg\" \/>\n\t<meta property=\"og:image:width\" content=\"1280\" \/>\n\t<meta property=\"og:image:height\" content=\"696\" \/>\n\t<meta property=\"og:image:type\" content=\"image\/jpeg\" \/>\n<meta name=\"author\" content=\"Juliana Costa\" \/>\n<meta name=\"twitter:card\" content=\"summary_large_image\" \/>\n<meta name=\"twitter:creator\" content=\"@CodentalBr\" \/>\n<meta name=\"twitter:site\" content=\"@CodentalBr\" \/>\n<meta name=\"twitter:label1\" content=\"Escrito por\" \/>\n\t<meta name=\"twitter:data1\" content=\"Juliana Costa\" \/>\n\t<meta name=\"twitter:label2\" content=\"Est. tempo de leitura\" \/>\n\t<meta name=\"twitter:data2\" content=\"6 minutos\" \/>\n<script type=\"application\/ld+json\" class=\"yoast-schema-graph\">{\"@context\":\"https:\/\/schema.org\",\"@graph\":[{\"@type\":\"Article\",\"@id\":\"https:\/\/www.codental.com.br\/blog\/apicectomia-saiba-tudo-sobre-essa-condicao\/#article\",\"isPartOf\":{\"@id\":\"https:\/\/www.codental.com.br\/blog\/apicectomia-saiba-tudo-sobre-essa-condicao\/\"},\"author\":{\"name\":\"Juliana Costa\",\"@id\":\"https:\/\/www.codental.com.br\/blog\/#\/schema\/person\/5d75a676c9e6f6bbbe61623d4d068ad7\"},\"headline\":\"Apicectomia: saiba tudo sobre essa condi\u00e7\u00e3o!\",\"datePublished\":\"2024-12-12T21:00:00+00:00\",\"dateModified\":\"2024-12-12T23:57:30+00:00\",\"mainEntityOfPage\":{\"@id\":\"https:\/\/www.codental.com.br\/blog\/apicectomia-saiba-tudo-sobre-essa-condicao\/\"},\"wordCount\":1187,\"publisher\":{\"@id\":\"https:\/\/www.codental.com.br\/blog\/#organization\"},\"image\":{\"@id\":\"https:\/\/www.codental.com.br\/blog\/apicectomia-saiba-tudo-sobre-essa-condicao\/#primaryimage\"},\"thumbnailUrl\":\"https:\/\/www.codental.com.br\/blog\/wp-content\/uploads\/2024\/12\/Apicectomia.jpeg\",\"keywords\":[\"procedimentos odontologia\"],\"articleSection\":[\"Tratamentos odontol\u00f3gicos\"],\"inLanguage\":\"pt-BR\"},{\"@type\":\"WebPage\",\"@id\":\"https:\/\/www.codental.com.br\/blog\/apicectomia-saiba-tudo-sobre-essa-condicao\/\",\"url\":\"https:\/\/www.codental.com.br\/blog\/apicectomia-saiba-tudo-sobre-essa-condicao\/\",\"name\":\"Apicectomia: saiba tudo sobre essa condi\u00e7\u00e3o!\",\"isPartOf\":{\"@id\":\"https:\/\/www.codental.com.br\/blog\/#website\"},\"primaryImageOfPage\":{\"@id\":\"https:\/\/www.codental.com.br\/blog\/apicectomia-saiba-tudo-sobre-essa-condicao\/#primaryimage\"},\"image\":{\"@id\":\"https:\/\/www.codental.com.br\/blog\/apicectomia-saiba-tudo-sobre-essa-condicao\/#primaryimage\"},\"thumbnailUrl\":\"https:\/\/www.codental.com.br\/blog\/wp-content\/uploads\/2024\/12\/Apicectomia.jpeg\",\"datePublished\":\"2024-12-12T21:00:00+00:00\",\"dateModified\":\"2024-12-12T23:57:30+00:00\",\"description\":\"A apicectomia \u00e9 uma forma alternativa de tratamento em caso de problemas odontol\u00f3gicos. Confira tudo sobre!\",\"breadcrumb\":{\"@id\":\"https:\/\/www.codental.com.br\/blog\/apicectomia-saiba-tudo-sobre-essa-condicao\/#breadcrumb\"},\"inLanguage\":\"pt-BR\",\"potentialAction\":[{\"@type\":\"ReadAction\",\"target\":[\"https:\/\/www.codental.com.br\/blog\/apicectomia-saiba-tudo-sobre-essa-condicao\/\"]}]},{\"@type\":\"ImageObject\",\"inLanguage\":\"pt-BR\",\"@id\":\"https:\/\/www.codental.com.br\/blog\/apicectomia-saiba-tudo-sobre-essa-condicao\/#primaryimage\",\"url\":\"https:\/\/www.codental.com.br\/blog\/wp-content\/uploads\/2024\/12\/Apicectomia.jpeg\",\"contentUrl\":\"https:\/\/www.codental.com.br\/blog\/wp-content\/uploads\/2024\/12\/Apicectomia.jpeg\",\"width\":1280,\"height\":696,\"caption\":\"Apicectomia\"},{\"@type\":\"BreadcrumbList\",\"@id\":\"https:\/\/www.codental.com.br\/blog\/apicectomia-saiba-tudo-sobre-essa-condicao\/#breadcrumb\",\"itemListElement\":[{\"@type\":\"ListItem\",\"position\":1,\"name\":\"In\u00edcio\",\"item\":\"https:\/\/www.codental.com.br\/blog\/\"},{\"@type\":\"ListItem\",\"position\":2,\"name\":\"Apicectomia: saiba tudo sobre essa condi\u00e7\u00e3o!\"}]},{\"@type\":\"WebSite\",\"@id\":\"https:\/\/www.codental.com.br\/blog\/#website\",\"url\":\"https:\/\/www.codental.com.br\/blog\/\",\"name\":\"Codental Blog\",\"description\":\"Artigos e not\u00edcias sobre odontologia\",\"publisher\":{\"@id\":\"https:\/\/www.codental.com.br\/blog\/#organization\"},\"potentialAction\":[{\"@type\":\"SearchAction\",\"target\":{\"@type\":\"EntryPoint\",\"urlTemplate\":\"https:\/\/www.codental.com.br\/blog\/?s={search_term_string}\"},\"query-input\":{\"@type\":\"PropertyValueSpecification\",\"valueRequired\":true,\"valueName\":\"search_term_string\"}}],\"inLanguage\":\"pt-BR\"},{\"@type\":\"Organization\",\"@id\":\"https:\/\/www.codental.com.br\/blog\/#organization\",\"name\":\"Codental\",\"url\":\"https:\/\/codental.com.br\/\",\"logo\":{\"@type\":\"ImageObject\",\"inLanguage\":\"pt-BR\",\"@id\":\"https:\/\/www.codental.com.br\/blog\/#\/schema\/logo\/image\/\",\"url\":\"https:\/\/www.codental.com.br\/blog\/wp-content\/uploads\/2018\/10\/logo.png\",\"contentUrl\":\"https:\/\/www.codental.com.br\/blog\/wp-content\/uploads\/2018\/10\/logo.png\",\"width\":1200,\"height\":300,\"caption\":\"Codental\"},\"image\":{\"@id\":\"https:\/\/www.codental.com.br\/blog\/#\/schema\/logo\/image\/\"},\"sameAs\":[\"http:\/\/www.facebook.com\/codentalbr\",\"https:\/\/x.com\/CodentalBr\",\"https:\/\/www.instagram.com\/codentalbr\/\"]},{\"@type\":\"Person\",\"@id\":\"https:\/\/www.codental.com.br\/blog\/#\/schema\/person\/5d75a676c9e6f6bbbe61623d4d068ad7\",\"name\":\"Juliana Costa\",\"image\":{\"@type\":\"ImageObject\",\"inLanguage\":\"pt-BR\",\"@id\":\"https:\/\/www.codental.com.br\/blog\/wp-content\/uploads\/2022\/11\/WhatsApp-Image-2022-10-27-at-08.36.04-343x240.jpeg\",\"url\":\"https:\/\/www.codental.com.br\/blog\/wp-content\/uploads\/2022\/11\/WhatsApp-Image-2022-10-27-at-08.36.04-343x240.jpeg\",\"contentUrl\":\"https:\/\/www.codental.com.br\/blog\/wp-content\/uploads\/2022\/11\/WhatsApp-Image-2022-10-27-at-08.36.04-343x240.jpeg\",\"caption\":\"Juliana Costa\"},\"description\":\"Mineira, 28 anos. Redatora e revisora do blog do Codental. Estudante de nutri\u00e7\u00e3o, apaixonada por ci\u00eancia, arte, bons livros e chocolate. Casada e m\u00e3e de uma doce menininha, acredita que o melhor da vida \u00e9 poder compartilhar bons momentos entre amigos e fam\u00edlia!\",\"sameAs\":[\"https:\/\/www.instagram.com\/juliana_costa\/\"],\"url\":\"https:\/\/www.codental.com.br\/blog\/author\/juliana\/\"}]}<\/script>\n<!-- \/ Yoast SEO plugin. -->","yoast_head_json":{"title":"Apicectomia: saiba tudo sobre essa condi\u00e7\u00e3o!","description":"A apicectomia \u00e9 uma forma alternativa de tratamento em caso de problemas odontol\u00f3gicos. Confira tudo sobre!","robots":{"index":"index","follow":"follow","max-snippet":"max-snippet:-1","max-image-preview":"max-image-preview:large","max-video-preview":"max-video-preview:-1"},"canonical":"https:\/\/www.codental.com.br\/blog\/apicectomia-saiba-tudo-sobre-essa-condicao\/","og_locale":"pt_BR","og_type":"article","og_title":"Apicectomia: saiba tudo sobre essa condi\u00e7\u00e3o!","og_description":"A apicectomia \u00e9 uma forma alternativa de tratamento em caso de problemas odontol\u00f3gicos. Confira tudo sobre!","og_url":"https:\/\/www.codental.com.br\/blog\/apicectomia-saiba-tudo-sobre-essa-condicao\/","og_site_name":"Codental Blog","article_publisher":"http:\/\/www.facebook.com\/codentalbr","article_published_time":"2024-12-12T21:00:00+00:00","article_modified_time":"2024-12-12T23:57:30+00:00","og_image":[{"width":1280,"height":696,"url":"https:\/\/www.codental.com.br\/blog\/wp-content\/uploads\/2024\/12\/Apicectomia.jpeg","type":"image\/jpeg"}],"author":"Juliana Costa","twitter_card":"summary_large_image","twitter_creator":"@CodentalBr","twitter_site":"@CodentalBr","twitter_misc":{"Escrito por":"Juliana Costa","Est. tempo de leitura":"6 minutos"},"schema":{"@context":"https:\/\/schema.org","@graph":[{"@type":"Article","@id":"https:\/\/www.codental.com.br\/blog\/apicectomia-saiba-tudo-sobre-essa-condicao\/#article","isPartOf":{"@id":"https:\/\/www.codental.com.br\/blog\/apicectomia-saiba-tudo-sobre-essa-condicao\/"},"author":{"name":"Juliana Costa","@id":"https:\/\/www.codental.com.br\/blog\/#\/schema\/person\/5d75a676c9e6f6bbbe61623d4d068ad7"},"headline":"Apicectomia: saiba tudo sobre essa condi\u00e7\u00e3o!","datePublished":"2024-12-12T21:00:00+00:00","dateModified":"2024-12-12T23:57:30+00:00","mainEntityOfPage":{"@id":"https:\/\/www.codental.com.br\/blog\/apicectomia-saiba-tudo-sobre-essa-condicao\/"},"wordCount":1187,"publisher":{"@id":"https:\/\/www.codental.com.br\/blog\/#organization"},"image":{"@id":"https:\/\/www.codental.com.br\/blog\/apicectomia-saiba-tudo-sobre-essa-condicao\/#primaryimage"},"thumbnailUrl":"https:\/\/www.codental.com.br\/blog\/wp-content\/uploads\/2024\/12\/Apicectomia.jpeg","keywords":["procedimentos odontologia"],"articleSection":["Tratamentos odontol\u00f3gicos"],"inLanguage":"pt-BR"},{"@type":"WebPage","@id":"https:\/\/www.codental.com.br\/blog\/apicectomia-saiba-tudo-sobre-essa-condicao\/","url":"https:\/\/www.codental.com.br\/blog\/apicectomia-saiba-tudo-sobre-essa-condicao\/","name":"Apicectomia: saiba tudo sobre essa condi\u00e7\u00e3o!","isPartOf":{"@id":"https:\/\/www.codental.com.br\/blog\/#website"},"primaryImageOfPage":{"@id":"https:\/\/www.codental.com.br\/blog\/apicectomia-saiba-tudo-sobre-essa-condicao\/#primaryimage"},"image":{"@id":"https:\/\/www.codental.com.br\/blog\/apicectomia-saiba-tudo-sobre-essa-condicao\/#primaryimage"},"thumbnailUrl":"https:\/\/www.codental.com.br\/blog\/wp-content\/uploads\/2024\/12\/Apicectomia.jpeg","datePublished":"2024-12-12T21:00:00+00:00","dateModified":"2024-12-12T23:57:30+00:00","description":"A apicectomia \u00e9 uma forma alternativa de tratamento em caso de problemas odontol\u00f3gicos. Confira tudo sobre!","breadcrumb":{"@id":"https:\/\/www.codental.com.br\/blog\/apicectomia-saiba-tudo-sobre-essa-condicao\/#breadcrumb"},"inLanguage":"pt-BR","potentialAction":[{"@type":"ReadAction","target":["https:\/\/www.codental.com.br\/blog\/apicectomia-saiba-tudo-sobre-essa-condicao\/"]}]},{"@type":"ImageObject","inLanguage":"pt-BR","@id":"https:\/\/www.codental.com.br\/blog\/apicectomia-saiba-tudo-sobre-essa-condicao\/#primaryimage","url":"https:\/\/www.codental.com.br\/blog\/wp-content\/uploads\/2024\/12\/Apicectomia.jpeg","contentUrl":"https:\/\/www.codental.com.br\/blog\/wp-content\/uploads\/2024\/12\/Apicectomia.jpeg","width":1280,"height":696,"caption":"Apicectomia"},{"@type":"BreadcrumbList","@id":"https:\/\/www.codental.com.br\/blog\/apicectomia-saiba-tudo-sobre-essa-condicao\/#breadcrumb","itemListElement":[{"@type":"ListItem","position":1,"name":"In\u00edcio","item":"https:\/\/www.codental.com.br\/blog\/"},{"@type":"ListItem","position":2,"name":"Apicectomia: saiba tudo sobre essa condi\u00e7\u00e3o!"}]},{"@type":"WebSite","@id":"https:\/\/www.codental.com.br\/blog\/#website","url":"https:\/\/www.codental.com.br\/blog\/","name":"Codental Blog","description":"Artigos e not\u00edcias sobre odontologia","publisher":{"@id":"https:\/\/www.codental.com.br\/blog\/#organization"},"potentialAction":[{"@type":"SearchAction","target":{"@type":"EntryPoint","urlTemplate":"https:\/\/www.codental.com.br\/blog\/?s={search_term_string}"},"query-input":{"@type":"PropertyValueSpecification","valueRequired":true,"valueName":"search_term_string"}}],"inLanguage":"pt-BR"},{"@type":"Organization","@id":"https:\/\/www.codental.com.br\/blog\/#organization","name":"Codental","url":"https:\/\/codental.com.br\/","logo":{"@type":"ImageObject","inLanguage":"pt-BR","@id":"https:\/\/www.codental.com.br\/blog\/#\/schema\/logo\/image\/","url":"https:\/\/www.codental.com.br\/blog\/wp-content\/uploads\/2018\/10\/logo.png","contentUrl":"https:\/\/www.codental.com.br\/blog\/wp-content\/uploads\/2018\/10\/logo.png","width":1200,"height":300,"caption":"Codental"},"image":{"@id":"https:\/\/www.codental.com.br\/blog\/#\/schema\/logo\/image\/"},"sameAs":["http:\/\/www.facebook.com\/codentalbr","https:\/\/x.com\/CodentalBr","https:\/\/www.instagram.com\/codentalbr\/"]},{"@type":"Person","@id":"https:\/\/www.codental.com.br\/blog\/#\/schema\/person\/5d75a676c9e6f6bbbe61623d4d068ad7","name":"Juliana Costa","image":{"@type":"ImageObject","inLanguage":"pt-BR","@id":"https:\/\/www.codental.com.br\/blog\/wp-content\/uploads\/2022\/11\/WhatsApp-Image-2022-10-27-at-08.36.04-343x240.jpeg","url":"https:\/\/www.codental.com.br\/blog\/wp-content\/uploads\/2022\/11\/WhatsApp-Image-2022-10-27-at-08.36.04-343x240.jpeg","contentUrl":"https:\/\/www.codental.com.br\/blog\/wp-content\/uploads\/2022\/11\/WhatsApp-Image-2022-10-27-at-08.36.04-343x240.jpeg","caption":"Juliana Costa"},"description":"Mineira, 28 anos. Redatora e revisora do blog do Codental. Estudante de nutri\u00e7\u00e3o, apaixonada por ci\u00eancia, arte, bons livros e chocolate. Casada e m\u00e3e de uma doce menininha, acredita que o melhor da vida \u00e9 poder compartilhar bons momentos entre amigos e fam\u00edlia!","sameAs":["https:\/\/www.instagram.com\/juliana_costa\/"],"url":"https:\/\/www.codental.com.br\/blog\/author\/juliana\/"}]}},"_links":{"self":[{"href":"https:\/\/www.codental.com.br\/blog\/wp-json\/wp\/v2\/posts\/5938","targetHints":{"allow":["GET"]}}],"collection":[{"href":"https:\/\/www.codental.com.br\/blog\/wp-json\/wp\/v2\/posts"}],"about":[{"href":"https:\/\/www.codental.com.br\/blog\/wp-json\/wp\/v2\/types\/post"}],"author":[{"embeddable":true,"href":"https:\/\/www.codental.com.br\/blog\/wp-json\/wp\/v2\/users\/16"}],"replies":[{"embeddable":true,"href":"https:\/\/www.codental.com.br\/blog\/wp-json\/wp\/v2\/comments?post=5938"}],"version-history":[{"count":1,"href":"https:\/\/www.codental.com.br\/blog\/wp-json\/wp\/v2\/posts\/5938\/revisions"}],"predecessor-version":[{"id":5940,"href":"https:\/\/www.codental.com.br\/blog\/wp-json\/wp\/v2\/posts\/5938\/revisions\/5940"}],"wp:featuredmedia":[{"embeddable":true,"href":"https:\/\/www.codental.com.br\/blog\/wp-json\/wp\/v2\/media\/5939"}],"wp:attachment":[{"href":"https:\/\/www.codental.com.br\/blog\/wp-json\/wp\/v2\/media?parent=5938"}],"wp:term":[{"taxonomy":"category","embeddable":true,"href":"https:\/\/www.codental.com.br\/blog\/wp-json\/wp\/v2\/categories?post=5938"},{"taxonomy":"post_tag","embeddable":true,"href":"https:\/\/www.codental.com.br\/blog\/wp-json\/wp\/v2\/tags?post=5938"}],"curies":[{"name":"wp","href":"https:\/\/api.w.org\/{rel}","templated":true}]}}