{"id":5545,"date":"2024-08-21T18:00:00","date_gmt":"2024-08-21T21:00:00","guid":{"rendered":"https:\/\/www.codental.com.br\/blog\/?p=5545"},"modified":"2024-08-21T17:57:44","modified_gmt":"2024-08-21T20:57:44","slug":"abfracao-dental-um-guia-completo-sobre-esse-problema","status":"publish","type":"post","link":"https:\/\/www.codental.com.br\/blog\/abfracao-dental-um-guia-completo-sobre-esse-problema\/","title":{"rendered":"Abfra\u00e7\u00e3o dental: um guia completo sobre esse problema!"},"content":{"rendered":"\n<p>A <strong>abfra\u00e7\u00e3o dental<\/strong> \u00e9 uma condi\u00e7\u00e3o que apresenta desgaste na base do dente, na regi\u00e3o dent\u00e1ria mais pr\u00f3xima da gengiva. V\u00e1rias s\u00e3o as condi\u00e7\u00f5es gatilhos que agravam essa condi\u00e7\u00e3o, levando dor e desconforto aos pacientes acometidos.<\/p>\n\n\n\n<p>Por ser um problema que pode se transformar em condi\u00e7\u00f5es bucais mais s\u00e9rias, deve ser tratada precocemente e com devida aten\u00e7\u00e3o, evitando desdobramentos indesej\u00e1veis.&nbsp;<\/p>\n\n\n\n<p>Sendo assim, preparamos esse artigo completo com tudo que voc\u00ea precisa saber sobre abfra\u00e7\u00e3o dental. Confira!<\/p>\n\n\n\n<h2 class=\"wp-block-heading\">O que \u00e9 abfra\u00e7\u00e3o dental?<\/h2>\n\n\n\n<figure class=\"wp-block-image aligncenter size-full is-resized\"><img loading=\"lazy\" decoding=\"async\" width=\"846\" height=\"470\" src=\"https:\/\/www.codental.com.br\/blog\/wp-content\/uploads\/2024\/08\/image-3.png\" alt=\"\" class=\"wp-image-5550\" style=\"width:498px;height:auto\" srcset=\"https:\/\/www.codental.com.br\/blog\/wp-content\/uploads\/2024\/08\/image-3.png 846w, https:\/\/www.codental.com.br\/blog\/wp-content\/uploads\/2024\/08\/image-3-336x187.png 336w, https:\/\/www.codental.com.br\/blog\/wp-content\/uploads\/2024\/08\/image-3-768x427.png 768w\" sizes=\"auto, (max-width: 846px) 100vw, 846px\" \/><figcaption class=\"wp-element-caption\">Abfra\u00e7\u00e3o dental<\/figcaption><\/figure>\n\n\n\n<p>A abfra\u00e7\u00e3o dental \u00e9 um problema odontol\u00f3gico que corresponde ao <strong>desgaste gradual do tecido dental,<\/strong> na base do dente, pr\u00f3ximo \u00e0 linha da gengiva. Esse tipo de les\u00e3o possui caracter\u00edstica de um pequeno entalhe ou chanfrado na parte cervical da denti\u00e7\u00e3o, onde come\u00e7a a ceder e desgastar o esmalte dent\u00e1rio.<\/p>\n\n\n\n<p>Ao observar a les\u00e3o, essa se apresenta como uma pequena depress\u00e3o em forma de cunha perto da jun\u00e7\u00e3o entre o esmalte dent\u00e1rio e a gengiva. Dessa maneira, essa regi\u00e3o apresenta uma colora\u00e7\u00e3o mais escurecida, se comparado ao restante do dente, devido \u00e0 exposi\u00e7\u00e3o da dentina subjacente, que \u00e9 mais porosa e amarela.<\/p>\n\n\n\n<p>Portanto, a identifica\u00e7\u00e3o dessa condi\u00e7\u00e3o de maneira precoce \u00e9 essencial para evitar poss\u00edveis danos nos dentes e gengivas, al\u00e9m de evitar o surgimento de doen\u00e7as mais s\u00e9rias e desconforto ao paciente.<\/p>\n\n\n\n<h2 class=\"wp-block-heading\">Abfra\u00e7\u00e3o dental causa<\/h2>\n\n\n\n<p>V\u00e1rias s\u00e3o as causas que levam a abfra\u00e7\u00e3o dental, geralmente, sendo uma combina\u00e7\u00e3o de fatores. Dessa maneira, os principais fatores s\u00e3o:<\/p>\n\n\n\n<h3 class=\"wp-block-heading\"><a href=\"https:\/\/www.codental.com.br\/blog\/bruxismo-tudo-que-voce-precisa-saber\/?utm_source=blog&utm_medium=referral&utm_content=abfracao-dental-um-guia-completo-sobre-esse-problema\">Bruxismo<\/a><\/h3>\n\n\n\n<p>A mania de ranger os dentes, conhecido tecnicamente como bruxismo, exerce grande press\u00e3o nos dentes, principalmente quando o h\u00e1bito ocorre durante o sono. Dessa maneira, essa press\u00e3o exercida continuadamente nos dentes pode enfraquecer o esmalte dent\u00e1rio, contribuindo para o surgimento da abfra\u00e7\u00e3o.<\/p>\n\n\n\n<h3 class=\"wp-block-heading\">Mastiga\u00e7\u00e3o Unilateral<\/h3>\n\n\n\n<p>O fato de mastigar predominantemente de um lado da boca, cria desequil\u00edbrios nas for\u00e7as exercidas nos dentes, o que gera tens\u00f5es assim\u00e9tricas que levam a abfra\u00e7\u00e3o dental.<\/p>\n\n\n\n<h3 class=\"wp-block-heading\">Roer unhas<\/h3>\n\n\n\n<p>O h\u00e1bito de roer unhas \u00e9 uma a\u00e7\u00e3o repetitiva que acaba por exercer uma press\u00e3o inadequada sobre os dentes, que podem resultar em microfraturas no esmalte dent\u00e1rio e acarretar desenvolvimento de les\u00e3o de abfra\u00e7\u00e3o.<\/p>\n\n\n\n<h3 class=\"wp-block-heading\">M\u00e1 escova\u00e7\u00e3o<\/h3>\n\n\n\n<p>Escovar os dentes de maneira agressiva, utilizando escovas com cerdas duras ou aplicando t\u00e9cnicas inadequadas pode ser uma causa de abfra\u00e7\u00e3o dental. Isso ocorre, pois a press\u00e3o exercida nos dentes atrav\u00e9s da escova contribui para o desgaste do esmalte pr\u00f3ximo \u00e0 linha da gengiva.<\/p>\n\n\n\n<h3 class=\"wp-block-heading\">M\u00e1 oclus\u00e3o<\/h3>\n\n\n\n<p>Outro problema que pode levar a distribui\u00e7\u00e3o inadequada das for\u00e7as mastigat\u00f3rias, aumentando o risco de abfra\u00e7\u00e3o dental \u00e9 a m\u00e1 oclus\u00e3o. Sendo assim, consultar um ortodontista e ajustar a oclus\u00e3o do paciente, pode ser a \u00fanica solu\u00e7\u00e3o necess\u00e1ria para melhora da abfra\u00e7\u00e3o dental.<\/p>\n\n\n\n<h3 class=\"wp-block-heading\">For\u00e7as oclusais<\/h3>\n\n\n\n<p>As for\u00e7as oclusais em excesso, causadas por restaura\u00e7\u00f5es dent\u00e1rias mal ajustadas ou em excesso, pode exercer o desgaste do esmalte dent\u00e1rio, contribuindo para o desenvolvimento da abfra\u00e7\u00e3o.<\/p>\n\n\n\n<h3 class=\"wp-block-heading\">Inflama\u00e7\u00e3o gengival<\/h3>\n\n\n\n<p>A inflama\u00e7\u00e3o na gengiva pode acometer diretamente os dentes, alterando a rela\u00e7\u00e3o entre os dentes e as for\u00e7as exercidas durante a mastiga\u00e7\u00e3o, o que contribui indiretamente para a abfra\u00e7\u00e3o.<\/p>\n\n\n\n<h2 class=\"wp-block-heading\">Tratamento para abfra\u00e7\u00e3o dental<\/h2>\n\n\n\n<p>O tratamento para abfra\u00e7\u00e3o dental pode seguir entre diferentes tipos de abordagens, j\u00e1 que essa depende do motivo causa que desenvolveu a condi\u00e7\u00e3o.&nbsp;<\/p>\n\n\n\n<p>Todavia, al\u00e9m da causa abfra\u00e7\u00e3o ser importante para a determina\u00e7\u00e3o do tratamento, a intensidade da les\u00e3o e outras caracter\u00edsticas individuais ir\u00e3o influenciar na abordagem.<\/p>\n\n\n\n<p>Dessa forma, algumas das alternativas s\u00e3o:<\/p>\n\n\n\n<ul class=\"wp-block-list\">\n<li><strong>Restaura\u00e7\u00f5es dent\u00e1rias:<\/strong> pode-se utilizar as restaura\u00e7\u00f5es compostas ou coroas para o preenchimento do chanfrado, fortalecendo ent\u00e3o a estrutural dental comprometida;<\/li>\n\n\n\n<li><strong>Ajuste de oclus\u00e3o: <\/strong>como uma das causas da abfra\u00e7\u00e3o \u00e9 a m\u00e1 oclus\u00e3o, corrigir a mordida por meio de ajustes dent\u00e1rios ou dispositivos como placas de mordida, podem ajudar a redistribuir a press\u00e3o exercida nos dentes durante a mastiga\u00e7\u00e3o;<\/li>\n\n\n\n<li><strong>Controle do bruxismo: <\/strong>uma das principais causas que levam a abfra\u00e7\u00e3o \u00e9 o bruxismo, que pode ser tratado atrav\u00e9s da utiliza\u00e7\u00e3o de placas de mordida durante a noite, o que ajuda a proteger os dentes durante o ranger dos dentes, minimizando o impacto dessa condi\u00e7\u00e3o no desgaste dos dentes.<\/li>\n<\/ul>\n\n\n\n<h2 class=\"wp-block-heading\">Como evitar a abfra\u00e7\u00e3o dent\u00e1ria?<\/h2>\n\n\n\n<p>Para evitar o desenvolvimento dessa condi\u00e7\u00e3o e manter uma sa\u00fade bucal adequada, \u00e9 importante orientar o paciente a seguir algumas recomenda\u00e7\u00f5es. Dentre essas recomenda\u00e7\u00f5es \u00e9 muito importante manter uma escova\u00e7\u00e3o adequada, utilizando creme dental adequado, sempre utilizando o fio dental ap\u00f3s a escova\u00e7\u00e3o.&nbsp;<\/p>\n\n\n\n<p>Al\u00e9m disso, o paciente deve evitar o h\u00e1bito de roer unhas, mascar objetos duros ou morder l\u00e1pis, por exemplo. Ainda, deve-se manter uma mastiga\u00e7\u00e3o adequada, manter uma alimenta\u00e7\u00e3o adequada, limitar o consumo de alimentos \u00e1cidos, investir em boas pr\u00e1ticas de higiene bucal, al\u00e9m de sempre comparecer ao consult\u00f3rio odontol\u00f3gico para os cuidados necess\u00e1rios e devido acompanhamento.<\/p>\n\n\n\n<h2 class=\"wp-block-heading\">Diferen\u00e7as entre abfra\u00e7\u00e3o, abras\u00e3o e eros\u00e3o<\/h2>\n\n\n\n<p>\u00c9 comum a confus\u00e3o relacionada entre esses termos. Toda via a abfra\u00e7\u00e3o, conforme explicado durante o texto, ocorre devido a for\u00e7as de flex\u00e3o aplicadas aos dentes, sendo geralmente o resultado de problemas como bruxismo, m\u00e1 oclus\u00e3o, dentre outros. Sendo assim, essas for\u00e7as causam perda da estrutura dental, geralmente na regi\u00e3o cervical dent\u00e1ria.<\/p>\n\n\n\n<figure class=\"wp-block-image aligncenter size-full\"><img loading=\"lazy\" decoding=\"async\" width=\"628\" height=\"378\" src=\"https:\/\/www.codental.com.br\/blog\/wp-content\/uploads\/2024\/08\/image-5.png\" alt=\"\" class=\"wp-image-5554\" srcset=\"https:\/\/www.codental.com.br\/blog\/wp-content\/uploads\/2024\/08\/image-5.png 628w, https:\/\/www.codental.com.br\/blog\/wp-content\/uploads\/2024\/08\/image-5-336x202.png 336w\" sizes=\"auto, (max-width: 628px) 100vw, 628px\" \/><figcaption class=\"wp-element-caption\">Abfra\u00e7\u00e3o dent\u00e1ria x Abras\u00e3o dent\u00e1ria<\/figcaption><\/figure>\n\n\n\n<p>A abras\u00e3o j\u00e1 \u00e9 causada pelo contato causado pelo contato f\u00edsico direto com materiais abrasivos, como pastas de dente abrasivas ou outros objetos que esfregam contra os dentes. Esse desgaste se manifesta como uma perda localizada de esmalte e dentina, muitas vezes na \u00e1rea cervical dos dentes. Pode apresentar uma apar\u00eancia polida e est\u00e1 geralmente associado a um padr\u00e3o de desgaste caracter\u00edstico que segue a forma do agente abrasivo.<\/p>\n\n\n\n<figure class=\"wp-block-image aligncenter size-full\"><img loading=\"lazy\" decoding=\"async\" width=\"438\" height=\"365\" src=\"https:\/\/www.codental.com.br\/blog\/wp-content\/uploads\/2024\/08\/image-4.png\" alt=\"\" class=\"wp-image-5553\" srcset=\"https:\/\/www.codental.com.br\/blog\/wp-content\/uploads\/2024\/08\/image-4.png 438w, https:\/\/www.codental.com.br\/blog\/wp-content\/uploads\/2024\/08\/image-4-288x240.png 288w\" sizes=\"auto, (max-width: 438px) 100vw, 438px\" \/><figcaption class=\"wp-element-caption\">Eros\u00e3o dent\u00e1ria<\/figcaption><\/figure>\n\n\n\n<p>J\u00e1 a eros\u00e3o dent\u00e1ria resulta da exposi\u00e7\u00e3o dos dentes a \u00e1cidos que n\u00e3o s\u00e3o originados por bact\u00e9rias, como \u00e1cidos de bebidas ou alimentos \u00e1cidos, que atuam dissolvendo o esmalte dent\u00e1rio. Esse desgaste geralmente \u00e9 mais uniforme e pode afetar amplas \u00e1reas dos dentes, levando a uma apar\u00eancia de \u201cafundamento\u201d nas superf\u00edcies dent\u00e1rias. Dessa maneira, a eros\u00e3o pode causar uma perda de contorno dent\u00e1rio e uma sensa\u00e7\u00e3o de suavidade nas superf\u00edcies dos dentes.<\/p>\n\n\n\n<p>Portanto, a abras\u00e3o \u00e9 causada por estresse mec\u00e2nico, a abras\u00e3o pelo contato f\u00edsico com materiais abrasivos e a eros\u00e3o pelo contato com \u00e1cidos. Sendo assim, cada tipo de desgaste exige uma abordagem espec\u00edfica de preven\u00e7\u00e3o e tratamento, sendo muito importante a devida identifica\u00e7\u00e3o e manejo adequado.<\/p>\n","protected":false},"excerpt":{"rendered":"<p>A abfra\u00e7\u00e3o dental \u00e9 uma condi\u00e7\u00e3o que apresenta desgaste na base do dente, na&#8230;<\/p>\n","protected":false},"author":16,"featured_media":5549,"comment_status":"closed","ping_status":"closed","sticky":false,"template":"","format":"standard","meta":{"_target_audience":"","footnotes":""},"categories":[247],"tags":[616,444],"class_list":["post-5545","post","type-post","status-publish","format-standard","has-post-thumbnail","hentry","category-doencas-odontologicas","tag-abfracao-dental","tag-doencas-odontologicas"],"yoast_head":"<!-- This site is optimized with the Yoast SEO plugin v27.2 - https:\/\/yoast.com\/product\/yoast-seo-wordpress\/ -->\n<title>Abfra\u00e7\u00e3o dental: um guia completo sobre esse problema!<\/title>\n<meta name=\"description\" content=\"A abfra\u00e7\u00e3o dental \u00e9 uma condi\u00e7\u00e3o que apresenta desgaste na base do dente, na regi\u00e3o dent\u00e1ria mais pr\u00f3xima da gengiva. Confira!\" \/>\n<meta name=\"robots\" content=\"index, follow, max-snippet:-1, max-image-preview:large, max-video-preview:-1\" \/>\n<link rel=\"canonical\" href=\"https:\/\/www.codental.com.br\/blog\/abfracao-dental-um-guia-completo-sobre-esse-problema\/\" \/>\n<meta property=\"og:locale\" content=\"pt_BR\" \/>\n<meta property=\"og:type\" content=\"article\" \/>\n<meta property=\"og:title\" content=\"Abfra\u00e7\u00e3o dental: um guia completo sobre esse problema!\" \/>\n<meta property=\"og:description\" content=\"A abfra\u00e7\u00e3o dental \u00e9 uma condi\u00e7\u00e3o que apresenta desgaste na base do dente, na regi\u00e3o dent\u00e1ria mais pr\u00f3xima da gengiva. Confira!\" \/>\n<meta property=\"og:url\" content=\"https:\/\/www.codental.com.br\/blog\/abfracao-dental-um-guia-completo-sobre-esse-problema\/\" \/>\n<meta property=\"og:site_name\" content=\"Codental Blog\" \/>\n<meta property=\"article:publisher\" content=\"http:\/\/www.facebook.com\/codentalbr\" \/>\n<meta property=\"article:published_time\" content=\"2024-08-21T21:00:00+00:00\" \/>\n<meta property=\"og:image\" content=\"https:\/\/www.codental.com.br\/blog\/wp-content\/uploads\/2024\/08\/Abfracao-dental.jpg\" \/>\n\t<meta property=\"og:image:width\" content=\"1010\" \/>\n\t<meta property=\"og:image:height\" content=\"550\" \/>\n\t<meta property=\"og:image:type\" content=\"image\/jpeg\" \/>\n<meta name=\"author\" content=\"Juliana Costa\" \/>\n<meta name=\"twitter:card\" content=\"summary_large_image\" \/>\n<meta name=\"twitter:creator\" content=\"@CodentalBr\" \/>\n<meta name=\"twitter:site\" content=\"@CodentalBr\" \/>\n<meta name=\"twitter:label1\" content=\"Escrito por\" \/>\n\t<meta name=\"twitter:data1\" content=\"Juliana Costa\" \/>\n\t<meta name=\"twitter:label2\" content=\"Est. tempo de leitura\" \/>\n\t<meta name=\"twitter:data2\" content=\"7 minutos\" \/>\n<script type=\"application\/ld+json\" class=\"yoast-schema-graph\">{\"@context\":\"https:\/\/schema.org\",\"@graph\":[{\"@type\":\"Article\",\"@id\":\"https:\/\/www.codental.com.br\/blog\/abfracao-dental-um-guia-completo-sobre-esse-problema\/#article\",\"isPartOf\":{\"@id\":\"https:\/\/www.codental.com.br\/blog\/abfracao-dental-um-guia-completo-sobre-esse-problema\/\"},\"author\":{\"name\":\"Juliana Costa\",\"@id\":\"https:\/\/www.codental.com.br\/blog\/#\/schema\/person\/5d75a676c9e6f6bbbe61623d4d068ad7\"},\"headline\":\"Abfra\u00e7\u00e3o dental: um guia completo sobre esse problema!\",\"datePublished\":\"2024-08-21T21:00:00+00:00\",\"mainEntityOfPage\":{\"@id\":\"https:\/\/www.codental.com.br\/blog\/abfracao-dental-um-guia-completo-sobre-esse-problema\/\"},\"wordCount\":1190,\"publisher\":{\"@id\":\"https:\/\/www.codental.com.br\/blog\/#organization\"},\"image\":{\"@id\":\"https:\/\/www.codental.com.br\/blog\/abfracao-dental-um-guia-completo-sobre-esse-problema\/#primaryimage\"},\"thumbnailUrl\":\"https:\/\/www.codental.com.br\/blog\/wp-content\/uploads\/2024\/08\/Abfracao-dental.jpg\",\"keywords\":[\"Abfra\u00e7\u00e3o dental\",\"Doen\u00e7as odontol\u00f3gicas\"],\"articleSection\":[\"Doen\u00e7as odontol\u00f3gicas\"],\"inLanguage\":\"pt-BR\"},{\"@type\":\"WebPage\",\"@id\":\"https:\/\/www.codental.com.br\/blog\/abfracao-dental-um-guia-completo-sobre-esse-problema\/\",\"url\":\"https:\/\/www.codental.com.br\/blog\/abfracao-dental-um-guia-completo-sobre-esse-problema\/\",\"name\":\"Abfra\u00e7\u00e3o dental: um guia completo sobre esse problema!\",\"isPartOf\":{\"@id\":\"https:\/\/www.codental.com.br\/blog\/#website\"},\"primaryImageOfPage\":{\"@id\":\"https:\/\/www.codental.com.br\/blog\/abfracao-dental-um-guia-completo-sobre-esse-problema\/#primaryimage\"},\"image\":{\"@id\":\"https:\/\/www.codental.com.br\/blog\/abfracao-dental-um-guia-completo-sobre-esse-problema\/#primaryimage\"},\"thumbnailUrl\":\"https:\/\/www.codental.com.br\/blog\/wp-content\/uploads\/2024\/08\/Abfracao-dental.jpg\",\"datePublished\":\"2024-08-21T21:00:00+00:00\",\"description\":\"A abfra\u00e7\u00e3o dental \u00e9 uma condi\u00e7\u00e3o que apresenta desgaste na base do dente, na regi\u00e3o dent\u00e1ria mais pr\u00f3xima da gengiva. Confira!\",\"breadcrumb\":{\"@id\":\"https:\/\/www.codental.com.br\/blog\/abfracao-dental-um-guia-completo-sobre-esse-problema\/#breadcrumb\"},\"inLanguage\":\"pt-BR\",\"potentialAction\":[{\"@type\":\"ReadAction\",\"target\":[\"https:\/\/www.codental.com.br\/blog\/abfracao-dental-um-guia-completo-sobre-esse-problema\/\"]}]},{\"@type\":\"ImageObject\",\"inLanguage\":\"pt-BR\",\"@id\":\"https:\/\/www.codental.com.br\/blog\/abfracao-dental-um-guia-completo-sobre-esse-problema\/#primaryimage\",\"url\":\"https:\/\/www.codental.com.br\/blog\/wp-content\/uploads\/2024\/08\/Abfracao-dental.jpg\",\"contentUrl\":\"https:\/\/www.codental.com.br\/blog\/wp-content\/uploads\/2024\/08\/Abfracao-dental.jpg\",\"width\":1010,\"height\":550,\"caption\":\"abfra\u00e7\u00e3o dental\"},{\"@type\":\"BreadcrumbList\",\"@id\":\"https:\/\/www.codental.com.br\/blog\/abfracao-dental-um-guia-completo-sobre-esse-problema\/#breadcrumb\",\"itemListElement\":[{\"@type\":\"ListItem\",\"position\":1,\"name\":\"In\u00edcio\",\"item\":\"https:\/\/www.codental.com.br\/blog\/\"},{\"@type\":\"ListItem\",\"position\":2,\"name\":\"Abfra\u00e7\u00e3o dental: um guia completo sobre esse problema!\"}]},{\"@type\":\"WebSite\",\"@id\":\"https:\/\/www.codental.com.br\/blog\/#website\",\"url\":\"https:\/\/www.codental.com.br\/blog\/\",\"name\":\"Codental Blog\",\"description\":\"Artigos e not\u00edcias sobre odontologia\",\"publisher\":{\"@id\":\"https:\/\/www.codental.com.br\/blog\/#organization\"},\"potentialAction\":[{\"@type\":\"SearchAction\",\"target\":{\"@type\":\"EntryPoint\",\"urlTemplate\":\"https:\/\/www.codental.com.br\/blog\/?s={search_term_string}\"},\"query-input\":{\"@type\":\"PropertyValueSpecification\",\"valueRequired\":true,\"valueName\":\"search_term_string\"}}],\"inLanguage\":\"pt-BR\"},{\"@type\":\"Organization\",\"@id\":\"https:\/\/www.codental.com.br\/blog\/#organization\",\"name\":\"Codental\",\"url\":\"https:\/\/codental.com.br\/\",\"logo\":{\"@type\":\"ImageObject\",\"inLanguage\":\"pt-BR\",\"@id\":\"https:\/\/www.codental.com.br\/blog\/#\/schema\/logo\/image\/\",\"url\":\"https:\/\/www.codental.com.br\/blog\/wp-content\/uploads\/2018\/10\/logo.png\",\"contentUrl\":\"https:\/\/www.codental.com.br\/blog\/wp-content\/uploads\/2018\/10\/logo.png\",\"width\":1200,\"height\":300,\"caption\":\"Codental\"},\"image\":{\"@id\":\"https:\/\/www.codental.com.br\/blog\/#\/schema\/logo\/image\/\"},\"sameAs\":[\"http:\/\/www.facebook.com\/codentalbr\",\"https:\/\/x.com\/CodentalBr\",\"https:\/\/www.instagram.com\/codentalbr\/\"]},{\"@type\":\"Person\",\"@id\":\"https:\/\/www.codental.com.br\/blog\/#\/schema\/person\/5d75a676c9e6f6bbbe61623d4d068ad7\",\"name\":\"Juliana Costa\",\"image\":{\"@type\":\"ImageObject\",\"inLanguage\":\"pt-BR\",\"@id\":\"https:\/\/www.codental.com.br\/blog\/wp-content\/uploads\/2022\/11\/WhatsApp-Image-2022-10-27-at-08.36.04-343x240.jpeg\",\"url\":\"https:\/\/www.codental.com.br\/blog\/wp-content\/uploads\/2022\/11\/WhatsApp-Image-2022-10-27-at-08.36.04-343x240.jpeg\",\"contentUrl\":\"https:\/\/www.codental.com.br\/blog\/wp-content\/uploads\/2022\/11\/WhatsApp-Image-2022-10-27-at-08.36.04-343x240.jpeg\",\"caption\":\"Juliana Costa\"},\"description\":\"Mineira, 28 anos. Redatora e revisora do blog do Codental. Estudante de nutri\u00e7\u00e3o, apaixonada por ci\u00eancia, arte, bons livros e chocolate. Casada e m\u00e3e de uma doce menininha, acredita que o melhor da vida \u00e9 poder compartilhar bons momentos entre amigos e fam\u00edlia!\",\"sameAs\":[\"https:\/\/www.instagram.com\/juliana_costa\/\"],\"url\":\"https:\/\/www.codental.com.br\/blog\/author\/juliana\/\"}]}<\/script>\n<!-- \/ Yoast SEO plugin. -->","yoast_head_json":{"title":"Abfra\u00e7\u00e3o dental: um guia completo sobre esse problema!","description":"A abfra\u00e7\u00e3o dental \u00e9 uma condi\u00e7\u00e3o que apresenta desgaste na base do dente, na regi\u00e3o dent\u00e1ria mais pr\u00f3xima da gengiva. Confira!","robots":{"index":"index","follow":"follow","max-snippet":"max-snippet:-1","max-image-preview":"max-image-preview:large","max-video-preview":"max-video-preview:-1"},"canonical":"https:\/\/www.codental.com.br\/blog\/abfracao-dental-um-guia-completo-sobre-esse-problema\/","og_locale":"pt_BR","og_type":"article","og_title":"Abfra\u00e7\u00e3o dental: um guia completo sobre esse problema!","og_description":"A abfra\u00e7\u00e3o dental \u00e9 uma condi\u00e7\u00e3o que apresenta desgaste na base do dente, na regi\u00e3o dent\u00e1ria mais pr\u00f3xima da gengiva. Confira!","og_url":"https:\/\/www.codental.com.br\/blog\/abfracao-dental-um-guia-completo-sobre-esse-problema\/","og_site_name":"Codental Blog","article_publisher":"http:\/\/www.facebook.com\/codentalbr","article_published_time":"2024-08-21T21:00:00+00:00","og_image":[{"width":1010,"height":550,"url":"https:\/\/www.codental.com.br\/blog\/wp-content\/uploads\/2024\/08\/Abfracao-dental.jpg","type":"image\/jpeg"}],"author":"Juliana Costa","twitter_card":"summary_large_image","twitter_creator":"@CodentalBr","twitter_site":"@CodentalBr","twitter_misc":{"Escrito por":"Juliana Costa","Est. tempo de leitura":"7 minutos"},"schema":{"@context":"https:\/\/schema.org","@graph":[{"@type":"Article","@id":"https:\/\/www.codental.com.br\/blog\/abfracao-dental-um-guia-completo-sobre-esse-problema\/#article","isPartOf":{"@id":"https:\/\/www.codental.com.br\/blog\/abfracao-dental-um-guia-completo-sobre-esse-problema\/"},"author":{"name":"Juliana Costa","@id":"https:\/\/www.codental.com.br\/blog\/#\/schema\/person\/5d75a676c9e6f6bbbe61623d4d068ad7"},"headline":"Abfra\u00e7\u00e3o dental: um guia completo sobre esse problema!","datePublished":"2024-08-21T21:00:00+00:00","mainEntityOfPage":{"@id":"https:\/\/www.codental.com.br\/blog\/abfracao-dental-um-guia-completo-sobre-esse-problema\/"},"wordCount":1190,"publisher":{"@id":"https:\/\/www.codental.com.br\/blog\/#organization"},"image":{"@id":"https:\/\/www.codental.com.br\/blog\/abfracao-dental-um-guia-completo-sobre-esse-problema\/#primaryimage"},"thumbnailUrl":"https:\/\/www.codental.com.br\/blog\/wp-content\/uploads\/2024\/08\/Abfracao-dental.jpg","keywords":["Abfra\u00e7\u00e3o dental","Doen\u00e7as odontol\u00f3gicas"],"articleSection":["Doen\u00e7as odontol\u00f3gicas"],"inLanguage":"pt-BR"},{"@type":"WebPage","@id":"https:\/\/www.codental.com.br\/blog\/abfracao-dental-um-guia-completo-sobre-esse-problema\/","url":"https:\/\/www.codental.com.br\/blog\/abfracao-dental-um-guia-completo-sobre-esse-problema\/","name":"Abfra\u00e7\u00e3o dental: um guia completo sobre esse problema!","isPartOf":{"@id":"https:\/\/www.codental.com.br\/blog\/#website"},"primaryImageOfPage":{"@id":"https:\/\/www.codental.com.br\/blog\/abfracao-dental-um-guia-completo-sobre-esse-problema\/#primaryimage"},"image":{"@id":"https:\/\/www.codental.com.br\/blog\/abfracao-dental-um-guia-completo-sobre-esse-problema\/#primaryimage"},"thumbnailUrl":"https:\/\/www.codental.com.br\/blog\/wp-content\/uploads\/2024\/08\/Abfracao-dental.jpg","datePublished":"2024-08-21T21:00:00+00:00","description":"A abfra\u00e7\u00e3o dental \u00e9 uma condi\u00e7\u00e3o que apresenta desgaste na base do dente, na regi\u00e3o dent\u00e1ria mais pr\u00f3xima da gengiva. Confira!","breadcrumb":{"@id":"https:\/\/www.codental.com.br\/blog\/abfracao-dental-um-guia-completo-sobre-esse-problema\/#breadcrumb"},"inLanguage":"pt-BR","potentialAction":[{"@type":"ReadAction","target":["https:\/\/www.codental.com.br\/blog\/abfracao-dental-um-guia-completo-sobre-esse-problema\/"]}]},{"@type":"ImageObject","inLanguage":"pt-BR","@id":"https:\/\/www.codental.com.br\/blog\/abfracao-dental-um-guia-completo-sobre-esse-problema\/#primaryimage","url":"https:\/\/www.codental.com.br\/blog\/wp-content\/uploads\/2024\/08\/Abfracao-dental.jpg","contentUrl":"https:\/\/www.codental.com.br\/blog\/wp-content\/uploads\/2024\/08\/Abfracao-dental.jpg","width":1010,"height":550,"caption":"abfra\u00e7\u00e3o dental"},{"@type":"BreadcrumbList","@id":"https:\/\/www.codental.com.br\/blog\/abfracao-dental-um-guia-completo-sobre-esse-problema\/#breadcrumb","itemListElement":[{"@type":"ListItem","position":1,"name":"In\u00edcio","item":"https:\/\/www.codental.com.br\/blog\/"},{"@type":"ListItem","position":2,"name":"Abfra\u00e7\u00e3o dental: um guia completo sobre esse problema!"}]},{"@type":"WebSite","@id":"https:\/\/www.codental.com.br\/blog\/#website","url":"https:\/\/www.codental.com.br\/blog\/","name":"Codental Blog","description":"Artigos e not\u00edcias sobre odontologia","publisher":{"@id":"https:\/\/www.codental.com.br\/blog\/#organization"},"potentialAction":[{"@type":"SearchAction","target":{"@type":"EntryPoint","urlTemplate":"https:\/\/www.codental.com.br\/blog\/?s={search_term_string}"},"query-input":{"@type":"PropertyValueSpecification","valueRequired":true,"valueName":"search_term_string"}}],"inLanguage":"pt-BR"},{"@type":"Organization","@id":"https:\/\/www.codental.com.br\/blog\/#organization","name":"Codental","url":"https:\/\/codental.com.br\/","logo":{"@type":"ImageObject","inLanguage":"pt-BR","@id":"https:\/\/www.codental.com.br\/blog\/#\/schema\/logo\/image\/","url":"https:\/\/www.codental.com.br\/blog\/wp-content\/uploads\/2018\/10\/logo.png","contentUrl":"https:\/\/www.codental.com.br\/blog\/wp-content\/uploads\/2018\/10\/logo.png","width":1200,"height":300,"caption":"Codental"},"image":{"@id":"https:\/\/www.codental.com.br\/blog\/#\/schema\/logo\/image\/"},"sameAs":["http:\/\/www.facebook.com\/codentalbr","https:\/\/x.com\/CodentalBr","https:\/\/www.instagram.com\/codentalbr\/"]},{"@type":"Person","@id":"https:\/\/www.codental.com.br\/blog\/#\/schema\/person\/5d75a676c9e6f6bbbe61623d4d068ad7","name":"Juliana Costa","image":{"@type":"ImageObject","inLanguage":"pt-BR","@id":"https:\/\/www.codental.com.br\/blog\/wp-content\/uploads\/2022\/11\/WhatsApp-Image-2022-10-27-at-08.36.04-343x240.jpeg","url":"https:\/\/www.codental.com.br\/blog\/wp-content\/uploads\/2022\/11\/WhatsApp-Image-2022-10-27-at-08.36.04-343x240.jpeg","contentUrl":"https:\/\/www.codental.com.br\/blog\/wp-content\/uploads\/2022\/11\/WhatsApp-Image-2022-10-27-at-08.36.04-343x240.jpeg","caption":"Juliana Costa"},"description":"Mineira, 28 anos. Redatora e revisora do blog do Codental. Estudante de nutri\u00e7\u00e3o, apaixonada por ci\u00eancia, arte, bons livros e chocolate. Casada e m\u00e3e de uma doce menininha, acredita que o melhor da vida \u00e9 poder compartilhar bons momentos entre amigos e fam\u00edlia!","sameAs":["https:\/\/www.instagram.com\/juliana_costa\/"],"url":"https:\/\/www.codental.com.br\/blog\/author\/juliana\/"}]}},"_links":{"self":[{"href":"https:\/\/www.codental.com.br\/blog\/wp-json\/wp\/v2\/posts\/5545","targetHints":{"allow":["GET"]}}],"collection":[{"href":"https:\/\/www.codental.com.br\/blog\/wp-json\/wp\/v2\/posts"}],"about":[{"href":"https:\/\/www.codental.com.br\/blog\/wp-json\/wp\/v2\/types\/post"}],"author":[{"embeddable":true,"href":"https:\/\/www.codental.com.br\/blog\/wp-json\/wp\/v2\/users\/16"}],"replies":[{"embeddable":true,"href":"https:\/\/www.codental.com.br\/blog\/wp-json\/wp\/v2\/comments?post=5545"}],"version-history":[{"count":6,"href":"https:\/\/www.codental.com.br\/blog\/wp-json\/wp\/v2\/posts\/5545\/revisions"}],"predecessor-version":[{"id":5555,"href":"https:\/\/www.codental.com.br\/blog\/wp-json\/wp\/v2\/posts\/5545\/revisions\/5555"}],"wp:featuredmedia":[{"embeddable":true,"href":"https:\/\/www.codental.com.br\/blog\/wp-json\/wp\/v2\/media\/5549"}],"wp:attachment":[{"href":"https:\/\/www.codental.com.br\/blog\/wp-json\/wp\/v2\/media?parent=5545"}],"wp:term":[{"taxonomy":"category","embeddable":true,"href":"https:\/\/www.codental.com.br\/blog\/wp-json\/wp\/v2\/categories?post=5545"},{"taxonomy":"post_tag","embeddable":true,"href":"https:\/\/www.codental.com.br\/blog\/wp-json\/wp\/v2\/tags?post=5545"}],"curies":[{"name":"wp","href":"https:\/\/api.w.org\/{rel}","templated":true}]}}