{"id":5533,"date":"2024-08-19T18:00:00","date_gmt":"2024-08-19T21:00:00","guid":{"rendered":"https:\/\/www.codental.com.br\/blog\/?p=5533"},"modified":"2024-08-19T12:14:05","modified_gmt":"2024-08-19T15:14:05","slug":"nervo-alveolar-tudo-que-voce-precisa-saber","status":"publish","type":"post","link":"https:\/\/www.codental.com.br\/blog\/nervo-alveolar-tudo-que-voce-precisa-saber\/","title":{"rendered":"Nervo alveolar: tudo que voc\u00ea precisa saber!"},"content":{"rendered":"\n<p><strong>Nervo alveolar<\/strong> \u00e9 o nome dado aos nervos considerados coadjuvantes da regi\u00e3o bucal, por\u00e9m, representam grande import\u00e2ncia na pr\u00e1tica odontol\u00f3gica. <\/p>\n\n\n\n<p>A import\u00e2ncia da boca na pr\u00e1tica odontol\u00f3gica \u00e9 destacada pela rela\u00e7\u00e3o com o nervo alveolar inferior, que transmite sensa\u00e7\u00f5es essenciais para a sa\u00fade bucal. O conhecimento afundo dos nervos alveolares permite que procedimentos sejam realizados com maior seguran\u00e7a e evita dados a sensibilidade do paciente.<\/p>\n\n\n\n<p>Pensando nisso, este artigo tem como principal objetivo trazer considera\u00e7\u00f5es anat\u00f4micas e para pr\u00e1tica cl\u00ednica desses nervos.<\/p>\n\n\n\n<h2 class=\"wp-block-heading\">A anatomia dos nervos alveolares:\u00a0<\/h2>\n\n\n\n<figure class=\"wp-block-image aligncenter size-large is-resized\"><img loading=\"lazy\" decoding=\"async\" width=\"1024\" height=\"648\" src=\"https:\/\/www.codental.com.br\/blog\/wp-content\/uploads\/2024\/08\/image-1-1024x648.png\" alt=\"\" class=\"wp-image-5541\" style=\"width:567px;height:auto\" srcset=\"https:\/\/www.codental.com.br\/blog\/wp-content\/uploads\/2024\/08\/image-1-1024x648.png 1024w, https:\/\/www.codental.com.br\/blog\/wp-content\/uploads\/2024\/08\/image-1-336x213.png 336w, https:\/\/www.codental.com.br\/blog\/wp-content\/uploads\/2024\/08\/image-1-768x486.png 768w, https:\/\/www.codental.com.br\/blog\/wp-content\/uploads\/2024\/08\/image-1.png 1123w\" sizes=\"auto, (max-width: 1024px) 100vw, 1024px\" \/><figcaption class=\"wp-element-caption\">Anatomia<\/figcaption><\/figure>\n\n\n\n<p>Para entender a aplica\u00e7\u00e3o cl\u00ednica dos nervos alveolares, se faz necess\u00e1rio pontuar as principais considera\u00e7\u00f5es anat\u00f4micas.<\/p>\n\n\n\n<p>Dessa forma, ent\u00e3o, primeiramente, se faz necess\u00e1rio relembrar o nervo trig\u00eameo. Este \u00e9 o quinto dos doze nervos cranianos e tem tr\u00eas principais ramos, sendo: <strong>nervo oft\u00e1lmico, o nervo maxilar e o nervo mandibular<\/strong>, denominados para facilitar a compreens\u00e3o de V1, V2 e V2, respectivamente. <\/p>\n\n\n\n<p>O nervo trig\u00eameo \u00e9 respons\u00e1vel pela inerva\u00e7\u00e3o sensitiva dos dentes e estruturas da mand\u00edbula.<\/p>\n\n\n\n<p>Dito isso, cada nervo alveolar tem como origem um ramo do nervo trig\u00eameo. <strong>Os nervos alveolares superiores s\u00e3o ramos do V2<\/strong>, ou seja, do ramo maxilar. Estes ser\u00e3o respons\u00e1veis por inervar os dentes superiores e tamb\u00e9m s\u00e3o divididos em tr\u00eas ramos: <strong>nervo alveolar superior anterior, m\u00e9dio e posterior.<\/strong><\/p>\n\n\n\n<p>J\u00e1 o <strong>nervo alveolar inferior \u00e9 um ramo do nervo V3<\/strong>. Ele desce atrav\u00e9s da <a href=\"https:\/\/www.codental.com.br\/blog\/anatomia-da-mandibula-em-detalhes\/?utm_source=blog&utm_medium=referral&utm_content=nervo-alveolar-tudo-que-voce-precisa-saber\">mand\u00edbula <\/a>entrando no forame mandibular, percorrendo o canal mandibular para inervar os dentes inferiores e ao longo de seu trajeto, emite pequenos ramos para as ra\u00edzes dos dentes. Este nervo tem grande import\u00e2ncia para odontologia quando se trata de anestesia, como veremos mais a frente. O nervo alveolar inferior continua como nervo incisivo, crucial para a inerva\u00e7\u00e3o dos dentes incisivos e da regi\u00e3o anterior da mand\u00edbula.<\/p>\n\n\n\n<h2 class=\"wp-block-heading\">Nervos alveolares superiores<\/h2>\n\n\n\n<p>Ap\u00f3s relembrar a anatomia dos nervos alveolares \u00e9 importante conhecer suas principais fun\u00e7\u00f5es.\u00a0<\/p>\n\n\n\n<p><strong>O nervo alveolar superior posterior (PSA) \u00e9 respons\u00e1vel por inervar os molares superiores<\/strong>. Por\u00e9m, um ponto muito importante para pr\u00e1tica cl\u00ednica a ser destacado \u00e9 que v\u00e1rios estudos de disseca\u00e7\u00e3o vem mostrando varia\u00e7\u00f5es nos padr\u00f5es de inerva\u00e7\u00e3o do primeiro molar. Ou seja, se faz necess\u00e1rio um cuidado quando se deseja anestesiar este dente. Mas tamb\u00e9m inerva a<strong> membrana mucosa do seio molar<\/strong>.&nbsp;<\/p>\n\n\n\n<p>Al\u00e9m disso, o nervo alveolar anterior tem um pequeno ramo que se comunica com o alveolar superior m\u00e9dio (AMS), para suprir uma pequena \u00e1rea da parede lateral e no assoalho do nariz. Tamb\u00e9m fornece<strong> inerva\u00e7\u00e3o sensorial para o ligamento periodontal, tecido pulpar e gengiva.&nbsp;<\/strong><\/p>\n\n\n\n<p>J\u00e1 em rela\u00e7\u00e3o ao<strong> nervo superior m\u00e9dio<\/strong>, quando presente, desce ao longo da parede lateral do seio maxilar onde <strong>inerva o primeiro e segundo pr\u00e9-molares<\/strong>. Por\u00e9m, na sua aus\u00eancia, \u00e9 o PSA quem fornece a inerva\u00e7\u00e3o para a regi\u00e3o pr\u00e9-molar.\u00a0<\/p>\n\n\n\n<p>Por fim, o <strong>nervo alveolar anterior<\/strong> desce pela parte anterior da maxila e emite ramos que <strong>inervam dentes incisivos (centrais e laterais), caninos superiores e tamb\u00e9m o seio maxilar.<\/strong> Quando se fala de pr\u00e1tica cl\u00ednica, um ponto importante a ressaltar em rela\u00e7\u00e3o a esse nervo est\u00e1 na sua principal fun\u00e7\u00e3o: transmitir dor e temperatura da regi\u00e3o superior dos dentes. Ou seja, tem <strong>grande relev\u00e2ncia quando se trata de detec\u00e7\u00e3o de <a href=\"https:\/\/www.codental.com.br\/blog\/carie-dentaria-tudo-o-que-precisa-saber-sobre\/?utm_source=blog&utm_medium=referral&utm_content=nervo-alveolar-tudo-que-voce-precisa-saber\">c\u00e1ries,<\/a> traumas dent\u00e1rios e infec\u00e7\u00f5es.\u00a0<\/strong><\/p>\n\n\n\n<h2 class=\"wp-block-heading\">Nervo alveolar inferior:<\/h2>\n\n\n\n<figure class=\"wp-block-image aligncenter size-large is-resized\"><img loading=\"lazy\" decoding=\"async\" width=\"1024\" height=\"706\" src=\"https:\/\/www.codental.com.br\/blog\/wp-content\/uploads\/2024\/08\/image-2-1024x706.png\" alt=\"\" class=\"wp-image-5542\" style=\"width:471px;height:auto\" srcset=\"https:\/\/www.codental.com.br\/blog\/wp-content\/uploads\/2024\/08\/image-2-1024x706.png 1024w, https:\/\/www.codental.com.br\/blog\/wp-content\/uploads\/2024\/08\/image-2-336x232.png 336w, https:\/\/www.codental.com.br\/blog\/wp-content\/uploads\/2024\/08\/image-2-768x530.png 768w, https:\/\/www.codental.com.br\/blog\/wp-content\/uploads\/2024\/08\/image-2.png 1261w\" sizes=\"auto, (max-width: 1024px) 100vw, 1024px\" \/><figcaption class=\"wp-element-caption\">Nervo alveolar inferior<\/figcaption><\/figure>\n\n\n\n<p>O nervo alveolar inferior \u00e9 um ramo oriundo da divis\u00e3o do ramo mandibular, que origina tamb\u00e9m os nervos auriculotemporal e lingual. Este \u00e9 <strong>formado por fibras sensitivas e motoras, classificado como sensitivo som\u00e1tico.<\/strong><\/p>\n\n\n\n<p>O ramo inferior e seus ramos terminais, ser\u00e3o respons\u00e1veis por inervar a mand\u00edbula, queixo, l\u00e1bio inferior e dentes mandibulares. Dito isso, na pr\u00e1tica cl\u00ednica, a import\u00e2ncia desse nervo est\u00e1 na aplica\u00e7\u00e3o de <strong>anestesia local em casos de restaura\u00e7\u00f5es de dente da arcada dent\u00e1ria inferior<\/strong> e tamb\u00e9m na sua rela\u00e7\u00e3o com poss\u00edveis <strong>traumatismos ap\u00f3s extra\u00e7\u00f5es<\/strong>, principalmente de <a href=\"https:\/\/www.codental.com.br\/blog\/molares-funcionalidade-anatomia-e-muito-mais\/?utm_source=blog&utm_medium=referral&utm_content=nervo-alveolar-tudo-que-voce-precisa-saber\">terceiros molares.<\/a> <\/p>\n\n\n\n<p>Para garantir uma anestesia completa e eficaz na hemi-mand\u00edbula, \u00e9 essencial incluir o bloqueio do nervo bucal, que anestesia a gengiva e mucosa da regi\u00e3o bucal durante a execu\u00e7\u00e3o do bloqueio do nervo alveolar inferior.<\/p>\n\n\n\n<p>Essa les\u00e3o traum\u00e1tica pode ser leve ou mais complexa, gerando altera\u00e7\u00f5es na sensibilidade, com formigamento ou parestesia da regi\u00e3o do l\u00e1bio inferior e queixo, e tamb\u00e9m das fun\u00e7\u00f5es motoras.<\/p>\n\n\n\n<h2 class=\"wp-block-heading\">Principais causas de les\u00f5es do nervo alveolar inferior:<\/h2>\n\n\n\n<p>Devido a sua posi\u00e7\u00e3o, a les\u00e3o do nervo alveolar inferior n\u00e3o \u00e9 algo incomum de acontecer nos consult\u00f3rios odontol\u00f3gicos. A sua les\u00e3o pode levar a redu\u00e7\u00e3o permanente da sensibilidade da regi\u00e3o e das fun\u00e7\u00f5es motoras, dificultando fun\u00e7\u00f5es orais b\u00e1sicas do paciente, como falar, engolir e mastigar.<\/p>\n\n\n\n<p>Les\u00f5es no nervo alveolar inferior podem resultar em problemas como parestesia tempor\u00e1ria ou permanente. Portanto, \u00e9 crucial adotar tratamentos e cuidados preventivos para evitar tais complica\u00e7\u00f5es na sa\u00fade bucal.<\/p>\n\n\n\n<p>Por isso, se faz necess\u00e1rio compreender as principais causas, sendo elas:<\/p>\n\n\n\n<h3 class=\"wp-block-heading\">Traumas:<\/h3>\n\n\n\n<p>Como foi dito, esse nervo, geralmente, est\u00e1 muito relacionado com traumas faciais ou mandibulares, que podem comprimir ou causar um estiramento do nervo.&nbsp;<\/p>\n\n\n\n<p>Quando acontece uma ruptura total, aparecem hemorragias e edemas na regi\u00e3o.&nbsp;<\/p>\n\n\n\n<h3 class=\"wp-block-heading\">Tumores ou cistos na mand\u00edbula:<\/h3>\n\n\n\n<p>No caso de tumores, quando ele se expande, pode acabar comprimindo o nervo, o que causar\u00e1 les\u00e3o e dor, por causar danos \u00e0s fibras sensitivas. Al\u00e9m disso, podem tamb\u00e9m desenvolver cistos, que causar\u00e3o les\u00e3o ao nervo.\u00a0<\/p>\n\n\n\n<h3 class=\"wp-block-heading\">Procedimentos cir\u00fargicos:<\/h3>\n\n\n\n<p>Sem d\u00favidas, quando se fala de procedimentos cir\u00fargicos odontol\u00f3gicos, uma das principais fun\u00e7\u00f5es do dentista respons\u00e1vel est\u00e1 em n\u00e3o lesionar nervos.&nbsp;<\/p>\n\n\n\n<p>Nesse sentido, a les\u00e3o do nervo alveolar inferior pode acontecer ap\u00f3s extra\u00e7\u00f5es dent\u00e1rias inadequadas, principalmente, <a href=\"https:\/\/www.codental.com.br\/blog\/extracao-do-siso-tudo-sobre-o-procedimento\/?utm_source=blog&utm_medium=referral&utm_content=nervo-alveolar-tudo-que-voce-precisa-saber\">dos sisos<\/a>. Mas tamb\u00e9m pode acontecer ap\u00f3s cola\u00e7\u00e3o de implantes, cirurgias para corrigir deformidades ou fraturas faciais.\u00a0<\/p>\n\n\n\n<p>Como fator de risco para parestesia do nervo ap\u00f3s extra\u00e7\u00f5es de molares inferiores, tem-se:<\/p>\n\n\n\n<ul class=\"wp-block-list\">\n<li>idade avan\u00e7ada<\/li>\n\n\n\n<li>n\u00edvel de dificuldade do procedimento<\/li>\n\n\n\n<li>proximidade entre o dente e o canal mandibular&nbsp;<\/li>\n<\/ul>\n\n\n\n<h3 class=\"wp-block-heading\">Erros na anestesia<\/h3>\n\n\n\n<p>N\u00e3o somente durante cirurgias, mas em outros procedimentos no consult\u00f3rio, alguns profissionais optam por anestesiar a nervo alveolar inferior. E, quando mal administrada, pode tirar a fun\u00e7\u00e3o principal do nervo, que \u00e9 conferir sensibilidade a regi\u00e3o mandibular.&nbsp;<\/p>\n\n\n\n<h2 class=\"wp-block-heading\">Como evitar machucar o nervo?<\/h2>\n\n\n\n<p>Primeiramente, uma das principais formas de evitar causar uma les\u00e3o nos nervos alveolares \u00e9 ter um grande dom\u00ednio sobre a <a href=\"https:\/\/www.codental.com.br\/blog\/anatomia-dental-conheca-tudo-sobre\/?utm_source=blog&utm_medium=referral&utm_content=nervo-alveolar-tudo-que-voce-precisa-saber\">anatomia dental<\/a>. Apesar de em alguns casos ser poss\u00edvel presenciar altera\u00e7\u00f5es no trajeto, a incid\u00eancia \u00e9 relativamente pequena, de 10%. Sendo assim, o conhecimento anat\u00f4mico evitar\u00e1 erros que podem lesionar o nervo.&nbsp;<\/p>\n\n\n\n<p>Somado a isso, o dentista tamb\u00e9m pode prever a proximidade dos dentes e o canal mandibular mediante sinais na radiografia, como:<\/p>\n\n\n\n<ul class=\"wp-block-list\">\n<li>desvio do canal em dire\u00e7\u00e3o aos \u00e1pices radiculares;<\/li>\n\n\n\n<li>presen\u00e7a de um escurecimento na regi\u00e3o das ra\u00edzes;<\/li>\n\n\n\n<li>interrup\u00e7\u00e3o da l\u00e2mina dura dos dentes.<\/li>\n<\/ul>\n\n\n\n<p>Logo, antes de procedimentos cir\u00fargicos, a avalia\u00e7\u00e3o de uma <strong>radiografia panrom\u00e2nica<\/strong> para detectar a posi\u00e7\u00e3o e esses sinais pode reduzir os \u00edndices de perda de sensibilidade dos nervos.\u00a0<\/p>\n\n\n\n<p>Al\u00e9m disso, caso seja detectado uma proximidade dos dentes e o canal mandibular, uma <strong><a href=\"https:\/\/www.codental.com.br\/blog\/tomografia-dentaria-tudo-que-voce-precisa-saber\/?utm_source=blog&utm_medium=referral&utm_content=nervo-alveolar-tudo-que-voce-precisa-saber\">tomografia computadorizada<\/a><\/strong> tamb\u00e9m deve ser solicitada para redu\u00e7\u00e3o de erros.\u00a0<\/p>\n\n\n\n<p>Por fim, em casos de osteotomia, utilizar brocas de alta rota\u00e7\u00e3o e muita refrigera\u00e7\u00e3o auxilia para ter um <strong>amplo campo de vis\u00e3o<\/strong> e realizar um procedimento com sucesso.&nbsp;<\/p>\n","protected":false},"excerpt":{"rendered":"<p>Nervo alveolar \u00e9 o nome dado aos nervos considerados coadjuvantes da regi\u00e3o bucal, por\u00e9m,&#8230;<\/p>\n","protected":false},"author":16,"featured_media":5535,"comment_status":"closed","ping_status":"closed","sticky":false,"template":"","format":"standard","meta":{"_target_audience":"","footnotes":""},"categories":[26],"tags":[533,615],"class_list":["post-5533","post","type-post","status-publish","format-standard","has-post-thumbnail","hentry","category-odontologia","tag-anatomia","tag-nervo-alveolar"],"yoast_head":"<!-- This site is optimized with the Yoast SEO plugin v27.2 - https:\/\/yoast.com\/product\/yoast-seo-wordpress\/ -->\n<title>Nervo alveolar: tudo que voc\u00ea precisa saber!<\/title>\n<meta name=\"description\" content=\"Nervo alveolar \u00e9 o nome dado aos nervos coadjuvantes da regi\u00e3o bucal e representam grande import\u00e2ncia na pr\u00e1tica odontol\u00f3gica. Confira!\" \/>\n<meta name=\"robots\" content=\"index, follow, max-snippet:-1, max-image-preview:large, max-video-preview:-1\" \/>\n<link rel=\"canonical\" href=\"https:\/\/www.codental.com.br\/blog\/nervo-alveolar-tudo-que-voce-precisa-saber\/\" \/>\n<meta property=\"og:locale\" content=\"pt_BR\" \/>\n<meta property=\"og:type\" content=\"article\" \/>\n<meta property=\"og:title\" content=\"Nervo alveolar: tudo que voc\u00ea precisa saber!\" \/>\n<meta property=\"og:description\" content=\"Nervo alveolar \u00e9 o nome dado aos nervos coadjuvantes da regi\u00e3o bucal e representam grande import\u00e2ncia na pr\u00e1tica odontol\u00f3gica. Confira!\" \/>\n<meta property=\"og:url\" content=\"https:\/\/www.codental.com.br\/blog\/nervo-alveolar-tudo-que-voce-precisa-saber\/\" \/>\n<meta property=\"og:site_name\" content=\"Codental Blog\" \/>\n<meta property=\"article:publisher\" content=\"http:\/\/www.facebook.com\/codentalbr\" \/>\n<meta property=\"article:published_time\" content=\"2024-08-19T21:00:00+00:00\" \/>\n<meta property=\"og:image\" content=\"https:\/\/www.codental.com.br\/blog\/wp-content\/uploads\/2024\/08\/Nervo-alveolar.jpg\" \/>\n\t<meta property=\"og:image:width\" content=\"1010\" \/>\n\t<meta property=\"og:image:height\" content=\"550\" \/>\n\t<meta property=\"og:image:type\" content=\"image\/jpeg\" \/>\n<meta name=\"author\" content=\"Juliana Costa\" \/>\n<meta name=\"twitter:card\" content=\"summary_large_image\" \/>\n<meta name=\"twitter:creator\" content=\"@CodentalBr\" \/>\n<meta name=\"twitter:site\" content=\"@CodentalBr\" \/>\n<meta name=\"twitter:label1\" content=\"Escrito por\" \/>\n\t<meta name=\"twitter:data1\" content=\"Juliana Costa\" \/>\n\t<meta name=\"twitter:label2\" content=\"Est. tempo de leitura\" \/>\n\t<meta name=\"twitter:data2\" content=\"7 minutos\" \/>\n<script type=\"application\/ld+json\" class=\"yoast-schema-graph\">{\"@context\":\"https:\/\/schema.org\",\"@graph\":[{\"@type\":\"Article\",\"@id\":\"https:\/\/www.codental.com.br\/blog\/nervo-alveolar-tudo-que-voce-precisa-saber\/#article\",\"isPartOf\":{\"@id\":\"https:\/\/www.codental.com.br\/blog\/nervo-alveolar-tudo-que-voce-precisa-saber\/\"},\"author\":{\"name\":\"Juliana Costa\",\"@id\":\"https:\/\/www.codental.com.br\/blog\/#\/schema\/person\/5d75a676c9e6f6bbbe61623d4d068ad7\"},\"headline\":\"Nervo alveolar: tudo que voc\u00ea precisa saber!\",\"datePublished\":\"2024-08-19T21:00:00+00:00\",\"mainEntityOfPage\":{\"@id\":\"https:\/\/www.codental.com.br\/blog\/nervo-alveolar-tudo-que-voce-precisa-saber\/\"},\"wordCount\":1341,\"publisher\":{\"@id\":\"https:\/\/www.codental.com.br\/blog\/#organization\"},\"image\":{\"@id\":\"https:\/\/www.codental.com.br\/blog\/nervo-alveolar-tudo-que-voce-precisa-saber\/#primaryimage\"},\"thumbnailUrl\":\"https:\/\/www.codental.com.br\/blog\/wp-content\/uploads\/2024\/08\/Nervo-alveolar.jpg\",\"keywords\":[\"Anatomia\",\"Nervo alveolar\"],\"articleSection\":[\"Odontologia\"],\"inLanguage\":\"pt-BR\"},{\"@type\":\"WebPage\",\"@id\":\"https:\/\/www.codental.com.br\/blog\/nervo-alveolar-tudo-que-voce-precisa-saber\/\",\"url\":\"https:\/\/www.codental.com.br\/blog\/nervo-alveolar-tudo-que-voce-precisa-saber\/\",\"name\":\"Nervo alveolar: tudo que voc\u00ea precisa saber!\",\"isPartOf\":{\"@id\":\"https:\/\/www.codental.com.br\/blog\/#website\"},\"primaryImageOfPage\":{\"@id\":\"https:\/\/www.codental.com.br\/blog\/nervo-alveolar-tudo-que-voce-precisa-saber\/#primaryimage\"},\"image\":{\"@id\":\"https:\/\/www.codental.com.br\/blog\/nervo-alveolar-tudo-que-voce-precisa-saber\/#primaryimage\"},\"thumbnailUrl\":\"https:\/\/www.codental.com.br\/blog\/wp-content\/uploads\/2024\/08\/Nervo-alveolar.jpg\",\"datePublished\":\"2024-08-19T21:00:00+00:00\",\"description\":\"Nervo alveolar \u00e9 o nome dado aos nervos coadjuvantes da regi\u00e3o bucal e representam grande import\u00e2ncia na pr\u00e1tica odontol\u00f3gica. Confira!\",\"breadcrumb\":{\"@id\":\"https:\/\/www.codental.com.br\/blog\/nervo-alveolar-tudo-que-voce-precisa-saber\/#breadcrumb\"},\"inLanguage\":\"pt-BR\",\"potentialAction\":[{\"@type\":\"ReadAction\",\"target\":[\"https:\/\/www.codental.com.br\/blog\/nervo-alveolar-tudo-que-voce-precisa-saber\/\"]}]},{\"@type\":\"ImageObject\",\"inLanguage\":\"pt-BR\",\"@id\":\"https:\/\/www.codental.com.br\/blog\/nervo-alveolar-tudo-que-voce-precisa-saber\/#primaryimage\",\"url\":\"https:\/\/www.codental.com.br\/blog\/wp-content\/uploads\/2024\/08\/Nervo-alveolar.jpg\",\"contentUrl\":\"https:\/\/www.codental.com.br\/blog\/wp-content\/uploads\/2024\/08\/Nervo-alveolar.jpg\",\"width\":1010,\"height\":550,\"caption\":\"Nervo alveolar\"},{\"@type\":\"BreadcrumbList\",\"@id\":\"https:\/\/www.codental.com.br\/blog\/nervo-alveolar-tudo-que-voce-precisa-saber\/#breadcrumb\",\"itemListElement\":[{\"@type\":\"ListItem\",\"position\":1,\"name\":\"In\u00edcio\",\"item\":\"https:\/\/www.codental.com.br\/blog\/\"},{\"@type\":\"ListItem\",\"position\":2,\"name\":\"Nervo alveolar: tudo que voc\u00ea precisa saber!\"}]},{\"@type\":\"WebSite\",\"@id\":\"https:\/\/www.codental.com.br\/blog\/#website\",\"url\":\"https:\/\/www.codental.com.br\/blog\/\",\"name\":\"Codental Blog\",\"description\":\"Artigos e not\u00edcias sobre odontologia\",\"publisher\":{\"@id\":\"https:\/\/www.codental.com.br\/blog\/#organization\"},\"potentialAction\":[{\"@type\":\"SearchAction\",\"target\":{\"@type\":\"EntryPoint\",\"urlTemplate\":\"https:\/\/www.codental.com.br\/blog\/?s={search_term_string}\"},\"query-input\":{\"@type\":\"PropertyValueSpecification\",\"valueRequired\":true,\"valueName\":\"search_term_string\"}}],\"inLanguage\":\"pt-BR\"},{\"@type\":\"Organization\",\"@id\":\"https:\/\/www.codental.com.br\/blog\/#organization\",\"name\":\"Codental\",\"url\":\"https:\/\/codental.com.br\/\",\"logo\":{\"@type\":\"ImageObject\",\"inLanguage\":\"pt-BR\",\"@id\":\"https:\/\/www.codental.com.br\/blog\/#\/schema\/logo\/image\/\",\"url\":\"https:\/\/www.codental.com.br\/blog\/wp-content\/uploads\/2018\/10\/logo.png\",\"contentUrl\":\"https:\/\/www.codental.com.br\/blog\/wp-content\/uploads\/2018\/10\/logo.png\",\"width\":1200,\"height\":300,\"caption\":\"Codental\"},\"image\":{\"@id\":\"https:\/\/www.codental.com.br\/blog\/#\/schema\/logo\/image\/\"},\"sameAs\":[\"http:\/\/www.facebook.com\/codentalbr\",\"https:\/\/x.com\/CodentalBr\",\"https:\/\/www.instagram.com\/codentalbr\/\"]},{\"@type\":\"Person\",\"@id\":\"https:\/\/www.codental.com.br\/blog\/#\/schema\/person\/5d75a676c9e6f6bbbe61623d4d068ad7\",\"name\":\"Juliana Costa\",\"image\":{\"@type\":\"ImageObject\",\"inLanguage\":\"pt-BR\",\"@id\":\"https:\/\/www.codental.com.br\/blog\/wp-content\/uploads\/2022\/11\/WhatsApp-Image-2022-10-27-at-08.36.04-343x240.jpeg\",\"url\":\"https:\/\/www.codental.com.br\/blog\/wp-content\/uploads\/2022\/11\/WhatsApp-Image-2022-10-27-at-08.36.04-343x240.jpeg\",\"contentUrl\":\"https:\/\/www.codental.com.br\/blog\/wp-content\/uploads\/2022\/11\/WhatsApp-Image-2022-10-27-at-08.36.04-343x240.jpeg\",\"caption\":\"Juliana Costa\"},\"description\":\"Mineira, 28 anos. Redatora e revisora do blog do Codental. Estudante de nutri\u00e7\u00e3o, apaixonada por ci\u00eancia, arte, bons livros e chocolate. Casada e m\u00e3e de uma doce menininha, acredita que o melhor da vida \u00e9 poder compartilhar bons momentos entre amigos e fam\u00edlia!\",\"sameAs\":[\"https:\/\/www.instagram.com\/juliana_costa\/\"],\"url\":\"https:\/\/www.codental.com.br\/blog\/author\/juliana\/\"}]}<\/script>\n<!-- \/ Yoast SEO plugin. -->","yoast_head_json":{"title":"Nervo alveolar: tudo que voc\u00ea precisa saber!","description":"Nervo alveolar \u00e9 o nome dado aos nervos coadjuvantes da regi\u00e3o bucal e representam grande import\u00e2ncia na pr\u00e1tica odontol\u00f3gica. Confira!","robots":{"index":"index","follow":"follow","max-snippet":"max-snippet:-1","max-image-preview":"max-image-preview:large","max-video-preview":"max-video-preview:-1"},"canonical":"https:\/\/www.codental.com.br\/blog\/nervo-alveolar-tudo-que-voce-precisa-saber\/","og_locale":"pt_BR","og_type":"article","og_title":"Nervo alveolar: tudo que voc\u00ea precisa saber!","og_description":"Nervo alveolar \u00e9 o nome dado aos nervos coadjuvantes da regi\u00e3o bucal e representam grande import\u00e2ncia na pr\u00e1tica odontol\u00f3gica. Confira!","og_url":"https:\/\/www.codental.com.br\/blog\/nervo-alveolar-tudo-que-voce-precisa-saber\/","og_site_name":"Codental Blog","article_publisher":"http:\/\/www.facebook.com\/codentalbr","article_published_time":"2024-08-19T21:00:00+00:00","og_image":[{"width":1010,"height":550,"url":"https:\/\/www.codental.com.br\/blog\/wp-content\/uploads\/2024\/08\/Nervo-alveolar.jpg","type":"image\/jpeg"}],"author":"Juliana Costa","twitter_card":"summary_large_image","twitter_creator":"@CodentalBr","twitter_site":"@CodentalBr","twitter_misc":{"Escrito por":"Juliana Costa","Est. tempo de leitura":"7 minutos"},"schema":{"@context":"https:\/\/schema.org","@graph":[{"@type":"Article","@id":"https:\/\/www.codental.com.br\/blog\/nervo-alveolar-tudo-que-voce-precisa-saber\/#article","isPartOf":{"@id":"https:\/\/www.codental.com.br\/blog\/nervo-alveolar-tudo-que-voce-precisa-saber\/"},"author":{"name":"Juliana Costa","@id":"https:\/\/www.codental.com.br\/blog\/#\/schema\/person\/5d75a676c9e6f6bbbe61623d4d068ad7"},"headline":"Nervo alveolar: tudo que voc\u00ea precisa saber!","datePublished":"2024-08-19T21:00:00+00:00","mainEntityOfPage":{"@id":"https:\/\/www.codental.com.br\/blog\/nervo-alveolar-tudo-que-voce-precisa-saber\/"},"wordCount":1341,"publisher":{"@id":"https:\/\/www.codental.com.br\/blog\/#organization"},"image":{"@id":"https:\/\/www.codental.com.br\/blog\/nervo-alveolar-tudo-que-voce-precisa-saber\/#primaryimage"},"thumbnailUrl":"https:\/\/www.codental.com.br\/blog\/wp-content\/uploads\/2024\/08\/Nervo-alveolar.jpg","keywords":["Anatomia","Nervo alveolar"],"articleSection":["Odontologia"],"inLanguage":"pt-BR"},{"@type":"WebPage","@id":"https:\/\/www.codental.com.br\/blog\/nervo-alveolar-tudo-que-voce-precisa-saber\/","url":"https:\/\/www.codental.com.br\/blog\/nervo-alveolar-tudo-que-voce-precisa-saber\/","name":"Nervo alveolar: tudo que voc\u00ea precisa saber!","isPartOf":{"@id":"https:\/\/www.codental.com.br\/blog\/#website"},"primaryImageOfPage":{"@id":"https:\/\/www.codental.com.br\/blog\/nervo-alveolar-tudo-que-voce-precisa-saber\/#primaryimage"},"image":{"@id":"https:\/\/www.codental.com.br\/blog\/nervo-alveolar-tudo-que-voce-precisa-saber\/#primaryimage"},"thumbnailUrl":"https:\/\/www.codental.com.br\/blog\/wp-content\/uploads\/2024\/08\/Nervo-alveolar.jpg","datePublished":"2024-08-19T21:00:00+00:00","description":"Nervo alveolar \u00e9 o nome dado aos nervos coadjuvantes da regi\u00e3o bucal e representam grande import\u00e2ncia na pr\u00e1tica odontol\u00f3gica. Confira!","breadcrumb":{"@id":"https:\/\/www.codental.com.br\/blog\/nervo-alveolar-tudo-que-voce-precisa-saber\/#breadcrumb"},"inLanguage":"pt-BR","potentialAction":[{"@type":"ReadAction","target":["https:\/\/www.codental.com.br\/blog\/nervo-alveolar-tudo-que-voce-precisa-saber\/"]}]},{"@type":"ImageObject","inLanguage":"pt-BR","@id":"https:\/\/www.codental.com.br\/blog\/nervo-alveolar-tudo-que-voce-precisa-saber\/#primaryimage","url":"https:\/\/www.codental.com.br\/blog\/wp-content\/uploads\/2024\/08\/Nervo-alveolar.jpg","contentUrl":"https:\/\/www.codental.com.br\/blog\/wp-content\/uploads\/2024\/08\/Nervo-alveolar.jpg","width":1010,"height":550,"caption":"Nervo alveolar"},{"@type":"BreadcrumbList","@id":"https:\/\/www.codental.com.br\/blog\/nervo-alveolar-tudo-que-voce-precisa-saber\/#breadcrumb","itemListElement":[{"@type":"ListItem","position":1,"name":"In\u00edcio","item":"https:\/\/www.codental.com.br\/blog\/"},{"@type":"ListItem","position":2,"name":"Nervo alveolar: tudo que voc\u00ea precisa saber!"}]},{"@type":"WebSite","@id":"https:\/\/www.codental.com.br\/blog\/#website","url":"https:\/\/www.codental.com.br\/blog\/","name":"Codental Blog","description":"Artigos e not\u00edcias sobre odontologia","publisher":{"@id":"https:\/\/www.codental.com.br\/blog\/#organization"},"potentialAction":[{"@type":"SearchAction","target":{"@type":"EntryPoint","urlTemplate":"https:\/\/www.codental.com.br\/blog\/?s={search_term_string}"},"query-input":{"@type":"PropertyValueSpecification","valueRequired":true,"valueName":"search_term_string"}}],"inLanguage":"pt-BR"},{"@type":"Organization","@id":"https:\/\/www.codental.com.br\/blog\/#organization","name":"Codental","url":"https:\/\/codental.com.br\/","logo":{"@type":"ImageObject","inLanguage":"pt-BR","@id":"https:\/\/www.codental.com.br\/blog\/#\/schema\/logo\/image\/","url":"https:\/\/www.codental.com.br\/blog\/wp-content\/uploads\/2018\/10\/logo.png","contentUrl":"https:\/\/www.codental.com.br\/blog\/wp-content\/uploads\/2018\/10\/logo.png","width":1200,"height":300,"caption":"Codental"},"image":{"@id":"https:\/\/www.codental.com.br\/blog\/#\/schema\/logo\/image\/"},"sameAs":["http:\/\/www.facebook.com\/codentalbr","https:\/\/x.com\/CodentalBr","https:\/\/www.instagram.com\/codentalbr\/"]},{"@type":"Person","@id":"https:\/\/www.codental.com.br\/blog\/#\/schema\/person\/5d75a676c9e6f6bbbe61623d4d068ad7","name":"Juliana Costa","image":{"@type":"ImageObject","inLanguage":"pt-BR","@id":"https:\/\/www.codental.com.br\/blog\/wp-content\/uploads\/2022\/11\/WhatsApp-Image-2022-10-27-at-08.36.04-343x240.jpeg","url":"https:\/\/www.codental.com.br\/blog\/wp-content\/uploads\/2022\/11\/WhatsApp-Image-2022-10-27-at-08.36.04-343x240.jpeg","contentUrl":"https:\/\/www.codental.com.br\/blog\/wp-content\/uploads\/2022\/11\/WhatsApp-Image-2022-10-27-at-08.36.04-343x240.jpeg","caption":"Juliana Costa"},"description":"Mineira, 28 anos. Redatora e revisora do blog do Codental. Estudante de nutri\u00e7\u00e3o, apaixonada por ci\u00eancia, arte, bons livros e chocolate. Casada e m\u00e3e de uma doce menininha, acredita que o melhor da vida \u00e9 poder compartilhar bons momentos entre amigos e fam\u00edlia!","sameAs":["https:\/\/www.instagram.com\/juliana_costa\/"],"url":"https:\/\/www.codental.com.br\/blog\/author\/juliana\/"}]}},"_links":{"self":[{"href":"https:\/\/www.codental.com.br\/blog\/wp-json\/wp\/v2\/posts\/5533","targetHints":{"allow":["GET"]}}],"collection":[{"href":"https:\/\/www.codental.com.br\/blog\/wp-json\/wp\/v2\/posts"}],"about":[{"href":"https:\/\/www.codental.com.br\/blog\/wp-json\/wp\/v2\/types\/post"}],"author":[{"embeddable":true,"href":"https:\/\/www.codental.com.br\/blog\/wp-json\/wp\/v2\/users\/16"}],"replies":[{"embeddable":true,"href":"https:\/\/www.codental.com.br\/blog\/wp-json\/wp\/v2\/comments?post=5533"}],"version-history":[{"count":4,"href":"https:\/\/www.codental.com.br\/blog\/wp-json\/wp\/v2\/posts\/5533\/revisions"}],"predecessor-version":[{"id":5543,"href":"https:\/\/www.codental.com.br\/blog\/wp-json\/wp\/v2\/posts\/5533\/revisions\/5543"}],"wp:featuredmedia":[{"embeddable":true,"href":"https:\/\/www.codental.com.br\/blog\/wp-json\/wp\/v2\/media\/5535"}],"wp:attachment":[{"href":"https:\/\/www.codental.com.br\/blog\/wp-json\/wp\/v2\/media?parent=5533"}],"wp:term":[{"taxonomy":"category","embeddable":true,"href":"https:\/\/www.codental.com.br\/blog\/wp-json\/wp\/v2\/categories?post=5533"},{"taxonomy":"post_tag","embeddable":true,"href":"https:\/\/www.codental.com.br\/blog\/wp-json\/wp\/v2\/tags?post=5533"}],"curies":[{"name":"wp","href":"https:\/\/api.w.org\/{rel}","templated":true}]}}