{"id":5497,"date":"2024-08-05T18:00:00","date_gmt":"2024-08-05T21:00:00","guid":{"rendered":"https:\/\/www.codental.com.br\/blog\/?p=5497"},"modified":"2024-08-05T19:55:22","modified_gmt":"2024-08-05T22:55:22","slug":"saude-bucal-tudo-que-voce-precisa-saber","status":"publish","type":"post","link":"https:\/\/www.codental.com.br\/blog\/saude-bucal-tudo-que-voce-precisa-saber\/","title":{"rendered":"Sa\u00fade bucal: tudo que voc\u00ea precisa saber!"},"content":{"rendered":"\n<p>A <strong>sa\u00fade bucal <\/strong>\u00e9 um tema bem abrangente, representando n\u00e3o s\u00f3 a apar\u00eancia dos dentes, mas sendo fundamental no dia a dia. Dessa forma, a falta da sa\u00fade bucal \u00e9 extremamente prejudicial aos pacientes, impactando n\u00e3o s\u00f3 a regi\u00e3o e suas fun\u00e7\u00f5es, mas todo o organismo.\u00a0<\/p>\n\n\n\n<p>A boca desempenha fun\u00e7\u00f5es muito importantes no organismo, repercutindo na sa\u00fade geral. Sendo assim, essa exerce papel fundamental na fala, mastiga\u00e7\u00e3o e respira\u00e7\u00e3o. Portanto, sendo a maior cavidade do corpo humano em contato com o meio ambiente, a boca \u00e9 uma importante porta de entrada para bact\u00e9rias e demais organismos prejudiciais \u00e0 sa\u00fade, devendo ser bem cuidada.<\/p>\n\n\n\n<p>Como principal forma de cuidado temos a higiene bucal, sendo o fumo, \u00e1lcool e m\u00e1 alimenta\u00e7\u00e3o diretamente relacionados as doen\u00e7as da boca.<\/p>\n\n\n\n<p>Compreender a import\u00e2ncia da sa\u00fade bucal, assim como, saber repassar as informa\u00e7\u00f5es para seus pacientes, \u00e9 extremamente importante! Sendo assim, preparamos esse artigo completo com tudo sobre o tema. Confira!<\/p>\n\n\n\n<h2 class=\"wp-block-heading\">O que \u00e9 sa\u00fade bucal?<\/h2>\n\n\n\n<p>A <a href=\"https:\/\/www.fdiworlddental.org\/\">Federa\u00e7\u00e3o Dent\u00e1ria Internacional (FDI)<\/a>, determina que a sa\u00fade bucal \u00e9 multifacetada, compreendendo a capacidade de falar, sorrir, ingerir alimentos, saborear. Al\u00e9m disso, a sa\u00fade bucal \u00e9 capaz de transmitir emo\u00e7\u00f5es atrav\u00e9s das express\u00f5es faciais, sem gerar dor ou desconforto.<\/p>\n\n\n\n<p>Ainda, a entidade tamb\u00e9m sanciona que \u00e9 um fator fundamental para a sa\u00fade geral dos indiv\u00edduos, impactando de maneira direta seu bem-estar e qualidade de vida, influenciando percep\u00e7\u00f5es, experi\u00eancias, al\u00e9m da capacidade de adapta\u00e7\u00e3o.&nbsp;<\/p>\n\n\n\n<p>Portanto, a sa\u00fade bucal \u00e9 um aspecto muito importante, reverberando tanto socialmente quanto na sa\u00fade do corpo.<\/p>\n\n\n\n<h3 class=\"wp-block-heading\">Problemas relacionados:<\/h3>\n\n\n\n<p>A falta de sa\u00fade bucal pode ser desencadeadora de algumas condi\u00e7\u00f5es, dentre elas as mais comuns s\u00e3o:<\/p>\n\n\n\n<h4 class=\"wp-block-heading\"><a href=\"https:\/\/www.codental.com.br\/blog\/carie-dentaria-tudo-o-que-precisa-saber-sobre\/?utm_source=blog&utm_medium=referral&utm_content=saude-bucal-tudo-que-voce-precisa-saber\">C\u00e1ries<\/a><\/h4>\n\n\n\n<p>As c\u00e1ries s\u00e3o um problema comum na popula\u00e7\u00e3o, sendo gerada a partir da deteriora\u00e7\u00e3o nos dentes causada pela prolifera\u00e7\u00e3o de bact\u00e9rias. \u00c9 um tipo de problema que compromete a sa\u00fade dos dentes, decorrida da m\u00e1 escova\u00e7\u00e3o e falta do uso do <a href=\"https:\/\/www.codental.com.br\/blog\/tipos-de-fio-dental\/?utm_source=blog&utm_medium=referral&utm_content=saude-bucal-tudo-que-voce-precisa-saber\">fio dental.\u00a0<\/a><\/p>\n\n\n\n<p>Um ponto importante de refor\u00e7o com os pacientes \u00e9 sobre a import\u00e2ncia de tratar esse problema, j\u00e1 que pode evoluir para a morte da polpa do dente, gerar infec\u00e7\u00f5es e perda do elemento dent\u00e1rio.<\/p>\n\n\n\n<h4 class=\"wp-block-heading\"><a href=\"https:\/\/www.codental.com.br\/blog\/afta-saiba-tudo-sobre-essas-terriveis-lesoes\/?utm_source=blog&utm_medium=referral&utm_content=saude-bucal-tudo-que-voce-precisa-saber\">Les\u00f5es bucais e aftas<\/a><\/h4>\n\n\n\n<p>V\u00e1rios fatores podem levar a les\u00f5es bucais e aftas, dentre eles uma higiene bucal inadequada, altera\u00e7\u00f5es hormonais e sensibilidade alimentar. Sendo assim, no caso de surgimento dessas condi\u00e7\u00f5es deve se optar por adequada higieniza\u00e7\u00e3o bucal, sem a utiliza\u00e7\u00e3o de <a href=\"https:\/\/www.codental.com.br\/blog\/antisseptico-bucal-como-indicar-corretamente-para-o-seu-paciente\/?utm_source=blog&utm_medium=referral&utm_content=saude-bucal-tudo-que-voce-precisa-saber\">enxaguantes bucais.<\/a> Geralmente, com a tomada de cuidados b\u00e1sicos, essas condi\u00e7\u00f5es j\u00e1 costumam desaparecer em alguns dias.<\/p>\n\n\n\n<h4 class=\"wp-block-heading\"><a href=\"https:\/\/www.codental.com.br\/blog\/mau-halito-uma-abordagem-completa\/?utm_source=blog&utm_medium=referral&utm_content=saude-bucal-tudo-que-voce-precisa-saber\">Mau h\u00e1lito<\/a><\/h4>\n\n\n\n<p>Uma dos principais sinais relacionados a sa\u00fade bucal inadequada \u00e9 a presen\u00e7a de mau h\u00e1lito. Se trata de um problema recorrente, geralmente ocasionado pela forma\u00e7\u00e3o de placa bacteriana, derivada do ac\u00famulo de microrganismos na boca devido limpeza bucal inadequada. Al\u00e9m disso, outras condi\u00e7\u00f5es como c\u00e1ries e gengivite podem desencadear essa condi\u00e7\u00e3o.<\/p>\n\n\n\n<h4 class=\"wp-block-heading\"><a href=\"https:\/\/www.codental.com.br\/blog\/gengivite-tratamento-e-muito-mais-sobre-essa-doenca\/?utm_source=blog&utm_medium=referral&utm_content=saude-bucal-tudo-que-voce-precisa-saber\">Gengivite<\/a><\/h4>\n\n\n\n<p>Derivada da inflama\u00e7\u00e3o da gengiva, devido uma higiene bucal inadequada, ou pelo uso inadequado de produtos de limpeza nos dentes, como cerdas de escovas duras ou macias, ou tamanho desproporcional ao ideal.&nbsp;<\/p>\n\n\n\n<p>A gengivite \u00e9 uma condi\u00e7\u00e3o muito incomoda para os pacientes, causando dores, incha\u00e7os, vermelhid\u00e3o, sangramentos e alta sensibilidade na regi\u00e3o afetada.&nbsp;<\/p>\n\n\n\n<h4 class=\"wp-block-heading\"><a href=\"https:\/\/www.codental.com.br\/blog\/endocardite-bacteriana-na-odontologia-guia-completo\/?utm_source=blog&utm_medium=referral&utm_content=saude-bucal-tudo-que-voce-precisa-saber\">Endocardite bacteriana<\/a><\/h4>\n\n\n\n<p>Apesar da import\u00e2ncia da microbiota bucal para a prote\u00e7\u00e3o do organismo, em quantidades excessivas podem causar graves problemas bucais, com risco de atingir outras partes do corpo humano, como o cora\u00e7\u00e3o.<\/p>\n\n\n\n<p>Um bom exemplo dessa condi\u00e7\u00e3o \u00e9 a endocardite bacteriana, derivada da chegada da bact\u00e9ria bucal, proveniente de higieniza\u00e7\u00e3o bucal inadequada, no cora\u00e7\u00e3o. Dessa forma, ao se alocar no cora\u00e7\u00e3o a bact\u00e9ria pode se ligar a v\u00e1lvulas ou tecidos e comprometer o funcionamento do \u00f3rg\u00e3o.&nbsp;<\/p>\n\n\n\n<p>Portanto, \u00e9 uma patologia que requer r\u00e1pido tratamento, uma vez que pode evoluir para problemas card\u00edacos graves, podendo levar o individuo a morte.<\/p>\n\n\n\n<h4 class=\"wp-block-heading\">Impot\u00eancia<\/h4>\n\n\n\n<p>A m\u00e1 higiene bucal tamb\u00e9m pode afetar o desempenho sexual em alguns casos. Quando as bact\u00e9rias da boca migram para as veias respons\u00e1veis pela irriga\u00e7\u00e3o do p\u00eanis, por exemplo, placas bacterianas se formam nesses locais, prejudicando o fluxo sangu\u00edneo e, consequentemente, a ere\u00e7\u00e3o.<\/p>\n\n\n\n<h4 class=\"wp-block-heading\">Parto prematuro<\/h4>\n\n\n\n<p>Pouco falado, mas muito perigoso, os problemas bucais podem gerar v\u00e1rias complica\u00e7\u00f5es durante a gesta\u00e7\u00e3o. Os sintomas comunas da gravidez como enjoo, v\u00f4mitos e altera\u00e7\u00f5es hormonais podem desencadear inflama\u00e7\u00e3o nas gengivas, afetando fibras e tecidos. Dessa forma, estudos j\u00e1 relacionam citocinas da doen\u00e7a periodontal com complica\u00e7\u00f5es gestacionais, dentre elas, o parto prematuro.&nbsp;<\/p>\n\n\n\n<p>A quest\u00e3o relacionada a sa\u00fade bucal e gestantes \u00e9 t\u00e3o grave que o tema faz parte das diretrizes da Pol\u00edtica Nacional de Sa\u00fade Bucal.<\/p>\n\n\n\n<h4 class=\"wp-block-heading\">Diabete<\/h4>\n\n\n\n<p>Pacientes diab\u00e9ticos devem ter aten\u00e7\u00e3o redobrada, uma vez que a condi\u00e7\u00e3o pode ocasionar problemas bucais. Um dos motivos da condi\u00e7\u00e3o \u00e9 o ac\u00famulo de glicose no sangue, que facilita a prolifera\u00e7\u00e3o de bact\u00e9rias. Dessa maneira, o ocorre a forma\u00e7\u00e3o de placa bacteriana e preju\u00edzo do esmalte dent\u00e1rio, levando a suscet\u00edveis epis\u00f3dios de c\u00e1ries,<\/p>\n\n\n\n<h2 class=\"wp-block-heading\">7 principais cuidados com sa\u00fade bucal<\/h2>\n\n\n\n<p>Uma boa forma de orientar seus pacientes sobre a sa\u00fade bucal \u00e9 montando uma cartilha e disponibilizando em seu consult\u00f3rio. Sendo assim, adicione os cuidados que devem ser tomados!<\/p>\n\n\n\n<h3 class=\"wp-block-heading\">Higieniza\u00e7\u00e3o de maneira correta<\/h3>\n\n\n\n<p>Um dos principais meios de manter a sa\u00fade bucal \u00e9 com a realiza\u00e7\u00e3o de uma boa higiene bucal. Portanto, oriente seu paciente a realizar a escova\u00e7\u00e3o e uso do fio dental ap\u00f3s as refei\u00e7\u00f5es, al\u00e9m de ensin\u00e1-lo os movimentos corretos e forma correta de escova\u00e7\u00e3o.<\/p>\n\n\n\n<h3 class=\"wp-block-heading\">Utiliza\u00e7\u00e3o de creme dental com fl\u00faor<\/h3>\n\n\n\n<p>Sempre orientar os pacientes a utilizarem creme dental com fl\u00faor, pois este protege os dentes das bact\u00e9rias que causam c\u00e1ries. Entretanto, orienta-os a utilizar produtos pouco abrasivos, evitando o desgaste do esmalte dent\u00e1rio.&nbsp;<\/p>\n\n\n\n<h3 class=\"wp-block-heading\">Sempre utilizar o fio dental<\/h3>\n\n\n\n<p>De nada adianta o paciente escovar os dentes se n\u00e3o utilizar de maneira correta e frequente o fio dental. Portanto, converse sobre a import\u00e2ncia de utilizar o produto a fim de remover os restos de alimentos presentes entre os dentes, evitando o surgimento de c\u00e1ries, t\u00e1rtaro, placa bacteriana e mau h\u00e1lito.<\/p>\n\n\n\n<h3 class=\"wp-block-heading\">Efetuar enx\u00e1gue devido ap\u00f3s escova\u00e7\u00e3o<\/h3>\n\n\n\n<p>Ap\u00f3s efetuar corretamente a escova\u00e7\u00e3o dos dentes \u00e9 necess\u00e1rio realizar o devido enx\u00e1gue. Dessa maneira, \u00e9 poss\u00edvel eliminar os restos de alimentos presentes na boca que se desgrudaram durante a escova\u00e7\u00e3o.&nbsp;<\/p>\n\n\n\n<h3 class=\"wp-block-heading\">Trocar de escova periodicamente<\/h3>\n\n\n\n<p>Oriente seu paciente a trocar a escova dental a cada tr\u00eas meses, ou em tempo inferior, analisando sempre o desgaste das cerdas da escova.&nbsp;<\/p>\n\n\n\n<h3 class=\"wp-block-heading\">Efetuar uma alimenta\u00e7\u00e3o saud\u00e1vel e equilibrada<\/h3>\n\n\n\n<p>Realizar uma alimenta\u00e7\u00e3o saud\u00e1vel tamb\u00e9m \u00e9 fundamental para a boa sa\u00fade bucal. Portanto, oriente o paciente a consumir de maneira moderada alimentos ricos em a\u00e7\u00facar, como massas, doces e p\u00e3es. Dessa forma, manter uma boa alimenta\u00e7\u00e3o evita a prolifera\u00e7\u00e3o de bact\u00e9rias e les\u00e3o nos dentes por c\u00e1ries.<\/p>\n\n\n\n<h3 class=\"wp-block-heading\">Visitas ao dentista<\/h3>\n\n\n\n<p>Visitas ao consult\u00f3rio odontol\u00f3gico s\u00e3o sempre importantes para a manuten\u00e7\u00e3o da sa\u00fade bucal. Portanto, oriente sempre o seu paciente e se coloque \u00e0 disposi\u00e7\u00e3o, afinal o dentista \u00e9 o principal orientador para a manuten\u00e7\u00e3o da sa\u00fade bucal!<\/p>\n","protected":false},"excerpt":{"rendered":"<p>A sa\u00fade bucal \u00e9 um tema bem abrangente, representando n\u00e3o s\u00f3 a apar\u00eancia dos&#8230;<\/p>\n","protected":false},"author":16,"featured_media":5498,"comment_status":"closed","ping_status":"closed","sticky":false,"template":"","format":"standard","meta":{"_target_audience":"","footnotes":""},"categories":[247],"tags":[613],"class_list":["post-5497","post","type-post","status-publish","format-standard","has-post-thumbnail","hentry","category-doencas-odontologicas","tag-saude-bucal"],"yoast_head":"<!-- This site is optimized with the Yoast SEO plugin v27.2 - https:\/\/yoast.com\/product\/yoast-seo-wordpress\/ -->\n<title>Sa\u00fade bucal: tudo que voc\u00ea precisa saber!<\/title>\n<meta name=\"description\" content=\"A sa\u00fade bucal \u00e9 um tema bem abrangente, representando n\u00e3o s\u00f3 a apar\u00eancia dos dentes, mas sendo fundamental no dia a dia.\" \/>\n<meta name=\"robots\" content=\"index, follow, max-snippet:-1, max-image-preview:large, max-video-preview:-1\" \/>\n<link rel=\"canonical\" href=\"https:\/\/www.codental.com.br\/blog\/saude-bucal-tudo-que-voce-precisa-saber\/\" \/>\n<meta property=\"og:locale\" content=\"pt_BR\" \/>\n<meta property=\"og:type\" content=\"article\" \/>\n<meta property=\"og:title\" content=\"Sa\u00fade bucal: tudo que voc\u00ea precisa saber!\" \/>\n<meta property=\"og:description\" content=\"A sa\u00fade bucal \u00e9 um tema bem abrangente, representando n\u00e3o s\u00f3 a apar\u00eancia dos dentes, mas sendo fundamental no dia a dia.\" \/>\n<meta property=\"og:url\" content=\"https:\/\/www.codental.com.br\/blog\/saude-bucal-tudo-que-voce-precisa-saber\/\" \/>\n<meta property=\"og:site_name\" content=\"Codental Blog\" \/>\n<meta property=\"article:publisher\" content=\"http:\/\/www.facebook.com\/codentalbr\" \/>\n<meta property=\"article:published_time\" content=\"2024-08-05T21:00:00+00:00\" \/>\n<meta property=\"article:modified_time\" content=\"2024-08-05T22:55:22+00:00\" \/>\n<meta property=\"og:image\" content=\"https:\/\/www.codental.com.br\/blog\/wp-content\/uploads\/2024\/08\/saude-bucal.jpg\" \/>\n\t<meta property=\"og:image:width\" content=\"1010\" \/>\n\t<meta property=\"og:image:height\" content=\"550\" \/>\n\t<meta property=\"og:image:type\" content=\"image\/jpeg\" \/>\n<meta name=\"author\" content=\"Juliana Costa\" \/>\n<meta name=\"twitter:card\" content=\"summary_large_image\" \/>\n<meta name=\"twitter:creator\" content=\"@CodentalBr\" \/>\n<meta name=\"twitter:site\" content=\"@CodentalBr\" \/>\n<meta name=\"twitter:label1\" content=\"Escrito por\" \/>\n\t<meta name=\"twitter:data1\" content=\"Juliana Costa\" \/>\n\t<meta name=\"twitter:label2\" content=\"Est. tempo de leitura\" \/>\n\t<meta name=\"twitter:data2\" content=\"7 minutos\" \/>\n<script type=\"application\/ld+json\" class=\"yoast-schema-graph\">{\"@context\":\"https:\/\/schema.org\",\"@graph\":[{\"@type\":\"Article\",\"@id\":\"https:\/\/www.codental.com.br\/blog\/saude-bucal-tudo-que-voce-precisa-saber\/#article\",\"isPartOf\":{\"@id\":\"https:\/\/www.codental.com.br\/blog\/saude-bucal-tudo-que-voce-precisa-saber\/\"},\"author\":{\"name\":\"Juliana Costa\",\"@id\":\"https:\/\/www.codental.com.br\/blog\/#\/schema\/person\/5d75a676c9e6f6bbbe61623d4d068ad7\"},\"headline\":\"Sa\u00fade bucal: tudo que voc\u00ea precisa saber!\",\"datePublished\":\"2024-08-05T21:00:00+00:00\",\"dateModified\":\"2024-08-05T22:55:22+00:00\",\"mainEntityOfPage\":{\"@id\":\"https:\/\/www.codental.com.br\/blog\/saude-bucal-tudo-que-voce-precisa-saber\/\"},\"wordCount\":1294,\"publisher\":{\"@id\":\"https:\/\/www.codental.com.br\/blog\/#organization\"},\"image\":{\"@id\":\"https:\/\/www.codental.com.br\/blog\/saude-bucal-tudo-que-voce-precisa-saber\/#primaryimage\"},\"thumbnailUrl\":\"https:\/\/www.codental.com.br\/blog\/wp-content\/uploads\/2024\/08\/saude-bucal.jpg\",\"keywords\":[\"Sa\u00fade bucal\"],\"articleSection\":[\"Doen\u00e7as odontol\u00f3gicas\"],\"inLanguage\":\"pt-BR\"},{\"@type\":\"WebPage\",\"@id\":\"https:\/\/www.codental.com.br\/blog\/saude-bucal-tudo-que-voce-precisa-saber\/\",\"url\":\"https:\/\/www.codental.com.br\/blog\/saude-bucal-tudo-que-voce-precisa-saber\/\",\"name\":\"Sa\u00fade bucal: tudo que voc\u00ea precisa saber!\",\"isPartOf\":{\"@id\":\"https:\/\/www.codental.com.br\/blog\/#website\"},\"primaryImageOfPage\":{\"@id\":\"https:\/\/www.codental.com.br\/blog\/saude-bucal-tudo-que-voce-precisa-saber\/#primaryimage\"},\"image\":{\"@id\":\"https:\/\/www.codental.com.br\/blog\/saude-bucal-tudo-que-voce-precisa-saber\/#primaryimage\"},\"thumbnailUrl\":\"https:\/\/www.codental.com.br\/blog\/wp-content\/uploads\/2024\/08\/saude-bucal.jpg\",\"datePublished\":\"2024-08-05T21:00:00+00:00\",\"dateModified\":\"2024-08-05T22:55:22+00:00\",\"description\":\"A sa\u00fade bucal \u00e9 um tema bem abrangente, representando n\u00e3o s\u00f3 a apar\u00eancia dos dentes, mas sendo fundamental no dia a dia.\",\"breadcrumb\":{\"@id\":\"https:\/\/www.codental.com.br\/blog\/saude-bucal-tudo-que-voce-precisa-saber\/#breadcrumb\"},\"inLanguage\":\"pt-BR\",\"potentialAction\":[{\"@type\":\"ReadAction\",\"target\":[\"https:\/\/www.codental.com.br\/blog\/saude-bucal-tudo-que-voce-precisa-saber\/\"]}]},{\"@type\":\"ImageObject\",\"inLanguage\":\"pt-BR\",\"@id\":\"https:\/\/www.codental.com.br\/blog\/saude-bucal-tudo-que-voce-precisa-saber\/#primaryimage\",\"url\":\"https:\/\/www.codental.com.br\/blog\/wp-content\/uploads\/2024\/08\/saude-bucal.jpg\",\"contentUrl\":\"https:\/\/www.codental.com.br\/blog\/wp-content\/uploads\/2024\/08\/saude-bucal.jpg\",\"width\":1010,\"height\":550,\"caption\":\"sa\u00fade bucal\"},{\"@type\":\"BreadcrumbList\",\"@id\":\"https:\/\/www.codental.com.br\/blog\/saude-bucal-tudo-que-voce-precisa-saber\/#breadcrumb\",\"itemListElement\":[{\"@type\":\"ListItem\",\"position\":1,\"name\":\"In\u00edcio\",\"item\":\"https:\/\/www.codental.com.br\/blog\/\"},{\"@type\":\"ListItem\",\"position\":2,\"name\":\"Sa\u00fade bucal: tudo que voc\u00ea precisa saber!\"}]},{\"@type\":\"WebSite\",\"@id\":\"https:\/\/www.codental.com.br\/blog\/#website\",\"url\":\"https:\/\/www.codental.com.br\/blog\/\",\"name\":\"Codental Blog\",\"description\":\"Artigos e not\u00edcias sobre odontologia\",\"publisher\":{\"@id\":\"https:\/\/www.codental.com.br\/blog\/#organization\"},\"potentialAction\":[{\"@type\":\"SearchAction\",\"target\":{\"@type\":\"EntryPoint\",\"urlTemplate\":\"https:\/\/www.codental.com.br\/blog\/?s={search_term_string}\"},\"query-input\":{\"@type\":\"PropertyValueSpecification\",\"valueRequired\":true,\"valueName\":\"search_term_string\"}}],\"inLanguage\":\"pt-BR\"},{\"@type\":\"Organization\",\"@id\":\"https:\/\/www.codental.com.br\/blog\/#organization\",\"name\":\"Codental\",\"url\":\"https:\/\/codental.com.br\/\",\"logo\":{\"@type\":\"ImageObject\",\"inLanguage\":\"pt-BR\",\"@id\":\"https:\/\/www.codental.com.br\/blog\/#\/schema\/logo\/image\/\",\"url\":\"https:\/\/www.codental.com.br\/blog\/wp-content\/uploads\/2018\/10\/logo.png\",\"contentUrl\":\"https:\/\/www.codental.com.br\/blog\/wp-content\/uploads\/2018\/10\/logo.png\",\"width\":1200,\"height\":300,\"caption\":\"Codental\"},\"image\":{\"@id\":\"https:\/\/www.codental.com.br\/blog\/#\/schema\/logo\/image\/\"},\"sameAs\":[\"http:\/\/www.facebook.com\/codentalbr\",\"https:\/\/x.com\/CodentalBr\",\"https:\/\/www.instagram.com\/codentalbr\/\"]},{\"@type\":\"Person\",\"@id\":\"https:\/\/www.codental.com.br\/blog\/#\/schema\/person\/5d75a676c9e6f6bbbe61623d4d068ad7\",\"name\":\"Juliana Costa\",\"image\":{\"@type\":\"ImageObject\",\"inLanguage\":\"pt-BR\",\"@id\":\"https:\/\/www.codental.com.br\/blog\/wp-content\/uploads\/2022\/11\/WhatsApp-Image-2022-10-27-at-08.36.04-343x240.jpeg\",\"url\":\"https:\/\/www.codental.com.br\/blog\/wp-content\/uploads\/2022\/11\/WhatsApp-Image-2022-10-27-at-08.36.04-343x240.jpeg\",\"contentUrl\":\"https:\/\/www.codental.com.br\/blog\/wp-content\/uploads\/2022\/11\/WhatsApp-Image-2022-10-27-at-08.36.04-343x240.jpeg\",\"caption\":\"Juliana Costa\"},\"description\":\"Mineira, 28 anos. Redatora e revisora do blog do Codental. Estudante de nutri\u00e7\u00e3o, apaixonada por ci\u00eancia, arte, bons livros e chocolate. Casada e m\u00e3e de uma doce menininha, acredita que o melhor da vida \u00e9 poder compartilhar bons momentos entre amigos e fam\u00edlia!\",\"sameAs\":[\"https:\/\/www.instagram.com\/juliana_costa\/\"],\"url\":\"https:\/\/www.codental.com.br\/blog\/author\/juliana\/\"}]}<\/script>\n<!-- \/ Yoast SEO plugin. -->","yoast_head_json":{"title":"Sa\u00fade bucal: tudo que voc\u00ea precisa saber!","description":"A sa\u00fade bucal \u00e9 um tema bem abrangente, representando n\u00e3o s\u00f3 a apar\u00eancia dos dentes, mas sendo fundamental no dia a dia.","robots":{"index":"index","follow":"follow","max-snippet":"max-snippet:-1","max-image-preview":"max-image-preview:large","max-video-preview":"max-video-preview:-1"},"canonical":"https:\/\/www.codental.com.br\/blog\/saude-bucal-tudo-que-voce-precisa-saber\/","og_locale":"pt_BR","og_type":"article","og_title":"Sa\u00fade bucal: tudo que voc\u00ea precisa saber!","og_description":"A sa\u00fade bucal \u00e9 um tema bem abrangente, representando n\u00e3o s\u00f3 a apar\u00eancia dos dentes, mas sendo fundamental no dia a dia.","og_url":"https:\/\/www.codental.com.br\/blog\/saude-bucal-tudo-que-voce-precisa-saber\/","og_site_name":"Codental Blog","article_publisher":"http:\/\/www.facebook.com\/codentalbr","article_published_time":"2024-08-05T21:00:00+00:00","article_modified_time":"2024-08-05T22:55:22+00:00","og_image":[{"width":1010,"height":550,"url":"https:\/\/www.codental.com.br\/blog\/wp-content\/uploads\/2024\/08\/saude-bucal.jpg","type":"image\/jpeg"}],"author":"Juliana Costa","twitter_card":"summary_large_image","twitter_creator":"@CodentalBr","twitter_site":"@CodentalBr","twitter_misc":{"Escrito por":"Juliana Costa","Est. tempo de leitura":"7 minutos"},"schema":{"@context":"https:\/\/schema.org","@graph":[{"@type":"Article","@id":"https:\/\/www.codental.com.br\/blog\/saude-bucal-tudo-que-voce-precisa-saber\/#article","isPartOf":{"@id":"https:\/\/www.codental.com.br\/blog\/saude-bucal-tudo-que-voce-precisa-saber\/"},"author":{"name":"Juliana Costa","@id":"https:\/\/www.codental.com.br\/blog\/#\/schema\/person\/5d75a676c9e6f6bbbe61623d4d068ad7"},"headline":"Sa\u00fade bucal: tudo que voc\u00ea precisa saber!","datePublished":"2024-08-05T21:00:00+00:00","dateModified":"2024-08-05T22:55:22+00:00","mainEntityOfPage":{"@id":"https:\/\/www.codental.com.br\/blog\/saude-bucal-tudo-que-voce-precisa-saber\/"},"wordCount":1294,"publisher":{"@id":"https:\/\/www.codental.com.br\/blog\/#organization"},"image":{"@id":"https:\/\/www.codental.com.br\/blog\/saude-bucal-tudo-que-voce-precisa-saber\/#primaryimage"},"thumbnailUrl":"https:\/\/www.codental.com.br\/blog\/wp-content\/uploads\/2024\/08\/saude-bucal.jpg","keywords":["Sa\u00fade bucal"],"articleSection":["Doen\u00e7as odontol\u00f3gicas"],"inLanguage":"pt-BR"},{"@type":"WebPage","@id":"https:\/\/www.codental.com.br\/blog\/saude-bucal-tudo-que-voce-precisa-saber\/","url":"https:\/\/www.codental.com.br\/blog\/saude-bucal-tudo-que-voce-precisa-saber\/","name":"Sa\u00fade bucal: tudo que voc\u00ea precisa saber!","isPartOf":{"@id":"https:\/\/www.codental.com.br\/blog\/#website"},"primaryImageOfPage":{"@id":"https:\/\/www.codental.com.br\/blog\/saude-bucal-tudo-que-voce-precisa-saber\/#primaryimage"},"image":{"@id":"https:\/\/www.codental.com.br\/blog\/saude-bucal-tudo-que-voce-precisa-saber\/#primaryimage"},"thumbnailUrl":"https:\/\/www.codental.com.br\/blog\/wp-content\/uploads\/2024\/08\/saude-bucal.jpg","datePublished":"2024-08-05T21:00:00+00:00","dateModified":"2024-08-05T22:55:22+00:00","description":"A sa\u00fade bucal \u00e9 um tema bem abrangente, representando n\u00e3o s\u00f3 a apar\u00eancia dos dentes, mas sendo fundamental no dia a dia.","breadcrumb":{"@id":"https:\/\/www.codental.com.br\/blog\/saude-bucal-tudo-que-voce-precisa-saber\/#breadcrumb"},"inLanguage":"pt-BR","potentialAction":[{"@type":"ReadAction","target":["https:\/\/www.codental.com.br\/blog\/saude-bucal-tudo-que-voce-precisa-saber\/"]}]},{"@type":"ImageObject","inLanguage":"pt-BR","@id":"https:\/\/www.codental.com.br\/blog\/saude-bucal-tudo-que-voce-precisa-saber\/#primaryimage","url":"https:\/\/www.codental.com.br\/blog\/wp-content\/uploads\/2024\/08\/saude-bucal.jpg","contentUrl":"https:\/\/www.codental.com.br\/blog\/wp-content\/uploads\/2024\/08\/saude-bucal.jpg","width":1010,"height":550,"caption":"sa\u00fade bucal"},{"@type":"BreadcrumbList","@id":"https:\/\/www.codental.com.br\/blog\/saude-bucal-tudo-que-voce-precisa-saber\/#breadcrumb","itemListElement":[{"@type":"ListItem","position":1,"name":"In\u00edcio","item":"https:\/\/www.codental.com.br\/blog\/"},{"@type":"ListItem","position":2,"name":"Sa\u00fade bucal: tudo que voc\u00ea precisa saber!"}]},{"@type":"WebSite","@id":"https:\/\/www.codental.com.br\/blog\/#website","url":"https:\/\/www.codental.com.br\/blog\/","name":"Codental Blog","description":"Artigos e not\u00edcias sobre odontologia","publisher":{"@id":"https:\/\/www.codental.com.br\/blog\/#organization"},"potentialAction":[{"@type":"SearchAction","target":{"@type":"EntryPoint","urlTemplate":"https:\/\/www.codental.com.br\/blog\/?s={search_term_string}"},"query-input":{"@type":"PropertyValueSpecification","valueRequired":true,"valueName":"search_term_string"}}],"inLanguage":"pt-BR"},{"@type":"Organization","@id":"https:\/\/www.codental.com.br\/blog\/#organization","name":"Codental","url":"https:\/\/codental.com.br\/","logo":{"@type":"ImageObject","inLanguage":"pt-BR","@id":"https:\/\/www.codental.com.br\/blog\/#\/schema\/logo\/image\/","url":"https:\/\/www.codental.com.br\/blog\/wp-content\/uploads\/2018\/10\/logo.png","contentUrl":"https:\/\/www.codental.com.br\/blog\/wp-content\/uploads\/2018\/10\/logo.png","width":1200,"height":300,"caption":"Codental"},"image":{"@id":"https:\/\/www.codental.com.br\/blog\/#\/schema\/logo\/image\/"},"sameAs":["http:\/\/www.facebook.com\/codentalbr","https:\/\/x.com\/CodentalBr","https:\/\/www.instagram.com\/codentalbr\/"]},{"@type":"Person","@id":"https:\/\/www.codental.com.br\/blog\/#\/schema\/person\/5d75a676c9e6f6bbbe61623d4d068ad7","name":"Juliana Costa","image":{"@type":"ImageObject","inLanguage":"pt-BR","@id":"https:\/\/www.codental.com.br\/blog\/wp-content\/uploads\/2022\/11\/WhatsApp-Image-2022-10-27-at-08.36.04-343x240.jpeg","url":"https:\/\/www.codental.com.br\/blog\/wp-content\/uploads\/2022\/11\/WhatsApp-Image-2022-10-27-at-08.36.04-343x240.jpeg","contentUrl":"https:\/\/www.codental.com.br\/blog\/wp-content\/uploads\/2022\/11\/WhatsApp-Image-2022-10-27-at-08.36.04-343x240.jpeg","caption":"Juliana Costa"},"description":"Mineira, 28 anos. Redatora e revisora do blog do Codental. Estudante de nutri\u00e7\u00e3o, apaixonada por ci\u00eancia, arte, bons livros e chocolate. Casada e m\u00e3e de uma doce menininha, acredita que o melhor da vida \u00e9 poder compartilhar bons momentos entre amigos e fam\u00edlia!","sameAs":["https:\/\/www.instagram.com\/juliana_costa\/"],"url":"https:\/\/www.codental.com.br\/blog\/author\/juliana\/"}]}},"_links":{"self":[{"href":"https:\/\/www.codental.com.br\/blog\/wp-json\/wp\/v2\/posts\/5497","targetHints":{"allow":["GET"]}}],"collection":[{"href":"https:\/\/www.codental.com.br\/blog\/wp-json\/wp\/v2\/posts"}],"about":[{"href":"https:\/\/www.codental.com.br\/blog\/wp-json\/wp\/v2\/types\/post"}],"author":[{"embeddable":true,"href":"https:\/\/www.codental.com.br\/blog\/wp-json\/wp\/v2\/users\/16"}],"replies":[{"embeddable":true,"href":"https:\/\/www.codental.com.br\/blog\/wp-json\/wp\/v2\/comments?post=5497"}],"version-history":[{"count":2,"href":"https:\/\/www.codental.com.br\/blog\/wp-json\/wp\/v2\/posts\/5497\/revisions"}],"predecessor-version":[{"id":5500,"href":"https:\/\/www.codental.com.br\/blog\/wp-json\/wp\/v2\/posts\/5497\/revisions\/5500"}],"wp:featuredmedia":[{"embeddable":true,"href":"https:\/\/www.codental.com.br\/blog\/wp-json\/wp\/v2\/media\/5498"}],"wp:attachment":[{"href":"https:\/\/www.codental.com.br\/blog\/wp-json\/wp\/v2\/media?parent=5497"}],"wp:term":[{"taxonomy":"category","embeddable":true,"href":"https:\/\/www.codental.com.br\/blog\/wp-json\/wp\/v2\/categories?post=5497"},{"taxonomy":"post_tag","embeddable":true,"href":"https:\/\/www.codental.com.br\/blog\/wp-json\/wp\/v2\/tags?post=5497"}],"curies":[{"name":"wp","href":"https:\/\/api.w.org\/{rel}","templated":true}]}}