{"id":5434,"date":"2024-07-12T18:00:59","date_gmt":"2024-07-12T21:00:59","guid":{"rendered":"https:\/\/www.codental.com.br\/blog\/?p=5434"},"modified":"2024-07-12T18:08:42","modified_gmt":"2024-07-12T21:08:42","slug":"manchas-na-lingua-tudo-que-voce-precisa-saber","status":"publish","type":"post","link":"https:\/\/www.codental.com.br\/blog\/manchas-na-lingua-tudo-que-voce-precisa-saber\/","title":{"rendered":"Manchas na l\u00edngua: tudo que voc\u00ea precisa saber!"},"content":{"rendered":"\n<p>Alguns pacientes podem chegar ao consult\u00f3rio odontol\u00f3gico apresentando <strong>manchas na l\u00edngua<\/strong>, que podem ser de diversos aspectos e diferentes cores, o que acaba causando preocupa\u00e7\u00e3o. <\/p>\n\n\n\n<p>Apesar de as principais causas do surgimento dessas manchas serem benignas e n\u00e3o apresentarem riscos maiores a sa\u00fade, existem casos que podem ser mais graves e um diagn\u00f3stico precoce se torna imprescind\u00edvel.<\/p>\n\n\n\n<p>Dito isso, \u00e9 de extrema import\u00e2ncia cuidar das manchas e tamb\u00e9m cuidar da sa\u00fade bucal do paciente para que essas n\u00e3o retornem. <\/p>\n\n\n\n<p>A higiene bucal adequada \u00e9 fundamental na preven\u00e7\u00e3o de manchas na l\u00edngua. Por esse motivo, este artigo traz as principais causas de manchas na l\u00edngua, al\u00e9m de como, tratar e prevenir.<\/p>\n\n\n\n<h2 class=\"wp-block-heading\">Principais causas de manchas na l\u00edngua:<\/h2>\n\n\n\n<p>Primeiramente, conhecer as principais causas ajuda o profissional a identificar cada caso de maneira mais eficiente. Pensando nisso, cabe destacar que os sintomas relatados pelo paciente ajudar\u00e3o na identifica\u00e7\u00e3o da poss\u00edvel causa.<\/p>\n\n\n\n<p>Portanto, cabe ao dentista realizar uma avalia\u00e7\u00e3o completa para entender se aquele caso se trata de uma condi\u00e7\u00e3o mais simples ou mais complexa. Al\u00e9m disso, o estresse emocional pode ser um fator contribuinte para o surgimento de manchas na l\u00edngua. Dito isso, tem-se como principais causas do surgimento de manchas na l\u00edngua: A defici\u00eancia de vitamina B12 pode contribuir para a vermelhid\u00e3o da l\u00edngua.<\/p>\n\n\n\n<h3 class=\"wp-block-heading\">Higieniza\u00e7\u00e3o incorreta:<\/h3>\n\n\n\n<p>A primeira causa a ser descartada \u00e9 a mancha que surgiu por uma higieniza\u00e7\u00e3o bucal incorreta, permitindo o ac\u00famulo de bact\u00e9rias na \u00e1rea. Essas bact\u00e9rias na boca ser\u00e3o respons\u00e1veis n\u00e3o somente pelas manchas, mas tamb\u00e9m pelo mau odor.<\/p>\n\n\n\n<p>Nesse caso, as manchas apresentam uma <strong>colora\u00e7\u00e3o esbranqui\u00e7ada ou amarelada,<\/strong> chamada de <strong>saburra lingual<\/strong>, que se forma a partir do ac\u00famulo da saliva, em conjunto com part\u00edculas de alimentos e c\u00e9lulas mortas. O uso de<a href=\"https:\/\/www.codental.com.br\/blog\/tipos-de-fio-dental\/?utm_source=blog&utm_medium=referral&utm_content=manchas-na-lingua-tudo-que-voce-precisa-saber\"> fio dental <\/a>\u00e9 essencial para remover restos de alimentos e bact\u00e9rias, prevenindo o ac\u00famulo de saburra lingual.<\/p>\n\n\n\n<p>Al\u00e9m da higieniza\u00e7\u00e3o incorreta, principalmente da l\u00edngua, ficar longos per\u00edodos <strong>sem se alimentar, beber \u00e1gua e o tabagismo<\/strong> tamb\u00e9m s\u00e3o fatores favor\u00e1veis para o surgimento das manchas. O uso de enxaguante bucal pode melhorar a higiene bucal e prevenir o ac\u00famulo de bact\u00e9rias.<\/p>\n\n\n\n<p>A saburra lingual deve sair com uma escova\u00e7\u00e3o completa, principalmente da l\u00edngua, usando uma escova de dente macia ou raspador lingual, de forma delicada para n\u00e3o ferir a l\u00edngua<\/p>\n\n\n\n<h3 class=\"wp-block-heading\">Glossite migrat\u00f3ria<\/h3>\n\n\n\n<p>Tamb\u00e9m chamada popularmente de <strong>l\u00edngua geogr\u00e1fica,<\/strong> a glossite migrat\u00f3ria se trata de uma patologia que causa manchas avermelhadas, com bordos elevados e esbranqui\u00e7ados que mudam de tempos em tempos as les\u00f5es. Inclusive, o nome popular l\u00edngua geogr\u00e1fica surgiu por conta dessa mudan\u00e7a das les\u00f5es e por \u00e0s vezes lembrarem pequenos mapas.<\/p>\n\n\n\n<p>Essas manchas se formam quando o individuo tem a diminui\u00e7\u00e3o parcial ou total das papilas filiformes em determinadas \u00e1reas da l\u00edngua, deixando essas regi\u00f5es mais avermelhadas.<\/p>\n\n\n\n<p>Aparentemente, a glossite acaba assustando os pacientes, que podem confundir com uma doen\u00e7a contagiosa ou at\u00e9 mesmo com c\u00e2ncer de l\u00edngua. Entretanto, se trata de uma condi\u00e7\u00e3o benigna, n\u00e3o contagiosa e, geralmente, assintom\u00e1tica, na qual apenas 5% dos indiv\u00edduos apresentam algum sintoma, como: <strong>maior sensibilidade na regi\u00e3o das manchas ao calor, a alimentos c\u00edtricos e condimentados e bebidas alco\u00f3licas<\/strong>. <\/p>\n\n\n\n<p>Portanto, caso o paciente apresente esse sintoma, deve reduzir o consumo desses alimentos. Al\u00e9m disso, o uso de anti-inflamat\u00f3rios pode ser recomendado para aliviar os sintomas.<\/p>\n\n\n\n<p>Quando se trata de causa, a l\u00edngua migrat\u00f3ria n\u00e3o possui uma causa definida, mas pode-se citar:<\/p>\n\n\n\n<ul class=\"wp-block-list\">\n<li>Fatores heredit\u00e1rios<\/li>\n\n\n\n<li>Stress<\/li>\n\n\n\n<li>Ansiedade<\/li>\n\n\n\n<li>Dist\u00farbios hormonais<\/li>\n\n\n\n<li>Alergias, como rinite ou asma<\/li>\n\n\n\n<li>Doen\u00e7as autoimunes, como psor\u00edase<\/li>\n<\/ul>\n\n\n\n<h3 class=\"wp-block-heading\">L\u00edngua Pilosa:<\/h3>\n\n\n\n<p>As manchas causadas em pacientes que apresentam a condi\u00e7\u00e3o da l\u00edngua pilosa negra se caracterizam por uma <strong>cor escura, causada pelo aumento excessivo das papilas gustativas.<\/strong><\/p>\n\n\n\n<p>A l\u00edngua pilosa pode causar manchas escuras na l\u00edngua, que s\u00e3o frequentemente associadas ao consumo de caf\u00e9 e ch\u00e1, al\u00e9m de influ\u00eancias gen\u00e9ticas e comportamentais.<\/p>\n\n\n\n<p>Sendo assim, o alongamento das papilas, que se parecem com \u201cpelinhos\u201d, dar\u00e3o uma apar\u00eancia peluda a l\u00edngua e tamb\u00e9m acaba favorecendo o ac\u00famulo de restos de comida, bact\u00e9rias e c\u00e9lulas mortas.<\/p>\n\n\n\n<p>Por fim, n\u00e3o h\u00e1 um tratamento para l\u00edngua pilosa, sendo orientado apenas que o paciente tenha uma boa higieniza\u00e7\u00e3o bucal, escovando sempre a l\u00edngua.<\/p>\n\n\n\n<h3 class=\"wp-block-heading\">Queimadura:<\/h3>\n\n\n\n<p>Outro caso simples s\u00e3o as manchas vermelhas ou brancas na l\u00edngua causadas por uma queimadura, seja devido a alimentos muito picantes ou muito quentes. Queimaduras podem causar manchas vermelhas na l\u00edngua. Essa ferida na l\u00edngua pode causar bastante desconforto e deixar a regi\u00e3o afetada com aspecto mais avermelhado, dando a impress\u00e3o de manchas.<\/p>\n\n\n\n<p>Por\u00e9m, a solu\u00e7\u00e3o para aliviar os sintomas \u00e9 simples e r\u00e1pida: <strong>ingerir alimentos gelados<\/strong>, como sorvetes.<\/p>\n\n\n\n<h3 class=\"wp-block-heading\">Candid\u00edase oral:<\/h3>\n\n\n\n<p>A <a href=\"https:\/\/www.codental.com.br\/blog\/candidiase-na-lingua-causa-diagnostico-e-tratamento\/?utm_source=blog&utm_medium=referral&utm_content=manchas-na-lingua-tudo-que-voce-precisa-saber\">candid\u00edase oral<\/a> se trata de uma infec\u00e7\u00e3o f\u00fangica muito comum, que acomete a l\u00edngua e o palato duro. Essa infec\u00e7\u00e3o, traz como principais sintomas:<\/p>\n\n\n\n<ul class=\"wp-block-list\">\n<li>aparecimento de aftas<\/li>\n\n\n\n<li>queima\u00e7\u00e3o ou ard\u00eancia na boca<\/li>\n\n\n\n<li>mau h\u00e1lito<\/li>\n\n\n\n<li>perda de paladar<\/li>\n\n\n\n<li>manchas brancas na l\u00edngua<\/li>\n\n\n\n<li>gosto amargo na boca<\/li>\n<\/ul>\n\n\n\n<p>As manchas brancas na l\u00edngua de pacientes com candid\u00edase se parecem com <strong>placas brancas<\/strong>, que est\u00e3o ligadas \u00e0 infec\u00e7\u00e3o. Nesse caso, a infec\u00e7\u00e3o f\u00fangica causada pelo fungo Candida albicans surge principalmente em pessoas com baixa imunidade, pacientes com pr\u00f3tese, crian\u00e7as.<\/p>\n\n\n\n<p>Portanto, por se tratar de fungos, essa condi\u00e7\u00e3o tem como tratamento o uso de <strong>anti-f\u00fangicos<\/strong>, ut\u00f3picos ou sist\u00eamicos, a depender de cada caso. A higieniza\u00e7\u00e3o oral adequada \u00e9 fundamental para prevenir a candid\u00edase oral.<\/p>\n\n\n\n<h3 class=\"wp-block-heading\">C\u00e2ncer de l\u00edngua:<\/h3>\n\n\n\n<p>Diferentemente das outras situa\u00e7\u00f5es que s\u00e3o mais comuns e representam menos riscos \u00e0 sa\u00fade, o <a href=\"https:\/\/www.codental.com.br\/blog\/cancer-de-lingua-saiba-tudo-sobre\/?utm_source=blog&utm_medium=referral&utm_content=manchas-na-lingua-tudo-que-voce-precisa-saber\">c\u00e2ncer de l\u00edngua<\/a> \u00e9 uma condi\u00e7\u00e3o rara que pode evoluir para est\u00e1gios graves.<\/p>\n\n\n\n<p>Quando se fala de causa, pode-se citar como principais: <strong>a falta de higieniza\u00e7\u00e3o bucal, uso de tabaco e \u00e1lcool e tamb\u00e9m o v\u00edrus HPV<\/strong>. Al\u00e9m disso, um dos principais sintomas que ajudar\u00e3o no diagn\u00f3stico s\u00e3o as manchas brancas ou vermelhas na l\u00edngua, que causam dor ou n\u00e3o, e n\u00e3o melhoram com o tempo. Manchas escuras tamb\u00e9m podem ser um sintoma de c\u00e2ncer de l\u00edngua.<\/p>\n\n\n\n<p>Em rela\u00e7\u00e3o ao tratamento, este depende do est\u00e1gio do tumor, da localiza\u00e7\u00e3o e extens\u00e3o, al\u00e9m do tipo histol\u00f3gico. Mas, o principal para est\u00e1gios iniciais \u00e9 a <strong>glossectomia<\/strong>, ou seja, um procedimento cir\u00fargico que visa remover a \u00e1rea tumoral da l\u00edngua. J\u00e1 em fases mais avan\u00e7adas da doen\u00e7a, a cirurgia pode ser acompanhada <strong>de radio e quimioterapia.<\/strong><\/p>\n\n\n\n<p>Logo, conclui-se que, no caso do c\u00e2ncer na l\u00edngua, uma autoavalia\u00e7\u00e3o ajudar\u00e1 em um diagn\u00f3stico precoce, uma vez que o surgimento de manchas na l\u00edngua s\u00e3o um dos primeiros sintomas. Esse diagn\u00f3stico antecipado pode evitar que o tumor evolua para est\u00e1gios no qual se dissemina para outros \u00f3rg\u00e3os, como o pulm\u00e3o.<\/p>\n\n\n\n<h2 class=\"wp-block-heading\">Como prevenir manchas na l\u00edngua?&nbsp;<\/h2>\n\n\n\n<p>Por fim, conhecendo as principais causas do surgimento de manchas na regi\u00e3o da l\u00edngua, entende-se que a principal forma de evit\u00e1-las est\u00e1 em uma correta higieniza\u00e7\u00e3o bucal.<\/p>\n\n\n\n<p>Quando se fala de higieniza\u00e7\u00e3o bucal, inclui a escova\u00e7\u00e3o da l\u00edngua, sempre que poss\u00edvel, para retirar restos de comidas e evitar ac\u00famulo de bact\u00e9rias. <\/p>\n\n\n\n<p>\u00c9 importante tamb\u00e9m incluir o uso de fio dental na rotina de higiene bucal para prevenir o ac\u00famulo de restos de alimentos e o crescimento de fungos e bact\u00e9rias. Essa escova\u00e7\u00e3o deve ser realizada com <strong>escova com cerdas macias<\/strong>, para n\u00e3o ferir a l\u00edngua. <\/p>\n\n\n\n<p>Outra op\u00e7\u00e3o que se pode recomendar ao paciente \u00e9 o uso de <strong>raspadores de l\u00edngua<\/strong>, um produto de baixo custo, f\u00e1cil acesso e r\u00e1pida utiliza\u00e7\u00e3o. Al\u00e9m disso, o uso de enxaguante bucal pode melhorar a higiene bucal e prevenir o ac\u00famulo de bact\u00e9rias.<\/p>\n","protected":false},"excerpt":{"rendered":"<p>Alguns pacientes podem chegar ao consult\u00f3rio odontol\u00f3gico apresentando manchas na l\u00edngua, que podem ser&#8230;<\/p>\n","protected":false},"author":16,"featured_media":5435,"comment_status":"closed","ping_status":"closed","sticky":false,"template":"","format":"standard","meta":{"_target_audience":"","footnotes":""},"categories":[247],"tags":[611],"class_list":["post-5434","post","type-post","status-publish","format-standard","has-post-thumbnail","hentry","category-doencas-odontologicas","tag-manchas-na-lingua-lingua"],"yoast_head":"<!-- This site is optimized with the Yoast SEO plugin v27.2 - https:\/\/yoast.com\/product\/yoast-seo-wordpress\/ -->\n<title>Manchas na l\u00edngua: tudo que voc\u00ea precisa saber!<\/title>\n<meta name=\"description\" content=\"Alguns pacientes podem apresentar manchas na l\u00edngua, que podem ser de diversos aspectos e diferentes cores. Confira!\" \/>\n<meta name=\"robots\" content=\"index, follow, max-snippet:-1, max-image-preview:large, max-video-preview:-1\" \/>\n<link rel=\"canonical\" href=\"https:\/\/www.codental.com.br\/blog\/manchas-na-lingua-tudo-que-voce-precisa-saber\/\" \/>\n<meta property=\"og:locale\" content=\"pt_BR\" \/>\n<meta property=\"og:type\" content=\"article\" \/>\n<meta property=\"og:title\" content=\"Manchas na l\u00edngua: tudo que voc\u00ea precisa saber!\" \/>\n<meta property=\"og:description\" content=\"Alguns pacientes podem apresentar manchas na l\u00edngua, que podem ser de diversos aspectos e diferentes cores. Confira!\" \/>\n<meta property=\"og:url\" content=\"https:\/\/www.codental.com.br\/blog\/manchas-na-lingua-tudo-que-voce-precisa-saber\/\" \/>\n<meta property=\"og:site_name\" content=\"Codental Blog\" \/>\n<meta property=\"article:publisher\" content=\"http:\/\/www.facebook.com\/codentalbr\" \/>\n<meta property=\"article:published_time\" content=\"2024-07-12T21:00:59+00:00\" \/>\n<meta property=\"article:modified_time\" content=\"2024-07-12T21:08:42+00:00\" \/>\n<meta property=\"og:image\" content=\"https:\/\/www.codental.com.br\/blog\/wp-content\/uploads\/2024\/07\/manchas-na-lingua.jpg\" \/>\n\t<meta property=\"og:image:width\" content=\"1010\" \/>\n\t<meta property=\"og:image:height\" content=\"550\" \/>\n\t<meta property=\"og:image:type\" content=\"image\/jpeg\" \/>\n<meta name=\"author\" content=\"Juliana Costa\" \/>\n<meta name=\"twitter:card\" content=\"summary_large_image\" \/>\n<meta name=\"twitter:creator\" content=\"@CodentalBr\" \/>\n<meta name=\"twitter:site\" content=\"@CodentalBr\" \/>\n<meta name=\"twitter:label1\" content=\"Escrito por\" \/>\n\t<meta name=\"twitter:data1\" content=\"Juliana Costa\" \/>\n\t<meta name=\"twitter:label2\" content=\"Est. tempo de leitura\" \/>\n\t<meta name=\"twitter:data2\" content=\"7 minutos\" \/>\n<script type=\"application\/ld+json\" class=\"yoast-schema-graph\">{\"@context\":\"https:\/\/schema.org\",\"@graph\":[{\"@type\":\"Article\",\"@id\":\"https:\/\/www.codental.com.br\/blog\/manchas-na-lingua-tudo-que-voce-precisa-saber\/#article\",\"isPartOf\":{\"@id\":\"https:\/\/www.codental.com.br\/blog\/manchas-na-lingua-tudo-que-voce-precisa-saber\/\"},\"author\":{\"name\":\"Juliana Costa\",\"@id\":\"https:\/\/www.codental.com.br\/blog\/#\/schema\/person\/5d75a676c9e6f6bbbe61623d4d068ad7\"},\"headline\":\"Manchas na l\u00edngua: tudo que voc\u00ea precisa saber!\",\"datePublished\":\"2024-07-12T21:00:59+00:00\",\"dateModified\":\"2024-07-12T21:08:42+00:00\",\"mainEntityOfPage\":{\"@id\":\"https:\/\/www.codental.com.br\/blog\/manchas-na-lingua-tudo-que-voce-precisa-saber\/\"},\"wordCount\":1424,\"publisher\":{\"@id\":\"https:\/\/www.codental.com.br\/blog\/#organization\"},\"image\":{\"@id\":\"https:\/\/www.codental.com.br\/blog\/manchas-na-lingua-tudo-que-voce-precisa-saber\/#primaryimage\"},\"thumbnailUrl\":\"https:\/\/www.codental.com.br\/blog\/wp-content\/uploads\/2024\/07\/manchas-na-lingua.jpg\",\"keywords\":[\"Manchas na l\u00edngua. Lingua\"],\"articleSection\":[\"Doen\u00e7as odontol\u00f3gicas\"],\"inLanguage\":\"pt-BR\"},{\"@type\":\"WebPage\",\"@id\":\"https:\/\/www.codental.com.br\/blog\/manchas-na-lingua-tudo-que-voce-precisa-saber\/\",\"url\":\"https:\/\/www.codental.com.br\/blog\/manchas-na-lingua-tudo-que-voce-precisa-saber\/\",\"name\":\"Manchas na l\u00edngua: tudo que voc\u00ea precisa saber!\",\"isPartOf\":{\"@id\":\"https:\/\/www.codental.com.br\/blog\/#website\"},\"primaryImageOfPage\":{\"@id\":\"https:\/\/www.codental.com.br\/blog\/manchas-na-lingua-tudo-que-voce-precisa-saber\/#primaryimage\"},\"image\":{\"@id\":\"https:\/\/www.codental.com.br\/blog\/manchas-na-lingua-tudo-que-voce-precisa-saber\/#primaryimage\"},\"thumbnailUrl\":\"https:\/\/www.codental.com.br\/blog\/wp-content\/uploads\/2024\/07\/manchas-na-lingua.jpg\",\"datePublished\":\"2024-07-12T21:00:59+00:00\",\"dateModified\":\"2024-07-12T21:08:42+00:00\",\"description\":\"Alguns pacientes podem apresentar manchas na l\u00edngua, que podem ser de diversos aspectos e diferentes cores. Confira!\",\"breadcrumb\":{\"@id\":\"https:\/\/www.codental.com.br\/blog\/manchas-na-lingua-tudo-que-voce-precisa-saber\/#breadcrumb\"},\"inLanguage\":\"pt-BR\",\"potentialAction\":[{\"@type\":\"ReadAction\",\"target\":[\"https:\/\/www.codental.com.br\/blog\/manchas-na-lingua-tudo-que-voce-precisa-saber\/\"]}]},{\"@type\":\"ImageObject\",\"inLanguage\":\"pt-BR\",\"@id\":\"https:\/\/www.codental.com.br\/blog\/manchas-na-lingua-tudo-que-voce-precisa-saber\/#primaryimage\",\"url\":\"https:\/\/www.codental.com.br\/blog\/wp-content\/uploads\/2024\/07\/manchas-na-lingua.jpg\",\"contentUrl\":\"https:\/\/www.codental.com.br\/blog\/wp-content\/uploads\/2024\/07\/manchas-na-lingua.jpg\",\"width\":1010,\"height\":550,\"caption\":\"manchas na l\u00edngua\"},{\"@type\":\"BreadcrumbList\",\"@id\":\"https:\/\/www.codental.com.br\/blog\/manchas-na-lingua-tudo-que-voce-precisa-saber\/#breadcrumb\",\"itemListElement\":[{\"@type\":\"ListItem\",\"position\":1,\"name\":\"In\u00edcio\",\"item\":\"https:\/\/www.codental.com.br\/blog\/\"},{\"@type\":\"ListItem\",\"position\":2,\"name\":\"Manchas na l\u00edngua: tudo que voc\u00ea precisa saber!\"}]},{\"@type\":\"WebSite\",\"@id\":\"https:\/\/www.codental.com.br\/blog\/#website\",\"url\":\"https:\/\/www.codental.com.br\/blog\/\",\"name\":\"Codental Blog\",\"description\":\"Artigos e not\u00edcias sobre odontologia\",\"publisher\":{\"@id\":\"https:\/\/www.codental.com.br\/blog\/#organization\"},\"potentialAction\":[{\"@type\":\"SearchAction\",\"target\":{\"@type\":\"EntryPoint\",\"urlTemplate\":\"https:\/\/www.codental.com.br\/blog\/?s={search_term_string}\"},\"query-input\":{\"@type\":\"PropertyValueSpecification\",\"valueRequired\":true,\"valueName\":\"search_term_string\"}}],\"inLanguage\":\"pt-BR\"},{\"@type\":\"Organization\",\"@id\":\"https:\/\/www.codental.com.br\/blog\/#organization\",\"name\":\"Codental\",\"url\":\"https:\/\/codental.com.br\/\",\"logo\":{\"@type\":\"ImageObject\",\"inLanguage\":\"pt-BR\",\"@id\":\"https:\/\/www.codental.com.br\/blog\/#\/schema\/logo\/image\/\",\"url\":\"https:\/\/www.codental.com.br\/blog\/wp-content\/uploads\/2018\/10\/logo.png\",\"contentUrl\":\"https:\/\/www.codental.com.br\/blog\/wp-content\/uploads\/2018\/10\/logo.png\",\"width\":1200,\"height\":300,\"caption\":\"Codental\"},\"image\":{\"@id\":\"https:\/\/www.codental.com.br\/blog\/#\/schema\/logo\/image\/\"},\"sameAs\":[\"http:\/\/www.facebook.com\/codentalbr\",\"https:\/\/x.com\/CodentalBr\",\"https:\/\/www.instagram.com\/codentalbr\/\"]},{\"@type\":\"Person\",\"@id\":\"https:\/\/www.codental.com.br\/blog\/#\/schema\/person\/5d75a676c9e6f6bbbe61623d4d068ad7\",\"name\":\"Juliana Costa\",\"image\":{\"@type\":\"ImageObject\",\"inLanguage\":\"pt-BR\",\"@id\":\"https:\/\/www.codental.com.br\/blog\/wp-content\/uploads\/2022\/11\/WhatsApp-Image-2022-10-27-at-08.36.04-343x240.jpeg\",\"url\":\"https:\/\/www.codental.com.br\/blog\/wp-content\/uploads\/2022\/11\/WhatsApp-Image-2022-10-27-at-08.36.04-343x240.jpeg\",\"contentUrl\":\"https:\/\/www.codental.com.br\/blog\/wp-content\/uploads\/2022\/11\/WhatsApp-Image-2022-10-27-at-08.36.04-343x240.jpeg\",\"caption\":\"Juliana Costa\"},\"description\":\"Mineira, 28 anos. Redatora e revisora do blog do Codental. Estudante de nutri\u00e7\u00e3o, apaixonada por ci\u00eancia, arte, bons livros e chocolate. Casada e m\u00e3e de uma doce menininha, acredita que o melhor da vida \u00e9 poder compartilhar bons momentos entre amigos e fam\u00edlia!\",\"sameAs\":[\"https:\/\/www.instagram.com\/juliana_costa\/\"],\"url\":\"https:\/\/www.codental.com.br\/blog\/author\/juliana\/\"}]}<\/script>\n<!-- \/ Yoast SEO plugin. -->","yoast_head_json":{"title":"Manchas na l\u00edngua: tudo que voc\u00ea precisa saber!","description":"Alguns pacientes podem apresentar manchas na l\u00edngua, que podem ser de diversos aspectos e diferentes cores. Confira!","robots":{"index":"index","follow":"follow","max-snippet":"max-snippet:-1","max-image-preview":"max-image-preview:large","max-video-preview":"max-video-preview:-1"},"canonical":"https:\/\/www.codental.com.br\/blog\/manchas-na-lingua-tudo-que-voce-precisa-saber\/","og_locale":"pt_BR","og_type":"article","og_title":"Manchas na l\u00edngua: tudo que voc\u00ea precisa saber!","og_description":"Alguns pacientes podem apresentar manchas na l\u00edngua, que podem ser de diversos aspectos e diferentes cores. Confira!","og_url":"https:\/\/www.codental.com.br\/blog\/manchas-na-lingua-tudo-que-voce-precisa-saber\/","og_site_name":"Codental Blog","article_publisher":"http:\/\/www.facebook.com\/codentalbr","article_published_time":"2024-07-12T21:00:59+00:00","article_modified_time":"2024-07-12T21:08:42+00:00","og_image":[{"width":1010,"height":550,"url":"https:\/\/www.codental.com.br\/blog\/wp-content\/uploads\/2024\/07\/manchas-na-lingua.jpg","type":"image\/jpeg"}],"author":"Juliana Costa","twitter_card":"summary_large_image","twitter_creator":"@CodentalBr","twitter_site":"@CodentalBr","twitter_misc":{"Escrito por":"Juliana Costa","Est. tempo de leitura":"7 minutos"},"schema":{"@context":"https:\/\/schema.org","@graph":[{"@type":"Article","@id":"https:\/\/www.codental.com.br\/blog\/manchas-na-lingua-tudo-que-voce-precisa-saber\/#article","isPartOf":{"@id":"https:\/\/www.codental.com.br\/blog\/manchas-na-lingua-tudo-que-voce-precisa-saber\/"},"author":{"name":"Juliana Costa","@id":"https:\/\/www.codental.com.br\/blog\/#\/schema\/person\/5d75a676c9e6f6bbbe61623d4d068ad7"},"headline":"Manchas na l\u00edngua: tudo que voc\u00ea precisa saber!","datePublished":"2024-07-12T21:00:59+00:00","dateModified":"2024-07-12T21:08:42+00:00","mainEntityOfPage":{"@id":"https:\/\/www.codental.com.br\/blog\/manchas-na-lingua-tudo-que-voce-precisa-saber\/"},"wordCount":1424,"publisher":{"@id":"https:\/\/www.codental.com.br\/blog\/#organization"},"image":{"@id":"https:\/\/www.codental.com.br\/blog\/manchas-na-lingua-tudo-que-voce-precisa-saber\/#primaryimage"},"thumbnailUrl":"https:\/\/www.codental.com.br\/blog\/wp-content\/uploads\/2024\/07\/manchas-na-lingua.jpg","keywords":["Manchas na l\u00edngua. Lingua"],"articleSection":["Doen\u00e7as odontol\u00f3gicas"],"inLanguage":"pt-BR"},{"@type":"WebPage","@id":"https:\/\/www.codental.com.br\/blog\/manchas-na-lingua-tudo-que-voce-precisa-saber\/","url":"https:\/\/www.codental.com.br\/blog\/manchas-na-lingua-tudo-que-voce-precisa-saber\/","name":"Manchas na l\u00edngua: tudo que voc\u00ea precisa saber!","isPartOf":{"@id":"https:\/\/www.codental.com.br\/blog\/#website"},"primaryImageOfPage":{"@id":"https:\/\/www.codental.com.br\/blog\/manchas-na-lingua-tudo-que-voce-precisa-saber\/#primaryimage"},"image":{"@id":"https:\/\/www.codental.com.br\/blog\/manchas-na-lingua-tudo-que-voce-precisa-saber\/#primaryimage"},"thumbnailUrl":"https:\/\/www.codental.com.br\/blog\/wp-content\/uploads\/2024\/07\/manchas-na-lingua.jpg","datePublished":"2024-07-12T21:00:59+00:00","dateModified":"2024-07-12T21:08:42+00:00","description":"Alguns pacientes podem apresentar manchas na l\u00edngua, que podem ser de diversos aspectos e diferentes cores. Confira!","breadcrumb":{"@id":"https:\/\/www.codental.com.br\/blog\/manchas-na-lingua-tudo-que-voce-precisa-saber\/#breadcrumb"},"inLanguage":"pt-BR","potentialAction":[{"@type":"ReadAction","target":["https:\/\/www.codental.com.br\/blog\/manchas-na-lingua-tudo-que-voce-precisa-saber\/"]}]},{"@type":"ImageObject","inLanguage":"pt-BR","@id":"https:\/\/www.codental.com.br\/blog\/manchas-na-lingua-tudo-que-voce-precisa-saber\/#primaryimage","url":"https:\/\/www.codental.com.br\/blog\/wp-content\/uploads\/2024\/07\/manchas-na-lingua.jpg","contentUrl":"https:\/\/www.codental.com.br\/blog\/wp-content\/uploads\/2024\/07\/manchas-na-lingua.jpg","width":1010,"height":550,"caption":"manchas na l\u00edngua"},{"@type":"BreadcrumbList","@id":"https:\/\/www.codental.com.br\/blog\/manchas-na-lingua-tudo-que-voce-precisa-saber\/#breadcrumb","itemListElement":[{"@type":"ListItem","position":1,"name":"In\u00edcio","item":"https:\/\/www.codental.com.br\/blog\/"},{"@type":"ListItem","position":2,"name":"Manchas na l\u00edngua: tudo que voc\u00ea precisa saber!"}]},{"@type":"WebSite","@id":"https:\/\/www.codental.com.br\/blog\/#website","url":"https:\/\/www.codental.com.br\/blog\/","name":"Codental Blog","description":"Artigos e not\u00edcias sobre odontologia","publisher":{"@id":"https:\/\/www.codental.com.br\/blog\/#organization"},"potentialAction":[{"@type":"SearchAction","target":{"@type":"EntryPoint","urlTemplate":"https:\/\/www.codental.com.br\/blog\/?s={search_term_string}"},"query-input":{"@type":"PropertyValueSpecification","valueRequired":true,"valueName":"search_term_string"}}],"inLanguage":"pt-BR"},{"@type":"Organization","@id":"https:\/\/www.codental.com.br\/blog\/#organization","name":"Codental","url":"https:\/\/codental.com.br\/","logo":{"@type":"ImageObject","inLanguage":"pt-BR","@id":"https:\/\/www.codental.com.br\/blog\/#\/schema\/logo\/image\/","url":"https:\/\/www.codental.com.br\/blog\/wp-content\/uploads\/2018\/10\/logo.png","contentUrl":"https:\/\/www.codental.com.br\/blog\/wp-content\/uploads\/2018\/10\/logo.png","width":1200,"height":300,"caption":"Codental"},"image":{"@id":"https:\/\/www.codental.com.br\/blog\/#\/schema\/logo\/image\/"},"sameAs":["http:\/\/www.facebook.com\/codentalbr","https:\/\/x.com\/CodentalBr","https:\/\/www.instagram.com\/codentalbr\/"]},{"@type":"Person","@id":"https:\/\/www.codental.com.br\/blog\/#\/schema\/person\/5d75a676c9e6f6bbbe61623d4d068ad7","name":"Juliana Costa","image":{"@type":"ImageObject","inLanguage":"pt-BR","@id":"https:\/\/www.codental.com.br\/blog\/wp-content\/uploads\/2022\/11\/WhatsApp-Image-2022-10-27-at-08.36.04-343x240.jpeg","url":"https:\/\/www.codental.com.br\/blog\/wp-content\/uploads\/2022\/11\/WhatsApp-Image-2022-10-27-at-08.36.04-343x240.jpeg","contentUrl":"https:\/\/www.codental.com.br\/blog\/wp-content\/uploads\/2022\/11\/WhatsApp-Image-2022-10-27-at-08.36.04-343x240.jpeg","caption":"Juliana Costa"},"description":"Mineira, 28 anos. Redatora e revisora do blog do Codental. Estudante de nutri\u00e7\u00e3o, apaixonada por ci\u00eancia, arte, bons livros e chocolate. Casada e m\u00e3e de uma doce menininha, acredita que o melhor da vida \u00e9 poder compartilhar bons momentos entre amigos e fam\u00edlia!","sameAs":["https:\/\/www.instagram.com\/juliana_costa\/"],"url":"https:\/\/www.codental.com.br\/blog\/author\/juliana\/"}]}},"_links":{"self":[{"href":"https:\/\/www.codental.com.br\/blog\/wp-json\/wp\/v2\/posts\/5434","targetHints":{"allow":["GET"]}}],"collection":[{"href":"https:\/\/www.codental.com.br\/blog\/wp-json\/wp\/v2\/posts"}],"about":[{"href":"https:\/\/www.codental.com.br\/blog\/wp-json\/wp\/v2\/types\/post"}],"author":[{"embeddable":true,"href":"https:\/\/www.codental.com.br\/blog\/wp-json\/wp\/v2\/users\/16"}],"replies":[{"embeddable":true,"href":"https:\/\/www.codental.com.br\/blog\/wp-json\/wp\/v2\/comments?post=5434"}],"version-history":[{"count":3,"href":"https:\/\/www.codental.com.br\/blog\/wp-json\/wp\/v2\/posts\/5434\/revisions"}],"predecessor-version":[{"id":5438,"href":"https:\/\/www.codental.com.br\/blog\/wp-json\/wp\/v2\/posts\/5434\/revisions\/5438"}],"wp:featuredmedia":[{"embeddable":true,"href":"https:\/\/www.codental.com.br\/blog\/wp-json\/wp\/v2\/media\/5435"}],"wp:attachment":[{"href":"https:\/\/www.codental.com.br\/blog\/wp-json\/wp\/v2\/media?parent=5434"}],"wp:term":[{"taxonomy":"category","embeddable":true,"href":"https:\/\/www.codental.com.br\/blog\/wp-json\/wp\/v2\/categories?post=5434"},{"taxonomy":"post_tag","embeddable":true,"href":"https:\/\/www.codental.com.br\/blog\/wp-json\/wp\/v2\/tags?post=5434"}],"curies":[{"name":"wp","href":"https:\/\/api.w.org\/{rel}","templated":true}]}}