{"id":5429,"date":"2024-07-10T18:00:00","date_gmt":"2024-07-10T21:00:00","guid":{"rendered":"https:\/\/www.codental.com.br\/blog\/?p=5429"},"modified":"2024-07-10T17:41:48","modified_gmt":"2024-07-10T20:41:48","slug":"gengiva-branca-12-causas-que-voce-precisa-conhecer","status":"publish","type":"post","link":"https:\/\/www.codental.com.br\/blog\/gengiva-branca-12-causas-que-voce-precisa-conhecer\/","title":{"rendered":"Gengiva branca: 12 causas que voc\u00ea precisa conhecer!"},"content":{"rendered":"\n<p>A<strong> gengiva branca<\/strong> \u00e9 uma condi\u00e7\u00e3o que pode ter proced\u00eancia simples como<a href=\"https:\/\/www.codental.com.br\/blog\/afta-saiba-tudo-sobre-essas-terriveis-lesoes\/#:~:text=A%20afta%20come%C3%A7a%20devido%20a,a%20uma%20inflama%C3%A7%C3%A3o%20no%20local.?utm_source=blog&utm_medium=referral&utm_content=gengiva-branca-12-causas-que-voce-precisa-conhecer\"> aftas<\/a>, <a href=\"https:\/\/www.codental.com.br\/blog\/extracao-de-dente-tudo-que-voce-precisa-saber\/?utm_source=blog&utm_medium=referral&utm_content=gengiva-branca-12-causas-que-voce-precisa-conhecer\">extra\u00e7\u00e3o dent\u00e1ria<\/a> e leucoplasia. Entretanto, pode surgir por meio de condi\u00e7\u00f5es mais s\u00e9rias como c\u00e2ncer de boca, l\u00edquen plano oral, dentre outros.<\/p>\n\n\n\n<p>Os sintomas relatados pelos pacientes que apresentam essa condi\u00e7\u00e3o podem ser distintos, a depender da causa da gengiva branca, dentre eles incha\u00e7os, feridas, mau h\u00e1lito, caro\u00e7os na boca, fraqueza, por exemplo.&nbsp;<\/p>\n\n\n\n<p>Desa maneira, deve-se avaliar criteriosamente esse paciente, com o intuito de descobrir a causa da gengiva branca, visando o tratamento precoce e efetivo.<\/p>\n\n\n\n<p><em>Confira tudo sobre gengiva branca e forne\u00e7a um atendimento diferenciado aos seus pacientes!<\/em><\/p>\n\n\n\n<h2 class=\"wp-block-heading\">Causas da gengiva branca<\/h2>\n\n\n\n<p>A <strong>gengiva branca \u00e9 uma condi\u00e7\u00e3o que afeta a sa\u00fade bucal<\/strong>, geralmente sendo causa de uma condi\u00e7\u00e3o maior. Al\u00e9m de prejudicar a apar\u00eancia da gengiva inteira, ou nas partes acometidas, tamb\u00e9m pode desencadear altera\u00e7\u00f5es na espessura da gengiva e na parte interna das bochechas.<\/p>\n\n\n\n<p>Dessa forma, \u00e9 sempre bom observar se a gengiva do paciente se apresenta na cor coral, rosa ou levemente avermelhada, caracter\u00edsticos de uma gengiva saud\u00e1vel, com recebimento adequado do fluxo sangu\u00edneo.\u00a0<\/p>\n\n\n\n<p>V\u00e1rios s\u00e3o os problemas que podem desencadear a gengiva branca, dentre eles:<\/p>\n\n\n\n<h3 class=\"wp-block-heading\"><a href=\"https:\/\/www.codental.com.br\/blog\/gengivite-tratamento-e-muito-mais-sobre-essa-doenca\/?utm_source=blog&utm_medium=referral&utm_content=gengiva-branca-12-causas-que-voce-precisa-conhecer\">Gengivite<\/a><\/h3>\n\n\n\n<p>A gengivite \u00e9 caracterizada por uma inflama\u00e7\u00e3o que atinge a boca, podendo ter v\u00e1rias causas como c\u00e1ries, t\u00e1rtaro, utiliza\u00e7\u00e3o indevida de aparelhos ortod\u00f4nticos e pr\u00f3teses, dentre outros.&nbsp;<\/p>\n\n\n\n<p>Dessa forma, sintomas como incha\u00e7os, esbranqui\u00e7amento, dores e inc\u00f4modos na gengiva podem surgir, e em casos mais severos, pode levar ao desenvolvimento de periodontite.<\/p>\n\n\n\n<h3 class=\"wp-block-heading\"><a href=\"https:\/\/www.codental.com.br\/blog\/periodontite-avancada\/?utm_source=blog&utm_medium=referral&utm_content=gengiva-branca-12-causas-que-voce-precisa-conhecer\">Periodontite<\/a><\/h3>\n\n\n\n<p>Um grande problema relacionado ao n\u00e3o cuidado da gengivite \u00e9 a periodontite, que pode trazer s\u00e9rias consequ\u00eancias. Dentre os sinais e sintomas relacionados a periodontite, observa-se irrita\u00e7\u00e3o e esbranqui\u00e7amento da gengiva, inflama\u00e7\u00f5es e l\u00edngua branca.&nbsp;<\/p>\n\n\n\n<p>Al\u00e9m disso, o paciente com periodontite apresenta mau h\u00e1lito, sangramento, amolecimento dos dentes, dores na regi\u00e3o atingida, al\u00e9m de todos os sintomas relacionados na gengivite.&nbsp;<\/p>\n\n\n\n<h3 class=\"wp-block-heading\">Implanta\u00e7\u00e3o de am\u00e1lgama<\/h3>\n\n\n\n<p>\u00c9 esperado uma descolora\u00e7\u00e3o natural das gengivas com o decorrer do tempo. Em geral, elas s\u00e3o formadas no momento em que part\u00edculas de preenchimento prateado se fixam nos tecidos da boca.<\/p>\n\n\n\n<p>Existem casos que a utiliza\u00e7\u00e3o de dentes posti\u00e7os provoca manchas, devido part\u00edculas do metal se alojarem dentro da gengiva, podendo ser pretas, azuis ou cinzas.<\/p>\n\n\n\n<p>Apesar de inofensivo, casos o paciente se queixe por desconforto est\u00e9tico, \u00e9 poss\u00edvel a remo\u00e7\u00e3o dessas manchas.<\/p>\n\n\n\n<h3 class=\"wp-block-heading\">Anemia&nbsp;<\/h3>\n\n\n\n<p>Apesar dos sintomas t\u00edpicos da anemia serem fraqueza e falta de apetite, essa condi\u00e7\u00e3o tamb\u00e9m pode resultar em palidez nas gengivas e mucosas orais.<\/p>\n\n\n\n<p>A anemia se caracteriza pela altera\u00e7\u00e3o de hemoglobina nas hem\u00e1cias, sendo imprescind\u00edvel o encaminhamento do paciente para um hematologista, visando o tratamento devido.<\/p>\n\n\n\n<h3 class=\"wp-block-heading\">Afta na gengiva<\/h3>\n\n\n\n<p>Uma das condi\u00e7\u00f5es odontol\u00f3gicas mais comum, a afta na gengiva pode ser causada por escovas de dentes com cerdas duras, consumo de alimentos quentes e \u00e1cidos, dentre outros fatores. Dessa forma, uma das principais caracter\u00edsticas da afta \u00e9 apresentar les\u00f5es esbranqui\u00e7adas e redondas, resultando em uma gengiva com apar\u00eancia branca, feridas, dor na boca, al\u00e9m de dificuldade para mastigar alimentos e falar.<\/p>\n\n\n\n<h3 class=\"wp-block-heading\"><a href=\"https:\/\/www.codental.com.br\/blog\/leucoplasia-tudo-que-voce-precisa-saber\/?utm_source=blog&utm_medium=referral&utm_content=gengiva-branca-12-causas-que-voce-precisa-conhecer\">Leucoplasia<\/a><\/h3>\n\n\n\n<p>A leucoplasia oral \u00e9 uma condi\u00e7\u00e3o em que manchas brancas se desenvolvem na boca, incluindo na gengiva. Entretanto, nem sempre \u00e9 uma condi\u00e7\u00e3o grave, sendo geralmente associada a quest\u00f5es est\u00e9ticas, podendo estar relacionada ao tabagismo, irrita\u00e7\u00e3o cr\u00f4nica, consumo excessivo de \u00e1lcool e alimentos muito \u00e1cidos e picantes.<\/p>\n\n\n\n<h3 class=\"wp-block-heading\">L\u00edquen plano oral<\/h3>\n\n\n\n<p>O L\u00edquen plano oral \u00e9 uma doen\u00e7a cr\u00f4nica que possui dentre os seus sintomas a gengiva branca, al\u00e9m da l\u00edngua e parte interna da bochecha. Al\u00e9m disso, \u00e9 uma condi\u00e7\u00e3o que pode gerar dor, feridas e les\u00f5es vermelhas.&nbsp;<\/p>\n\n\n\n<p>Essa condi\u00e7\u00e3o \u00e9 geralmente causada devido ao uso de medicamentos antibi\u00f3ticos, anti-inflamat\u00f3rios n\u00e3o asteroides, anti-hipertensivos, dentre outros. Dessa forma, evita-se a condi\u00e7\u00e3o com a suspens\u00e3o dos medicamentos desencadeadores.<\/p>\n\n\n\n<h3 class=\"wp-block-heading\">Extra\u00e7\u00e3o dent\u00e1ria<\/h3>\n\n\n\n<p>Ap\u00f3s uma extra\u00e7\u00e3o dent\u00e1ria pode ocorrer o desenvolvimento da gengiva branca. Entretanto, esse \u00e9 um bom sinal, pois indica forma\u00e7\u00e3o de vasos sangu\u00edneos, col\u00e1genos e gl\u00f3bulos brancos, respons\u00e1veis pela cicatriza\u00e7\u00e3o.&nbsp;<\/p>\n\n\n\n<p>Todavia, em casos de queixas de muitas dores locais, febre e gosto ruim na boca, a gengiva branca pode indicar a presen\u00e7a de pus, devendo se atentar para o caso.<\/p>\n\n\n\n<h3 class=\"wp-block-heading\"><a href=\"https:\/\/www.codental.com.br\/blog\/cancer-de-boca-entenda-tudo-sobre-essa-condicao\/#:~:text=%C3%89%20um%20tipo%20raro%20de,pouco%20agressivo%20precisa%20ser%20removido.?utm_source=blog&utm_medium=referral&utm_content=gengiva-branca-12-causas-que-voce-precisa-conhecer\">C\u00e2ncer de boca<\/a><\/h3>\n\n\n\n<p>O c\u00e2ncer de boca \u00e9 um tipo de tumor maligno que pode surgir nos l\u00e1bios, l\u00edngua, bochechas, palato, gengiva ou orofaringe, causando sintomas como mancha branca na gengiva, feridas ou aftas que demoram para cicatrizar, caro\u00e7os na boca ou irrita\u00e7\u00e3o na garganta ou sensa\u00e7\u00e3o que algo est\u00e1 preso na garganta.<\/p>\n\n\n\n<h3 class=\"wp-block-heading\"><a href=\"https:\/\/www.codental.com.br\/blog\/candidiase-na-lingua-causa-diagnostico-e-tratamento\/?utm_source=blog&utm_medium=referral&utm_content=gengiva-branca-12-causas-que-voce-precisa-conhecer\">Candid\u00edase<\/a><\/h3>\n\n\n\n<p>A candid\u00edase oral \u00e9 uma infec\u00e7\u00e3o na boca que causa manchas brancas semelhantes \u00e0 coalhada na gengiva, l\u00edngua, parte interna das bochechas, am\u00edgdalas e garganta. Al\u00e9m disso, a candid\u00edase tamb\u00e9m pode causar aftas na l\u00edngua ou na bochecha, sensa\u00e7\u00e3o de algod\u00e3o dentro da boca e dor nas regi\u00f5es afetadas.<\/p>\n\n\n\n<h3 class=\"wp-block-heading\">Gengivo-estomatite da menopausa<\/h3>\n\n\n\n<p>A gengivo-estomatite da menopausa \u00e9 uma infec\u00e7\u00e3o na boca e gengivas causada pelas altera\u00e7\u00f5es hormonais comuns nessa fase, levando ao surgimento de sintomas como gengiva branca e seca, e, \u00e0s vezes, sangramento.<\/p>\n\n\n\n<h3 class=\"wp-block-heading\">T\u00e1rtaro<\/h3>\n\n\n\n<p>Caracterizado pelo ac\u00famulo da placa bacteriana por conta da m\u00e1 higieniza\u00e7\u00e3o dos dentes, principalmente quando n\u00e3o se utiliza o fio dental, o t\u00e1rtaro pode ser um causador da gengiva branca.<\/p>\n\n\n\n<h2 class=\"wp-block-heading\">Como tratar a gengiva branca?<\/h2>\n\n\n\n<p>Os tratamentos ir\u00e3o depender da causa base do problema. Dessa forma, \u00e9 muito importante efetuar uma anamnese completa do paciente para identificar a causa da condi\u00e7\u00e3o, indicando o tratamento devido.<\/p>\n\n\n\n<p>Al\u00e9m disso, algumas condi\u00e7\u00f5es que levam a gengiva branca s\u00e3o de compet\u00eancia m\u00e9dica, como o caso da anemia, devendo sempre encaminhar os pacientes perante essas situa\u00e7\u00f5es.<\/p>\n\n\n\n<p>Ainda, lembrar o paciente que a preven\u00e7\u00e3o \u00e9 sempre o melhor rem\u00e9dio. Portanto, oriente seu paciente sobre os cuidados devidos como:<\/p>\n\n\n\n<ul class=\"wp-block-list\">\n<li>Escovar os dentes sempre depois das refei\u00e7\u00f5es e antes de dormir;<\/li>\n\n\n\n<li>Diminuir o consumo de alimentos \u00e1cidos e com a\u00e7\u00facar;<\/li>\n\n\n\n<li>Utilizar o <a href=\"https:\/\/www.codental.com.br\/blog\/tipos-de-fio-dental\/?utm_source=blog&utm_medium=referral&utm_content=gengiva-branca-12-causas-que-voce-precisa-conhecer\">fio dental<\/a> ao menos uma vez por dia;<\/li>\n\n\n\n<li>Evitar o consumo de \u00e1lcool e tabaco;<\/li>\n\n\n\n<li>efetuar visitas regulares ao dentista.<\/li>\n<\/ul>\n\n\n\n<p>Concluindo, a maioria dos casos de gengiva branca n\u00e3o s\u00e3o graves, sendo importante o paciente tomar os cuidados b\u00e1sicos necess\u00e1rios, al\u00e9m de iniciar o tratamento mais cedo poss\u00edvel. Dessa forma, \u00e9 poss\u00edvel solucionar o problema sem maiores preju\u00edzos para o seu paciente.<\/p>\n","protected":false},"excerpt":{"rendered":"<p>A gengiva branca \u00e9 uma condi\u00e7\u00e3o que pode ter proced\u00eancia simples como aftas, extra\u00e7\u00e3o&#8230;<\/p>\n","protected":false},"author":16,"featured_media":5430,"comment_status":"closed","ping_status":"closed","sticky":false,"template":"","format":"standard","meta":{"_target_audience":"","footnotes":""},"categories":[247],"tags":[610,609],"class_list":["post-5429","post","type-post","status-publish","format-standard","has-post-thumbnail","hentry","category-doencas-odontologicas","tag-doencas-na-gengiva","tag-gengiva-branca"],"yoast_head":"<!-- This site is optimized with the Yoast SEO plugin v27.2 - https:\/\/yoast.com\/product\/yoast-seo-wordpress\/ -->\n<title>Gengiva branca: 12 causas que voc\u00ea precisa conhecer!<\/title>\n<meta name=\"description\" content=\"A gengiva branca \u00e9 uma condi\u00e7\u00e3o que afeta a sa\u00fade bucal, geralmente sendo causa de uma condi\u00e7\u00e3o maior. Confira!\" \/>\n<meta name=\"robots\" content=\"index, follow, max-snippet:-1, max-image-preview:large, max-video-preview:-1\" \/>\n<link rel=\"canonical\" href=\"https:\/\/www.codental.com.br\/blog\/gengiva-branca-12-causas-que-voce-precisa-conhecer\/\" \/>\n<meta property=\"og:locale\" content=\"pt_BR\" \/>\n<meta property=\"og:type\" content=\"article\" \/>\n<meta property=\"og:title\" content=\"Gengiva branca: 12 causas que voc\u00ea precisa conhecer!\" \/>\n<meta property=\"og:description\" content=\"A gengiva branca \u00e9 uma condi\u00e7\u00e3o que afeta a sa\u00fade bucal, geralmente sendo causa de uma condi\u00e7\u00e3o maior. Confira!\" \/>\n<meta property=\"og:url\" content=\"https:\/\/www.codental.com.br\/blog\/gengiva-branca-12-causas-que-voce-precisa-conhecer\/\" \/>\n<meta property=\"og:site_name\" content=\"Codental Blog\" \/>\n<meta property=\"article:publisher\" content=\"http:\/\/www.facebook.com\/codentalbr\" \/>\n<meta property=\"article:published_time\" content=\"2024-07-10T21:00:00+00:00\" \/>\n<meta property=\"og:image\" content=\"https:\/\/www.codental.com.br\/blog\/wp-content\/uploads\/2024\/07\/gengiva-branca.jpg\" \/>\n\t<meta property=\"og:image:width\" content=\"1010\" \/>\n\t<meta property=\"og:image:height\" content=\"550\" \/>\n\t<meta property=\"og:image:type\" content=\"image\/jpeg\" \/>\n<meta name=\"author\" content=\"Juliana Costa\" \/>\n<meta name=\"twitter:card\" content=\"summary_large_image\" \/>\n<meta name=\"twitter:creator\" content=\"@CodentalBr\" \/>\n<meta name=\"twitter:site\" content=\"@CodentalBr\" \/>\n<meta name=\"twitter:label1\" content=\"Escrito por\" \/>\n\t<meta name=\"twitter:data1\" content=\"Juliana Costa\" \/>\n\t<meta name=\"twitter:label2\" content=\"Est. tempo de leitura\" \/>\n\t<meta name=\"twitter:data2\" content=\"6 minutos\" \/>\n<script type=\"application\/ld+json\" class=\"yoast-schema-graph\">{\"@context\":\"https:\/\/schema.org\",\"@graph\":[{\"@type\":\"Article\",\"@id\":\"https:\/\/www.codental.com.br\/blog\/gengiva-branca-12-causas-que-voce-precisa-conhecer\/#article\",\"isPartOf\":{\"@id\":\"https:\/\/www.codental.com.br\/blog\/gengiva-branca-12-causas-que-voce-precisa-conhecer\/\"},\"author\":{\"name\":\"Juliana Costa\",\"@id\":\"https:\/\/www.codental.com.br\/blog\/#\/schema\/person\/5d75a676c9e6f6bbbe61623d4d068ad7\"},\"headline\":\"Gengiva branca: 12 causas que voc\u00ea precisa conhecer!\",\"datePublished\":\"2024-07-10T21:00:00+00:00\",\"mainEntityOfPage\":{\"@id\":\"https:\/\/www.codental.com.br\/blog\/gengiva-branca-12-causas-que-voce-precisa-conhecer\/\"},\"wordCount\":1151,\"publisher\":{\"@id\":\"https:\/\/www.codental.com.br\/blog\/#organization\"},\"image\":{\"@id\":\"https:\/\/www.codental.com.br\/blog\/gengiva-branca-12-causas-que-voce-precisa-conhecer\/#primaryimage\"},\"thumbnailUrl\":\"https:\/\/www.codental.com.br\/blog\/wp-content\/uploads\/2024\/07\/gengiva-branca.jpg\",\"keywords\":[\"Doen\u00e7as na gengiva\",\"Gengiva branca\"],\"articleSection\":[\"Doen\u00e7as odontol\u00f3gicas\"],\"inLanguage\":\"pt-BR\"},{\"@type\":\"WebPage\",\"@id\":\"https:\/\/www.codental.com.br\/blog\/gengiva-branca-12-causas-que-voce-precisa-conhecer\/\",\"url\":\"https:\/\/www.codental.com.br\/blog\/gengiva-branca-12-causas-que-voce-precisa-conhecer\/\",\"name\":\"Gengiva branca: 12 causas que voc\u00ea precisa conhecer!\",\"isPartOf\":{\"@id\":\"https:\/\/www.codental.com.br\/blog\/#website\"},\"primaryImageOfPage\":{\"@id\":\"https:\/\/www.codental.com.br\/blog\/gengiva-branca-12-causas-que-voce-precisa-conhecer\/#primaryimage\"},\"image\":{\"@id\":\"https:\/\/www.codental.com.br\/blog\/gengiva-branca-12-causas-que-voce-precisa-conhecer\/#primaryimage\"},\"thumbnailUrl\":\"https:\/\/www.codental.com.br\/blog\/wp-content\/uploads\/2024\/07\/gengiva-branca.jpg\",\"datePublished\":\"2024-07-10T21:00:00+00:00\",\"description\":\"A gengiva branca \u00e9 uma condi\u00e7\u00e3o que afeta a sa\u00fade bucal, geralmente sendo causa de uma condi\u00e7\u00e3o maior. Confira!\",\"breadcrumb\":{\"@id\":\"https:\/\/www.codental.com.br\/blog\/gengiva-branca-12-causas-que-voce-precisa-conhecer\/#breadcrumb\"},\"inLanguage\":\"pt-BR\",\"potentialAction\":[{\"@type\":\"ReadAction\",\"target\":[\"https:\/\/www.codental.com.br\/blog\/gengiva-branca-12-causas-que-voce-precisa-conhecer\/\"]}]},{\"@type\":\"ImageObject\",\"inLanguage\":\"pt-BR\",\"@id\":\"https:\/\/www.codental.com.br\/blog\/gengiva-branca-12-causas-que-voce-precisa-conhecer\/#primaryimage\",\"url\":\"https:\/\/www.codental.com.br\/blog\/wp-content\/uploads\/2024\/07\/gengiva-branca.jpg\",\"contentUrl\":\"https:\/\/www.codental.com.br\/blog\/wp-content\/uploads\/2024\/07\/gengiva-branca.jpg\",\"width\":1010,\"height\":550,\"caption\":\"gengiva branca\"},{\"@type\":\"BreadcrumbList\",\"@id\":\"https:\/\/www.codental.com.br\/blog\/gengiva-branca-12-causas-que-voce-precisa-conhecer\/#breadcrumb\",\"itemListElement\":[{\"@type\":\"ListItem\",\"position\":1,\"name\":\"In\u00edcio\",\"item\":\"https:\/\/www.codental.com.br\/blog\/\"},{\"@type\":\"ListItem\",\"position\":2,\"name\":\"Gengiva branca: 12 causas que voc\u00ea precisa conhecer!\"}]},{\"@type\":\"WebSite\",\"@id\":\"https:\/\/www.codental.com.br\/blog\/#website\",\"url\":\"https:\/\/www.codental.com.br\/blog\/\",\"name\":\"Codental Blog\",\"description\":\"Artigos e not\u00edcias sobre odontologia\",\"publisher\":{\"@id\":\"https:\/\/www.codental.com.br\/blog\/#organization\"},\"potentialAction\":[{\"@type\":\"SearchAction\",\"target\":{\"@type\":\"EntryPoint\",\"urlTemplate\":\"https:\/\/www.codental.com.br\/blog\/?s={search_term_string}\"},\"query-input\":{\"@type\":\"PropertyValueSpecification\",\"valueRequired\":true,\"valueName\":\"search_term_string\"}}],\"inLanguage\":\"pt-BR\"},{\"@type\":\"Organization\",\"@id\":\"https:\/\/www.codental.com.br\/blog\/#organization\",\"name\":\"Codental\",\"url\":\"https:\/\/codental.com.br\/\",\"logo\":{\"@type\":\"ImageObject\",\"inLanguage\":\"pt-BR\",\"@id\":\"https:\/\/www.codental.com.br\/blog\/#\/schema\/logo\/image\/\",\"url\":\"https:\/\/www.codental.com.br\/blog\/wp-content\/uploads\/2018\/10\/logo.png\",\"contentUrl\":\"https:\/\/www.codental.com.br\/blog\/wp-content\/uploads\/2018\/10\/logo.png\",\"width\":1200,\"height\":300,\"caption\":\"Codental\"},\"image\":{\"@id\":\"https:\/\/www.codental.com.br\/blog\/#\/schema\/logo\/image\/\"},\"sameAs\":[\"http:\/\/www.facebook.com\/codentalbr\",\"https:\/\/x.com\/CodentalBr\",\"https:\/\/www.instagram.com\/codentalbr\/\"]},{\"@type\":\"Person\",\"@id\":\"https:\/\/www.codental.com.br\/blog\/#\/schema\/person\/5d75a676c9e6f6bbbe61623d4d068ad7\",\"name\":\"Juliana Costa\",\"image\":{\"@type\":\"ImageObject\",\"inLanguage\":\"pt-BR\",\"@id\":\"https:\/\/www.codental.com.br\/blog\/wp-content\/uploads\/2022\/11\/WhatsApp-Image-2022-10-27-at-08.36.04-343x240.jpeg\",\"url\":\"https:\/\/www.codental.com.br\/blog\/wp-content\/uploads\/2022\/11\/WhatsApp-Image-2022-10-27-at-08.36.04-343x240.jpeg\",\"contentUrl\":\"https:\/\/www.codental.com.br\/blog\/wp-content\/uploads\/2022\/11\/WhatsApp-Image-2022-10-27-at-08.36.04-343x240.jpeg\",\"caption\":\"Juliana Costa\"},\"description\":\"Mineira, 28 anos. Redatora e revisora do blog do Codental. Estudante de nutri\u00e7\u00e3o, apaixonada por ci\u00eancia, arte, bons livros e chocolate. Casada e m\u00e3e de uma doce menininha, acredita que o melhor da vida \u00e9 poder compartilhar bons momentos entre amigos e fam\u00edlia!\",\"sameAs\":[\"https:\/\/www.instagram.com\/juliana_costa\/\"],\"url\":\"https:\/\/www.codental.com.br\/blog\/author\/juliana\/\"}]}<\/script>\n<!-- \/ Yoast SEO plugin. -->","yoast_head_json":{"title":"Gengiva branca: 12 causas que voc\u00ea precisa conhecer!","description":"A gengiva branca \u00e9 uma condi\u00e7\u00e3o que afeta a sa\u00fade bucal, geralmente sendo causa de uma condi\u00e7\u00e3o maior. Confira!","robots":{"index":"index","follow":"follow","max-snippet":"max-snippet:-1","max-image-preview":"max-image-preview:large","max-video-preview":"max-video-preview:-1"},"canonical":"https:\/\/www.codental.com.br\/blog\/gengiva-branca-12-causas-que-voce-precisa-conhecer\/","og_locale":"pt_BR","og_type":"article","og_title":"Gengiva branca: 12 causas que voc\u00ea precisa conhecer!","og_description":"A gengiva branca \u00e9 uma condi\u00e7\u00e3o que afeta a sa\u00fade bucal, geralmente sendo causa de uma condi\u00e7\u00e3o maior. Confira!","og_url":"https:\/\/www.codental.com.br\/blog\/gengiva-branca-12-causas-que-voce-precisa-conhecer\/","og_site_name":"Codental Blog","article_publisher":"http:\/\/www.facebook.com\/codentalbr","article_published_time":"2024-07-10T21:00:00+00:00","og_image":[{"width":1010,"height":550,"url":"https:\/\/www.codental.com.br\/blog\/wp-content\/uploads\/2024\/07\/gengiva-branca.jpg","type":"image\/jpeg"}],"author":"Juliana Costa","twitter_card":"summary_large_image","twitter_creator":"@CodentalBr","twitter_site":"@CodentalBr","twitter_misc":{"Escrito por":"Juliana Costa","Est. tempo de leitura":"6 minutos"},"schema":{"@context":"https:\/\/schema.org","@graph":[{"@type":"Article","@id":"https:\/\/www.codental.com.br\/blog\/gengiva-branca-12-causas-que-voce-precisa-conhecer\/#article","isPartOf":{"@id":"https:\/\/www.codental.com.br\/blog\/gengiva-branca-12-causas-que-voce-precisa-conhecer\/"},"author":{"name":"Juliana Costa","@id":"https:\/\/www.codental.com.br\/blog\/#\/schema\/person\/5d75a676c9e6f6bbbe61623d4d068ad7"},"headline":"Gengiva branca: 12 causas que voc\u00ea precisa conhecer!","datePublished":"2024-07-10T21:00:00+00:00","mainEntityOfPage":{"@id":"https:\/\/www.codental.com.br\/blog\/gengiva-branca-12-causas-que-voce-precisa-conhecer\/"},"wordCount":1151,"publisher":{"@id":"https:\/\/www.codental.com.br\/blog\/#organization"},"image":{"@id":"https:\/\/www.codental.com.br\/blog\/gengiva-branca-12-causas-que-voce-precisa-conhecer\/#primaryimage"},"thumbnailUrl":"https:\/\/www.codental.com.br\/blog\/wp-content\/uploads\/2024\/07\/gengiva-branca.jpg","keywords":["Doen\u00e7as na gengiva","Gengiva branca"],"articleSection":["Doen\u00e7as odontol\u00f3gicas"],"inLanguage":"pt-BR"},{"@type":"WebPage","@id":"https:\/\/www.codental.com.br\/blog\/gengiva-branca-12-causas-que-voce-precisa-conhecer\/","url":"https:\/\/www.codental.com.br\/blog\/gengiva-branca-12-causas-que-voce-precisa-conhecer\/","name":"Gengiva branca: 12 causas que voc\u00ea precisa conhecer!","isPartOf":{"@id":"https:\/\/www.codental.com.br\/blog\/#website"},"primaryImageOfPage":{"@id":"https:\/\/www.codental.com.br\/blog\/gengiva-branca-12-causas-que-voce-precisa-conhecer\/#primaryimage"},"image":{"@id":"https:\/\/www.codental.com.br\/blog\/gengiva-branca-12-causas-que-voce-precisa-conhecer\/#primaryimage"},"thumbnailUrl":"https:\/\/www.codental.com.br\/blog\/wp-content\/uploads\/2024\/07\/gengiva-branca.jpg","datePublished":"2024-07-10T21:00:00+00:00","description":"A gengiva branca \u00e9 uma condi\u00e7\u00e3o que afeta a sa\u00fade bucal, geralmente sendo causa de uma condi\u00e7\u00e3o maior. Confira!","breadcrumb":{"@id":"https:\/\/www.codental.com.br\/blog\/gengiva-branca-12-causas-que-voce-precisa-conhecer\/#breadcrumb"},"inLanguage":"pt-BR","potentialAction":[{"@type":"ReadAction","target":["https:\/\/www.codental.com.br\/blog\/gengiva-branca-12-causas-que-voce-precisa-conhecer\/"]}]},{"@type":"ImageObject","inLanguage":"pt-BR","@id":"https:\/\/www.codental.com.br\/blog\/gengiva-branca-12-causas-que-voce-precisa-conhecer\/#primaryimage","url":"https:\/\/www.codental.com.br\/blog\/wp-content\/uploads\/2024\/07\/gengiva-branca.jpg","contentUrl":"https:\/\/www.codental.com.br\/blog\/wp-content\/uploads\/2024\/07\/gengiva-branca.jpg","width":1010,"height":550,"caption":"gengiva branca"},{"@type":"BreadcrumbList","@id":"https:\/\/www.codental.com.br\/blog\/gengiva-branca-12-causas-que-voce-precisa-conhecer\/#breadcrumb","itemListElement":[{"@type":"ListItem","position":1,"name":"In\u00edcio","item":"https:\/\/www.codental.com.br\/blog\/"},{"@type":"ListItem","position":2,"name":"Gengiva branca: 12 causas que voc\u00ea precisa conhecer!"}]},{"@type":"WebSite","@id":"https:\/\/www.codental.com.br\/blog\/#website","url":"https:\/\/www.codental.com.br\/blog\/","name":"Codental Blog","description":"Artigos e not\u00edcias sobre odontologia","publisher":{"@id":"https:\/\/www.codental.com.br\/blog\/#organization"},"potentialAction":[{"@type":"SearchAction","target":{"@type":"EntryPoint","urlTemplate":"https:\/\/www.codental.com.br\/blog\/?s={search_term_string}"},"query-input":{"@type":"PropertyValueSpecification","valueRequired":true,"valueName":"search_term_string"}}],"inLanguage":"pt-BR"},{"@type":"Organization","@id":"https:\/\/www.codental.com.br\/blog\/#organization","name":"Codental","url":"https:\/\/codental.com.br\/","logo":{"@type":"ImageObject","inLanguage":"pt-BR","@id":"https:\/\/www.codental.com.br\/blog\/#\/schema\/logo\/image\/","url":"https:\/\/www.codental.com.br\/blog\/wp-content\/uploads\/2018\/10\/logo.png","contentUrl":"https:\/\/www.codental.com.br\/blog\/wp-content\/uploads\/2018\/10\/logo.png","width":1200,"height":300,"caption":"Codental"},"image":{"@id":"https:\/\/www.codental.com.br\/blog\/#\/schema\/logo\/image\/"},"sameAs":["http:\/\/www.facebook.com\/codentalbr","https:\/\/x.com\/CodentalBr","https:\/\/www.instagram.com\/codentalbr\/"]},{"@type":"Person","@id":"https:\/\/www.codental.com.br\/blog\/#\/schema\/person\/5d75a676c9e6f6bbbe61623d4d068ad7","name":"Juliana Costa","image":{"@type":"ImageObject","inLanguage":"pt-BR","@id":"https:\/\/www.codental.com.br\/blog\/wp-content\/uploads\/2022\/11\/WhatsApp-Image-2022-10-27-at-08.36.04-343x240.jpeg","url":"https:\/\/www.codental.com.br\/blog\/wp-content\/uploads\/2022\/11\/WhatsApp-Image-2022-10-27-at-08.36.04-343x240.jpeg","contentUrl":"https:\/\/www.codental.com.br\/blog\/wp-content\/uploads\/2022\/11\/WhatsApp-Image-2022-10-27-at-08.36.04-343x240.jpeg","caption":"Juliana Costa"},"description":"Mineira, 28 anos. Redatora e revisora do blog do Codental. Estudante de nutri\u00e7\u00e3o, apaixonada por ci\u00eancia, arte, bons livros e chocolate. Casada e m\u00e3e de uma doce menininha, acredita que o melhor da vida \u00e9 poder compartilhar bons momentos entre amigos e fam\u00edlia!","sameAs":["https:\/\/www.instagram.com\/juliana_costa\/"],"url":"https:\/\/www.codental.com.br\/blog\/author\/juliana\/"}]}},"_links":{"self":[{"href":"https:\/\/www.codental.com.br\/blog\/wp-json\/wp\/v2\/posts\/5429","targetHints":{"allow":["GET"]}}],"collection":[{"href":"https:\/\/www.codental.com.br\/blog\/wp-json\/wp\/v2\/posts"}],"about":[{"href":"https:\/\/www.codental.com.br\/blog\/wp-json\/wp\/v2\/types\/post"}],"author":[{"embeddable":true,"href":"https:\/\/www.codental.com.br\/blog\/wp-json\/wp\/v2\/users\/16"}],"replies":[{"embeddable":true,"href":"https:\/\/www.codental.com.br\/blog\/wp-json\/wp\/v2\/comments?post=5429"}],"version-history":[{"count":3,"href":"https:\/\/www.codental.com.br\/blog\/wp-json\/wp\/v2\/posts\/5429\/revisions"}],"predecessor-version":[{"id":5433,"href":"https:\/\/www.codental.com.br\/blog\/wp-json\/wp\/v2\/posts\/5429\/revisions\/5433"}],"wp:featuredmedia":[{"embeddable":true,"href":"https:\/\/www.codental.com.br\/blog\/wp-json\/wp\/v2\/media\/5430"}],"wp:attachment":[{"href":"https:\/\/www.codental.com.br\/blog\/wp-json\/wp\/v2\/media?parent=5429"}],"wp:term":[{"taxonomy":"category","embeddable":true,"href":"https:\/\/www.codental.com.br\/blog\/wp-json\/wp\/v2\/categories?post=5429"},{"taxonomy":"post_tag","embeddable":true,"href":"https:\/\/www.codental.com.br\/blog\/wp-json\/wp\/v2\/tags?post=5429"}],"curies":[{"name":"wp","href":"https:\/\/api.w.org\/{rel}","templated":true}]}}