{"id":4748,"date":"2024-01-08T17:00:00","date_gmt":"2024-01-08T20:00:00","guid":{"rendered":"https:\/\/www.codental.com.br\/blog\/?p=4748"},"modified":"2024-01-06T11:24:06","modified_gmt":"2024-01-06T14:24:06","slug":"bruxismo-infantil-tudo-que-voce-precisa-saber","status":"publish","type":"post","link":"https:\/\/www.codental.com.br\/blog\/bruxismo-infantil-tudo-que-voce-precisa-saber\/","title":{"rendered":"Bruxismo infantil: tudo que voc\u00ea precisa saber!"},"content":{"rendered":"\n<p>O <strong>bruxismo infantil, <\/strong>ou o ato de ranger os dentes na inf\u00e2ncia, \u00e9 considerado um dist\u00farbio comum, afetando cerca de 30% da popula\u00e7\u00e3o mundial. O problema \u00e9 muito comum em crian\u00e7as at\u00e9 os 6 anos, devido ao crescimento dos dentes e acomoda\u00e7\u00e3o destes na gengiva.<\/p>\n\n\n\n<p>Embora seja considerado um dist\u00farbio inofensivo e tempor\u00e1rio, pode gerar consequ\u00eancias significativas na sa\u00fade oral e geral das crian\u00e7as, causando preocupa\u00e7\u00f5es para os pais.<\/p>\n\n\n\n<p>Neste artigo, trataremos as causas do bruxismo infantil, como identificar este dist\u00farbio na inf\u00e2ncia, al\u00e9m de sintomas e tratamentos deste. Confira!<\/p>\n\n\n\n<h2 class=\"wp-block-heading\">O que \u00e9 bruxismo infantil?<\/h2>\n\n\n\n<p>O bruxismo infantil <strong>caracteriza-se pelo ato de ranger, cerrar ou apertar os dentes de forma inconsciente durante a inf\u00e2ncia<\/strong>. Dessa forma, o ato involunt\u00e1rio de ranger os dentes pode ocorrer durante o sono ou em situa\u00e7\u00f5es de estresse.<\/p>\n\n\n\n<p>No entanto, essa condi\u00e7\u00e3o se fisiol\u00f3gica \u00e9 recorrente entre crian\u00e7as de 2 aos 4 anos, assim como na pr\u00e9-adolesc\u00eancia, dos 10 aos 12 anos.<\/p>\n\n\n\n<h2 class=\"wp-block-heading\">Quais as causas do bruxismo infantil?<\/h2>\n\n\n\n<figure class=\"wp-block-image aligncenter size-full\"><img loading=\"lazy\" decoding=\"async\" width=\"324\" height=\"156\" src=\"https:\/\/www.codental.com.br\/blog\/wp-content\/uploads\/2024\/01\/bruxismo-na-infancia.jpg\" alt=\"\" class=\"wp-image-4753\"\/><figcaption>Bruxismo na inf\u00e2ncia<\/figcaption><\/figure>\n\n\n\n<p>V\u00e1rias s\u00e3o as causas que levam ao desenvolvimento do bruxismo na inf\u00e2ncia. Durante o sono o problema est\u00e1 geralmente relacionado a <strong>ansiedade e altera\u00e7\u00f5es emocionais<\/strong>. Entretanto, existe uma const\u00e2ncia nas condi\u00e7\u00f5es al\u00e9rgicas ou altera\u00e7\u00f5es respirat\u00f3rias nas crian\u00e7as diagnosticadas com essa condi\u00e7\u00e3o.<\/p>\n\n\n\n<p>Outros fatores tamb\u00e9m podem estar relacionados ao desenvolvimento do bruxismo na inf\u00e2ncia, dentre eles:&nbsp;&nbsp;&nbsp;&nbsp;<\/p>\n\n\n\n<ul class=\"wp-block-list\"><li>Novas percep\u00e7\u00f5es da realidade;<\/li><li>Personalidade;<\/li><li>Gen\u00e9tica;<\/li><li>Uso de medicamentos;<\/li><li>Modifica\u00e7\u00f5es e adapta\u00e7\u00f5es de vida;<\/li><li>Transtorno obsessivo compulsivo;<\/li><li>Al\u00e9m de novas percep\u00e7\u00f5es sobre limites, autoconfian\u00e7a e escolhas.<\/li><\/ul>\n\n\n\n<p>\u00c9 bom destacar que crian\u00e7as em qualquer faixa et\u00e1ria podem desenvolver bruxismo, podendo tamb\u00e9m estar relacionado com:<\/p>\n\n\n\n<ul class=\"wp-block-list\"><li>O desenvolvimento da denti\u00e7\u00e3o;<\/li><li>Hereditariedade;<\/li><li>Ansiedade;<\/li><li>Estresse;<\/li><li>Dist\u00farbios do sono;<\/li><li>Problemas de oclus\u00e3o e;<\/li><li>Doen\u00e7as neuromusculares.<\/li><\/ul>\n\n\n\n<p>Assim, estudos sugerem que aproximadamente 15% a 40% das crian\u00e7as experimentam bruxismo em algum momento desta fase da vida.<\/p>\n\n\n\n<h2 class=\"wp-block-heading\">Sintomas do bruxismo infantil<\/h2>\n\n\n\n<p>O relato dos pais \u00e9 de suma import\u00e2ncia para identifica\u00e7\u00e3o do problema, visto que identificar os sintomas do bruxismo na inf\u00e2ncia \u00e9 fundamental para o diagn\u00f3stico diferencial deste quadro.<\/p>\n\n\n\n<p>Os <strong>sintomas mais comuns <\/strong>relatados pelos pais s\u00e3o: reclama\u00e7\u00f5es de zumbidos no ouvido, dores de cabe\u00e7a ou dores musculares no rosto, al\u00e9m de ru\u00eddos durante o sono.<\/p>\n\n\n\n<p>Ainda, a presen\u00e7a de estalos mandibulares e desgastes de topo dos dentes, bem como da palatina, configuram como sintomas de bruxismo.<\/p>\n\n\n\n<p>Ademais, queixas de sensibilidade dent\u00e1ria, dores de ouvido e percep\u00e7\u00e3o de irritabilidade na crian\u00e7a durante o dia, s\u00e3o sinais de alerta para o bruxismo infantil. Sendo assim, os pais desempenham papel fundamental na identifica\u00e7\u00e3o de sintomas de bruxismo infantil.<\/p>\n\n\n\n<p>A observa\u00e7\u00e3o cuidadosa dos pais, bem como a avalia\u00e7\u00e3o do dentista pedi\u00e1trico, podem facilitar a confirma\u00e7\u00e3o do diagn\u00f3stico precoce.<\/p>\n\n\n\n<p>O dentista, ent\u00e3o, realizar\u00e1 um exame cl\u00ednico detalhado, avaliando o desgaste dental, os fatores emocionais relacionados, a oclus\u00e3o e a sa\u00fade oral da crian\u00e7a.<\/p>\n\n\n\n<p>Para que o melhor plano de tratamento seja elaborado pelo dentista, exames complementares de imagem, como a planigrafia e a tomografia, ir\u00e3o auxiliar o profissional nas confirma\u00e7\u00f5es cl\u00ednicas relativas ao paciente.<\/p>\n\n\n\n<h2 class=\"wp-block-heading\">Condi\u00e7\u00f5es de sa\u00fade associadas ao bruxismo infantil<\/h2>\n\n\n\n<p>O bruxismo infantil pode estar associado a outras condi\u00e7\u00f5es de sa\u00fade como desordens na <a href=\"https:\/\/www.codental.com.br\/blog\/causas-e-sintomas-da-atm\/?utm_source=blog&utm_medium=referral&utm_content=bruxismo-infantil-tudo-que-voce-precisa-saber\">Articula\u00e7\u00e3o Temporomandibular (ATM)<\/a>.<\/p>\n\n\n\n<p>Outros problemas relacionados a dist\u00farbios alimentares, desordens do sono, problemas psicossociais como ansiedade e estresse, tamb\u00e9m podem estar associados a condi\u00e7\u00e3o.<\/p>\n\n\n\n<p>Uma vez identificada a condi\u00e7\u00e3o de sa\u00fade associada ao bruxismo infantil, o dentista deve solicitar aos pais a abordagem multidisciplinar do caso, concomitante ao tratamento desta desordem.<\/p>\n\n\n\n<p>Portanto, a <strong>abordagem multidisciplinar \u00e9 fundamental<\/strong> para que o tratamento do bruxismo tenha resultados satisfat\u00f3rios e eficazes.<\/p>\n\n\n\n<p>Alguns pais costumam buscar atendimento em consult\u00f3rios odontol\u00f3gicos por associar o aumento da adenoide e am\u00edgdalas ao bruxismo. Por\u00e9m, estas condi\u00e7\u00f5es n\u00e3o t\u00eam rela\u00e7\u00e3o direta com o bruxismo infantil, pois esta condi\u00e7\u00e3o se refere a problemas de estresse, ansiedade e outras condi\u00e7\u00f5es de sa\u00fade bucal.<\/p>\n\n\n\n<p>Entretanto, a presen\u00e7a de adenoide e am\u00edgdalas aumentadas podem contribuir indiretamente para o bruxismo infantil, devido \u00e0 obstru\u00e7\u00e3o das vias respirat\u00f3rias superiores. Dessa forma, quando as am\u00edgdalas e adenoides est\u00e3o aumentadas, estas causam dificuldades respirat\u00f3rias durante o sono, como ronco e apneia, por exemplo.<\/p>\n\n\n\n<p>Assim, esses dist\u00farbios respirat\u00f3rios podem levar \u00e0 fragmenta\u00e7\u00e3o do sono, levando ao sono inadequado que, por sua vez, acaba aumentando a probabilidade do desenvolvimento de bruxismo infantil.<\/p>\n\n\n\n<p>Al\u00e9m disso, \u00e9 importante salientar que nem todas as crian\u00e7as com adenoides e am\u00edgdalas aumentadas, desenvolver\u00e3o bruxismo infantil.<\/p>\n\n\n\n<p>Sendo assim, o bruxismo \u00e9 uma condi\u00e7\u00e3o multifatorial, e, sua causa exata varia de crian\u00e7a para crian\u00e7a. Portanto, \u00e9 essencial que o dentista avalie cada caso individualmente para determinar as poss\u00edveis causas e o tratamento adequado para cada situa\u00e7\u00e3o.<\/p>\n\n\n\n<h2 class=\"wp-block-heading\">Classifica\u00e7\u00e3o do bruxismo infantil<\/h2>\n\n\n\n<p>O bruxismo infantil pode ser classificado de duas formas, sendo elas:<\/p>\n\n\n\n<ul class=\"wp-block-list\"><li><strong>Prim\u00e1rio: <\/strong>n\u00e3o possui uma causa evidente, psiqui\u00e1trica ou sist\u00eamica;<\/li><li><strong>Secund\u00e1ria: <\/strong>o bruxismo est\u00e1 associado a algum transtorno cl\u00ednico, psiqui\u00e1trico ou neurol\u00f3gico, retirada de subst\u00e2ncias ou medicamentos, ou transtorno de sono.<\/li><\/ul>\n\n\n\n<p>Ademais, o bruxismo pode ser de sono ou diurno, envolvendo estados de consci\u00eancia distintos, ou seja, sono e vig\u00edlia. Sendo assim, o prim\u00e1rio \u00e9 uma atividade inconsciente, possui produ\u00e7\u00e3o de sons e ocorre quando o indiv\u00edduo est\u00e1 dormindo. J\u00e1 o segundo,\u00a0\u00e9 caracterizado por uma atividade semi volunt\u00e1ria da mand\u00edbula, caracterizada por um h\u00e1bito ou tique.<\/p>\n\n\n\n<h2 class=\"wp-block-heading\">Tratamento para o bruxismo infantil<\/h2>\n\n\n\n<p>O tratamento para o bruxismo infantil \u00e9 multifacetado, variando conforme a gravidade do caso. Sendo assim, entre as op\u00e7\u00f5es de tratamento, incluem-se: a orienta\u00e7\u00e3o e aconselhamento aos pais acerca do gerenciamento de estresse e altera\u00e7\u00f5es comportamentais.<\/p>\n\n\n\n<p>Al\u00e9m disso, a terapia cognitiva comportamental, o uso de dispositivos miorrelaxantes e <a href=\"https:\/\/www.codental.com.br\/blog\/tipos-de-contencao-e-suas-funcionalidades\/?utm_source=blog&utm_medium=referral&utm_content=bruxismo-infantil-tudo-que-voce-precisa-saber\">dispositivos de conten\u00e7\u00e3o<\/a>, s\u00e3o eficazes no tratamento desse dist\u00farbio.<\/p>\n\n\n\n<p>Desse modo, o tratamento contra o bruxismo infantil, deve evitar a sobrecarga e o desgaste dental, al\u00e9m das dores na articula\u00e7\u00e3o, mas, principalmente, necessita reestabelecer as fun\u00e7\u00f5es das estruturas envolvidas.<\/p>\n\n\n\n<p>Ademais, dist\u00farbios como onicofagia, gagueira e problemas no sono em etapas de mudan\u00e7as das crian\u00e7as, devem ser investigadas a fim de auxiliar no tratamento adequado do bruxismo infantil.<\/p>\n\n\n\n<p>Sobretudo, \u00e9 importante salientar que o tratamento do bruxismo infantil deve ser adaptado \u00e0s necessidades individuais de cada crian\u00e7a, sendo esta supervisionada de forma multidisciplinar.<\/p>\n\n\n\n<p>Portanto, deve-se recomendar aos pais que realizem consultas preventivas junto de suas crian\u00e7as a fim de monitorar a condi\u00e7\u00e3o bucal e respirat\u00f3ria desta, identificando precocemente quaisquer problemas relacionados ao bruxismo infantil.<\/p>\n\n\n\n<p>Dessa forma, um plano de tratamento personalizado pode ser desenvolvido visando abordar todas as quest\u00f5es de sa\u00fade da crian\u00e7a de maneira abrangente.<\/p>\n","protected":false},"excerpt":{"rendered":"<p>O bruxismo infantil, ou o ato de ranger os dentes na inf\u00e2ncia, \u00e9 considerado&#8230;<\/p>\n","protected":false},"author":16,"featured_media":4750,"comment_status":"closed","ping_status":"closed","sticky":false,"template":"","format":"standard","meta":{"_target_audience":"","footnotes":""},"categories":[247],"tags":[488,562],"class_list":["post-4748","post","type-post","status-publish","format-standard","has-post-thumbnail","hentry","category-doencas-odontologicas","tag-bruxismo","tag-bruxismo-infantil"],"yoast_head":"<!-- This site is optimized with the Yoast SEO plugin v27.2 - https:\/\/yoast.com\/product\/yoast-seo-wordpress\/ -->\n<title>Bruxismo infantil: tudo que voc\u00ea precisa saber!<\/title>\n<meta name=\"description\" content=\"O bruxismo infantil ou o ato de ranger os dentes na inf\u00e2ncia \u00e9 considerado um dist\u00farbio comum. Saiba tudo sobre essa condi\u00e7\u00e3o!\" \/>\n<meta name=\"robots\" content=\"index, follow, max-snippet:-1, max-image-preview:large, max-video-preview:-1\" \/>\n<link rel=\"canonical\" href=\"https:\/\/www.codental.com.br\/blog\/bruxismo-infantil-tudo-que-voce-precisa-saber\/\" \/>\n<meta property=\"og:locale\" content=\"pt_BR\" \/>\n<meta property=\"og:type\" content=\"article\" \/>\n<meta property=\"og:title\" content=\"Bruxismo infantil: tudo que voc\u00ea precisa saber!\" \/>\n<meta property=\"og:description\" content=\"O bruxismo infantil ou o ato de ranger os dentes na inf\u00e2ncia \u00e9 considerado um dist\u00farbio comum. Saiba tudo sobre essa condi\u00e7\u00e3o!\" \/>\n<meta property=\"og:url\" content=\"https:\/\/www.codental.com.br\/blog\/bruxismo-infantil-tudo-que-voce-precisa-saber\/\" \/>\n<meta property=\"og:site_name\" content=\"Codental Blog\" \/>\n<meta property=\"article:publisher\" content=\"http:\/\/www.facebook.com\/codentalbr\" \/>\n<meta property=\"article:published_time\" content=\"2024-01-08T20:00:00+00:00\" \/>\n<meta property=\"og:image\" content=\"https:\/\/www.codental.com.br\/blog\/wp-content\/uploads\/2024\/01\/bruxismo-infantil.jpg\" \/>\n\t<meta property=\"og:image:width\" content=\"1010\" \/>\n\t<meta property=\"og:image:height\" content=\"550\" \/>\n\t<meta property=\"og:image:type\" content=\"image\/jpeg\" \/>\n<meta name=\"author\" content=\"Juliana Costa\" \/>\n<meta name=\"twitter:card\" content=\"summary_large_image\" \/>\n<meta name=\"twitter:creator\" content=\"@CodentalBr\" \/>\n<meta name=\"twitter:site\" content=\"@CodentalBr\" \/>\n<meta name=\"twitter:label1\" content=\"Escrito por\" \/>\n\t<meta name=\"twitter:data1\" content=\"Juliana Costa\" \/>\n\t<meta name=\"twitter:label2\" content=\"Est. tempo de leitura\" \/>\n\t<meta name=\"twitter:data2\" content=\"7 minutos\" \/>\n<script type=\"application\/ld+json\" class=\"yoast-schema-graph\">{\"@context\":\"https:\/\/schema.org\",\"@graph\":[{\"@type\":\"Article\",\"@id\":\"https:\/\/www.codental.com.br\/blog\/bruxismo-infantil-tudo-que-voce-precisa-saber\/#article\",\"isPartOf\":{\"@id\":\"https:\/\/www.codental.com.br\/blog\/bruxismo-infantil-tudo-que-voce-precisa-saber\/\"},\"author\":{\"name\":\"Juliana Costa\",\"@id\":\"https:\/\/www.codental.com.br\/blog\/#\/schema\/person\/5d75a676c9e6f6bbbe61623d4d068ad7\"},\"headline\":\"Bruxismo infantil: tudo que voc\u00ea precisa saber!\",\"datePublished\":\"2024-01-08T20:00:00+00:00\",\"mainEntityOfPage\":{\"@id\":\"https:\/\/www.codental.com.br\/blog\/bruxismo-infantil-tudo-que-voce-precisa-saber\/\"},\"wordCount\":1198,\"publisher\":{\"@id\":\"https:\/\/www.codental.com.br\/blog\/#organization\"},\"image\":{\"@id\":\"https:\/\/www.codental.com.br\/blog\/bruxismo-infantil-tudo-que-voce-precisa-saber\/#primaryimage\"},\"thumbnailUrl\":\"https:\/\/www.codental.com.br\/blog\/wp-content\/uploads\/2024\/01\/bruxismo-infantil.jpg\",\"keywords\":[\"Bruxismo\",\"Bruxismo infantil\"],\"articleSection\":[\"Doen\u00e7as odontol\u00f3gicas\"],\"inLanguage\":\"pt-BR\"},{\"@type\":\"WebPage\",\"@id\":\"https:\/\/www.codental.com.br\/blog\/bruxismo-infantil-tudo-que-voce-precisa-saber\/\",\"url\":\"https:\/\/www.codental.com.br\/blog\/bruxismo-infantil-tudo-que-voce-precisa-saber\/\",\"name\":\"Bruxismo infantil: tudo que voc\u00ea precisa saber!\",\"isPartOf\":{\"@id\":\"https:\/\/www.codental.com.br\/blog\/#website\"},\"primaryImageOfPage\":{\"@id\":\"https:\/\/www.codental.com.br\/blog\/bruxismo-infantil-tudo-que-voce-precisa-saber\/#primaryimage\"},\"image\":{\"@id\":\"https:\/\/www.codental.com.br\/blog\/bruxismo-infantil-tudo-que-voce-precisa-saber\/#primaryimage\"},\"thumbnailUrl\":\"https:\/\/www.codental.com.br\/blog\/wp-content\/uploads\/2024\/01\/bruxismo-infantil.jpg\",\"datePublished\":\"2024-01-08T20:00:00+00:00\",\"description\":\"O bruxismo infantil ou o ato de ranger os dentes na inf\u00e2ncia \u00e9 considerado um dist\u00farbio comum. Saiba tudo sobre essa condi\u00e7\u00e3o!\",\"breadcrumb\":{\"@id\":\"https:\/\/www.codental.com.br\/blog\/bruxismo-infantil-tudo-que-voce-precisa-saber\/#breadcrumb\"},\"inLanguage\":\"pt-BR\",\"potentialAction\":[{\"@type\":\"ReadAction\",\"target\":[\"https:\/\/www.codental.com.br\/blog\/bruxismo-infantil-tudo-que-voce-precisa-saber\/\"]}]},{\"@type\":\"ImageObject\",\"inLanguage\":\"pt-BR\",\"@id\":\"https:\/\/www.codental.com.br\/blog\/bruxismo-infantil-tudo-que-voce-precisa-saber\/#primaryimage\",\"url\":\"https:\/\/www.codental.com.br\/blog\/wp-content\/uploads\/2024\/01\/bruxismo-infantil.jpg\",\"contentUrl\":\"https:\/\/www.codental.com.br\/blog\/wp-content\/uploads\/2024\/01\/bruxismo-infantil.jpg\",\"width\":1010,\"height\":550,\"caption\":\"bruxismo infantil\"},{\"@type\":\"BreadcrumbList\",\"@id\":\"https:\/\/www.codental.com.br\/blog\/bruxismo-infantil-tudo-que-voce-precisa-saber\/#breadcrumb\",\"itemListElement\":[{\"@type\":\"ListItem\",\"position\":1,\"name\":\"In\u00edcio\",\"item\":\"https:\/\/www.codental.com.br\/blog\/\"},{\"@type\":\"ListItem\",\"position\":2,\"name\":\"Bruxismo infantil: tudo que voc\u00ea precisa saber!\"}]},{\"@type\":\"WebSite\",\"@id\":\"https:\/\/www.codental.com.br\/blog\/#website\",\"url\":\"https:\/\/www.codental.com.br\/blog\/\",\"name\":\"Codental Blog\",\"description\":\"Artigos e not\u00edcias sobre odontologia\",\"publisher\":{\"@id\":\"https:\/\/www.codental.com.br\/blog\/#organization\"},\"potentialAction\":[{\"@type\":\"SearchAction\",\"target\":{\"@type\":\"EntryPoint\",\"urlTemplate\":\"https:\/\/www.codental.com.br\/blog\/?s={search_term_string}\"},\"query-input\":{\"@type\":\"PropertyValueSpecification\",\"valueRequired\":true,\"valueName\":\"search_term_string\"}}],\"inLanguage\":\"pt-BR\"},{\"@type\":\"Organization\",\"@id\":\"https:\/\/www.codental.com.br\/blog\/#organization\",\"name\":\"Codental\",\"url\":\"https:\/\/codental.com.br\/\",\"logo\":{\"@type\":\"ImageObject\",\"inLanguage\":\"pt-BR\",\"@id\":\"https:\/\/www.codental.com.br\/blog\/#\/schema\/logo\/image\/\",\"url\":\"https:\/\/www.codental.com.br\/blog\/wp-content\/uploads\/2018\/10\/logo.png\",\"contentUrl\":\"https:\/\/www.codental.com.br\/blog\/wp-content\/uploads\/2018\/10\/logo.png\",\"width\":1200,\"height\":300,\"caption\":\"Codental\"},\"image\":{\"@id\":\"https:\/\/www.codental.com.br\/blog\/#\/schema\/logo\/image\/\"},\"sameAs\":[\"http:\/\/www.facebook.com\/codentalbr\",\"https:\/\/x.com\/CodentalBr\",\"https:\/\/www.instagram.com\/codentalbr\/\"]},{\"@type\":\"Person\",\"@id\":\"https:\/\/www.codental.com.br\/blog\/#\/schema\/person\/5d75a676c9e6f6bbbe61623d4d068ad7\",\"name\":\"Juliana Costa\",\"image\":{\"@type\":\"ImageObject\",\"inLanguage\":\"pt-BR\",\"@id\":\"https:\/\/www.codental.com.br\/blog\/wp-content\/uploads\/2022\/11\/WhatsApp-Image-2022-10-27-at-08.36.04-343x240.jpeg\",\"url\":\"https:\/\/www.codental.com.br\/blog\/wp-content\/uploads\/2022\/11\/WhatsApp-Image-2022-10-27-at-08.36.04-343x240.jpeg\",\"contentUrl\":\"https:\/\/www.codental.com.br\/blog\/wp-content\/uploads\/2022\/11\/WhatsApp-Image-2022-10-27-at-08.36.04-343x240.jpeg\",\"caption\":\"Juliana Costa\"},\"description\":\"Mineira, 28 anos. Redatora e revisora do blog do Codental. Estudante de nutri\u00e7\u00e3o, apaixonada por ci\u00eancia, arte, bons livros e chocolate. Casada e m\u00e3e de uma doce menininha, acredita que o melhor da vida \u00e9 poder compartilhar bons momentos entre amigos e fam\u00edlia!\",\"sameAs\":[\"https:\/\/www.instagram.com\/juliana_costa\/\"],\"url\":\"https:\/\/www.codental.com.br\/blog\/author\/juliana\/\"}]}<\/script>\n<!-- \/ Yoast SEO plugin. -->","yoast_head_json":{"title":"Bruxismo infantil: tudo que voc\u00ea precisa saber!","description":"O bruxismo infantil ou o ato de ranger os dentes na inf\u00e2ncia \u00e9 considerado um dist\u00farbio comum. Saiba tudo sobre essa condi\u00e7\u00e3o!","robots":{"index":"index","follow":"follow","max-snippet":"max-snippet:-1","max-image-preview":"max-image-preview:large","max-video-preview":"max-video-preview:-1"},"canonical":"https:\/\/www.codental.com.br\/blog\/bruxismo-infantil-tudo-que-voce-precisa-saber\/","og_locale":"pt_BR","og_type":"article","og_title":"Bruxismo infantil: tudo que voc\u00ea precisa saber!","og_description":"O bruxismo infantil ou o ato de ranger os dentes na inf\u00e2ncia \u00e9 considerado um dist\u00farbio comum. Saiba tudo sobre essa condi\u00e7\u00e3o!","og_url":"https:\/\/www.codental.com.br\/blog\/bruxismo-infantil-tudo-que-voce-precisa-saber\/","og_site_name":"Codental Blog","article_publisher":"http:\/\/www.facebook.com\/codentalbr","article_published_time":"2024-01-08T20:00:00+00:00","og_image":[{"width":1010,"height":550,"url":"https:\/\/www.codental.com.br\/blog\/wp-content\/uploads\/2024\/01\/bruxismo-infantil.jpg","type":"image\/jpeg"}],"author":"Juliana Costa","twitter_card":"summary_large_image","twitter_creator":"@CodentalBr","twitter_site":"@CodentalBr","twitter_misc":{"Escrito por":"Juliana Costa","Est. tempo de leitura":"7 minutos"},"schema":{"@context":"https:\/\/schema.org","@graph":[{"@type":"Article","@id":"https:\/\/www.codental.com.br\/blog\/bruxismo-infantil-tudo-que-voce-precisa-saber\/#article","isPartOf":{"@id":"https:\/\/www.codental.com.br\/blog\/bruxismo-infantil-tudo-que-voce-precisa-saber\/"},"author":{"name":"Juliana Costa","@id":"https:\/\/www.codental.com.br\/blog\/#\/schema\/person\/5d75a676c9e6f6bbbe61623d4d068ad7"},"headline":"Bruxismo infantil: tudo que voc\u00ea precisa saber!","datePublished":"2024-01-08T20:00:00+00:00","mainEntityOfPage":{"@id":"https:\/\/www.codental.com.br\/blog\/bruxismo-infantil-tudo-que-voce-precisa-saber\/"},"wordCount":1198,"publisher":{"@id":"https:\/\/www.codental.com.br\/blog\/#organization"},"image":{"@id":"https:\/\/www.codental.com.br\/blog\/bruxismo-infantil-tudo-que-voce-precisa-saber\/#primaryimage"},"thumbnailUrl":"https:\/\/www.codental.com.br\/blog\/wp-content\/uploads\/2024\/01\/bruxismo-infantil.jpg","keywords":["Bruxismo","Bruxismo infantil"],"articleSection":["Doen\u00e7as odontol\u00f3gicas"],"inLanguage":"pt-BR"},{"@type":"WebPage","@id":"https:\/\/www.codental.com.br\/blog\/bruxismo-infantil-tudo-que-voce-precisa-saber\/","url":"https:\/\/www.codental.com.br\/blog\/bruxismo-infantil-tudo-que-voce-precisa-saber\/","name":"Bruxismo infantil: tudo que voc\u00ea precisa saber!","isPartOf":{"@id":"https:\/\/www.codental.com.br\/blog\/#website"},"primaryImageOfPage":{"@id":"https:\/\/www.codental.com.br\/blog\/bruxismo-infantil-tudo-que-voce-precisa-saber\/#primaryimage"},"image":{"@id":"https:\/\/www.codental.com.br\/blog\/bruxismo-infantil-tudo-que-voce-precisa-saber\/#primaryimage"},"thumbnailUrl":"https:\/\/www.codental.com.br\/blog\/wp-content\/uploads\/2024\/01\/bruxismo-infantil.jpg","datePublished":"2024-01-08T20:00:00+00:00","description":"O bruxismo infantil ou o ato de ranger os dentes na inf\u00e2ncia \u00e9 considerado um dist\u00farbio comum. Saiba tudo sobre essa condi\u00e7\u00e3o!","breadcrumb":{"@id":"https:\/\/www.codental.com.br\/blog\/bruxismo-infantil-tudo-que-voce-precisa-saber\/#breadcrumb"},"inLanguage":"pt-BR","potentialAction":[{"@type":"ReadAction","target":["https:\/\/www.codental.com.br\/blog\/bruxismo-infantil-tudo-que-voce-precisa-saber\/"]}]},{"@type":"ImageObject","inLanguage":"pt-BR","@id":"https:\/\/www.codental.com.br\/blog\/bruxismo-infantil-tudo-que-voce-precisa-saber\/#primaryimage","url":"https:\/\/www.codental.com.br\/blog\/wp-content\/uploads\/2024\/01\/bruxismo-infantil.jpg","contentUrl":"https:\/\/www.codental.com.br\/blog\/wp-content\/uploads\/2024\/01\/bruxismo-infantil.jpg","width":1010,"height":550,"caption":"bruxismo infantil"},{"@type":"BreadcrumbList","@id":"https:\/\/www.codental.com.br\/blog\/bruxismo-infantil-tudo-que-voce-precisa-saber\/#breadcrumb","itemListElement":[{"@type":"ListItem","position":1,"name":"In\u00edcio","item":"https:\/\/www.codental.com.br\/blog\/"},{"@type":"ListItem","position":2,"name":"Bruxismo infantil: tudo que voc\u00ea precisa saber!"}]},{"@type":"WebSite","@id":"https:\/\/www.codental.com.br\/blog\/#website","url":"https:\/\/www.codental.com.br\/blog\/","name":"Codental Blog","description":"Artigos e not\u00edcias sobre odontologia","publisher":{"@id":"https:\/\/www.codental.com.br\/blog\/#organization"},"potentialAction":[{"@type":"SearchAction","target":{"@type":"EntryPoint","urlTemplate":"https:\/\/www.codental.com.br\/blog\/?s={search_term_string}"},"query-input":{"@type":"PropertyValueSpecification","valueRequired":true,"valueName":"search_term_string"}}],"inLanguage":"pt-BR"},{"@type":"Organization","@id":"https:\/\/www.codental.com.br\/blog\/#organization","name":"Codental","url":"https:\/\/codental.com.br\/","logo":{"@type":"ImageObject","inLanguage":"pt-BR","@id":"https:\/\/www.codental.com.br\/blog\/#\/schema\/logo\/image\/","url":"https:\/\/www.codental.com.br\/blog\/wp-content\/uploads\/2018\/10\/logo.png","contentUrl":"https:\/\/www.codental.com.br\/blog\/wp-content\/uploads\/2018\/10\/logo.png","width":1200,"height":300,"caption":"Codental"},"image":{"@id":"https:\/\/www.codental.com.br\/blog\/#\/schema\/logo\/image\/"},"sameAs":["http:\/\/www.facebook.com\/codentalbr","https:\/\/x.com\/CodentalBr","https:\/\/www.instagram.com\/codentalbr\/"]},{"@type":"Person","@id":"https:\/\/www.codental.com.br\/blog\/#\/schema\/person\/5d75a676c9e6f6bbbe61623d4d068ad7","name":"Juliana Costa","image":{"@type":"ImageObject","inLanguage":"pt-BR","@id":"https:\/\/www.codental.com.br\/blog\/wp-content\/uploads\/2022\/11\/WhatsApp-Image-2022-10-27-at-08.36.04-343x240.jpeg","url":"https:\/\/www.codental.com.br\/blog\/wp-content\/uploads\/2022\/11\/WhatsApp-Image-2022-10-27-at-08.36.04-343x240.jpeg","contentUrl":"https:\/\/www.codental.com.br\/blog\/wp-content\/uploads\/2022\/11\/WhatsApp-Image-2022-10-27-at-08.36.04-343x240.jpeg","caption":"Juliana Costa"},"description":"Mineira, 28 anos. Redatora e revisora do blog do Codental. Estudante de nutri\u00e7\u00e3o, apaixonada por ci\u00eancia, arte, bons livros e chocolate. Casada e m\u00e3e de uma doce menininha, acredita que o melhor da vida \u00e9 poder compartilhar bons momentos entre amigos e fam\u00edlia!","sameAs":["https:\/\/www.instagram.com\/juliana_costa\/"],"url":"https:\/\/www.codental.com.br\/blog\/author\/juliana\/"}]}},"_links":{"self":[{"href":"https:\/\/www.codental.com.br\/blog\/wp-json\/wp\/v2\/posts\/4748","targetHints":{"allow":["GET"]}}],"collection":[{"href":"https:\/\/www.codental.com.br\/blog\/wp-json\/wp\/v2\/posts"}],"about":[{"href":"https:\/\/www.codental.com.br\/blog\/wp-json\/wp\/v2\/types\/post"}],"author":[{"embeddable":true,"href":"https:\/\/www.codental.com.br\/blog\/wp-json\/wp\/v2\/users\/16"}],"replies":[{"embeddable":true,"href":"https:\/\/www.codental.com.br\/blog\/wp-json\/wp\/v2\/comments?post=4748"}],"version-history":[{"count":4,"href":"https:\/\/www.codental.com.br\/blog\/wp-json\/wp\/v2\/posts\/4748\/revisions"}],"predecessor-version":[{"id":4754,"href":"https:\/\/www.codental.com.br\/blog\/wp-json\/wp\/v2\/posts\/4748\/revisions\/4754"}],"wp:featuredmedia":[{"embeddable":true,"href":"https:\/\/www.codental.com.br\/blog\/wp-json\/wp\/v2\/media\/4750"}],"wp:attachment":[{"href":"https:\/\/www.codental.com.br\/blog\/wp-json\/wp\/v2\/media?parent=4748"}],"wp:term":[{"taxonomy":"category","embeddable":true,"href":"https:\/\/www.codental.com.br\/blog\/wp-json\/wp\/v2\/categories?post=4748"},{"taxonomy":"post_tag","embeddable":true,"href":"https:\/\/www.codental.com.br\/blog\/wp-json\/wp\/v2\/tags?post=4748"}],"curies":[{"name":"wp","href":"https:\/\/api.w.org\/{rel}","templated":true}]}}