{"id":4591,"date":"2023-11-27T17:00:00","date_gmt":"2023-11-27T20:00:00","guid":{"rendered":"https:\/\/www.codental.com.br\/blog\/?p=4591"},"modified":"2024-02-16T05:46:24","modified_gmt":"2024-02-16T08:46:24","slug":"lingua-dormente-entenda-tudo-sobre-essa-condicao","status":"publish","type":"post","link":"https:\/\/www.codental.com.br\/blog\/lingua-dormente-entenda-tudo-sobre-essa-condicao\/","title":{"rendered":"L\u00edngua dormente: entenda tudo sobre essa condi\u00e7\u00e3o!"},"content":{"rendered":"\n<p>A <strong>l\u00edngua dormente<\/strong> \u00e9 uma condi\u00e7\u00e3o que por vezes preocupa os pacientes. Dessa forma, \u00e9 muito importante que o dentista saiba orientar e explicar as poss\u00edveis causas dessa condi\u00e7\u00e3o para o paciente, podendo tranquiliz\u00e1-lo e auxiliar na causa base desse problema.<\/p>\n\n\n\n<p>Pensando nisso, preparamos um artigo completo com tudo que voc\u00ea precisa saber sobre l\u00edngua dormente. Confira!<\/p>\n\n\n\n<h2 class=\"wp-block-heading\">O que leva a dorm\u00eancia na l\u00edngua?<\/h2>\n\n\n\n<p><strong>A sensa\u00e7\u00e3o de formigamento e dorm\u00eancia \u00e9 conhecida como \u201cparestesia\u201d<\/strong>, podendo afetar partes mais incomuns do corpo, como a l\u00edngua.<\/p>\n\n\n\n<p>O problema surge geralmente decorrente de danos nos nervos (neuropatia). Portanto, danos cont\u00ednuos ao nervo podem levar \u00e0 <strong>dorm\u00eancia<\/strong> (perda de sensibilidade) ou at\u00e9 <strong>paralisia<\/strong> (perda de movimento e sensa\u00e7\u00e3o).<\/p>\n\n\n\n<p>Os pacientes que apresentam a l\u00edngua dormente se queixam normalmente de uma sensa\u00e7\u00e3o de \u201calfinetadas e agulhadas\u201d, o que geralmente \u00e9 mais comum nos membros inferiores, caso se mantenham por muito tempo cruzados, por exemplo. Esse problema se d\u00e1 quando uma press\u00e3o \u00e9 sustentada sobre algum nervo. Dessa maneira, a sensa\u00e7\u00e3o desaparece rapidamente quando se alivia a press\u00e3o exercida.<\/p>\n\n\n\n<p>A parestesia \u00e9 sentida frequentemente nas m\u00e3os, bra\u00e7os, pernas ou p\u00e9s, podendo acometer outras partes do corpo, como boca, l\u00edngua, peito, podendo ser constante ou intermitente.<\/p>\n\n\n\n<p>Dessa forma, a parestesia pode ser causada por <strong>dist\u00farbios que afetam o Sistema Nervoso Central,<\/strong> como encefalite, esclerose m\u00faltipla, acidente vascular cerebral &#8211; AVC, dentre outros. Entretanto, essa condi\u00e7\u00e3o tamb\u00e9m pode ter como causa<strong> dist\u00farbios que afetam nervos perif\u00e9ricos,<\/strong> como aterosclerose, s\u00edndrome do t\u00fanel do carpo, dentre outros.<\/p>\n\n\n\n<p>\u00c9 importante ressaltar, que caso o paciente se queixe de sentir dorm\u00eancia, agulhadas ou entorpecimento da l\u00edngua, ou boca ao adormecer, isso se d\u00e1 devido \u00e0 inflama\u00e7\u00e3o do sistema linf\u00e1tico e \u00e0 redu\u00e7\u00e3o da circula\u00e7\u00e3o da linfa ao deitar. Portanto, leva a interfer\u00eancia na fun\u00e7\u00e3o do nervo, o que pode ser resolvido rapidamente movimentando as extremidades.<\/p>\n\n\n\n<h2 class=\"wp-block-heading\">L\u00edngua dormente o que pode ser?<\/h2>\n\n\n\n<p>A dorm\u00eancia da l\u00edngua, pode ser uma condi\u00e7\u00e3o simples e de resolu\u00e7\u00e3o imediata, ou um alerta do organismo sobre mudan\u00e7as que podem ser s\u00e9rias e necessitam de aten\u00e7\u00e3o. Portanto, \u00e9 muito importante uma <a href=\"https:\/\/www.codental.com.br\/blog\/anamnese-odontologica-6-principais-pontos\/?utm_source=blog&utm_medium=referral&utm_content=lingua-dormente-entenda-tudo-sobre-essa-condicao\">anamnese detalhada<\/a> do paciente para o correto diagn\u00f3stico.<\/p>\n\n\n\n<p>As principais causas de l\u00edngua dormente s\u00e3o:<\/p>\n\n\n\n<h3 class=\"wp-block-heading\">Altera\u00e7\u00f5es de humor por ansiedade ou estresse<\/h3>\n\n\n\n<p>Algumas pessoas que sofrem com <strong>ansiedade ou estresse<\/strong> podem sentir um ligeiro formigamento na l\u00edngua, podendo desencadear mais ansiedade e p\u00e2nico. Ainda, outros sintomas caracter\u00edsticos, como medo constante, dor de barriga, tontura, ins\u00f4nia, tens\u00e3o muscular e\/ou boca seca, podem ser sentidos.<\/p>\n\n\n\n<p>As altera\u00e7\u00f5es de humor refletem em todo o organismo, sendo a ansiedade patol\u00f3gica desencadeadora de v\u00e1rias altera\u00e7\u00f5es. Sendo assim, essa condi\u00e7\u00e3o altera o sistema nervoso, podendo levar a epis\u00f3dios de formigamento na l\u00edngua, acompanhados tamb\u00e9m de perda do paladar e gosto ruim na boca.<\/p>\n\n\n\n<p>Dessa forma, apenas o acompanhamento odontol\u00f3gico n\u00e3o ir\u00e1 resolver o problema, devendo encaminhar o paciente para uma equipe multiprofissional para o devido tratamento.<\/p>\n\n\n\n<h3 class=\"wp-block-heading\">Les\u00e3o no nervo p\u00f3s-cirurgia<\/h3>\n\n\n\n<p>Uma sensa\u00e7\u00e3o comum entre os pacientes \u00e9 a sensa\u00e7\u00e3o de <strong>formigamento na l\u00edngua ap\u00f3s cirurgia oral,<\/strong> como a <a href=\"https:\/\/www.codental.com.br\/blog\/extracao-do-siso-tudo-sobre-o-procedimento\/?utm_source=blog&utm_medium=referral&utm_content=lingua-dormente-entenda-tudo-sobre-essa-condicao\">extra\u00e7\u00e3o de siso<\/a> ou procedimento de canal. Nesses casos, a maioria dos pacientes apresenta o formigamento logo ap\u00f3s o procedimento, sendo muito raro o aparecimento dessa condi\u00e7\u00e3o tardiamente.<\/p>\n\n\n\n<p>Os dois nervos mais comuns que contribuem para a sensa\u00e7\u00e3o de formigamento na l\u00edngua ap\u00f3s a cirurgia bucal s\u00e3o o nervo lingual e o nervo alveolar inferior. Sendo assim, caso o paciente se queixe de l\u00edngua dormente ap\u00f3s algum procedimento, \u00e9 importante tranquiliz\u00e1-lo e inform\u00e1-lo que geralmente a parestesia, nesses casos, desaparece por conta pr\u00f3pria, no mais tardar em alguns meses.<\/p>\n\n\n\n<h3 class=\"wp-block-heading\">Rea\u00e7\u00f5es al\u00e9rgicas<\/h3>\n\n\n\n<p>Alimentos tamb\u00e9m podem ser motivos de poss\u00edveis rea\u00e7\u00f5es que levem a dorm\u00eancia da l\u00edngua e\/ou boca. Nesses casos, tal sintoma se apresenta devido <strong>rea\u00e7\u00f5es al\u00e9rgicas a algum tipo de alimento ou produto.<\/strong><\/p>\n\n\n\n<p>A l\u00edngua dormente n\u00e3o \u00e9 o \u00fanico sinal dessa condi\u00e7\u00e3o, rea\u00e7\u00f5es como coceira na garganta, formigamento ou incha\u00e7o tamb\u00e9m s\u00e3o sinais de alergias. Sendo assim, caso desconfie que o paciente esteja apresentando um quadro al\u00e9rgico, \u00e9 imprescind\u00edvel encaminh\u00e1-lo ao m\u00e9dico, uma vez que a rea\u00e7\u00e3o al\u00e9rgica a algum alimento pode ser fatal.<\/p>\n\n\n\n<h3 class=\"wp-block-heading\">AVC \u2013 Acidente Vascular Cerebral<\/h3>\n\n\n\n<p>Um sintoma muito comum relato por pacientes durante um<strong> derrame ou AVC<\/strong> \u00e9 a dorm\u00eancia em \u00f3rg\u00e3o sensorial. Ainda, outros problemas como dores de cabe\u00e7a, v\u00f4mitos, altera\u00e7\u00f5es de vis\u00e3o e falta de coordena\u00e7\u00e3o motora tamb\u00e9m s\u00e3o apresentados.<\/p>\n\n\n\n<p>O AVC se d\u00e1 devido \u00e0 falta do fluxo de sangue no c\u00e9rebro, podendo levar a danos severos. Sendo assim, caso perceba que o paciente apresenta essas condi\u00e7\u00f5es, deve-se contatar a emerg\u00eancia imediatamente.<\/p>\n\n\n\n<h3 class=\"wp-block-heading\">Hipocalcemia ou Hipoglicemia<\/h3>\n\n\n\n<p>Tanto a hipocalcemia, falta de c\u00e1lcio na corrente sangu\u00ednea, como a hipoglicemia, o qual \u00e9 a falta de a\u00e7\u00facar no sangue, podem levar a espasmos musculares, l\u00edngua dormente e tontura.<\/p>\n\n\n\n<p>Entretanto, tal quadro se d\u00e1 diante de altera\u00e7\u00f5es severas desses nutrientes, devendo o paciente ser encaminhado ao m\u00e9dico para devido tratamento.<\/p>\n\n\n\n<h3 class=\"wp-block-heading\">Uso de medicamentos<\/h3>\n\n\n\n<p><strong>Medicamento anest\u00e9sicos<\/strong> em sua maioria causam sensa\u00e7\u00e3o de formigamento e entorpecimento. Entretanto, como seu uso n\u00e3o \u00e9 recorrente, essa rea\u00e7\u00e3o instant\u00e2nea do organismo desaparece em algumas horas.<\/p>\n\n\n\n<p>Entretanto, \u00e9 importante ressaltar que caso o problema seja duradouro \u00e9 necess\u00e1ria devida investiga\u00e7\u00e3o para avaliar melhor o que est\u00e1 ocorrendo com o paciente.<\/p>\n\n\n\n<h3 class=\"wp-block-heading\">Paralisia facial<\/h3>\n\n\n\n<p>Uma condi\u00e7\u00e3o que se revela por rea\u00e7\u00f5es na l\u00edngua \u00e9 a paralisia facial, tamb\u00e9m conhecida como <strong>paralisia de Bell.<\/strong> Nessa condi\u00e7\u00e3o, a dorm\u00eancia ocorre de maneira sup\u00e9rflua, e ainda dificulta a movimenta\u00e7\u00e3o de todo o rosto.<\/p>\n\n\n\n<p>Pacientes que apresentam essa condi\u00e7\u00e3o devem iniciar exerc\u00edcios que movimentam todos os m\u00fasculos do rosto. Ainda, deve-se trabalhar com uma equipe multiprofissional visando o melhor progn\u00f3stico.<\/p>\n\n\n\n<h3 class=\"wp-block-heading\">Falta de vitamina do complexo B<\/h3>\n\n\n\n<p>Alguns sintomas comuns de <strong>car\u00eancia de vitaminas do complexo B<\/strong> s\u00e3o: cansa\u00e7o f\u00e1cil, irritabilidade, dor de cabe\u00e7a, inflama\u00e7\u00e3o e formigamento na boca e na l\u00edngua. Essa condi\u00e7\u00e3o pode se apresentar devido ao baixo consumo de alimentos fonte dessa vitamina, ou devido ao uso de medicamentos que impedem a absor\u00e7\u00e3o.<\/p>\n\n\n\n<p>Para resolver essa condi\u00e7\u00e3o, deve-se analisar a utiliza\u00e7\u00e3o de medicamentos que interfiram na absor\u00e7\u00e3o de vitaminas do complexo B. Ap\u00f3s an\u00e1lise, caso o problema seja algum medicamento, se deve orientar o paciente a conversar com o profissional que o prescreveu. Entretanto, se o problema se deriva do baixo consumo de alimentos fonte dessa vitamina, o encaminhamento do paciente a um nutricionista se faz necess\u00e1rio.<\/p>\n\n\n\n<h3 class=\"wp-block-heading\">Infec\u00e7\u00f5es<\/h3>\n\n\n\n<p>A <strong>prolifera\u00e7\u00e3o de bact\u00e9rias na boca<\/strong> pode levar a dorm\u00eancia da l\u00edngua. Nesse caso, as bact\u00e9rias podem levar a infec\u00e7\u00f5es s\u00e9rias, e se n\u00e3o tratadas devidamente podem comprometer toda a estrutura bucal.<\/p>\n\n\n\n<p>J\u00e1 as<strong> infec\u00e7\u00f5es virais<\/strong>, como o <a href=\"https:\/\/www.codental.com.br\/blog\/herpes-labial-causas-sintomas-e-tratamento\/?utm_source=blog&utm_medium=referral&utm_content=lingua-dormente-entenda-tudo-sobre-essa-condicao\">herpes<\/a>, podem desencadear dorm\u00eancia no in\u00edcio do seu desenvolvimento, sendo fundamental orientar o paciente a import\u00e2ncia do acompanhamento odontol\u00f3gico para um tratamento r\u00e1pido e eficiente.<\/p>\n\n\n\n<h3 class=\"wp-block-heading\">Doen\u00e7as cardiovasculares<\/h3>\n\n\n\n<p>Pacientes que possuem <strong>problemas cardiovasculares ou<\/strong> <strong>hist\u00f3rico familiar de doen\u00e7as cardiovasculares<\/strong>, ao primeiro sinal de dorm\u00eancia na l\u00edngua, devem ser encaminhados ao m\u00e9dico. Isso se deve, pois, a l\u00edngua dormente e o infarto podem ser situa\u00e7\u00f5es paralelas, j\u00e1 que a dorm\u00eancia na l\u00edngua \u00e9 um dos sintomas de poss\u00edveis problemas no cora\u00e7\u00e3o. &nbsp;<\/p>\n\n\n\n<h2 class=\"wp-block-heading\">L\u00edngua dormente \u00e9 grave?<\/h2>\n\n\n\n<p>Como foi poss\u00edvel perceber, v\u00e1rios s\u00e3o os motivos que levam a l\u00edngua dormente, podendo ter como origem problemas simples ou mais graves. Portanto, a correta anamnese do paciente e acompanhamento se mostra de extrema import\u00e2ncia, podendo evitar desdobramentos indesej\u00e1veis, caso a condi\u00e7\u00e3o que gere a dorm\u00eancia sejam patologias mais graves.<\/p>\n","protected":false},"excerpt":{"rendered":"<p>A l\u00edngua dormente \u00e9 uma condi\u00e7\u00e3o que por vezes preocupa os pacientes. Dessa forma,&#8230;<\/p>\n","protected":false},"author":16,"featured_media":4593,"comment_status":"closed","ping_status":"closed","sticky":false,"template":"","format":"standard","meta":{"_target_audience":"","footnotes":""},"categories":[247],"tags":[445,554],"class_list":["post-4591","post","type-post","status-publish","format-standard","has-post-thumbnail","hentry","category-doencas-odontologicas","tag-doencas-na-lingua","tag-lingua-dormente"],"yoast_head":"<!-- This site is optimized with the Yoast SEO plugin v27.2 - https:\/\/yoast.com\/product\/yoast-seo-wordpress\/ -->\n<title>L\u00edngua dormente: entenda tudo sobre essa condi\u00e7\u00e3o!<\/title>\n<meta name=\"description\" content=\"A l\u00edngua dormente \u00e9 uma condi\u00e7\u00e3o que por vezes preocupa os pacientes. Sendo assim, \u00e9 muito importante conhecer suas causas. Confira!\" \/>\n<meta name=\"robots\" content=\"index, follow, max-snippet:-1, max-image-preview:large, max-video-preview:-1\" \/>\n<link rel=\"canonical\" href=\"https:\/\/www.codental.com.br\/blog\/lingua-dormente-entenda-tudo-sobre-essa-condicao\/\" \/>\n<meta property=\"og:locale\" content=\"pt_BR\" \/>\n<meta property=\"og:type\" content=\"article\" \/>\n<meta property=\"og:title\" content=\"L\u00edngua dormente: entenda tudo sobre essa condi\u00e7\u00e3o!\" \/>\n<meta property=\"og:description\" content=\"A l\u00edngua dormente \u00e9 uma condi\u00e7\u00e3o que por vezes preocupa os pacientes. Sendo assim, \u00e9 muito importante conhecer suas causas. Confira!\" \/>\n<meta property=\"og:url\" content=\"https:\/\/www.codental.com.br\/blog\/lingua-dormente-entenda-tudo-sobre-essa-condicao\/\" \/>\n<meta property=\"og:site_name\" content=\"Codental Blog\" \/>\n<meta property=\"article:publisher\" content=\"http:\/\/www.facebook.com\/codentalbr\" \/>\n<meta property=\"article:published_time\" content=\"2023-11-27T20:00:00+00:00\" \/>\n<meta property=\"article:modified_time\" content=\"2024-02-16T08:46:24+00:00\" \/>\n<meta property=\"og:image\" content=\"https:\/\/www.codental.com.br\/blog\/wp-content\/uploads\/2023\/11\/lingua-dormente.jpg\" \/>\n\t<meta property=\"og:image:width\" content=\"1010\" \/>\n\t<meta property=\"og:image:height\" content=\"550\" \/>\n\t<meta property=\"og:image:type\" content=\"image\/jpeg\" \/>\n<meta name=\"author\" content=\"Juliana Costa\" \/>\n<meta name=\"twitter:card\" content=\"summary_large_image\" \/>\n<meta name=\"twitter:creator\" content=\"@CodentalBr\" \/>\n<meta name=\"twitter:site\" content=\"@CodentalBr\" \/>\n<meta name=\"twitter:label1\" content=\"Escrito por\" \/>\n\t<meta name=\"twitter:data1\" content=\"Juliana Costa\" \/>\n\t<meta name=\"twitter:label2\" content=\"Est. tempo de leitura\" \/>\n\t<meta name=\"twitter:data2\" content=\"7 minutos\" \/>\n<script type=\"application\/ld+json\" class=\"yoast-schema-graph\">{\"@context\":\"https:\/\/schema.org\",\"@graph\":[{\"@type\":\"Article\",\"@id\":\"https:\/\/www.codental.com.br\/blog\/lingua-dormente-entenda-tudo-sobre-essa-condicao\/#article\",\"isPartOf\":{\"@id\":\"https:\/\/www.codental.com.br\/blog\/lingua-dormente-entenda-tudo-sobre-essa-condicao\/\"},\"author\":{\"name\":\"Juliana Costa\",\"@id\":\"https:\/\/www.codental.com.br\/blog\/#\/schema\/person\/5d75a676c9e6f6bbbe61623d4d068ad7\"},\"headline\":\"L\u00edngua dormente: entenda tudo sobre essa condi\u00e7\u00e3o!\",\"datePublished\":\"2023-11-27T20:00:00+00:00\",\"dateModified\":\"2024-02-16T08:46:24+00:00\",\"mainEntityOfPage\":{\"@id\":\"https:\/\/www.codental.com.br\/blog\/lingua-dormente-entenda-tudo-sobre-essa-condicao\/\"},\"wordCount\":1388,\"publisher\":{\"@id\":\"https:\/\/www.codental.com.br\/blog\/#organization\"},\"image\":{\"@id\":\"https:\/\/www.codental.com.br\/blog\/lingua-dormente-entenda-tudo-sobre-essa-condicao\/#primaryimage\"},\"thumbnailUrl\":\"https:\/\/www.codental.com.br\/blog\/wp-content\/uploads\/2023\/11\/lingua-dormente.jpg\",\"keywords\":[\"Doen\u00e7as na l\u00edngua\",\"L\u00edngua dormente\"],\"articleSection\":[\"Doen\u00e7as odontol\u00f3gicas\"],\"inLanguage\":\"pt-BR\"},{\"@type\":\"WebPage\",\"@id\":\"https:\/\/www.codental.com.br\/blog\/lingua-dormente-entenda-tudo-sobre-essa-condicao\/\",\"url\":\"https:\/\/www.codental.com.br\/blog\/lingua-dormente-entenda-tudo-sobre-essa-condicao\/\",\"name\":\"L\u00edngua dormente: entenda tudo sobre essa condi\u00e7\u00e3o!\",\"isPartOf\":{\"@id\":\"https:\/\/www.codental.com.br\/blog\/#website\"},\"primaryImageOfPage\":{\"@id\":\"https:\/\/www.codental.com.br\/blog\/lingua-dormente-entenda-tudo-sobre-essa-condicao\/#primaryimage\"},\"image\":{\"@id\":\"https:\/\/www.codental.com.br\/blog\/lingua-dormente-entenda-tudo-sobre-essa-condicao\/#primaryimage\"},\"thumbnailUrl\":\"https:\/\/www.codental.com.br\/blog\/wp-content\/uploads\/2023\/11\/lingua-dormente.jpg\",\"datePublished\":\"2023-11-27T20:00:00+00:00\",\"dateModified\":\"2024-02-16T08:46:24+00:00\",\"description\":\"A l\u00edngua dormente \u00e9 uma condi\u00e7\u00e3o que por vezes preocupa os pacientes. Sendo assim, \u00e9 muito importante conhecer suas causas. Confira!\",\"breadcrumb\":{\"@id\":\"https:\/\/www.codental.com.br\/blog\/lingua-dormente-entenda-tudo-sobre-essa-condicao\/#breadcrumb\"},\"inLanguage\":\"pt-BR\",\"potentialAction\":[{\"@type\":\"ReadAction\",\"target\":[\"https:\/\/www.codental.com.br\/blog\/lingua-dormente-entenda-tudo-sobre-essa-condicao\/\"]}]},{\"@type\":\"ImageObject\",\"inLanguage\":\"pt-BR\",\"@id\":\"https:\/\/www.codental.com.br\/blog\/lingua-dormente-entenda-tudo-sobre-essa-condicao\/#primaryimage\",\"url\":\"https:\/\/www.codental.com.br\/blog\/wp-content\/uploads\/2023\/11\/lingua-dormente.jpg\",\"contentUrl\":\"https:\/\/www.codental.com.br\/blog\/wp-content\/uploads\/2023\/11\/lingua-dormente.jpg\",\"width\":1010,\"height\":550,\"caption\":\"L\u00edngua dormente\"},{\"@type\":\"BreadcrumbList\",\"@id\":\"https:\/\/www.codental.com.br\/blog\/lingua-dormente-entenda-tudo-sobre-essa-condicao\/#breadcrumb\",\"itemListElement\":[{\"@type\":\"ListItem\",\"position\":1,\"name\":\"In\u00edcio\",\"item\":\"https:\/\/www.codental.com.br\/blog\/\"},{\"@type\":\"ListItem\",\"position\":2,\"name\":\"L\u00edngua dormente: entenda tudo sobre essa condi\u00e7\u00e3o!\"}]},{\"@type\":\"WebSite\",\"@id\":\"https:\/\/www.codental.com.br\/blog\/#website\",\"url\":\"https:\/\/www.codental.com.br\/blog\/\",\"name\":\"Codental Blog\",\"description\":\"Artigos e not\u00edcias sobre odontologia\",\"publisher\":{\"@id\":\"https:\/\/www.codental.com.br\/blog\/#organization\"},\"potentialAction\":[{\"@type\":\"SearchAction\",\"target\":{\"@type\":\"EntryPoint\",\"urlTemplate\":\"https:\/\/www.codental.com.br\/blog\/?s={search_term_string}\"},\"query-input\":{\"@type\":\"PropertyValueSpecification\",\"valueRequired\":true,\"valueName\":\"search_term_string\"}}],\"inLanguage\":\"pt-BR\"},{\"@type\":\"Organization\",\"@id\":\"https:\/\/www.codental.com.br\/blog\/#organization\",\"name\":\"Codental\",\"url\":\"https:\/\/codental.com.br\/\",\"logo\":{\"@type\":\"ImageObject\",\"inLanguage\":\"pt-BR\",\"@id\":\"https:\/\/www.codental.com.br\/blog\/#\/schema\/logo\/image\/\",\"url\":\"https:\/\/www.codental.com.br\/blog\/wp-content\/uploads\/2018\/10\/logo.png\",\"contentUrl\":\"https:\/\/www.codental.com.br\/blog\/wp-content\/uploads\/2018\/10\/logo.png\",\"width\":1200,\"height\":300,\"caption\":\"Codental\"},\"image\":{\"@id\":\"https:\/\/www.codental.com.br\/blog\/#\/schema\/logo\/image\/\"},\"sameAs\":[\"http:\/\/www.facebook.com\/codentalbr\",\"https:\/\/x.com\/CodentalBr\",\"https:\/\/www.instagram.com\/codentalbr\/\"]},{\"@type\":\"Person\",\"@id\":\"https:\/\/www.codental.com.br\/blog\/#\/schema\/person\/5d75a676c9e6f6bbbe61623d4d068ad7\",\"name\":\"Juliana Costa\",\"image\":{\"@type\":\"ImageObject\",\"inLanguage\":\"pt-BR\",\"@id\":\"https:\/\/www.codental.com.br\/blog\/wp-content\/uploads\/2022\/11\/WhatsApp-Image-2022-10-27-at-08.36.04-343x240.jpeg\",\"url\":\"https:\/\/www.codental.com.br\/blog\/wp-content\/uploads\/2022\/11\/WhatsApp-Image-2022-10-27-at-08.36.04-343x240.jpeg\",\"contentUrl\":\"https:\/\/www.codental.com.br\/blog\/wp-content\/uploads\/2022\/11\/WhatsApp-Image-2022-10-27-at-08.36.04-343x240.jpeg\",\"caption\":\"Juliana Costa\"},\"description\":\"Mineira, 28 anos. Redatora e revisora do blog do Codental. Estudante de nutri\u00e7\u00e3o, apaixonada por ci\u00eancia, arte, bons livros e chocolate. Casada e m\u00e3e de uma doce menininha, acredita que o melhor da vida \u00e9 poder compartilhar bons momentos entre amigos e fam\u00edlia!\",\"sameAs\":[\"https:\/\/www.instagram.com\/juliana_costa\/\"],\"url\":\"https:\/\/www.codental.com.br\/blog\/author\/juliana\/\"}]}<\/script>\n<!-- \/ Yoast SEO plugin. -->","yoast_head_json":{"title":"L\u00edngua dormente: entenda tudo sobre essa condi\u00e7\u00e3o!","description":"A l\u00edngua dormente \u00e9 uma condi\u00e7\u00e3o que por vezes preocupa os pacientes. Sendo assim, \u00e9 muito importante conhecer suas causas. Confira!","robots":{"index":"index","follow":"follow","max-snippet":"max-snippet:-1","max-image-preview":"max-image-preview:large","max-video-preview":"max-video-preview:-1"},"canonical":"https:\/\/www.codental.com.br\/blog\/lingua-dormente-entenda-tudo-sobre-essa-condicao\/","og_locale":"pt_BR","og_type":"article","og_title":"L\u00edngua dormente: entenda tudo sobre essa condi\u00e7\u00e3o!","og_description":"A l\u00edngua dormente \u00e9 uma condi\u00e7\u00e3o que por vezes preocupa os pacientes. Sendo assim, \u00e9 muito importante conhecer suas causas. Confira!","og_url":"https:\/\/www.codental.com.br\/blog\/lingua-dormente-entenda-tudo-sobre-essa-condicao\/","og_site_name":"Codental Blog","article_publisher":"http:\/\/www.facebook.com\/codentalbr","article_published_time":"2023-11-27T20:00:00+00:00","article_modified_time":"2024-02-16T08:46:24+00:00","og_image":[{"width":1010,"height":550,"url":"https:\/\/www.codental.com.br\/blog\/wp-content\/uploads\/2023\/11\/lingua-dormente.jpg","type":"image\/jpeg"}],"author":"Juliana Costa","twitter_card":"summary_large_image","twitter_creator":"@CodentalBr","twitter_site":"@CodentalBr","twitter_misc":{"Escrito por":"Juliana Costa","Est. tempo de leitura":"7 minutos"},"schema":{"@context":"https:\/\/schema.org","@graph":[{"@type":"Article","@id":"https:\/\/www.codental.com.br\/blog\/lingua-dormente-entenda-tudo-sobre-essa-condicao\/#article","isPartOf":{"@id":"https:\/\/www.codental.com.br\/blog\/lingua-dormente-entenda-tudo-sobre-essa-condicao\/"},"author":{"name":"Juliana Costa","@id":"https:\/\/www.codental.com.br\/blog\/#\/schema\/person\/5d75a676c9e6f6bbbe61623d4d068ad7"},"headline":"L\u00edngua dormente: entenda tudo sobre essa condi\u00e7\u00e3o!","datePublished":"2023-11-27T20:00:00+00:00","dateModified":"2024-02-16T08:46:24+00:00","mainEntityOfPage":{"@id":"https:\/\/www.codental.com.br\/blog\/lingua-dormente-entenda-tudo-sobre-essa-condicao\/"},"wordCount":1388,"publisher":{"@id":"https:\/\/www.codental.com.br\/blog\/#organization"},"image":{"@id":"https:\/\/www.codental.com.br\/blog\/lingua-dormente-entenda-tudo-sobre-essa-condicao\/#primaryimage"},"thumbnailUrl":"https:\/\/www.codental.com.br\/blog\/wp-content\/uploads\/2023\/11\/lingua-dormente.jpg","keywords":["Doen\u00e7as na l\u00edngua","L\u00edngua dormente"],"articleSection":["Doen\u00e7as odontol\u00f3gicas"],"inLanguage":"pt-BR"},{"@type":"WebPage","@id":"https:\/\/www.codental.com.br\/blog\/lingua-dormente-entenda-tudo-sobre-essa-condicao\/","url":"https:\/\/www.codental.com.br\/blog\/lingua-dormente-entenda-tudo-sobre-essa-condicao\/","name":"L\u00edngua dormente: entenda tudo sobre essa condi\u00e7\u00e3o!","isPartOf":{"@id":"https:\/\/www.codental.com.br\/blog\/#website"},"primaryImageOfPage":{"@id":"https:\/\/www.codental.com.br\/blog\/lingua-dormente-entenda-tudo-sobre-essa-condicao\/#primaryimage"},"image":{"@id":"https:\/\/www.codental.com.br\/blog\/lingua-dormente-entenda-tudo-sobre-essa-condicao\/#primaryimage"},"thumbnailUrl":"https:\/\/www.codental.com.br\/blog\/wp-content\/uploads\/2023\/11\/lingua-dormente.jpg","datePublished":"2023-11-27T20:00:00+00:00","dateModified":"2024-02-16T08:46:24+00:00","description":"A l\u00edngua dormente \u00e9 uma condi\u00e7\u00e3o que por vezes preocupa os pacientes. Sendo assim, \u00e9 muito importante conhecer suas causas. Confira!","breadcrumb":{"@id":"https:\/\/www.codental.com.br\/blog\/lingua-dormente-entenda-tudo-sobre-essa-condicao\/#breadcrumb"},"inLanguage":"pt-BR","potentialAction":[{"@type":"ReadAction","target":["https:\/\/www.codental.com.br\/blog\/lingua-dormente-entenda-tudo-sobre-essa-condicao\/"]}]},{"@type":"ImageObject","inLanguage":"pt-BR","@id":"https:\/\/www.codental.com.br\/blog\/lingua-dormente-entenda-tudo-sobre-essa-condicao\/#primaryimage","url":"https:\/\/www.codental.com.br\/blog\/wp-content\/uploads\/2023\/11\/lingua-dormente.jpg","contentUrl":"https:\/\/www.codental.com.br\/blog\/wp-content\/uploads\/2023\/11\/lingua-dormente.jpg","width":1010,"height":550,"caption":"L\u00edngua dormente"},{"@type":"BreadcrumbList","@id":"https:\/\/www.codental.com.br\/blog\/lingua-dormente-entenda-tudo-sobre-essa-condicao\/#breadcrumb","itemListElement":[{"@type":"ListItem","position":1,"name":"In\u00edcio","item":"https:\/\/www.codental.com.br\/blog\/"},{"@type":"ListItem","position":2,"name":"L\u00edngua dormente: entenda tudo sobre essa condi\u00e7\u00e3o!"}]},{"@type":"WebSite","@id":"https:\/\/www.codental.com.br\/blog\/#website","url":"https:\/\/www.codental.com.br\/blog\/","name":"Codental Blog","description":"Artigos e not\u00edcias sobre odontologia","publisher":{"@id":"https:\/\/www.codental.com.br\/blog\/#organization"},"potentialAction":[{"@type":"SearchAction","target":{"@type":"EntryPoint","urlTemplate":"https:\/\/www.codental.com.br\/blog\/?s={search_term_string}"},"query-input":{"@type":"PropertyValueSpecification","valueRequired":true,"valueName":"search_term_string"}}],"inLanguage":"pt-BR"},{"@type":"Organization","@id":"https:\/\/www.codental.com.br\/blog\/#organization","name":"Codental","url":"https:\/\/codental.com.br\/","logo":{"@type":"ImageObject","inLanguage":"pt-BR","@id":"https:\/\/www.codental.com.br\/blog\/#\/schema\/logo\/image\/","url":"https:\/\/www.codental.com.br\/blog\/wp-content\/uploads\/2018\/10\/logo.png","contentUrl":"https:\/\/www.codental.com.br\/blog\/wp-content\/uploads\/2018\/10\/logo.png","width":1200,"height":300,"caption":"Codental"},"image":{"@id":"https:\/\/www.codental.com.br\/blog\/#\/schema\/logo\/image\/"},"sameAs":["http:\/\/www.facebook.com\/codentalbr","https:\/\/x.com\/CodentalBr","https:\/\/www.instagram.com\/codentalbr\/"]},{"@type":"Person","@id":"https:\/\/www.codental.com.br\/blog\/#\/schema\/person\/5d75a676c9e6f6bbbe61623d4d068ad7","name":"Juliana Costa","image":{"@type":"ImageObject","inLanguage":"pt-BR","@id":"https:\/\/www.codental.com.br\/blog\/wp-content\/uploads\/2022\/11\/WhatsApp-Image-2022-10-27-at-08.36.04-343x240.jpeg","url":"https:\/\/www.codental.com.br\/blog\/wp-content\/uploads\/2022\/11\/WhatsApp-Image-2022-10-27-at-08.36.04-343x240.jpeg","contentUrl":"https:\/\/www.codental.com.br\/blog\/wp-content\/uploads\/2022\/11\/WhatsApp-Image-2022-10-27-at-08.36.04-343x240.jpeg","caption":"Juliana Costa"},"description":"Mineira, 28 anos. Redatora e revisora do blog do Codental. Estudante de nutri\u00e7\u00e3o, apaixonada por ci\u00eancia, arte, bons livros e chocolate. Casada e m\u00e3e de uma doce menininha, acredita que o melhor da vida \u00e9 poder compartilhar bons momentos entre amigos e fam\u00edlia!","sameAs":["https:\/\/www.instagram.com\/juliana_costa\/"],"url":"https:\/\/www.codental.com.br\/blog\/author\/juliana\/"}]}},"_links":{"self":[{"href":"https:\/\/www.codental.com.br\/blog\/wp-json\/wp\/v2\/posts\/4591","targetHints":{"allow":["GET"]}}],"collection":[{"href":"https:\/\/www.codental.com.br\/blog\/wp-json\/wp\/v2\/posts"}],"about":[{"href":"https:\/\/www.codental.com.br\/blog\/wp-json\/wp\/v2\/types\/post"}],"author":[{"embeddable":true,"href":"https:\/\/www.codental.com.br\/blog\/wp-json\/wp\/v2\/users\/16"}],"replies":[{"embeddable":true,"href":"https:\/\/www.codental.com.br\/blog\/wp-json\/wp\/v2\/comments?post=4591"}],"version-history":[{"count":3,"href":"https:\/\/www.codental.com.br\/blog\/wp-json\/wp\/v2\/posts\/4591\/revisions"}],"predecessor-version":[{"id":4907,"href":"https:\/\/www.codental.com.br\/blog\/wp-json\/wp\/v2\/posts\/4591\/revisions\/4907"}],"wp:featuredmedia":[{"embeddable":true,"href":"https:\/\/www.codental.com.br\/blog\/wp-json\/wp\/v2\/media\/4593"}],"wp:attachment":[{"href":"https:\/\/www.codental.com.br\/blog\/wp-json\/wp\/v2\/media?parent=4591"}],"wp:term":[{"taxonomy":"category","embeddable":true,"href":"https:\/\/www.codental.com.br\/blog\/wp-json\/wp\/v2\/categories?post=4591"},{"taxonomy":"post_tag","embeddable":true,"href":"https:\/\/www.codental.com.br\/blog\/wp-json\/wp\/v2\/tags?post=4591"}],"curies":[{"name":"wp","href":"https:\/\/api.w.org\/{rel}","templated":true}]}}