{"id":4388,"date":"2023-09-22T17:00:00","date_gmt":"2023-09-22T20:00:00","guid":{"rendered":"https:\/\/www.codental.com.br\/blog\/?p=4388"},"modified":"2023-09-22T16:00:47","modified_gmt":"2023-09-22T19:00:47","slug":"molares-funcionalidade-anatomia-e-muito-mais","status":"publish","type":"post","link":"https:\/\/www.codental.com.br\/blog\/molares-funcionalidade-anatomia-e-muito-mais\/","title":{"rendered":"Molares: funcionalidade, anatomia e muito mais"},"content":{"rendered":"\n<p>Os humanos possuem seis dentes denominados <strong>molares<\/strong>, s\u00e3o os \u00faltimos a nascer e requerem cuidado e aten\u00e7\u00e3o. Entretanto, esses dentes n\u00e3o possuem dentes dec\u00edduos, dessa maneira, nascem como permanentes.<\/p>\n\n\n\n<p>Esses dentes s\u00e3o fundamentais na arcada dent\u00e1ria e possuem fun\u00e7\u00f5es como mastiga\u00e7\u00e3o, manuten\u00e7\u00e3o da dimens\u00e3o vertical de oclus\u00e3o e suporte para os l\u00e1bios e as bochechas.<\/p>\n\n\n\n<p>Devido \u00e0 grande import\u00e2ncia dos molares, preparamos esse artigo completo, com tudo que voc\u00ea precisa sobre eles, confira!<\/p>\n\n\n\n<h2 class=\"wp-block-heading\">O que \u00e9 o dente molar?<\/h2>\n\n\n\n<p>Os molares s\u00e3o os<strong> \u00faltimos dentes a eclodirem e n\u00e3o possuem dentes dec\u00edduos. <\/strong>Dessa forma, a arcada dec\u00eddua possui 20 dentes, sendo que os 12 faltantes para completar a arcada dent\u00e1ria s\u00e3o os molares.<\/p>\n\n\n\n<p>Apesar da arcada dent\u00e1ria adulta possuir 32 dentes, a maioria dos adultos possui 28, pois geralmente ocorre a extra\u00e7\u00e3o do dente siso.<\/p>\n\n\n\n<p>Os molares consistem em tr\u00eas dentes que nascem em momentos diferentes, recebendo os seguintes nomes:<\/p>\n\n\n\n<ul class=\"wp-block-list\"><li>1.\u00ba dente molar: nascimento entre os 6 e 7 anos;<\/li><li>2.\u00ba dente molar: nascimento entre os 11 e 13 anos;<\/li><li>3.\u00ba dente molar: tamb\u00e9m conhecido como dente do siso, seu nascimento ocorre os 15 e 23 anos.<\/li><\/ul>\n\n\n\n<h2 class=\"wp-block-heading\">Fun\u00e7\u00e3o dos molares<\/h2>\n\n\n\n<p>Como \u00e9 de conhecimento geral, cada conjunto dos dentes da boca possuem fun\u00e7\u00f5es espec\u00edficas, sendo o formato de cada dente caracter\u00edstica que contribui para o exercer das fun\u00e7\u00f5es.<\/p>\n\n\n\n<p>Isto posto, para que a fun\u00e7\u00e3o de cada conjunto de dente seja bem exercida, se faz necess\u00e1rio a presen\u00e7a de cada dente, como exemplo dos incisivos que s\u00e3o os respons\u00e1veis por cortar os alimentos, caso ocorra a perda de um elemento desse conjunto essa fun\u00e7\u00e3o ser\u00e1 prejudicada.<\/p>\n\n\n\n<p>Por serem dentes amplos e planos, os molares t\u00eam como <strong>fun\u00e7\u00e3o de triturar os alimentos antes da degluti\u00e7\u00e3o. <\/strong>Sendo assim, s\u00e3o dentes que est\u00e3o frequentemente em contato com alimentos ap\u00f3s a mordida inicial. Portanto, o grande tamanho, aliado \u00e0 superf\u00edcie irregular, torna os molares respons\u00e1veis por um grande trabalho de mastiga\u00e7\u00e3o.<\/p>\n\n\n\n<h2 class=\"wp-block-heading\">Numera\u00e7\u00e3o dos molares<\/h2>\n\n\n\n<p>Os molares s\u00e3o divididos em 6 maxilares e 6 mandibulares, sendo sua numera\u00e7\u00e3o a seguinte:<\/p>\n\n\n\n<ul class=\"wp-block-list\"><li>Primeiros molares superiores direito (16) e esquerdo (26);<\/li><li>Primeiros molares inferiores direito (46) e esquerdo (36);<\/li><li>Segundos molares superiores direito (17) e esquerdo (27);<\/li><li>Segundos molares inferiores direito (47) e esquerdo (37);<\/li><li>Terceiros molares superiores direito (18) e esquerdo (28);<\/li><li>Terceiros molares inferiores direito (48) e esquerdo (38).<\/li><\/ul>\n\n\n\n<h2 class=\"wp-block-heading\">Anatomia dos molares<\/h2>\n\n\n\n<figure class=\"wp-block-image aligncenter size-full\"><img loading=\"lazy\" decoding=\"async\" width=\"300\" height=\"168\" src=\"https:\/\/www.codental.com.br\/blog\/wp-content\/uploads\/2023\/09\/molares-2-1.jpg\" alt=\"\" class=\"wp-image-4391\"\/><figcaption>Molares<\/figcaption><\/figure>\n\n\n\n<h2 class=\"wp-block-heading\">\u00a0Primeiro molar superior (16 e 26)<\/h2>\n\n\n\n<p>Possui coroa da mesma altura dos dentes pr\u00e9-molares, entretanto \u00e9 duas vezes mais larga.<\/p>\n\n\n\n<p><strong>Face vestibular:<\/strong> contorno trapezoidal de grande base de oclus\u00e3o.<\/p>\n\n\n\n<p><strong>Face l\u00edngua\/palatina:<\/strong> possui silhueta id\u00eantica a vestibular, por\u00e9m maior. Entretanto, o primeiro molar superior tem face lingual da coroa mais larga que a vestibular.<\/p>\n\n\n\n<p><strong>Face oclusal:<\/strong> possui contorno em formato de losango, seus \u00e2ngulos agudos s\u00e3o o m\u00e9sio-vestibular e o disto-lingual, e os \u00e2ngulos obtusos s\u00e3o o m\u00e9sio-lingual e o disto-vestibular.<\/p>\n\n\n\n<p><strong>Raiz: <\/strong>possui uma por\u00e7\u00e3o que se divide em 3 ra\u00edzes: m\u00e9sio-vestibular, disto-vestibular e palatina.<\/p>\n\n\n\n<h3 class=\"wp-block-heading\">Segundo molar superior (17 e 27)<\/h3>\n\n\n\n<p>Se caracteriza por ser menor que o primeiro molar em todas as dimens\u00f5es.<\/p>\n\n\n\n<p><strong>Face vestibular: <\/strong>possui c\u00faspide disto-vestibular muito menor do que a m\u00e9sio-vestibular; no primeiro molar ela \u00e9 apenas menor. Dessa maneira, essa grande diferen\u00e7a faz com que a borda oclusal se incline cervicalmente de mesial para distal.<\/p>\n\n\n\n<p><strong>Face l\u00edngua\/palatina: <\/strong>pode n\u00e3o existir c\u00faspide disto-lingual em alguns casos, o que torna o dente tricuspidado. Ainda, o sulco lingual que separa as c\u00faspides linguais, \u00e9 mais curto e menos profundo.<\/p>\n\n\n\n<p><strong>Face oclusal: <\/strong>ao comparar com o primeiro molar, nota-sens\u00edvel modifica\u00e7\u00e3o na face oclusal ditada pelo contorno. Dessa forma, as bordas mesial e distal convergem para a lingual e n\u00e3o para a vestibular.<\/p>\n\n\n\n<p><strong>Raiz:<\/strong> tamb\u00e9m possui tr\u00eas ra\u00edzes, entretanto menores, mais curtas e menos divergentes do que as do primeiro molar. N\u00e3o \u00e9 incomum a uni\u00e3o entre duas ra\u00edzes, principalmente do m\u00e9sio-vestibular com a lingual.<\/p>\n\n\n\n<h3 class=\"wp-block-heading\">Terceiro molar superior (18 e 28)<\/h3>\n\n\n\n<p>Possui aspectos morfol\u00f3gicos muito vari\u00e1veis, sendo consequ\u00eancia das modifica\u00e7\u00f5es a simplifica\u00e7\u00e3o da coroa e raiz, atrav\u00e9s da diminui\u00e7\u00e3o do n\u00famero de c\u00faspides e ra\u00edzes. No geral, costuma ser o menor dos molares.<\/p>\n\n\n\n<p>A forma da coroa lembra o a do segundo molar tricuspidado, com face oclusal de contorno triangular. Nesse dente, \u00e9 muito comum a coalesc\u00eancia das ra\u00edzes.<\/p>\n\n\n\n<h3 class=\"wp-block-heading\">Primeiro molar inferior (36 ao 46)<\/h3>\n\n\n\n<p>Maior dente da boca, possui coroa alongada, lembrando um paralelep\u00edpedo.<\/p>\n\n\n\n<p><strong>Face vestibular: <\/strong>tem um contorno trapezoidal de grande base oclusal. A linha cervical coincide com a base menor, que \u00e9 basicamente reta, mas manda uma ponta de esmalte dire\u00e7\u00e3o da bifurca\u00e7\u00e3o das ra\u00edzes.<\/p>\n\n\n\n<p><strong>Face lingual: <\/strong>possui contorno semelhante \u00e0 face vestibular, por\u00e9m \u00e9 menor devido \u00e0s faces mesial e distal convergem para a lingual. Ainda, as c\u00faspides m\u00e9sio-lingual e disto-lingual projetam-se na borda oclusal.<\/p>\n\n\n\n<p><strong>Face oclusal: <\/strong>possui borda mesial mais larga que na distal, e mais larga na borda vestibular do que na lingual.<\/p>\n\n\n\n<p><strong>Raiz:<\/strong> possui duas ra\u00edzes que est\u00e3o sempre bem separadas uma da outra e se curvam levemente para a distal.<\/p>\n\n\n\n<h3 class=\"wp-block-heading\">Segundo molar inferior (37 e 47)<\/h3>\n\n\n\n<p>Difere do primeiro molar inferior por ser um pouco menor, al\u00e9m de possuir quatro c\u00faspides. Ainda, algumas modifica\u00e7\u00f5es na configura\u00e7\u00e3o da coroa s\u00e3o provocadas devido \u00e0 aus\u00eancia da quinta c\u00faspide.<\/p>\n\n\n\n<p><strong>Face vestibular: <\/strong>na borda oclusal mostra apenas duas proje\u00e7\u00f5es relativas \u00e0s c\u00faspides m\u00e9sio-vestibular e disto-vestibular. Ainda, esse dente possui somente um sulco vestibular. <\/p>\n\n\n\n<p><strong>Face lingual: <\/strong>menor que a vestibular, com pouca evid\u00eancia do sulco lingual.<\/p>\n\n\n\n<p><strong>Face oclusal: <\/strong>onde possui as maiores diferen\u00e7as, possuindo o contorno retangular mais n\u00edtido.<\/p>\n\n\n\n<p><strong>Raiz: <\/strong>em rela\u00e7\u00e3o ao primeiro molar s\u00e3o um pouco menores e menos divergentes.<\/p>\n\n\n\n<h3 class=\"wp-block-heading\">Terceiro molar inferior (38 e 48)<\/h3>\n\n\n\n<p>Possui um padr\u00e3o morfol\u00f3gico caracter\u00edstico do primeiro e do segundo molar inferior. Entretanto, possui diversidade de formas, as quais frequentemente se mostram muito complicadas.<\/p>\n\n\n\n<p>Geralmente, o terceiro molar inferior possui quatro ou cinco c\u00faspides, entretanto, n\u00e3o s\u00e3o bem definidos, pois possui presen\u00e7a de cristas e sulcos secund\u00e1rios. Ainda, suas ra\u00edzes s\u00e3o frequentemente fusionadas.<\/p>\n\n\n\n<h2 class=\"wp-block-heading\">Dentes molares caem?<\/h2>\n\n\n\n<p>Por n\u00e3o possu\u00edrem dentes dec\u00edduos, os molares n\u00e3o s\u00e3o trocados, portanto, n\u00e3o caem para ceder lugar aos permanentes. Entretanto, problemas como <a href=\"https:\/\/www.codental.com.br\/blog\/periodontite-nova-classificacao-e-muito-mais\/?utm_source=blog&utm_medium=referral&utm_content=molares-funcionalidade-anatomia-e-muito-mais\">periodontite<\/a> podem levar a perda dent\u00e1ria, al\u00e9m de outras patologias associadas a comprometimento dent\u00e1rio.<\/p>\n\n\n\n<h2 class=\"wp-block-heading\">Cuidados necess\u00e1rios<\/h2>\n\n\n\n<p>Como s\u00e3o os dentes que mais est\u00e3o em contatos com alimentos, os mesmos possuem chances maiores de acumular alimentos e desenvolver c\u00e1rie. Ainda, s\u00e3o dentes que podem estar posicionados muito pr\u00f3ximos, favorecendo o surgimento de c\u00e1ries.<\/p>\n\n\n\n<p>Dessa maneira, \u00e9 muito importante orientar o paciente sobre a necessidade de boa higiene bucal, assim como uma rotina de profilaxia no consult\u00f3rio. A escova\u00e7\u00e3o dos molares se faz necess\u00e1ria ap\u00f3s cada refei\u00e7\u00e3o, no m\u00ednimo de 3 vezes por dia, al\u00e9m do uso do fio dental diariamente.<\/p>\n\n\n\n<h2 class=\"wp-block-heading\">Sintomas dos dentes molares nascendo<\/h2>\n\n\n\n<p>Os sintomas dos dentes nascendo podem incomodar bastante, principalmente em crian\u00e7as, v\u00e1rios s\u00e3o os sintomas associados ao nascimento dos molares, sendo os principais:<\/p>\n\n\n\n<ul class=\"wp-block-list\"><li>Incha\u00e7o na gengiva<\/li><li>Excesso de saliva<\/li><li>Erup\u00e7\u00e3o cut\u00e2nea<\/li><li>Dor e irritabilidade<\/li><li>Perda de apetite<\/li><li>Altera\u00e7\u00f5es no sono<\/li><li>Gengiva vermelha<\/li><\/ul>\n\n\n\n<h2 class=\"wp-block-heading\">Pr\u00e9-molares<\/h2>\n\n\n\n<p>Diferente dos molares, os dentes <a href=\"https:\/\/www.codental.com.br\/blog\/pre-molares-saiba-tudo-sobre-esses-dentes\/?utm_source=blog&utm_medium=referral&utm_content=molares-funcionalidade-anatomia-e-muito-mais\">pr\u00e9-molares<\/a> possuem os dentes dec\u00edduos. Dessa maneira, quando ocorre a troca de dentes, eles s\u00e3o substitu\u00eddos por outros dentes permanentes.<\/p>\n\n\n\n<p>Os dentes pr\u00e9-molares costumam nascer entre 1 a 2 anos e meio de idade, entretanto, os permanentes nascem entre os 10 e 12 anos.<\/p>\n\n\n\n<p>Portanto, devido estarem presentes na denti\u00e7\u00e3o infantil desde os anos iniciais da vida, os mesmos realizam as fun\u00e7\u00f5es dos molares at\u00e9 que ocorra o nascimento destes.<\/p>\n","protected":false},"excerpt":{"rendered":"<p>Os humanos possuem seis dentes denominados molares, s\u00e3o os \u00faltimos a nascer e requerem&#8230;<\/p>\n","protected":false},"author":16,"featured_media":4389,"comment_status":"open","ping_status":"closed","sticky":false,"template":"","format":"standard","meta":{"_target_audience":"","footnotes":""},"categories":[129],"tags":[533,532],"class_list":["post-4388","post","type-post","status-publish","format-standard","has-post-thumbnail","hentry","category-tratamentos","tag-anatomia","tag-molares"],"yoast_head":"<!-- This site is optimized with the Yoast SEO plugin v27.2 - https:\/\/yoast.com\/product\/yoast-seo-wordpress\/ -->\n<title>Molares: funcionalidade, anatomia e muito mais<\/title>\n<meta name=\"description\" content=\"Os humanos possuem seis dentes denominados molares. Confira suas funcionalidades, anatomia e muito mais sobre esses dentes!\" \/>\n<meta name=\"robots\" content=\"index, follow, max-snippet:-1, max-image-preview:large, max-video-preview:-1\" \/>\n<link rel=\"canonical\" href=\"https:\/\/www.codental.com.br\/blog\/molares-funcionalidade-anatomia-e-muito-mais\/\" \/>\n<meta property=\"og:locale\" content=\"pt_BR\" \/>\n<meta property=\"og:type\" content=\"article\" \/>\n<meta property=\"og:title\" content=\"Molares: funcionalidade, anatomia e muito mais\" \/>\n<meta property=\"og:description\" content=\"Os humanos possuem seis dentes denominados molares. Confira suas funcionalidades, anatomia e muito mais sobre esses dentes!\" \/>\n<meta property=\"og:url\" content=\"https:\/\/www.codental.com.br\/blog\/molares-funcionalidade-anatomia-e-muito-mais\/\" \/>\n<meta property=\"og:site_name\" content=\"Codental Blog\" \/>\n<meta property=\"article:publisher\" content=\"http:\/\/www.facebook.com\/codentalbr\" \/>\n<meta property=\"article:published_time\" content=\"2023-09-22T20:00:00+00:00\" \/>\n<meta property=\"og:image\" content=\"https:\/\/www.codental.com.br\/blog\/wp-content\/uploads\/2023\/09\/Molares-1.jpg\" \/>\n\t<meta property=\"og:image:width\" content=\"1010\" \/>\n\t<meta property=\"og:image:height\" content=\"550\" \/>\n\t<meta property=\"og:image:type\" content=\"image\/jpeg\" \/>\n<meta name=\"author\" content=\"Juliana Costa\" \/>\n<meta name=\"twitter:card\" content=\"summary_large_image\" \/>\n<meta name=\"twitter:creator\" content=\"@CodentalBr\" \/>\n<meta name=\"twitter:site\" content=\"@CodentalBr\" \/>\n<meta name=\"twitter:label1\" content=\"Escrito por\" \/>\n\t<meta name=\"twitter:data1\" content=\"Juliana Costa\" \/>\n\t<meta name=\"twitter:label2\" content=\"Est. tempo de leitura\" \/>\n\t<meta name=\"twitter:data2\" content=\"7 minutos\" \/>\n<script type=\"application\/ld+json\" class=\"yoast-schema-graph\">{\"@context\":\"https:\/\/schema.org\",\"@graph\":[{\"@type\":\"Article\",\"@id\":\"https:\/\/www.codental.com.br\/blog\/molares-funcionalidade-anatomia-e-muito-mais\/#article\",\"isPartOf\":{\"@id\":\"https:\/\/www.codental.com.br\/blog\/molares-funcionalidade-anatomia-e-muito-mais\/\"},\"author\":{\"name\":\"Juliana Costa\",\"@id\":\"https:\/\/www.codental.com.br\/blog\/#\/schema\/person\/5d75a676c9e6f6bbbe61623d4d068ad7\"},\"headline\":\"Molares: funcionalidade, anatomia e muito mais\",\"datePublished\":\"2023-09-22T20:00:00+00:00\",\"mainEntityOfPage\":{\"@id\":\"https:\/\/www.codental.com.br\/blog\/molares-funcionalidade-anatomia-e-muito-mais\/\"},\"wordCount\":1324,\"commentCount\":0,\"publisher\":{\"@id\":\"https:\/\/www.codental.com.br\/blog\/#organization\"},\"image\":{\"@id\":\"https:\/\/www.codental.com.br\/blog\/molares-funcionalidade-anatomia-e-muito-mais\/#primaryimage\"},\"thumbnailUrl\":\"https:\/\/www.codental.com.br\/blog\/wp-content\/uploads\/2023\/09\/Molares-1.jpg\",\"keywords\":[\"Anatomia\",\"Molares\"],\"articleSection\":[\"Tratamentos odontol\u00f3gicos\"],\"inLanguage\":\"pt-BR\",\"potentialAction\":[{\"@type\":\"CommentAction\",\"name\":\"Comment\",\"target\":[\"https:\/\/www.codental.com.br\/blog\/molares-funcionalidade-anatomia-e-muito-mais\/#respond\"]}]},{\"@type\":\"WebPage\",\"@id\":\"https:\/\/www.codental.com.br\/blog\/molares-funcionalidade-anatomia-e-muito-mais\/\",\"url\":\"https:\/\/www.codental.com.br\/blog\/molares-funcionalidade-anatomia-e-muito-mais\/\",\"name\":\"Molares: funcionalidade, anatomia e muito mais\",\"isPartOf\":{\"@id\":\"https:\/\/www.codental.com.br\/blog\/#website\"},\"primaryImageOfPage\":{\"@id\":\"https:\/\/www.codental.com.br\/blog\/molares-funcionalidade-anatomia-e-muito-mais\/#primaryimage\"},\"image\":{\"@id\":\"https:\/\/www.codental.com.br\/blog\/molares-funcionalidade-anatomia-e-muito-mais\/#primaryimage\"},\"thumbnailUrl\":\"https:\/\/www.codental.com.br\/blog\/wp-content\/uploads\/2023\/09\/Molares-1.jpg\",\"datePublished\":\"2023-09-22T20:00:00+00:00\",\"description\":\"Os humanos possuem seis dentes denominados molares. Confira suas funcionalidades, anatomia e muito mais sobre esses dentes!\",\"breadcrumb\":{\"@id\":\"https:\/\/www.codental.com.br\/blog\/molares-funcionalidade-anatomia-e-muito-mais\/#breadcrumb\"},\"inLanguage\":\"pt-BR\",\"potentialAction\":[{\"@type\":\"ReadAction\",\"target\":[\"https:\/\/www.codental.com.br\/blog\/molares-funcionalidade-anatomia-e-muito-mais\/\"]}]},{\"@type\":\"ImageObject\",\"inLanguage\":\"pt-BR\",\"@id\":\"https:\/\/www.codental.com.br\/blog\/molares-funcionalidade-anatomia-e-muito-mais\/#primaryimage\",\"url\":\"https:\/\/www.codental.com.br\/blog\/wp-content\/uploads\/2023\/09\/Molares-1.jpg\",\"contentUrl\":\"https:\/\/www.codental.com.br\/blog\/wp-content\/uploads\/2023\/09\/Molares-1.jpg\",\"width\":1010,\"height\":550,\"caption\":\"molares\"},{\"@type\":\"BreadcrumbList\",\"@id\":\"https:\/\/www.codental.com.br\/blog\/molares-funcionalidade-anatomia-e-muito-mais\/#breadcrumb\",\"itemListElement\":[{\"@type\":\"ListItem\",\"position\":1,\"name\":\"In\u00edcio\",\"item\":\"https:\/\/www.codental.com.br\/blog\/\"},{\"@type\":\"ListItem\",\"position\":2,\"name\":\"Molares: funcionalidade, anatomia e muito mais\"}]},{\"@type\":\"WebSite\",\"@id\":\"https:\/\/www.codental.com.br\/blog\/#website\",\"url\":\"https:\/\/www.codental.com.br\/blog\/\",\"name\":\"Codental Blog\",\"description\":\"Artigos e not\u00edcias sobre odontologia\",\"publisher\":{\"@id\":\"https:\/\/www.codental.com.br\/blog\/#organization\"},\"potentialAction\":[{\"@type\":\"SearchAction\",\"target\":{\"@type\":\"EntryPoint\",\"urlTemplate\":\"https:\/\/www.codental.com.br\/blog\/?s={search_term_string}\"},\"query-input\":{\"@type\":\"PropertyValueSpecification\",\"valueRequired\":true,\"valueName\":\"search_term_string\"}}],\"inLanguage\":\"pt-BR\"},{\"@type\":\"Organization\",\"@id\":\"https:\/\/www.codental.com.br\/blog\/#organization\",\"name\":\"Codental\",\"url\":\"https:\/\/codental.com.br\/\",\"logo\":{\"@type\":\"ImageObject\",\"inLanguage\":\"pt-BR\",\"@id\":\"https:\/\/www.codental.com.br\/blog\/#\/schema\/logo\/image\/\",\"url\":\"https:\/\/www.codental.com.br\/blog\/wp-content\/uploads\/2018\/10\/logo.png\",\"contentUrl\":\"https:\/\/www.codental.com.br\/blog\/wp-content\/uploads\/2018\/10\/logo.png\",\"width\":1200,\"height\":300,\"caption\":\"Codental\"},\"image\":{\"@id\":\"https:\/\/www.codental.com.br\/blog\/#\/schema\/logo\/image\/\"},\"sameAs\":[\"http:\/\/www.facebook.com\/codentalbr\",\"https:\/\/x.com\/CodentalBr\",\"https:\/\/www.instagram.com\/codentalbr\/\"]},{\"@type\":\"Person\",\"@id\":\"https:\/\/www.codental.com.br\/blog\/#\/schema\/person\/5d75a676c9e6f6bbbe61623d4d068ad7\",\"name\":\"Juliana Costa\",\"image\":{\"@type\":\"ImageObject\",\"inLanguage\":\"pt-BR\",\"@id\":\"https:\/\/www.codental.com.br\/blog\/wp-content\/uploads\/2022\/11\/WhatsApp-Image-2022-10-27-at-08.36.04-343x240.jpeg\",\"url\":\"https:\/\/www.codental.com.br\/blog\/wp-content\/uploads\/2022\/11\/WhatsApp-Image-2022-10-27-at-08.36.04-343x240.jpeg\",\"contentUrl\":\"https:\/\/www.codental.com.br\/blog\/wp-content\/uploads\/2022\/11\/WhatsApp-Image-2022-10-27-at-08.36.04-343x240.jpeg\",\"caption\":\"Juliana Costa\"},\"description\":\"Mineira, 28 anos. Redatora e revisora do blog do Codental. Estudante de nutri\u00e7\u00e3o, apaixonada por ci\u00eancia, arte, bons livros e chocolate. Casada e m\u00e3e de uma doce menininha, acredita que o melhor da vida \u00e9 poder compartilhar bons momentos entre amigos e fam\u00edlia!\",\"sameAs\":[\"https:\/\/www.instagram.com\/juliana_costa\/\"],\"url\":\"https:\/\/www.codental.com.br\/blog\/author\/juliana\/\"}]}<\/script>\n<!-- \/ Yoast SEO plugin. -->","yoast_head_json":{"title":"Molares: funcionalidade, anatomia e muito mais","description":"Os humanos possuem seis dentes denominados molares. Confira suas funcionalidades, anatomia e muito mais sobre esses dentes!","robots":{"index":"index","follow":"follow","max-snippet":"max-snippet:-1","max-image-preview":"max-image-preview:large","max-video-preview":"max-video-preview:-1"},"canonical":"https:\/\/www.codental.com.br\/blog\/molares-funcionalidade-anatomia-e-muito-mais\/","og_locale":"pt_BR","og_type":"article","og_title":"Molares: funcionalidade, anatomia e muito mais","og_description":"Os humanos possuem seis dentes denominados molares. Confira suas funcionalidades, anatomia e muito mais sobre esses dentes!","og_url":"https:\/\/www.codental.com.br\/blog\/molares-funcionalidade-anatomia-e-muito-mais\/","og_site_name":"Codental Blog","article_publisher":"http:\/\/www.facebook.com\/codentalbr","article_published_time":"2023-09-22T20:00:00+00:00","og_image":[{"width":1010,"height":550,"url":"https:\/\/www.codental.com.br\/blog\/wp-content\/uploads\/2023\/09\/Molares-1.jpg","type":"image\/jpeg"}],"author":"Juliana Costa","twitter_card":"summary_large_image","twitter_creator":"@CodentalBr","twitter_site":"@CodentalBr","twitter_misc":{"Escrito por":"Juliana Costa","Est. tempo de leitura":"7 minutos"},"schema":{"@context":"https:\/\/schema.org","@graph":[{"@type":"Article","@id":"https:\/\/www.codental.com.br\/blog\/molares-funcionalidade-anatomia-e-muito-mais\/#article","isPartOf":{"@id":"https:\/\/www.codental.com.br\/blog\/molares-funcionalidade-anatomia-e-muito-mais\/"},"author":{"name":"Juliana Costa","@id":"https:\/\/www.codental.com.br\/blog\/#\/schema\/person\/5d75a676c9e6f6bbbe61623d4d068ad7"},"headline":"Molares: funcionalidade, anatomia e muito mais","datePublished":"2023-09-22T20:00:00+00:00","mainEntityOfPage":{"@id":"https:\/\/www.codental.com.br\/blog\/molares-funcionalidade-anatomia-e-muito-mais\/"},"wordCount":1324,"commentCount":0,"publisher":{"@id":"https:\/\/www.codental.com.br\/blog\/#organization"},"image":{"@id":"https:\/\/www.codental.com.br\/blog\/molares-funcionalidade-anatomia-e-muito-mais\/#primaryimage"},"thumbnailUrl":"https:\/\/www.codental.com.br\/blog\/wp-content\/uploads\/2023\/09\/Molares-1.jpg","keywords":["Anatomia","Molares"],"articleSection":["Tratamentos odontol\u00f3gicos"],"inLanguage":"pt-BR","potentialAction":[{"@type":"CommentAction","name":"Comment","target":["https:\/\/www.codental.com.br\/blog\/molares-funcionalidade-anatomia-e-muito-mais\/#respond"]}]},{"@type":"WebPage","@id":"https:\/\/www.codental.com.br\/blog\/molares-funcionalidade-anatomia-e-muito-mais\/","url":"https:\/\/www.codental.com.br\/blog\/molares-funcionalidade-anatomia-e-muito-mais\/","name":"Molares: funcionalidade, anatomia e muito mais","isPartOf":{"@id":"https:\/\/www.codental.com.br\/blog\/#website"},"primaryImageOfPage":{"@id":"https:\/\/www.codental.com.br\/blog\/molares-funcionalidade-anatomia-e-muito-mais\/#primaryimage"},"image":{"@id":"https:\/\/www.codental.com.br\/blog\/molares-funcionalidade-anatomia-e-muito-mais\/#primaryimage"},"thumbnailUrl":"https:\/\/www.codental.com.br\/blog\/wp-content\/uploads\/2023\/09\/Molares-1.jpg","datePublished":"2023-09-22T20:00:00+00:00","description":"Os humanos possuem seis dentes denominados molares. Confira suas funcionalidades, anatomia e muito mais sobre esses dentes!","breadcrumb":{"@id":"https:\/\/www.codental.com.br\/blog\/molares-funcionalidade-anatomia-e-muito-mais\/#breadcrumb"},"inLanguage":"pt-BR","potentialAction":[{"@type":"ReadAction","target":["https:\/\/www.codental.com.br\/blog\/molares-funcionalidade-anatomia-e-muito-mais\/"]}]},{"@type":"ImageObject","inLanguage":"pt-BR","@id":"https:\/\/www.codental.com.br\/blog\/molares-funcionalidade-anatomia-e-muito-mais\/#primaryimage","url":"https:\/\/www.codental.com.br\/blog\/wp-content\/uploads\/2023\/09\/Molares-1.jpg","contentUrl":"https:\/\/www.codental.com.br\/blog\/wp-content\/uploads\/2023\/09\/Molares-1.jpg","width":1010,"height":550,"caption":"molares"},{"@type":"BreadcrumbList","@id":"https:\/\/www.codental.com.br\/blog\/molares-funcionalidade-anatomia-e-muito-mais\/#breadcrumb","itemListElement":[{"@type":"ListItem","position":1,"name":"In\u00edcio","item":"https:\/\/www.codental.com.br\/blog\/"},{"@type":"ListItem","position":2,"name":"Molares: funcionalidade, anatomia e muito mais"}]},{"@type":"WebSite","@id":"https:\/\/www.codental.com.br\/blog\/#website","url":"https:\/\/www.codental.com.br\/blog\/","name":"Codental Blog","description":"Artigos e not\u00edcias sobre odontologia","publisher":{"@id":"https:\/\/www.codental.com.br\/blog\/#organization"},"potentialAction":[{"@type":"SearchAction","target":{"@type":"EntryPoint","urlTemplate":"https:\/\/www.codental.com.br\/blog\/?s={search_term_string}"},"query-input":{"@type":"PropertyValueSpecification","valueRequired":true,"valueName":"search_term_string"}}],"inLanguage":"pt-BR"},{"@type":"Organization","@id":"https:\/\/www.codental.com.br\/blog\/#organization","name":"Codental","url":"https:\/\/codental.com.br\/","logo":{"@type":"ImageObject","inLanguage":"pt-BR","@id":"https:\/\/www.codental.com.br\/blog\/#\/schema\/logo\/image\/","url":"https:\/\/www.codental.com.br\/blog\/wp-content\/uploads\/2018\/10\/logo.png","contentUrl":"https:\/\/www.codental.com.br\/blog\/wp-content\/uploads\/2018\/10\/logo.png","width":1200,"height":300,"caption":"Codental"},"image":{"@id":"https:\/\/www.codental.com.br\/blog\/#\/schema\/logo\/image\/"},"sameAs":["http:\/\/www.facebook.com\/codentalbr","https:\/\/x.com\/CodentalBr","https:\/\/www.instagram.com\/codentalbr\/"]},{"@type":"Person","@id":"https:\/\/www.codental.com.br\/blog\/#\/schema\/person\/5d75a676c9e6f6bbbe61623d4d068ad7","name":"Juliana Costa","image":{"@type":"ImageObject","inLanguage":"pt-BR","@id":"https:\/\/www.codental.com.br\/blog\/wp-content\/uploads\/2022\/11\/WhatsApp-Image-2022-10-27-at-08.36.04-343x240.jpeg","url":"https:\/\/www.codental.com.br\/blog\/wp-content\/uploads\/2022\/11\/WhatsApp-Image-2022-10-27-at-08.36.04-343x240.jpeg","contentUrl":"https:\/\/www.codental.com.br\/blog\/wp-content\/uploads\/2022\/11\/WhatsApp-Image-2022-10-27-at-08.36.04-343x240.jpeg","caption":"Juliana Costa"},"description":"Mineira, 28 anos. Redatora e revisora do blog do Codental. Estudante de nutri\u00e7\u00e3o, apaixonada por ci\u00eancia, arte, bons livros e chocolate. Casada e m\u00e3e de uma doce menininha, acredita que o melhor da vida \u00e9 poder compartilhar bons momentos entre amigos e fam\u00edlia!","sameAs":["https:\/\/www.instagram.com\/juliana_costa\/"],"url":"https:\/\/www.codental.com.br\/blog\/author\/juliana\/"}]}},"_links":{"self":[{"href":"https:\/\/www.codental.com.br\/blog\/wp-json\/wp\/v2\/posts\/4388","targetHints":{"allow":["GET"]}}],"collection":[{"href":"https:\/\/www.codental.com.br\/blog\/wp-json\/wp\/v2\/posts"}],"about":[{"href":"https:\/\/www.codental.com.br\/blog\/wp-json\/wp\/v2\/types\/post"}],"author":[{"embeddable":true,"href":"https:\/\/www.codental.com.br\/blog\/wp-json\/wp\/v2\/users\/16"}],"replies":[{"embeddable":true,"href":"https:\/\/www.codental.com.br\/blog\/wp-json\/wp\/v2\/comments?post=4388"}],"version-history":[{"count":1,"href":"https:\/\/www.codental.com.br\/blog\/wp-json\/wp\/v2\/posts\/4388\/revisions"}],"predecessor-version":[{"id":4392,"href":"https:\/\/www.codental.com.br\/blog\/wp-json\/wp\/v2\/posts\/4388\/revisions\/4392"}],"wp:featuredmedia":[{"embeddable":true,"href":"https:\/\/www.codental.com.br\/blog\/wp-json\/wp\/v2\/media\/4389"}],"wp:attachment":[{"href":"https:\/\/www.codental.com.br\/blog\/wp-json\/wp\/v2\/media?parent=4388"}],"wp:term":[{"taxonomy":"category","embeddable":true,"href":"https:\/\/www.codental.com.br\/blog\/wp-json\/wp\/v2\/categories?post=4388"},{"taxonomy":"post_tag","embeddable":true,"href":"https:\/\/www.codental.com.br\/blog\/wp-json\/wp\/v2\/tags?post=4388"}],"curies":[{"name":"wp","href":"https:\/\/api.w.org\/{rel}","templated":true}]}}