{"id":4219,"date":"2023-09-04T17:00:00","date_gmt":"2023-09-04T20:00:00","guid":{"rendered":"https:\/\/www.codental.com.br\/blog\/?p=4219"},"modified":"2023-09-04T07:19:04","modified_gmt":"2023-09-04T10:19:04","slug":"doencas-na-gengiva-tudo-sobre-as-principais-doencas","status":"publish","type":"post","link":"https:\/\/www.codental.com.br\/blog\/doencas-na-gengiva-tudo-sobre-as-principais-doencas\/","title":{"rendered":"Doen\u00e7as na gengiva: tudo sobre as principais doen\u00e7as"},"content":{"rendered":"\n<p>A gengiva \u00e9 o tecido presente na muscosa oral respons\u00e1vel por revestir as estruturas \u00f3sseas que sustentam os dentes e proteg\u00ea-los juntamente com os tecidos subjacentes. Ter uma gengiva saud\u00e1vel \u00e9 de extrema import\u00e2ncia para estabilidade dos dentes, preven\u00e7\u00e3o contra infec\u00e7\u00f5es e para prevenir doen\u00e7as periodontais.&nbsp;<\/p>\n\n\n\n<p><strong>Doen\u00e7as na gengiva<\/strong> s\u00e3o muito comuns e, se n\u00e3o tratadas, podem levar \u00e0 perda dos dentes. Por isso, esse artigo visa abordar as principais doen\u00e7as na gengiva, assim como os sintomas mais comuns, tratamentos e preven\u00e7\u00e3o.\u00a0<\/p>\n\n\n\n<h2 class=\"wp-block-heading\">Quais s\u00e3o as principais doen\u00e7as na gengiva?<\/h2>\n\n\n\n<p>De maneira geral existem <strong>2 principais doen\u00e7as na gengiva<\/strong>, podendo ser diferenciadas em alguns graus. Entretanto, \u00e9 poss\u00edvel aprofundar em outras poss\u00edveis doen\u00e7as que possuem rela\u00e7\u00f5es com a mucosa gengival.\u00a0<\/p>\n\n\n\n<h3 class=\"wp-block-heading\">Gengivite<\/h3>\n\n\n\n<figure class=\"wp-block-image aligncenter size-full\"><img loading=\"lazy\" decoding=\"async\" width=\"275\" height=\"183\" src=\"https:\/\/www.codental.com.br\/blog\/wp-content\/uploads\/2023\/09\/gengivite.jpg\" alt=\"\" class=\"wp-image-4334\"\/><figcaption>Gengivite<\/figcaption><\/figure>\n\n\n\n<p>A primeira e uma das principais doen\u00e7as na gengiva \u00e9 a <a href=\"https:\/\/www.codental.com.br\/blog\/gengivite-tratamento-e-muito-mais-sobre-essa-doenca\/?utm_source=blog&utm_medium=referral&utm_content=doencas-na-gengiva-tudo-sobre-as-principais-doencas\">gengivite<\/a>. Esta \u00e9 uma fase inicial da doen\u00e7a periodontal, tendo como<strong> principais sintomas gengivas vermelhas e irritadas, sangramento, gosto ruim e mau h\u00e1lito persistente e at\u00e9 pus entre os dentes<\/strong>.<\/p>\n\n\n\n<p>O tratamento da gengivite, na realidade, \u00e9 considerada como profilaxia, uma vez que envolve uma <strong>limpeza para remover o <\/strong><a href=\"https:\/\/www.codental.com.br\/blog\/tartaro-nos-dentes-tudo-que-voce-precisa-saber\/?utm_source=blog&utm_medium=referral&utm_content=doencas-na-gengiva-tudo-sobre-as-principais-doencas\"><strong>t\u00e1rtaro<\/strong>.<\/a> Entretanto, se j\u00e1 estiver mais avan\u00e7ada pode ser necess\u00e1ria uma raspagem e alisamento radicular.\u00a0<\/p>\n\n\n\n<p>Por ser uma forma mais leve, se diagnosticada e tratada rapidamente, havendo <strong>pouco risco de gerar complica\u00e7\u00f5es a longo prazo<\/strong>.<\/p>\n\n\n\n<h3 class=\"wp-block-heading\">&nbsp;Periodontite&nbsp;<\/h3>\n\n\n\n<figure class=\"wp-block-image aligncenter size-full\"><img loading=\"lazy\" decoding=\"async\" width=\"275\" height=\"183\" src=\"https:\/\/www.codental.com.br\/blog\/wp-content\/uploads\/2023\/09\/periodontite-1.jpg\" alt=\"\" class=\"wp-image-4335\"\/><figcaption>Periodontite<\/figcaption><\/figure>\n\n\n\n<p>A <a href=\"https:\/\/www.codental.com.br\/blog\/periodontite-nova-classificacao-e-muito-mais\/?utm_source=blog&utm_medium=referral&utm_content=doencas-na-gengiva-tudo-sobre-as-principais-doencas\">periodontite<\/a> \u00e9 uma doen\u00e7a inflamat\u00f3ria na gengiva em fase mais avan\u00e7ada, sendo uma das <strong>principais causas de perda de dentes.<\/strong> Dessa forma, ela pode ser desenvolvida a partir da gengivite que n\u00e3o foi controlada ou por fatores hormonais e predisposi\u00e7\u00e3o gen\u00e9tica.\u00a0<\/p>\n\n\n\n<p>Existem alguns n\u00edveis de periodontite com base na extens\u00e3o da perda \u00f3ssea e na profundidade dos bolsos periodontais, como:<\/p>\n\n\n\n<ul class=\"wp-block-list\"><li>Periodontite leve ou inicial<\/li><li>Periodontite moderada<\/li><li><a href=\"https:\/\/www.codental.com.br\/blog\/periodontite-avancada\/?utm_source=blog&utm_medium=referral&utm_content=doencas-na-gengiva-tudo-sobre-as-principais-doencas\">Periodontite avan\u00e7ada<\/a><\/li><li>Periodontite avan\u00e7ada com mobilidade dent\u00e1ria<\/li><\/ul>\n\n\n\n<p>Al\u00e9m disso, tamb\u00e9m s\u00e3o distinguidas a partir de tipos espec\u00edficos com base em caracter\u00edsticas cl\u00ednicas e patol\u00f3gicas. A partir dessa classifica\u00e7\u00e3o, tem-se:<\/p>\n\n\n\n<ul class=\"wp-block-list\"><li>Periodontite cr\u00f4nica<\/li><li>Periodontite agressiva&nbsp;<\/li><li>Periodontite necrosante<\/li><\/ul>\n\n\n\n<h2 class=\"wp-block-heading\">5 caracter\u00edsticas de doen\u00e7as na gengiva:<\/h2>\n\n\n\n<p>\u00c9 muito importante que o dentista esteja sempre atento em rela\u00e7\u00e3o \u00e0s caracter\u00edsticas da gengiva, uma vez que quando detectada uma doen\u00e7a em est\u00e1gios iniciais o tratamento precoce ser\u00e1 mais eficiente.\u00a0<\/p>\n\n\n\n<p>Algumas das principais caracter\u00edsticas que podem indicar doen\u00e7a na gengiva, s\u00e3o:<\/p>\n\n\n\n<h3 class=\"wp-block-heading\">1. Colora\u00e7\u00e3o mais escura e incha\u00e7o<\/h3>\n\n\n\n<p>A <strong>mudan\u00e7a na cor da gengiva<\/strong> pode ser um dos sintomas mais r\u00e1pidos de detectar. Apesar de ter algumas altera\u00e7\u00f5es na cor dependendo da origem \u00e9tnica do paciente, no geral, uma<strong> gengiva saud\u00e1vel tem colora\u00e7\u00e3o uniforme rosa ou coral.<\/strong><\/p>\n\n\n\n<p>Diferentemente disso, quando uma gengiva est\u00e1 doente, apresenta pigmento mais avermelhado, at\u00e9 mesmo arroxeada e tendem a ficar inchadas e com volume maior.<\/p>\n\n\n\n<h3 class=\"wp-block-heading\">2. Sangramento<\/h3>\n\n\n\n<p>\u00c9 importante que o paciente tamb\u00e9m esteja ciente em rela\u00e7\u00e3o aos sintomas como sangramento para conseguir procurar o profissional a tempo. Essa informa\u00e7\u00e3o \u00e9 importante, pois o sangramento durante a escova\u00e7\u00e3o ou uso do fio dental pode indicar uma doen\u00e7a na gengiva.&nbsp;<\/p>\n\n\n\n<p>Isso acontece, pois na gengivite, por exemplo, h\u00e1 um<strong> ac\u00famulo de placas bacterianas que ao se acumularem causam irrita\u00e7\u00e3o nas gengivas<\/strong>, o que leva ao sangramento durante a escova\u00e7\u00e3o.&nbsp;<\/p>\n\n\n\n<h3 class=\"wp-block-heading\">3. Mau h\u00e1lito persistente<\/h3>\n\n\n\n<p>Tamb\u00e9m <strong>devido \u00e0 presen\u00e7a de placas bacterianas<\/strong> na margem gengival e ao redor dos dentes, \u00e9 comum que pacientes com doen\u00e7a na gengiva tenham um mau h\u00e1lito persistente.&nbsp;<\/p>\n\n\n\n<p>Al\u00e9m disso, em est\u00e1gio mais avan\u00e7ados de periodontite os <strong>bolsos periodontais ficam mais profundos, o que favorece o ac\u00famulo de res\u00edduos<\/strong>, podendo contribuir para o mau h\u00e1lito<\/p>\n\n\n\n<h3 class=\"wp-block-heading\">4. Aumento da sensibilidade&nbsp;<\/h3>\n\n\n\n<p>Outra caracter\u00edstica comum que o paciente pode relatar \u00e9 o aumento da sensibilidade nas gengivas. Isso pode causar <strong>dor e desconforto<\/strong> ao toque e ao ingerir alimentos e bebidas muito quentes ou geladas.<\/p>\n\n\n\n<h3 class=\"wp-block-heading\">5. Retra\u00e7\u00e3o gengival&nbsp;<\/h3>\n\n\n\n<p>Por fim, uma caracter\u00edstica de <strong>est\u00e1gios mais avan\u00e7ados <\/strong>de doen\u00e7as na gengiva \u00e9 a retra\u00e7\u00e3o gengival. A periodontite \u00e9 caracterizada pela destrui\u00e7\u00e3o o osso e do tecido que suporta os dentes, logo, isso pode levar a uma retra\u00e7\u00e3o gengival.&nbsp;<\/p>\n\n\n\n<h2 class=\"wp-block-heading\">O que pode causar doen\u00e7as na gengiva?<\/h2>\n\n\n\n<p>Al\u00e9m de entender sintomas, \u00e9 indispens\u00e1vel orientar pacientes sobre poss\u00edveis causas de doen\u00e7as na gengiva. Dessa forma, pessoas com doen\u00e7as que possuem rela\u00e7\u00e3o com problemas na gengiva ou que possuem h\u00e1bitos que s\u00e3o considerados fatores de risco para doen\u00e7as periodontais podem se atentar.&nbsp;<\/p>\n\n\n\n<p>Alguns exemplos de h\u00e1bitos e outras doen\u00e7as, s\u00e3o:<\/p>\n\n\n\n<ul class=\"wp-block-list\"><li><strong>M\u00e1 higiene oral<\/strong>: o ac\u00famulo de placas bacterianas \u00e9 uma das principais causas de doen\u00e7as na gengiva, e uma higiene incorreta pode favorecer esse ac\u00famulo.<\/li><li><strong>Tabagismo:<\/strong> o tabaco interfere de forma negativa na sa\u00fade bucal e reduz a capacidade do corpo de combater infec\u00e7\u00f5es.<\/li><li><strong>Dieta inadequada:<\/strong> dietas ricas em a\u00e7\u00facar e pobre em nutrientes essenciais favorece o aparecimento de infec\u00e7\u00f5es.<\/li><li><strong>Bruxismo:<\/strong> a press\u00e3o excessiva nas gengivas por conta do ranger dos dentes pode contribuir para doen\u00e7as na gengiva.<\/li><li><strong>Doen\u00e7as autoimunes como diabete, aids, l\u00fapus e psor\u00edase<\/strong>: pacientes com doen\u00e7as autoimunes s\u00e3o consideradas grupo de risco para doen\u00e7as gengivais, uma vez que a altera\u00e7\u00e3o imunol\u00f3gica os deixa mais vulner\u00e1veis\u00a0 \u00e0s infec\u00e7\u00f5es bacterianas.<\/li><li><strong>Altera\u00e7\u00e3o hormonal<\/strong>: em fases da vida que possuem altera\u00e7\u00f5es hormonais, como na puberdade, gravidez ou menopausa, as gengivas ficam mais sens\u00edveis e suscet\u00edveis a doen\u00e7as.<\/li><\/ul>\n\n\n\n<h2 class=\"wp-block-heading\">Tratamentos para doen\u00e7as na gengiva&nbsp;<\/h2>\n\n\n\n<p>Como existem diferentes est\u00e1gios e gravidade de doen\u00e7as na gengiva, os tratamentos variam. O principal objetivo \u00e9 eliminar a infec\u00e7\u00e3o bacteriana, controlando a inflama\u00e7\u00e3o. Estes tratamentos, e at\u00e9 a profilaxia, se relacionam com as poss\u00edveis causas de doen\u00e7as periodontais.<\/p>\n\n\n\n<p>Os tratamentos mais comuns, incluem:<\/p>\n\n\n\n<ol class=\"wp-block-list\"><li><strong>Raspagem e alisamento radicular<\/strong>: a remo\u00e7\u00e3o da placa bacteriana e do t\u00e1rtaro acumulado evita tanto o aparecimento quanto a evolu\u00e7\u00e3o de doen\u00e7as na gengiva.<\/li><li><strong>Ajuste oclusal<\/strong>: quando a causa \u00e9 o bruxismo, realizar o ajuste oclusal ajudar\u00e1 a reduzir a press\u00e3o na gengiva\u00a0<\/li><li><strong>Antibi\u00f3ticos e Anti-inflamat\u00f3rios<\/strong>: a utiliza\u00e7\u00e3o de medicamentos pode, em alguns casos, auxiliar no controle da infec\u00e7\u00e3o e da inflama\u00e7\u00e3o na gengiva<\/li><li><strong>Cirurgia periodontal: <\/strong>a cirurgia \u00e9 uma op\u00e7\u00e3o para est\u00e1gios avan\u00e7ados da periodontite e o tipo da cirurgia varia conforme o caso<\/li><li><strong>Terapia com laser: <\/strong>o laser \u00e9 um tratamento com objetivo de remover bact\u00e9rias ou tecidos infectados\u00a0<\/li><\/ol>\n\n\n\n<p>Al\u00e9m dos pontuados, vale ressaltar a <strong>import\u00e2ncia da mudan\u00e7a de alguns h\u00e1bitos, como o tabagismo e h\u00e1bitos alimentares<\/strong>, pois melhor\u00e1-los servir\u00e1 como medida profil\u00e1tica para as doen\u00e7as periodontais.<\/p>\n","protected":false},"excerpt":{"rendered":"<p>A gengiva \u00e9 o tecido presente na muscosa oral respons\u00e1vel por revestir as estruturas&#8230;<\/p>\n","protected":false},"author":27,"featured_media":4332,"comment_status":"open","ping_status":"closed","sticky":false,"template":"","format":"standard","meta":{"_target_audience":"","footnotes":""},"categories":[247],"tags":[378,174],"class_list":["post-4219","post","type-post","status-publish","format-standard","has-post-thumbnail","hentry","category-doencas-odontologicas","tag-gengivite","tag-periodontite"],"yoast_head":"<!-- This site is optimized with the Yoast SEO plugin v27.2 - https:\/\/yoast.com\/product\/yoast-seo-wordpress\/ -->\n<title>Doen\u00e7as na gengiva: tudo sobre as principais doen\u00e7as<\/title>\n<meta name=\"description\" content=\"Doen\u00e7as na gengiva causam muito desconforto e, se n\u00e3o tratadas, podem ocasionar perda dos dentes. Saiba os principais sintomas e tratamentos.\" \/>\n<meta name=\"robots\" content=\"index, follow, max-snippet:-1, max-image-preview:large, max-video-preview:-1\" \/>\n<link rel=\"canonical\" href=\"https:\/\/www.codental.com.br\/blog\/doencas-na-gengiva-tudo-sobre-as-principais-doencas\/\" \/>\n<meta property=\"og:locale\" content=\"pt_BR\" \/>\n<meta property=\"og:type\" content=\"article\" \/>\n<meta property=\"og:title\" content=\"Doen\u00e7as na gengiva: tudo sobre as principais doen\u00e7as\" \/>\n<meta property=\"og:description\" content=\"Doen\u00e7as na gengiva causam muito desconforto e, se n\u00e3o tratadas, podem ocasionar perda dos dentes. Saiba os principais sintomas e tratamentos.\" \/>\n<meta property=\"og:url\" content=\"https:\/\/www.codental.com.br\/blog\/doencas-na-gengiva-tudo-sobre-as-principais-doencas\/\" \/>\n<meta property=\"og:site_name\" content=\"Codental Blog\" \/>\n<meta property=\"article:publisher\" content=\"http:\/\/www.facebook.com\/codentalbr\" \/>\n<meta property=\"article:published_time\" content=\"2023-09-04T20:00:00+00:00\" \/>\n<meta property=\"og:image\" content=\"https:\/\/www.codental.com.br\/blog\/wp-content\/uploads\/2023\/09\/doencas-na-gengiva-1.jpg\" \/>\n\t<meta property=\"og:image:width\" content=\"1010\" \/>\n\t<meta property=\"og:image:height\" content=\"550\" \/>\n\t<meta property=\"og:image:type\" content=\"image\/jpeg\" \/>\n<meta name=\"author\" content=\"Marina Miranda\" \/>\n<meta name=\"twitter:card\" content=\"summary_large_image\" \/>\n<meta name=\"twitter:creator\" content=\"@CodentalBr\" \/>\n<meta name=\"twitter:site\" content=\"@CodentalBr\" \/>\n<meta name=\"twitter:label1\" content=\"Escrito por\" \/>\n\t<meta name=\"twitter:data1\" content=\"Marina Miranda\" \/>\n\t<meta name=\"twitter:label2\" content=\"Est. tempo de leitura\" \/>\n\t<meta name=\"twitter:data2\" content=\"7 minutos\" \/>\n<script type=\"application\/ld+json\" class=\"yoast-schema-graph\">{\"@context\":\"https:\/\/schema.org\",\"@graph\":[{\"@type\":\"Article\",\"@id\":\"https:\/\/www.codental.com.br\/blog\/doencas-na-gengiva-tudo-sobre-as-principais-doencas\/#article\",\"isPartOf\":{\"@id\":\"https:\/\/www.codental.com.br\/blog\/doencas-na-gengiva-tudo-sobre-as-principais-doencas\/\"},\"author\":{\"name\":\"Marina Miranda\",\"@id\":\"https:\/\/www.codental.com.br\/blog\/#\/schema\/person\/7e61c07141bee2df26e64b132b1624d7\"},\"headline\":\"Doen\u00e7as na gengiva: tudo sobre as principais doen\u00e7as\",\"datePublished\":\"2023-09-04T20:00:00+00:00\",\"mainEntityOfPage\":{\"@id\":\"https:\/\/www.codental.com.br\/blog\/doencas-na-gengiva-tudo-sobre-as-principais-doencas\/\"},\"wordCount\":1168,\"commentCount\":0,\"publisher\":{\"@id\":\"https:\/\/www.codental.com.br\/blog\/#organization\"},\"image\":{\"@id\":\"https:\/\/www.codental.com.br\/blog\/doencas-na-gengiva-tudo-sobre-as-principais-doencas\/#primaryimage\"},\"thumbnailUrl\":\"https:\/\/www.codental.com.br\/blog\/wp-content\/uploads\/2023\/09\/doencas-na-gengiva-1.jpg\",\"keywords\":[\"Gengivite\",\"periodontite\"],\"articleSection\":[\"Doen\u00e7as odontol\u00f3gicas\"],\"inLanguage\":\"pt-BR\",\"potentialAction\":[{\"@type\":\"CommentAction\",\"name\":\"Comment\",\"target\":[\"https:\/\/www.codental.com.br\/blog\/doencas-na-gengiva-tudo-sobre-as-principais-doencas\/#respond\"]}]},{\"@type\":\"WebPage\",\"@id\":\"https:\/\/www.codental.com.br\/blog\/doencas-na-gengiva-tudo-sobre-as-principais-doencas\/\",\"url\":\"https:\/\/www.codental.com.br\/blog\/doencas-na-gengiva-tudo-sobre-as-principais-doencas\/\",\"name\":\"Doen\u00e7as na gengiva: tudo sobre as principais doen\u00e7as\",\"isPartOf\":{\"@id\":\"https:\/\/www.codental.com.br\/blog\/#website\"},\"primaryImageOfPage\":{\"@id\":\"https:\/\/www.codental.com.br\/blog\/doencas-na-gengiva-tudo-sobre-as-principais-doencas\/#primaryimage\"},\"image\":{\"@id\":\"https:\/\/www.codental.com.br\/blog\/doencas-na-gengiva-tudo-sobre-as-principais-doencas\/#primaryimage\"},\"thumbnailUrl\":\"https:\/\/www.codental.com.br\/blog\/wp-content\/uploads\/2023\/09\/doencas-na-gengiva-1.jpg\",\"datePublished\":\"2023-09-04T20:00:00+00:00\",\"description\":\"Doen\u00e7as na gengiva causam muito desconforto e, se n\u00e3o tratadas, podem ocasionar perda dos dentes. Saiba os principais sintomas e tratamentos.\",\"breadcrumb\":{\"@id\":\"https:\/\/www.codental.com.br\/blog\/doencas-na-gengiva-tudo-sobre-as-principais-doencas\/#breadcrumb\"},\"inLanguage\":\"pt-BR\",\"potentialAction\":[{\"@type\":\"ReadAction\",\"target\":[\"https:\/\/www.codental.com.br\/blog\/doencas-na-gengiva-tudo-sobre-as-principais-doencas\/\"]}]},{\"@type\":\"ImageObject\",\"inLanguage\":\"pt-BR\",\"@id\":\"https:\/\/www.codental.com.br\/blog\/doencas-na-gengiva-tudo-sobre-as-principais-doencas\/#primaryimage\",\"url\":\"https:\/\/www.codental.com.br\/blog\/wp-content\/uploads\/2023\/09\/doencas-na-gengiva-1.jpg\",\"contentUrl\":\"https:\/\/www.codental.com.br\/blog\/wp-content\/uploads\/2023\/09\/doencas-na-gengiva-1.jpg\",\"width\":1010,\"height\":550,\"caption\":\"Doen\u00e7as na gengiva\"},{\"@type\":\"BreadcrumbList\",\"@id\":\"https:\/\/www.codental.com.br\/blog\/doencas-na-gengiva-tudo-sobre-as-principais-doencas\/#breadcrumb\",\"itemListElement\":[{\"@type\":\"ListItem\",\"position\":1,\"name\":\"In\u00edcio\",\"item\":\"https:\/\/www.codental.com.br\/blog\/\"},{\"@type\":\"ListItem\",\"position\":2,\"name\":\"Doen\u00e7as na gengiva: tudo sobre as principais doen\u00e7as\"}]},{\"@type\":\"WebSite\",\"@id\":\"https:\/\/www.codental.com.br\/blog\/#website\",\"url\":\"https:\/\/www.codental.com.br\/blog\/\",\"name\":\"Codental Blog\",\"description\":\"Artigos e not\u00edcias sobre odontologia\",\"publisher\":{\"@id\":\"https:\/\/www.codental.com.br\/blog\/#organization\"},\"potentialAction\":[{\"@type\":\"SearchAction\",\"target\":{\"@type\":\"EntryPoint\",\"urlTemplate\":\"https:\/\/www.codental.com.br\/blog\/?s={search_term_string}\"},\"query-input\":{\"@type\":\"PropertyValueSpecification\",\"valueRequired\":true,\"valueName\":\"search_term_string\"}}],\"inLanguage\":\"pt-BR\"},{\"@type\":\"Organization\",\"@id\":\"https:\/\/www.codental.com.br\/blog\/#organization\",\"name\":\"Codental\",\"url\":\"https:\/\/codental.com.br\/\",\"logo\":{\"@type\":\"ImageObject\",\"inLanguage\":\"pt-BR\",\"@id\":\"https:\/\/www.codental.com.br\/blog\/#\/schema\/logo\/image\/\",\"url\":\"https:\/\/www.codental.com.br\/blog\/wp-content\/uploads\/2018\/10\/logo.png\",\"contentUrl\":\"https:\/\/www.codental.com.br\/blog\/wp-content\/uploads\/2018\/10\/logo.png\",\"width\":1200,\"height\":300,\"caption\":\"Codental\"},\"image\":{\"@id\":\"https:\/\/www.codental.com.br\/blog\/#\/schema\/logo\/image\/\"},\"sameAs\":[\"http:\/\/www.facebook.com\/codentalbr\",\"https:\/\/x.com\/CodentalBr\",\"https:\/\/www.instagram.com\/codentalbr\/\"]},{\"@type\":\"Person\",\"@id\":\"https:\/\/www.codental.com.br\/blog\/#\/schema\/person\/7e61c07141bee2df26e64b132b1624d7\",\"name\":\"Marina Miranda\",\"image\":{\"@type\":\"ImageObject\",\"inLanguage\":\"pt-BR\",\"@id\":\"https:\/\/www.codental.com.br\/blog\/wp-content\/uploads\/2022\/11\/WhatsApp-Image-2022-11-08-at-18.48.00-343x240.jpeg\",\"url\":\"https:\/\/www.codental.com.br\/blog\/wp-content\/uploads\/2022\/11\/WhatsApp-Image-2022-11-08-at-18.48.00-343x240.jpeg\",\"contentUrl\":\"https:\/\/www.codental.com.br\/blog\/wp-content\/uploads\/2022\/11\/WhatsApp-Image-2022-11-08-at-18.48.00-343x240.jpeg\",\"caption\":\"Marina Miranda\"},\"description\":\"Juizforana, 22 anos. Estudante, apaixonada por leitura e viciada em filmes de com\u00e9dia rom\u00e2ntica, quanto mais clich\u00ea melhor, e por esportes. Fui atleta desde pequena, o que me fez crescer super determinada e focada. Meu objetivo de vida \u00e9 retribuir aos meus pais tudo que me ofereceram.\",\"url\":\"https:\/\/www.codental.com.br\/blog\/author\/marina\/\"}]}<\/script>\n<!-- \/ Yoast SEO plugin. -->","yoast_head_json":{"title":"Doen\u00e7as na gengiva: tudo sobre as principais doen\u00e7as","description":"Doen\u00e7as na gengiva causam muito desconforto e, se n\u00e3o tratadas, podem ocasionar perda dos dentes. Saiba os principais sintomas e tratamentos.","robots":{"index":"index","follow":"follow","max-snippet":"max-snippet:-1","max-image-preview":"max-image-preview:large","max-video-preview":"max-video-preview:-1"},"canonical":"https:\/\/www.codental.com.br\/blog\/doencas-na-gengiva-tudo-sobre-as-principais-doencas\/","og_locale":"pt_BR","og_type":"article","og_title":"Doen\u00e7as na gengiva: tudo sobre as principais doen\u00e7as","og_description":"Doen\u00e7as na gengiva causam muito desconforto e, se n\u00e3o tratadas, podem ocasionar perda dos dentes. Saiba os principais sintomas e tratamentos.","og_url":"https:\/\/www.codental.com.br\/blog\/doencas-na-gengiva-tudo-sobre-as-principais-doencas\/","og_site_name":"Codental Blog","article_publisher":"http:\/\/www.facebook.com\/codentalbr","article_published_time":"2023-09-04T20:00:00+00:00","og_image":[{"width":1010,"height":550,"url":"https:\/\/www.codental.com.br\/blog\/wp-content\/uploads\/2023\/09\/doencas-na-gengiva-1.jpg","type":"image\/jpeg"}],"author":"Marina Miranda","twitter_card":"summary_large_image","twitter_creator":"@CodentalBr","twitter_site":"@CodentalBr","twitter_misc":{"Escrito por":"Marina Miranda","Est. tempo de leitura":"7 minutos"},"schema":{"@context":"https:\/\/schema.org","@graph":[{"@type":"Article","@id":"https:\/\/www.codental.com.br\/blog\/doencas-na-gengiva-tudo-sobre-as-principais-doencas\/#article","isPartOf":{"@id":"https:\/\/www.codental.com.br\/blog\/doencas-na-gengiva-tudo-sobre-as-principais-doencas\/"},"author":{"name":"Marina Miranda","@id":"https:\/\/www.codental.com.br\/blog\/#\/schema\/person\/7e61c07141bee2df26e64b132b1624d7"},"headline":"Doen\u00e7as na gengiva: tudo sobre as principais doen\u00e7as","datePublished":"2023-09-04T20:00:00+00:00","mainEntityOfPage":{"@id":"https:\/\/www.codental.com.br\/blog\/doencas-na-gengiva-tudo-sobre-as-principais-doencas\/"},"wordCount":1168,"commentCount":0,"publisher":{"@id":"https:\/\/www.codental.com.br\/blog\/#organization"},"image":{"@id":"https:\/\/www.codental.com.br\/blog\/doencas-na-gengiva-tudo-sobre-as-principais-doencas\/#primaryimage"},"thumbnailUrl":"https:\/\/www.codental.com.br\/blog\/wp-content\/uploads\/2023\/09\/doencas-na-gengiva-1.jpg","keywords":["Gengivite","periodontite"],"articleSection":["Doen\u00e7as odontol\u00f3gicas"],"inLanguage":"pt-BR","potentialAction":[{"@type":"CommentAction","name":"Comment","target":["https:\/\/www.codental.com.br\/blog\/doencas-na-gengiva-tudo-sobre-as-principais-doencas\/#respond"]}]},{"@type":"WebPage","@id":"https:\/\/www.codental.com.br\/blog\/doencas-na-gengiva-tudo-sobre-as-principais-doencas\/","url":"https:\/\/www.codental.com.br\/blog\/doencas-na-gengiva-tudo-sobre-as-principais-doencas\/","name":"Doen\u00e7as na gengiva: tudo sobre as principais doen\u00e7as","isPartOf":{"@id":"https:\/\/www.codental.com.br\/blog\/#website"},"primaryImageOfPage":{"@id":"https:\/\/www.codental.com.br\/blog\/doencas-na-gengiva-tudo-sobre-as-principais-doencas\/#primaryimage"},"image":{"@id":"https:\/\/www.codental.com.br\/blog\/doencas-na-gengiva-tudo-sobre-as-principais-doencas\/#primaryimage"},"thumbnailUrl":"https:\/\/www.codental.com.br\/blog\/wp-content\/uploads\/2023\/09\/doencas-na-gengiva-1.jpg","datePublished":"2023-09-04T20:00:00+00:00","description":"Doen\u00e7as na gengiva causam muito desconforto e, se n\u00e3o tratadas, podem ocasionar perda dos dentes. Saiba os principais sintomas e tratamentos.","breadcrumb":{"@id":"https:\/\/www.codental.com.br\/blog\/doencas-na-gengiva-tudo-sobre-as-principais-doencas\/#breadcrumb"},"inLanguage":"pt-BR","potentialAction":[{"@type":"ReadAction","target":["https:\/\/www.codental.com.br\/blog\/doencas-na-gengiva-tudo-sobre-as-principais-doencas\/"]}]},{"@type":"ImageObject","inLanguage":"pt-BR","@id":"https:\/\/www.codental.com.br\/blog\/doencas-na-gengiva-tudo-sobre-as-principais-doencas\/#primaryimage","url":"https:\/\/www.codental.com.br\/blog\/wp-content\/uploads\/2023\/09\/doencas-na-gengiva-1.jpg","contentUrl":"https:\/\/www.codental.com.br\/blog\/wp-content\/uploads\/2023\/09\/doencas-na-gengiva-1.jpg","width":1010,"height":550,"caption":"Doen\u00e7as na gengiva"},{"@type":"BreadcrumbList","@id":"https:\/\/www.codental.com.br\/blog\/doencas-na-gengiva-tudo-sobre-as-principais-doencas\/#breadcrumb","itemListElement":[{"@type":"ListItem","position":1,"name":"In\u00edcio","item":"https:\/\/www.codental.com.br\/blog\/"},{"@type":"ListItem","position":2,"name":"Doen\u00e7as na gengiva: tudo sobre as principais doen\u00e7as"}]},{"@type":"WebSite","@id":"https:\/\/www.codental.com.br\/blog\/#website","url":"https:\/\/www.codental.com.br\/blog\/","name":"Codental Blog","description":"Artigos e not\u00edcias sobre odontologia","publisher":{"@id":"https:\/\/www.codental.com.br\/blog\/#organization"},"potentialAction":[{"@type":"SearchAction","target":{"@type":"EntryPoint","urlTemplate":"https:\/\/www.codental.com.br\/blog\/?s={search_term_string}"},"query-input":{"@type":"PropertyValueSpecification","valueRequired":true,"valueName":"search_term_string"}}],"inLanguage":"pt-BR"},{"@type":"Organization","@id":"https:\/\/www.codental.com.br\/blog\/#organization","name":"Codental","url":"https:\/\/codental.com.br\/","logo":{"@type":"ImageObject","inLanguage":"pt-BR","@id":"https:\/\/www.codental.com.br\/blog\/#\/schema\/logo\/image\/","url":"https:\/\/www.codental.com.br\/blog\/wp-content\/uploads\/2018\/10\/logo.png","contentUrl":"https:\/\/www.codental.com.br\/blog\/wp-content\/uploads\/2018\/10\/logo.png","width":1200,"height":300,"caption":"Codental"},"image":{"@id":"https:\/\/www.codental.com.br\/blog\/#\/schema\/logo\/image\/"},"sameAs":["http:\/\/www.facebook.com\/codentalbr","https:\/\/x.com\/CodentalBr","https:\/\/www.instagram.com\/codentalbr\/"]},{"@type":"Person","@id":"https:\/\/www.codental.com.br\/blog\/#\/schema\/person\/7e61c07141bee2df26e64b132b1624d7","name":"Marina Miranda","image":{"@type":"ImageObject","inLanguage":"pt-BR","@id":"https:\/\/www.codental.com.br\/blog\/wp-content\/uploads\/2022\/11\/WhatsApp-Image-2022-11-08-at-18.48.00-343x240.jpeg","url":"https:\/\/www.codental.com.br\/blog\/wp-content\/uploads\/2022\/11\/WhatsApp-Image-2022-11-08-at-18.48.00-343x240.jpeg","contentUrl":"https:\/\/www.codental.com.br\/blog\/wp-content\/uploads\/2022\/11\/WhatsApp-Image-2022-11-08-at-18.48.00-343x240.jpeg","caption":"Marina Miranda"},"description":"Juizforana, 22 anos. Estudante, apaixonada por leitura e viciada em filmes de com\u00e9dia rom\u00e2ntica, quanto mais clich\u00ea melhor, e por esportes. Fui atleta desde pequena, o que me fez crescer super determinada e focada. Meu objetivo de vida \u00e9 retribuir aos meus pais tudo que me ofereceram.","url":"https:\/\/www.codental.com.br\/blog\/author\/marina\/"}]}},"_links":{"self":[{"href":"https:\/\/www.codental.com.br\/blog\/wp-json\/wp\/v2\/posts\/4219","targetHints":{"allow":["GET"]}}],"collection":[{"href":"https:\/\/www.codental.com.br\/blog\/wp-json\/wp\/v2\/posts"}],"about":[{"href":"https:\/\/www.codental.com.br\/blog\/wp-json\/wp\/v2\/types\/post"}],"author":[{"embeddable":true,"href":"https:\/\/www.codental.com.br\/blog\/wp-json\/wp\/v2\/users\/27"}],"replies":[{"embeddable":true,"href":"https:\/\/www.codental.com.br\/blog\/wp-json\/wp\/v2\/comments?post=4219"}],"version-history":[{"count":3,"href":"https:\/\/www.codental.com.br\/blog\/wp-json\/wp\/v2\/posts\/4219\/revisions"}],"predecessor-version":[{"id":4336,"href":"https:\/\/www.codental.com.br\/blog\/wp-json\/wp\/v2\/posts\/4219\/revisions\/4336"}],"wp:featuredmedia":[{"embeddable":true,"href":"https:\/\/www.codental.com.br\/blog\/wp-json\/wp\/v2\/media\/4332"}],"wp:attachment":[{"href":"https:\/\/www.codental.com.br\/blog\/wp-json\/wp\/v2\/media?parent=4219"}],"wp:term":[{"taxonomy":"category","embeddable":true,"href":"https:\/\/www.codental.com.br\/blog\/wp-json\/wp\/v2\/categories?post=4219"},{"taxonomy":"post_tag","embeddable":true,"href":"https:\/\/www.codental.com.br\/blog\/wp-json\/wp\/v2\/tags?post=4219"}],"curies":[{"name":"wp","href":"https:\/\/api.w.org\/{rel}","templated":true}]}}