{"id":4195,"date":"2023-09-06T17:00:00","date_gmt":"2023-09-06T20:00:00","guid":{"rendered":"https:\/\/www.codental.com.br\/blog\/?p=4195"},"modified":"2023-09-04T07:46:33","modified_gmt":"2023-09-04T10:46:33","slug":"feridas-na-boca-entenda-tudo-sobre","status":"publish","type":"post","link":"https:\/\/www.codental.com.br\/blog\/feridas-na-boca-entenda-tudo-sobre\/","title":{"rendered":"Feridas na boca: entenda tudo sobre"},"content":{"rendered":"\n<p>A forma\u00e7\u00e3o de<strong> feridas na boca<\/strong> pode significar v\u00e1rios problemas bucais que possuem diferentes origens. Uma das consequ\u00eancias principais dessas les\u00f5es \u00e9 a <strong>dificuldade no momento de se alimentar.\u00a0<\/strong><\/p>\n\n\n\n<p>Portanto, o paciente ao comer passa a sentir um inc\u00f4modo imenso, pois mesmo que o contato com a les\u00e3o seja m\u00ednima, ainda, sim, ele sentir\u00e1 dor. <\/p>\n\n\n\n<p>Al\u00e9m disso, para evitar que a les\u00e3o fique ainda maior, \u00e9 fundamental<strong> redobrar os cuidados principalmente em rela\u00e7\u00e3o \u00e0 higiene oral,<\/strong> o que evita complica\u00e7\u00f5es futuras.<\/p>\n\n\n\n<p>Vamos te explicar melhor quais s\u00e3o as poss\u00edveis causas desses ferimentos nos seus pacientes, veja:<\/p>\n\n\n\n<h2 class=\"wp-block-heading\">Como \u00e9 o c\u00e9u da boca?<\/h2>\n\n\n\n<p>Palato \u00e9 o nome que damos ao \u201cc\u00e9u da boca\u201d, que basicamente \u00e9 o \u201cteto\u201d da nossa cavidade oral. Ele \u00e9 dividido em duas partes: <strong>palato duro <\/strong>(parte \u00f3ssea anterior) e<strong> palato mole<\/strong> (parte mole posterior) \u00e9 o que separa cavidade oral da cavidade nasal.<\/p>\n\n\n\n<p>Al\u00e9m de fazer essa divis\u00e3o, <strong>o c\u00e9u da boca tem como principal fun\u00e7\u00e3o a de proteger a cavidade oral. <\/strong>Desse jeito, ele auxilia tamb\u00e9m na hora de engolir os alimentos e fala, participando assim de outros sistemas do corpo humano.<\/p>\n\n\n\n<p>Dessa forma, por contribuir e fazer parte do processo de degluti\u00e7\u00e3o, pode acontecer de aparecer algumas feridas no c\u00e9u da boca. S\u00e3o essas feridas que dificultam na hora de se alimentar, <strong>o que causa extremo desconforto ao paciente.<\/strong><\/p>\n\n\n\n<h2 class=\"wp-block-heading\">O que causa \u00e0s feridas na boca?<\/h2>\n\n\n\n<p>Existem diversas causas para feridas na boca. Em <strong>pacientes que utilizam pr\u00f3teses, por exemplo, quando elas est\u00e3o mal adaptadas, geralmente causam ferimentos.<\/strong>\u00a0<\/p>\n\n\n\n<p>J\u00e1 em pacientes que n\u00e3o fazem uso de pr\u00f3teses, o<strong> problema pode ser causado por baixa imunidade (feridas como aftas e \u00falceras), problemas estomacais, como estomatite, gastrite e \u00falcera g\u00e1strica.<\/strong> Portanto, s\u00e3o diversos os fatores que podem causar feridas na boca, podendo ser tanto por doen\u00e7as quanto por les\u00f5es mec\u00e2nicas.<\/p>\n\n\n\n<p>Desse modo, as<strong> principais causas das feridas na boca s\u00e3o:<\/strong><\/p>\n\n\n\n<h3 class=\"wp-block-heading\">\u00dalceras bucais<\/h3>\n\n\n\n<p>Tamb\u00e9m conhecidas como<strong> aftas ou estomatite aftosa<\/strong>, as \u00falceras bucais podem provocar feridas no c\u00e9u da boca.<\/p>\n\n\n\n<p>Por\u00e9m, al\u00e9m do c\u00e9u da boca, as aftas podem atingir qualquer regi\u00e3o da mucosa bucal, como, por exemplo, a l\u00edngua, gengivas e at\u00e9 mesmo a garganta.<\/p>\n\n\n\n<p>Desse modo, o inc\u00f4modo gerado pelas aftas pode variar conforme o n\u00famero de aftas presentes na boca do paciente, visto que ele pode apresentar uma ou v\u00e1rias.<\/p>\n\n\n\n<p>Al\u00e9m disso, as aftas tamb\u00e9m podem aparecer devido a outras doen\u00e7as, como, por exemplo, a amigdalite, que se identifica por \u201cestourar\u201d toda a boca.<\/p>\n\n\n\n<p>Sendo assim, independente da quantidade, a afta \u00e9 respons\u00e1vel por afetar o apetite do paciente. Isso corre devido a um desconforto gerado por sua presen\u00e7a, que se intensifica ao ingerir alimentos \u00e1cidos.<\/p>\n\n\n\n<p>N\u00e3o h\u00e1 um exame cl\u00ednico que possa identificar o surgimento desse problema, o pr\u00f3prio paciente pode identificar a presen\u00e7a da afta.<\/p>\n\n\n\n<h3 class=\"wp-block-heading\">Mucocele<\/h3>\n\n\n\n<p>Tamb\u00e9m conhecida como<strong> cisto benigno<\/strong>, ela pode aparecer na regi\u00e3o da boca, l\u00edngua, bochecha ou c\u00e9u da boca.<\/p>\n\n\n\n<p>A <a href=\"https:\/\/www.codental.com.br\/blog\/mucocele-saiba-tudo-sobre-o-problema\/?utm_source=blog&utm_medium=referral&utm_content=feridas-na-boca-entenda-tudo-sobre\">mucocele<\/a> pode acontecer devido a algum impacto, h\u00e1bitos disfuncionais como ficar mordendo repetitivamente os l\u00e1bios e bochechas ou ac\u00famulo de l\u00edquido de alguma gl\u00e2ndula salivar. Al\u00e9m disso, ela pode ou n\u00e3o vir acompanhada de feridas no c\u00e9u da boca, ou outra regi\u00e3o a qual ela tenha afetado.<\/p>\n\n\n\n<p>Essa condi\u00e7\u00e3o n\u00e3o \u00e9 contagiosa e assim como a afta ela regride naturalmente. Ou seja, ela se cura sozinha, por\u00e9m em alguns casos o dentista pode realizar uma pequena cirurgia para remov\u00ea-la.<\/p>\n\n\n\n<h3 class=\"wp-block-heading\">Queimaduras<\/h3>\n\n\n\n<p>As queimaduras s\u00e3o uma das causas mais comuns que geram as feridas na boca, e todas as pessoas podem ter uma les\u00e3o por queimadura.<\/p>\n\n\n\n<p>Ou seja,\u00a0qualquer tipo de pessoa est\u00e1 sujeita a queimar a boca com algum alimento ou bebida mais quentes.<\/p>\n\n\n\n<p>Por\u00e9m, esse tipo de ferida no c\u00e9u da boca n\u00e3o necessita de medicamentos, visto que geralmente a recupera\u00e7\u00e3o desse tipo de ferimento acontece num per\u00edodo de at\u00e9 uma semana.<\/p>\n\n\n\n<h3 class=\"wp-block-heading\">C\u00e2ncer bucal<\/h3>\n\n\n\n<p>Apesar de a maioria das feridas na boca serem sintomas de situa\u00e7\u00f5es inofensivas, como aftas e queimaduras, em alguns casos as les\u00f5es podem significar s\u00e9rios problemas.<\/p>\n\n\n\n<p>Sendo assim, caso haja a presen\u00e7a de feridas no c\u00e9u da boca que n\u00e3o cicatrizam mesmo ap\u00f3s um per\u00edodo de duas semanas, sendo o tempo m\u00e9dio de recupera\u00e7\u00e3o das les\u00f5es bucais, deve-se procurar avaliar a les\u00e3o e tentar identificar o motivo da presen\u00e7a dela.<\/p>\n\n\n\n<p>Portanto, existe a possibilidade de ela ser derivada de um c\u00e2ncer bucal. Caso seja constatado o c\u00e2ncer bucal, o tratamento deve-se iniciar de forma adequada o mais r\u00e1pido poss\u00edvel para que as chances de cura sejam maiores.<\/p>\n\n\n\n<h3 class=\"wp-block-heading\">Herpes labial<\/h3>\n\n\n\n<p>Feridas no c\u00e9u da boca, principalmente aquelas que demoram um tempo a mais para cicatrizar, podem ser, eventualmente, <a href=\"https:\/\/www.scielo.br\/j\/dpress\/a\/sSw9XQ6DHqCQMJv5nFBpPLp\/?format=pdf&amp;lang=pt\">herpes labial<\/a>. Uma les\u00e3o comum causada pelo v\u00edrus do herpes simples, o herpes labial ocorre geralmente nos l\u00e1bios, mas h\u00e1 casos em que a doen\u00e7a pode ocorrer no palato duro.&nbsp;<\/p>\n\n\n\n<p>Essas feridas se manifestam como bolhas dolorosas e cheias de l\u00edquido, que posteriormente se rompem e formam crostas.<\/p>\n\n\n\n<p>O herpes labial costuma formar crostas quatro dias ap\u00f3s o aparecimento e cicatrizam completamente ap\u00f3s oito a dez dias.<\/p>\n\n\n\n<h3 class=\"wp-block-heading\">Gengivite<\/h3>\n\n\n\n<p><a href=\"https:\/\/www.codental.com.br\/blog\/gengivite-tratamento-e-muito-mais-sobre-essa-doenca\/?utm_source=blog&utm_medium=referral&utm_content=feridas-na-boca-entenda-tudo-sobre\">Gengivite<\/a> ou gengiva inflamada acontece quando h\u00e1 ac\u00famulo da placa bacteriana (restos de alimentos que podem ficar nos dentes ap\u00f3s as refei\u00e7\u00f5es) e bact\u00e9rias.<\/p>\n\n\n\n<p>A gengivite \u00e9 uma das principais doen\u00e7as periodontais. Seus sintomas incluem vermelhid\u00e3o, incha\u00e7o e sangramento e, em casos mais graves, les\u00f5es na boca.<\/p>\n\n\n\n<h2 class=\"wp-block-heading\">Quais os sintomas das feridas na boca?<\/h2>\n\n\n\n<p>Al\u00e9m da dor e inc\u00f4modo, \u00e9 poss\u00edvel que outros\u00a0sintomas apare\u00e7am em alguns pacientes,<strong> como vermelhid\u00e3o, incha\u00e7o e dor,<\/strong> principalmente quando algo toca na regi\u00e3o ferida.<\/p>\n\n\n\n<p>Em outros casos, \u00e9 poss\u00edvel que essas feridas que originam no c\u00e9u da boca geram uma <strong>sensa\u00e7\u00e3o de queima\u00e7\u00e3o ou formigamento. <\/strong>Al\u00e9m disso, dependendo da gravidade do problema, \u00e9 poss\u00edvel haver tamb\u00e9m <strong>dificuldade para conversar e se alimentar.<\/strong><\/p>\n\n\n\n<p>Agora, se as feridas apresentarem aspectos como<strong> bolhas, manchas, sangramento, les\u00f5es com mais de um cent\u00edmetro de di\u00e2metro, erup\u00e7\u00f5es cut\u00e2neas, dores nas articula\u00e7\u00f5es ou febre<\/strong>, \u00e9 indicado que sejam feitas avalia\u00e7\u00f5es para descobrir a causa exata do problema e realizar o tratamento adequado o\u00a0mais r\u00e1pido poss\u00edvel.\u00a0<\/p>\n\n\n\n<h2 class=\"wp-block-heading\">Como evitar \u00e0s feridas na boca?<\/h2>\n\n\n\n<p>Quando falamos sobre preven\u00e7\u00e3o, \u00e9 essencial mudar alguns h\u00e1bitos no dia a dia. Uma das formas de prevenir as les\u00f5es \u00e9 a indica\u00e7\u00e3o de <strong>evitar alimentos muito \u00e1cidos e duros<\/strong>, j\u00e1 que esse alimentos podem ferir a mucosa bucal.<\/p>\n\n\n\n<p>Al\u00e9m disso, a m\u00e1 higiene bucal pode causar o aparecimento de c\u00e1ries, e \u00e9 poss\u00edvel que os dentes atingidos lesionem a mucosa. Portanto, \u00e9 fundamental falar com seu paciente sobre <strong>a import\u00e2ncia da escova\u00e7\u00e3o e do uso do fio dental ap\u00f3s todas as refei\u00e7\u00f5es.<\/strong><\/p>\n","protected":false},"excerpt":{"rendered":"<p>A forma\u00e7\u00e3o de feridas na boca pode significar v\u00e1rios problemas bucais que possuem diferentes&#8230;<\/p>\n","protected":false},"author":28,"featured_media":4337,"comment_status":"open","ping_status":"closed","sticky":false,"template":"","format":"standard","meta":{"_target_audience":"","footnotes":""},"categories":[247],"tags":[523,490],"class_list":["post-4195","post","type-post","status-publish","format-standard","has-post-thumbnail","hentry","category-doencas-odontologicas","tag-feridas-na-boca","tag-feridas-no-ceu-da-boca"],"yoast_head":"<!-- This site is optimized with the Yoast SEO plugin v27.2 - https:\/\/yoast.com\/product\/yoast-seo-wordpress\/ -->\n<title>Feridas na boca: entenda tudo sobre<\/title>\n<meta name=\"description\" content=\"Conhe\u00e7a quais as poss\u00edveis causas das feridas no c\u00e9u da boca, quais os sintomas que podem aparecer e como evitar essas feridas.\" \/>\n<meta name=\"robots\" content=\"index, follow, max-snippet:-1, max-image-preview:large, max-video-preview:-1\" \/>\n<link rel=\"canonical\" href=\"https:\/\/www.codental.com.br\/blog\/feridas-na-boca-entenda-tudo-sobre\/\" \/>\n<meta property=\"og:locale\" content=\"pt_BR\" \/>\n<meta property=\"og:type\" content=\"article\" \/>\n<meta property=\"og:title\" content=\"Feridas na boca: entenda tudo sobre\" \/>\n<meta property=\"og:description\" content=\"Conhe\u00e7a quais as poss\u00edveis causas das feridas no c\u00e9u da boca, quais os sintomas que podem aparecer e como evitar essas feridas.\" \/>\n<meta property=\"og:url\" content=\"https:\/\/www.codental.com.br\/blog\/feridas-na-boca-entenda-tudo-sobre\/\" \/>\n<meta property=\"og:site_name\" content=\"Codental Blog\" \/>\n<meta property=\"article:publisher\" content=\"http:\/\/www.facebook.com\/codentalbr\" \/>\n<meta property=\"article:published_time\" content=\"2023-09-06T20:00:00+00:00\" \/>\n<meta property=\"og:image\" content=\"https:\/\/www.codental.com.br\/blog\/wp-content\/uploads\/2023\/07\/Feridas-no-ceu-da-boca-2.jpg\" \/>\n\t<meta property=\"og:image:width\" content=\"1010\" \/>\n\t<meta property=\"og:image:height\" content=\"550\" \/>\n\t<meta property=\"og:image:type\" content=\"image\/jpeg\" \/>\n<meta name=\"author\" content=\"Lorena Garcia\" \/>\n<meta name=\"twitter:card\" content=\"summary_large_image\" \/>\n<meta name=\"twitter:creator\" content=\"@CodentalBr\" \/>\n<meta name=\"twitter:site\" content=\"@CodentalBr\" \/>\n<meta name=\"twitter:label1\" content=\"Escrito por\" \/>\n\t<meta name=\"twitter:data1\" content=\"Lorena Garcia\" \/>\n\t<meta name=\"twitter:label2\" content=\"Est. tempo de leitura\" \/>\n\t<meta name=\"twitter:data2\" content=\"6 minutos\" \/>\n<script type=\"application\/ld+json\" class=\"yoast-schema-graph\">{\"@context\":\"https:\/\/schema.org\",\"@graph\":[{\"@type\":\"Article\",\"@id\":\"https:\/\/www.codental.com.br\/blog\/feridas-na-boca-entenda-tudo-sobre\/#article\",\"isPartOf\":{\"@id\":\"https:\/\/www.codental.com.br\/blog\/feridas-na-boca-entenda-tudo-sobre\/\"},\"author\":{\"name\":\"Lorena Garcia\",\"@id\":\"https:\/\/www.codental.com.br\/blog\/#\/schema\/person\/4e49f1ff3ee1f08edfa3f4f8098ce5c2\"},\"headline\":\"Feridas na boca: entenda tudo sobre\",\"datePublished\":\"2023-09-06T20:00:00+00:00\",\"mainEntityOfPage\":{\"@id\":\"https:\/\/www.codental.com.br\/blog\/feridas-na-boca-entenda-tudo-sobre\/\"},\"wordCount\":1218,\"commentCount\":0,\"publisher\":{\"@id\":\"https:\/\/www.codental.com.br\/blog\/#organization\"},\"image\":{\"@id\":\"https:\/\/www.codental.com.br\/blog\/feridas-na-boca-entenda-tudo-sobre\/#primaryimage\"},\"thumbnailUrl\":\"https:\/\/www.codental.com.br\/blog\/wp-content\/uploads\/2023\/07\/Feridas-no-ceu-da-boca-2.jpg\",\"keywords\":[\"Feridas na boca\",\"Feridas no c\u00e9u da boca\"],\"articleSection\":[\"Doen\u00e7as odontol\u00f3gicas\"],\"inLanguage\":\"pt-BR\",\"potentialAction\":[{\"@type\":\"CommentAction\",\"name\":\"Comment\",\"target\":[\"https:\/\/www.codental.com.br\/blog\/feridas-na-boca-entenda-tudo-sobre\/#respond\"]}]},{\"@type\":\"WebPage\",\"@id\":\"https:\/\/www.codental.com.br\/blog\/feridas-na-boca-entenda-tudo-sobre\/\",\"url\":\"https:\/\/www.codental.com.br\/blog\/feridas-na-boca-entenda-tudo-sobre\/\",\"name\":\"Feridas na boca: entenda tudo sobre\",\"isPartOf\":{\"@id\":\"https:\/\/www.codental.com.br\/blog\/#website\"},\"primaryImageOfPage\":{\"@id\":\"https:\/\/www.codental.com.br\/blog\/feridas-na-boca-entenda-tudo-sobre\/#primaryimage\"},\"image\":{\"@id\":\"https:\/\/www.codental.com.br\/blog\/feridas-na-boca-entenda-tudo-sobre\/#primaryimage\"},\"thumbnailUrl\":\"https:\/\/www.codental.com.br\/blog\/wp-content\/uploads\/2023\/07\/Feridas-no-ceu-da-boca-2.jpg\",\"datePublished\":\"2023-09-06T20:00:00+00:00\",\"description\":\"Conhe\u00e7a quais as poss\u00edveis causas das feridas no c\u00e9u da boca, quais os sintomas que podem aparecer e como evitar essas feridas.\",\"breadcrumb\":{\"@id\":\"https:\/\/www.codental.com.br\/blog\/feridas-na-boca-entenda-tudo-sobre\/#breadcrumb\"},\"inLanguage\":\"pt-BR\",\"potentialAction\":[{\"@type\":\"ReadAction\",\"target\":[\"https:\/\/www.codental.com.br\/blog\/feridas-na-boca-entenda-tudo-sobre\/\"]}]},{\"@type\":\"ImageObject\",\"inLanguage\":\"pt-BR\",\"@id\":\"https:\/\/www.codental.com.br\/blog\/feridas-na-boca-entenda-tudo-sobre\/#primaryimage\",\"url\":\"https:\/\/www.codental.com.br\/blog\/wp-content\/uploads\/2023\/07\/Feridas-no-ceu-da-boca-2.jpg\",\"contentUrl\":\"https:\/\/www.codental.com.br\/blog\/wp-content\/uploads\/2023\/07\/Feridas-no-ceu-da-boca-2.jpg\",\"width\":1010,\"height\":550,\"caption\":\"Feridas no c\u00e9u da boca\"},{\"@type\":\"BreadcrumbList\",\"@id\":\"https:\/\/www.codental.com.br\/blog\/feridas-na-boca-entenda-tudo-sobre\/#breadcrumb\",\"itemListElement\":[{\"@type\":\"ListItem\",\"position\":1,\"name\":\"In\u00edcio\",\"item\":\"https:\/\/www.codental.com.br\/blog\/\"},{\"@type\":\"ListItem\",\"position\":2,\"name\":\"Feridas na boca: entenda tudo sobre\"}]},{\"@type\":\"WebSite\",\"@id\":\"https:\/\/www.codental.com.br\/blog\/#website\",\"url\":\"https:\/\/www.codental.com.br\/blog\/\",\"name\":\"Codental Blog\",\"description\":\"Artigos e not\u00edcias sobre odontologia\",\"publisher\":{\"@id\":\"https:\/\/www.codental.com.br\/blog\/#organization\"},\"potentialAction\":[{\"@type\":\"SearchAction\",\"target\":{\"@type\":\"EntryPoint\",\"urlTemplate\":\"https:\/\/www.codental.com.br\/blog\/?s={search_term_string}\"},\"query-input\":{\"@type\":\"PropertyValueSpecification\",\"valueRequired\":true,\"valueName\":\"search_term_string\"}}],\"inLanguage\":\"pt-BR\"},{\"@type\":\"Organization\",\"@id\":\"https:\/\/www.codental.com.br\/blog\/#organization\",\"name\":\"Codental\",\"url\":\"https:\/\/codental.com.br\/\",\"logo\":{\"@type\":\"ImageObject\",\"inLanguage\":\"pt-BR\",\"@id\":\"https:\/\/www.codental.com.br\/blog\/#\/schema\/logo\/image\/\",\"url\":\"https:\/\/www.codental.com.br\/blog\/wp-content\/uploads\/2018\/10\/logo.png\",\"contentUrl\":\"https:\/\/www.codental.com.br\/blog\/wp-content\/uploads\/2018\/10\/logo.png\",\"width\":1200,\"height\":300,\"caption\":\"Codental\"},\"image\":{\"@id\":\"https:\/\/www.codental.com.br\/blog\/#\/schema\/logo\/image\/\"},\"sameAs\":[\"http:\/\/www.facebook.com\/codentalbr\",\"https:\/\/x.com\/CodentalBr\",\"https:\/\/www.instagram.com\/codentalbr\/\"]},{\"@type\":\"Person\",\"@id\":\"https:\/\/www.codental.com.br\/blog\/#\/schema\/person\/4e49f1ff3ee1f08edfa3f4f8098ce5c2\",\"name\":\"Lorena Garcia\",\"image\":{\"@type\":\"ImageObject\",\"inLanguage\":\"pt-BR\",\"@id\":\"https:\/\/www.codental.com.br\/blog\/wp-content\/uploads\/2022\/12\/WhatsApp-Image-2022-12-07-at-18.54.11-240x240.jpeg\",\"url\":\"https:\/\/www.codental.com.br\/blog\/wp-content\/uploads\/2022\/12\/WhatsApp-Image-2022-12-07-at-18.54.11-240x240.jpeg\",\"contentUrl\":\"https:\/\/www.codental.com.br\/blog\/wp-content\/uploads\/2022\/12\/WhatsApp-Image-2022-12-07-at-18.54.11-240x240.jpeg\",\"caption\":\"Lorena Garcia\"},\"url\":\"https:\/\/www.codental.com.br\/blog\/author\/lorena\/\"}]}<\/script>\n<!-- \/ Yoast SEO plugin. -->","yoast_head_json":{"title":"Feridas na boca: entenda tudo sobre","description":"Conhe\u00e7a quais as poss\u00edveis causas das feridas no c\u00e9u da boca, quais os sintomas que podem aparecer e como evitar essas feridas.","robots":{"index":"index","follow":"follow","max-snippet":"max-snippet:-1","max-image-preview":"max-image-preview:large","max-video-preview":"max-video-preview:-1"},"canonical":"https:\/\/www.codental.com.br\/blog\/feridas-na-boca-entenda-tudo-sobre\/","og_locale":"pt_BR","og_type":"article","og_title":"Feridas na boca: entenda tudo sobre","og_description":"Conhe\u00e7a quais as poss\u00edveis causas das feridas no c\u00e9u da boca, quais os sintomas que podem aparecer e como evitar essas feridas.","og_url":"https:\/\/www.codental.com.br\/blog\/feridas-na-boca-entenda-tudo-sobre\/","og_site_name":"Codental Blog","article_publisher":"http:\/\/www.facebook.com\/codentalbr","article_published_time":"2023-09-06T20:00:00+00:00","og_image":[{"width":1010,"height":550,"url":"https:\/\/www.codental.com.br\/blog\/wp-content\/uploads\/2023\/07\/Feridas-no-ceu-da-boca-2.jpg","type":"image\/jpeg"}],"author":"Lorena Garcia","twitter_card":"summary_large_image","twitter_creator":"@CodentalBr","twitter_site":"@CodentalBr","twitter_misc":{"Escrito por":"Lorena Garcia","Est. tempo de leitura":"6 minutos"},"schema":{"@context":"https:\/\/schema.org","@graph":[{"@type":"Article","@id":"https:\/\/www.codental.com.br\/blog\/feridas-na-boca-entenda-tudo-sobre\/#article","isPartOf":{"@id":"https:\/\/www.codental.com.br\/blog\/feridas-na-boca-entenda-tudo-sobre\/"},"author":{"name":"Lorena Garcia","@id":"https:\/\/www.codental.com.br\/blog\/#\/schema\/person\/4e49f1ff3ee1f08edfa3f4f8098ce5c2"},"headline":"Feridas na boca: entenda tudo sobre","datePublished":"2023-09-06T20:00:00+00:00","mainEntityOfPage":{"@id":"https:\/\/www.codental.com.br\/blog\/feridas-na-boca-entenda-tudo-sobre\/"},"wordCount":1218,"commentCount":0,"publisher":{"@id":"https:\/\/www.codental.com.br\/blog\/#organization"},"image":{"@id":"https:\/\/www.codental.com.br\/blog\/feridas-na-boca-entenda-tudo-sobre\/#primaryimage"},"thumbnailUrl":"https:\/\/www.codental.com.br\/blog\/wp-content\/uploads\/2023\/07\/Feridas-no-ceu-da-boca-2.jpg","keywords":["Feridas na boca","Feridas no c\u00e9u da boca"],"articleSection":["Doen\u00e7as odontol\u00f3gicas"],"inLanguage":"pt-BR","potentialAction":[{"@type":"CommentAction","name":"Comment","target":["https:\/\/www.codental.com.br\/blog\/feridas-na-boca-entenda-tudo-sobre\/#respond"]}]},{"@type":"WebPage","@id":"https:\/\/www.codental.com.br\/blog\/feridas-na-boca-entenda-tudo-sobre\/","url":"https:\/\/www.codental.com.br\/blog\/feridas-na-boca-entenda-tudo-sobre\/","name":"Feridas na boca: entenda tudo sobre","isPartOf":{"@id":"https:\/\/www.codental.com.br\/blog\/#website"},"primaryImageOfPage":{"@id":"https:\/\/www.codental.com.br\/blog\/feridas-na-boca-entenda-tudo-sobre\/#primaryimage"},"image":{"@id":"https:\/\/www.codental.com.br\/blog\/feridas-na-boca-entenda-tudo-sobre\/#primaryimage"},"thumbnailUrl":"https:\/\/www.codental.com.br\/blog\/wp-content\/uploads\/2023\/07\/Feridas-no-ceu-da-boca-2.jpg","datePublished":"2023-09-06T20:00:00+00:00","description":"Conhe\u00e7a quais as poss\u00edveis causas das feridas no c\u00e9u da boca, quais os sintomas que podem aparecer e como evitar essas feridas.","breadcrumb":{"@id":"https:\/\/www.codental.com.br\/blog\/feridas-na-boca-entenda-tudo-sobre\/#breadcrumb"},"inLanguage":"pt-BR","potentialAction":[{"@type":"ReadAction","target":["https:\/\/www.codental.com.br\/blog\/feridas-na-boca-entenda-tudo-sobre\/"]}]},{"@type":"ImageObject","inLanguage":"pt-BR","@id":"https:\/\/www.codental.com.br\/blog\/feridas-na-boca-entenda-tudo-sobre\/#primaryimage","url":"https:\/\/www.codental.com.br\/blog\/wp-content\/uploads\/2023\/07\/Feridas-no-ceu-da-boca-2.jpg","contentUrl":"https:\/\/www.codental.com.br\/blog\/wp-content\/uploads\/2023\/07\/Feridas-no-ceu-da-boca-2.jpg","width":1010,"height":550,"caption":"Feridas no c\u00e9u da boca"},{"@type":"BreadcrumbList","@id":"https:\/\/www.codental.com.br\/blog\/feridas-na-boca-entenda-tudo-sobre\/#breadcrumb","itemListElement":[{"@type":"ListItem","position":1,"name":"In\u00edcio","item":"https:\/\/www.codental.com.br\/blog\/"},{"@type":"ListItem","position":2,"name":"Feridas na boca: entenda tudo sobre"}]},{"@type":"WebSite","@id":"https:\/\/www.codental.com.br\/blog\/#website","url":"https:\/\/www.codental.com.br\/blog\/","name":"Codental Blog","description":"Artigos e not\u00edcias sobre odontologia","publisher":{"@id":"https:\/\/www.codental.com.br\/blog\/#organization"},"potentialAction":[{"@type":"SearchAction","target":{"@type":"EntryPoint","urlTemplate":"https:\/\/www.codental.com.br\/blog\/?s={search_term_string}"},"query-input":{"@type":"PropertyValueSpecification","valueRequired":true,"valueName":"search_term_string"}}],"inLanguage":"pt-BR"},{"@type":"Organization","@id":"https:\/\/www.codental.com.br\/blog\/#organization","name":"Codental","url":"https:\/\/codental.com.br\/","logo":{"@type":"ImageObject","inLanguage":"pt-BR","@id":"https:\/\/www.codental.com.br\/blog\/#\/schema\/logo\/image\/","url":"https:\/\/www.codental.com.br\/blog\/wp-content\/uploads\/2018\/10\/logo.png","contentUrl":"https:\/\/www.codental.com.br\/blog\/wp-content\/uploads\/2018\/10\/logo.png","width":1200,"height":300,"caption":"Codental"},"image":{"@id":"https:\/\/www.codental.com.br\/blog\/#\/schema\/logo\/image\/"},"sameAs":["http:\/\/www.facebook.com\/codentalbr","https:\/\/x.com\/CodentalBr","https:\/\/www.instagram.com\/codentalbr\/"]},{"@type":"Person","@id":"https:\/\/www.codental.com.br\/blog\/#\/schema\/person\/4e49f1ff3ee1f08edfa3f4f8098ce5c2","name":"Lorena Garcia","image":{"@type":"ImageObject","inLanguage":"pt-BR","@id":"https:\/\/www.codental.com.br\/blog\/wp-content\/uploads\/2022\/12\/WhatsApp-Image-2022-12-07-at-18.54.11-240x240.jpeg","url":"https:\/\/www.codental.com.br\/blog\/wp-content\/uploads\/2022\/12\/WhatsApp-Image-2022-12-07-at-18.54.11-240x240.jpeg","contentUrl":"https:\/\/www.codental.com.br\/blog\/wp-content\/uploads\/2022\/12\/WhatsApp-Image-2022-12-07-at-18.54.11-240x240.jpeg","caption":"Lorena Garcia"},"url":"https:\/\/www.codental.com.br\/blog\/author\/lorena\/"}]}},"_links":{"self":[{"href":"https:\/\/www.codental.com.br\/blog\/wp-json\/wp\/v2\/posts\/4195","targetHints":{"allow":["GET"]}}],"collection":[{"href":"https:\/\/www.codental.com.br\/blog\/wp-json\/wp\/v2\/posts"}],"about":[{"href":"https:\/\/www.codental.com.br\/blog\/wp-json\/wp\/v2\/types\/post"}],"author":[{"embeddable":true,"href":"https:\/\/www.codental.com.br\/blog\/wp-json\/wp\/v2\/users\/28"}],"replies":[{"embeddable":true,"href":"https:\/\/www.codental.com.br\/blog\/wp-json\/wp\/v2\/comments?post=4195"}],"version-history":[{"count":4,"href":"https:\/\/www.codental.com.br\/blog\/wp-json\/wp\/v2\/posts\/4195\/revisions"}],"predecessor-version":[{"id":4340,"href":"https:\/\/www.codental.com.br\/blog\/wp-json\/wp\/v2\/posts\/4195\/revisions\/4340"}],"wp:featuredmedia":[{"embeddable":true,"href":"https:\/\/www.codental.com.br\/blog\/wp-json\/wp\/v2\/media\/4337"}],"wp:attachment":[{"href":"https:\/\/www.codental.com.br\/blog\/wp-json\/wp\/v2\/media?parent=4195"}],"wp:term":[{"taxonomy":"category","embeddable":true,"href":"https:\/\/www.codental.com.br\/blog\/wp-json\/wp\/v2\/categories?post=4195"},{"taxonomy":"post_tag","embeddable":true,"href":"https:\/\/www.codental.com.br\/blog\/wp-json\/wp\/v2\/tags?post=4195"}],"curies":[{"name":"wp","href":"https:\/\/api.w.org\/{rel}","templated":true}]}}