{"id":3916,"date":"2023-06-18T17:00:00","date_gmt":"2023-06-18T20:00:00","guid":{"rendered":"https:\/\/www.codental.com.br\/blog\/?p=3916"},"modified":"2024-06-07T07:36:14","modified_gmt":"2024-06-07T10:36:14","slug":"feridas-no-ceu-da-boca-aprenda-tudo-sobre","status":"publish","type":"post","link":"https:\/\/www.codental.com.br\/blog\/feridas-no-ceu-da-boca-aprenda-tudo-sobre\/","title":{"rendered":"Feridas no c\u00e9u da boca: aprenda tudo sobre"},"content":{"rendered":"\n<p>As <strong>feridas no c\u00e9u da boca<\/strong> s\u00e3o uma preocupa\u00e7\u00e3o comum na pr\u00e1tica odontol\u00f3gica. Al\u00e9m dessas les\u00f5es serem desconfort\u00e1veis para os pacientes e afetar sua qualidade de vida, elas podem ser indicativas de condi\u00e7\u00f5es mais graves. Confira nesse artigo tudo sobre elas!<\/p>\n\n\n\n<h2 class=\"wp-block-heading\">Quais as causas de feridas no c\u00e9u da boca?<\/h2>\n\n\n\n<p>V\u00e1rias s\u00e3o as potenciais causas para as feridas no c\u00e9u da boca. Dentre essas les\u00f5es, podemos citar as <strong>aftas, as infec\u00e7\u00f5es f\u00fangicas, o herpes, as les\u00f5es traum\u00e1ticas, as queimaduras e o c\u00e2ncer de boca.<\/strong><\/p>\n\n\n\n<h3 class=\"wp-block-heading\">Aftas<\/h3>\n\n\n\n<p>As <a href=\"https:\/\/www.codental.com.br\/blog\/afta-saiba-tudo-sobre-essas-terriveis-lesoes\/?utm_source=blog&utm_medium=referral&utm_content=feridas-no-ceu-da-boca-aprenda-tudo-sobre\">a<strong>ftas<\/strong><\/a><strong> s\u00e3o les\u00f5es ulcerativas recorrentes<\/strong>, frequentes no c\u00e9u da boca e tamb\u00e9m conhecidas como estomatite aftosa. S\u00e3o geralmente dolorosas e, os pesquisadores acreditam, que essas les\u00f5es podem ser causadas por problemas no sistema imunol\u00f3gico, sendo desencadeadas por estresse, trauma local, altera\u00e7\u00f5es hormonais, determinados alimentos ou defici\u00eancias nutricionais. <\/p>\n\n\n\n<p>As feridas costumam causar dor por um pouco mais de uma semana, desaparecendo completamente ap\u00f3s duas semanas. Durante esse per\u00edodo, o ideal \u00e9 ingerir alimentos n\u00e3o condimentados e com pouco sal para n\u00e3o irritar as feridas. Sendo assim, a depender do caso, o dentista pode prescrever algum medicamento local com analg\u00e9sico para aplica\u00e7\u00e3o nas les\u00f5es durante a cicatriza\u00e7\u00e3o. Entretanto, caso as aftas ainda estejam presentes ap\u00f3s 2 semanas, as mesmas devem ser avaliadas por um dentista.<\/p>\n\n\n\n<h3 class=\"wp-block-heading\">Infec\u00e7\u00f5es f\u00fangicas<\/h3>\n\n\n\n<p>A candid\u00edase oral, tamb\u00e9m conhecida como monil\u00edase oral ou sapinho, \u00e9 uma infec\u00e7\u00e3o f\u00fangica provocada pelo crescimento excessivo do fungo, <em>Candida albicans<\/em>. Esse tipo de infec\u00e7\u00e3o \u00e9 mais frequente em mulheres, onde pode ser contra\u00edda pela baixa imunidade do organismo.  Sendo assim, as l<strong>es\u00f5es costumam ser brancas e dolorosas, <\/strong>por\u00e9m, em alguns casos, a boca n\u00e3o produzir\u00e1 manchas brancas, e sim les\u00f5es avermelhadas como aftas. <\/p>\n\n\n\n<h3 class=\"wp-block-heading\"><a href=\"https:\/\/www.codental.com.br\/blog\/herpes-labial-causas-sintomas-e-tratamento\/?utm_source=blog&utm_medium=referral&utm_content=feridas-no-ceu-da-boca-aprenda-tudo-sobre\">Herpes labial<\/a> <\/h3>\n\n\n\n<p>O <strong>herpes \u00e9 uma infec\u00e7\u00e3o contagiosa<\/strong>, causada pelo v\u00edrus simplex tipo 1 (HSV-1) e <strong>pode causar feridas dolorosas.<\/strong><\/p>\n\n\n\n<p> O v\u00edrus do herpes pode ser contra\u00eddo tanto por contamina\u00e7\u00e3o direta, atrav\u00e9s da saliva, quanto indireta, como utiliza\u00e7\u00e3o de objetos tais como talheres e toalhas. Portanto, essas les\u00f5es s\u00e3o altamente contagiosas e <strong>podem recorrer periodicamente<\/strong> atrav\u00e9s da reativa\u00e7\u00e3o do v\u00edrus, como imunidade baixa, exposi\u00e7\u00e3o solar intensa, per\u00edodos de estresse, infec\u00e7\u00f5es que abalam o sistema imunol\u00f3gico, dentre outros. <\/p>\n\n\n\n<p>As les\u00f5es t\u00eam formato de bolhas ou feridas na regi\u00e3o da boca e podem desaparecer em alguns dias depois do aparecimento.<\/p>\n\n\n\n<h3 class=\"wp-block-heading\">Les\u00f5es traum\u00e1ticas<\/h3>\n\n\n\n<p>Mordidas acidentais, escova\u00e7\u00e3o dental agressiva ou o uso de pr\u00f3teses mal adaptadas, podem causar feridas no c\u00e9u da boca.<\/p>\n\n\n\n<h3 class=\"wp-block-heading\">Queimaduras<\/h3>\n\n\n\n<p>O consumo de alimentos em altas temperaturas, pode causar feridas no c\u00e9u da boca.<\/p>\n\n\n\n<h3 class=\"wp-block-heading\">C\u00e2ncer de boca<\/h3>\n\n\n\n<p>As feridas no c\u00e9u da boca que <strong>n\u00e3o cicatrizaram dentro de duas semanas<\/strong> desde o seu aparecimento, devem passar por criteriosa avalia\u00e7\u00e3o. <\/p>\n\n\n\n<p>Dentre as principais causas para o aparecimento dessas les\u00f5es est\u00e1 o c\u00e2ncer de boca. Dentre os principais fatores de risco para o surgimento dessas les\u00f5es, est\u00e3o o tabagismo (cachimbo, cigarro, narguil\u00e9, charuto) e o consumo de bebidas alco\u00f3licas. Dessa maneira, o risco \u00e9 ainda maior para os que possuem os dois h\u00e1bitos.<\/p>\n\n\n\n<h2 class=\"wp-block-heading\">Como diagnosticar as feridas no c\u00e9u da boca?<\/h2>\n\n\n\n<p>O paciente com esse tipo de ferida, deve procurar um dentista para realiza\u00e7\u00e3o de uma avalia\u00e7\u00e3o cl\u00ednica das les\u00f5es e uma anamnese minuciosa contendo informa\u00e7\u00f5es sobre a sa\u00fade geral do paciente, hist\u00f3rico de les\u00f5es anteriores e quaisquer sintomas associados. <\/p>\n\n\n\n<p>Se houver necessidade, exames complementares, como bi\u00f3psia, podem ser solicitados.<br>Em casos suspeitos de infec\u00e7\u00e3o f\u00fangica, um teste de raspagem ou cultura para identificar a presen\u00e7a de <em>Candida albicans<\/em>, pode ser necess\u00e1rio.<\/p>\n\n\n\n<h2 class=\"wp-block-heading\">Qual tratamento para as feridas no c\u00e9u da boca?<\/h2>\n\n\n\n<p>O tratamento das feridas no c\u00e9u da boca, dever\u00e1 <strong>ser indicado conforme a sua causa. <\/strong> <\/p>\n\n\n\n<p>As aftas, por exemplo, desaparecem sozinhas em at\u00e9 duas semanas. Isto posto, anest\u00e9sicos t\u00f3picos podem ser prescritos para aliviar a dor e acelerar a cicatriza\u00e7\u00e3o. Entretanto, as infec\u00e7\u00f5es f\u00fangicas, necessitam de antif\u00fangicos t\u00f3picos, como nistatina ou miconazol<\/p>\n\n\n\n<p>Os pacientes com recorr\u00eancias mais frequentes de herpes, podem fazer uso precoce de antivirais. Em geral, os resultados s\u00e3o mais eficazes com a medica\u00e7\u00e3o via oral, iniciados o mais r\u00e1pido poss\u00edvel ap\u00f3s os primeiros sintomas, em rela\u00e7\u00e3o \u00e0s pomadas de uso t\u00f3pico. <\/p>\n\n\n\n<p>O aciclovir deve ser tomado por cinco dias, enquanto os novos antivirais, como valaciclovir ou fanciclovir s\u00e3o eficazes com apenas um dia de tratamento. Entretanto, ap\u00f3s 48 a 72 horas do aparecimento das les\u00f5es, n\u00e3o h\u00e1 validade de tratamento. Nesses casos, o melhor a fazer \u00e9 aguardar as les\u00f5es melhorarem espontaneamente.<\/p>\n\n\n\n<p>Pacientes que usam pr\u00f3teses, devem avaliar a adapta\u00e7\u00e3o da mesma para verificar se n\u00e3o est\u00e3o provocando algum tipo de les\u00e3o. J\u00e1 no caso de les\u00f5es por c\u00e2ncer de boca, se deve encaminhar o paciente para profissional especializado, para que o mesmo possa recomendar o melhor tratamento.<br><\/p>\n","protected":false},"excerpt":{"rendered":"<p>As feridas no c\u00e9u da boca s\u00e3o uma preocupa\u00e7\u00e3o comum na pr\u00e1tica odontol\u00f3gica. Al\u00e9m&#8230;<\/p>\n","protected":false},"author":25,"featured_media":3971,"comment_status":"closed","ping_status":"closed","sticky":false,"template":"","format":"standard","meta":{"_target_audience":"","footnotes":""},"categories":[247],"tags":[444,490],"class_list":["post-3916","post","type-post","status-publish","format-standard","has-post-thumbnail","hentry","category-doencas-odontologicas","tag-doencas-odontologicas","tag-feridas-no-ceu-da-boca"],"yoast_head":"<!-- This site is optimized with the Yoast SEO plugin v27.2 - https:\/\/yoast.com\/product\/yoast-seo-wordpress\/ -->\n<title>Feridas no c\u00e9u da boca: aprenda tudo sobre<\/title>\n<meta name=\"description\" content=\"As feridas no c\u00e9u da boca s\u00e3o uma preocupa\u00e7\u00e3o comum na pr\u00e1tica odontol\u00f3gica, desconfort\u00e1veis para os pacientes e afetando a qualidade de vida.\" \/>\n<meta name=\"robots\" content=\"index, follow, max-snippet:-1, max-image-preview:large, max-video-preview:-1\" \/>\n<link rel=\"canonical\" href=\"https:\/\/www.codental.com.br\/blog\/feridas-no-ceu-da-boca-aprenda-tudo-sobre\/\" \/>\n<meta property=\"og:locale\" content=\"pt_BR\" \/>\n<meta property=\"og:type\" content=\"article\" \/>\n<meta property=\"og:title\" content=\"Feridas no c\u00e9u da boca: aprenda tudo sobre\" \/>\n<meta property=\"og:description\" content=\"As feridas no c\u00e9u da boca s\u00e3o uma preocupa\u00e7\u00e3o comum na pr\u00e1tica odontol\u00f3gica, desconfort\u00e1veis para os pacientes e afetando a qualidade de vida.\" \/>\n<meta property=\"og:url\" content=\"https:\/\/www.codental.com.br\/blog\/feridas-no-ceu-da-boca-aprenda-tudo-sobre\/\" \/>\n<meta property=\"og:site_name\" content=\"Codental Blog\" \/>\n<meta property=\"article:publisher\" content=\"http:\/\/www.facebook.com\/codentalbr\" \/>\n<meta property=\"article:published_time\" content=\"2023-06-18T20:00:00+00:00\" \/>\n<meta property=\"article:modified_time\" content=\"2024-06-07T10:36:14+00:00\" \/>\n<meta property=\"og:image\" content=\"https:\/\/www.codental.com.br\/blog\/wp-content\/uploads\/2023\/06\/Feridas-no-ceu-da-boca.jpg\" \/>\n\t<meta property=\"og:image:width\" content=\"1010\" \/>\n\t<meta property=\"og:image:height\" content=\"550\" \/>\n\t<meta property=\"og:image:type\" content=\"image\/jpeg\" \/>\n<meta name=\"author\" content=\"Bruna\" \/>\n<meta name=\"twitter:card\" content=\"summary_large_image\" \/>\n<meta name=\"twitter:creator\" content=\"@CodentalBr\" \/>\n<meta name=\"twitter:site\" content=\"@CodentalBr\" \/>\n<meta name=\"twitter:label1\" content=\"Escrito por\" \/>\n\t<meta name=\"twitter:data1\" content=\"Bruna\" \/>\n\t<meta name=\"twitter:label2\" content=\"Est. tempo de leitura\" \/>\n\t<meta name=\"twitter:data2\" content=\"5 minutos\" \/>\n<script type=\"application\/ld+json\" class=\"yoast-schema-graph\">{\"@context\":\"https:\/\/schema.org\",\"@graph\":[{\"@type\":\"Article\",\"@id\":\"https:\/\/www.codental.com.br\/blog\/feridas-no-ceu-da-boca-aprenda-tudo-sobre\/#article\",\"isPartOf\":{\"@id\":\"https:\/\/www.codental.com.br\/blog\/feridas-no-ceu-da-boca-aprenda-tudo-sobre\/\"},\"author\":{\"name\":\"Bruna\",\"@id\":\"https:\/\/www.codental.com.br\/blog\/#\/schema\/person\/c1e8d871cebd65be4c473bb2e54403e8\"},\"headline\":\"Feridas no c\u00e9u da boca: aprenda tudo sobre\",\"datePublished\":\"2023-06-18T20:00:00+00:00\",\"dateModified\":\"2024-06-07T10:36:14+00:00\",\"mainEntityOfPage\":{\"@id\":\"https:\/\/www.codental.com.br\/blog\/feridas-no-ceu-da-boca-aprenda-tudo-sobre\/\"},\"wordCount\":893,\"publisher\":{\"@id\":\"https:\/\/www.codental.com.br\/blog\/#organization\"},\"image\":{\"@id\":\"https:\/\/www.codental.com.br\/blog\/feridas-no-ceu-da-boca-aprenda-tudo-sobre\/#primaryimage\"},\"thumbnailUrl\":\"https:\/\/www.codental.com.br\/blog\/wp-content\/uploads\/2023\/06\/Feridas-no-ceu-da-boca.jpg\",\"keywords\":[\"Doen\u00e7as odontol\u00f3gicas\",\"Feridas no c\u00e9u da boca\"],\"articleSection\":[\"Doen\u00e7as odontol\u00f3gicas\"],\"inLanguage\":\"pt-BR\"},{\"@type\":\"WebPage\",\"@id\":\"https:\/\/www.codental.com.br\/blog\/feridas-no-ceu-da-boca-aprenda-tudo-sobre\/\",\"url\":\"https:\/\/www.codental.com.br\/blog\/feridas-no-ceu-da-boca-aprenda-tudo-sobre\/\",\"name\":\"Feridas no c\u00e9u da boca: aprenda tudo sobre\",\"isPartOf\":{\"@id\":\"https:\/\/www.codental.com.br\/blog\/#website\"},\"primaryImageOfPage\":{\"@id\":\"https:\/\/www.codental.com.br\/blog\/feridas-no-ceu-da-boca-aprenda-tudo-sobre\/#primaryimage\"},\"image\":{\"@id\":\"https:\/\/www.codental.com.br\/blog\/feridas-no-ceu-da-boca-aprenda-tudo-sobre\/#primaryimage\"},\"thumbnailUrl\":\"https:\/\/www.codental.com.br\/blog\/wp-content\/uploads\/2023\/06\/Feridas-no-ceu-da-boca.jpg\",\"datePublished\":\"2023-06-18T20:00:00+00:00\",\"dateModified\":\"2024-06-07T10:36:14+00:00\",\"description\":\"As feridas no c\u00e9u da boca s\u00e3o uma preocupa\u00e7\u00e3o comum na pr\u00e1tica odontol\u00f3gica, desconfort\u00e1veis para os pacientes e afetando a qualidade de vida.\",\"breadcrumb\":{\"@id\":\"https:\/\/www.codental.com.br\/blog\/feridas-no-ceu-da-boca-aprenda-tudo-sobre\/#breadcrumb\"},\"inLanguage\":\"pt-BR\",\"potentialAction\":[{\"@type\":\"ReadAction\",\"target\":[\"https:\/\/www.codental.com.br\/blog\/feridas-no-ceu-da-boca-aprenda-tudo-sobre\/\"]}]},{\"@type\":\"ImageObject\",\"inLanguage\":\"pt-BR\",\"@id\":\"https:\/\/www.codental.com.br\/blog\/feridas-no-ceu-da-boca-aprenda-tudo-sobre\/#primaryimage\",\"url\":\"https:\/\/www.codental.com.br\/blog\/wp-content\/uploads\/2023\/06\/Feridas-no-ceu-da-boca.jpg\",\"contentUrl\":\"https:\/\/www.codental.com.br\/blog\/wp-content\/uploads\/2023\/06\/Feridas-no-ceu-da-boca.jpg\",\"width\":1010,\"height\":550,\"caption\":\"Feridas no c\u00e9u da boca\"},{\"@type\":\"BreadcrumbList\",\"@id\":\"https:\/\/www.codental.com.br\/blog\/feridas-no-ceu-da-boca-aprenda-tudo-sobre\/#breadcrumb\",\"itemListElement\":[{\"@type\":\"ListItem\",\"position\":1,\"name\":\"In\u00edcio\",\"item\":\"https:\/\/www.codental.com.br\/blog\/\"},{\"@type\":\"ListItem\",\"position\":2,\"name\":\"Feridas no c\u00e9u da boca: aprenda tudo sobre\"}]},{\"@type\":\"WebSite\",\"@id\":\"https:\/\/www.codental.com.br\/blog\/#website\",\"url\":\"https:\/\/www.codental.com.br\/blog\/\",\"name\":\"Codental Blog\",\"description\":\"Artigos e not\u00edcias sobre odontologia\",\"publisher\":{\"@id\":\"https:\/\/www.codental.com.br\/blog\/#organization\"},\"potentialAction\":[{\"@type\":\"SearchAction\",\"target\":{\"@type\":\"EntryPoint\",\"urlTemplate\":\"https:\/\/www.codental.com.br\/blog\/?s={search_term_string}\"},\"query-input\":{\"@type\":\"PropertyValueSpecification\",\"valueRequired\":true,\"valueName\":\"search_term_string\"}}],\"inLanguage\":\"pt-BR\"},{\"@type\":\"Organization\",\"@id\":\"https:\/\/www.codental.com.br\/blog\/#organization\",\"name\":\"Codental\",\"url\":\"https:\/\/codental.com.br\/\",\"logo\":{\"@type\":\"ImageObject\",\"inLanguage\":\"pt-BR\",\"@id\":\"https:\/\/www.codental.com.br\/blog\/#\/schema\/logo\/image\/\",\"url\":\"https:\/\/www.codental.com.br\/blog\/wp-content\/uploads\/2018\/10\/logo.png\",\"contentUrl\":\"https:\/\/www.codental.com.br\/blog\/wp-content\/uploads\/2018\/10\/logo.png\",\"width\":1200,\"height\":300,\"caption\":\"Codental\"},\"image\":{\"@id\":\"https:\/\/www.codental.com.br\/blog\/#\/schema\/logo\/image\/\"},\"sameAs\":[\"http:\/\/www.facebook.com\/codentalbr\",\"https:\/\/x.com\/CodentalBr\",\"https:\/\/www.instagram.com\/codentalbr\/\"]},{\"@type\":\"Person\",\"@id\":\"https:\/\/www.codental.com.br\/blog\/#\/schema\/person\/c1e8d871cebd65be4c473bb2e54403e8\",\"name\":\"Bruna\",\"image\":{\"@type\":\"ImageObject\",\"inLanguage\":\"pt-BR\",\"@id\":\"https:\/\/www.codental.com.br\/blog\/wp-content\/uploads\/2022\/11\/WhatsApp-Image-2022-11-08-at-18.58.00-343x240.jpeg\",\"url\":\"https:\/\/www.codental.com.br\/blog\/wp-content\/uploads\/2022\/11\/WhatsApp-Image-2022-11-08-at-18.58.00-343x240.jpeg\",\"contentUrl\":\"https:\/\/www.codental.com.br\/blog\/wp-content\/uploads\/2022\/11\/WhatsApp-Image-2022-11-08-at-18.58.00-343x240.jpeg\",\"caption\":\"Bruna\"},\"description\":\"Bruna, 39 anos. Cirurgi\u00e3-Dentista, especialista em Ortodontia e Ortopedia Facial dos Maxilares. M\u00e3e de 2 meninas lindas e levadas. Apaixonada por fotografia e por conhecer novos lugares.\",\"sameAs\":[\"https:\/\/instagram.com\/drabrunalangone?igshid=YmMyMTA2M2Y=\"],\"url\":\"https:\/\/www.codental.com.br\/blog\/author\/bruna\/\"}]}<\/script>\n<!-- \/ Yoast SEO plugin. -->","yoast_head_json":{"title":"Feridas no c\u00e9u da boca: aprenda tudo sobre","description":"As feridas no c\u00e9u da boca s\u00e3o uma preocupa\u00e7\u00e3o comum na pr\u00e1tica odontol\u00f3gica, desconfort\u00e1veis para os pacientes e afetando a qualidade de vida.","robots":{"index":"index","follow":"follow","max-snippet":"max-snippet:-1","max-image-preview":"max-image-preview:large","max-video-preview":"max-video-preview:-1"},"canonical":"https:\/\/www.codental.com.br\/blog\/feridas-no-ceu-da-boca-aprenda-tudo-sobre\/","og_locale":"pt_BR","og_type":"article","og_title":"Feridas no c\u00e9u da boca: aprenda tudo sobre","og_description":"As feridas no c\u00e9u da boca s\u00e3o uma preocupa\u00e7\u00e3o comum na pr\u00e1tica odontol\u00f3gica, desconfort\u00e1veis para os pacientes e afetando a qualidade de vida.","og_url":"https:\/\/www.codental.com.br\/blog\/feridas-no-ceu-da-boca-aprenda-tudo-sobre\/","og_site_name":"Codental Blog","article_publisher":"http:\/\/www.facebook.com\/codentalbr","article_published_time":"2023-06-18T20:00:00+00:00","article_modified_time":"2024-06-07T10:36:14+00:00","og_image":[{"width":1010,"height":550,"url":"https:\/\/www.codental.com.br\/blog\/wp-content\/uploads\/2023\/06\/Feridas-no-ceu-da-boca.jpg","type":"image\/jpeg"}],"author":"Bruna","twitter_card":"summary_large_image","twitter_creator":"@CodentalBr","twitter_site":"@CodentalBr","twitter_misc":{"Escrito por":"Bruna","Est. tempo de leitura":"5 minutos"},"schema":{"@context":"https:\/\/schema.org","@graph":[{"@type":"Article","@id":"https:\/\/www.codental.com.br\/blog\/feridas-no-ceu-da-boca-aprenda-tudo-sobre\/#article","isPartOf":{"@id":"https:\/\/www.codental.com.br\/blog\/feridas-no-ceu-da-boca-aprenda-tudo-sobre\/"},"author":{"name":"Bruna","@id":"https:\/\/www.codental.com.br\/blog\/#\/schema\/person\/c1e8d871cebd65be4c473bb2e54403e8"},"headline":"Feridas no c\u00e9u da boca: aprenda tudo sobre","datePublished":"2023-06-18T20:00:00+00:00","dateModified":"2024-06-07T10:36:14+00:00","mainEntityOfPage":{"@id":"https:\/\/www.codental.com.br\/blog\/feridas-no-ceu-da-boca-aprenda-tudo-sobre\/"},"wordCount":893,"publisher":{"@id":"https:\/\/www.codental.com.br\/blog\/#organization"},"image":{"@id":"https:\/\/www.codental.com.br\/blog\/feridas-no-ceu-da-boca-aprenda-tudo-sobre\/#primaryimage"},"thumbnailUrl":"https:\/\/www.codental.com.br\/blog\/wp-content\/uploads\/2023\/06\/Feridas-no-ceu-da-boca.jpg","keywords":["Doen\u00e7as odontol\u00f3gicas","Feridas no c\u00e9u da boca"],"articleSection":["Doen\u00e7as odontol\u00f3gicas"],"inLanguage":"pt-BR"},{"@type":"WebPage","@id":"https:\/\/www.codental.com.br\/blog\/feridas-no-ceu-da-boca-aprenda-tudo-sobre\/","url":"https:\/\/www.codental.com.br\/blog\/feridas-no-ceu-da-boca-aprenda-tudo-sobre\/","name":"Feridas no c\u00e9u da boca: aprenda tudo sobre","isPartOf":{"@id":"https:\/\/www.codental.com.br\/blog\/#website"},"primaryImageOfPage":{"@id":"https:\/\/www.codental.com.br\/blog\/feridas-no-ceu-da-boca-aprenda-tudo-sobre\/#primaryimage"},"image":{"@id":"https:\/\/www.codental.com.br\/blog\/feridas-no-ceu-da-boca-aprenda-tudo-sobre\/#primaryimage"},"thumbnailUrl":"https:\/\/www.codental.com.br\/blog\/wp-content\/uploads\/2023\/06\/Feridas-no-ceu-da-boca.jpg","datePublished":"2023-06-18T20:00:00+00:00","dateModified":"2024-06-07T10:36:14+00:00","description":"As feridas no c\u00e9u da boca s\u00e3o uma preocupa\u00e7\u00e3o comum na pr\u00e1tica odontol\u00f3gica, desconfort\u00e1veis para os pacientes e afetando a qualidade de vida.","breadcrumb":{"@id":"https:\/\/www.codental.com.br\/blog\/feridas-no-ceu-da-boca-aprenda-tudo-sobre\/#breadcrumb"},"inLanguage":"pt-BR","potentialAction":[{"@type":"ReadAction","target":["https:\/\/www.codental.com.br\/blog\/feridas-no-ceu-da-boca-aprenda-tudo-sobre\/"]}]},{"@type":"ImageObject","inLanguage":"pt-BR","@id":"https:\/\/www.codental.com.br\/blog\/feridas-no-ceu-da-boca-aprenda-tudo-sobre\/#primaryimage","url":"https:\/\/www.codental.com.br\/blog\/wp-content\/uploads\/2023\/06\/Feridas-no-ceu-da-boca.jpg","contentUrl":"https:\/\/www.codental.com.br\/blog\/wp-content\/uploads\/2023\/06\/Feridas-no-ceu-da-boca.jpg","width":1010,"height":550,"caption":"Feridas no c\u00e9u da boca"},{"@type":"BreadcrumbList","@id":"https:\/\/www.codental.com.br\/blog\/feridas-no-ceu-da-boca-aprenda-tudo-sobre\/#breadcrumb","itemListElement":[{"@type":"ListItem","position":1,"name":"In\u00edcio","item":"https:\/\/www.codental.com.br\/blog\/"},{"@type":"ListItem","position":2,"name":"Feridas no c\u00e9u da boca: aprenda tudo sobre"}]},{"@type":"WebSite","@id":"https:\/\/www.codental.com.br\/blog\/#website","url":"https:\/\/www.codental.com.br\/blog\/","name":"Codental Blog","description":"Artigos e not\u00edcias sobre odontologia","publisher":{"@id":"https:\/\/www.codental.com.br\/blog\/#organization"},"potentialAction":[{"@type":"SearchAction","target":{"@type":"EntryPoint","urlTemplate":"https:\/\/www.codental.com.br\/blog\/?s={search_term_string}"},"query-input":{"@type":"PropertyValueSpecification","valueRequired":true,"valueName":"search_term_string"}}],"inLanguage":"pt-BR"},{"@type":"Organization","@id":"https:\/\/www.codental.com.br\/blog\/#organization","name":"Codental","url":"https:\/\/codental.com.br\/","logo":{"@type":"ImageObject","inLanguage":"pt-BR","@id":"https:\/\/www.codental.com.br\/blog\/#\/schema\/logo\/image\/","url":"https:\/\/www.codental.com.br\/blog\/wp-content\/uploads\/2018\/10\/logo.png","contentUrl":"https:\/\/www.codental.com.br\/blog\/wp-content\/uploads\/2018\/10\/logo.png","width":1200,"height":300,"caption":"Codental"},"image":{"@id":"https:\/\/www.codental.com.br\/blog\/#\/schema\/logo\/image\/"},"sameAs":["http:\/\/www.facebook.com\/codentalbr","https:\/\/x.com\/CodentalBr","https:\/\/www.instagram.com\/codentalbr\/"]},{"@type":"Person","@id":"https:\/\/www.codental.com.br\/blog\/#\/schema\/person\/c1e8d871cebd65be4c473bb2e54403e8","name":"Bruna","image":{"@type":"ImageObject","inLanguage":"pt-BR","@id":"https:\/\/www.codental.com.br\/blog\/wp-content\/uploads\/2022\/11\/WhatsApp-Image-2022-11-08-at-18.58.00-343x240.jpeg","url":"https:\/\/www.codental.com.br\/blog\/wp-content\/uploads\/2022\/11\/WhatsApp-Image-2022-11-08-at-18.58.00-343x240.jpeg","contentUrl":"https:\/\/www.codental.com.br\/blog\/wp-content\/uploads\/2022\/11\/WhatsApp-Image-2022-11-08-at-18.58.00-343x240.jpeg","caption":"Bruna"},"description":"Bruna, 39 anos. Cirurgi\u00e3-Dentista, especialista em Ortodontia e Ortopedia Facial dos Maxilares. M\u00e3e de 2 meninas lindas e levadas. Apaixonada por fotografia e por conhecer novos lugares.","sameAs":["https:\/\/instagram.com\/drabrunalangone?igshid=YmMyMTA2M2Y="],"url":"https:\/\/www.codental.com.br\/blog\/author\/bruna\/"}]}},"_links":{"self":[{"href":"https:\/\/www.codental.com.br\/blog\/wp-json\/wp\/v2\/posts\/3916","targetHints":{"allow":["GET"]}}],"collection":[{"href":"https:\/\/www.codental.com.br\/blog\/wp-json\/wp\/v2\/posts"}],"about":[{"href":"https:\/\/www.codental.com.br\/blog\/wp-json\/wp\/v2\/types\/post"}],"author":[{"embeddable":true,"href":"https:\/\/www.codental.com.br\/blog\/wp-json\/wp\/v2\/users\/25"}],"replies":[{"embeddable":true,"href":"https:\/\/www.codental.com.br\/blog\/wp-json\/wp\/v2\/comments?post=3916"}],"version-history":[{"count":4,"href":"https:\/\/www.codental.com.br\/blog\/wp-json\/wp\/v2\/posts\/3916\/revisions"}],"predecessor-version":[{"id":5322,"href":"https:\/\/www.codental.com.br\/blog\/wp-json\/wp\/v2\/posts\/3916\/revisions\/5322"}],"wp:featuredmedia":[{"embeddable":true,"href":"https:\/\/www.codental.com.br\/blog\/wp-json\/wp\/v2\/media\/3971"}],"wp:attachment":[{"href":"https:\/\/www.codental.com.br\/blog\/wp-json\/wp\/v2\/media?parent=3916"}],"wp:term":[{"taxonomy":"category","embeddable":true,"href":"https:\/\/www.codental.com.br\/blog\/wp-json\/wp\/v2\/categories?post=3916"},{"taxonomy":"post_tag","embeddable":true,"href":"https:\/\/www.codental.com.br\/blog\/wp-json\/wp\/v2\/tags?post=3916"}],"curies":[{"name":"wp","href":"https:\/\/api.w.org\/{rel}","templated":true}]}}