{"id":3882,"date":"2023-06-28T17:00:00","date_gmt":"2023-06-28T20:00:00","guid":{"rendered":"https:\/\/www.codental.com.br\/blog\/?p=3882"},"modified":"2024-06-28T08:23:48","modified_gmt":"2024-06-28T11:23:48","slug":"feridas-nos-labios-causas-tratamentos-e-muito-mais","status":"publish","type":"post","link":"https:\/\/www.codental.com.br\/blog\/feridas-nos-labios-causas-tratamentos-e-muito-mais\/","title":{"rendered":"Ferida nos L\u00e1bios: Causas, Tratamentos e Muito Mais"},"content":{"rendered":"\n<p>As <strong>feridas nos l\u00e1bios<\/strong> geram desconforto e, muitas vezes, causam preocupa\u00e7\u00f5es nos pacientes. Essas feridas podem ser causadas por doen\u00e7as virais, como o herpes labial, que \u00e9 altamente prevalente globalmente. Al\u00e9m disso, surgem em <strong>decorr\u00eancia de in\u00fameros fatores<\/strong>, desde pequenos traumas at\u00e9 doen\u00e7as subjacentes mais graves.<\/p>\n\n\n\n<p>Neste artigo, abordaremos o que \u00e9 a ferida nos l\u00e1bios, suas poss\u00edveis causas e tratamentos dispon\u00edveis para aliviar este desconforto, al\u00e9m de promover sua cicatriza\u00e7\u00e3o adequada.<\/p>\n\n\n\n<h2 class=\"wp-block-heading\">O que pode ser a ferida nos l\u00e1bios?<\/h2>\n\n\n\n<p>Esse problema pode ter origem devido diversas causas. Para que o profissional obtenha o diagn\u00f3stico diferencial desta ferida, \u00e9 necess\u00e1rio que ele observe os seguintes aspectos:<\/p>\n\n\n\n<ul class=\"wp-block-list\">\n<li>Hist\u00f3rico do surgimento desta les\u00e3o relatado pelo paciente;<\/li>\n\n\n\n<li>Tamanho da les\u00e3o;<\/li>\n\n\n\n<li>Queixa de dor pelo paciente;<\/li>\n\n\n\n<li>Les\u00e3o localizada ou generalizada;<\/li>\n\n\n\n<li>Edema;<\/li>\n\n\n\n<li>Altera\u00e7\u00e3o de cor e forma da les\u00e3o.<\/li>\n<\/ul>\n\n\n\n<p>O herpes simplex \u00e9 uma causa comum de feridas nos l\u00e1bios, e os sintomas de herpes incluem dor, coceira e bolhas.<\/p>\n\n\n\n<p>Portanto, as feridas labiais (\u00falceras) possuem <strong>etiologia multifatorial<\/strong>, caracterizadas por <strong>qualquer les\u00e3o ou \u00e1rea de pele danificada<\/strong> que ocorra nos l\u00e1bios.<\/p>\n\n\n\n<p>Posteriormente, apresentam tamanhos diversos, variando desde pequenas les\u00f5es superficiais at\u00e9 \u00falceras maiores e mais profundas.<\/p>\n\n\n\n<p>Al\u00e9m disso, tais feridas <strong>podem ser dolorosas, causar inflama\u00e7\u00f5es e at\u00e9 mesmo interferir nas atividades di\u00e1rias tais como comer e falar, devido aos sintomas de herpes como dor, coceira e bolhas.<\/strong><\/p>\n\n\n\n<h2 class=\"wp-block-heading\">Causas da ferida nos l\u00e1bios<\/h2>\n\n\n\n<p>Conforme descrito acima, as feridas nos l\u00e1bios possuem diversas causas (etiologias). Um sistema imunol\u00f3gico enfraquecido pode aumentar a suscetibilidade a infec\u00e7\u00f5es que causam feridas nos l\u00e1bios.<\/p>\n\n\n\n<p>Acima de tudo, a preval\u00eancia etiol\u00f3gica dos l\u00e1bios feridos relaciona-se como sintoma de outros problemas de sa\u00fade, doen\u00e7as infecciosas, neopl\u00e1sicas, entre outras.<\/p>\n\n\n\n<p>Abaixo, listaremos as patologias associadas a ferida nos l\u00e1bios a fim de que o dentista realize o diagn\u00f3stico diferencial destas les\u00f5es fornecendo o melhor tratamento para o reestabelecimento da sa\u00fade do paciente:<\/p>\n\n\n\n<h2 class=\"wp-block-heading\">Ulcera\u00e7\u00f5es labiais, outras altera\u00e7\u00f5es e tratamentos<\/h2>\n\n\n\n<p>Em virtude de certas doen\u00e7as infecciosas, neopl\u00e1sicas, ou outras, feridas nos l\u00e1bios podem surgir. O v\u00edrus herpes \u00e9 uma causa comum de ulcera\u00e7\u00f5es labiais.<\/p>\n\n\n\n<p>Com a finalidade de possibilitar o correto diagn\u00f3stico, listamos abaixo poss\u00edveis causas para as \u00falceras labiais.<\/p>\n\n\n\n<h3 class=\"wp-block-heading\">Trauma f\u00edsico<\/h3>\n\n\n\n<p>Se acaso ocorrer <strong>pequenos cortes, mordidas acidentais ou les\u00f5es causadas por objetos afiados, estas pode gerar feridas nos l\u00e1bios.<\/strong><\/p>\n\n\n\n<p>Em suma, esses ferimentos podem ocorrer durante atividades cotidianas como: comer, escovar os dentes ou at\u00e9 mesmo praticando esportes.<\/p>\n\n\n\n<h3 class=\"wp-block-heading\">Herpes labial<\/h3>\n\n\n\n<p>Em princ\u00edpio, caracteriza-se o <a href=\"https:\/\/codental.com.br\/blog\/herpes-labial-causas-sintomas-e-tratamento?utm_source=blog_codental&amp;utm_campaign=post_article&amp;utm_term=3882%3AFeridas+nos+l%C3%A1bios%3A+causas%2C+tratamentos+e+muito+mais?utm_source=blog&utm_medium=referral&utm_content=feridas-nos-labios-causas-tratamentos-e-muito-mais\">Herpes Labial<\/a> como uma infec\u00e7\u00e3o viral causada pelo v\u00edrus do herpes simples (HSV-1).<\/p>\n\n\n\n<p>Desse modo, as caracter\u00edsticas cl\u00ednicas observadas s\u00e3o de pequenas bolhas que se formam nos l\u00e1bios, contendo l\u00edquido repleto de v\u00edrus, que rompem e formam \u00falceras na borda labial (herpes labial) ou na mucosa do palato duro (herpes bucal).<\/p>\n\n\n\n<p>Dessa forma, para efic\u00e1cia do tratamento, deve-se inici\u00e1-lo durante a fase prodr\u00f4mica.<\/p>\n\n\n\n<p>Portanto, realiza-se o tratamento oral com doses di\u00e1rias de Aciclovir, Fanciclovir ou Valaciclovir, durante 05 dias.<\/p>\n\n\n\n<p>Todavia, o uso t\u00f3pico de Aciclovir, penciclovir em creme ou docosanol em creme, podem ser aplicados v\u00e1rias vezes ao dia de modo a diminuir sintomas ou encurtar a dura\u00e7\u00e3o destes.<\/p>\n\n\n\n<h3 class=\"wp-block-heading\">Eritrema Multiforme<\/h3>\n\n\n\n<p>O Eritrema multiforme \u00e9 considerada ulcerativa mucocut\u00e2nea, pois se caracteriza como uma rea\u00e7\u00e3o imunit\u00e1ria em decorr\u00eancia do Herpes simples.<\/p>\n\n\n\n<p>Dessa maneira, surge apresentando bolhas que se rompem rapidamente deixando \u00falceras crostosas na mucosa labial. O eritrema multiforme pode causar mal estar, incluindo febre e desconforto geral.<\/p>\n\n\n\n<p>Al\u00e9m disso, o eritrema multiforme possui grande variedade morfol\u00f3gica, causando, por vezes, a mucosite oral dolorosa.<\/p>\n\n\n\n<p>Com a finalidade de tratar a causa, as feridas nos l\u00e1bios causadas pelo eritrema multiforme inclui o uso de cortic\u00f3ides t\u00f3picos ou sist\u00eamicos.<\/p>\n\n\n\n<h3 class=\"wp-block-heading\">S\u00edfilis prim\u00e1ria<\/h3>\n\n\n\n<p>Tamb\u00e9m conhecida como cancro, a <strong>S\u00edfilis prim\u00e1ria <\/strong>consiste na presen\u00e7a de feridas nos l\u00e1bios ulceradas indolores e de bordas duras.<\/p>\n\n\n\n<p>Assim sendo, os cancros orais possuem preval\u00eancia maior nos l\u00e1bios superiores masculinos e inferiores femininos e com intuito de tratamento, indica-se a administra\u00e7\u00e3o de penicilina.<\/p>\n\n\n\n<h3 class=\"wp-block-heading\">Verruga Vulgar<\/h3>\n\n\n\n<p>Considerada uma doen\u00e7a benigna, a <strong>verruga vulgar apresenta-se \u00e1spera e indolor nos l\u00e1bios.<\/strong><\/p>\n\n\n\n<p>Apesar de indolor, a verruga vulgar pode-se espalhar pela cavidade bucal por autoinocula\u00e7\u00e3o.<\/p>\n\n\n\n<p>Desse modo, para tratar essa ferida nos l\u00e1bios indica-se o uso de agentes t\u00f3picos ou excis\u00e3o cir\u00fargica.<\/p>\n\n\n\n<h3 class=\"wp-block-heading\">Eritroplasia ou Leucoplasia<\/h3>\n\n\n\n<p>Em virtude de apresentar manchas vermelhas ou brancas na cavidade oral ou como feridas nos l\u00e1bios, a eritroplasia ou leucoplasia associam-se a displasias ou ao carcinoma de c\u00e9lulas escamosas.<\/p>\n\n\n\n<p>Portanto, ao observar tais sinais cl\u00ednicos, o dentista deve colher a bi\u00f3psia e solicitar a assist\u00eancia m\u00e9dica conjunta para o melhor manejo do caso.<\/p>\n\n\n\n<h3 class=\"wp-block-heading\">Carcinoma oral de c\u00e9lulas escamosas<\/h3>\n\n\n\n<p>Posto que o carcinoma oral de c\u00e9lulas escamosas \u00e9 uma patologia neopl\u00e1sica maligna, o dentista deve estar atento \u00e0s caracter\u00edsticas cl\u00ednicas desta doen\u00e7a.<\/p>\n\n\n\n<p>Em princ\u00edpio, apresenta-se de maneira vari\u00e1vel, nodular ou por placa hipercerat\u00f3tica, tanto quanto ulcera\u00e7\u00f5es de bordas duras ou como eritroplasia ou leucoplasia.<\/p>\n\n\n\n<p>Em contrapartida, ap\u00f3s o diagn\u00f3stico e est\u00e1gio clinico biopsiado, o tratamento inclui a excis\u00e3o cir\u00fargica ampla, radioterapia ou ambos.<\/p>\n\n\n\n<h3 class=\"wp-block-heading\">S\u00edndrome de Peutz-leghers<\/h3>\n\n\n\n<p>A ferida nos l\u00e1bios causadas pela s\u00edndrome de Peutz-Leghers \u00e9 autoss\u00f4mica dominante, ao passo que se apresenta como m\u00e1culas benignas hiperpigmentadas.<\/p>\n\n\n\n<p>Nesse sentido observam-se pigmentos azul-escuro, marrom e preto de pele e mucosas al\u00e9m de p\u00f3lipos hamartomatosos gastrointestinais causando predisposi\u00e7\u00e3o a v\u00e1rios tipos de c\u00e2nceres.<\/p>\n\n\n\n<p>O tratamento requer acompanhamento multidisciplinar m\u00e9dico-odontol\u00f3gico para preserva\u00e7\u00e3o do paciente.<\/p>\n\n\n\n<h3 class=\"wp-block-heading\">Aftas<\/h3>\n\n\n\n<p>Tamb\u00e9m conhecidas como \u00falceras aftosas <strong>as feridas nos l\u00e1bios decorrentes da afta s\u00e3o pequenas e ovaladas assim como arredondadas.<\/strong><\/p>\n\n\n\n<p>Podem surgir nos l\u00e1bios do mesmo modo que em outras \u00e1reas da boca e, suas causas exatas s\u00e3o incompreendidas.<\/p>\n\n\n\n<p>Por\u00e9m, sabe-se que fatores como estresse, traumas locais e altera\u00e7\u00f5es imunol\u00f3gicas justificam o desencadeamento da <a href=\"https:\/\/codental.com.br\/blog\/afta-saiba-tudo-sobre-essas-terriveis-lesoes?utm_source=blog_codental&amp;utm_campaign=post_article&amp;utm_term=3882%3AFeridas+nos+l%C3%A1bios%3A+causas%2C+tratamentos+e+muito+mais?utm_source=blog&utm_medium=referral&utm_content=feridas-nos-labios-causas-tratamentos-e-muito-mais\">afta.<\/a><\/p>\n\n\n\n<p>Logo que diagnosticada, o tratamento para curar a afta inclui desde pomadas t\u00f3picas a cuidados de higiene prescritos pelo dentista.<\/p>\n\n\n\n<h3 class=\"wp-block-heading\">Queilite angular<\/h3>\n\n\n\n<p>A <strong>queilite angular adv\u00e9m do processo inflamat\u00f3rio proveniente do canto da boca resultando em feridas nos l\u00e1bios.<\/strong><\/p>\n\n\n\n<p>Em s\u00edntese, tal doen\u00e7a surge diante de m\u00e1 higiene bucal, defici\u00eancia nutricionais, pr\u00f3teses desajustadas ou infec\u00e7\u00f5es f\u00fangicas.<\/p>\n\n\n\n<p>No momento em que \u00e9 diagnosticada, o tratamento da queilite angular \u00e9 realizado atrav\u00e9s do uso de emolientes, raspagem labial ou, em casos mais graves a abla\u00e7\u00e3o de laser com CO\u2082.<\/p>\n\n\n\n<h2 class=\"wp-block-heading\">L\u00e1bios e les\u00f5es pelo sol<\/h2>\n\n\n\n<p>Os <strong>danos causados pelo sol<\/strong> podem tornar os l\u00e1bios duros e secos, especialmente o inferior, visto que a incid\u00eancia solar \u00e9 maior nele.<\/p>\n\n\n\n<p>Nesse sentido, pessoas com mais de 45 anos, e pessoas de pele mais clara expostas intensamente ao sol, s\u00e3o as mais suscept\u00edveis aos danos causados por ele.<\/p>\n\n\n\n<p>Por isso, feridas nos l\u00e1bios podem surgir e, por vezes, configurar les\u00f5es pr\u00e9-cancer\u00edgenas. Abaixo, descrevemos feridas nos l\u00e1bios causadas em decorr\u00eancia da exposi\u00e7\u00e3o ao sol:<\/p>\n\n\n\n<h3 class=\"wp-block-heading\">Ceratose Act\u00ednica<\/h3>\n\n\n\n<p>Em virtude de longos per\u00edodos de exposi\u00e7\u00e3o ao sol, a Ceratose Act\u00ednica surge caracterizada pelos l\u00e1bios secos e escamosos, semelhantes a lixas.<\/p>\n\n\n\n<p>Assim sendo, tais altera\u00e7\u00f5es, consideradas pr\u00e9-cancer\u00edgenas, apresentam o afinamento dos l\u00e1bios, rubor (vermelhid\u00e3o), bem como, \u00falceras nos l\u00e1bios.<\/p>\n\n\n\n<p>Posto que o paciente apresente tais condi\u00e7\u00f5es, ele deve procurar aux\u00edlio odontol\u00f3gico e m\u00e9dico.<\/p>\n\n\n\n<h3 class=\"wp-block-heading\">Ceratoacantomas<\/h3>\n\n\n\n<p>Ao passo que o indiv\u00edduo esteja em contato com a luz solar por longos per\u00edodos, este pode ser acometido por este tumor.<\/p>\n\n\n\n<p>Embora ocorra nos l\u00e1bios, esta les\u00e3o \u00e9 considerada um tipo de c\u00e2ncer de pele, por alguns especialistas.<\/p>\n\n\n\n<p>De modo a garantir prote\u00e7\u00e3o e minimiza\u00e7\u00e3o dos efeitos negativos da exposi\u00e7\u00e3o dos l\u00e1bios ao sol, indica-se o uso de protetores labiais, assim como chap\u00e9us largos para prote\u00e7\u00e3o solar.<\/p>\n\n\n\n<p>Para buscar o diagn\u00f3stico correto e diferencial, o dentista deve observar as caracter\u00edsticas cl\u00ednicas das feridas nos l\u00e1bios bem como o relato do paciente e hist\u00f3rico cl\u00ednico deste.<\/p>\n\n\n\n<p>Em s\u00edntese, diante de medidas adequadas e conhecimento das patologias associadas a feridas na boca, o tratamento deve ser ofertado ao paciente, incluindo o f\u00e1rmaco ideal para reestabelecimento de sa\u00fade bucal assim como medidas preventivas para evitar recidivas.<\/p>\n","protected":false},"excerpt":{"rendered":"<p>As feridas nos l\u00e1bios geram desconforto e, muitas vezes, causam preocupa\u00e7\u00f5es nos pacientes. Essas&#8230;<\/p>\n","protected":false},"author":30,"featured_media":4044,"comment_status":"closed","ping_status":"closed","sticky":false,"template":"","format":"standard","meta":{"_target_audience":"","footnotes":""},"categories":[247],"tags":[444,496],"class_list":["post-3882","post","type-post","status-publish","format-standard","has-post-thumbnail","hentry","category-doencas-odontologicas","tag-doencas-odontologicas","tag-feridas-nos-labios"],"yoast_head":"<!-- This site is optimized with the Yoast SEO plugin v27.2 - https:\/\/yoast.com\/product\/yoast-seo-wordpress\/ -->\n<title>Ferida nos L\u00e1bios: Causas, Tratamentos e Muito Mais<\/title>\n<meta name=\"description\" content=\"As feridas nos l\u00e1bios geram desconforto e, muitas vezes, causam preocupa\u00e7\u00f5es nos pacientes. Saiba tudo sobre esse problema!\" \/>\n<meta name=\"robots\" content=\"index, follow, max-snippet:-1, max-image-preview:large, max-video-preview:-1\" \/>\n<link rel=\"canonical\" href=\"https:\/\/www.codental.com.br\/blog\/feridas-nos-labios-causas-tratamentos-e-muito-mais\/\" \/>\n<meta property=\"og:locale\" content=\"pt_BR\" \/>\n<meta property=\"og:type\" content=\"article\" \/>\n<meta property=\"og:title\" content=\"Ferida nos L\u00e1bios: Causas, Tratamentos e Muito Mais\" \/>\n<meta property=\"og:description\" content=\"As feridas nos l\u00e1bios geram desconforto e, muitas vezes, causam preocupa\u00e7\u00f5es nos pacientes. Saiba tudo sobre esse problema!\" \/>\n<meta property=\"og:url\" content=\"https:\/\/www.codental.com.br\/blog\/feridas-nos-labios-causas-tratamentos-e-muito-mais\/\" \/>\n<meta property=\"og:site_name\" content=\"Codental Blog\" \/>\n<meta property=\"article:publisher\" content=\"http:\/\/www.facebook.com\/codentalbr\" \/>\n<meta property=\"article:published_time\" content=\"2023-06-28T20:00:00+00:00\" \/>\n<meta property=\"article:modified_time\" content=\"2024-06-28T11:23:48+00:00\" \/>\n<meta property=\"og:image\" content=\"https:\/\/www.codental.com.br\/blog\/wp-content\/uploads\/2023\/06\/feridas-nos-labios.jpg\" \/>\n\t<meta property=\"og:image:width\" content=\"1010\" \/>\n\t<meta property=\"og:image:height\" content=\"550\" \/>\n\t<meta property=\"og:image:type\" content=\"image\/jpeg\" \/>\n<meta name=\"author\" content=\"Jaqueline\" \/>\n<meta name=\"twitter:card\" content=\"summary_large_image\" \/>\n<meta name=\"twitter:creator\" content=\"@CodentalBr\" \/>\n<meta name=\"twitter:site\" content=\"@CodentalBr\" \/>\n<meta name=\"twitter:label1\" content=\"Escrito por\" \/>\n\t<meta name=\"twitter:data1\" content=\"Jaqueline\" \/>\n\t<meta name=\"twitter:label2\" content=\"Est. tempo de leitura\" \/>\n\t<meta name=\"twitter:data2\" content=\"8 minutos\" \/>\n<script type=\"application\/ld+json\" class=\"yoast-schema-graph\">{\"@context\":\"https:\/\/schema.org\",\"@graph\":[{\"@type\":\"Article\",\"@id\":\"https:\/\/www.codental.com.br\/blog\/feridas-nos-labios-causas-tratamentos-e-muito-mais\/#article\",\"isPartOf\":{\"@id\":\"https:\/\/www.codental.com.br\/blog\/feridas-nos-labios-causas-tratamentos-e-muito-mais\/\"},\"author\":{\"name\":\"Jaqueline\",\"@id\":\"https:\/\/www.codental.com.br\/blog\/#\/schema\/person\/7506ab8d7a0b35cdfe68fae4ee2f9277\"},\"headline\":\"Ferida nos L\u00e1bios: Causas, Tratamentos e Muito Mais\",\"datePublished\":\"2023-06-28T20:00:00+00:00\",\"dateModified\":\"2024-06-28T11:23:48+00:00\",\"mainEntityOfPage\":{\"@id\":\"https:\/\/www.codental.com.br\/blog\/feridas-nos-labios-causas-tratamentos-e-muito-mais\/\"},\"wordCount\":1478,\"publisher\":{\"@id\":\"https:\/\/www.codental.com.br\/blog\/#organization\"},\"image\":{\"@id\":\"https:\/\/www.codental.com.br\/blog\/feridas-nos-labios-causas-tratamentos-e-muito-mais\/#primaryimage\"},\"thumbnailUrl\":\"https:\/\/www.codental.com.br\/blog\/wp-content\/uploads\/2023\/06\/feridas-nos-labios.jpg\",\"keywords\":[\"Doen\u00e7as odontol\u00f3gicas\",\"Feridas nos l\u00e1bios\"],\"articleSection\":[\"Doen\u00e7as odontol\u00f3gicas\"],\"inLanguage\":\"pt-BR\"},{\"@type\":\"WebPage\",\"@id\":\"https:\/\/www.codental.com.br\/blog\/feridas-nos-labios-causas-tratamentos-e-muito-mais\/\",\"url\":\"https:\/\/www.codental.com.br\/blog\/feridas-nos-labios-causas-tratamentos-e-muito-mais\/\",\"name\":\"Ferida nos L\u00e1bios: Causas, Tratamentos e Muito Mais\",\"isPartOf\":{\"@id\":\"https:\/\/www.codental.com.br\/blog\/#website\"},\"primaryImageOfPage\":{\"@id\":\"https:\/\/www.codental.com.br\/blog\/feridas-nos-labios-causas-tratamentos-e-muito-mais\/#primaryimage\"},\"image\":{\"@id\":\"https:\/\/www.codental.com.br\/blog\/feridas-nos-labios-causas-tratamentos-e-muito-mais\/#primaryimage\"},\"thumbnailUrl\":\"https:\/\/www.codental.com.br\/blog\/wp-content\/uploads\/2023\/06\/feridas-nos-labios.jpg\",\"datePublished\":\"2023-06-28T20:00:00+00:00\",\"dateModified\":\"2024-06-28T11:23:48+00:00\",\"description\":\"As feridas nos l\u00e1bios geram desconforto e, muitas vezes, causam preocupa\u00e7\u00f5es nos pacientes. Saiba tudo sobre esse problema!\",\"breadcrumb\":{\"@id\":\"https:\/\/www.codental.com.br\/blog\/feridas-nos-labios-causas-tratamentos-e-muito-mais\/#breadcrumb\"},\"inLanguage\":\"pt-BR\",\"potentialAction\":[{\"@type\":\"ReadAction\",\"target\":[\"https:\/\/www.codental.com.br\/blog\/feridas-nos-labios-causas-tratamentos-e-muito-mais\/\"]}]},{\"@type\":\"ImageObject\",\"inLanguage\":\"pt-BR\",\"@id\":\"https:\/\/www.codental.com.br\/blog\/feridas-nos-labios-causas-tratamentos-e-muito-mais\/#primaryimage\",\"url\":\"https:\/\/www.codental.com.br\/blog\/wp-content\/uploads\/2023\/06\/feridas-nos-labios.jpg\",\"contentUrl\":\"https:\/\/www.codental.com.br\/blog\/wp-content\/uploads\/2023\/06\/feridas-nos-labios.jpg\",\"width\":1010,\"height\":550,\"caption\":\"Feridas nos l\u00e1bios\"},{\"@type\":\"BreadcrumbList\",\"@id\":\"https:\/\/www.codental.com.br\/blog\/feridas-nos-labios-causas-tratamentos-e-muito-mais\/#breadcrumb\",\"itemListElement\":[{\"@type\":\"ListItem\",\"position\":1,\"name\":\"In\u00edcio\",\"item\":\"https:\/\/www.codental.com.br\/blog\/\"},{\"@type\":\"ListItem\",\"position\":2,\"name\":\"Ferida nos L\u00e1bios: Causas, Tratamentos e Muito Mais\"}]},{\"@type\":\"WebSite\",\"@id\":\"https:\/\/www.codental.com.br\/blog\/#website\",\"url\":\"https:\/\/www.codental.com.br\/blog\/\",\"name\":\"Codental Blog\",\"description\":\"Artigos e not\u00edcias sobre odontologia\",\"publisher\":{\"@id\":\"https:\/\/www.codental.com.br\/blog\/#organization\"},\"potentialAction\":[{\"@type\":\"SearchAction\",\"target\":{\"@type\":\"EntryPoint\",\"urlTemplate\":\"https:\/\/www.codental.com.br\/blog\/?s={search_term_string}\"},\"query-input\":{\"@type\":\"PropertyValueSpecification\",\"valueRequired\":true,\"valueName\":\"search_term_string\"}}],\"inLanguage\":\"pt-BR\"},{\"@type\":\"Organization\",\"@id\":\"https:\/\/www.codental.com.br\/blog\/#organization\",\"name\":\"Codental\",\"url\":\"https:\/\/codental.com.br\/\",\"logo\":{\"@type\":\"ImageObject\",\"inLanguage\":\"pt-BR\",\"@id\":\"https:\/\/www.codental.com.br\/blog\/#\/schema\/logo\/image\/\",\"url\":\"https:\/\/www.codental.com.br\/blog\/wp-content\/uploads\/2018\/10\/logo.png\",\"contentUrl\":\"https:\/\/www.codental.com.br\/blog\/wp-content\/uploads\/2018\/10\/logo.png\",\"width\":1200,\"height\":300,\"caption\":\"Codental\"},\"image\":{\"@id\":\"https:\/\/www.codental.com.br\/blog\/#\/schema\/logo\/image\/\"},\"sameAs\":[\"http:\/\/www.facebook.com\/codentalbr\",\"https:\/\/x.com\/CodentalBr\",\"https:\/\/www.instagram.com\/codentalbr\/\"]},{\"@type\":\"Person\",\"@id\":\"https:\/\/www.codental.com.br\/blog\/#\/schema\/person\/7506ab8d7a0b35cdfe68fae4ee2f9277\",\"name\":\"Jaqueline\",\"image\":{\"@type\":\"ImageObject\",\"inLanguage\":\"pt-BR\",\"@id\":\"https:\/\/www.codental.com.br\/blog\/wp-content\/uploads\/2022\/11\/WhatsApp-Image-2022-11-23-at-18.30.21-343x240.jpeg\",\"url\":\"https:\/\/www.codental.com.br\/blog\/wp-content\/uploads\/2022\/11\/WhatsApp-Image-2022-11-23-at-18.30.21-343x240.jpeg\",\"contentUrl\":\"https:\/\/www.codental.com.br\/blog\/wp-content\/uploads\/2022\/11\/WhatsApp-Image-2022-11-23-at-18.30.21-343x240.jpeg\",\"caption\":\"Jaqueline\"},\"description\":\"Mineira, 38 anos. Dentista cl\u00ednica geral e jornalista. Apaixonada por artes, m\u00fasica e culin\u00e1ria, um trio perfeito para bons encontros com os amigos.\",\"url\":\"https:\/\/www.codental.com.br\/blog\/author\/jackeline\/\"}]}<\/script>\n<!-- \/ Yoast SEO plugin. -->","yoast_head_json":{"title":"Ferida nos L\u00e1bios: Causas, Tratamentos e Muito Mais","description":"As feridas nos l\u00e1bios geram desconforto e, muitas vezes, causam preocupa\u00e7\u00f5es nos pacientes. Saiba tudo sobre esse problema!","robots":{"index":"index","follow":"follow","max-snippet":"max-snippet:-1","max-image-preview":"max-image-preview:large","max-video-preview":"max-video-preview:-1"},"canonical":"https:\/\/www.codental.com.br\/blog\/feridas-nos-labios-causas-tratamentos-e-muito-mais\/","og_locale":"pt_BR","og_type":"article","og_title":"Ferida nos L\u00e1bios: Causas, Tratamentos e Muito Mais","og_description":"As feridas nos l\u00e1bios geram desconforto e, muitas vezes, causam preocupa\u00e7\u00f5es nos pacientes. Saiba tudo sobre esse problema!","og_url":"https:\/\/www.codental.com.br\/blog\/feridas-nos-labios-causas-tratamentos-e-muito-mais\/","og_site_name":"Codental Blog","article_publisher":"http:\/\/www.facebook.com\/codentalbr","article_published_time":"2023-06-28T20:00:00+00:00","article_modified_time":"2024-06-28T11:23:48+00:00","og_image":[{"width":1010,"height":550,"url":"https:\/\/www.codental.com.br\/blog\/wp-content\/uploads\/2023\/06\/feridas-nos-labios.jpg","type":"image\/jpeg"}],"author":"Jaqueline","twitter_card":"summary_large_image","twitter_creator":"@CodentalBr","twitter_site":"@CodentalBr","twitter_misc":{"Escrito por":"Jaqueline","Est. tempo de leitura":"8 minutos"},"schema":{"@context":"https:\/\/schema.org","@graph":[{"@type":"Article","@id":"https:\/\/www.codental.com.br\/blog\/feridas-nos-labios-causas-tratamentos-e-muito-mais\/#article","isPartOf":{"@id":"https:\/\/www.codental.com.br\/blog\/feridas-nos-labios-causas-tratamentos-e-muito-mais\/"},"author":{"name":"Jaqueline","@id":"https:\/\/www.codental.com.br\/blog\/#\/schema\/person\/7506ab8d7a0b35cdfe68fae4ee2f9277"},"headline":"Ferida nos L\u00e1bios: Causas, Tratamentos e Muito Mais","datePublished":"2023-06-28T20:00:00+00:00","dateModified":"2024-06-28T11:23:48+00:00","mainEntityOfPage":{"@id":"https:\/\/www.codental.com.br\/blog\/feridas-nos-labios-causas-tratamentos-e-muito-mais\/"},"wordCount":1478,"publisher":{"@id":"https:\/\/www.codental.com.br\/blog\/#organization"},"image":{"@id":"https:\/\/www.codental.com.br\/blog\/feridas-nos-labios-causas-tratamentos-e-muito-mais\/#primaryimage"},"thumbnailUrl":"https:\/\/www.codental.com.br\/blog\/wp-content\/uploads\/2023\/06\/feridas-nos-labios.jpg","keywords":["Doen\u00e7as odontol\u00f3gicas","Feridas nos l\u00e1bios"],"articleSection":["Doen\u00e7as odontol\u00f3gicas"],"inLanguage":"pt-BR"},{"@type":"WebPage","@id":"https:\/\/www.codental.com.br\/blog\/feridas-nos-labios-causas-tratamentos-e-muito-mais\/","url":"https:\/\/www.codental.com.br\/blog\/feridas-nos-labios-causas-tratamentos-e-muito-mais\/","name":"Ferida nos L\u00e1bios: Causas, Tratamentos e Muito Mais","isPartOf":{"@id":"https:\/\/www.codental.com.br\/blog\/#website"},"primaryImageOfPage":{"@id":"https:\/\/www.codental.com.br\/blog\/feridas-nos-labios-causas-tratamentos-e-muito-mais\/#primaryimage"},"image":{"@id":"https:\/\/www.codental.com.br\/blog\/feridas-nos-labios-causas-tratamentos-e-muito-mais\/#primaryimage"},"thumbnailUrl":"https:\/\/www.codental.com.br\/blog\/wp-content\/uploads\/2023\/06\/feridas-nos-labios.jpg","datePublished":"2023-06-28T20:00:00+00:00","dateModified":"2024-06-28T11:23:48+00:00","description":"As feridas nos l\u00e1bios geram desconforto e, muitas vezes, causam preocupa\u00e7\u00f5es nos pacientes. Saiba tudo sobre esse problema!","breadcrumb":{"@id":"https:\/\/www.codental.com.br\/blog\/feridas-nos-labios-causas-tratamentos-e-muito-mais\/#breadcrumb"},"inLanguage":"pt-BR","potentialAction":[{"@type":"ReadAction","target":["https:\/\/www.codental.com.br\/blog\/feridas-nos-labios-causas-tratamentos-e-muito-mais\/"]}]},{"@type":"ImageObject","inLanguage":"pt-BR","@id":"https:\/\/www.codental.com.br\/blog\/feridas-nos-labios-causas-tratamentos-e-muito-mais\/#primaryimage","url":"https:\/\/www.codental.com.br\/blog\/wp-content\/uploads\/2023\/06\/feridas-nos-labios.jpg","contentUrl":"https:\/\/www.codental.com.br\/blog\/wp-content\/uploads\/2023\/06\/feridas-nos-labios.jpg","width":1010,"height":550,"caption":"Feridas nos l\u00e1bios"},{"@type":"BreadcrumbList","@id":"https:\/\/www.codental.com.br\/blog\/feridas-nos-labios-causas-tratamentos-e-muito-mais\/#breadcrumb","itemListElement":[{"@type":"ListItem","position":1,"name":"In\u00edcio","item":"https:\/\/www.codental.com.br\/blog\/"},{"@type":"ListItem","position":2,"name":"Ferida nos L\u00e1bios: Causas, Tratamentos e Muito Mais"}]},{"@type":"WebSite","@id":"https:\/\/www.codental.com.br\/blog\/#website","url":"https:\/\/www.codental.com.br\/blog\/","name":"Codental Blog","description":"Artigos e not\u00edcias sobre odontologia","publisher":{"@id":"https:\/\/www.codental.com.br\/blog\/#organization"},"potentialAction":[{"@type":"SearchAction","target":{"@type":"EntryPoint","urlTemplate":"https:\/\/www.codental.com.br\/blog\/?s={search_term_string}"},"query-input":{"@type":"PropertyValueSpecification","valueRequired":true,"valueName":"search_term_string"}}],"inLanguage":"pt-BR"},{"@type":"Organization","@id":"https:\/\/www.codental.com.br\/blog\/#organization","name":"Codental","url":"https:\/\/codental.com.br\/","logo":{"@type":"ImageObject","inLanguage":"pt-BR","@id":"https:\/\/www.codental.com.br\/blog\/#\/schema\/logo\/image\/","url":"https:\/\/www.codental.com.br\/blog\/wp-content\/uploads\/2018\/10\/logo.png","contentUrl":"https:\/\/www.codental.com.br\/blog\/wp-content\/uploads\/2018\/10\/logo.png","width":1200,"height":300,"caption":"Codental"},"image":{"@id":"https:\/\/www.codental.com.br\/blog\/#\/schema\/logo\/image\/"},"sameAs":["http:\/\/www.facebook.com\/codentalbr","https:\/\/x.com\/CodentalBr","https:\/\/www.instagram.com\/codentalbr\/"]},{"@type":"Person","@id":"https:\/\/www.codental.com.br\/blog\/#\/schema\/person\/7506ab8d7a0b35cdfe68fae4ee2f9277","name":"Jaqueline","image":{"@type":"ImageObject","inLanguage":"pt-BR","@id":"https:\/\/www.codental.com.br\/blog\/wp-content\/uploads\/2022\/11\/WhatsApp-Image-2022-11-23-at-18.30.21-343x240.jpeg","url":"https:\/\/www.codental.com.br\/blog\/wp-content\/uploads\/2022\/11\/WhatsApp-Image-2022-11-23-at-18.30.21-343x240.jpeg","contentUrl":"https:\/\/www.codental.com.br\/blog\/wp-content\/uploads\/2022\/11\/WhatsApp-Image-2022-11-23-at-18.30.21-343x240.jpeg","caption":"Jaqueline"},"description":"Mineira, 38 anos. Dentista cl\u00ednica geral e jornalista. Apaixonada por artes, m\u00fasica e culin\u00e1ria, um trio perfeito para bons encontros com os amigos.","url":"https:\/\/www.codental.com.br\/blog\/author\/jackeline\/"}]}},"_links":{"self":[{"href":"https:\/\/www.codental.com.br\/blog\/wp-json\/wp\/v2\/posts\/3882","targetHints":{"allow":["GET"]}}],"collection":[{"href":"https:\/\/www.codental.com.br\/blog\/wp-json\/wp\/v2\/posts"}],"about":[{"href":"https:\/\/www.codental.com.br\/blog\/wp-json\/wp\/v2\/types\/post"}],"author":[{"embeddable":true,"href":"https:\/\/www.codental.com.br\/blog\/wp-json\/wp\/v2\/users\/30"}],"replies":[{"embeddable":true,"href":"https:\/\/www.codental.com.br\/blog\/wp-json\/wp\/v2\/comments?post=3882"}],"version-history":[{"count":9,"href":"https:\/\/www.codental.com.br\/blog\/wp-json\/wp\/v2\/posts\/3882\/revisions"}],"predecessor-version":[{"id":5389,"href":"https:\/\/www.codental.com.br\/blog\/wp-json\/wp\/v2\/posts\/3882\/revisions\/5389"}],"wp:featuredmedia":[{"embeddable":true,"href":"https:\/\/www.codental.com.br\/blog\/wp-json\/wp\/v2\/media\/4044"}],"wp:attachment":[{"href":"https:\/\/www.codental.com.br\/blog\/wp-json\/wp\/v2\/media?parent=3882"}],"wp:term":[{"taxonomy":"category","embeddable":true,"href":"https:\/\/www.codental.com.br\/blog\/wp-json\/wp\/v2\/categories?post=3882"},{"taxonomy":"post_tag","embeddable":true,"href":"https:\/\/www.codental.com.br\/blog\/wp-json\/wp\/v2\/tags?post=3882"}],"curies":[{"name":"wp","href":"https:\/\/api.w.org\/{rel}","templated":true}]}}