{"id":3522,"date":"2023-05-04T17:00:00","date_gmt":"2023-05-04T20:00:00","guid":{"rendered":"https:\/\/www.codental.com.br\/blog\/?p=3522"},"modified":"2023-05-04T13:34:42","modified_gmt":"2023-05-04T16:34:42","slug":"siso-incluso-entenda-os-casos-e-sintomas-comuns","status":"publish","type":"post","link":"https:\/\/www.codental.com.br\/blog\/siso-incluso-entenda-os-casos-e-sintomas-comuns\/","title":{"rendered":"Siso incluso: entenda os casos e sintomas comuns"},"content":{"rendered":"\n<p>A queixa por dores deviso ao dente siso \u00e9 comum nos consult\u00f3rios, isso acontece, pois na grande maioria da popula\u00e7\u00e3o, quando o terceiro molar come\u00e7a a crescer, a arcada dent\u00e1ria n\u00e3o disp\u00f5e de espa\u00e7o o suficiente, impedido a erup\u00e7\u00e3o completa do dente. Dessa forma, os sisos ficam inclusos e respons\u00e1veis por bastante desconforto aos pacientes. Logo, por ser um caso comum no dia a dia dos consult\u00f3rios de odontologia, esse artigo traz algumas informa\u00e7\u00f5es relevantes sobre o <strong>siso incluso.<\/strong><\/p>\n\n\n\n<h2 class=\"wp-block-heading\">O que s\u00e3o sisos inclusos?<\/h2>\n\n\n\n<p><strong>Sisos inclusos s\u00e3o dentes do siso que n\u00e3o conseguem erupcionar completamente na boca devido \u00e0 falta de espa\u00e7o<\/strong> e, por isso, ganham essa denomina\u00e7\u00e3o. Isso pode acontecer porque a mand\u00edbula \u00e9 muito pequena ou porque os dentes est\u00e3o posicionados de forma inadequada.\u00a0<\/p>\n\n\n\n<p>Geralmente aparecem durante a adolesc\u00eancia ou in\u00edcio da idade adulta, entre as idades de 17 e 25 anos. No entanto, a idade exata em que os sisos aparecem pode variar de pessoa para pessoa e nem todos os indiv\u00edduos t\u00eam sisos inclusos. \u00c0s vezes, os sisos podem n\u00e3o se desenvolver completamente e permanecerem dentro da mand\u00edbula sem causar problemas<\/p>\n\n\n\n<h2 class=\"wp-block-heading\">Siso incluso e semi incluso&nbsp;<\/h2>\n\n\n\n<p>Um dente do siso <strong>semi-incluso<\/strong> \u00e9 um dente do siso que come\u00e7ou a sair da gengiva, mas ainda est\u00e1 parcialmente coberto pela gengiva. J\u00e1 um dente do<strong> siso incluso<\/strong> \u00e9 um dente do siso que n\u00e3o emergiu completamente da gengiva e est\u00e1 completamente coberto pela gengiva. <strong>Ambos podem causar dor e desconforto, al\u00e9m de aumentar o risco de infec\u00e7\u00e3o dent\u00e1ria.<\/strong><\/p>\n\n\n\n<p>Um dente do siso <strong>semi-incluso pode ser mais f\u00e1cil de tratar do que um dente do siso incluso<\/strong>, j\u00e1 que o dentista pode ter acesso ao dente para tratar quaisquer problemas. No entanto, se o dente do siso semi-incluso n\u00e3o for tratado adequadamente, pode acabar se tornando um dente do siso completamente incluso.<\/p>\n\n\n\n<h2 class=\"wp-block-heading\">Como identificar sintomas de um siso incluso?<\/h2>\n\n\n\n<p>\u00c9 muito importante que o dentista identifique os sintomas o mais r\u00e1pido poss\u00edvel para acelerar o tratamento e diminuir os sintomas do paciente. Sendo assim, \u00e9 v\u00e1lido ressaltar que os sintomas de um dente do siso incluso podem variar de pessoa para pessoa. Alguns pacientes podem n\u00e3o apresentar nenhum sintoma, enquanto outros podem sentir dor ou desconforto. Algumas das caracter\u00edsticas comuns dos sisos inclusos s\u00e3o:<\/p>\n\n\n\n<ul class=\"wp-block-list\"><li><strong>Incha\u00e7o ou dor na gengiva: <\/strong>A gengiva ao redor do dente do siso incluso pode ficar inflamada e dolorida.<\/li><\/ul>\n\n\n\n<ul class=\"wp-block-list\"><li><strong>Dor na mand\u00edbula:<\/strong> A dor pode se espalhar pela mand\u00edbula e afetar a \u00e1rea pr\u00f3xima ao dente do siso incluso.<\/li><\/ul>\n\n\n\n<ul class=\"wp-block-list\"><li><strong>Dificuldade em abrir a boca:<\/strong> O incha\u00e7o e a dor na gengiva podem dificultar a abertura completa da boca.<\/li><\/ul>\n\n\n\n<ul class=\"wp-block-list\"><li><strong>Mau h\u00e1lito ou gosto ruim na boca: <\/strong>quando os sisos inclusos n\u00e3o s\u00e3o removidos, as bact\u00e9rias e os alimentos podem se acumular ao redor do dente, o que pode levar a uma infec\u00e7\u00e3o e a um odor desagrad\u00e1vel.<\/li><\/ul>\n\n\n\n<ul class=\"wp-block-list\"><li><strong>Dificuldade em mastigar ou engolir: <\/strong>A dor e o incha\u00e7o podem tornar desconfort\u00e1vel a mastiga\u00e7\u00e3o e a degluti\u00e7\u00e3o de alimentos.<\/li><\/ul>\n\n\n\n<h2 class=\"wp-block-heading\">\u00c9 preciso extrair siso incluso?<\/h2>\n\n\n\n<p>Recomenda-se a extra\u00e7\u00e3o do terceiro molar incluso quando os dentes n\u00e3o conseguem erupcionar completamente e est\u00e3o causando dor, desconforto ou outros problemas dent\u00e1rios. Algumas das raz\u00f5es pelas quais um dente do siso incluso pode precisar ser extra\u00eddo incluem:<\/p>\n\n\n\n<ul class=\"wp-block-list\"><li><strong>Quando o paciente relata muita dor e desconforto:<\/strong><\/li><\/ul>\n\n\n\n<p>&nbsp;O dente do siso incluso pode causar dor e desconforto na mand\u00edbula, gengiva ou na \u00e1rea circundante. Esse desconforto pode at\u00e9 dificultar o paciente a se alimentar, logo, a extra\u00e7\u00e3o \u00e9 o mais recomendado nesses casos.<\/p>\n\n\n\n<ul class=\"wp-block-list\"><li><strong>Em casos de infec\u00e7\u00e3o:&nbsp;<\/strong><\/li><\/ul>\n\n\n\n<p>O terceiro molar incluso pode levar a uma infec\u00e7\u00e3o, causando incha\u00e7o, dor, mau h\u00e1lito e dificuldade para engolir. Assim, para n\u00e3o piorar o quadro, \u00e9 necess\u00e1rio cuidar da infec\u00e7\u00e3o e retirar o dente.<\/p>\n\n\n\n<ul class=\"wp-block-list\"><li><strong>Quando desenvolve C\u00e1rie dent\u00e1ria:<\/strong><\/li><\/ul>\n\n\n\n<p>&nbsp;O dente do siso incluso, por estar em um local onde a higieniza\u00e7\u00e3o fica mais dif\u00edcil, pode desenvolver c\u00e1ries dent\u00e1rias. Dessa forma, a c\u00e1rie pode se espalhar para outros dentes e, para evitar que aconte\u00e7a, recomenda-se a extra\u00e7\u00e3o.<\/p>\n\n\n\n<ul class=\"wp-block-list\"><li><strong>Em casos de desalinhamento dent\u00e1rio:<\/strong><\/li><\/ul>\n\n\n\n<p>&nbsp;O dente do siso incluso pode empurrar outros dentes e causar desalinhamento dent\u00e1rio. Sendo assim, pode atrapalhar e dificultar os tratamentos ortod\u00f4nticos, e para que isso n\u00e3o aconte\u00e7a sua extra\u00e7\u00e3o faz-se necess\u00e1ria.&nbsp;<\/p>\n\n\n\n<ul class=\"wp-block-list\"><li><strong>Ao detectarem problemas na gengiva:<\/strong><\/li><\/ul>\n\n\n\n<p>Quando incluso, o terceiro molar pode levar ao desenvolvimento de cistos, que podem danificar o osso e o tecido gengival circundante.<\/p>\n\n\n\n<h2 class=\"wp-block-heading\">Cuidados p\u00f3s-extra\u00e7\u00e3o do siso&nbsp;<\/h2>\n\n\n\n<p>Ap\u00f3s a <a href=\"https:\/\/www.codental.com.br\/blog\/extracao-do-siso-tudo-sobre-o-procedimento\/?utm_source=blog&utm_medium=referral&utm_content=siso-incluso-entenda-os-casos-e-sintomas-comuns\">extra\u00e7\u00e3o do dente do siso<\/a>, \u00e9 importante seguir cuidados espec\u00edficos para acelerar a cicatriza\u00e7\u00e3o e reduzir o risco de complica\u00e7\u00f5es. O profissional respons\u00e1vel, pode orientar seus pacientes a:<\/p>\n\n\n\n<ul class=\"wp-block-list\"><li>Evitar fumar por pelo menos 72 horas ap\u00f3s a extra\u00e7\u00e3o, pois o tabaco pode aumentar o risco de infec\u00e7\u00e3o e atrasar a cicatriza\u00e7\u00e3o;<\/li><li>Evitar cuspir, enxaguar a boca ou usar canudinhos nas primeiras 24 horas, pois essas a\u00e7\u00f5es podem desalojar o co\u00e1gulo de sangue na \u00e1rea da extra\u00e7\u00e3o e atrasar a cicatriza\u00e7\u00e3o;<\/li><li>Realizar a higiene bucal de forma cuidadosa, escovando os dentes suavemente com uma escova de cerdas macias e evitando a \u00e1rea da extra\u00e7\u00e3o;<\/li><li>Tomar medicamentos prescritos corretamente, como analg\u00e9sicos e antibi\u00f3ticos,<\/li><li>Manter a cabe\u00e7a elevada ao deitar para reduzir o incha\u00e7o;<\/li><\/ul>\n\n\n\n<p>Orientando o paciente acerca desses cuidados p\u00f3s-extra\u00e7\u00e3o, \u00e9 poss\u00edvel reduzir o risco de complica\u00e7\u00f5es e acelerar a recupera\u00e7\u00e3o.<\/p>\n\n\n\n<h2 class=\"wp-block-heading\">Dente siso incluso deitado<\/h2>\n\n\n\n<p>Um dente siso incluso deitado \u00e9 um tipo no qual o dente est\u00e1 deitado de lado, em vez de estar na posi\u00e7\u00e3o vertical. Ou seja, isso significa que o dente do siso n\u00e3o conseguir\u00e1 emergir da gengiva, e pode estar pressionando outros dentes ou causando problemas na mand\u00edbula.<\/p>\n\n\n\n<p>Um dente do siso incluso deitado <strong>pode ser mais dif\u00edcil de extrair do que um siso incluso vertical,<\/strong> pois geralmente envolve a remo\u00e7\u00e3o de tecidos e ossos adicionais. Al\u00e9m disso, pode ser necess\u00e1rio um cuidado extra para evitar danos a dentes adjacentes, nervos e outros tecidos orais.<\/p>\n\n\n\n<h2 class=\"wp-block-heading\">Siso incluso Inflamado<\/h2>\n\n\n\n<p>Quando o paciente est\u00e1 com o terceiro molar inflamado, a inflama\u00e7\u00e3o pode ter sido causada por uma variedade de fatores, incluindo a presen\u00e7a de bact\u00e9rias na \u00e1rea ao redor do dente do siso, por trauma na \u00e1rea ou pode ter sido decorrente do siso estar preso dentro da mand\u00edbula, ou gengiva, n\u00e3o conseguindo emergir corretamente. Como resultado, a \u00e1rea ao redor do dente do siso pode ficar inflamada e infectada, o que pode causar dor e desconforto significativos.<\/p>\n\n\n\n<p>Os sintomas nesse caso podem incluir dor intensa na \u00e1rea, incha\u00e7o, vermelhid\u00e3o e uma sensa\u00e7\u00e3o de calor na \u00e1rea afetada. Al\u00e9m disso, o paciente tamb\u00e9m pode relatar ao dentista uma sensa\u00e7\u00e3o de press\u00e3o na mand\u00edbula e gengiva ao redor do siso incluso.&nbsp;<\/p>\n","protected":false},"excerpt":{"rendered":"<p>A queixa por dores deviso ao dente siso \u00e9 comum nos consult\u00f3rios, isso acontece,&#8230;<\/p>\n","protected":false},"author":27,"featured_media":3544,"comment_status":"open","ping_status":"closed","sticky":false,"template":"","format":"standard","meta":{"_target_audience":"","footnotes":""},"categories":[247],"tags":[444,455,295],"class_list":["post-3522","post","type-post","status-publish","format-standard","has-post-thumbnail","hentry","category-doencas-odontologicas","tag-doencas-odontologicas","tag-siso-incluso","tag-siso-nascendo"],"yoast_head":"<!-- This site is optimized with the Yoast SEO plugin v27.2 - https:\/\/yoast.com\/product\/yoast-seo-wordpress\/ -->\n<title>Siso incluso: entenda os casos e sintomas comuns<\/title>\n<meta name=\"description\" content=\"Siso incluso \u00e9 a causa de muitas pessoas irem ao dentista. Entenda como detectar, poss\u00edveis sintomas e cuidados.\" \/>\n<meta name=\"robots\" content=\"index, follow, max-snippet:-1, max-image-preview:large, max-video-preview:-1\" \/>\n<link rel=\"canonical\" href=\"https:\/\/www.codental.com.br\/blog\/siso-incluso-entenda-os-casos-e-sintomas-comuns\/\" \/>\n<meta property=\"og:locale\" content=\"pt_BR\" \/>\n<meta property=\"og:type\" content=\"article\" \/>\n<meta property=\"og:title\" content=\"Siso incluso: entenda os casos e sintomas comuns\" \/>\n<meta property=\"og:description\" content=\"Siso incluso \u00e9 a causa de muitas pessoas irem ao dentista. Entenda como detectar, poss\u00edveis sintomas e cuidados.\" \/>\n<meta property=\"og:url\" content=\"https:\/\/www.codental.com.br\/blog\/siso-incluso-entenda-os-casos-e-sintomas-comuns\/\" \/>\n<meta property=\"og:site_name\" content=\"Codental Blog\" \/>\n<meta property=\"article:publisher\" content=\"http:\/\/www.facebook.com\/codentalbr\" \/>\n<meta property=\"article:published_time\" content=\"2023-05-04T20:00:00+00:00\" \/>\n<meta property=\"og:image\" content=\"https:\/\/www.codental.com.br\/blog\/wp-content\/uploads\/2023\/04\/siso-incluso.jpg\" \/>\n\t<meta property=\"og:image:width\" content=\"1010\" \/>\n\t<meta property=\"og:image:height\" content=\"550\" \/>\n\t<meta property=\"og:image:type\" content=\"image\/jpeg\" \/>\n<meta name=\"author\" content=\"Marina Miranda\" \/>\n<meta name=\"twitter:card\" content=\"summary_large_image\" \/>\n<meta name=\"twitter:creator\" content=\"@CodentalBr\" \/>\n<meta name=\"twitter:site\" content=\"@CodentalBr\" \/>\n<meta name=\"twitter:label1\" content=\"Escrito por\" \/>\n\t<meta name=\"twitter:data1\" content=\"Marina Miranda\" \/>\n\t<meta name=\"twitter:label2\" content=\"Est. tempo de leitura\" \/>\n\t<meta name=\"twitter:data2\" content=\"7 minutos\" \/>\n<script type=\"application\/ld+json\" class=\"yoast-schema-graph\">{\"@context\":\"https:\/\/schema.org\",\"@graph\":[{\"@type\":\"Article\",\"@id\":\"https:\/\/www.codental.com.br\/blog\/siso-incluso-entenda-os-casos-e-sintomas-comuns\/#article\",\"isPartOf\":{\"@id\":\"https:\/\/www.codental.com.br\/blog\/siso-incluso-entenda-os-casos-e-sintomas-comuns\/\"},\"author\":{\"name\":\"Marina Miranda\",\"@id\":\"https:\/\/www.codental.com.br\/blog\/#\/schema\/person\/7e61c07141bee2df26e64b132b1624d7\"},\"headline\":\"Siso incluso: entenda os casos e sintomas comuns\",\"datePublished\":\"2023-05-04T20:00:00+00:00\",\"mainEntityOfPage\":{\"@id\":\"https:\/\/www.codental.com.br\/blog\/siso-incluso-entenda-os-casos-e-sintomas-comuns\/\"},\"wordCount\":1215,\"commentCount\":0,\"publisher\":{\"@id\":\"https:\/\/www.codental.com.br\/blog\/#organization\"},\"image\":{\"@id\":\"https:\/\/www.codental.com.br\/blog\/siso-incluso-entenda-os-casos-e-sintomas-comuns\/#primaryimage\"},\"thumbnailUrl\":\"https:\/\/www.codental.com.br\/blog\/wp-content\/uploads\/2023\/04\/siso-incluso.jpg\",\"keywords\":[\"Doen\u00e7as odontol\u00f3gicas\",\"Siso incluso\",\"Siso nascendo\"],\"articleSection\":[\"Doen\u00e7as odontol\u00f3gicas\"],\"inLanguage\":\"pt-BR\",\"potentialAction\":[{\"@type\":\"CommentAction\",\"name\":\"Comment\",\"target\":[\"https:\/\/www.codental.com.br\/blog\/siso-incluso-entenda-os-casos-e-sintomas-comuns\/#respond\"]}]},{\"@type\":\"WebPage\",\"@id\":\"https:\/\/www.codental.com.br\/blog\/siso-incluso-entenda-os-casos-e-sintomas-comuns\/\",\"url\":\"https:\/\/www.codental.com.br\/blog\/siso-incluso-entenda-os-casos-e-sintomas-comuns\/\",\"name\":\"Siso incluso: entenda os casos e sintomas comuns\",\"isPartOf\":{\"@id\":\"https:\/\/www.codental.com.br\/blog\/#website\"},\"primaryImageOfPage\":{\"@id\":\"https:\/\/www.codental.com.br\/blog\/siso-incluso-entenda-os-casos-e-sintomas-comuns\/#primaryimage\"},\"image\":{\"@id\":\"https:\/\/www.codental.com.br\/blog\/siso-incluso-entenda-os-casos-e-sintomas-comuns\/#primaryimage\"},\"thumbnailUrl\":\"https:\/\/www.codental.com.br\/blog\/wp-content\/uploads\/2023\/04\/siso-incluso.jpg\",\"datePublished\":\"2023-05-04T20:00:00+00:00\",\"description\":\"Siso incluso \u00e9 a causa de muitas pessoas irem ao dentista. Entenda como detectar, poss\u00edveis sintomas e cuidados.\",\"breadcrumb\":{\"@id\":\"https:\/\/www.codental.com.br\/blog\/siso-incluso-entenda-os-casos-e-sintomas-comuns\/#breadcrumb\"},\"inLanguage\":\"pt-BR\",\"potentialAction\":[{\"@type\":\"ReadAction\",\"target\":[\"https:\/\/www.codental.com.br\/blog\/siso-incluso-entenda-os-casos-e-sintomas-comuns\/\"]}]},{\"@type\":\"ImageObject\",\"inLanguage\":\"pt-BR\",\"@id\":\"https:\/\/www.codental.com.br\/blog\/siso-incluso-entenda-os-casos-e-sintomas-comuns\/#primaryimage\",\"url\":\"https:\/\/www.codental.com.br\/blog\/wp-content\/uploads\/2023\/04\/siso-incluso.jpg\",\"contentUrl\":\"https:\/\/www.codental.com.br\/blog\/wp-content\/uploads\/2023\/04\/siso-incluso.jpg\",\"width\":1010,\"height\":550,\"caption\":\"siso incluso\"},{\"@type\":\"BreadcrumbList\",\"@id\":\"https:\/\/www.codental.com.br\/blog\/siso-incluso-entenda-os-casos-e-sintomas-comuns\/#breadcrumb\",\"itemListElement\":[{\"@type\":\"ListItem\",\"position\":1,\"name\":\"In\u00edcio\",\"item\":\"https:\/\/www.codental.com.br\/blog\/\"},{\"@type\":\"ListItem\",\"position\":2,\"name\":\"Siso incluso: entenda os casos e sintomas comuns\"}]},{\"@type\":\"WebSite\",\"@id\":\"https:\/\/www.codental.com.br\/blog\/#website\",\"url\":\"https:\/\/www.codental.com.br\/blog\/\",\"name\":\"Codental Blog\",\"description\":\"Artigos e not\u00edcias sobre odontologia\",\"publisher\":{\"@id\":\"https:\/\/www.codental.com.br\/blog\/#organization\"},\"potentialAction\":[{\"@type\":\"SearchAction\",\"target\":{\"@type\":\"EntryPoint\",\"urlTemplate\":\"https:\/\/www.codental.com.br\/blog\/?s={search_term_string}\"},\"query-input\":{\"@type\":\"PropertyValueSpecification\",\"valueRequired\":true,\"valueName\":\"search_term_string\"}}],\"inLanguage\":\"pt-BR\"},{\"@type\":\"Organization\",\"@id\":\"https:\/\/www.codental.com.br\/blog\/#organization\",\"name\":\"Codental\",\"url\":\"https:\/\/codental.com.br\/\",\"logo\":{\"@type\":\"ImageObject\",\"inLanguage\":\"pt-BR\",\"@id\":\"https:\/\/www.codental.com.br\/blog\/#\/schema\/logo\/image\/\",\"url\":\"https:\/\/www.codental.com.br\/blog\/wp-content\/uploads\/2018\/10\/logo.png\",\"contentUrl\":\"https:\/\/www.codental.com.br\/blog\/wp-content\/uploads\/2018\/10\/logo.png\",\"width\":1200,\"height\":300,\"caption\":\"Codental\"},\"image\":{\"@id\":\"https:\/\/www.codental.com.br\/blog\/#\/schema\/logo\/image\/\"},\"sameAs\":[\"http:\/\/www.facebook.com\/codentalbr\",\"https:\/\/x.com\/CodentalBr\",\"https:\/\/www.instagram.com\/codentalbr\/\"]},{\"@type\":\"Person\",\"@id\":\"https:\/\/www.codental.com.br\/blog\/#\/schema\/person\/7e61c07141bee2df26e64b132b1624d7\",\"name\":\"Marina Miranda\",\"image\":{\"@type\":\"ImageObject\",\"inLanguage\":\"pt-BR\",\"@id\":\"https:\/\/www.codental.com.br\/blog\/wp-content\/uploads\/2022\/11\/WhatsApp-Image-2022-11-08-at-18.48.00-343x240.jpeg\",\"url\":\"https:\/\/www.codental.com.br\/blog\/wp-content\/uploads\/2022\/11\/WhatsApp-Image-2022-11-08-at-18.48.00-343x240.jpeg\",\"contentUrl\":\"https:\/\/www.codental.com.br\/blog\/wp-content\/uploads\/2022\/11\/WhatsApp-Image-2022-11-08-at-18.48.00-343x240.jpeg\",\"caption\":\"Marina Miranda\"},\"description\":\"Juizforana, 22 anos. Estudante, apaixonada por leitura e viciada em filmes de com\u00e9dia rom\u00e2ntica, quanto mais clich\u00ea melhor, e por esportes. Fui atleta desde pequena, o que me fez crescer super determinada e focada. Meu objetivo de vida \u00e9 retribuir aos meus pais tudo que me ofereceram.\",\"url\":\"https:\/\/www.codental.com.br\/blog\/author\/marina\/\"}]}<\/script>\n<!-- \/ Yoast SEO plugin. -->","yoast_head_json":{"title":"Siso incluso: entenda os casos e sintomas comuns","description":"Siso incluso \u00e9 a causa de muitas pessoas irem ao dentista. Entenda como detectar, poss\u00edveis sintomas e cuidados.","robots":{"index":"index","follow":"follow","max-snippet":"max-snippet:-1","max-image-preview":"max-image-preview:large","max-video-preview":"max-video-preview:-1"},"canonical":"https:\/\/www.codental.com.br\/blog\/siso-incluso-entenda-os-casos-e-sintomas-comuns\/","og_locale":"pt_BR","og_type":"article","og_title":"Siso incluso: entenda os casos e sintomas comuns","og_description":"Siso incluso \u00e9 a causa de muitas pessoas irem ao dentista. Entenda como detectar, poss\u00edveis sintomas e cuidados.","og_url":"https:\/\/www.codental.com.br\/blog\/siso-incluso-entenda-os-casos-e-sintomas-comuns\/","og_site_name":"Codental Blog","article_publisher":"http:\/\/www.facebook.com\/codentalbr","article_published_time":"2023-05-04T20:00:00+00:00","og_image":[{"width":1010,"height":550,"url":"https:\/\/www.codental.com.br\/blog\/wp-content\/uploads\/2023\/04\/siso-incluso.jpg","type":"image\/jpeg"}],"author":"Marina Miranda","twitter_card":"summary_large_image","twitter_creator":"@CodentalBr","twitter_site":"@CodentalBr","twitter_misc":{"Escrito por":"Marina Miranda","Est. tempo de leitura":"7 minutos"},"schema":{"@context":"https:\/\/schema.org","@graph":[{"@type":"Article","@id":"https:\/\/www.codental.com.br\/blog\/siso-incluso-entenda-os-casos-e-sintomas-comuns\/#article","isPartOf":{"@id":"https:\/\/www.codental.com.br\/blog\/siso-incluso-entenda-os-casos-e-sintomas-comuns\/"},"author":{"name":"Marina Miranda","@id":"https:\/\/www.codental.com.br\/blog\/#\/schema\/person\/7e61c07141bee2df26e64b132b1624d7"},"headline":"Siso incluso: entenda os casos e sintomas comuns","datePublished":"2023-05-04T20:00:00+00:00","mainEntityOfPage":{"@id":"https:\/\/www.codental.com.br\/blog\/siso-incluso-entenda-os-casos-e-sintomas-comuns\/"},"wordCount":1215,"commentCount":0,"publisher":{"@id":"https:\/\/www.codental.com.br\/blog\/#organization"},"image":{"@id":"https:\/\/www.codental.com.br\/blog\/siso-incluso-entenda-os-casos-e-sintomas-comuns\/#primaryimage"},"thumbnailUrl":"https:\/\/www.codental.com.br\/blog\/wp-content\/uploads\/2023\/04\/siso-incluso.jpg","keywords":["Doen\u00e7as odontol\u00f3gicas","Siso incluso","Siso nascendo"],"articleSection":["Doen\u00e7as odontol\u00f3gicas"],"inLanguage":"pt-BR","potentialAction":[{"@type":"CommentAction","name":"Comment","target":["https:\/\/www.codental.com.br\/blog\/siso-incluso-entenda-os-casos-e-sintomas-comuns\/#respond"]}]},{"@type":"WebPage","@id":"https:\/\/www.codental.com.br\/blog\/siso-incluso-entenda-os-casos-e-sintomas-comuns\/","url":"https:\/\/www.codental.com.br\/blog\/siso-incluso-entenda-os-casos-e-sintomas-comuns\/","name":"Siso incluso: entenda os casos e sintomas comuns","isPartOf":{"@id":"https:\/\/www.codental.com.br\/blog\/#website"},"primaryImageOfPage":{"@id":"https:\/\/www.codental.com.br\/blog\/siso-incluso-entenda-os-casos-e-sintomas-comuns\/#primaryimage"},"image":{"@id":"https:\/\/www.codental.com.br\/blog\/siso-incluso-entenda-os-casos-e-sintomas-comuns\/#primaryimage"},"thumbnailUrl":"https:\/\/www.codental.com.br\/blog\/wp-content\/uploads\/2023\/04\/siso-incluso.jpg","datePublished":"2023-05-04T20:00:00+00:00","description":"Siso incluso \u00e9 a causa de muitas pessoas irem ao dentista. Entenda como detectar, poss\u00edveis sintomas e cuidados.","breadcrumb":{"@id":"https:\/\/www.codental.com.br\/blog\/siso-incluso-entenda-os-casos-e-sintomas-comuns\/#breadcrumb"},"inLanguage":"pt-BR","potentialAction":[{"@type":"ReadAction","target":["https:\/\/www.codental.com.br\/blog\/siso-incluso-entenda-os-casos-e-sintomas-comuns\/"]}]},{"@type":"ImageObject","inLanguage":"pt-BR","@id":"https:\/\/www.codental.com.br\/blog\/siso-incluso-entenda-os-casos-e-sintomas-comuns\/#primaryimage","url":"https:\/\/www.codental.com.br\/blog\/wp-content\/uploads\/2023\/04\/siso-incluso.jpg","contentUrl":"https:\/\/www.codental.com.br\/blog\/wp-content\/uploads\/2023\/04\/siso-incluso.jpg","width":1010,"height":550,"caption":"siso incluso"},{"@type":"BreadcrumbList","@id":"https:\/\/www.codental.com.br\/blog\/siso-incluso-entenda-os-casos-e-sintomas-comuns\/#breadcrumb","itemListElement":[{"@type":"ListItem","position":1,"name":"In\u00edcio","item":"https:\/\/www.codental.com.br\/blog\/"},{"@type":"ListItem","position":2,"name":"Siso incluso: entenda os casos e sintomas comuns"}]},{"@type":"WebSite","@id":"https:\/\/www.codental.com.br\/blog\/#website","url":"https:\/\/www.codental.com.br\/blog\/","name":"Codental Blog","description":"Artigos e not\u00edcias sobre odontologia","publisher":{"@id":"https:\/\/www.codental.com.br\/blog\/#organization"},"potentialAction":[{"@type":"SearchAction","target":{"@type":"EntryPoint","urlTemplate":"https:\/\/www.codental.com.br\/blog\/?s={search_term_string}"},"query-input":{"@type":"PropertyValueSpecification","valueRequired":true,"valueName":"search_term_string"}}],"inLanguage":"pt-BR"},{"@type":"Organization","@id":"https:\/\/www.codental.com.br\/blog\/#organization","name":"Codental","url":"https:\/\/codental.com.br\/","logo":{"@type":"ImageObject","inLanguage":"pt-BR","@id":"https:\/\/www.codental.com.br\/blog\/#\/schema\/logo\/image\/","url":"https:\/\/www.codental.com.br\/blog\/wp-content\/uploads\/2018\/10\/logo.png","contentUrl":"https:\/\/www.codental.com.br\/blog\/wp-content\/uploads\/2018\/10\/logo.png","width":1200,"height":300,"caption":"Codental"},"image":{"@id":"https:\/\/www.codental.com.br\/blog\/#\/schema\/logo\/image\/"},"sameAs":["http:\/\/www.facebook.com\/codentalbr","https:\/\/x.com\/CodentalBr","https:\/\/www.instagram.com\/codentalbr\/"]},{"@type":"Person","@id":"https:\/\/www.codental.com.br\/blog\/#\/schema\/person\/7e61c07141bee2df26e64b132b1624d7","name":"Marina Miranda","image":{"@type":"ImageObject","inLanguage":"pt-BR","@id":"https:\/\/www.codental.com.br\/blog\/wp-content\/uploads\/2022\/11\/WhatsApp-Image-2022-11-08-at-18.48.00-343x240.jpeg","url":"https:\/\/www.codental.com.br\/blog\/wp-content\/uploads\/2022\/11\/WhatsApp-Image-2022-11-08-at-18.48.00-343x240.jpeg","contentUrl":"https:\/\/www.codental.com.br\/blog\/wp-content\/uploads\/2022\/11\/WhatsApp-Image-2022-11-08-at-18.48.00-343x240.jpeg","caption":"Marina Miranda"},"description":"Juizforana, 22 anos. Estudante, apaixonada por leitura e viciada em filmes de com\u00e9dia rom\u00e2ntica, quanto mais clich\u00ea melhor, e por esportes. Fui atleta desde pequena, o que me fez crescer super determinada e focada. Meu objetivo de vida \u00e9 retribuir aos meus pais tudo que me ofereceram.","url":"https:\/\/www.codental.com.br\/blog\/author\/marina\/"}]}},"_links":{"self":[{"href":"https:\/\/www.codental.com.br\/blog\/wp-json\/wp\/v2\/posts\/3522","targetHints":{"allow":["GET"]}}],"collection":[{"href":"https:\/\/www.codental.com.br\/blog\/wp-json\/wp\/v2\/posts"}],"about":[{"href":"https:\/\/www.codental.com.br\/blog\/wp-json\/wp\/v2\/types\/post"}],"author":[{"embeddable":true,"href":"https:\/\/www.codental.com.br\/blog\/wp-json\/wp\/v2\/users\/27"}],"replies":[{"embeddable":true,"href":"https:\/\/www.codental.com.br\/blog\/wp-json\/wp\/v2\/comments?post=3522"}],"version-history":[{"count":2,"href":"https:\/\/www.codental.com.br\/blog\/wp-json\/wp\/v2\/posts\/3522\/revisions"}],"predecessor-version":[{"id":3547,"href":"https:\/\/www.codental.com.br\/blog\/wp-json\/wp\/v2\/posts\/3522\/revisions\/3547"}],"wp:featuredmedia":[{"embeddable":true,"href":"https:\/\/www.codental.com.br\/blog\/wp-json\/wp\/v2\/media\/3544"}],"wp:attachment":[{"href":"https:\/\/www.codental.com.br\/blog\/wp-json\/wp\/v2\/media?parent=3522"}],"wp:term":[{"taxonomy":"category","embeddable":true,"href":"https:\/\/www.codental.com.br\/blog\/wp-json\/wp\/v2\/categories?post=3522"},{"taxonomy":"post_tag","embeddable":true,"href":"https:\/\/www.codental.com.br\/blog\/wp-json\/wp\/v2\/tags?post=3522"}],"curies":[{"name":"wp","href":"https:\/\/api.w.org\/{rel}","templated":true}]}}