{"id":3422,"date":"2023-05-06T17:00:00","date_gmt":"2023-05-06T20:00:00","guid":{"rendered":"https:\/\/www.codental.com.br\/blog\/?p=3422"},"modified":"2023-05-06T14:05:47","modified_gmt":"2023-05-06T17:05:47","slug":"lingua-rachada-aprenda-tudo-sobre-esse-problema","status":"publish","type":"post","link":"https:\/\/www.codental.com.br\/blog\/lingua-rachada-aprenda-tudo-sobre-esse-problema\/","title":{"rendered":"L\u00edngua rachada: aprenda tudo sobre esse problema"},"content":{"rendered":"\n<p>A <strong>l\u00edngua rachada<\/strong> \u00e9 uma condi\u00e7\u00e3o comum, mais comumente heredit\u00e1ria, por\u00e9m pode ocorrer em qualquer fase da vida humana.<\/p>\n\n\n\n<p>Tamb\u00e9m conhecida como l\u00edngua escrotal, apresenta rachaduras ou sulcos na extens\u00e3o da l\u00edngua, tal como desenhos, desde a inf\u00e2ncia.<\/p>\n\n\n\n<p>Neste artigo, vamos explorar as causas desse problema, al\u00e9m de elencar o que fazer quando perceber fissuras na l\u00edngua.<\/p>\n\n\n\n<h2 class=\"wp-block-heading\">Causas da l\u00edngua rachada <\/h2>\n\n\n\n<p>Embora a etiologia seja desconhecida, um estudo, em 2016, associou esta condi\u00e7\u00e3o a fatores gen\u00e9ticos.<\/p>\n\n\n\n<p>Ali\u00e1s, condi\u00e7\u00f5es como: s\u00edndrome de Down, Acromegalia, psor\u00edase e S\u00edndrome de Sjogrem caracterizam condi\u00e7\u00f5es causadoras da l\u00edngua rachada geneticamente.<\/p>\n\n\n\n<p>Al\u00e9m disso, a l\u00edngua geogr\u00e1fica, s\u00edndrome de Cowden e s\u00edndrome de Melkerson &#8211; Rosentha, s\u00e3o exemplos de l\u00edngua rachada oriundas de condi\u00e7\u00f5es gen\u00e9ticas.<\/p>\n\n\n\n<p>Entretanto, outras condi\u00e7\u00f5es, relacionadas a h\u00e1bitos nocivos e certos desequil\u00edbrios fisiol\u00f3gicos, podem causar a l\u00edngua rachada, como nos exemplos abaixo:<\/p>\n\n\n\n<h3 class=\"wp-block-heading\"><strong>Falta de hidrata\u00e7\u00e3o<\/strong><\/h3>\n\n\n\n<p>Quando o corpo n\u00e3o recebe a ingesta de l\u00edquidos suficientes, a l\u00edngua fica seca, logo, fissuras e rachaduras surgem.<\/p>\n\n\n\n<h3 class=\"wp-block-heading\"><strong>Estresse<\/strong><\/h3>\n\n\n\n<p>Nos casos de estresse, o sistema imunol\u00f3gico enfraquece proporcionando altera\u00e7\u00f5es na l\u00edngua, como, por exemplo, esbranqui\u00e7amento e aparecimento de ranhuras.<\/p>\n\n\n\n<h3 class=\"wp-block-heading\"><strong>Tabagismo<\/strong><\/h3>\n\n\n\n<p>Este provoca o ressecamento da boca al\u00e9m de alterar o pH salivar comprometendo os aspectos naturais da l\u00edngua, favorecendo a fissura lingual.<\/p>\n\n\n\n<h3 class=\"wp-block-heading\"><strong>Defici\u00eancias nutricionais<\/strong><\/h3>\n\n\n\n<p>A alimenta\u00e7\u00e3o deficiente em vitamina B12 e minerais, al\u00e9m de defici\u00eancias que dificultam a absor\u00e7\u00e3o de nutrientes, podem causar fissuras linguais.<\/p>\n\n\n\n<p>A defici\u00eancia de Ferro, em decorr\u00eancia da exist\u00eancia de vermes no organismo, provocam anemia, portanto, contribuem para esta condi\u00e7\u00e3o.<\/p>\n\n\n\n<h3 class=\"wp-block-heading\"><strong>Doen\u00e7as do trato gastrointestinal<\/strong><\/h3>\n\n\n\n<p>Pancreatite, colite e gastrite, al\u00e9m de refluxo gastroesof\u00e1gico, facilitam o surgimento de rachaduras na l\u00edngua.<\/p>\n\n\n\n<p>Isso se deve aos vapores \u00e1cidos que retornam para partes mais elevadas do sistema digestivo, provocando eros\u00e3o e, consequentemente, as fissuras linguais.<\/p>\n\n\n\n<h3 class=\"wp-block-heading\"><strong>Bruxismo<\/strong><\/h3>\n\n\n\n<p>O atrito frequente dos dentes provoca elevada press\u00e3o sobre a l\u00edngua, causando rachaduras.<\/p>\n\n\n\n<h3 class=\"wp-block-heading\"><strong>Diabetes<\/strong><\/h3>\n\n\n\n<p>Esta condi\u00e7\u00e3o gera xerostomia devido a hipossaliva\u00e7\u00e3o natural desta doen\u00e7a, afetando a l\u00edngua e, consequentemente, causando estas fissuras linguais. <\/p>\n\n\n\n<h3 class=\"wp-block-heading\"><strong>HIV<\/strong><\/h3>\n\n\n\n<p>Em estudo realizado, explorou-se a rela\u00e7\u00e3o entre essas rachaduras e o HIV. O estudo descobriu que a l\u00edngua rachada pode ser indicador clinico de HIV, em pacientes que vivem com esta doen\u00e7a.<\/p>\n\n\n\n<p>Al\u00e9m disso, condi\u00e7\u00f5es como a irrita\u00e7\u00e3o cr\u00f4nica da boca, o uso de certos medicamentos e algumas alergias alimentares, causam rachaduras na l\u00edngua.<\/p>\n\n\n\n<h2 class=\"wp-block-heading\">Quais s\u00e3o os sintomas da l\u00edngua rachada?<\/h2>\n\n\n\n<p>Embora seja uma condi\u00e7\u00e3o prevalentemente heredit\u00e1ria, observam-se os sintomas ainda na inf\u00e2ncia, acentuando-se essas caracter\u00edsticas ao longo do tempo.<\/p>\n\n\n\n<p>A l\u00edngua rachada n\u00e3o apresenta sintomas habituais, embora alguns pacientes possam sentir ard\u00eancia discreta na parte dorsal da l\u00edngua, ou dor nesta.<\/p>\n\n\n\n<p>Consequentemente o paciente pode desencadear um processo inflamat\u00f3rio ou infeccioso.<\/p>\n\n\n\n<p>Al\u00e9m disso, as fissuras e rachaduras, feridas e rachaduras em casos mais graves, al\u00e9m de dificuldade para mastigar, engolir e falar, por exemplo, s\u00e3o algum dos sintomas. <\/p>\n\n\n\n<p>Embora os sintomas da l\u00edngua rachada sejam desconfort\u00e1veis, sessam ou diminuem a partir de tratamentos atuantes nas causas desta patologia.<\/p>\n\n\n\n<h3 class=\"wp-block-heading\">Quais condi\u00e7\u00f5es agravam o problema?<\/h3>\n\n\n\n<p>Devido \u00e0 exist\u00eancia de fissuras, incluindo aus\u00eancia de uniformidade na l\u00edngua rachada, o ac\u00famulo de alimentos, entre outros res\u00edduos nestes sulcos, favorecem a:<\/p>\n\n\n\n<ul class=\"wp-block-list\"><li>Prolifera\u00e7\u00e3o de diversos fungos;<\/li><li>Prolifera\u00e7\u00e3o bacteriana.<\/li><\/ul>\n\n\n\n<p>Portanto, tais condi\u00e7\u00f5es causam dores e inc\u00f4modos, dificultando a mastiga\u00e7\u00e3o e a ingest\u00e3o de alimentos.<\/p>\n\n\n\n<h2 class=\"wp-block-heading\">Tratamentos para a l\u00edngua rachada<\/h2>\n\n\n\n<p>Embora a l\u00edngua rachada n\u00e3o seja considerada uma patologia e sim, uma condi\u00e7\u00e3o heredit\u00e1ria e multifatorial, o tratamento se d\u00e1 apenas para complica\u00e7\u00f5es decorrentes desta condi\u00e7\u00e3o.<\/p>\n\n\n\n<p>Logo, aumentar a ingest\u00e3o de l\u00edquidos, al\u00e9m de melhorar a dieta, por exemplo, geram diminui\u00e7\u00e3o dos sintomas.<\/p>\n\n\n\n<p>Entretanto, em casos de complica\u00e7\u00f5es decorrentes, tais como infec\u00e7\u00f5es e inflama\u00e7\u00f5es, o uso de antif\u00fangicos, antibi\u00f3ticos e anti-inflamat\u00f3rios devem ser prescritos a fim de diminuir os preju\u00edzos causados em decorr\u00eancia da l\u00edngua rachada.<\/p>\n\n\n\n<p>Al\u00e9m disso, em casos de ard\u00eancia, dor ou ouros inc\u00f4modos, o acompanhamento do dentista \u00e9 fundamental para um tratamento adequado ao paciente.<\/p>\n\n\n\n<p>Ademais, alguns alimentos, pr\u00e1ticas e rem\u00e9dios caseiros podem aliviar os inc\u00f4modos, tais como:<\/p>\n\n\n\n<ul class=\"wp-block-list\"><li>Diminuir ingest\u00e3o de \u00e1lcool, al\u00e9m de reduzir o h\u00e1bito tabagista;<\/li><li>Diminuir a ingest\u00e3o de alimentos \u00e1cidos;<\/li><li>Ingerir alimentos com potenciais anti-bacterianos como mel, por exemplo;<\/li><li>Fazer uso de enxaguantes bucais como clorexidina diariamente;<\/li><li>Realizar bochechos com bicarbonato de s\u00f3dio.<\/li><\/ul>\n\n\n\n<h3 class=\"wp-block-heading\">Como evitar a l\u00edngua rachada<\/h3>\n\n\n\n<p>Embora a l\u00edngua rachada seja prevalentemente gen\u00e9tica, cuidados de higiene bucal podem diminuir o surgimento e complica\u00e7\u00f5es do problema em outras condi\u00e7\u00f5es.<\/p>\n\n\n\n<p>Por\u00e9m, nos casos heredit\u00e1rios, n\u00e3o h\u00e1 como evit\u00e1-la.<\/p>\n\n\n\n<p>Por n\u00e3o se tratar de uma patologia, a fissura lingual \u00e9 normal e pode acarretar qualquer pessoa. Por\u00e9m, como descrito acima, cuidados com a alimenta\u00e7\u00e3o, e bons h\u00e1bitos de vida, s\u00e3o medidas preventivas contra essa condi\u00e7\u00e3o.<\/p>\n\n\n\n<p>Portanto, ao manter uma boa higiene oral, tanto nos dentes, como na l\u00edngua e gengiva, podemos contribuir para o n\u00e3o acometimento da l\u00edngua rachada.<\/p>\n\n\n\n<p>Nos casos de sua exist\u00eancia, com devida aten\u00e7\u00e3o e cuidado, \u00e9 poss\u00edvel lidar e conviver sem preju\u00edzos com a l\u00edngua rachada.<\/p>\n","protected":false},"excerpt":{"rendered":"<p>A l\u00edngua rachada \u00e9 uma condi\u00e7\u00e3o comum, mais comumente heredit\u00e1ria, por\u00e9m pode ocorrer em&#8230;<\/p>\n","protected":false},"author":30,"featured_media":3569,"comment_status":"open","ping_status":"closed","sticky":false,"template":"","format":"standard","meta":{"_target_audience":"","footnotes":""},"categories":[247],"tags":[445,456],"class_list":["post-3422","post","type-post","status-publish","format-standard","has-post-thumbnail","hentry","category-doencas-odontologicas","tag-doencas-na-lingua","tag-lingua-rachada"],"yoast_head":"<!-- This site is optimized with the Yoast SEO plugin v27.2 - https:\/\/yoast.com\/product\/yoast-seo-wordpress\/ -->\n<title>L\u00edngua rachada: aprenda tudo sobre esse problema<\/title>\n<meta name=\"description\" content=\"A l\u00edngua rachada \u00e9 uma condi\u00e7\u00e3o comum, mais comumente heredit\u00e1ria, por\u00e9m pode ocorrer em qualquer fase da vida humana.\" \/>\n<meta name=\"robots\" content=\"index, follow, max-snippet:-1, max-image-preview:large, max-video-preview:-1\" \/>\n<link rel=\"canonical\" href=\"https:\/\/www.codental.com.br\/blog\/lingua-rachada-aprenda-tudo-sobre-esse-problema\/\" \/>\n<meta property=\"og:locale\" content=\"pt_BR\" \/>\n<meta property=\"og:type\" content=\"article\" \/>\n<meta property=\"og:title\" content=\"L\u00edngua rachada: aprenda tudo sobre esse problema\" \/>\n<meta property=\"og:description\" content=\"A l\u00edngua rachada \u00e9 uma condi\u00e7\u00e3o comum, mais comumente heredit\u00e1ria, por\u00e9m pode ocorrer em qualquer fase da vida humana.\" \/>\n<meta property=\"og:url\" content=\"https:\/\/www.codental.com.br\/blog\/lingua-rachada-aprenda-tudo-sobre-esse-problema\/\" \/>\n<meta property=\"og:site_name\" content=\"Codental Blog\" \/>\n<meta property=\"article:publisher\" content=\"http:\/\/www.facebook.com\/codentalbr\" \/>\n<meta property=\"article:published_time\" content=\"2023-05-06T20:00:00+00:00\" \/>\n<meta property=\"og:image\" content=\"https:\/\/www.codental.com.br\/blog\/wp-content\/uploads\/2023\/05\/lingua-rachada.jpg\" \/>\n\t<meta property=\"og:image:width\" content=\"1010\" \/>\n\t<meta property=\"og:image:height\" content=\"550\" \/>\n\t<meta property=\"og:image:type\" content=\"image\/jpeg\" \/>\n<meta name=\"author\" content=\"Jaqueline\" \/>\n<meta name=\"twitter:card\" content=\"summary_large_image\" \/>\n<meta name=\"twitter:creator\" content=\"@CodentalBr\" \/>\n<meta name=\"twitter:site\" content=\"@CodentalBr\" \/>\n<meta name=\"twitter:label1\" content=\"Escrito por\" \/>\n\t<meta name=\"twitter:data1\" content=\"Jaqueline\" \/>\n\t<meta name=\"twitter:label2\" content=\"Est. tempo de leitura\" \/>\n\t<meta name=\"twitter:data2\" content=\"5 minutos\" \/>\n<script type=\"application\/ld+json\" class=\"yoast-schema-graph\">{\"@context\":\"https:\/\/schema.org\",\"@graph\":[{\"@type\":\"Article\",\"@id\":\"https:\/\/www.codental.com.br\/blog\/lingua-rachada-aprenda-tudo-sobre-esse-problema\/#article\",\"isPartOf\":{\"@id\":\"https:\/\/www.codental.com.br\/blog\/lingua-rachada-aprenda-tudo-sobre-esse-problema\/\"},\"author\":{\"name\":\"Jaqueline\",\"@id\":\"https:\/\/www.codental.com.br\/blog\/#\/schema\/person\/7506ab8d7a0b35cdfe68fae4ee2f9277\"},\"headline\":\"L\u00edngua rachada: aprenda tudo sobre esse problema\",\"datePublished\":\"2023-05-06T20:00:00+00:00\",\"mainEntityOfPage\":{\"@id\":\"https:\/\/www.codental.com.br\/blog\/lingua-rachada-aprenda-tudo-sobre-esse-problema\/\"},\"wordCount\":958,\"commentCount\":0,\"publisher\":{\"@id\":\"https:\/\/www.codental.com.br\/blog\/#organization\"},\"image\":{\"@id\":\"https:\/\/www.codental.com.br\/blog\/lingua-rachada-aprenda-tudo-sobre-esse-problema\/#primaryimage\"},\"thumbnailUrl\":\"https:\/\/www.codental.com.br\/blog\/wp-content\/uploads\/2023\/05\/lingua-rachada.jpg\",\"keywords\":[\"Doen\u00e7as na l\u00edngua\",\"L\u00edngua rachada\"],\"articleSection\":[\"Doen\u00e7as odontol\u00f3gicas\"],\"inLanguage\":\"pt-BR\",\"potentialAction\":[{\"@type\":\"CommentAction\",\"name\":\"Comment\",\"target\":[\"https:\/\/www.codental.com.br\/blog\/lingua-rachada-aprenda-tudo-sobre-esse-problema\/#respond\"]}]},{\"@type\":\"WebPage\",\"@id\":\"https:\/\/www.codental.com.br\/blog\/lingua-rachada-aprenda-tudo-sobre-esse-problema\/\",\"url\":\"https:\/\/www.codental.com.br\/blog\/lingua-rachada-aprenda-tudo-sobre-esse-problema\/\",\"name\":\"L\u00edngua rachada: aprenda tudo sobre esse problema\",\"isPartOf\":{\"@id\":\"https:\/\/www.codental.com.br\/blog\/#website\"},\"primaryImageOfPage\":{\"@id\":\"https:\/\/www.codental.com.br\/blog\/lingua-rachada-aprenda-tudo-sobre-esse-problema\/#primaryimage\"},\"image\":{\"@id\":\"https:\/\/www.codental.com.br\/blog\/lingua-rachada-aprenda-tudo-sobre-esse-problema\/#primaryimage\"},\"thumbnailUrl\":\"https:\/\/www.codental.com.br\/blog\/wp-content\/uploads\/2023\/05\/lingua-rachada.jpg\",\"datePublished\":\"2023-05-06T20:00:00+00:00\",\"description\":\"A l\u00edngua rachada \u00e9 uma condi\u00e7\u00e3o comum, mais comumente heredit\u00e1ria, por\u00e9m pode ocorrer em qualquer fase da vida humana.\",\"breadcrumb\":{\"@id\":\"https:\/\/www.codental.com.br\/blog\/lingua-rachada-aprenda-tudo-sobre-esse-problema\/#breadcrumb\"},\"inLanguage\":\"pt-BR\",\"potentialAction\":[{\"@type\":\"ReadAction\",\"target\":[\"https:\/\/www.codental.com.br\/blog\/lingua-rachada-aprenda-tudo-sobre-esse-problema\/\"]}]},{\"@type\":\"ImageObject\",\"inLanguage\":\"pt-BR\",\"@id\":\"https:\/\/www.codental.com.br\/blog\/lingua-rachada-aprenda-tudo-sobre-esse-problema\/#primaryimage\",\"url\":\"https:\/\/www.codental.com.br\/blog\/wp-content\/uploads\/2023\/05\/lingua-rachada.jpg\",\"contentUrl\":\"https:\/\/www.codental.com.br\/blog\/wp-content\/uploads\/2023\/05\/lingua-rachada.jpg\",\"width\":1010,\"height\":550,\"caption\":\"l\u00edngua rachada\"},{\"@type\":\"BreadcrumbList\",\"@id\":\"https:\/\/www.codental.com.br\/blog\/lingua-rachada-aprenda-tudo-sobre-esse-problema\/#breadcrumb\",\"itemListElement\":[{\"@type\":\"ListItem\",\"position\":1,\"name\":\"In\u00edcio\",\"item\":\"https:\/\/www.codental.com.br\/blog\/\"},{\"@type\":\"ListItem\",\"position\":2,\"name\":\"L\u00edngua rachada: aprenda tudo sobre esse problema\"}]},{\"@type\":\"WebSite\",\"@id\":\"https:\/\/www.codental.com.br\/blog\/#website\",\"url\":\"https:\/\/www.codental.com.br\/blog\/\",\"name\":\"Codental Blog\",\"description\":\"Artigos e not\u00edcias sobre odontologia\",\"publisher\":{\"@id\":\"https:\/\/www.codental.com.br\/blog\/#organization\"},\"potentialAction\":[{\"@type\":\"SearchAction\",\"target\":{\"@type\":\"EntryPoint\",\"urlTemplate\":\"https:\/\/www.codental.com.br\/blog\/?s={search_term_string}\"},\"query-input\":{\"@type\":\"PropertyValueSpecification\",\"valueRequired\":true,\"valueName\":\"search_term_string\"}}],\"inLanguage\":\"pt-BR\"},{\"@type\":\"Organization\",\"@id\":\"https:\/\/www.codental.com.br\/blog\/#organization\",\"name\":\"Codental\",\"url\":\"https:\/\/codental.com.br\/\",\"logo\":{\"@type\":\"ImageObject\",\"inLanguage\":\"pt-BR\",\"@id\":\"https:\/\/www.codental.com.br\/blog\/#\/schema\/logo\/image\/\",\"url\":\"https:\/\/www.codental.com.br\/blog\/wp-content\/uploads\/2018\/10\/logo.png\",\"contentUrl\":\"https:\/\/www.codental.com.br\/blog\/wp-content\/uploads\/2018\/10\/logo.png\",\"width\":1200,\"height\":300,\"caption\":\"Codental\"},\"image\":{\"@id\":\"https:\/\/www.codental.com.br\/blog\/#\/schema\/logo\/image\/\"},\"sameAs\":[\"http:\/\/www.facebook.com\/codentalbr\",\"https:\/\/x.com\/CodentalBr\",\"https:\/\/www.instagram.com\/codentalbr\/\"]},{\"@type\":\"Person\",\"@id\":\"https:\/\/www.codental.com.br\/blog\/#\/schema\/person\/7506ab8d7a0b35cdfe68fae4ee2f9277\",\"name\":\"Jaqueline\",\"image\":{\"@type\":\"ImageObject\",\"inLanguage\":\"pt-BR\",\"@id\":\"https:\/\/www.codental.com.br\/blog\/wp-content\/uploads\/2022\/11\/WhatsApp-Image-2022-11-23-at-18.30.21-343x240.jpeg\",\"url\":\"https:\/\/www.codental.com.br\/blog\/wp-content\/uploads\/2022\/11\/WhatsApp-Image-2022-11-23-at-18.30.21-343x240.jpeg\",\"contentUrl\":\"https:\/\/www.codental.com.br\/blog\/wp-content\/uploads\/2022\/11\/WhatsApp-Image-2022-11-23-at-18.30.21-343x240.jpeg\",\"caption\":\"Jaqueline\"},\"description\":\"Mineira, 38 anos. Dentista cl\u00ednica geral e jornalista. Apaixonada por artes, m\u00fasica e culin\u00e1ria, um trio perfeito para bons encontros com os amigos.\",\"url\":\"https:\/\/www.codental.com.br\/blog\/author\/jackeline\/\"}]}<\/script>\n<!-- \/ Yoast SEO plugin. -->","yoast_head_json":{"title":"L\u00edngua rachada: aprenda tudo sobre esse problema","description":"A l\u00edngua rachada \u00e9 uma condi\u00e7\u00e3o comum, mais comumente heredit\u00e1ria, por\u00e9m pode ocorrer em qualquer fase da vida humana.","robots":{"index":"index","follow":"follow","max-snippet":"max-snippet:-1","max-image-preview":"max-image-preview:large","max-video-preview":"max-video-preview:-1"},"canonical":"https:\/\/www.codental.com.br\/blog\/lingua-rachada-aprenda-tudo-sobre-esse-problema\/","og_locale":"pt_BR","og_type":"article","og_title":"L\u00edngua rachada: aprenda tudo sobre esse problema","og_description":"A l\u00edngua rachada \u00e9 uma condi\u00e7\u00e3o comum, mais comumente heredit\u00e1ria, por\u00e9m pode ocorrer em qualquer fase da vida humana.","og_url":"https:\/\/www.codental.com.br\/blog\/lingua-rachada-aprenda-tudo-sobre-esse-problema\/","og_site_name":"Codental Blog","article_publisher":"http:\/\/www.facebook.com\/codentalbr","article_published_time":"2023-05-06T20:00:00+00:00","og_image":[{"width":1010,"height":550,"url":"https:\/\/www.codental.com.br\/blog\/wp-content\/uploads\/2023\/05\/lingua-rachada.jpg","type":"image\/jpeg"}],"author":"Jaqueline","twitter_card":"summary_large_image","twitter_creator":"@CodentalBr","twitter_site":"@CodentalBr","twitter_misc":{"Escrito por":"Jaqueline","Est. tempo de leitura":"5 minutos"},"schema":{"@context":"https:\/\/schema.org","@graph":[{"@type":"Article","@id":"https:\/\/www.codental.com.br\/blog\/lingua-rachada-aprenda-tudo-sobre-esse-problema\/#article","isPartOf":{"@id":"https:\/\/www.codental.com.br\/blog\/lingua-rachada-aprenda-tudo-sobre-esse-problema\/"},"author":{"name":"Jaqueline","@id":"https:\/\/www.codental.com.br\/blog\/#\/schema\/person\/7506ab8d7a0b35cdfe68fae4ee2f9277"},"headline":"L\u00edngua rachada: aprenda tudo sobre esse problema","datePublished":"2023-05-06T20:00:00+00:00","mainEntityOfPage":{"@id":"https:\/\/www.codental.com.br\/blog\/lingua-rachada-aprenda-tudo-sobre-esse-problema\/"},"wordCount":958,"commentCount":0,"publisher":{"@id":"https:\/\/www.codental.com.br\/blog\/#organization"},"image":{"@id":"https:\/\/www.codental.com.br\/blog\/lingua-rachada-aprenda-tudo-sobre-esse-problema\/#primaryimage"},"thumbnailUrl":"https:\/\/www.codental.com.br\/blog\/wp-content\/uploads\/2023\/05\/lingua-rachada.jpg","keywords":["Doen\u00e7as na l\u00edngua","L\u00edngua rachada"],"articleSection":["Doen\u00e7as odontol\u00f3gicas"],"inLanguage":"pt-BR","potentialAction":[{"@type":"CommentAction","name":"Comment","target":["https:\/\/www.codental.com.br\/blog\/lingua-rachada-aprenda-tudo-sobre-esse-problema\/#respond"]}]},{"@type":"WebPage","@id":"https:\/\/www.codental.com.br\/blog\/lingua-rachada-aprenda-tudo-sobre-esse-problema\/","url":"https:\/\/www.codental.com.br\/blog\/lingua-rachada-aprenda-tudo-sobre-esse-problema\/","name":"L\u00edngua rachada: aprenda tudo sobre esse problema","isPartOf":{"@id":"https:\/\/www.codental.com.br\/blog\/#website"},"primaryImageOfPage":{"@id":"https:\/\/www.codental.com.br\/blog\/lingua-rachada-aprenda-tudo-sobre-esse-problema\/#primaryimage"},"image":{"@id":"https:\/\/www.codental.com.br\/blog\/lingua-rachada-aprenda-tudo-sobre-esse-problema\/#primaryimage"},"thumbnailUrl":"https:\/\/www.codental.com.br\/blog\/wp-content\/uploads\/2023\/05\/lingua-rachada.jpg","datePublished":"2023-05-06T20:00:00+00:00","description":"A l\u00edngua rachada \u00e9 uma condi\u00e7\u00e3o comum, mais comumente heredit\u00e1ria, por\u00e9m pode ocorrer em qualquer fase da vida humana.","breadcrumb":{"@id":"https:\/\/www.codental.com.br\/blog\/lingua-rachada-aprenda-tudo-sobre-esse-problema\/#breadcrumb"},"inLanguage":"pt-BR","potentialAction":[{"@type":"ReadAction","target":["https:\/\/www.codental.com.br\/blog\/lingua-rachada-aprenda-tudo-sobre-esse-problema\/"]}]},{"@type":"ImageObject","inLanguage":"pt-BR","@id":"https:\/\/www.codental.com.br\/blog\/lingua-rachada-aprenda-tudo-sobre-esse-problema\/#primaryimage","url":"https:\/\/www.codental.com.br\/blog\/wp-content\/uploads\/2023\/05\/lingua-rachada.jpg","contentUrl":"https:\/\/www.codental.com.br\/blog\/wp-content\/uploads\/2023\/05\/lingua-rachada.jpg","width":1010,"height":550,"caption":"l\u00edngua rachada"},{"@type":"BreadcrumbList","@id":"https:\/\/www.codental.com.br\/blog\/lingua-rachada-aprenda-tudo-sobre-esse-problema\/#breadcrumb","itemListElement":[{"@type":"ListItem","position":1,"name":"In\u00edcio","item":"https:\/\/www.codental.com.br\/blog\/"},{"@type":"ListItem","position":2,"name":"L\u00edngua rachada: aprenda tudo sobre esse problema"}]},{"@type":"WebSite","@id":"https:\/\/www.codental.com.br\/blog\/#website","url":"https:\/\/www.codental.com.br\/blog\/","name":"Codental Blog","description":"Artigos e not\u00edcias sobre odontologia","publisher":{"@id":"https:\/\/www.codental.com.br\/blog\/#organization"},"potentialAction":[{"@type":"SearchAction","target":{"@type":"EntryPoint","urlTemplate":"https:\/\/www.codental.com.br\/blog\/?s={search_term_string}"},"query-input":{"@type":"PropertyValueSpecification","valueRequired":true,"valueName":"search_term_string"}}],"inLanguage":"pt-BR"},{"@type":"Organization","@id":"https:\/\/www.codental.com.br\/blog\/#organization","name":"Codental","url":"https:\/\/codental.com.br\/","logo":{"@type":"ImageObject","inLanguage":"pt-BR","@id":"https:\/\/www.codental.com.br\/blog\/#\/schema\/logo\/image\/","url":"https:\/\/www.codental.com.br\/blog\/wp-content\/uploads\/2018\/10\/logo.png","contentUrl":"https:\/\/www.codental.com.br\/blog\/wp-content\/uploads\/2018\/10\/logo.png","width":1200,"height":300,"caption":"Codental"},"image":{"@id":"https:\/\/www.codental.com.br\/blog\/#\/schema\/logo\/image\/"},"sameAs":["http:\/\/www.facebook.com\/codentalbr","https:\/\/x.com\/CodentalBr","https:\/\/www.instagram.com\/codentalbr\/"]},{"@type":"Person","@id":"https:\/\/www.codental.com.br\/blog\/#\/schema\/person\/7506ab8d7a0b35cdfe68fae4ee2f9277","name":"Jaqueline","image":{"@type":"ImageObject","inLanguage":"pt-BR","@id":"https:\/\/www.codental.com.br\/blog\/wp-content\/uploads\/2022\/11\/WhatsApp-Image-2022-11-23-at-18.30.21-343x240.jpeg","url":"https:\/\/www.codental.com.br\/blog\/wp-content\/uploads\/2022\/11\/WhatsApp-Image-2022-11-23-at-18.30.21-343x240.jpeg","contentUrl":"https:\/\/www.codental.com.br\/blog\/wp-content\/uploads\/2022\/11\/WhatsApp-Image-2022-11-23-at-18.30.21-343x240.jpeg","caption":"Jaqueline"},"description":"Mineira, 38 anos. Dentista cl\u00ednica geral e jornalista. Apaixonada por artes, m\u00fasica e culin\u00e1ria, um trio perfeito para bons encontros com os amigos.","url":"https:\/\/www.codental.com.br\/blog\/author\/jackeline\/"}]}},"_links":{"self":[{"href":"https:\/\/www.codental.com.br\/blog\/wp-json\/wp\/v2\/posts\/3422","targetHints":{"allow":["GET"]}}],"collection":[{"href":"https:\/\/www.codental.com.br\/blog\/wp-json\/wp\/v2\/posts"}],"about":[{"href":"https:\/\/www.codental.com.br\/blog\/wp-json\/wp\/v2\/types\/post"}],"author":[{"embeddable":true,"href":"https:\/\/www.codental.com.br\/blog\/wp-json\/wp\/v2\/users\/30"}],"replies":[{"embeddable":true,"href":"https:\/\/www.codental.com.br\/blog\/wp-json\/wp\/v2\/comments?post=3422"}],"version-history":[{"count":16,"href":"https:\/\/www.codental.com.br\/blog\/wp-json\/wp\/v2\/posts\/3422\/revisions"}],"predecessor-version":[{"id":3570,"href":"https:\/\/www.codental.com.br\/blog\/wp-json\/wp\/v2\/posts\/3422\/revisions\/3570"}],"wp:featuredmedia":[{"embeddable":true,"href":"https:\/\/www.codental.com.br\/blog\/wp-json\/wp\/v2\/media\/3569"}],"wp:attachment":[{"href":"https:\/\/www.codental.com.br\/blog\/wp-json\/wp\/v2\/media?parent=3422"}],"wp:term":[{"taxonomy":"category","embeddable":true,"href":"https:\/\/www.codental.com.br\/blog\/wp-json\/wp\/v2\/categories?post=3422"},{"taxonomy":"post_tag","embeddable":true,"href":"https:\/\/www.codental.com.br\/blog\/wp-json\/wp\/v2\/tags?post=3422"}],"curies":[{"name":"wp","href":"https:\/\/api.w.org\/{rel}","templated":true}]}}