{"id":3363,"date":"2023-04-26T17:00:00","date_gmt":"2023-04-26T20:00:00","guid":{"rendered":"https:\/\/www.codental.com.br\/blog\/?p=3363"},"modified":"2023-04-26T14:48:48","modified_gmt":"2023-04-26T17:48:48","slug":"candidiase-na-lingua-causa-diagnostico-e-tratamento","status":"publish","type":"post","link":"https:\/\/www.codental.com.br\/blog\/candidiase-na-lingua-causa-diagnostico-e-tratamento\/","title":{"rendered":"Candid\u00edase na l\u00edngua: causa, diagn\u00f3stico e tratamento"},"content":{"rendered":"\n<p>A <strong>candid\u00edase na l\u00edngua<\/strong> \u00e9 uma doen\u00e7a causada pela <strong>Candida albicans<\/strong>, um tipo de fungo que vive naturalmente em nosso corpo, mas quando prolifera na boca, causam sintomas e grandes desconfortos. Dito isso, esse artigo tratar\u00e1 tudo sobre essa doen\u00e7a que pode acometer pessoas de todas as idades e informar acerca do diagn\u00f3stico e tratamento.<\/p>\n\n\n\n<h2 class=\"wp-block-heading\">O que causa a candid\u00edase na l\u00edngua?&nbsp;<\/h2>\n\n\n\n<p>Primeiramente, como foi dito, a doen\u00e7a \u00e9 causado pelo crescimento excessivo do fungo, Candida albicans na boca e na l\u00edngua.<\/p>\n\n\n\n<p>Geralmente, o sistema imunol\u00f3gico e a presen\u00e7a de bact\u00e9rias ben\u00e9ficas na boca ajudam a controlar o crescimento desses fungos. No entanto, algumas condi\u00e7\u00f5es podem desequilibrar essa flora bacteriana e favorecer o crescimento excessivo de Candida.<\/p>\n\n\n\n<p><strong>Alguns fatores podem aumentar o risco de candid\u00edase na l\u00edngua, como:<\/strong><\/p>\n\n\n\n<ul class=\"wp-block-list\"><li>Uso prolongado de antibi\u00f3ticos<\/li><li>Diabete<\/li><li>Uso prolongado de corticoides<\/li><li>Uso de <a href=\"https:\/\/www.codental.com.br\/blog\/protese-dentaria-conheca-os-principais-tipos\/?utm_source=blog&utm_medium=referral&utm_content=candidiase-na-lingua-causa-diagnostico-e-tratamento\">pr\u00f3teses <\/a>dent\u00e1rias mal ajustadas<\/li><li>Uso de inaladores para asma sem enxaguar a boca adequadamente<\/li><li>Sistema imunol\u00f3gico enfraquecido, como em casos de HIV\/AIDS, c\u00e2ncer, transplantes de \u00f3rg\u00e3os ou uso de imunossupressores<\/li><li>Xerostomia<\/li><\/ul>\n\n\n\n<p>Al\u00e9m disso, outros fatores, como a gravidez, uso de anticoncepcionais hormonais e h\u00e1bitos de higiene bucal inadequados, tamb\u00e9m podem aumentar o risco de candid\u00edase oral.<\/p>\n\n\n\n<h2 class=\"wp-block-heading\">Como \u00e9 transmitida a candid\u00edase oral?&nbsp;<\/h2>\n\n\n\n<p>Encontra-se com frequ\u00eancia o fungo da candid\u00edase na boca e na garganta de muitas pessoas sem causar problemas. Sendo assim, a saliva pode atuar como um meio de transmiss\u00e3o da infec\u00e7\u00e3o de uma pessoa para outra, que, se estiver com sistema imunol\u00f3gico comprometido, apresentar\u00e1 sintomas mais vis\u00edveis.<\/p>\n\n\n\n<p>Isso pode acontecer por meio de <strong>beijos, compartilhamento de utens\u00edlios de cozinha, copos, escovas de dentes ou outros objetos que possam estar contaminados com a saliva de uma pessoa infectada<\/strong>.<\/p>\n\n\n\n<h2 class=\"wp-block-heading\">Sintomas da candid\u00edase na l\u00edngua:<\/h2>\n\n\n\n<p>Os sintomas da candid\u00edase na l\u00edngua podem variar, mas incluem:<\/p>\n\n\n\n<ul class=\"wp-block-list\"><li>Manchas brancas ou amareladas na l\u00edngua, que podem se espalhar para outras partes da boca, como gengivas, bochechas e garganta<\/li><li>Dor na l\u00edngua e nas \u00e1reas afetadas<\/li><li>Vermelhid\u00e3o e incha\u00e7o no local&nbsp;<\/li><li>Sensa\u00e7\u00e3o de queima\u00e7\u00e3o na l\u00edngua e nas \u00e1reas afetadas<\/li><li>Gosto ruim na boca ou altera\u00e7\u00e3o do paladar<\/li><li>Dificuldade em engolir<\/li><\/ul>\n\n\n\n<p>\u00c9 importante pontuar que os sintomas, geralmente, s\u00e3o mais intensos em pessoas com sistemas imunol\u00f3gicos enfraquecidos ou que tomam medicamentos que suprimem o sistema imunol\u00f3gico.&nbsp;<\/p>\n\n\n\n<p><strong>Al\u00e9m disso, em casos graves, a candid\u00edase na l\u00edngua pode se espalhar para outras partes da boca, incluindo gengivas, bochechas e palato, e pode at\u00e9 mesmo se espalhar para outras partes do corpo em pacientes com imunidade comprometida.<\/strong><\/p>\n\n\n\n<h2 class=\"wp-block-heading\">Tratamento candid\u00edase oral<\/h2>\n\n\n\n<p><strong>O tratamento da candid\u00edase na l\u00edngua depende da gravidade dos sintomas e da causa subjacente da infec\u00e7\u00e3o. <\/strong>Em alguns casos, o tratamento pode levar algumas semanas ou meses para ser completamente eficaz, mas, no geral, as orienta\u00e7\u00f5es e o tratamento incluem:<\/p>\n\n\n\n<h3 class=\"wp-block-heading\">Antif\u00fangicos t\u00f3picos:<\/h3>\n\n\n\n<p>O dentista pode prescrever medicamentos antif\u00fangicos em forma de lo\u00e7\u00f5es, cremes ou solu\u00e7\u00f5es para aplicar diretamente nas \u00e1reas afetadas. Exemplos de antif\u00fangicos t\u00f3picos incluem<strong> nistatina, miconazol e clotrimazol.<\/strong><\/p>\n\n\n\n<h3 class=\"wp-block-heading\">Antif\u00fangicos orais:&nbsp;<\/h3>\n\n\n\n<p>Em casos mais graves ou persistentes, o dentista deve prescrever medicamentos antif\u00fangicos em forma de comprimidos ou c\u00e1psulas para serem tomados por via oral. Como exemplo, tem-se<strong> fluconazol, itraconazol e voriconazol<\/strong>.<\/p>\n\n\n\n<h3 class=\"wp-block-heading\">Tratamento da causa subjacente:<\/h3>\n\n\n\n<p>Se a candid\u00edase na l\u00edngua estiver sendo causada por uma condi\u00e7\u00e3o subjacente, como diabete ou uso de antibi\u00f3ticos, o tratamento dessas condi\u00e7\u00f5es pode ajudar a controlar a infec\u00e7\u00e3o.<\/p>\n\n\n\n<h3 class=\"wp-block-heading\">Mudan\u00e7as na dieta<\/h3>\n\n\n\n<p>\u00c9 importante evitar alimentos a\u00e7ucarados ou fermentados, pois podem alimentar o crescimento de fungos. Para mais, deve-se e aumentar a ingest\u00e3o de alimentos ricos em probi\u00f3ticos, como iogurte, podem ajudar a controlar o crescimento de c\u00e2ndida na boca.<\/p>\n\n\n\n<h2 class=\"wp-block-heading\">Como diagnosticar a candid\u00edase na l\u00edngua?&nbsp;<\/h2>\n\n\n\n<p><strong>O dentista pode diagnosticar a candid\u00edase na l\u00edngua mediante um exame cl\u00ednico e, se necess\u00e1rio, de testes adicionais.<\/strong><\/p>\n\n\n\n<p>Durante o exame, o dentista deve observar a <strong>apar\u00eancia da l\u00edngua e da boca<\/strong> e perguntar sobre os<strong> sintomas<\/strong> que o paciente est\u00e1 experimentando e sobre o <strong>hist\u00f3rico m\u00e9dico e odontol\u00f3gico do paciente<\/strong>.&nbsp;<\/p>\n\n\n\n<p>Al\u00e9m disso, alguns profissionais da sa\u00fade podem confundir a candid\u00edase com outras condi\u00e7\u00f5es, pois possuem alguns sintomas parecidos, como:<\/p>\n\n\n\n<ul class=\"wp-block-list\"><li><strong>Leucoplasia<\/strong>: \u00e9 um tipo de les\u00e3o que causa manchas brancas na boca, mas n\u00e3o \u00e9 causada por fungos. Frequentemente, associam a leucoplasia ao tabagismo e ao uso excessivo de \u00e1lcool.<\/li><li><strong>L\u00edquen plano oral<\/strong>: \u00e9 uma doen\u00e7a inflamat\u00f3ria cr\u00f4nica da mucosa oral, que pode causar les\u00f5es brancas, vermelhas ou mistas na boca, al\u00e9m de dor e sensibilidade. <\/li><li><strong>Herpes oral<\/strong>: \u00e9 uma infec\u00e7\u00e3o viral causada pelo v\u00edrus herpes simplex. Os sintomas podem incluir bolhas dolorosas, que podem se romper e formar feridas na boca e nos l\u00e1bios<\/li><\/ul>\n\n\n\n<p>Logo, o profissional tamb\u00e9m pode realizar um teste para confirmar o diagn\u00f3stico de candid\u00edase na l\u00edngua e n\u00e3o confundir com outros poss\u00edveis fungos. Um m\u00e9todo comum \u00e9 a <strong>coleta de amostras de tecido da l\u00edngua ou da boca para an\u00e1lise em um laborat\u00f3rio.<\/strong> Nessas amostras devem examinar sob um microsc\u00f3pio para verificar a presen\u00e7a de <em>Candida albicans.<\/em><\/p>\n\n\n\n<p>Em alguns casos, o dentista pode encaminh\u00e1-lo a um m\u00e9dico especialista em doen\u00e7as infecciosas para um diagn\u00f3stico mais preciso e tratamento adequado, especialmente se houver uma suspeita de uma causa subjacente mais grave.<\/p>\n\n\n\n<h2 class=\"wp-block-heading\">Como prevenir a candid\u00edase<\/h2>\n\n\n\n<p>Por fim, \u00e9 importante que o dentista oriente seu paciente com objetivo de prevenir novas contamina\u00e7\u00f5es pelo fungo. Sendo assim, as orienta\u00e7\u00f5es s\u00e3o voltadas para a melhora do sistema imunol\u00f3gico do paciente e a preven\u00e7\u00e3o da transmiss\u00e3o, como: <\/p>\n\n\n\n<ul class=\"wp-block-list\"><li><strong>Manter uma boa higiene oral<\/strong>: escovar os dentes regularmente e usar fio dental, ir\u00e1 remover restos de alimentos e placas bacterianas que podem promover o crescimento excessivo de<em> Candida albicans.<\/em><\/li><\/ul>\n\n\n\n<ul class=\"wp-block-list\"><li><strong>Evitar o uso excessivo de antibi\u00f3ticos e corticoides: <\/strong>pois esses medicamentos podem afetar o equil\u00edbrio normal de fungos e bact\u00e9rias na boca, o que pode aumentar o risco de infec\u00e7\u00f5es f\u00fangicas.<\/li><\/ul>\n\n\n\n<ul class=\"wp-block-list\"><li><strong>Evitar o tabagismo e o consumo excessivo de \u00e1lcool<\/strong>: esses h\u00e1bitos podem enfraquecer o sistema imunol\u00f3gico, aumentando o risco de infec\u00e7\u00f5es, incluindo a candid\u00edase oral.<\/li><\/ul>\n\n\n\n<ul class=\"wp-block-list\"><li><strong>Manter um estilo de vida saud\u00e1vel<\/strong>: uma dieta equilibrada, exerc\u00edcios regulares e um sono adequado podem ajudar a fortalecer o sistema imunol\u00f3gico e reduzir o risco de infec\u00e7\u00f5es.<\/li><\/ul>\n\n\n\n<ul class=\"wp-block-list\"><li><strong>N\u00e3o compartilhar objetos pessoais<\/strong>, como escovas de dentes, copos e talheres, com outras pessoas. Isso ir\u00e1 evitar que uma pessoa contaminada transmita o v\u00edrus por meio da saliva.<\/li><\/ul>\n\n\n\n<p> <\/p>\n","protected":false},"excerpt":{"rendered":"<p>A candid\u00edase na l\u00edngua \u00e9 uma doen\u00e7a causada pela Candida albicans, um tipo de&#8230;<\/p>\n","protected":false},"author":27,"featured_media":3471,"comment_status":"open","ping_status":"closed","sticky":false,"template":"","format":"standard","meta":{"_target_audience":"","footnotes":""},"categories":[247],"tags":[448,445],"class_list":["post-3363","post","type-post","status-publish","format-standard","has-post-thumbnail","hentry","category-doencas-odontologicas","tag-candidiase-na-lingua","tag-doencas-na-lingua"],"yoast_head":"<!-- This site is optimized with the Yoast SEO plugin v27.2 - https:\/\/yoast.com\/product\/yoast-seo-wordpress\/ -->\n<title>Candid\u00edase na l\u00edngua: causa, diagn\u00f3stico e tratamento<\/title>\n<meta name=\"description\" content=\"Candid\u00edase na l\u00edngua \u00e9 uma condi\u00e7\u00e3o causada pelo fungo, Candida albicans e pode ter diferentes sintomas, causas e poss\u00edveis tratamentos.\" \/>\n<meta name=\"robots\" content=\"index, follow, max-snippet:-1, max-image-preview:large, max-video-preview:-1\" \/>\n<link rel=\"canonical\" href=\"https:\/\/www.codental.com.br\/blog\/candidiase-na-lingua-causa-diagnostico-e-tratamento\/\" \/>\n<meta property=\"og:locale\" content=\"pt_BR\" \/>\n<meta property=\"og:type\" content=\"article\" \/>\n<meta property=\"og:title\" content=\"Candid\u00edase na l\u00edngua: causa, diagn\u00f3stico e tratamento\" \/>\n<meta property=\"og:description\" content=\"Candid\u00edase na l\u00edngua \u00e9 uma condi\u00e7\u00e3o causada pelo fungo, Candida albicans e pode ter diferentes sintomas, causas e poss\u00edveis tratamentos.\" \/>\n<meta property=\"og:url\" content=\"https:\/\/www.codental.com.br\/blog\/candidiase-na-lingua-causa-diagnostico-e-tratamento\/\" \/>\n<meta property=\"og:site_name\" content=\"Codental Blog\" \/>\n<meta property=\"article:publisher\" content=\"http:\/\/www.facebook.com\/codentalbr\" \/>\n<meta property=\"article:published_time\" content=\"2023-04-26T20:00:00+00:00\" \/>\n<meta property=\"og:image\" content=\"https:\/\/www.codental.com.br\/blog\/wp-content\/uploads\/2023\/04\/Candidiase-na-lingua.jpg\" \/>\n\t<meta property=\"og:image:width\" content=\"1010\" \/>\n\t<meta property=\"og:image:height\" content=\"550\" \/>\n\t<meta property=\"og:image:type\" content=\"image\/jpeg\" \/>\n<meta name=\"author\" content=\"Marina Miranda\" \/>\n<meta name=\"twitter:card\" content=\"summary_large_image\" \/>\n<meta name=\"twitter:creator\" content=\"@CodentalBr\" \/>\n<meta name=\"twitter:site\" content=\"@CodentalBr\" \/>\n<meta name=\"twitter:label1\" content=\"Escrito por\" \/>\n\t<meta name=\"twitter:data1\" content=\"Marina Miranda\" \/>\n\t<meta name=\"twitter:label2\" content=\"Est. tempo de leitura\" \/>\n\t<meta name=\"twitter:data2\" content=\"6 minutos\" \/>\n<script type=\"application\/ld+json\" class=\"yoast-schema-graph\">{\"@context\":\"https:\/\/schema.org\",\"@graph\":[{\"@type\":\"Article\",\"@id\":\"https:\/\/www.codental.com.br\/blog\/candidiase-na-lingua-causa-diagnostico-e-tratamento\/#article\",\"isPartOf\":{\"@id\":\"https:\/\/www.codental.com.br\/blog\/candidiase-na-lingua-causa-diagnostico-e-tratamento\/\"},\"author\":{\"name\":\"Marina Miranda\",\"@id\":\"https:\/\/www.codental.com.br\/blog\/#\/schema\/person\/7e61c07141bee2df26e64b132b1624d7\"},\"headline\":\"Candid\u00edase na l\u00edngua: causa, diagn\u00f3stico e tratamento\",\"datePublished\":\"2023-04-26T20:00:00+00:00\",\"mainEntityOfPage\":{\"@id\":\"https:\/\/www.codental.com.br\/blog\/candidiase-na-lingua-causa-diagnostico-e-tratamento\/\"},\"wordCount\":1172,\"commentCount\":0,\"publisher\":{\"@id\":\"https:\/\/www.codental.com.br\/blog\/#organization\"},\"image\":{\"@id\":\"https:\/\/www.codental.com.br\/blog\/candidiase-na-lingua-causa-diagnostico-e-tratamento\/#primaryimage\"},\"thumbnailUrl\":\"https:\/\/www.codental.com.br\/blog\/wp-content\/uploads\/2023\/04\/Candidiase-na-lingua.jpg\",\"keywords\":[\"Candid\u00edase na l\u00edngua\",\"Doen\u00e7as na l\u00edngua\"],\"articleSection\":[\"Doen\u00e7as odontol\u00f3gicas\"],\"inLanguage\":\"pt-BR\",\"potentialAction\":[{\"@type\":\"CommentAction\",\"name\":\"Comment\",\"target\":[\"https:\/\/www.codental.com.br\/blog\/candidiase-na-lingua-causa-diagnostico-e-tratamento\/#respond\"]}]},{\"@type\":\"WebPage\",\"@id\":\"https:\/\/www.codental.com.br\/blog\/candidiase-na-lingua-causa-diagnostico-e-tratamento\/\",\"url\":\"https:\/\/www.codental.com.br\/blog\/candidiase-na-lingua-causa-diagnostico-e-tratamento\/\",\"name\":\"Candid\u00edase na l\u00edngua: causa, diagn\u00f3stico e tratamento\",\"isPartOf\":{\"@id\":\"https:\/\/www.codental.com.br\/blog\/#website\"},\"primaryImageOfPage\":{\"@id\":\"https:\/\/www.codental.com.br\/blog\/candidiase-na-lingua-causa-diagnostico-e-tratamento\/#primaryimage\"},\"image\":{\"@id\":\"https:\/\/www.codental.com.br\/blog\/candidiase-na-lingua-causa-diagnostico-e-tratamento\/#primaryimage\"},\"thumbnailUrl\":\"https:\/\/www.codental.com.br\/blog\/wp-content\/uploads\/2023\/04\/Candidiase-na-lingua.jpg\",\"datePublished\":\"2023-04-26T20:00:00+00:00\",\"description\":\"Candid\u00edase na l\u00edngua \u00e9 uma condi\u00e7\u00e3o causada pelo fungo, Candida albicans e pode ter diferentes sintomas, causas e poss\u00edveis tratamentos.\",\"breadcrumb\":{\"@id\":\"https:\/\/www.codental.com.br\/blog\/candidiase-na-lingua-causa-diagnostico-e-tratamento\/#breadcrumb\"},\"inLanguage\":\"pt-BR\",\"potentialAction\":[{\"@type\":\"ReadAction\",\"target\":[\"https:\/\/www.codental.com.br\/blog\/candidiase-na-lingua-causa-diagnostico-e-tratamento\/\"]}]},{\"@type\":\"ImageObject\",\"inLanguage\":\"pt-BR\",\"@id\":\"https:\/\/www.codental.com.br\/blog\/candidiase-na-lingua-causa-diagnostico-e-tratamento\/#primaryimage\",\"url\":\"https:\/\/www.codental.com.br\/blog\/wp-content\/uploads\/2023\/04\/Candidiase-na-lingua.jpg\",\"contentUrl\":\"https:\/\/www.codental.com.br\/blog\/wp-content\/uploads\/2023\/04\/Candidiase-na-lingua.jpg\",\"width\":1010,\"height\":550,\"caption\":\"candid\u00edase na l\u00edngua\"},{\"@type\":\"BreadcrumbList\",\"@id\":\"https:\/\/www.codental.com.br\/blog\/candidiase-na-lingua-causa-diagnostico-e-tratamento\/#breadcrumb\",\"itemListElement\":[{\"@type\":\"ListItem\",\"position\":1,\"name\":\"In\u00edcio\",\"item\":\"https:\/\/www.codental.com.br\/blog\/\"},{\"@type\":\"ListItem\",\"position\":2,\"name\":\"Candid\u00edase na l\u00edngua: causa, diagn\u00f3stico e tratamento\"}]},{\"@type\":\"WebSite\",\"@id\":\"https:\/\/www.codental.com.br\/blog\/#website\",\"url\":\"https:\/\/www.codental.com.br\/blog\/\",\"name\":\"Codental Blog\",\"description\":\"Artigos e not\u00edcias sobre odontologia\",\"publisher\":{\"@id\":\"https:\/\/www.codental.com.br\/blog\/#organization\"},\"potentialAction\":[{\"@type\":\"SearchAction\",\"target\":{\"@type\":\"EntryPoint\",\"urlTemplate\":\"https:\/\/www.codental.com.br\/blog\/?s={search_term_string}\"},\"query-input\":{\"@type\":\"PropertyValueSpecification\",\"valueRequired\":true,\"valueName\":\"search_term_string\"}}],\"inLanguage\":\"pt-BR\"},{\"@type\":\"Organization\",\"@id\":\"https:\/\/www.codental.com.br\/blog\/#organization\",\"name\":\"Codental\",\"url\":\"https:\/\/codental.com.br\/\",\"logo\":{\"@type\":\"ImageObject\",\"inLanguage\":\"pt-BR\",\"@id\":\"https:\/\/www.codental.com.br\/blog\/#\/schema\/logo\/image\/\",\"url\":\"https:\/\/www.codental.com.br\/blog\/wp-content\/uploads\/2018\/10\/logo.png\",\"contentUrl\":\"https:\/\/www.codental.com.br\/blog\/wp-content\/uploads\/2018\/10\/logo.png\",\"width\":1200,\"height\":300,\"caption\":\"Codental\"},\"image\":{\"@id\":\"https:\/\/www.codental.com.br\/blog\/#\/schema\/logo\/image\/\"},\"sameAs\":[\"http:\/\/www.facebook.com\/codentalbr\",\"https:\/\/x.com\/CodentalBr\",\"https:\/\/www.instagram.com\/codentalbr\/\"]},{\"@type\":\"Person\",\"@id\":\"https:\/\/www.codental.com.br\/blog\/#\/schema\/person\/7e61c07141bee2df26e64b132b1624d7\",\"name\":\"Marina Miranda\",\"image\":{\"@type\":\"ImageObject\",\"inLanguage\":\"pt-BR\",\"@id\":\"https:\/\/www.codental.com.br\/blog\/wp-content\/uploads\/2022\/11\/WhatsApp-Image-2022-11-08-at-18.48.00-343x240.jpeg\",\"url\":\"https:\/\/www.codental.com.br\/blog\/wp-content\/uploads\/2022\/11\/WhatsApp-Image-2022-11-08-at-18.48.00-343x240.jpeg\",\"contentUrl\":\"https:\/\/www.codental.com.br\/blog\/wp-content\/uploads\/2022\/11\/WhatsApp-Image-2022-11-08-at-18.48.00-343x240.jpeg\",\"caption\":\"Marina Miranda\"},\"description\":\"Juizforana, 22 anos. Estudante, apaixonada por leitura e viciada em filmes de com\u00e9dia rom\u00e2ntica, quanto mais clich\u00ea melhor, e por esportes. Fui atleta desde pequena, o que me fez crescer super determinada e focada. Meu objetivo de vida \u00e9 retribuir aos meus pais tudo que me ofereceram.\",\"url\":\"https:\/\/www.codental.com.br\/blog\/author\/marina\/\"}]}<\/script>\n<!-- \/ Yoast SEO plugin. -->","yoast_head_json":{"title":"Candid\u00edase na l\u00edngua: causa, diagn\u00f3stico e tratamento","description":"Candid\u00edase na l\u00edngua \u00e9 uma condi\u00e7\u00e3o causada pelo fungo, Candida albicans e pode ter diferentes sintomas, causas e poss\u00edveis tratamentos.","robots":{"index":"index","follow":"follow","max-snippet":"max-snippet:-1","max-image-preview":"max-image-preview:large","max-video-preview":"max-video-preview:-1"},"canonical":"https:\/\/www.codental.com.br\/blog\/candidiase-na-lingua-causa-diagnostico-e-tratamento\/","og_locale":"pt_BR","og_type":"article","og_title":"Candid\u00edase na l\u00edngua: causa, diagn\u00f3stico e tratamento","og_description":"Candid\u00edase na l\u00edngua \u00e9 uma condi\u00e7\u00e3o causada pelo fungo, Candida albicans e pode ter diferentes sintomas, causas e poss\u00edveis tratamentos.","og_url":"https:\/\/www.codental.com.br\/blog\/candidiase-na-lingua-causa-diagnostico-e-tratamento\/","og_site_name":"Codental Blog","article_publisher":"http:\/\/www.facebook.com\/codentalbr","article_published_time":"2023-04-26T20:00:00+00:00","og_image":[{"width":1010,"height":550,"url":"https:\/\/www.codental.com.br\/blog\/wp-content\/uploads\/2023\/04\/Candidiase-na-lingua.jpg","type":"image\/jpeg"}],"author":"Marina Miranda","twitter_card":"summary_large_image","twitter_creator":"@CodentalBr","twitter_site":"@CodentalBr","twitter_misc":{"Escrito por":"Marina Miranda","Est. tempo de leitura":"6 minutos"},"schema":{"@context":"https:\/\/schema.org","@graph":[{"@type":"Article","@id":"https:\/\/www.codental.com.br\/blog\/candidiase-na-lingua-causa-diagnostico-e-tratamento\/#article","isPartOf":{"@id":"https:\/\/www.codental.com.br\/blog\/candidiase-na-lingua-causa-diagnostico-e-tratamento\/"},"author":{"name":"Marina Miranda","@id":"https:\/\/www.codental.com.br\/blog\/#\/schema\/person\/7e61c07141bee2df26e64b132b1624d7"},"headline":"Candid\u00edase na l\u00edngua: causa, diagn\u00f3stico e tratamento","datePublished":"2023-04-26T20:00:00+00:00","mainEntityOfPage":{"@id":"https:\/\/www.codental.com.br\/blog\/candidiase-na-lingua-causa-diagnostico-e-tratamento\/"},"wordCount":1172,"commentCount":0,"publisher":{"@id":"https:\/\/www.codental.com.br\/blog\/#organization"},"image":{"@id":"https:\/\/www.codental.com.br\/blog\/candidiase-na-lingua-causa-diagnostico-e-tratamento\/#primaryimage"},"thumbnailUrl":"https:\/\/www.codental.com.br\/blog\/wp-content\/uploads\/2023\/04\/Candidiase-na-lingua.jpg","keywords":["Candid\u00edase na l\u00edngua","Doen\u00e7as na l\u00edngua"],"articleSection":["Doen\u00e7as odontol\u00f3gicas"],"inLanguage":"pt-BR","potentialAction":[{"@type":"CommentAction","name":"Comment","target":["https:\/\/www.codental.com.br\/blog\/candidiase-na-lingua-causa-diagnostico-e-tratamento\/#respond"]}]},{"@type":"WebPage","@id":"https:\/\/www.codental.com.br\/blog\/candidiase-na-lingua-causa-diagnostico-e-tratamento\/","url":"https:\/\/www.codental.com.br\/blog\/candidiase-na-lingua-causa-diagnostico-e-tratamento\/","name":"Candid\u00edase na l\u00edngua: causa, diagn\u00f3stico e tratamento","isPartOf":{"@id":"https:\/\/www.codental.com.br\/blog\/#website"},"primaryImageOfPage":{"@id":"https:\/\/www.codental.com.br\/blog\/candidiase-na-lingua-causa-diagnostico-e-tratamento\/#primaryimage"},"image":{"@id":"https:\/\/www.codental.com.br\/blog\/candidiase-na-lingua-causa-diagnostico-e-tratamento\/#primaryimage"},"thumbnailUrl":"https:\/\/www.codental.com.br\/blog\/wp-content\/uploads\/2023\/04\/Candidiase-na-lingua.jpg","datePublished":"2023-04-26T20:00:00+00:00","description":"Candid\u00edase na l\u00edngua \u00e9 uma condi\u00e7\u00e3o causada pelo fungo, Candida albicans e pode ter diferentes sintomas, causas e poss\u00edveis tratamentos.","breadcrumb":{"@id":"https:\/\/www.codental.com.br\/blog\/candidiase-na-lingua-causa-diagnostico-e-tratamento\/#breadcrumb"},"inLanguage":"pt-BR","potentialAction":[{"@type":"ReadAction","target":["https:\/\/www.codental.com.br\/blog\/candidiase-na-lingua-causa-diagnostico-e-tratamento\/"]}]},{"@type":"ImageObject","inLanguage":"pt-BR","@id":"https:\/\/www.codental.com.br\/blog\/candidiase-na-lingua-causa-diagnostico-e-tratamento\/#primaryimage","url":"https:\/\/www.codental.com.br\/blog\/wp-content\/uploads\/2023\/04\/Candidiase-na-lingua.jpg","contentUrl":"https:\/\/www.codental.com.br\/blog\/wp-content\/uploads\/2023\/04\/Candidiase-na-lingua.jpg","width":1010,"height":550,"caption":"candid\u00edase na l\u00edngua"},{"@type":"BreadcrumbList","@id":"https:\/\/www.codental.com.br\/blog\/candidiase-na-lingua-causa-diagnostico-e-tratamento\/#breadcrumb","itemListElement":[{"@type":"ListItem","position":1,"name":"In\u00edcio","item":"https:\/\/www.codental.com.br\/blog\/"},{"@type":"ListItem","position":2,"name":"Candid\u00edase na l\u00edngua: causa, diagn\u00f3stico e tratamento"}]},{"@type":"WebSite","@id":"https:\/\/www.codental.com.br\/blog\/#website","url":"https:\/\/www.codental.com.br\/blog\/","name":"Codental Blog","description":"Artigos e not\u00edcias sobre odontologia","publisher":{"@id":"https:\/\/www.codental.com.br\/blog\/#organization"},"potentialAction":[{"@type":"SearchAction","target":{"@type":"EntryPoint","urlTemplate":"https:\/\/www.codental.com.br\/blog\/?s={search_term_string}"},"query-input":{"@type":"PropertyValueSpecification","valueRequired":true,"valueName":"search_term_string"}}],"inLanguage":"pt-BR"},{"@type":"Organization","@id":"https:\/\/www.codental.com.br\/blog\/#organization","name":"Codental","url":"https:\/\/codental.com.br\/","logo":{"@type":"ImageObject","inLanguage":"pt-BR","@id":"https:\/\/www.codental.com.br\/blog\/#\/schema\/logo\/image\/","url":"https:\/\/www.codental.com.br\/blog\/wp-content\/uploads\/2018\/10\/logo.png","contentUrl":"https:\/\/www.codental.com.br\/blog\/wp-content\/uploads\/2018\/10\/logo.png","width":1200,"height":300,"caption":"Codental"},"image":{"@id":"https:\/\/www.codental.com.br\/blog\/#\/schema\/logo\/image\/"},"sameAs":["http:\/\/www.facebook.com\/codentalbr","https:\/\/x.com\/CodentalBr","https:\/\/www.instagram.com\/codentalbr\/"]},{"@type":"Person","@id":"https:\/\/www.codental.com.br\/blog\/#\/schema\/person\/7e61c07141bee2df26e64b132b1624d7","name":"Marina Miranda","image":{"@type":"ImageObject","inLanguage":"pt-BR","@id":"https:\/\/www.codental.com.br\/blog\/wp-content\/uploads\/2022\/11\/WhatsApp-Image-2022-11-08-at-18.48.00-343x240.jpeg","url":"https:\/\/www.codental.com.br\/blog\/wp-content\/uploads\/2022\/11\/WhatsApp-Image-2022-11-08-at-18.48.00-343x240.jpeg","contentUrl":"https:\/\/www.codental.com.br\/blog\/wp-content\/uploads\/2022\/11\/WhatsApp-Image-2022-11-08-at-18.48.00-343x240.jpeg","caption":"Marina Miranda"},"description":"Juizforana, 22 anos. Estudante, apaixonada por leitura e viciada em filmes de com\u00e9dia rom\u00e2ntica, quanto mais clich\u00ea melhor, e por esportes. Fui atleta desde pequena, o que me fez crescer super determinada e focada. Meu objetivo de vida \u00e9 retribuir aos meus pais tudo que me ofereceram.","url":"https:\/\/www.codental.com.br\/blog\/author\/marina\/"}]}},"_links":{"self":[{"href":"https:\/\/www.codental.com.br\/blog\/wp-json\/wp\/v2\/posts\/3363","targetHints":{"allow":["GET"]}}],"collection":[{"href":"https:\/\/www.codental.com.br\/blog\/wp-json\/wp\/v2\/posts"}],"about":[{"href":"https:\/\/www.codental.com.br\/blog\/wp-json\/wp\/v2\/types\/post"}],"author":[{"embeddable":true,"href":"https:\/\/www.codental.com.br\/blog\/wp-json\/wp\/v2\/users\/27"}],"replies":[{"embeddable":true,"href":"https:\/\/www.codental.com.br\/blog\/wp-json\/wp\/v2\/comments?post=3363"}],"version-history":[{"count":3,"href":"https:\/\/www.codental.com.br\/blog\/wp-json\/wp\/v2\/posts\/3363\/revisions"}],"predecessor-version":[{"id":3473,"href":"https:\/\/www.codental.com.br\/blog\/wp-json\/wp\/v2\/posts\/3363\/revisions\/3473"}],"wp:featuredmedia":[{"embeddable":true,"href":"https:\/\/www.codental.com.br\/blog\/wp-json\/wp\/v2\/media\/3471"}],"wp:attachment":[{"href":"https:\/\/www.codental.com.br\/blog\/wp-json\/wp\/v2\/media?parent=3363"}],"wp:term":[{"taxonomy":"category","embeddable":true,"href":"https:\/\/www.codental.com.br\/blog\/wp-json\/wp\/v2\/categories?post=3363"},{"taxonomy":"post_tag","embeddable":true,"href":"https:\/\/www.codental.com.br\/blog\/wp-json\/wp\/v2\/tags?post=3363"}],"curies":[{"name":"wp","href":"https:\/\/api.w.org\/{rel}","templated":true}]}}