{"id":3336,"date":"2023-07-10T17:00:00","date_gmt":"2023-07-10T20:00:00","guid":{"rendered":"https:\/\/www.codental.com.br\/blog\/?p=3336"},"modified":"2023-07-10T06:18:32","modified_gmt":"2023-07-10T09:18:32","slug":"radiografia-panoramica-tudo-que-voce-precisa-saber","status":"publish","type":"post","link":"https:\/\/www.codental.com.br\/blog\/radiografia-panoramica-tudo-que-voce-precisa-saber\/","title":{"rendered":"Radiografia panor\u00e2mica: tudo que voc\u00ea precisa saber"},"content":{"rendered":"\n<p>Os exames de imagem s\u00e3o auxiliares importantes na pr\u00e1tica odontol\u00f3gica, sendo a <strong>radiografia panor\u00e2mica<\/strong> o exame mais solicitado pelos dentistas. Portanto, neste texto vamos descrever tudo que voc\u00ea precisa saber sobre radiografia panor\u00e2mica.<\/p>\n\n\n\n<h2 class=\"wp-block-heading\"><strong>O que \u00e9 a radiografia panor\u00e2mica odontol\u00f3gica?<\/strong><\/h2>\n\n\n\n<figure class=\"wp-block-image aligncenter size-full\"><img loading=\"lazy\" decoding=\"async\" width=\"329\" height=\"180\" src=\"https:\/\/www.codental.com.br\/blog\/wp-content\/uploads\/2023\/07\/radiografia-panoramica.jpg\" alt=\"\" class=\"wp-image-4126\"\/><figcaption>Radiografia panor\u00e2mica<\/figcaption><\/figure>\n\n\n\n<p>A <strong>radiografia panor\u00e2mica \u00e9 uma t\u00e9cnica radiogr\u00e1fica extrabucal que permite a obten\u00e7\u00e3o de uma \u00fanica imagem tomogr\u00e1fica das estruturas faciais:<\/strong> maxila, mand\u00edbula e estruturas de suporte.<\/p>\n\n\n\n<p>Portanto, permite ao cl\u00ednico uma <strong>ampla vis\u00e3o de todo o complexo mandibulomaxilar.<\/strong><\/p>\n\n\n\n<p>Atualmente chamada tamb\u00e9m de pantomografia ou ortopantomografia devido \u00e0s novas t\u00e9cnicas aplicadas para a sua obten\u00e7\u00e3o.<\/p>\n\n\n\n<h2 class=\"wp-block-heading\"><strong>Qual a import\u00e2ncia da radiografia panor\u00e2mica no diagn\u00f3stico?<\/strong><\/h2>\n\n\n\n<p>Para a realiza\u00e7\u00e3o do plano de tratamento e diagn\u00f3stico \u00e9 necess\u00e1rio a visualiza\u00e7\u00e3o das estruturas.<\/p>\n\n\n\n<p>Esse tipo de exame <strong>permite a localiza\u00e7\u00e3o de v\u00e1rios achados radiogr\u00e1ficos anat\u00f4micos e patol\u00f3gicos importantes com apenas uma incid\u00eancia.<\/strong> Assim como permite uma avalia\u00e7\u00e3o completa e eficiente em v\u00e1rias \u00e1reas da odontologia como traumatologia maxilofacial, ortodontia, <a href=\"https:\/\/www.codental.com.br\/blog\/periodontite-nova-classificacao-e-muito-mais\/?utm_source=blog&utm_medium=referral&utm_content=radiografia-panoramica-tudo-que-voce-precisa-saber\">periodontia<\/a>, implantodontia, <a href=\"https:\/\/www.codental.com.br\/blog\/protese-dentaria-conheca-os-principais-tipos\/?utm_source=blog&utm_medium=referral&utm_content=radiografia-panoramica-tudo-que-voce-precisa-saber\">pr\u00f3tese<\/a>, entre outros.<\/p>\n\n\n\n<p>Portanto, <strong>apresenta imagem extensa<\/strong>, revelando assim in\u00fameros elementos que seriam dificilmente observados em uma radiografia periapical convencional.<\/p>\n\n\n\n<p>A radiografia panor\u00e2mica permite um examinar mais amplo da parte m\u00e9dia-inferior da face, sendo assim permite a visualiza\u00e7\u00e3o dos grupos de dentes de ambas as denti\u00e7\u00f5es, em ambos os arcos, ao mesmo tempo.<\/p>\n\n\n\n<h2 class=\"wp-block-heading\"><strong>Ortodontia<\/strong><\/h2>\n\n\n\n<p>Em <a href=\"https:\/\/www.codental.com.br\/blog\/manutencao-ortodontica-tudo-que-voce-precisa-saber\/?utm_source=blog&utm_medium=referral&utm_content=radiografia-panoramica-tudo-que-voce-precisa-saber\">ortodontia<\/a>, a radiografia panor\u00e2mica na fase da dentadura mista fornece um meio para visualizar o desenvolvimento dos dentes e evidenciar as poss\u00edveis anomalias dent\u00e1rias.<\/p>\n\n\n\n<p>Al\u00e9m de <strong>permitir um acompanhamento do tratamento e de poss\u00edveis altera\u00e7\u00f5es que possam surgir.<\/strong><\/p>\n\n\n\n<p>Observam-se as cavidades nasais, articula\u00e7\u00f5es temporomandibulares, osso mandibular e maxilar, identificam-se certas les\u00f5es, verifica-se o posicionamento intra-\u00f3sseo e o est\u00e1gio de desenvolvimento dos germes dent\u00e1rios permanentes, al\u00e9m de facilitar o c\u00e1lculo do est\u00e1gio de reabsor\u00e7\u00e3o radicular dos dentes dec\u00edduos.<\/p>\n\n\n\n<p>Assim como, possibilita avaliar a rela\u00e7\u00e3o entre o dente dec\u00edduo e o permanente correspondente.<\/p>\n\n\n\n<h2 class=\"wp-block-heading\"><strong>Import\u00e2ncia resguardo legal<\/strong><\/h2>\n\n\n\n<p>Sendo assim, a <strong>radiografia panor\u00e2mica \u00e9 indicada no exame inicial para a avalia\u00e7\u00e3o e realiza\u00e7\u00e3o do plano de tratamento<\/strong>, mas tamb\u00e9m para resguardo legal do profissional, visto que permite o registro das etapas do procedimento. Assim como registra a evolu\u00e7\u00e3o do tratamento.<\/p>\n\n\n\n<h2 class=\"wp-block-heading\"><strong>Em quais situa\u00e7\u00f5es solicitar uma radiografia panor\u00e2mica?<\/strong><\/h2>\n\n\n\n<ul class=\"wp-block-list\"><li>Avalia\u00e7\u00e3o ortod\u00f4ntica<\/li><li>checagem de les\u00f5es \u00f3sseas, germes dent\u00e1rios ou dentes impactados;<\/li><li>procedimento pr\u00e9vio da cirurgia buco-maxilo-facial<\/li><li>como parte da avalia\u00e7\u00e3o do suporte \u00f3sseo periodontal<\/li><li>avalia\u00e7\u00e3o dos dentes terceiros molares<\/li><li>avalia\u00e7\u00e3o de fraturas maxilo-mandibulares<\/li><li>planejamentos pr\u00e9-operat\u00f3rios diversos<\/li><li>investiga\u00e7\u00e3o e verifica\u00e7\u00e3o de anomalias dentais, patologias, anatomia, entre outros<\/li><li>Avalia\u00e7\u00e3o de osteoporose<\/li><\/ul>\n\n\n\n<h2 class=\"wp-block-heading\"><strong>Como a radiografia panor\u00e2mica \u00e9 feita?<\/strong><\/h2>\n\n\n\n<figure class=\"wp-block-image aligncenter size-full\"><img loading=\"lazy\" decoding=\"async\" width=\"300\" height=\"168\" src=\"https:\/\/www.codental.com.br\/blog\/wp-content\/uploads\/2023\/07\/como-e-feita-radiografia-panoramica.jpg\" alt=\"\" class=\"wp-image-4128\"\/><figcaption>M\u00e1quina radiografia panor\u00e2mica<\/figcaption><\/figure>\n\n\n\n<p>A radiografia panor\u00e2mica \u00e9 um <strong>exame extrabucal<\/strong>, ou seja, o aparelho de raios-x e o filme (quando utilizado) ficam fora da boca. Dessa forma, o aparelho radiogr\u00e1fico projeta, atrav\u00e9s da boca, um feixe sobre um filme ou um detector digital que gira em sentido contr\u00e1rio ao tubo de raios-x.<\/p>\n\n\n\n<p>A cabe\u00e7a do paciente \u00e9 posicionada apoiando no queixo, na testa e nas laterais do rosto, e um bloqueador de mordida mant\u00e9m a boca dele aberta.<\/p>\n\n\n\n<p>Para obten\u00e7\u00e3o da imagem, os bra\u00e7os do aparelho de raios-x giram em um semic\u00edrculo ao redor da cabe\u00e7a do paciente, partindo de um lado dos maxilares e terminando no outro lado.<\/p>\n\n\n\n<p><strong>O exame dura em torno de 5 minutos.<\/strong><\/p>\n\n\n\n<h2 class=\"wp-block-heading\"><strong>Diferen\u00e7as entre a radiografia digital e a dry filme<\/strong><\/h2>\n\n\n\n<p>O uso de radiografia digital apresenta algumas vantagens com rela\u00e7\u00e3o ao filme revelado.<\/p>\n\n\n\n<p>Por exemplo, as repeti\u00e7\u00f5es comuns da radiografia convencional s\u00e3o evitadas, a impress\u00e3o pode ser feita em diversos tamanhos e quantidades e a imagem \u00e9 disponibilizada no momento da tomada.<\/p>\n\n\n\n<p>A <strong>radiografia panor\u00e2mica digital \u00e9 mais econ\u00f4mica e agride menos ao meio ambiente<\/strong>, pois evita o uso dos fixadores que contaminam o solo em seu descarte. Al\u00e9m de apresentar uma imagem mais n\u00edtida facilitando o diagn\u00f3stico.<\/p>\n\n\n\n<h2 class=\"wp-block-heading\"><strong>Quanto tempo demora para realizar a radiografia panor\u00e2mica<\/strong>?<\/h2>\n\n\n\n<p>O exame<strong> n\u00e3o demora mais do que cinco minutos para ser realizado<\/strong>. Por\u00e9m, a an\u00e1lise das imagens e elabora\u00e7\u00e3o dos laudos \u00e9 um pouco mais lenta.&nbsp;Geralmente, <strong>as cl\u00ednicas pedem cerca de cinco dias \u00fateis para entregar os resultados.<\/strong><\/p>\n\n\n\n<p>Se o seu caso for urgente, indique isso no exame, para que a cl\u00ednica d\u00ea prioridade e elabore os laudos mais rapidamente.<\/p>\n\n\n\n<h2 class=\"wp-block-heading\"><strong>Vantagens da radiografia panor\u00e2mica<\/strong><\/h2>\n\n\n\n<p>Por se tratar de um exame extraoral \u00e9 a <strong>mais aceita por todos os grupos de crian\u00e7as.<\/strong><\/p>\n\n\n\n<p>Tamb\u00e9m apresenta outras vantagens quando comparadas ao exame radiogr\u00e1fico intra bucal periapical, por exemplo:<\/p>\n\n\n\n<ul class=\"wp-block-list\"><li>Possibilidade do exame dos arcos dent\u00e1rios em apenas uma \u00fanica tomada radiogr\u00e1fica<\/li><li>a facilidade da execu\u00e7\u00e3o da t\u00e9cnica e a baixa dose de radia\u00e7\u00e3o<\/li><li>Ampla visibilidade dos ossos faciais e dentes<\/li><li>N\u00e3o causa desconforto ao paciente<\/li><li>Pacientes com dificuldades de abertura de boca;<\/li><li>Agilidade do processo<\/li><\/ul>\n\n\n\n<p>Por\u00e9m, a radiografia panor\u00e2mica n\u00e3o substitui totalmente as t\u00e9cnicas radiogr\u00e1ficas convencionais, pois apresenta menor grau de detalhamento da imagem radiogr\u00e1fica. Portanto, em casos em que se deseja detalhes \u00e9 necess\u00e1rio utilizar outra t\u00e9cnica.<\/p>\n\n\n\n<h2 class=\"wp-block-heading\"><strong>Qual o valor da radiografia panor\u00e2mica?<\/strong><\/h2>\n\n\n\n<p>O pre\u00e7o cobrado para realiza\u00e7\u00e3o do exame, geralmente, fica <strong>entre R$ 120,00 e R$ 250,00.<\/strong><\/p>\n\n\n\n<h2 class=\"wp-block-heading\"><strong>Orienta\u00e7\u00f5es e preparos para realizar o exame<\/strong><\/h2>\n\n\n\n<p>Caso o paciente use algum tipo de acess\u00f3rio, orientar o pacienta que sejam removidos piercings da l\u00edngua e da boca antes de fazer o exame<\/p>\n\n\n\n<p>Geralmente, os t\u00e9cnicos em radiologia fazem essa solicita\u00e7\u00e3o para o paciente, para evitar interfer\u00eancias.<\/p>\n\n\n\n<h2 class=\"wp-block-heading\"><strong>Conclus\u00e3o<\/strong><\/h2>\n\n\n\n<p>A radiografia panor\u00e2mica \u00e9 uma t\u00e9cnica radiogr\u00e1fica extrabucal que permite a obten\u00e7\u00e3o de uma \u00fanica e ampla imagem tomogr\u00e1fica das estruturas faciais: maxila, mand\u00edbula e estruturas de suporte.<\/p>\n\n\n\n<p>As principais indica\u00e7\u00f5es s\u00e3o para avalia\u00e7\u00e3o ortod\u00f4ntica, checagem de les\u00f5es \u00f3sseas, germes dent\u00e1rios ou dentes impactados; procedimento pr\u00e9vio da cirurgia buco-maxilo-facial, planejamento em geral.<\/p>\n\n\n\n<p>Portanto, apresenta imagem extensa, revelando assim in\u00fameros elementos que seriam dificilmente observados em uma radiografia periapical convencional.<\/p>\n\n\n\n<p>O valor cobrado para realiza\u00e7\u00e3o do exame \u00e9 entre R$ 120 e R$ 250. Com realiza\u00e7\u00e3o r\u00e1pida.<\/p>\n\n\n\n<p>O uso de radiografia digital apresenta algumas vantagens com rela\u00e7\u00e3o ao filme revelado como rapidez na obten\u00e7\u00e3o do resultado, economia e melhor nitidez da imagem.<\/p>\n\n\n\n<p>As principais vantagens da radiografia panor\u00e2mica com rela\u00e7\u00e3o ao raio-x periapical s\u00e3o: visualiza\u00e7\u00e3o ampla em uma \u00fanica tomada, pode ser realizado em paciente com dificuldade de abertura e crian\u00e7as, n\u00e3o causa desconforto ao paciente e a menor exposi\u00e7\u00e3o \u00e0 radia\u00e7\u00e3o tanto do paciente quanto do operador.<\/p>\n","protected":false},"excerpt":{"rendered":"<p>Os exames de imagem s\u00e3o auxiliares importantes na pr\u00e1tica odontol\u00f3gica, sendo a radiografia panor\u00e2mica&#8230;<\/p>\n","protected":false},"author":32,"featured_media":4121,"comment_status":"closed","ping_status":"closed","sticky":false,"template":"","format":"standard","meta":{"_target_audience":"","footnotes":""},"categories":[129],"tags":[500,75],"class_list":["post-3336","post","type-post","status-publish","format-standard","has-post-thumbnail","hentry","category-tratamentos","tag-radiografia-panoramica","tag-tratamentos-odontologicos"],"yoast_head":"<!-- This site is optimized with the Yoast SEO plugin v27.2 - https:\/\/yoast.com\/product\/yoast-seo-wordpress\/ -->\n<title>Radiografia panor\u00e2mica: tudo que voc\u00ea precisa saber<\/title>\n<meta name=\"description\" content=\"Os exames de imagem s\u00e3o importantes na pr\u00e1tica odontol\u00f3gica, sendo a radiografia panor\u00e2mica o exame mais solicitado pelos dentistas.\" \/>\n<meta name=\"robots\" content=\"index, follow, max-snippet:-1, max-image-preview:large, max-video-preview:-1\" \/>\n<link rel=\"canonical\" href=\"https:\/\/www.codental.com.br\/blog\/radiografia-panoramica-tudo-que-voce-precisa-saber\/\" \/>\n<meta property=\"og:locale\" content=\"pt_BR\" \/>\n<meta property=\"og:type\" content=\"article\" \/>\n<meta property=\"og:title\" content=\"Radiografia panor\u00e2mica: tudo que voc\u00ea precisa saber\" \/>\n<meta property=\"og:description\" content=\"Os exames de imagem s\u00e3o importantes na pr\u00e1tica odontol\u00f3gica, sendo a radiografia panor\u00e2mica o exame mais solicitado pelos dentistas.\" \/>\n<meta property=\"og:url\" content=\"https:\/\/www.codental.com.br\/blog\/radiografia-panoramica-tudo-que-voce-precisa-saber\/\" \/>\n<meta property=\"og:site_name\" content=\"Codental Blog\" \/>\n<meta property=\"article:publisher\" content=\"http:\/\/www.facebook.com\/codentalbr\" \/>\n<meta property=\"article:author\" content=\"https:\/\/www.facebook.com\/marielle.depaula.7?mibextid=ZbWKwL\" \/>\n<meta property=\"article:published_time\" content=\"2023-07-10T20:00:00+00:00\" \/>\n<meta property=\"og:image\" content=\"https:\/\/www.codental.com.br\/blog\/wp-content\/uploads\/2023\/04\/radiografia-panoramica.jpg\" \/>\n\t<meta property=\"og:image:width\" content=\"1010\" \/>\n\t<meta property=\"og:image:height\" content=\"550\" \/>\n\t<meta property=\"og:image:type\" content=\"image\/jpeg\" \/>\n<meta name=\"author\" content=\"Marielle de Paula\" \/>\n<meta name=\"twitter:card\" content=\"summary_large_image\" \/>\n<meta name=\"twitter:creator\" content=\"@CodentalBr\" \/>\n<meta name=\"twitter:site\" content=\"@CodentalBr\" \/>\n<meta name=\"twitter:label1\" content=\"Escrito por\" \/>\n\t<meta name=\"twitter:data1\" content=\"Marielle de Paula\" \/>\n\t<meta name=\"twitter:label2\" content=\"Est. tempo de leitura\" \/>\n\t<meta name=\"twitter:data2\" content=\"7 minutos\" \/>\n<script type=\"application\/ld+json\" class=\"yoast-schema-graph\">{\"@context\":\"https:\/\/schema.org\",\"@graph\":[{\"@type\":\"Article\",\"@id\":\"https:\/\/www.codental.com.br\/blog\/radiografia-panoramica-tudo-que-voce-precisa-saber\/#article\",\"isPartOf\":{\"@id\":\"https:\/\/www.codental.com.br\/blog\/radiografia-panoramica-tudo-que-voce-precisa-saber\/\"},\"author\":{\"name\":\"Marielle de Paula\",\"@id\":\"https:\/\/www.codental.com.br\/blog\/#\/schema\/person\/32a66bd4d7f58a88086ea385b37aadbc\"},\"headline\":\"Radiografia panor\u00e2mica: tudo que voc\u00ea precisa saber\",\"datePublished\":\"2023-07-10T20:00:00+00:00\",\"mainEntityOfPage\":{\"@id\":\"https:\/\/www.codental.com.br\/blog\/radiografia-panoramica-tudo-que-voce-precisa-saber\/\"},\"wordCount\":1175,\"publisher\":{\"@id\":\"https:\/\/www.codental.com.br\/blog\/#organization\"},\"image\":{\"@id\":\"https:\/\/www.codental.com.br\/blog\/radiografia-panoramica-tudo-que-voce-precisa-saber\/#primaryimage\"},\"thumbnailUrl\":\"https:\/\/www.codental.com.br\/blog\/wp-content\/uploads\/2023\/04\/radiografia-panoramica.jpg\",\"keywords\":[\"Radiografia panor\u00e2mica\",\"tratamentos odontol\u00f3gicos\"],\"articleSection\":[\"Tratamentos odontol\u00f3gicos\"],\"inLanguage\":\"pt-BR\"},{\"@type\":\"WebPage\",\"@id\":\"https:\/\/www.codental.com.br\/blog\/radiografia-panoramica-tudo-que-voce-precisa-saber\/\",\"url\":\"https:\/\/www.codental.com.br\/blog\/radiografia-panoramica-tudo-que-voce-precisa-saber\/\",\"name\":\"Radiografia panor\u00e2mica: tudo que voc\u00ea precisa saber\",\"isPartOf\":{\"@id\":\"https:\/\/www.codental.com.br\/blog\/#website\"},\"primaryImageOfPage\":{\"@id\":\"https:\/\/www.codental.com.br\/blog\/radiografia-panoramica-tudo-que-voce-precisa-saber\/#primaryimage\"},\"image\":{\"@id\":\"https:\/\/www.codental.com.br\/blog\/radiografia-panoramica-tudo-que-voce-precisa-saber\/#primaryimage\"},\"thumbnailUrl\":\"https:\/\/www.codental.com.br\/blog\/wp-content\/uploads\/2023\/04\/radiografia-panoramica.jpg\",\"datePublished\":\"2023-07-10T20:00:00+00:00\",\"description\":\"Os exames de imagem s\u00e3o importantes na pr\u00e1tica odontol\u00f3gica, sendo a radiografia panor\u00e2mica o exame mais solicitado pelos dentistas.\",\"breadcrumb\":{\"@id\":\"https:\/\/www.codental.com.br\/blog\/radiografia-panoramica-tudo-que-voce-precisa-saber\/#breadcrumb\"},\"inLanguage\":\"pt-BR\",\"potentialAction\":[{\"@type\":\"ReadAction\",\"target\":[\"https:\/\/www.codental.com.br\/blog\/radiografia-panoramica-tudo-que-voce-precisa-saber\/\"]}]},{\"@type\":\"ImageObject\",\"inLanguage\":\"pt-BR\",\"@id\":\"https:\/\/www.codental.com.br\/blog\/radiografia-panoramica-tudo-que-voce-precisa-saber\/#primaryimage\",\"url\":\"https:\/\/www.codental.com.br\/blog\/wp-content\/uploads\/2023\/04\/radiografia-panoramica.jpg\",\"contentUrl\":\"https:\/\/www.codental.com.br\/blog\/wp-content\/uploads\/2023\/04\/radiografia-panoramica.jpg\",\"width\":1010,\"height\":550,\"caption\":\"radiografia panor\u00e2mica\"},{\"@type\":\"BreadcrumbList\",\"@id\":\"https:\/\/www.codental.com.br\/blog\/radiografia-panoramica-tudo-que-voce-precisa-saber\/#breadcrumb\",\"itemListElement\":[{\"@type\":\"ListItem\",\"position\":1,\"name\":\"In\u00edcio\",\"item\":\"https:\/\/www.codental.com.br\/blog\/\"},{\"@type\":\"ListItem\",\"position\":2,\"name\":\"Radiografia panor\u00e2mica: tudo que voc\u00ea precisa saber\"}]},{\"@type\":\"WebSite\",\"@id\":\"https:\/\/www.codental.com.br\/blog\/#website\",\"url\":\"https:\/\/www.codental.com.br\/blog\/\",\"name\":\"Codental Blog\",\"description\":\"Artigos e not\u00edcias sobre odontologia\",\"publisher\":{\"@id\":\"https:\/\/www.codental.com.br\/blog\/#organization\"},\"potentialAction\":[{\"@type\":\"SearchAction\",\"target\":{\"@type\":\"EntryPoint\",\"urlTemplate\":\"https:\/\/www.codental.com.br\/blog\/?s={search_term_string}\"},\"query-input\":{\"@type\":\"PropertyValueSpecification\",\"valueRequired\":true,\"valueName\":\"search_term_string\"}}],\"inLanguage\":\"pt-BR\"},{\"@type\":\"Organization\",\"@id\":\"https:\/\/www.codental.com.br\/blog\/#organization\",\"name\":\"Codental\",\"url\":\"https:\/\/codental.com.br\/\",\"logo\":{\"@type\":\"ImageObject\",\"inLanguage\":\"pt-BR\",\"@id\":\"https:\/\/www.codental.com.br\/blog\/#\/schema\/logo\/image\/\",\"url\":\"https:\/\/www.codental.com.br\/blog\/wp-content\/uploads\/2018\/10\/logo.png\",\"contentUrl\":\"https:\/\/www.codental.com.br\/blog\/wp-content\/uploads\/2018\/10\/logo.png\",\"width\":1200,\"height\":300,\"caption\":\"Codental\"},\"image\":{\"@id\":\"https:\/\/www.codental.com.br\/blog\/#\/schema\/logo\/image\/\"},\"sameAs\":[\"http:\/\/www.facebook.com\/codentalbr\",\"https:\/\/x.com\/CodentalBr\",\"https:\/\/www.instagram.com\/codentalbr\/\"]},{\"@type\":\"Person\",\"@id\":\"https:\/\/www.codental.com.br\/blog\/#\/schema\/person\/32a66bd4d7f58a88086ea385b37aadbc\",\"name\":\"Marielle de Paula\",\"image\":{\"@type\":\"ImageObject\",\"inLanguage\":\"pt-BR\",\"@id\":\"https:\/\/www.codental.com.br\/blog\/wp-content\/uploads\/2023\/02\/WhatsApp-Image-2023-02-22-at-07.44.37-240x240.jpeg\",\"url\":\"https:\/\/www.codental.com.br\/blog\/wp-content\/uploads\/2023\/02\/WhatsApp-Image-2023-02-22-at-07.44.37-240x240.jpeg\",\"contentUrl\":\"https:\/\/www.codental.com.br\/blog\/wp-content\/uploads\/2023\/02\/WhatsApp-Image-2023-02-22-at-07.44.37-240x240.jpeg\",\"caption\":\"Marielle de Paula\"},\"description\":\"Paranaense, 36 anos, cirurgi\u00e3 dentista, especialista em implantes dent\u00e1rios. Apaixonada por viagens, em especial as mission\u00e1rias. O exerc\u00edcio da odontologia para mim \u00e9 um grande privil\u00e9gio, um dom de Deus. Amo compartilhar conhecimentos e auxiliar quem est\u00e1 ao meu redor.\",\"sameAs\":[\"https:\/\/www.facebook.com\/marielle.depaula.7?mibextid=ZbWKwL\"],\"url\":\"https:\/\/www.codental.com.br\/blog\/author\/marielle\/\"}]}<\/script>\n<!-- \/ Yoast SEO plugin. -->","yoast_head_json":{"title":"Radiografia panor\u00e2mica: tudo que voc\u00ea precisa saber","description":"Os exames de imagem s\u00e3o importantes na pr\u00e1tica odontol\u00f3gica, sendo a radiografia panor\u00e2mica o exame mais solicitado pelos dentistas.","robots":{"index":"index","follow":"follow","max-snippet":"max-snippet:-1","max-image-preview":"max-image-preview:large","max-video-preview":"max-video-preview:-1"},"canonical":"https:\/\/www.codental.com.br\/blog\/radiografia-panoramica-tudo-que-voce-precisa-saber\/","og_locale":"pt_BR","og_type":"article","og_title":"Radiografia panor\u00e2mica: tudo que voc\u00ea precisa saber","og_description":"Os exames de imagem s\u00e3o importantes na pr\u00e1tica odontol\u00f3gica, sendo a radiografia panor\u00e2mica o exame mais solicitado pelos dentistas.","og_url":"https:\/\/www.codental.com.br\/blog\/radiografia-panoramica-tudo-que-voce-precisa-saber\/","og_site_name":"Codental Blog","article_publisher":"http:\/\/www.facebook.com\/codentalbr","article_author":"https:\/\/www.facebook.com\/marielle.depaula.7?mibextid=ZbWKwL","article_published_time":"2023-07-10T20:00:00+00:00","og_image":[{"width":1010,"height":550,"url":"https:\/\/www.codental.com.br\/blog\/wp-content\/uploads\/2023\/04\/radiografia-panoramica.jpg","type":"image\/jpeg"}],"author":"Marielle de Paula","twitter_card":"summary_large_image","twitter_creator":"@CodentalBr","twitter_site":"@CodentalBr","twitter_misc":{"Escrito por":"Marielle de Paula","Est. tempo de leitura":"7 minutos"},"schema":{"@context":"https:\/\/schema.org","@graph":[{"@type":"Article","@id":"https:\/\/www.codental.com.br\/blog\/radiografia-panoramica-tudo-que-voce-precisa-saber\/#article","isPartOf":{"@id":"https:\/\/www.codental.com.br\/blog\/radiografia-panoramica-tudo-que-voce-precisa-saber\/"},"author":{"name":"Marielle de Paula","@id":"https:\/\/www.codental.com.br\/blog\/#\/schema\/person\/32a66bd4d7f58a88086ea385b37aadbc"},"headline":"Radiografia panor\u00e2mica: tudo que voc\u00ea precisa saber","datePublished":"2023-07-10T20:00:00+00:00","mainEntityOfPage":{"@id":"https:\/\/www.codental.com.br\/blog\/radiografia-panoramica-tudo-que-voce-precisa-saber\/"},"wordCount":1175,"publisher":{"@id":"https:\/\/www.codental.com.br\/blog\/#organization"},"image":{"@id":"https:\/\/www.codental.com.br\/blog\/radiografia-panoramica-tudo-que-voce-precisa-saber\/#primaryimage"},"thumbnailUrl":"https:\/\/www.codental.com.br\/blog\/wp-content\/uploads\/2023\/04\/radiografia-panoramica.jpg","keywords":["Radiografia panor\u00e2mica","tratamentos odontol\u00f3gicos"],"articleSection":["Tratamentos odontol\u00f3gicos"],"inLanguage":"pt-BR"},{"@type":"WebPage","@id":"https:\/\/www.codental.com.br\/blog\/radiografia-panoramica-tudo-que-voce-precisa-saber\/","url":"https:\/\/www.codental.com.br\/blog\/radiografia-panoramica-tudo-que-voce-precisa-saber\/","name":"Radiografia panor\u00e2mica: tudo que voc\u00ea precisa saber","isPartOf":{"@id":"https:\/\/www.codental.com.br\/blog\/#website"},"primaryImageOfPage":{"@id":"https:\/\/www.codental.com.br\/blog\/radiografia-panoramica-tudo-que-voce-precisa-saber\/#primaryimage"},"image":{"@id":"https:\/\/www.codental.com.br\/blog\/radiografia-panoramica-tudo-que-voce-precisa-saber\/#primaryimage"},"thumbnailUrl":"https:\/\/www.codental.com.br\/blog\/wp-content\/uploads\/2023\/04\/radiografia-panoramica.jpg","datePublished":"2023-07-10T20:00:00+00:00","description":"Os exames de imagem s\u00e3o importantes na pr\u00e1tica odontol\u00f3gica, sendo a radiografia panor\u00e2mica o exame mais solicitado pelos dentistas.","breadcrumb":{"@id":"https:\/\/www.codental.com.br\/blog\/radiografia-panoramica-tudo-que-voce-precisa-saber\/#breadcrumb"},"inLanguage":"pt-BR","potentialAction":[{"@type":"ReadAction","target":["https:\/\/www.codental.com.br\/blog\/radiografia-panoramica-tudo-que-voce-precisa-saber\/"]}]},{"@type":"ImageObject","inLanguage":"pt-BR","@id":"https:\/\/www.codental.com.br\/blog\/radiografia-panoramica-tudo-que-voce-precisa-saber\/#primaryimage","url":"https:\/\/www.codental.com.br\/blog\/wp-content\/uploads\/2023\/04\/radiografia-panoramica.jpg","contentUrl":"https:\/\/www.codental.com.br\/blog\/wp-content\/uploads\/2023\/04\/radiografia-panoramica.jpg","width":1010,"height":550,"caption":"radiografia panor\u00e2mica"},{"@type":"BreadcrumbList","@id":"https:\/\/www.codental.com.br\/blog\/radiografia-panoramica-tudo-que-voce-precisa-saber\/#breadcrumb","itemListElement":[{"@type":"ListItem","position":1,"name":"In\u00edcio","item":"https:\/\/www.codental.com.br\/blog\/"},{"@type":"ListItem","position":2,"name":"Radiografia panor\u00e2mica: tudo que voc\u00ea precisa saber"}]},{"@type":"WebSite","@id":"https:\/\/www.codental.com.br\/blog\/#website","url":"https:\/\/www.codental.com.br\/blog\/","name":"Codental Blog","description":"Artigos e not\u00edcias sobre odontologia","publisher":{"@id":"https:\/\/www.codental.com.br\/blog\/#organization"},"potentialAction":[{"@type":"SearchAction","target":{"@type":"EntryPoint","urlTemplate":"https:\/\/www.codental.com.br\/blog\/?s={search_term_string}"},"query-input":{"@type":"PropertyValueSpecification","valueRequired":true,"valueName":"search_term_string"}}],"inLanguage":"pt-BR"},{"@type":"Organization","@id":"https:\/\/www.codental.com.br\/blog\/#organization","name":"Codental","url":"https:\/\/codental.com.br\/","logo":{"@type":"ImageObject","inLanguage":"pt-BR","@id":"https:\/\/www.codental.com.br\/blog\/#\/schema\/logo\/image\/","url":"https:\/\/www.codental.com.br\/blog\/wp-content\/uploads\/2018\/10\/logo.png","contentUrl":"https:\/\/www.codental.com.br\/blog\/wp-content\/uploads\/2018\/10\/logo.png","width":1200,"height":300,"caption":"Codental"},"image":{"@id":"https:\/\/www.codental.com.br\/blog\/#\/schema\/logo\/image\/"},"sameAs":["http:\/\/www.facebook.com\/codentalbr","https:\/\/x.com\/CodentalBr","https:\/\/www.instagram.com\/codentalbr\/"]},{"@type":"Person","@id":"https:\/\/www.codental.com.br\/blog\/#\/schema\/person\/32a66bd4d7f58a88086ea385b37aadbc","name":"Marielle de Paula","image":{"@type":"ImageObject","inLanguage":"pt-BR","@id":"https:\/\/www.codental.com.br\/blog\/wp-content\/uploads\/2023\/02\/WhatsApp-Image-2023-02-22-at-07.44.37-240x240.jpeg","url":"https:\/\/www.codental.com.br\/blog\/wp-content\/uploads\/2023\/02\/WhatsApp-Image-2023-02-22-at-07.44.37-240x240.jpeg","contentUrl":"https:\/\/www.codental.com.br\/blog\/wp-content\/uploads\/2023\/02\/WhatsApp-Image-2023-02-22-at-07.44.37-240x240.jpeg","caption":"Marielle de Paula"},"description":"Paranaense, 36 anos, cirurgi\u00e3 dentista, especialista em implantes dent\u00e1rios. Apaixonada por viagens, em especial as mission\u00e1rias. O exerc\u00edcio da odontologia para mim \u00e9 um grande privil\u00e9gio, um dom de Deus. Amo compartilhar conhecimentos e auxiliar quem est\u00e1 ao meu redor.","sameAs":["https:\/\/www.facebook.com\/marielle.depaula.7?mibextid=ZbWKwL"],"url":"https:\/\/www.codental.com.br\/blog\/author\/marielle\/"}]}},"_links":{"self":[{"href":"https:\/\/www.codental.com.br\/blog\/wp-json\/wp\/v2\/posts\/3336","targetHints":{"allow":["GET"]}}],"collection":[{"href":"https:\/\/www.codental.com.br\/blog\/wp-json\/wp\/v2\/posts"}],"about":[{"href":"https:\/\/www.codental.com.br\/blog\/wp-json\/wp\/v2\/types\/post"}],"author":[{"embeddable":true,"href":"https:\/\/www.codental.com.br\/blog\/wp-json\/wp\/v2\/users\/32"}],"replies":[{"embeddable":true,"href":"https:\/\/www.codental.com.br\/blog\/wp-json\/wp\/v2\/comments?post=3336"}],"version-history":[{"count":5,"href":"https:\/\/www.codental.com.br\/blog\/wp-json\/wp\/v2\/posts\/3336\/revisions"}],"predecessor-version":[{"id":4129,"href":"https:\/\/www.codental.com.br\/blog\/wp-json\/wp\/v2\/posts\/3336\/revisions\/4129"}],"wp:featuredmedia":[{"embeddable":true,"href":"https:\/\/www.codental.com.br\/blog\/wp-json\/wp\/v2\/media\/4121"}],"wp:attachment":[{"href":"https:\/\/www.codental.com.br\/blog\/wp-json\/wp\/v2\/media?parent=3336"}],"wp:term":[{"taxonomy":"category","embeddable":true,"href":"https:\/\/www.codental.com.br\/blog\/wp-json\/wp\/v2\/categories?post=3336"},{"taxonomy":"post_tag","embeddable":true,"href":"https:\/\/www.codental.com.br\/blog\/wp-json\/wp\/v2\/tags?post=3336"}],"curies":[{"name":"wp","href":"https:\/\/api.w.org\/{rel}","templated":true}]}}