{"id":3332,"date":"2023-04-20T17:00:00","date_gmt":"2023-04-20T20:00:00","guid":{"rendered":"https:\/\/www.codental.com.br\/blog\/?p=3332"},"modified":"2023-04-20T17:37:51","modified_gmt":"2023-04-20T20:37:51","slug":"doencas-de-lingua-como-diagnosticar-e-tratar","status":"publish","type":"post","link":"https:\/\/www.codental.com.br\/blog\/doencas-de-lingua-como-diagnosticar-e-tratar\/","title":{"rendered":"Doen\u00e7as de l\u00edngua: como diagnosticar e tratar"},"content":{"rendered":"\n<p>\u00c9 comum que profissionais da odontologia recebam em seus consult\u00f3rios e diagnostiquem<strong> doen\u00e7as na l\u00edngua<\/strong>. Assim sendo, o profissional deve saber que estas s\u00e3o caracterizadas por anormalidades no m\u00fasculo, promovendo altera\u00e7\u00f5es no dia a dia do paciente. Isso faz com que estes procurem um dentista. Ainda, as causas de doen\u00e7as na l\u00edngua s\u00e3o variadas, assim como sua sintomatologia e tratamento. Por isso, \u00e9 fundamental que o profissional conhe\u00e7a as doen\u00e7as a fim de realizar o correto diagn\u00f3stico ou encaminhar para especialista adequado.<\/p>\n\n\n\n<h2 class=\"wp-block-heading\">Conduta do profissional da odontologia<\/h2>\n\n\n\n<p>Diante da variedade de doen\u00e7as que podem acometer a l\u00edngua, o dentista precisa conhecer estas para identificar os sintomas no paciente. Algumas destas podem ser diagnosticadas apenas com exame cl\u00ednico, como a afta. Contudo, outras demandam exames laboratoriais. Portanto, o profissional deve saber identificar os sintomas e solicitar os exames para confirma\u00e7\u00e3o, quando necess\u00e1rio. <\/p>\n\n\n\n<p>Al\u00e9m disso, o dentista deve estar ciente do limite da sua profiss\u00e3o, sabendo que algumas doen\u00e7as n\u00e3o podem ser diagnosticadas por ele. Desta forma, outro importante passo durante a consulta \u00e9 informar corretamente ao paciente qual profissional da sa\u00fade pode auxili\u00e1-lo no tratamento, quando este n\u00e3o puder realiz\u00e1-lo.<\/p>\n\n\n\n<h2 class=\"wp-block-heading\"><a href=\"https:\/\/www.codental.com.br\/blog\/afta-saiba-tudo-sobre-essas-terriveis-lesoes\/?utm_source=blog&utm_medium=referral&utm_content=doencas-de-lingua-como-diagnosticar-e-tratar\">Afta<\/a><\/h2>\n\n\n\n<p>Em primeiro lugar, sabe-se que a afta \u00e9 uma les\u00e3o que pode atingir toda a cavidade bucal, inclusive a l\u00edngua. No entanto, por mais que n\u00e3o apresente grandes riscos ao paciente, sua presen\u00e7a \u00e9 inc\u00f4moda para o afetado.&nbsp;<\/p>\n\n\n\n<p>Causas:<\/p>\n\n\n\n<ul class=\"wp-block-list\"><li>Consumo de alimentos \u00e1cidos;<\/li><li>Defici\u00eancia nutricional de vitaminas, como a B e C;<\/li><li>Imunidade baixa;<\/li><li>Uso de medicamentos (antibi\u00f3ticos ou cortic\u00f3ides).<\/li><\/ul>\n\n\n\n<p>Sintomas:<\/p>\n\n\n\n<ul class=\"wp-block-list\"><li>Presen\u00e7a de les\u00e3o circular avermelhada ou esbranqui\u00e7ada;<\/li><li>Incha\u00e7o e dor ao consumir alimentos, principalmente os \u00e1cidos.<\/li><\/ul>\n\n\n\n<p>Tratamento:<\/p>\n\n\n\n<ul class=\"wp-block-list\"><li>Normalmente desaparece sozinha dentro de poucas semanas;<\/li><li>Uso de medicamentos tipo pomada;<\/li><li>Diminui\u00e7\u00e3o do consumo de alimentos \u00e1cidos;<\/li><li>Uso de laser.<\/li><\/ul>\n\n\n\n<h2 class=\"wp-block-heading\">\u00dalceras traum\u00e1ticas<\/h2>\n\n\n\n<p>Primeiramente, as \u00falceras traum\u00e1ticas s\u00e3o comumente confundidas com afta, dado que apresentam os mesmos sintomas. No entanto, a causa das duas se difere. Por fim, essas les\u00f5es podem atingir toda a cavidade oral, incluindo a l\u00edngua.<\/p>\n\n\n\n<p>Causas:<\/p>\n\n\n\n<ul class=\"wp-block-list\"><li>Est\u00e1 relacionada a um trauma que gera uma irrita\u00e7\u00e3o cuja fonte pode ser f\u00edsica, qu\u00edmica, t\u00e9rmica ou el\u00e9trica.<\/li><\/ul>\n\n\n\n<p>Sintomas:<\/p>\n\n\n\n<ul class=\"wp-block-list\"><li>Os mesmos da afta.<\/li><\/ul>\n\n\n\n<p>Tratamentos:<\/p>\n\n\n\n<ul class=\"wp-block-list\"><li>Corticoides t\u00f3picos (Omcilon-A em Orabase);<\/li><li>Bochecho com enxaguante bucal antibacteriano.<\/li><\/ul>\n\n\n\n<h2 class=\"wp-block-heading\">L\u00edngua geogr\u00e1fica<\/h2>\n\n\n\n<p>A l\u00edngua geogr\u00e1fica \u00e9 caracterizada pelo aparecimento de manchas vermelhas no dorso da pele que podem migrar de lugar ou mudar sua forma. Do mesmo modo, esta condi\u00e7\u00e3o pode tamb\u00e9m ser conhecida como glossite migrat\u00f3ria benigna. Assim sendo, esta consiste na perda das papilas filiformes que comp\u00f5em a l\u00edngua, desprotegendo a regi\u00e3o.<\/p>\n\n\n\n<p>Causas:&nbsp;<\/p>\n\n\n\n<ul class=\"wp-block-list\"><li>Gen\u00e9tica;<\/li><li>Defici\u00eancia de vitaminas;<\/li><li>Estresse emocional;<\/li><li>Psor\u00edase (manchas avermelhadas cobertas de escamas esbranqui\u00e7adas);<\/li><li>Alergia;<\/li><li>Desregula\u00e7\u00e3o hormonal;<\/li><li>Diabetes descontrolada.<\/li><\/ul>\n\n\n\n<p>Sintomas:<\/p>\n\n\n\n<ul class=\"wp-block-list\"><li>Nem todos acometidos apresentam sintomas;<\/li><li>Manchas vermelhas na l\u00edngua;<\/li><li>Dor na l\u00edngua ao ingerir alimentos picantes ou salgados.<\/li><\/ul>\n\n\n\n<p>Tratamento:<\/p>\n\n\n\n<ul class=\"wp-block-list\"><li>As manchas podem desaparecer por conta pr\u00f3pria;<\/li><li>Analg\u00e9sicos em spray para al\u00edvio da dor;<\/li><li>Evitar consumo de condimentos picantes.<\/li><\/ul>\n\n\n\n<h2 class=\"wp-block-heading\">Candid\u00edase oral<\/h2>\n\n\n\n<p>A candid\u00edase oral \u00e9 tamb\u00e9m conhecida como sapinho e consiste na presen\u00e7a do fungo <em>Candida albicans<\/em> na cavidade bucal, com sua multiplica\u00e7\u00e3o acelerada em momentos de baixa imunidade. Dessa forma, esta condi\u00e7\u00e3o pode afetar indiv\u00edduos nas mais diversas faixas et\u00e1rias, desde beb\u00eas at\u00e9 idosos. Do mesmo modo, a doen\u00e7a na l\u00edngua consiste no aparecimento de manchas esbranqui\u00e7adas no m\u00fasculo, podendo afetar tamb\u00e9m a gengiva.\u00a0<\/p>\n\n\n\n<p>Causas:<\/p>\n\n\n\n<ul class=\"wp-block-list\"><li>Altera\u00e7\u00f5es na resposta imunol\u00f3gica do paciente;<\/li><li>M\u00e1 higieniza\u00e7\u00e3o das dentaduras;<\/li><li>Uso de medicamentos imunossupressores ou cortic\u00f3ides;<\/li><li>Pacientes em tratamento de c\u00e2ncer;<\/li><li>Portadores do v\u00edrus HIV.<\/li><\/ul>\n\n\n\n<p>Sintomas:<\/p>\n\n\n\n<ul class=\"wp-block-list\"><li>Dor;<\/li><li>Vermelhid\u00e3o;<\/li><li>Placas esbranqui\u00e7adas na l\u00edngua;<\/li><li>Mau h\u00e1lito;<\/li><li>Altera\u00e7\u00f5es do paladar.<\/li><\/ul>\n\n\n\n<p>Tratamento:<\/p>\n\n\n\n<ul class=\"wp-block-list\"><li>Uso de medicamento antif\u00fangico, como a nistatina;<\/li><li>Uso de antiss\u00e9ptico t\u00f3pico, como o bochecho com lorexidina 0,12%;<\/li><li>Manter sistema imunol\u00f3gico funcionando corretamente.<\/li><\/ul>\n\n\n\n<h2 class=\"wp-block-heading\">L\u00edngua preta pilosa<\/h2>\n\n\n\n<p>A l\u00edngua preta pilosa ocorre quando a queratina se acumula no dorso da l\u00edngua, mudando sua cor. Assim sendo, esta, al\u00e9m de toda sintomatologia, altera a apar\u00eancia da l\u00edngua e consequentemente a autoestima do paciente.<\/p>\n\n\n\n<p>Causas:<\/p>\n\n\n\n<ul class=\"wp-block-list\"><li>Tabagismo;<\/li><li>Consumo excessivo de caf\u00e9 e ch\u00e1;<\/li><li>M\u00e1 higiene bucal;<\/li><li>Infec\u00e7\u00f5es f\u00fangicas ou bacterianas.<\/li><\/ul>\n\n\n\n<p>Sintomas:<\/p>\n\n\n\n<ul class=\"wp-block-list\"><li>L\u00edngua com cor acastanhada;<\/li><li>Mau h\u00e1lito;<\/li><li>N\u00e1useas;<\/li><li>Boca com gosto met\u00e1lico.<\/li><\/ul>\n\n\n\n<p>Tratamento:<\/p>\n\n\n\n<ul class=\"wp-block-list\"><li>Antibi\u00f3tico ou antif\u00fangico;<\/li><li>Correta higiene bucal (escova\u00e7\u00e3o e raspador de l\u00edngua).<\/li><\/ul>\n\n\n\n<h2 class=\"wp-block-heading\">S\u00edndrome da boca ardente<\/h2>\n\n\n\n<p>A s\u00edndrome da boca ardente \u00e9 uma patologia cujas causas n\u00e3o s\u00e3o muito bem compreendidas pelos profissionais de sa\u00fade. Por isso, seu diagn\u00f3stico \u00e9 dif\u00edcil e feito quando todas as outras suspeitas j\u00e1 foram descartadas. Esta s\u00edndrome atinge principalmente mulheres no per\u00edodo de menopausa.<\/p>\n\n\n\n<p>Causas:<\/p>\n\n\n\n<ul class=\"wp-block-list\"><li>S\u00e3o incertas, mas podem estar relacionadas a ansiedade ou depress\u00e3o, diabetes, refluxo gastroesof\u00e1gico e menopausa. Al\u00e9m disso, pode ainda surgir depois de uma s\u00edndrome da boca seca.<\/li><\/ul>\n\n\n\n<p>Sintomas:<\/p>\n\n\n\n<ul class=\"wp-block-list\"><li>Dor\/queima\u00e7\u00e3o na mucosa oral (incluindo l\u00edngua) que piora com alimentos quentes ou condimentados;<\/li><li>Altera\u00e7\u00e3o no paladar;<\/li><li>Dorm\u00eancia e gosto amargo na boca;<\/li><li>Sensa\u00e7\u00e3o de boca seca.<\/li><\/ul>\n\n\n\n<p>Tratamento:<\/p>\n\n\n\n<ul class=\"wp-block-list\"><li>Ingerir bebidas geladas ou chupar gelo;<\/li><li>Evitar cigarro e \u00e1lcool;<\/li><li>\u00c1cido alfa lip\u00f3ico;<\/li><li>Fitoter\u00e1picos;<\/li><li>Analg\u00e9sicos e antiinflamat\u00f3rios;<\/li><li>Tratamento psicol\u00f3gico.<\/li><\/ul>\n\n\n\n<h2 class=\"wp-block-heading\">L\u00edngua fissurada<\/h2>\n\n\n\n<p>A l\u00edngua fissurada, tamb\u00e9m chamada de l\u00edngua escrotal, pode n\u00e3o apresentar sintomas, mas se caracteriza pela forma\u00e7\u00e3o de sulcos e fissuras na l\u00edngua.<\/p>\n\n\n\n<p>Causas:<\/p>\n\n\n\n<ul class=\"wp-block-list\"><li>S\u00e3o incertas, mas pode estar relaciondo a s\u00edndromes como a de Down, acromegalia ou psor\u00edase.<\/li><\/ul>\n\n\n\n<p>Sintomas:<\/p>\n\n\n\n<ul class=\"wp-block-list\"><li>Rachaduras no dorso da l\u00edngua.<\/li><\/ul>\n\n\n\n<p>Tratamento:<\/p>\n\n\n\n<ul class=\"wp-block-list\"><li>Manter higieniza\u00e7\u00e3o bucal.<\/li><\/ul>\n\n\n\n<h2 class=\"wp-block-heading\">Macroglossia<\/h2>\n\n\n\n<p>A macroglossia \u00e9 a condi\u00e7\u00e3o na qual o paciente apresenta uma l\u00edngua com tamanho maior que o usual. Isso altera a fala e respira\u00e7\u00e3o do paciente, assim como o ato de ingerir alimentos. Al\u00e9m disso, o diagn\u00f3stico pode ser feito nos primeiros anos de vida nas condi\u00e7\u00f5es cujas causas s\u00e3o heran\u00e7as gen\u00e9ticas. Contudo, nos casos nos quais o paciente adquire a macroglossia durante a vida adulta, \u00e9 responsabilidade do cirurgi\u00e3o dentista diagnosticar a condi\u00e7\u00e3o.<\/p>\n\n\n\n<p>Causas:<\/p>\n\n\n\n<ul class=\"wp-block-list\"><li>S\u00edndrome de Down (trissomia do cromossomo 21);<\/li><li>Amiloidose (ac\u00famulo de amilose em alguns \u00f3rg\u00e3os, como cora\u00e7\u00e3o e figado);<\/li><li>Acromegalia (produ\u00e7\u00e3o excessiva de horm\u00f4nio do crescimento);<\/li><li>Hipotireoidismo (produ\u00e7\u00e3o insuficiente do horm\u00f4nio da tireoide);<\/li><li>S\u00edndrome de Beckwith-Wiedemann;<\/li><li>Heran\u00e7a heredit\u00e1ria isolada.<\/li><\/ul>\n\n\n\n<p>Sintomas:<\/p>\n\n\n\n<ul class=\"wp-block-list\"><li>Sensa\u00e7\u00e3o de l\u00edngua grande;<\/li><li>Proje\u00e7\u00e3o da l\u00edngua para fora da cavidade bucal;<\/li><li>Desalinhamento dos dentes.<\/li><\/ul>\n\n\n\n<p>Tratamento:<\/p>\n\n\n\n<ul class=\"wp-block-list\"><li>Depende da causa da macroglossia;<\/li><li>Acompanhamento com fonoaudi\u00f3logo;<\/li><li>Terapia ortod\u00f4ntica para corre\u00e7\u00e3o da posi\u00e7\u00e3o dos dentes;<\/li><li>Glossectomia parcial.<\/li><\/ul>\n\n\n\n<h2 class=\"wp-block-heading\">P\u00eanfigo vulgar<\/h2>\n\n\n\n<p>P\u00eanfigo vulgar \u00e9 uma doen\u00e7a autoimune rara e grave que ataca membranas, sendo considerada um problema intraepid\u00e9rmico. Assim, esta consiste na rea\u00e7\u00e3o excessiva das c\u00e9lulas, que acabam se destruindo, diminuindo a imunidade do paciente. Outrossim, \u00e9 caracterizada pela forma\u00e7\u00e3o de bolhas na mucosa oral, incluindo a l\u00edngua. Assim sendo, estas, quando estouram, podem se espalhar pelo corpo, atingindo outros locais como garganta, tronco, rosto e genitais.<\/p>\n\n\n\n<p>Assim sendo, a doen\u00e7a n\u00e3o \u00e9 transmitida pelo contato. Contudo, se houver o contato de uma pessoa com as feridas expostas, esta pode transmitir uma irrita\u00e7\u00e3o.<\/p>\n\n\n\n<p>Causas:<\/p>\n\n\n\n<ul class=\"wp-block-list\"><li>Gen\u00e9tica;<\/li><li>Estresse.<\/li><\/ul>\n\n\n\n<p>Sintomas:<\/p>\n\n\n\n<ul class=\"wp-block-list\"><li>Presen\u00e7a de bolhas na cavidade oral ou na pele;<\/li><li>Dificuldade para se alimentar;<\/li><li>Dor nas feridas.<\/li><\/ul>\n\n\n\n<p>Tratamento:<\/p>\n\n\n\n<ul class=\"wp-block-list\"><li>Cortic\u00f3ides;<\/li><li>Imunossupressores;<\/li><li>Antibi\u00f3tico.<\/li><\/ul>\n\n\n\n<h2 class=\"wp-block-heading\">C\u00e2ncer de l\u00edngua<\/h2>\n\n\n\n<p>Conforme o <a href=\"https:\/\/www.gov.br\/inca\/pt-br\/assuntos\/cancer\/o-que-e-cancer\">Instituto Nacional de C\u00e2ncer (INCA),<\/a> c\u00e2ncer \u00e9 a defini\u00e7\u00e3o de mais de 100 diferentes tipos de doen\u00e7as malignas que compartilham a mesma caracter\u00edstica, que \u00e9 o crescimento desordenado de c\u00e9lulas capazes de invadir outros tecidos e \u00f3rg\u00e3os.<\/p>\n\n\n\n<p>O c\u00e2ncer de l\u00edngua tem como grupo de risco, principalmente, homens tabagistas com mais de 50 anos.<\/p>\n\n\n\n<p>Causas:<\/p>\n\n\n\n<ul class=\"wp-block-list\"><li>V\u00edrus HPV;<\/li><li>Tabagismo;<\/li><li>Etilismo;<\/li><li>Gen\u00e9tica.&nbsp;<\/li><\/ul>\n\n\n\n<p>Sintomas:<\/p>\n\n\n\n<ul class=\"wp-block-list\"><li>Dor na garganta cr\u00f4nica e presen\u00e7a de \u00ednguas;<\/li><li>Desconforto para se alimentar;<\/li><li>Manchas que n\u00e3o desaparecem;<\/li><li>Sangramentos;<\/li><li>Mau h\u00e1lito;<\/li><li>Inc\u00f4modo na mand\u00edbula e nos l\u00e1bios;<\/li><li>Percep\u00e7\u00e3o de l\u00edngua dormente;<\/li><li>Rouquid\u00e3o.<\/li><\/ul>\n\n\n\n<p>Tratamento:<\/p>\n\n\n\n<ul class=\"wp-block-list\"><li>Interven\u00e7\u00e3o cir\u00fargica para retirada das c\u00e9lulas cancer\u00edgenas;<\/li><li>Quimioterapia e radioterapia.<\/li><\/ul>\n\n\n\n<h2 class=\"wp-block-heading\">Outros profissionais que cuidam das doen\u00e7as de l\u00edngua<\/h2>\n\n\n\n<p>O profissional da odontologia pode diagnosticar e tratar integralmente algumas das patologias citadas. Contudo, algumas precisam de encaminhamento para outros profissionais da sa\u00fade.&nbsp;Portanto, torna-se fundamental que o dentista entenda seus limites profissionais e encaminhe seu paciente, sempre que necess\u00e1rio, para outro profissional que seja respons\u00e1vel pelo tratamento de certas condi\u00e7\u00f5es.<\/p>\n\n\n\n<p>Sendo assim, al\u00e9m do cirurgi\u00e3o dentista, os otorrinolaringologistas e gastroenterologista tamb\u00e9m podem diagnosticar e tratar algumas doen\u00e7as de l\u00edngua. Contudo, vale ressaltar que a especialidade envolvida varia conforme a patologia.<\/p>\n\n\n\n<p>Um exemplo disso \u00e9 o p\u00eanfigo vulgar, que deve ser diagnosticado e tratado por um dermatologista. Por ser uma doen\u00e7a autoimune, demanda que o dentista saiba da possibilidade desta ser a causa do problema e encaminhe o paciente para uma consulta com o m\u00e9dico respons\u00e1vel pelo tratamento deste tipo de doen\u00e7a.&nbsp;Ainda, por outro lado, condi\u00e7\u00f5es como a macroglossia podem necessitar de tratamento com outro profissional da sa\u00fade, o fisioterapeuta.<\/p>\n\n\n\n<p>Dessa forma, fica evidente as diversas doen\u00e7as que podem acometer a l\u00edngua e as especialidades envolvidas em cada uma destas.&nbsp;<\/p>\n\n\n\n<p>O papel do profissional da odontologia, nestes casos, \u00e9 se atentar aos sintomas relatados pelo paciente, assim como seu hist\u00f3rico e o aspecto da les\u00e3o, levando a um diagn\u00f3stico ou encaminhamento. Enfim, o importante \u00e9 que, independente do profissional a realizar o acompanhamento, o paciente seja tratado, a fim de evitar complica\u00e7\u00f5es graves.<\/p>\n","protected":false},"excerpt":{"rendered":"<p>\u00c9 comum que profissionais da odontologia recebam em seus consult\u00f3rios e diagnostiquem doen\u00e7as na&#8230;<\/p>\n","protected":false},"author":22,"featured_media":3411,"comment_status":"open","ping_status":"closed","sticky":false,"template":"","format":"standard","meta":{"_target_audience":"","footnotes":""},"categories":[247],"tags":[445,444],"class_list":["post-3332","post","type-post","status-publish","format-standard","has-post-thumbnail","hentry","category-doencas-odontologicas","tag-doencas-na-lingua","tag-doencas-odontologicas"],"yoast_head":"<!-- This site is optimized with the Yoast SEO plugin v27.2 - https:\/\/yoast.com\/product\/yoast-seo-wordpress\/ -->\n<title>Doen\u00e7as de l\u00edngua: como diagnosticar e tratar<\/title>\n<meta name=\"description\" content=\"Doen\u00e7as de l\u00edngua s\u00e3o caracterizadas por anormalidades no m\u00fasculo da l\u00edngua, promovendo altera\u00e7\u00f5es no dia a dia do paciente.\" \/>\n<meta name=\"robots\" content=\"index, follow, max-snippet:-1, max-image-preview:large, max-video-preview:-1\" \/>\n<link rel=\"canonical\" href=\"https:\/\/www.codental.com.br\/blog\/doencas-de-lingua-como-diagnosticar-e-tratar\/\" \/>\n<meta property=\"og:locale\" content=\"pt_BR\" \/>\n<meta property=\"og:type\" content=\"article\" \/>\n<meta property=\"og:title\" content=\"Doen\u00e7as de l\u00edngua: como diagnosticar e tratar\" \/>\n<meta property=\"og:description\" content=\"Doen\u00e7as de l\u00edngua s\u00e3o caracterizadas por anormalidades no m\u00fasculo da l\u00edngua, promovendo altera\u00e7\u00f5es no dia a dia do paciente.\" \/>\n<meta property=\"og:url\" content=\"https:\/\/www.codental.com.br\/blog\/doencas-de-lingua-como-diagnosticar-e-tratar\/\" \/>\n<meta property=\"og:site_name\" content=\"Codental Blog\" \/>\n<meta property=\"article:publisher\" content=\"http:\/\/www.facebook.com\/codentalbr\" \/>\n<meta property=\"article:published_time\" content=\"2023-04-20T20:00:00+00:00\" \/>\n<meta property=\"article:modified_time\" content=\"2023-04-20T20:37:51+00:00\" \/>\n<meta property=\"og:image\" content=\"https:\/\/www.codental.com.br\/blog\/wp-content\/uploads\/2023\/04\/Doencas-na-lingua.jpg\" \/>\n\t<meta property=\"og:image:width\" content=\"1010\" \/>\n\t<meta property=\"og:image:height\" content=\"550\" \/>\n\t<meta property=\"og:image:type\" content=\"image\/jpeg\" \/>\n<meta name=\"author\" content=\"Maiza Santana\" \/>\n<meta name=\"twitter:card\" content=\"summary_large_image\" \/>\n<meta name=\"twitter:creator\" content=\"@CodentalBr\" \/>\n<meta name=\"twitter:site\" content=\"@CodentalBr\" \/>\n<meta name=\"twitter:label1\" content=\"Escrito por\" \/>\n\t<meta name=\"twitter:data1\" content=\"Maiza Santana\" \/>\n\t<meta name=\"twitter:label2\" content=\"Est. tempo de leitura\" \/>\n\t<meta name=\"twitter:data2\" content=\"9 minutos\" \/>\n<script type=\"application\/ld+json\" class=\"yoast-schema-graph\">{\"@context\":\"https:\/\/schema.org\",\"@graph\":[{\"@type\":\"Article\",\"@id\":\"https:\/\/www.codental.com.br\/blog\/doencas-de-lingua-como-diagnosticar-e-tratar\/#article\",\"isPartOf\":{\"@id\":\"https:\/\/www.codental.com.br\/blog\/doencas-de-lingua-como-diagnosticar-e-tratar\/\"},\"author\":{\"name\":\"Maiza Santana\",\"@id\":\"https:\/\/www.codental.com.br\/blog\/#\/schema\/person\/d009a36cb00954353ebd58c93d19a533\"},\"headline\":\"Doen\u00e7as de l\u00edngua: como diagnosticar e tratar\",\"datePublished\":\"2023-04-20T20:00:00+00:00\",\"dateModified\":\"2023-04-20T20:37:51+00:00\",\"mainEntityOfPage\":{\"@id\":\"https:\/\/www.codental.com.br\/blog\/doencas-de-lingua-como-diagnosticar-e-tratar\/\"},\"wordCount\":1697,\"commentCount\":0,\"publisher\":{\"@id\":\"https:\/\/www.codental.com.br\/blog\/#organization\"},\"image\":{\"@id\":\"https:\/\/www.codental.com.br\/blog\/doencas-de-lingua-como-diagnosticar-e-tratar\/#primaryimage\"},\"thumbnailUrl\":\"https:\/\/www.codental.com.br\/blog\/wp-content\/uploads\/2023\/04\/Doencas-na-lingua.jpg\",\"keywords\":[\"Doen\u00e7as na l\u00edngua\",\"Doen\u00e7as odontol\u00f3gicas\"],\"articleSection\":[\"Doen\u00e7as odontol\u00f3gicas\"],\"inLanguage\":\"pt-BR\",\"potentialAction\":[{\"@type\":\"CommentAction\",\"name\":\"Comment\",\"target\":[\"https:\/\/www.codental.com.br\/blog\/doencas-de-lingua-como-diagnosticar-e-tratar\/#respond\"]}]},{\"@type\":\"WebPage\",\"@id\":\"https:\/\/www.codental.com.br\/blog\/doencas-de-lingua-como-diagnosticar-e-tratar\/\",\"url\":\"https:\/\/www.codental.com.br\/blog\/doencas-de-lingua-como-diagnosticar-e-tratar\/\",\"name\":\"Doen\u00e7as de l\u00edngua: como diagnosticar e tratar\",\"isPartOf\":{\"@id\":\"https:\/\/www.codental.com.br\/blog\/#website\"},\"primaryImageOfPage\":{\"@id\":\"https:\/\/www.codental.com.br\/blog\/doencas-de-lingua-como-diagnosticar-e-tratar\/#primaryimage\"},\"image\":{\"@id\":\"https:\/\/www.codental.com.br\/blog\/doencas-de-lingua-como-diagnosticar-e-tratar\/#primaryimage\"},\"thumbnailUrl\":\"https:\/\/www.codental.com.br\/blog\/wp-content\/uploads\/2023\/04\/Doencas-na-lingua.jpg\",\"datePublished\":\"2023-04-20T20:00:00+00:00\",\"dateModified\":\"2023-04-20T20:37:51+00:00\",\"description\":\"Doen\u00e7as de l\u00edngua s\u00e3o caracterizadas por anormalidades no m\u00fasculo da l\u00edngua, promovendo altera\u00e7\u00f5es no dia a dia do paciente.\",\"breadcrumb\":{\"@id\":\"https:\/\/www.codental.com.br\/blog\/doencas-de-lingua-como-diagnosticar-e-tratar\/#breadcrumb\"},\"inLanguage\":\"pt-BR\",\"potentialAction\":[{\"@type\":\"ReadAction\",\"target\":[\"https:\/\/www.codental.com.br\/blog\/doencas-de-lingua-como-diagnosticar-e-tratar\/\"]}]},{\"@type\":\"ImageObject\",\"inLanguage\":\"pt-BR\",\"@id\":\"https:\/\/www.codental.com.br\/blog\/doencas-de-lingua-como-diagnosticar-e-tratar\/#primaryimage\",\"url\":\"https:\/\/www.codental.com.br\/blog\/wp-content\/uploads\/2023\/04\/Doencas-na-lingua.jpg\",\"contentUrl\":\"https:\/\/www.codental.com.br\/blog\/wp-content\/uploads\/2023\/04\/Doencas-na-lingua.jpg\",\"width\":1010,\"height\":550,\"caption\":\"Doen\u00e7as na l\u00edngua\"},{\"@type\":\"BreadcrumbList\",\"@id\":\"https:\/\/www.codental.com.br\/blog\/doencas-de-lingua-como-diagnosticar-e-tratar\/#breadcrumb\",\"itemListElement\":[{\"@type\":\"ListItem\",\"position\":1,\"name\":\"In\u00edcio\",\"item\":\"https:\/\/www.codental.com.br\/blog\/\"},{\"@type\":\"ListItem\",\"position\":2,\"name\":\"Doen\u00e7as de l\u00edngua: como diagnosticar e tratar\"}]},{\"@type\":\"WebSite\",\"@id\":\"https:\/\/www.codental.com.br\/blog\/#website\",\"url\":\"https:\/\/www.codental.com.br\/blog\/\",\"name\":\"Codental Blog\",\"description\":\"Artigos e not\u00edcias sobre odontologia\",\"publisher\":{\"@id\":\"https:\/\/www.codental.com.br\/blog\/#organization\"},\"potentialAction\":[{\"@type\":\"SearchAction\",\"target\":{\"@type\":\"EntryPoint\",\"urlTemplate\":\"https:\/\/www.codental.com.br\/blog\/?s={search_term_string}\"},\"query-input\":{\"@type\":\"PropertyValueSpecification\",\"valueRequired\":true,\"valueName\":\"search_term_string\"}}],\"inLanguage\":\"pt-BR\"},{\"@type\":\"Organization\",\"@id\":\"https:\/\/www.codental.com.br\/blog\/#organization\",\"name\":\"Codental\",\"url\":\"https:\/\/codental.com.br\/\",\"logo\":{\"@type\":\"ImageObject\",\"inLanguage\":\"pt-BR\",\"@id\":\"https:\/\/www.codental.com.br\/blog\/#\/schema\/logo\/image\/\",\"url\":\"https:\/\/www.codental.com.br\/blog\/wp-content\/uploads\/2018\/10\/logo.png\",\"contentUrl\":\"https:\/\/www.codental.com.br\/blog\/wp-content\/uploads\/2018\/10\/logo.png\",\"width\":1200,\"height\":300,\"caption\":\"Codental\"},\"image\":{\"@id\":\"https:\/\/www.codental.com.br\/blog\/#\/schema\/logo\/image\/\"},\"sameAs\":[\"http:\/\/www.facebook.com\/codentalbr\",\"https:\/\/x.com\/CodentalBr\",\"https:\/\/www.instagram.com\/codentalbr\/\"]},{\"@type\":\"Person\",\"@id\":\"https:\/\/www.codental.com.br\/blog\/#\/schema\/person\/d009a36cb00954353ebd58c93d19a533\",\"name\":\"Maiza Santana\",\"image\":{\"@type\":\"ImageObject\",\"inLanguage\":\"pt-BR\",\"@id\":\"https:\/\/www.codental.com.br\/blog\/wp-content\/uploads\/2022\/11\/WhatsApp-Image-2022-11-04-at-20.01.27-343x240.jpeg\",\"url\":\"https:\/\/www.codental.com.br\/blog\/wp-content\/uploads\/2022\/11\/WhatsApp-Image-2022-11-04-at-20.01.27-343x240.jpeg\",\"contentUrl\":\"https:\/\/www.codental.com.br\/blog\/wp-content\/uploads\/2022\/11\/WhatsApp-Image-2022-11-04-at-20.01.27-343x240.jpeg\",\"caption\":\"Maiza Santana\"},\"description\":\"Fluminense, 20 anos. Estudante, apaixonada por Masterchef, mas sem habilidades na cozinha. Nas horas livres, n\u00e3o h\u00e1 nada melhor do que um livro de romance ou uma s\u00e9rie que prende a aten\u00e7\u00e3o at\u00e9 o \u00faltimo epis\u00f3dio.\",\"sameAs\":[\"https:\/\/www.codental.com.br\/\",\"https:\/\/instagram.com\/maizasx?igshid=YmMyMTA2M2Y=\"],\"url\":\"https:\/\/www.codental.com.br\/blog\/author\/maiza\/\"}]}<\/script>\n<!-- \/ Yoast SEO plugin. -->","yoast_head_json":{"title":"Doen\u00e7as de l\u00edngua: como diagnosticar e tratar","description":"Doen\u00e7as de l\u00edngua s\u00e3o caracterizadas por anormalidades no m\u00fasculo da l\u00edngua, promovendo altera\u00e7\u00f5es no dia a dia do paciente.","robots":{"index":"index","follow":"follow","max-snippet":"max-snippet:-1","max-image-preview":"max-image-preview:large","max-video-preview":"max-video-preview:-1"},"canonical":"https:\/\/www.codental.com.br\/blog\/doencas-de-lingua-como-diagnosticar-e-tratar\/","og_locale":"pt_BR","og_type":"article","og_title":"Doen\u00e7as de l\u00edngua: como diagnosticar e tratar","og_description":"Doen\u00e7as de l\u00edngua s\u00e3o caracterizadas por anormalidades no m\u00fasculo da l\u00edngua, promovendo altera\u00e7\u00f5es no dia a dia do paciente.","og_url":"https:\/\/www.codental.com.br\/blog\/doencas-de-lingua-como-diagnosticar-e-tratar\/","og_site_name":"Codental Blog","article_publisher":"http:\/\/www.facebook.com\/codentalbr","article_published_time":"2023-04-20T20:00:00+00:00","article_modified_time":"2023-04-20T20:37:51+00:00","og_image":[{"width":1010,"height":550,"url":"https:\/\/www.codental.com.br\/blog\/wp-content\/uploads\/2023\/04\/Doencas-na-lingua.jpg","type":"image\/jpeg"}],"author":"Maiza Santana","twitter_card":"summary_large_image","twitter_creator":"@CodentalBr","twitter_site":"@CodentalBr","twitter_misc":{"Escrito por":"Maiza Santana","Est. tempo de leitura":"9 minutos"},"schema":{"@context":"https:\/\/schema.org","@graph":[{"@type":"Article","@id":"https:\/\/www.codental.com.br\/blog\/doencas-de-lingua-como-diagnosticar-e-tratar\/#article","isPartOf":{"@id":"https:\/\/www.codental.com.br\/blog\/doencas-de-lingua-como-diagnosticar-e-tratar\/"},"author":{"name":"Maiza Santana","@id":"https:\/\/www.codental.com.br\/blog\/#\/schema\/person\/d009a36cb00954353ebd58c93d19a533"},"headline":"Doen\u00e7as de l\u00edngua: como diagnosticar e tratar","datePublished":"2023-04-20T20:00:00+00:00","dateModified":"2023-04-20T20:37:51+00:00","mainEntityOfPage":{"@id":"https:\/\/www.codental.com.br\/blog\/doencas-de-lingua-como-diagnosticar-e-tratar\/"},"wordCount":1697,"commentCount":0,"publisher":{"@id":"https:\/\/www.codental.com.br\/blog\/#organization"},"image":{"@id":"https:\/\/www.codental.com.br\/blog\/doencas-de-lingua-como-diagnosticar-e-tratar\/#primaryimage"},"thumbnailUrl":"https:\/\/www.codental.com.br\/blog\/wp-content\/uploads\/2023\/04\/Doencas-na-lingua.jpg","keywords":["Doen\u00e7as na l\u00edngua","Doen\u00e7as odontol\u00f3gicas"],"articleSection":["Doen\u00e7as odontol\u00f3gicas"],"inLanguage":"pt-BR","potentialAction":[{"@type":"CommentAction","name":"Comment","target":["https:\/\/www.codental.com.br\/blog\/doencas-de-lingua-como-diagnosticar-e-tratar\/#respond"]}]},{"@type":"WebPage","@id":"https:\/\/www.codental.com.br\/blog\/doencas-de-lingua-como-diagnosticar-e-tratar\/","url":"https:\/\/www.codental.com.br\/blog\/doencas-de-lingua-como-diagnosticar-e-tratar\/","name":"Doen\u00e7as de l\u00edngua: como diagnosticar e tratar","isPartOf":{"@id":"https:\/\/www.codental.com.br\/blog\/#website"},"primaryImageOfPage":{"@id":"https:\/\/www.codental.com.br\/blog\/doencas-de-lingua-como-diagnosticar-e-tratar\/#primaryimage"},"image":{"@id":"https:\/\/www.codental.com.br\/blog\/doencas-de-lingua-como-diagnosticar-e-tratar\/#primaryimage"},"thumbnailUrl":"https:\/\/www.codental.com.br\/blog\/wp-content\/uploads\/2023\/04\/Doencas-na-lingua.jpg","datePublished":"2023-04-20T20:00:00+00:00","dateModified":"2023-04-20T20:37:51+00:00","description":"Doen\u00e7as de l\u00edngua s\u00e3o caracterizadas por anormalidades no m\u00fasculo da l\u00edngua, promovendo altera\u00e7\u00f5es no dia a dia do paciente.","breadcrumb":{"@id":"https:\/\/www.codental.com.br\/blog\/doencas-de-lingua-como-diagnosticar-e-tratar\/#breadcrumb"},"inLanguage":"pt-BR","potentialAction":[{"@type":"ReadAction","target":["https:\/\/www.codental.com.br\/blog\/doencas-de-lingua-como-diagnosticar-e-tratar\/"]}]},{"@type":"ImageObject","inLanguage":"pt-BR","@id":"https:\/\/www.codental.com.br\/blog\/doencas-de-lingua-como-diagnosticar-e-tratar\/#primaryimage","url":"https:\/\/www.codental.com.br\/blog\/wp-content\/uploads\/2023\/04\/Doencas-na-lingua.jpg","contentUrl":"https:\/\/www.codental.com.br\/blog\/wp-content\/uploads\/2023\/04\/Doencas-na-lingua.jpg","width":1010,"height":550,"caption":"Doen\u00e7as na l\u00edngua"},{"@type":"BreadcrumbList","@id":"https:\/\/www.codental.com.br\/blog\/doencas-de-lingua-como-diagnosticar-e-tratar\/#breadcrumb","itemListElement":[{"@type":"ListItem","position":1,"name":"In\u00edcio","item":"https:\/\/www.codental.com.br\/blog\/"},{"@type":"ListItem","position":2,"name":"Doen\u00e7as de l\u00edngua: como diagnosticar e tratar"}]},{"@type":"WebSite","@id":"https:\/\/www.codental.com.br\/blog\/#website","url":"https:\/\/www.codental.com.br\/blog\/","name":"Codental Blog","description":"Artigos e not\u00edcias sobre odontologia","publisher":{"@id":"https:\/\/www.codental.com.br\/blog\/#organization"},"potentialAction":[{"@type":"SearchAction","target":{"@type":"EntryPoint","urlTemplate":"https:\/\/www.codental.com.br\/blog\/?s={search_term_string}"},"query-input":{"@type":"PropertyValueSpecification","valueRequired":true,"valueName":"search_term_string"}}],"inLanguage":"pt-BR"},{"@type":"Organization","@id":"https:\/\/www.codental.com.br\/blog\/#organization","name":"Codental","url":"https:\/\/codental.com.br\/","logo":{"@type":"ImageObject","inLanguage":"pt-BR","@id":"https:\/\/www.codental.com.br\/blog\/#\/schema\/logo\/image\/","url":"https:\/\/www.codental.com.br\/blog\/wp-content\/uploads\/2018\/10\/logo.png","contentUrl":"https:\/\/www.codental.com.br\/blog\/wp-content\/uploads\/2018\/10\/logo.png","width":1200,"height":300,"caption":"Codental"},"image":{"@id":"https:\/\/www.codental.com.br\/blog\/#\/schema\/logo\/image\/"},"sameAs":["http:\/\/www.facebook.com\/codentalbr","https:\/\/x.com\/CodentalBr","https:\/\/www.instagram.com\/codentalbr\/"]},{"@type":"Person","@id":"https:\/\/www.codental.com.br\/blog\/#\/schema\/person\/d009a36cb00954353ebd58c93d19a533","name":"Maiza Santana","image":{"@type":"ImageObject","inLanguage":"pt-BR","@id":"https:\/\/www.codental.com.br\/blog\/wp-content\/uploads\/2022\/11\/WhatsApp-Image-2022-11-04-at-20.01.27-343x240.jpeg","url":"https:\/\/www.codental.com.br\/blog\/wp-content\/uploads\/2022\/11\/WhatsApp-Image-2022-11-04-at-20.01.27-343x240.jpeg","contentUrl":"https:\/\/www.codental.com.br\/blog\/wp-content\/uploads\/2022\/11\/WhatsApp-Image-2022-11-04-at-20.01.27-343x240.jpeg","caption":"Maiza Santana"},"description":"Fluminense, 20 anos. Estudante, apaixonada por Masterchef, mas sem habilidades na cozinha. Nas horas livres, n\u00e3o h\u00e1 nada melhor do que um livro de romance ou uma s\u00e9rie que prende a aten\u00e7\u00e3o at\u00e9 o \u00faltimo epis\u00f3dio.","sameAs":["https:\/\/www.codental.com.br\/","https:\/\/instagram.com\/maizasx?igshid=YmMyMTA2M2Y="],"url":"https:\/\/www.codental.com.br\/blog\/author\/maiza\/"}]}},"_links":{"self":[{"href":"https:\/\/www.codental.com.br\/blog\/wp-json\/wp\/v2\/posts\/3332","targetHints":{"allow":["GET"]}}],"collection":[{"href":"https:\/\/www.codental.com.br\/blog\/wp-json\/wp\/v2\/posts"}],"about":[{"href":"https:\/\/www.codental.com.br\/blog\/wp-json\/wp\/v2\/types\/post"}],"author":[{"embeddable":true,"href":"https:\/\/www.codental.com.br\/blog\/wp-json\/wp\/v2\/users\/22"}],"replies":[{"embeddable":true,"href":"https:\/\/www.codental.com.br\/blog\/wp-json\/wp\/v2\/comments?post=3332"}],"version-history":[{"count":5,"href":"https:\/\/www.codental.com.br\/blog\/wp-json\/wp\/v2\/posts\/3332\/revisions"}],"predecessor-version":[{"id":3412,"href":"https:\/\/www.codental.com.br\/blog\/wp-json\/wp\/v2\/posts\/3332\/revisions\/3412"}],"wp:featuredmedia":[{"embeddable":true,"href":"https:\/\/www.codental.com.br\/blog\/wp-json\/wp\/v2\/media\/3411"}],"wp:attachment":[{"href":"https:\/\/www.codental.com.br\/blog\/wp-json\/wp\/v2\/media?parent=3332"}],"wp:term":[{"taxonomy":"category","embeddable":true,"href":"https:\/\/www.codental.com.br\/blog\/wp-json\/wp\/v2\/categories?post=3332"},{"taxonomy":"post_tag","embeddable":true,"href":"https:\/\/www.codental.com.br\/blog\/wp-json\/wp\/v2\/tags?post=3332"}],"curies":[{"name":"wp","href":"https:\/\/api.w.org\/{rel}","templated":true}]}}