{"id":3149,"date":"2023-04-09T17:00:00","date_gmt":"2023-04-09T20:00:00","guid":{"rendered":"https:\/\/www.codental.com.br\/blog\/?p=3149"},"modified":"2023-04-06T15:18:27","modified_gmt":"2023-04-06T18:18:27","slug":"gengivite-tratamento-e-muito-mais-sobre-essa-doenca","status":"publish","type":"post","link":"https:\/\/www.codental.com.br\/blog\/gengivite-tratamento-e-muito-mais-sobre-essa-doenca\/","title":{"rendered":"Gengivite: tratamento e muito mais sobre essa doen\u00e7a"},"content":{"rendered":"\n<p>A <strong>gengivite<\/strong>, a<a href=\"https:\/\/www.codental.com.br\/blog\/periodontite-avancada\/?utm_source=blog&utm_medium=referral&utm_content=gengivite-tratamento-e-muito-mais-sobre-essa-doenca\"> periodontite<\/a> e a <a href=\"https:\/\/www.codental.com.br\/blog\/carie-inicial-entenda-tudo-sobre-esse-problema\/?utm_source=blog&utm_medium=referral&utm_content=gengivite-tratamento-e-muito-mais-sobre-essa-doenca\">c\u00e1rie dent\u00e1ria<\/a> est\u00e3o entre as patologias orais mais prevalentes em humanos.<\/p>\n\n\n\n<p>Tais infec\u00e7\u00f5es, quando n\u00e3o tratadas, podem afetar seus componentes de suporte e se espalhar sistemicamente para ossos e tecidos pr\u00f3ximos.<\/p>\n\n\n\n<p><strong>Caracteriza-se como gengivite a inflama\u00e7\u00e3o gengival decorrente da disbiose microbiana oral, localizada na fenda subgengival dent\u00e1ria. <\/strong>Quando n\u00e3o tratada adequadamente pode levar a Periodontite destrutiva.<\/p>\n\n\n\n<p>Neste artigo, falaremos sobre os tratamentos indicados para a gengivite que est\u00e3o em acordo com as evid\u00eancias cient\u00edficas recentes, al\u00e9m de comprovar se h\u00e1 efic\u00e1cia nos tratamentos caseiros.<\/p>\n\n\n\n<h2 class=\"wp-block-heading\">Como curar a Gengivite?<\/h2>\n\n\n\n<p>Antes de descrever o melhor tratamento para gengivite, devemos lembrar que no ambiente bucal concentram-se as mais importantes fontes de microrganismos existentes em nosso corpo.<\/p>\n\n\n\n<h3 class=\"wp-block-heading\">Gengivite e sua patog\u00eanese <\/h3>\n\n\n\n<p>Isso se deve a miss\u00e3o de prote\u00e7\u00e3o local exercida pela cavidade oral, al\u00e9m de sua fun\u00e7\u00e3o sist\u00eamica contra agentes patol\u00f3gicos.  <\/p>\n\n\n\n<p>Entretanto, a higiene deficit\u00e1ria propicia ao ambiente bucal a prolifera\u00e7\u00e3o bacteriana originando o <a href=\"https:\/\/www.codental.com.br\/blog\/placa-bacteriana-o-que-e-prevencao-e-tratamento\/?utm_source=blog&utm_medium=referral&utm_content=gengivite-tratamento-e-muito-mais-sobre-essa-doenca\">biofilme dental<\/a>, que, ao se depositar na gengiva inserida, leva o individuo a desenvolver a gengivite.<\/p>\n\n\n\n<p>A partir disso, a patog\u00eanese da gengivite ocorre devido \u00e0 predisposi\u00e7\u00e3o do hospedeiro a disbiose, gerando graus diferenciados de gravidade desta doen\u00e7a.<\/p>\n\n\n\n<p>Al\u00e9m disso, o envelhecimento gengival ocasiona a inflama\u00e7\u00e3o gengival e, quando n\u00e3o tratada, pode evoluir para destrui\u00e7\u00e3o dos tecidos de suporte, evoluindo para a periodontite cr\u00f4nica.<\/p>\n\n\n\n<h3 class=\"wp-block-heading\">Diagn\u00f3stico da gengivite<\/h3>\n\n\n\n<p><strong>Apesar de a gengivite parecer uma patologia simples aos olhos do paciente, \u00e9 importante a avalia\u00e7\u00e3o do profissional odontol\u00f3gico a fim de avaliar o tratamento indicado.<\/strong><\/p>\n\n\n\n<p>A avalia\u00e7\u00e3o do paciente precisa conter os h\u00e1bitos de higiene e dist\u00farbios metab\u00f3licos, por exemplo. Al\u00e9m disso, o tabagismo e a faixa et\u00e1ria s\u00e3o informa\u00e7\u00f5es importantes para o melhor tratamento da gengivite.<\/p>\n\n\n\n<p>Ademais, o profissional precisa avaliar o estado da higiene bucal, que inclui:<\/p>\n\n\n\n<ul class=\"wp-block-list\"><li>\u00cdndice simplificado de higiene bucal;<\/li><li>\u00cdndice de placa bacteriana existente na cavidade oral;<\/li><li>\u00cdndice gengival;<\/li><li>\u00cdndice periodontal;<\/li><li>\u00cdndice de dentes perdidos ou cariados.<\/li><\/ul>\n\n\n\n<p>Portanto, a avalia\u00e7\u00e3o desses \u00edndices de sa\u00fade bucal, \u00e9 complexa e deve ser realizada por dentistas.<\/p>\n\n\n\n<p>Al\u00e9m disso, apenas o dentista pode avaliar corretamente o risco de doen\u00e7a periodontal.<\/p>\n\n\n\n<h2 class=\"wp-block-heading\">Gengivite e seu tratamento<\/h2>\n\n\n\n<p><strong>Para o tratamento da periodontite, incluindo o tratamento da gengivite, usava-se um modelo de presta\u00e7\u00e3o de cuidado na repara\u00e7\u00e3o e restaura\u00e7\u00e3o de tecidos ap\u00f3s o in\u00edcio da doen\u00e7a.<\/strong><\/p>\n\n\n\n<p>Entretanto, abordar preventivamente o cuidado da sa\u00fade gengival, impede interven\u00e7\u00f5es terap\u00eauticas invasivas e cir\u00fargicas para o cuidado bucal.<\/p>\n\n\n\n<h3 class=\"wp-block-heading\">Medidas preventivas para o tratamento da gengivite<\/h3>\n\n\n\n<p>Para que medidas preventivas alcancem \u00eaxito na preven\u00e7\u00e3o das doen\u00e7as periodontais, incluindo a gengivite, o profissional deve adotar planejamentos personalizados.<\/p>\n\n\n\n<p>Primeiramente, o profissional precisa individualizar os dados cl\u00ednicos e fatores de vida baseado nos dados cl\u00ednicos deste.<\/p>\n\n\n\n<p>Posteriormente, ele deve estratificar os diagn\u00f3sticos dos indiv\u00edduos em:<\/p>\n\n\n\n<ol class=\"wp-block-list\"><li>Periodonticamente saud\u00e1veis;<\/li><li>Pacientes que apresentam gengivite (mucosite);<\/li><li>Pacientes que apresentam periodontite (cr\u00f4nica ou grave).<\/li><\/ol>\n\n\n\n<p>Al\u00e9m disso, o profissional deve avaliar os riscos para estados futuros.<\/p>\n\n\n\n<p>Logo, validar metodologias de rastreamento periodontal, tornou-se um requisito fundamental para todos os pacientes devido \u00e0 sua alta preval\u00eancia.<\/p>\n\n\n\n<h3 class=\"wp-block-heading\">Manejo no tratamento da gengivite<\/h3>\n\n\n\n<p>A inflama\u00e7\u00e3o gengival \u00e9 o primeiro sinal da periodontite, desse modo, a preven\u00e7\u00e3o e tratamento deste, s\u00e3o essenciais na preven\u00e7\u00e3o da periodontite.<\/p>\n\n\n\n<p>Consequentemente, <strong>o controle e manejo de fatores de risco para a gengivite como diabetes e tabagismo, por exemplo, integram as abordagens primitivas e secund\u00e1rias para evitar a periodontite e sua gravidade.<\/strong><\/p>\n\n\n\n<p>Desta maneira:<\/p>\n\n\n\n<ul class=\"wp-block-list\"><li>Escovar os dentes 30 minutos ap\u00f3s as refei\u00e7\u00f5es com pasta dental;<\/li><li>Usar fio dental ou interdental diariamente;<\/li><li>Enxaguar com colut\u00f3rio bucal a base de clorexidina,<\/li><\/ul>\n\n\n\n<p>Representam medidas preventivas para o desenvolvimento\/ controle da gengivite.<\/p>\n\n\n\n<h4 class=\"wp-block-heading\">Remo\u00e7\u00e3o mec\u00e2nica de placa (t\u00e1rtaro)<\/h4>\n\n\n\n<p>A remo\u00e7\u00e3o mec\u00e2nica do biofilme dental (<a href=\"https:\/\/www.codental.com.br\/blog\/tartaro-nos-dentes-tudo-que-voce-precisa-saber\/?utm_source=blog&utm_medium=referral&utm_content=gengivite-tratamento-e-muito-mais-sobre-essa-doenca\">t\u00e1rtaro<\/a>), continua a ser a principal terapia para tratar a gengivite, pois, elimina o agente bacteriano causador desta inflama\u00e7\u00e3o.<\/p>\n\n\n\n<p>Por\u00e9m, apenas a remo\u00e7\u00e3o da placa bacteriana \u00e9 ineficaz no tratamento da gengivite, sendo assim, a melhora da qualidade da higiene bucal, o agente terap\u00eautico mais eficaz.<\/p>\n\n\n\n<h4 class=\"wp-block-heading\">Qual o melhor anti-inflamat\u00f3rio para a gengivite?<\/h4>\n\n\n\n<p><strong>Para tratar a gengivite e os sinais inflamat\u00f3rios desta, primeiramente lembraremos dos sinais cardinais da inflama\u00e7\u00e3o que s\u00e3o: dor, calor, rubor, edema e perda de fun\u00e7\u00e3o.<\/strong><\/p>\n\n\n\n<p>Consequentemente, ao desencadear a cascata inflamat\u00f3ria, os AINES, s\u00e3o indicados a fim de diminuir a sensa\u00e7\u00e3o dolorosa da gengivite.<\/p>\n\n\n\n<p>Sendo assim, o profissional adequado para prescrever o anti-inflamat\u00f3rio correto \u00e9 o dentista, pois, este ir\u00e1 avaliar qual medicamento \u00e9 o mais indicado para cada paciente.<\/p>\n\n\n\n<h4 class=\"wp-block-heading\">Controle com outros medicamentos<\/h4>\n\n\n\n<p>O uso de medicamentos n\u00e3o prescritos pelo profissional odontol\u00f3gico pode acarretar a piora da gengivite, portanto, sua evolu\u00e7\u00e3o aos tecidos de sustenta\u00e7\u00e3o, causando assim a periodontite.<\/p>\n\n\n\n<p>Tratamentos com bicarbonato de s\u00f3dio, por exemplo, interv\u00eam na melhora da gengivite, por\u00e9m n\u00e3o eliminam os fatores etiol\u00f3gicos da doen\u00e7a.<\/p>\n\n\n\n<p>Al\u00e9m disso, rem\u00e9dios caseiros como solu\u00e7\u00e3o de \u00e1gua e sal mornos, ch\u00e1 diversos, apenas o uso de \u00e1gua-oxigenada e \u00f3leos essenciais camuflam a inflama\u00e7\u00e3o aguda, elevando as chances de piora do quadro.<\/p>\n\n\n\n<p>Todavia, estes medicamentos caseiros auxiliam apenas na manuten\u00e7\u00e3o gengival, de modo a diminuir a reincid\u00eancia da inflama\u00e7\u00e3o gengival.<\/p>\n\n\n\n<p>Em vista disso, <strong>o paciente deve estar ciente de que a automedica\u00e7\u00e3o com agentes qu\u00edmicos eficazes no controle da placa pode mascarar a doen\u00e7a periodontal subjacente<\/strong>.<\/p>\n\n\n\n<p>Consequentemente o paciente pode desenvolver a forma mais grave de periodontite e deve buscar conselho profissional ap\u00f3s exame gengival e periodontal.<\/p>\n\n\n\n<h2 class=\"wp-block-heading\">Como curar r\u00e1pido a gengivite?<\/h2>\n\n\n\n<p><strong>Para que a cura da gengivite se d\u00ea rapidamente \u00e9 necess\u00e1rio o paciente buscar diagn\u00f3stico e tratamento odontol\u00f3gico.<\/strong><\/p>\n\n\n\n<p>Al\u00e9m disso, incluir h\u00e1bitos saud\u00e1veis de higieniza\u00e7\u00e3o e controle de desenvolvimento de placa bacteriana (t\u00e1rtaro), afim de manter o ambiente bucal saud\u00e1vel.<\/p>\n\n\n\n<p>Logo, uma boa alimenta\u00e7\u00e3o e estilo de vida saud\u00e1veis, como atividades f\u00edsicas e anti tabagistas, auxiliam para diminuir os agravos gengivais, e em decorr\u00eancia disto, o agravo periodontal.<\/p>\n\n\n\n<h4 class=\"wp-block-heading\">Doen\u00e7as associadas ao tratamento ineficaz e profissional gengivais.<\/h4>\n\n\n\n<p>A periodontite afeta mais de 50% da popula\u00e7\u00e3o, e suas condi\u00e7\u00f5es grave e necrosante, 11% e 6% humanos, respectivamente.<\/p>\n\n\n\n<p>Logo,<strong> negligenciar ou n\u00e3o tratar corretamente a gengivite, pode acarretar doen\u00e7as sist\u00eamicas devido \u00e0 sua intera\u00e7\u00e3o fisiol\u00f3gica no indiv\u00edduo.<\/strong><\/p>\n\n\n\n<p>Desta maneira, doen\u00e7as autoimunes como L\u00fapus Eritematoso, a Psor\u00edase, a doen\u00e7a de Crohn e a s\u00edndrome de Sj\u00f6gren se correlacionam e predisp\u00f5em o indiv\u00edduo a doen\u00e7as periodontais.<\/p>\n\n\n\n<p>Al\u00e9m disso, estudos recentes relacionam a m\u00e1 higiene bucal a predisposi\u00e7\u00e3o de dist\u00farbios metab\u00f3licos, representando risco de acidente vascular cerebral e<a href=\"https:\/\/www.codental.com.br\/blog\/endocardite-bacteriana-na-odontologia-guia-completo\/?utm_source=blog&utm_medium=referral&utm_content=gengivite-tratamento-e-muito-mais-sobre-essa-doenca\"> endocardite bacteriana.<\/a><\/p>\n\n\n\n<p>As doen\u00e7as gengivais como a gengivite e a periodontite nas suas formas agressiva e necrosante merecem aten\u00e7\u00e3o do paciente.<\/p>\n\n\n\n<p>Portanto, sua neglig\u00eancia e autotratamentos, sem a avalia\u00e7\u00e3o e diagn\u00f3stico do dentista, podem acarretar agravos bucais e sist\u00eamicos, diminuindo a qualidade de vida e sa\u00fade do paciente.<\/p>\n","protected":false},"excerpt":{"rendered":"<p>A gengivite, a periodontite e a c\u00e1rie dent\u00e1ria est\u00e3o entre as patologias orais mais&#8230;<\/p>\n","protected":false},"author":30,"featured_media":3287,"comment_status":"closed","ping_status":"closed","sticky":false,"template":"","format":"standard","meta":{"_target_audience":"","footnotes":""},"categories":[247],"tags":[407,377,378],"class_list":["post-3149","post","type-post","status-publish","format-standard","has-post-thumbnail","hentry","category-doencas-odontologicas","tag-gengiva-doendo","tag-gengiva-inflamada","tag-gengivite"],"yoast_head":"<!-- This site is optimized with the Yoast SEO plugin v27.2 - https:\/\/yoast.com\/product\/yoast-seo-wordpress\/ -->\n<title>Gengivite: tratamento e muito mais sobre essa doen\u00e7a<\/title>\n<meta name=\"description\" content=\"Gengivite \u2013 tratamento, causas e muito mais sobre essa condi\u00e7\u00e3o que afeta muitas pessoas em todo o planeta. Confira!\" \/>\n<meta name=\"robots\" content=\"index, follow, max-snippet:-1, max-image-preview:large, max-video-preview:-1\" \/>\n<link rel=\"canonical\" href=\"https:\/\/www.codental.com.br\/blog\/gengivite-tratamento-e-muito-mais-sobre-essa-doenca\/\" \/>\n<meta property=\"og:locale\" content=\"pt_BR\" \/>\n<meta property=\"og:type\" content=\"article\" \/>\n<meta property=\"og:title\" content=\"Gengivite: tratamento e muito mais sobre essa doen\u00e7a\" \/>\n<meta property=\"og:description\" content=\"Gengivite \u2013 tratamento, causas e muito mais sobre essa condi\u00e7\u00e3o que afeta muitas pessoas em todo o planeta. Confira!\" \/>\n<meta property=\"og:url\" content=\"https:\/\/www.codental.com.br\/blog\/gengivite-tratamento-e-muito-mais-sobre-essa-doenca\/\" \/>\n<meta property=\"og:site_name\" content=\"Codental Blog\" \/>\n<meta property=\"article:publisher\" content=\"http:\/\/www.facebook.com\/codentalbr\" \/>\n<meta property=\"article:published_time\" content=\"2023-04-09T20:00:00+00:00\" \/>\n<meta property=\"og:image\" content=\"https:\/\/www.codental.com.br\/blog\/wp-content\/uploads\/2023\/04\/gengivite-tratamento.jpg\" \/>\n\t<meta property=\"og:image:width\" content=\"1010\" \/>\n\t<meta property=\"og:image:height\" content=\"550\" \/>\n\t<meta property=\"og:image:type\" content=\"image\/jpeg\" \/>\n<meta name=\"author\" content=\"Jaqueline\" \/>\n<meta name=\"twitter:card\" content=\"summary_large_image\" \/>\n<meta name=\"twitter:creator\" content=\"@CodentalBr\" \/>\n<meta name=\"twitter:site\" content=\"@CodentalBr\" \/>\n<meta name=\"twitter:label1\" content=\"Escrito por\" \/>\n\t<meta name=\"twitter:data1\" content=\"Jaqueline\" \/>\n\t<meta name=\"twitter:label2\" content=\"Est. tempo de leitura\" \/>\n\t<meta name=\"twitter:data2\" content=\"6 minutos\" \/>\n<script type=\"application\/ld+json\" class=\"yoast-schema-graph\">{\"@context\":\"https:\/\/schema.org\",\"@graph\":[{\"@type\":\"Article\",\"@id\":\"https:\/\/www.codental.com.br\/blog\/gengivite-tratamento-e-muito-mais-sobre-essa-doenca\/#article\",\"isPartOf\":{\"@id\":\"https:\/\/www.codental.com.br\/blog\/gengivite-tratamento-e-muito-mais-sobre-essa-doenca\/\"},\"author\":{\"name\":\"Jaqueline\",\"@id\":\"https:\/\/www.codental.com.br\/blog\/#\/schema\/person\/7506ab8d7a0b35cdfe68fae4ee2f9277\"},\"headline\":\"Gengivite: tratamento e muito mais sobre essa doen\u00e7a\",\"datePublished\":\"2023-04-09T20:00:00+00:00\",\"mainEntityOfPage\":{\"@id\":\"https:\/\/www.codental.com.br\/blog\/gengivite-tratamento-e-muito-mais-sobre-essa-doenca\/\"},\"wordCount\":1235,\"publisher\":{\"@id\":\"https:\/\/www.codental.com.br\/blog\/#organization\"},\"image\":{\"@id\":\"https:\/\/www.codental.com.br\/blog\/gengivite-tratamento-e-muito-mais-sobre-essa-doenca\/#primaryimage\"},\"thumbnailUrl\":\"https:\/\/www.codental.com.br\/blog\/wp-content\/uploads\/2023\/04\/gengivite-tratamento.jpg\",\"keywords\":[\"Gengiva doendo\",\"Gengiva inflamada\",\"Gengivite\"],\"articleSection\":[\"Doen\u00e7as odontol\u00f3gicas\"],\"inLanguage\":\"pt-BR\"},{\"@type\":\"WebPage\",\"@id\":\"https:\/\/www.codental.com.br\/blog\/gengivite-tratamento-e-muito-mais-sobre-essa-doenca\/\",\"url\":\"https:\/\/www.codental.com.br\/blog\/gengivite-tratamento-e-muito-mais-sobre-essa-doenca\/\",\"name\":\"Gengivite: tratamento e muito mais sobre essa doen\u00e7a\",\"isPartOf\":{\"@id\":\"https:\/\/www.codental.com.br\/blog\/#website\"},\"primaryImageOfPage\":{\"@id\":\"https:\/\/www.codental.com.br\/blog\/gengivite-tratamento-e-muito-mais-sobre-essa-doenca\/#primaryimage\"},\"image\":{\"@id\":\"https:\/\/www.codental.com.br\/blog\/gengivite-tratamento-e-muito-mais-sobre-essa-doenca\/#primaryimage\"},\"thumbnailUrl\":\"https:\/\/www.codental.com.br\/blog\/wp-content\/uploads\/2023\/04\/gengivite-tratamento.jpg\",\"datePublished\":\"2023-04-09T20:00:00+00:00\",\"description\":\"Gengivite \u2013 tratamento, causas e muito mais sobre essa condi\u00e7\u00e3o que afeta muitas pessoas em todo o planeta. Confira!\",\"breadcrumb\":{\"@id\":\"https:\/\/www.codental.com.br\/blog\/gengivite-tratamento-e-muito-mais-sobre-essa-doenca\/#breadcrumb\"},\"inLanguage\":\"pt-BR\",\"potentialAction\":[{\"@type\":\"ReadAction\",\"target\":[\"https:\/\/www.codental.com.br\/blog\/gengivite-tratamento-e-muito-mais-sobre-essa-doenca\/\"]}]},{\"@type\":\"ImageObject\",\"inLanguage\":\"pt-BR\",\"@id\":\"https:\/\/www.codental.com.br\/blog\/gengivite-tratamento-e-muito-mais-sobre-essa-doenca\/#primaryimage\",\"url\":\"https:\/\/www.codental.com.br\/blog\/wp-content\/uploads\/2023\/04\/gengivite-tratamento.jpg\",\"contentUrl\":\"https:\/\/www.codental.com.br\/blog\/wp-content\/uploads\/2023\/04\/gengivite-tratamento.jpg\",\"width\":1010,\"height\":550,\"caption\":\"Gengivite tratamento\"},{\"@type\":\"BreadcrumbList\",\"@id\":\"https:\/\/www.codental.com.br\/blog\/gengivite-tratamento-e-muito-mais-sobre-essa-doenca\/#breadcrumb\",\"itemListElement\":[{\"@type\":\"ListItem\",\"position\":1,\"name\":\"In\u00edcio\",\"item\":\"https:\/\/www.codental.com.br\/blog\/\"},{\"@type\":\"ListItem\",\"position\":2,\"name\":\"Gengivite: tratamento e muito mais sobre essa doen\u00e7a\"}]},{\"@type\":\"WebSite\",\"@id\":\"https:\/\/www.codental.com.br\/blog\/#website\",\"url\":\"https:\/\/www.codental.com.br\/blog\/\",\"name\":\"Codental Blog\",\"description\":\"Artigos e not\u00edcias sobre odontologia\",\"publisher\":{\"@id\":\"https:\/\/www.codental.com.br\/blog\/#organization\"},\"potentialAction\":[{\"@type\":\"SearchAction\",\"target\":{\"@type\":\"EntryPoint\",\"urlTemplate\":\"https:\/\/www.codental.com.br\/blog\/?s={search_term_string}\"},\"query-input\":{\"@type\":\"PropertyValueSpecification\",\"valueRequired\":true,\"valueName\":\"search_term_string\"}}],\"inLanguage\":\"pt-BR\"},{\"@type\":\"Organization\",\"@id\":\"https:\/\/www.codental.com.br\/blog\/#organization\",\"name\":\"Codental\",\"url\":\"https:\/\/codental.com.br\/\",\"logo\":{\"@type\":\"ImageObject\",\"inLanguage\":\"pt-BR\",\"@id\":\"https:\/\/www.codental.com.br\/blog\/#\/schema\/logo\/image\/\",\"url\":\"https:\/\/www.codental.com.br\/blog\/wp-content\/uploads\/2018\/10\/logo.png\",\"contentUrl\":\"https:\/\/www.codental.com.br\/blog\/wp-content\/uploads\/2018\/10\/logo.png\",\"width\":1200,\"height\":300,\"caption\":\"Codental\"},\"image\":{\"@id\":\"https:\/\/www.codental.com.br\/blog\/#\/schema\/logo\/image\/\"},\"sameAs\":[\"http:\/\/www.facebook.com\/codentalbr\",\"https:\/\/x.com\/CodentalBr\",\"https:\/\/www.instagram.com\/codentalbr\/\"]},{\"@type\":\"Person\",\"@id\":\"https:\/\/www.codental.com.br\/blog\/#\/schema\/person\/7506ab8d7a0b35cdfe68fae4ee2f9277\",\"name\":\"Jaqueline\",\"image\":{\"@type\":\"ImageObject\",\"inLanguage\":\"pt-BR\",\"@id\":\"https:\/\/www.codental.com.br\/blog\/wp-content\/uploads\/2022\/11\/WhatsApp-Image-2022-11-23-at-18.30.21-343x240.jpeg\",\"url\":\"https:\/\/www.codental.com.br\/blog\/wp-content\/uploads\/2022\/11\/WhatsApp-Image-2022-11-23-at-18.30.21-343x240.jpeg\",\"contentUrl\":\"https:\/\/www.codental.com.br\/blog\/wp-content\/uploads\/2022\/11\/WhatsApp-Image-2022-11-23-at-18.30.21-343x240.jpeg\",\"caption\":\"Jaqueline\"},\"description\":\"Mineira, 38 anos. Dentista cl\u00ednica geral e jornalista. Apaixonada por artes, m\u00fasica e culin\u00e1ria, um trio perfeito para bons encontros com os amigos.\",\"url\":\"https:\/\/www.codental.com.br\/blog\/author\/jackeline\/\"}]}<\/script>\n<!-- \/ Yoast SEO plugin. -->","yoast_head_json":{"title":"Gengivite: tratamento e muito mais sobre essa doen\u00e7a","description":"Gengivite \u2013 tratamento, causas e muito mais sobre essa condi\u00e7\u00e3o que afeta muitas pessoas em todo o planeta. Confira!","robots":{"index":"index","follow":"follow","max-snippet":"max-snippet:-1","max-image-preview":"max-image-preview:large","max-video-preview":"max-video-preview:-1"},"canonical":"https:\/\/www.codental.com.br\/blog\/gengivite-tratamento-e-muito-mais-sobre-essa-doenca\/","og_locale":"pt_BR","og_type":"article","og_title":"Gengivite: tratamento e muito mais sobre essa doen\u00e7a","og_description":"Gengivite \u2013 tratamento, causas e muito mais sobre essa condi\u00e7\u00e3o que afeta muitas pessoas em todo o planeta. Confira!","og_url":"https:\/\/www.codental.com.br\/blog\/gengivite-tratamento-e-muito-mais-sobre-essa-doenca\/","og_site_name":"Codental Blog","article_publisher":"http:\/\/www.facebook.com\/codentalbr","article_published_time":"2023-04-09T20:00:00+00:00","og_image":[{"width":1010,"height":550,"url":"https:\/\/www.codental.com.br\/blog\/wp-content\/uploads\/2023\/04\/gengivite-tratamento.jpg","type":"image\/jpeg"}],"author":"Jaqueline","twitter_card":"summary_large_image","twitter_creator":"@CodentalBr","twitter_site":"@CodentalBr","twitter_misc":{"Escrito por":"Jaqueline","Est. tempo de leitura":"6 minutos"},"schema":{"@context":"https:\/\/schema.org","@graph":[{"@type":"Article","@id":"https:\/\/www.codental.com.br\/blog\/gengivite-tratamento-e-muito-mais-sobre-essa-doenca\/#article","isPartOf":{"@id":"https:\/\/www.codental.com.br\/blog\/gengivite-tratamento-e-muito-mais-sobre-essa-doenca\/"},"author":{"name":"Jaqueline","@id":"https:\/\/www.codental.com.br\/blog\/#\/schema\/person\/7506ab8d7a0b35cdfe68fae4ee2f9277"},"headline":"Gengivite: tratamento e muito mais sobre essa doen\u00e7a","datePublished":"2023-04-09T20:00:00+00:00","mainEntityOfPage":{"@id":"https:\/\/www.codental.com.br\/blog\/gengivite-tratamento-e-muito-mais-sobre-essa-doenca\/"},"wordCount":1235,"publisher":{"@id":"https:\/\/www.codental.com.br\/blog\/#organization"},"image":{"@id":"https:\/\/www.codental.com.br\/blog\/gengivite-tratamento-e-muito-mais-sobre-essa-doenca\/#primaryimage"},"thumbnailUrl":"https:\/\/www.codental.com.br\/blog\/wp-content\/uploads\/2023\/04\/gengivite-tratamento.jpg","keywords":["Gengiva doendo","Gengiva inflamada","Gengivite"],"articleSection":["Doen\u00e7as odontol\u00f3gicas"],"inLanguage":"pt-BR"},{"@type":"WebPage","@id":"https:\/\/www.codental.com.br\/blog\/gengivite-tratamento-e-muito-mais-sobre-essa-doenca\/","url":"https:\/\/www.codental.com.br\/blog\/gengivite-tratamento-e-muito-mais-sobre-essa-doenca\/","name":"Gengivite: tratamento e muito mais sobre essa doen\u00e7a","isPartOf":{"@id":"https:\/\/www.codental.com.br\/blog\/#website"},"primaryImageOfPage":{"@id":"https:\/\/www.codental.com.br\/blog\/gengivite-tratamento-e-muito-mais-sobre-essa-doenca\/#primaryimage"},"image":{"@id":"https:\/\/www.codental.com.br\/blog\/gengivite-tratamento-e-muito-mais-sobre-essa-doenca\/#primaryimage"},"thumbnailUrl":"https:\/\/www.codental.com.br\/blog\/wp-content\/uploads\/2023\/04\/gengivite-tratamento.jpg","datePublished":"2023-04-09T20:00:00+00:00","description":"Gengivite \u2013 tratamento, causas e muito mais sobre essa condi\u00e7\u00e3o que afeta muitas pessoas em todo o planeta. Confira!","breadcrumb":{"@id":"https:\/\/www.codental.com.br\/blog\/gengivite-tratamento-e-muito-mais-sobre-essa-doenca\/#breadcrumb"},"inLanguage":"pt-BR","potentialAction":[{"@type":"ReadAction","target":["https:\/\/www.codental.com.br\/blog\/gengivite-tratamento-e-muito-mais-sobre-essa-doenca\/"]}]},{"@type":"ImageObject","inLanguage":"pt-BR","@id":"https:\/\/www.codental.com.br\/blog\/gengivite-tratamento-e-muito-mais-sobre-essa-doenca\/#primaryimage","url":"https:\/\/www.codental.com.br\/blog\/wp-content\/uploads\/2023\/04\/gengivite-tratamento.jpg","contentUrl":"https:\/\/www.codental.com.br\/blog\/wp-content\/uploads\/2023\/04\/gengivite-tratamento.jpg","width":1010,"height":550,"caption":"Gengivite tratamento"},{"@type":"BreadcrumbList","@id":"https:\/\/www.codental.com.br\/blog\/gengivite-tratamento-e-muito-mais-sobre-essa-doenca\/#breadcrumb","itemListElement":[{"@type":"ListItem","position":1,"name":"In\u00edcio","item":"https:\/\/www.codental.com.br\/blog\/"},{"@type":"ListItem","position":2,"name":"Gengivite: tratamento e muito mais sobre essa doen\u00e7a"}]},{"@type":"WebSite","@id":"https:\/\/www.codental.com.br\/blog\/#website","url":"https:\/\/www.codental.com.br\/blog\/","name":"Codental Blog","description":"Artigos e not\u00edcias sobre odontologia","publisher":{"@id":"https:\/\/www.codental.com.br\/blog\/#organization"},"potentialAction":[{"@type":"SearchAction","target":{"@type":"EntryPoint","urlTemplate":"https:\/\/www.codental.com.br\/blog\/?s={search_term_string}"},"query-input":{"@type":"PropertyValueSpecification","valueRequired":true,"valueName":"search_term_string"}}],"inLanguage":"pt-BR"},{"@type":"Organization","@id":"https:\/\/www.codental.com.br\/blog\/#organization","name":"Codental","url":"https:\/\/codental.com.br\/","logo":{"@type":"ImageObject","inLanguage":"pt-BR","@id":"https:\/\/www.codental.com.br\/blog\/#\/schema\/logo\/image\/","url":"https:\/\/www.codental.com.br\/blog\/wp-content\/uploads\/2018\/10\/logo.png","contentUrl":"https:\/\/www.codental.com.br\/blog\/wp-content\/uploads\/2018\/10\/logo.png","width":1200,"height":300,"caption":"Codental"},"image":{"@id":"https:\/\/www.codental.com.br\/blog\/#\/schema\/logo\/image\/"},"sameAs":["http:\/\/www.facebook.com\/codentalbr","https:\/\/x.com\/CodentalBr","https:\/\/www.instagram.com\/codentalbr\/"]},{"@type":"Person","@id":"https:\/\/www.codental.com.br\/blog\/#\/schema\/person\/7506ab8d7a0b35cdfe68fae4ee2f9277","name":"Jaqueline","image":{"@type":"ImageObject","inLanguage":"pt-BR","@id":"https:\/\/www.codental.com.br\/blog\/wp-content\/uploads\/2022\/11\/WhatsApp-Image-2022-11-23-at-18.30.21-343x240.jpeg","url":"https:\/\/www.codental.com.br\/blog\/wp-content\/uploads\/2022\/11\/WhatsApp-Image-2022-11-23-at-18.30.21-343x240.jpeg","contentUrl":"https:\/\/www.codental.com.br\/blog\/wp-content\/uploads\/2022\/11\/WhatsApp-Image-2022-11-23-at-18.30.21-343x240.jpeg","caption":"Jaqueline"},"description":"Mineira, 38 anos. Dentista cl\u00ednica geral e jornalista. Apaixonada por artes, m\u00fasica e culin\u00e1ria, um trio perfeito para bons encontros com os amigos.","url":"https:\/\/www.codental.com.br\/blog\/author\/jackeline\/"}]}},"_links":{"self":[{"href":"https:\/\/www.codental.com.br\/blog\/wp-json\/wp\/v2\/posts\/3149","targetHints":{"allow":["GET"]}}],"collection":[{"href":"https:\/\/www.codental.com.br\/blog\/wp-json\/wp\/v2\/posts"}],"about":[{"href":"https:\/\/www.codental.com.br\/blog\/wp-json\/wp\/v2\/types\/post"}],"author":[{"embeddable":true,"href":"https:\/\/www.codental.com.br\/blog\/wp-json\/wp\/v2\/users\/30"}],"replies":[{"embeddable":true,"href":"https:\/\/www.codental.com.br\/blog\/wp-json\/wp\/v2\/comments?post=3149"}],"version-history":[{"count":10,"href":"https:\/\/www.codental.com.br\/blog\/wp-json\/wp\/v2\/posts\/3149\/revisions"}],"predecessor-version":[{"id":3286,"href":"https:\/\/www.codental.com.br\/blog\/wp-json\/wp\/v2\/posts\/3149\/revisions\/3286"}],"wp:featuredmedia":[{"embeddable":true,"href":"https:\/\/www.codental.com.br\/blog\/wp-json\/wp\/v2\/media\/3287"}],"wp:attachment":[{"href":"https:\/\/www.codental.com.br\/blog\/wp-json\/wp\/v2\/media?parent=3149"}],"wp:term":[{"taxonomy":"category","embeddable":true,"href":"https:\/\/www.codental.com.br\/blog\/wp-json\/wp\/v2\/categories?post=3149"},{"taxonomy":"post_tag","embeddable":true,"href":"https:\/\/www.codental.com.br\/blog\/wp-json\/wp\/v2\/tags?post=3149"}],"curies":[{"name":"wp","href":"https:\/\/api.w.org\/{rel}","templated":true}]}}