{"id":278,"date":"2019-08-27T18:12:57","date_gmt":"2019-08-27T21:12:57","guid":{"rendered":"http:\/\/blog.codental.com.br\/?p=278"},"modified":"2019-08-27T18:12:57","modified_gmt":"2019-08-27T21:12:57","slug":"dentista-como-um-aliado-do-combate-ao-fumo","status":"publish","type":"post","link":"https:\/\/www.codental.com.br\/blog\/dentista-como-um-aliado-do-combate-ao-fumo\/","title":{"rendered":"Dentista como um aliado do combate ao fumo"},"content":{"rendered":"<p>O Dia Nacional de Combate ao Fumo, lembrado em 29 de agosto. Refor\u00e7a a\u00e7\u00f5es nacionais de sensibiliza\u00e7\u00e3o e mobiliza\u00e7\u00e3o da sociedade para os danos sociais, pol\u00edticos, econ\u00f4micos e ambientais causados pelo tabaco. Nesse sentido, o dentista \u00e9 um aliado do combate ao fumo.<\/p>\n<p>De acordo com a Organiza\u00e7\u00e3o Mundial da Sa\u00fade (OMS), o tabagismo \u00e9 a principal causa de morte evit\u00e1vel no mundo. Estima-se que cerca de 200 mil brasileiros morram anualmente em decorr\u00eancia do fumo. Contudo, o n\u00famero salta ferozmente quando em escala mundial: 4,9 milh\u00f5es de pessoas. Assustador, n\u00e3o \u00e9?<\/p>\n<p>No Brasil, o c\u00e2ncer de boca ocupa o quinto lugar entre os mais comuns entre homens, sendo o alcoolismo e o tabagismo as principais causas. Tamb\u00e9m se avalia que aproximadamente 75% a 90% dos c\u00e2nceres que acometem a regi\u00e3o da cabe\u00e7a e do pesco\u00e7o sejam consequ\u00eancias cru\u00e9is do consumo de tabaco.<\/p>\n<h6><strong>\u201cComo eu, dentista, sou um aliado do combate ao fumo?\u201d<\/strong><\/h6>\n<p>Estudos indicam a import\u00e2ncia da rela\u00e7\u00e3o entre o cirurgi\u00e3o-dentista e o paciente porque os tratamentos, no geral, s\u00e3o bem longos. Sendo assim, o contato deve ser muito pr\u00f3ximo para, no decorrer de todos os cuidados, ter a liberdade de motiv\u00e1-lo e incentiv\u00e1-lo a continuar na busca do correto e mais saud\u00e1vel.<\/p>\n<p>Al\u00e9m de clinicamente positivo, o resultado \u00e9 tamb\u00e9m esteticamente relevante. Dessa forma \u00edntima e amistosa, o paciente fica longe do tabaco de forma eficaz, dando um efeito mais vis\u00edvel ao tratamento e, mais do que isso, diminuindo os riscos de c\u00e2nceres.<\/p>\n<p>Para a maioria dos fumantes \u00e9 um desafio muito grande e doloroso deixar o v\u00edcio. Logo, precisam de apoio. \u00c9 nessa hora que voc\u00ea, mais do que tudo, deve deixar claro que est\u00e1 aberto para conversar, dando amparo t\u00e9cnico e emocional ao paciente.<\/p>\n<p>\u00c0 medida que desenvolve o tratamento, o paciente ver\u00e1 a boca e dentes limpos, o que \u00e9 um incentivo para ele. Consequentemente, tamb\u00e9m ser\u00e1 para voc\u00ea. Afinal, ver\u00e1 o resultado efetivo de seu trabalho e raz\u00e3o social \u2013 contribuir com a sa\u00fade bucal da sociedade.<\/p>\n<h6>Dentistas podem evitar c\u00e2nceres<\/h6>\n<p>Em suma, o cirurgi\u00e3o-dentista \u00e9 um grande aliado no diagn\u00f3stico precoce do tumor, evitando que mais mortes ocorram. Normalmente, os tratamentos das les\u00f5es iniciais do c\u00e2ncer bucal t\u00eam resultados bons, com cura de 80% dos casos, de acordo com a OMS. Entretanto, em casos avan\u00e7ados, os melhores resultados podem n\u00e3o vir, especialmente se a cirurgia n\u00e3o \u00e9 uma op\u00e7\u00e3o.<\/p>\n<p>Sendo assim, refor\u00e7amos que estar pr\u00f3ximo de seus pacientes, em especial os fumantes, \u00e9 muito necess\u00e1rio para que n\u00e3o tenhamos n\u00fameros ainda mais alarmantes.<\/p>\n<p>Com isso, para voc\u00ea se aprofundar ainda mais no assunto, separamos conte\u00fados exclusivos Codental que lhe indicam caminhos sobre como se aproximar ainda mais de seus pacientes. Confira:<\/p>\n<ul>\n<li><a href=\"https:\/\/blog.codental.com.br\/atendimento-humanizado-na-odontologia\/?utm_source=blog&utm_medium=referral&utm_content=dentista-como-um-aliado-do-combate-ao-fumo\">Atendimento Humanizado na Odontologia<\/a><\/li>\n<li><a href=\"https:\/\/blog.codental.com.br\/5-passos-para-tornar-a-experiencia-do-paciente-mais-agradavel\/?utm_source=blog&utm_medium=referral&utm_content=dentista-como-um-aliado-do-combate-ao-fumo\">5 passos para tornar a experi\u00eancia do paciente mais agrad\u00e1vel<\/a><\/li>\n<li><a href=\"https:\/\/blog.codental.com.br\/4-dicas-para-acabar-com-a-falta-de-pacientes\/?utm_source=blog&utm_medium=referral&utm_content=dentista-como-um-aliado-do-combate-ao-fumo\">4 dicas para acabar com a falta de pacientes<\/a><\/li>\n<li><a href=\"https:\/\/blog.codental.com.br\/como-escolho-a-playlist-ideal-da-sala-de-espera\/?utm_source=blog&utm_medium=referral&utm_content=dentista-como-um-aliado-do-combate-ao-fumo\">Como escolho a playlist ideal da sala de espera?<\/a><\/li>\n<\/ul>\n","protected":false},"excerpt":{"rendered":"<p>O Dia Nacional de Combate ao Fumo, lembrado em 29 de agosto. Refor\u00e7a a\u00e7\u00f5es&#8230;<\/p>\n","protected":false},"author":4,"featured_media":279,"comment_status":"open","ping_status":"open","sticky":false,"template":"","format":"standard","meta":{"_target_audience":"","footnotes":""},"categories":[5,21,26,4],"tags":[10,22,8,7,6,12,29,11,23,25,24],"class_list":["post-278","post","type-post","status-publish","format-standard","has-post-thumbnail","hentry","category-atendimento","category-dicas","category-odontologia","category-pacientes","tag-atendimento","tag-atendimento-humanizado","tag-clinica-odontologica","tag-consultorio-odontologico","tag-dentista","tag-dica-para-dentistas","tag-estetica","tag-fidelizacao-de-pacientes","tag-odontologia","tag-odontologia-humanizada","tag-pessoas"],"yoast_head":"<!-- This site is optimized with the Yoast SEO plugin v27.2 - https:\/\/yoast.com\/product\/yoast-seo-wordpress\/ -->\n<title>Dentista como um aliado do combate ao fumo - Codental Blog<\/title>\n<meta name=\"description\" content=\"Nesse Dia Nacional de Combate ao Fumo, o Codental explica como o dentista \u00e9 um aliado do combate ao fumo. Inclusive, evitando c\u00e2nceres.\" \/>\n<meta name=\"robots\" content=\"index, follow, max-snippet:-1, max-image-preview:large, max-video-preview:-1\" \/>\n<link rel=\"canonical\" href=\"https:\/\/www.codental.com.br\/blog\/dentista-como-um-aliado-do-combate-ao-fumo\/\" \/>\n<meta property=\"og:locale\" content=\"pt_BR\" \/>\n<meta property=\"og:type\" content=\"article\" \/>\n<meta property=\"og:title\" content=\"Dentista como um aliado do combate ao fumo - Codental Blog\" \/>\n<meta property=\"og:description\" content=\"Nesse Dia Nacional de Combate ao Fumo, o Codental explica como o dentista \u00e9 um aliado do combate ao fumo. Inclusive, evitando c\u00e2nceres.\" \/>\n<meta property=\"og:url\" content=\"https:\/\/www.codental.com.br\/blog\/dentista-como-um-aliado-do-combate-ao-fumo\/\" \/>\n<meta property=\"og:site_name\" content=\"Codental Blog\" \/>\n<meta property=\"article:publisher\" content=\"http:\/\/www.facebook.com\/codentalbr\" \/>\n<meta property=\"article:published_time\" content=\"2019-08-27T21:12:57+00:00\" \/>\n<meta property=\"og:image\" content=\"https:\/\/www.codental.com.br\/blog\/wp-content\/uploads\/2019\/08\/menina-determinada-seria-que-mostra-o-sinal-de-parada_1262-14362.jpg\" \/>\n\t<meta property=\"og:image:width\" content=\"626\" \/>\n\t<meta property=\"og:image:height\" content=\"417\" \/>\n\t<meta property=\"og:image:type\" content=\"image\/jpeg\" \/>\n<meta name=\"author\" content=\"Ismael Azevedo\" \/>\n<meta name=\"twitter:card\" content=\"summary_large_image\" \/>\n<meta name=\"twitter:creator\" content=\"@CodentalBr\" \/>\n<meta name=\"twitter:site\" content=\"@CodentalBr\" \/>\n<meta name=\"twitter:label1\" content=\"Escrito por\" \/>\n\t<meta name=\"twitter:data1\" content=\"Ismael Azevedo\" \/>\n\t<meta name=\"twitter:label2\" content=\"Est. tempo de leitura\" \/>\n\t<meta name=\"twitter:data2\" content=\"3 minutos\" \/>\n<script type=\"application\/ld+json\" class=\"yoast-schema-graph\">{\"@context\":\"https:\/\/schema.org\",\"@graph\":[{\"@type\":\"Article\",\"@id\":\"https:\/\/www.codental.com.br\/blog\/dentista-como-um-aliado-do-combate-ao-fumo\/#article\",\"isPartOf\":{\"@id\":\"https:\/\/www.codental.com.br\/blog\/dentista-como-um-aliado-do-combate-ao-fumo\/\"},\"author\":{\"name\":\"Ismael Azevedo\",\"@id\":\"https:\/\/www.codental.com.br\/blog\/#\/schema\/person\/6edcb2f22d73f277eb7ca4d128d3aa24\"},\"headline\":\"Dentista como um aliado do combate ao fumo\",\"datePublished\":\"2019-08-27T21:12:57+00:00\",\"mainEntityOfPage\":{\"@id\":\"https:\/\/www.codental.com.br\/blog\/dentista-como-um-aliado-do-combate-ao-fumo\/\"},\"wordCount\":524,\"commentCount\":0,\"publisher\":{\"@id\":\"https:\/\/www.codental.com.br\/blog\/#organization\"},\"image\":{\"@id\":\"https:\/\/www.codental.com.br\/blog\/dentista-como-um-aliado-do-combate-ao-fumo\/#primaryimage\"},\"thumbnailUrl\":\"https:\/\/www.codental.com.br\/blog\/wp-content\/uploads\/2019\/08\/menina-determinada-seria-que-mostra-o-sinal-de-parada_1262-14362.jpg\",\"keywords\":[\"Atendimento\",\"Atendimento humanizado\",\"Cl\u00ednica Odontol\u00f3gica\",\"Consult\u00f3rio Odontol\u00f3gico\",\"Dentista\",\"Dica para Dentistas\",\"Est\u00e9tica\",\"Fideliza\u00e7\u00e3o de Pacientes\",\"odontologia\",\"odontologia humanizada\",\"pessoas\"],\"articleSection\":[\"Atendimento\",\"Dicas\",\"Odontologia\",\"Pacientes\"],\"inLanguage\":\"pt-BR\",\"potentialAction\":[{\"@type\":\"CommentAction\",\"name\":\"Comment\",\"target\":[\"https:\/\/www.codental.com.br\/blog\/dentista-como-um-aliado-do-combate-ao-fumo\/#respond\"]}]},{\"@type\":\"WebPage\",\"@id\":\"https:\/\/www.codental.com.br\/blog\/dentista-como-um-aliado-do-combate-ao-fumo\/\",\"url\":\"https:\/\/www.codental.com.br\/blog\/dentista-como-um-aliado-do-combate-ao-fumo\/\",\"name\":\"Dentista como um aliado do combate ao fumo - Codental Blog\",\"isPartOf\":{\"@id\":\"https:\/\/www.codental.com.br\/blog\/#website\"},\"primaryImageOfPage\":{\"@id\":\"https:\/\/www.codental.com.br\/blog\/dentista-como-um-aliado-do-combate-ao-fumo\/#primaryimage\"},\"image\":{\"@id\":\"https:\/\/www.codental.com.br\/blog\/dentista-como-um-aliado-do-combate-ao-fumo\/#primaryimage\"},\"thumbnailUrl\":\"https:\/\/www.codental.com.br\/blog\/wp-content\/uploads\/2019\/08\/menina-determinada-seria-que-mostra-o-sinal-de-parada_1262-14362.jpg\",\"datePublished\":\"2019-08-27T21:12:57+00:00\",\"description\":\"Nesse Dia Nacional de Combate ao Fumo, o Codental explica como o dentista \u00e9 um aliado do combate ao fumo. Inclusive, evitando c\u00e2nceres.\",\"breadcrumb\":{\"@id\":\"https:\/\/www.codental.com.br\/blog\/dentista-como-um-aliado-do-combate-ao-fumo\/#breadcrumb\"},\"inLanguage\":\"pt-BR\",\"potentialAction\":[{\"@type\":\"ReadAction\",\"target\":[\"https:\/\/www.codental.com.br\/blog\/dentista-como-um-aliado-do-combate-ao-fumo\/\"]}]},{\"@type\":\"ImageObject\",\"inLanguage\":\"pt-BR\",\"@id\":\"https:\/\/www.codental.com.br\/blog\/dentista-como-um-aliado-do-combate-ao-fumo\/#primaryimage\",\"url\":\"https:\/\/www.codental.com.br\/blog\/wp-content\/uploads\/2019\/08\/menina-determinada-seria-que-mostra-o-sinal-de-parada_1262-14362.jpg\",\"contentUrl\":\"https:\/\/www.codental.com.br\/blog\/wp-content\/uploads\/2019\/08\/menina-determinada-seria-que-mostra-o-sinal-de-parada_1262-14362.jpg\",\"width\":626,\"height\":417},{\"@type\":\"BreadcrumbList\",\"@id\":\"https:\/\/www.codental.com.br\/blog\/dentista-como-um-aliado-do-combate-ao-fumo\/#breadcrumb\",\"itemListElement\":[{\"@type\":\"ListItem\",\"position\":1,\"name\":\"In\u00edcio\",\"item\":\"https:\/\/www.codental.com.br\/blog\/\"},{\"@type\":\"ListItem\",\"position\":2,\"name\":\"Dentista como um aliado do combate ao fumo\"}]},{\"@type\":\"WebSite\",\"@id\":\"https:\/\/www.codental.com.br\/blog\/#website\",\"url\":\"https:\/\/www.codental.com.br\/blog\/\",\"name\":\"Codental Blog\",\"description\":\"Artigos e not\u00edcias sobre odontologia\",\"publisher\":{\"@id\":\"https:\/\/www.codental.com.br\/blog\/#organization\"},\"potentialAction\":[{\"@type\":\"SearchAction\",\"target\":{\"@type\":\"EntryPoint\",\"urlTemplate\":\"https:\/\/www.codental.com.br\/blog\/?s={search_term_string}\"},\"query-input\":{\"@type\":\"PropertyValueSpecification\",\"valueRequired\":true,\"valueName\":\"search_term_string\"}}],\"inLanguage\":\"pt-BR\"},{\"@type\":\"Organization\",\"@id\":\"https:\/\/www.codental.com.br\/blog\/#organization\",\"name\":\"Codental\",\"url\":\"https:\/\/codental.com.br\/\",\"logo\":{\"@type\":\"ImageObject\",\"inLanguage\":\"pt-BR\",\"@id\":\"https:\/\/www.codental.com.br\/blog\/#\/schema\/logo\/image\/\",\"url\":\"https:\/\/www.codental.com.br\/blog\/wp-content\/uploads\/2018\/10\/logo.png\",\"contentUrl\":\"https:\/\/www.codental.com.br\/blog\/wp-content\/uploads\/2018\/10\/logo.png\",\"width\":1200,\"height\":300,\"caption\":\"Codental\"},\"image\":{\"@id\":\"https:\/\/www.codental.com.br\/blog\/#\/schema\/logo\/image\/\"},\"sameAs\":[\"http:\/\/www.facebook.com\/codentalbr\",\"https:\/\/x.com\/CodentalBr\",\"https:\/\/www.instagram.com\/codentalbr\/\"]},{\"@type\":\"Person\",\"@id\":\"https:\/\/www.codental.com.br\/blog\/#\/schema\/person\/6edcb2f22d73f277eb7ca4d128d3aa24\",\"name\":\"Ismael Azevedo\",\"image\":{\"@type\":\"ImageObject\",\"inLanguage\":\"pt-BR\",\"@id\":\"https:\/\/www.codental.com.br\/blog\/wp-content\/uploads\/2018\/10\/o0UpmXCC_400x400-150x150.jpg\",\"url\":\"https:\/\/www.codental.com.br\/blog\/wp-content\/uploads\/2018\/10\/o0UpmXCC_400x400-150x150.jpg\",\"contentUrl\":\"https:\/\/www.codental.com.br\/blog\/wp-content\/uploads\/2018\/10\/o0UpmXCC_400x400-150x150.jpg\",\"caption\":\"Ismael Azevedo\"},\"url\":\"https:\/\/www.codental.com.br\/blog\/author\/ismael\/\"}]}<\/script>\n<!-- \/ Yoast SEO plugin. -->","yoast_head_json":{"title":"Dentista como um aliado do combate ao fumo - Codental Blog","description":"Nesse Dia Nacional de Combate ao Fumo, o Codental explica como o dentista \u00e9 um aliado do combate ao fumo. Inclusive, evitando c\u00e2nceres.","robots":{"index":"index","follow":"follow","max-snippet":"max-snippet:-1","max-image-preview":"max-image-preview:large","max-video-preview":"max-video-preview:-1"},"canonical":"https:\/\/www.codental.com.br\/blog\/dentista-como-um-aliado-do-combate-ao-fumo\/","og_locale":"pt_BR","og_type":"article","og_title":"Dentista como um aliado do combate ao fumo - Codental Blog","og_description":"Nesse Dia Nacional de Combate ao Fumo, o Codental explica como o dentista \u00e9 um aliado do combate ao fumo. Inclusive, evitando c\u00e2nceres.","og_url":"https:\/\/www.codental.com.br\/blog\/dentista-como-um-aliado-do-combate-ao-fumo\/","og_site_name":"Codental Blog","article_publisher":"http:\/\/www.facebook.com\/codentalbr","article_published_time":"2019-08-27T21:12:57+00:00","og_image":[{"width":626,"height":417,"url":"https:\/\/www.codental.com.br\/blog\/wp-content\/uploads\/2019\/08\/menina-determinada-seria-que-mostra-o-sinal-de-parada_1262-14362.jpg","type":"image\/jpeg"}],"author":"Ismael Azevedo","twitter_card":"summary_large_image","twitter_creator":"@CodentalBr","twitter_site":"@CodentalBr","twitter_misc":{"Escrito por":"Ismael Azevedo","Est. tempo de leitura":"3 minutos"},"schema":{"@context":"https:\/\/schema.org","@graph":[{"@type":"Article","@id":"https:\/\/www.codental.com.br\/blog\/dentista-como-um-aliado-do-combate-ao-fumo\/#article","isPartOf":{"@id":"https:\/\/www.codental.com.br\/blog\/dentista-como-um-aliado-do-combate-ao-fumo\/"},"author":{"name":"Ismael Azevedo","@id":"https:\/\/www.codental.com.br\/blog\/#\/schema\/person\/6edcb2f22d73f277eb7ca4d128d3aa24"},"headline":"Dentista como um aliado do combate ao fumo","datePublished":"2019-08-27T21:12:57+00:00","mainEntityOfPage":{"@id":"https:\/\/www.codental.com.br\/blog\/dentista-como-um-aliado-do-combate-ao-fumo\/"},"wordCount":524,"commentCount":0,"publisher":{"@id":"https:\/\/www.codental.com.br\/blog\/#organization"},"image":{"@id":"https:\/\/www.codental.com.br\/blog\/dentista-como-um-aliado-do-combate-ao-fumo\/#primaryimage"},"thumbnailUrl":"https:\/\/www.codental.com.br\/blog\/wp-content\/uploads\/2019\/08\/menina-determinada-seria-que-mostra-o-sinal-de-parada_1262-14362.jpg","keywords":["Atendimento","Atendimento humanizado","Cl\u00ednica Odontol\u00f3gica","Consult\u00f3rio Odontol\u00f3gico","Dentista","Dica para Dentistas","Est\u00e9tica","Fideliza\u00e7\u00e3o de Pacientes","odontologia","odontologia humanizada","pessoas"],"articleSection":["Atendimento","Dicas","Odontologia","Pacientes"],"inLanguage":"pt-BR","potentialAction":[{"@type":"CommentAction","name":"Comment","target":["https:\/\/www.codental.com.br\/blog\/dentista-como-um-aliado-do-combate-ao-fumo\/#respond"]}]},{"@type":"WebPage","@id":"https:\/\/www.codental.com.br\/blog\/dentista-como-um-aliado-do-combate-ao-fumo\/","url":"https:\/\/www.codental.com.br\/blog\/dentista-como-um-aliado-do-combate-ao-fumo\/","name":"Dentista como um aliado do combate ao fumo - Codental Blog","isPartOf":{"@id":"https:\/\/www.codental.com.br\/blog\/#website"},"primaryImageOfPage":{"@id":"https:\/\/www.codental.com.br\/blog\/dentista-como-um-aliado-do-combate-ao-fumo\/#primaryimage"},"image":{"@id":"https:\/\/www.codental.com.br\/blog\/dentista-como-um-aliado-do-combate-ao-fumo\/#primaryimage"},"thumbnailUrl":"https:\/\/www.codental.com.br\/blog\/wp-content\/uploads\/2019\/08\/menina-determinada-seria-que-mostra-o-sinal-de-parada_1262-14362.jpg","datePublished":"2019-08-27T21:12:57+00:00","description":"Nesse Dia Nacional de Combate ao Fumo, o Codental explica como o dentista \u00e9 um aliado do combate ao fumo. Inclusive, evitando c\u00e2nceres.","breadcrumb":{"@id":"https:\/\/www.codental.com.br\/blog\/dentista-como-um-aliado-do-combate-ao-fumo\/#breadcrumb"},"inLanguage":"pt-BR","potentialAction":[{"@type":"ReadAction","target":["https:\/\/www.codental.com.br\/blog\/dentista-como-um-aliado-do-combate-ao-fumo\/"]}]},{"@type":"ImageObject","inLanguage":"pt-BR","@id":"https:\/\/www.codental.com.br\/blog\/dentista-como-um-aliado-do-combate-ao-fumo\/#primaryimage","url":"https:\/\/www.codental.com.br\/blog\/wp-content\/uploads\/2019\/08\/menina-determinada-seria-que-mostra-o-sinal-de-parada_1262-14362.jpg","contentUrl":"https:\/\/www.codental.com.br\/blog\/wp-content\/uploads\/2019\/08\/menina-determinada-seria-que-mostra-o-sinal-de-parada_1262-14362.jpg","width":626,"height":417},{"@type":"BreadcrumbList","@id":"https:\/\/www.codental.com.br\/blog\/dentista-como-um-aliado-do-combate-ao-fumo\/#breadcrumb","itemListElement":[{"@type":"ListItem","position":1,"name":"In\u00edcio","item":"https:\/\/www.codental.com.br\/blog\/"},{"@type":"ListItem","position":2,"name":"Dentista como um aliado do combate ao fumo"}]},{"@type":"WebSite","@id":"https:\/\/www.codental.com.br\/blog\/#website","url":"https:\/\/www.codental.com.br\/blog\/","name":"Codental Blog","description":"Artigos e not\u00edcias sobre odontologia","publisher":{"@id":"https:\/\/www.codental.com.br\/blog\/#organization"},"potentialAction":[{"@type":"SearchAction","target":{"@type":"EntryPoint","urlTemplate":"https:\/\/www.codental.com.br\/blog\/?s={search_term_string}"},"query-input":{"@type":"PropertyValueSpecification","valueRequired":true,"valueName":"search_term_string"}}],"inLanguage":"pt-BR"},{"@type":"Organization","@id":"https:\/\/www.codental.com.br\/blog\/#organization","name":"Codental","url":"https:\/\/codental.com.br\/","logo":{"@type":"ImageObject","inLanguage":"pt-BR","@id":"https:\/\/www.codental.com.br\/blog\/#\/schema\/logo\/image\/","url":"https:\/\/www.codental.com.br\/blog\/wp-content\/uploads\/2018\/10\/logo.png","contentUrl":"https:\/\/www.codental.com.br\/blog\/wp-content\/uploads\/2018\/10\/logo.png","width":1200,"height":300,"caption":"Codental"},"image":{"@id":"https:\/\/www.codental.com.br\/blog\/#\/schema\/logo\/image\/"},"sameAs":["http:\/\/www.facebook.com\/codentalbr","https:\/\/x.com\/CodentalBr","https:\/\/www.instagram.com\/codentalbr\/"]},{"@type":"Person","@id":"https:\/\/www.codental.com.br\/blog\/#\/schema\/person\/6edcb2f22d73f277eb7ca4d128d3aa24","name":"Ismael Azevedo","image":{"@type":"ImageObject","inLanguage":"pt-BR","@id":"https:\/\/www.codental.com.br\/blog\/wp-content\/uploads\/2018\/10\/o0UpmXCC_400x400-150x150.jpg","url":"https:\/\/www.codental.com.br\/blog\/wp-content\/uploads\/2018\/10\/o0UpmXCC_400x400-150x150.jpg","contentUrl":"https:\/\/www.codental.com.br\/blog\/wp-content\/uploads\/2018\/10\/o0UpmXCC_400x400-150x150.jpg","caption":"Ismael Azevedo"},"url":"https:\/\/www.codental.com.br\/blog\/author\/ismael\/"}]}},"_links":{"self":[{"href":"https:\/\/www.codental.com.br\/blog\/wp-json\/wp\/v2\/posts\/278","targetHints":{"allow":["GET"]}}],"collection":[{"href":"https:\/\/www.codental.com.br\/blog\/wp-json\/wp\/v2\/posts"}],"about":[{"href":"https:\/\/www.codental.com.br\/blog\/wp-json\/wp\/v2\/types\/post"}],"author":[{"embeddable":true,"href":"https:\/\/www.codental.com.br\/blog\/wp-json\/wp\/v2\/users\/4"}],"replies":[{"embeddable":true,"href":"https:\/\/www.codental.com.br\/blog\/wp-json\/wp\/v2\/comments?post=278"}],"version-history":[{"count":0,"href":"https:\/\/www.codental.com.br\/blog\/wp-json\/wp\/v2\/posts\/278\/revisions"}],"wp:featuredmedia":[{"embeddable":true,"href":"https:\/\/www.codental.com.br\/blog\/wp-json\/wp\/v2\/media\/279"}],"wp:attachment":[{"href":"https:\/\/www.codental.com.br\/blog\/wp-json\/wp\/v2\/media?parent=278"}],"wp:term":[{"taxonomy":"category","embeddable":true,"href":"https:\/\/www.codental.com.br\/blog\/wp-json\/wp\/v2\/categories?post=278"},{"taxonomy":"post_tag","embeddable":true,"href":"https:\/\/www.codental.com.br\/blog\/wp-json\/wp\/v2\/tags?post=278"}],"curies":[{"name":"wp","href":"https:\/\/api.w.org\/{rel}","templated":true}]}}