{"id":2779,"date":"2023-03-17T17:00:00","date_gmt":"2023-03-17T20:00:00","guid":{"rendered":"https:\/\/www.codental.com.br\/blog\/?p=2779"},"modified":"2023-03-16T21:26:16","modified_gmt":"2023-03-17T00:26:16","slug":"contencao-ortodontica-entenda-sua-importancia","status":"publish","type":"post","link":"https:\/\/www.codental.com.br\/blog\/contencao-ortodontica-entenda-sua-importancia\/","title":{"rendered":"Conten\u00e7\u00e3o Ortod\u00f4ntica: entenda sua import\u00e2ncia"},"content":{"rendered":"\n<p>A <strong>conten\u00e7\u00e3o ortod\u00f4ntica <\/strong>\u00e9 um dispositivo usado ap\u00f3s a finaliza\u00e7\u00e3o do uso de aparelhos.<\/p>\n\n\n\n<p>Existem diversos tipos de conten\u00e7\u00f5es dispostas a manter o <strong>alinhamento e nivelamento dent\u00e1rio<\/strong>, a fim de manter a posi\u00e7\u00e3o destes, tanto em arcada superior, como em arcada inferior.<\/p>\n\n\n\n<p>Este artigo discorre sobre o conceito, tempo de uso, import\u00e2ncia e valores deste dispositivo, sob a perspectiva das informa\u00e7\u00f5es atuais acerca dos benef\u00edcios e malef\u00edcios do uso das conten\u00e7\u00f5es.<\/p>\n\n\n\n<h2 class=\"wp-block-heading\">O que \u00e9 a conten\u00e7\u00e3o ortod\u00f4ntica?<\/h2>\n\n\n\n<p>A conten\u00e7\u00e3o ortod\u00f4ntica \u00e9 um dispositivo m\u00f3vel ou fixo utilizado de modo a manter o alinhamento dent\u00e1rio ap\u00f3s movimenta\u00e7\u00e3o ortod\u00f4ntica.<\/p>\n\n\n\n<p>Existem diversos tipos de conten\u00e7\u00f5es e suas indica\u00e7\u00f5es variam conforme a caracter\u00edstica fisiol\u00f3gica de cada paciente, em resposta ao tratamento alinhador.<\/p>\n\n\n\n<p>Devido a tais caracter\u00edsticas, a avalia\u00e7\u00e3o e acompanhamento do dentista \u00e9 de suma import\u00e2ncia para o sucesso do dispositivo estabilizador.<\/p>\n\n\n\n<p>Seu acompanhamento aliado a observa\u00e7\u00f5es cl\u00ednicas acerca da condi\u00e7\u00e3o periodontal, qualidade da ades\u00e3o e formato destas, tamb\u00e9m favorecem seu sucesso.<\/p>\n\n\n\n<p>Observamos frequentemente o uso de conten\u00e7\u00f5es fixas met\u00e1licas ou m\u00f3veis, por\u00e9m h\u00e1 outros materiais dispon\u00edveis na atualidade visando a <strong>estabilidade do tratamento ortod\u00f4ntico.<\/strong><\/p>\n\n\n\n<p>Independente da escolha de material usado na conten\u00e7\u00e3o, a maior preocupa\u00e7\u00e3o da atualidade se d\u00e1 acerca da sa\u00fade gengival, pois, questiona-se sua efetividade.<\/p>\n\n\n\n<p>Embora a conten\u00e7\u00e3o seja evidentemente eficaz, seu formato e m\u00e9todos de fixa\u00e7\u00e3o interferem na higiene e sa\u00fade periodontal.<\/p>\n\n\n\n<p>Posteriormente ao advento dos alinhadores invis\u00edveis, a comunidade cient\u00edfica questiona e testa seu uso, a fim de beneficiar os pacientes lesados periodontalmente.<\/p>\n\n\n\n<p>Abaixo, apresento os tipos de conten\u00e7\u00f5es dispon\u00edveis no mercado:<\/p>\n\n\n\n<h2 class=\"wp-block-heading\">Tipos de conten\u00e7\u00f5es e suas aplica\u00e7\u00f5es <\/h2>\n\n\n\n<p>Em primeiro lugar \u00e9 importante ressaltar que, anteriormente a instala\u00e7\u00e3o da conten\u00e7\u00e3o ortod\u00f4ntica, deve-se realizar:<\/p>\n\n\n\n<ol class=\"wp-block-list\"><li>Tomada radiogr\u00e1fica, de modo a avaliar o progresso no discorrer do tratamento, al\u00e9m de observar as condi\u00e7\u00f5es \u00f3sseas para instala\u00e7\u00e3o da conten\u00e7\u00e3o;<\/li><li>Uma correta moldagem, pois a transfer\u00eancia de detalhes diminui desadapta\u00e7\u00f5es dos dispositivos;<\/li><li>A limpeza e remo\u00e7\u00e3o de<a href=\"https:\/\/www.codental.com.br\/blog\/tartaro-nos-dentes-tudo-que-voce-precisa-saber\/?utm_source=blog&utm_medium=referral&utm_content=contencao-ortodontica-entenda-sua-importancia\"> t\u00e1rtaro <\/a>para que gengiva e t\u00e9cnicas adesivas para colagem desta, estejam em condi\u00e7\u00f5es favor\u00e1veis.<\/li><\/ol>\n\n\n\n<p>Posteriormente a tais medidas, a instala\u00e7\u00e3o do dispositivo retentor garante<strong> maior durabilidade e ades\u00e3o do paciente.<\/strong><\/p>\n\n\n\n<h3 class=\"wp-block-heading\">Conten\u00e7\u00e3o ortod\u00f4ntica do tipo Hawley<\/h3>\n\n\n\n<p>Comumente usada na arcada superior, este dispositivo \u00e9 m\u00f3vel, ou seja, pode ser retirado pelo paciente para alimenta\u00e7\u00e3o e higieniza\u00e7\u00e3o.<\/p>\n\n\n\n<p>\u00c9 caracterizada por um fio met\u00e1lico apoiando a vestibular dos dentes superiores, fixado no c\u00e9u da boca por uma c\u00f3pia em material acr\u00edlico.<\/p>\n\n\n\n<p>Possui boa estabilidade em boca, por\u00e9m, sua desvantagem se deve pela interfer\u00eancia oclusal por parte dos retentores e o arco vestibular.<\/p>\n\n\n\n<h3 class=\"wp-block-heading\">Conten\u00e7\u00e3o ortod\u00f4ntica do tipo Est\u00e9tica Hawley<\/h3>\n\n\n\n<p>Embora o mecanismo de adapta\u00e7\u00e3o seja a face palatina, este dispositivo se difere do anterior, devido o material usado vestibular.<\/p>\n\n\n\n<p>Trata-se de um arco pr\u00e9-fabricado de pol\u00edmero org\u00e2nico, cuja propriedade confere ao dispositivo uma excelente resist\u00eancia.<\/p>\n\n\n\n<p>Por se tratar de um pol\u00edmero transparente, este dispositivo \u00e9 caracterizado como est\u00e9tico, devido a sua cor ser semelhante a cor dos dentes.<\/p>\n\n\n\n<h3 class=\"wp-block-heading\">Outras varia\u00e7\u00f5es de conten\u00e7\u00f5es m\u00f3veis<\/h3>\n\n\n\n<p>Condi\u00e7\u00f5es especiais ou adversas sofrem altera\u00e7\u00f5es no formato e objetivos das conten\u00e7\u00f5es.<\/p>\n\n\n\n<p>Estas servem especificamente para auxiliar nessas condi\u00e7\u00f5es:<\/p>\n\n\n\n<h4 class=\"wp-block-heading\">Conten\u00e7\u00f5es com dentes de estoque<\/h4>\n\n\n\n<p>As conten\u00e7\u00f5es com dentes de estoque s\u00e3o utilizadas para pacientes com:<\/p>\n\n\n\n<ul class=\"wp-block-list\"><li>Agenesia de elementos;<\/li><li>Perda de dentes dec\u00edduos.<\/li><\/ul>\n\n\n\n<p>Os dentes de estoque funcionam como mantenedores de espa\u00e7o, pois acomodar\u00e3o posteriormente pe\u00e7as prot\u00e9ticas.<\/p>\n\n\n\n<h4 class=\"wp-block-heading\">Conten\u00e7\u00e3o com o arco acrilizado<\/h4>\n\n\n\n<p>Pacientes que possuem coroas clinicas curtas e\/ou expulsivas, por exemplo, utilizam o dispositivo com arco acr\u00edlico para maior estabilidade.<\/p>\n\n\n\n<p>Seu objetivo principal \u00e9 evitar o deslocamento do dispositivo atrav\u00e9s da movimenta\u00e7\u00e3o dos l\u00e1bios e l\u00edngua.<\/p>\n\n\n\n<h4 class=\"wp-block-heading\">Conten\u00e7\u00e3o em acr\u00edlico em Ferradura<\/h4>\n\n\n\n<p>Este tipo de conten\u00e7\u00e3o atua sobre facilitador para pacientes que apresentam \u00e2nsia de v\u00f4mito e dificuldade para falar, pois no desenvolvimento deste dispositivo, grande parte acr\u00edlica \u00e9 substitu\u00edda por um conector mec\u00e2nico.<\/p>\n\n\n\n<h4 class=\"wp-block-heading\">Conten\u00e7\u00e3o p\u00f3s-tratamento Classe III<\/h4>\n\n\n\n<p>Para efeitos de restri\u00e7\u00e3o de crescimento mandibular, um detalhe de arco inferior \u00e9 soldado ao arco cont\u00ednuo de Begg.<\/p>\n\n\n\n<h4 class=\"wp-block-heading\">Conten\u00e7\u00e3o p\u00f3s-tratamento Classe II<\/h4>\n\n\n\n<p>Para tratar pacientes classe II, indica-se o plano inclinado, pois a mesma ir\u00e1 manter a mand\u00edbula na posi\u00e7\u00e3o ideal de modo a realizar a conten\u00e7\u00e3o superior e inferior simultaneamente. <\/p>\n\n\n\n<h4 class=\"wp-block-heading\">Conten\u00e7\u00e3o para mordida aberta anterior <\/h4>\n\n\n\n<p>Esta \u00e9 indicada para manter a l\u00edngua na posi\u00e7\u00e3o correta durante a degluti\u00e7\u00e3o e fala.<\/p>\n\n\n\n<p>Portanto, \u00e9 confeccionado um furo na regi\u00e3o papilar incisiva, mantendo sua posi\u00e7\u00e3o correta.<\/p>\n\n\n\n<h3 class=\"wp-block-heading\">Conten\u00e7\u00e3o de Osamu Yoshii<\/h3>\n\n\n\n<p>Confeccionada em material termopl\u00e1stico, este \u00e9 considerado um contensor remov\u00edvel, sendo indicado para conten\u00e7\u00e3o intra-arcos.<\/p>\n\n\n\n<p>Por\u00e9m, \u00e9 necess\u00e1rio o uso de uma plastificadora para confec\u00e7\u00e3o deste dispositivo.<\/p>\n\n\n\n<p>Por apresentar melhor custo-beneficio em rela\u00e7\u00e3o \u00e0 placa de Hawley, por exemplo, este dispositivo apresenta custo e reparo menor, bem como proporciona menos desconforto ao paciente.<\/p>\n\n\n\n<h3 class=\"wp-block-heading\">Conten\u00e7\u00f5es fixas<\/h3>\n\n\n\n<p>Em casos onde ocorrem mudan\u00e7as relacionadas ao tratamento alinhador, s\u00e3o indicadas as conten\u00e7\u00f5es fixas.<\/p>\n\n\n\n<p>Entretanto, elas apresentam varia\u00e7\u00f5es, podendo ser coladas como:<\/p>\n\n\n\n<ul class=\"wp-block-list\"><li>1&#215;1, onde s\u00e3o colados apenas 2 elementos;<\/li><li>3&#215;3, coladas de canino a canino;<\/li><li>4&#215;4 e 5&#215;5, onde pe\u00e7as nos primeiros ou segundos molares.<\/li><\/ul>\n\n\n\n<p>Al\u00e9m disso, as conten\u00e7\u00f5es inferiores podem ser confeccionadas com diversos fios.<\/p>\n\n\n\n<p>Para conten\u00e7\u00f5es dos dentes anteroinferiores, a conten\u00e7\u00e3o fixa 3 x 3 \u00e9 a mais utilizada, pois possui maior conforto e facilidade na higieniza\u00e7\u00e3o.<\/p>\n\n\n\n<h2 class=\"wp-block-heading\">Quanto tempo deve se usar a conten\u00e7\u00e3o?<\/h2>\n\n\n\n<p>O tempo de uso da conten\u00e7\u00e3o varia conforme os fatores abaixo:<\/p>\n\n\n\n<ul class=\"wp-block-list\"><li>Idade do paciente;<\/li><li>Caracter\u00edsticas da oclus\u00e3o;<\/li><li>Severidade da m\u00e1-oclus\u00e3o;<\/li><li>H\u00e1bitos Bucais;<\/li><li>Mec\u00e2nica empregada no tratamento ortod\u00f4ntico.<\/li><\/ul>\n\n\n\n<p>Apinhamentos severos e perdas acentuadas no periodonto, por exemplo, indica-se o <strong>uso das conten\u00e7\u00f5es pelo resto da vida.<\/strong><\/p>\n\n\n\n<p>Por\u00e9m, estima-se que o tempo de uso ideal para <strong>dispositivos m\u00f3veis superiores seja de 12 a 18 meses.<\/strong><\/p>\n\n\n\n<h2 class=\"wp-block-heading\">Quais os valores das conten\u00e7\u00f5es?<\/h2>\n\n\n\n<p>Os<strong> valores das conten\u00e7\u00f5es variam <\/strong>segundo os materiais usados pelo dentista ortodontista e sua m\u00e3o de obra. <\/p>\n\n\n\n<p>Al\u00e9m disso, fatores fisiol\u00f3gicos e individualizados dos pacientes dificultam uma precifica\u00e7\u00e3o deste dispositivo.<\/p>\n\n\n\n<p>O ideal \u00e9 dialogar com o ortodontista, conhecendo os materiais e personaliza\u00e7\u00e3o de cada caso.<\/p>\n\n\n\n<h2 class=\"wp-block-heading\">Qual a import\u00e2ncia de usar a conten\u00e7\u00e3o?<\/h2>\n\n\n\n<p>Primeiramente, a conten\u00e7\u00e3o serve como uma cicatriza\u00e7\u00e3o \u00f3ssea, portanto a fun\u00e7\u00e3o desta \u00e9 impedir a movimenta\u00e7\u00e3o dent\u00e1ria, al\u00e9m de manter a movimenta\u00e7\u00e3o realizada atrav\u00e9s da ortodontia e seus aparelhos.<\/p>\n\n\n\n<p>Quando o paciente adere ao tratamento, por exemplo, manter as condi\u00e7\u00f5es torna-se o fator de sucesso da conten\u00e7\u00e3o ortod\u00f4ntica e sua manuten\u00e7\u00e3o.<\/p>\n\n\n\n<p>Portanto, quando o ortodontista respeita t\u00e9cnicas adesivas, instala\u00e7\u00e3o correta da conten\u00e7\u00e3o, favorecendo a higieniza\u00e7\u00e3o do paciente, bem como princ\u00edpios que n\u00e3o alterem a qualidade de vida do paciente, obt\u00e9m-se sucesso.<\/p>\n\n\n\n<p>Conclui-se que <strong>a import\u00e2ncia da conten\u00e7\u00e3o \u00e9 o somat\u00f3rio de a\u00e7\u00f5es conjuntas entre dentista ortodontista e a ades\u00e3o do paciente.<\/strong><\/p>\n\n\n\n<p><\/p>\n\n\n\n<p> <\/p>\n","protected":false},"excerpt":{"rendered":"<p>A conten\u00e7\u00e3o ortod\u00f4ntica \u00e9 um dispositivo usado ap\u00f3s a finaliza\u00e7\u00e3o do uso de aparelhos&#8230;.<\/p>\n","protected":false},"author":30,"featured_media":3087,"comment_status":"open","ping_status":"closed","sticky":false,"template":"","format":"standard","meta":{"_target_audience":"","footnotes":""},"categories":[129],"tags":[409,277],"class_list":["post-2779","post","type-post","status-publish","format-standard","has-post-thumbnail","hentry","category-tratamentos","tag-contencao-ortodontica","tag-tratamento-ortodontico"],"yoast_head":"<!-- This site is optimized with the Yoast SEO plugin v27.2 - https:\/\/yoast.com\/product\/yoast-seo-wordpress\/ -->\n<title>Conten\u00e7\u00e3o Ortod\u00f4ntica: entenda sua import\u00e2ncia<\/title>\n<meta name=\"description\" content=\"Conten\u00e7\u00e3o ortod\u00f4ntica: o que \u00e9, quais s\u00e3o os tipos de conten\u00e7\u00e3o e seus valores, o tempo de uso e sua import\u00e2ncia.\" \/>\n<meta name=\"robots\" content=\"index, follow, max-snippet:-1, max-image-preview:large, max-video-preview:-1\" \/>\n<link rel=\"canonical\" href=\"https:\/\/www.codental.com.br\/blog\/contencao-ortodontica-entenda-sua-importancia\/\" \/>\n<meta property=\"og:locale\" content=\"pt_BR\" \/>\n<meta property=\"og:type\" content=\"article\" \/>\n<meta property=\"og:title\" content=\"Conten\u00e7\u00e3o Ortod\u00f4ntica: entenda sua import\u00e2ncia\" \/>\n<meta property=\"og:description\" content=\"Conten\u00e7\u00e3o ortod\u00f4ntica: o que \u00e9, quais s\u00e3o os tipos de conten\u00e7\u00e3o e seus valores, o tempo de uso e sua import\u00e2ncia.\" \/>\n<meta property=\"og:url\" content=\"https:\/\/www.codental.com.br\/blog\/contencao-ortodontica-entenda-sua-importancia\/\" \/>\n<meta property=\"og:site_name\" content=\"Codental Blog\" \/>\n<meta property=\"article:publisher\" content=\"http:\/\/www.facebook.com\/codentalbr\" \/>\n<meta property=\"article:published_time\" content=\"2023-03-17T20:00:00+00:00\" \/>\n<meta property=\"og:image\" content=\"https:\/\/www.codental.com.br\/blog\/wp-content\/uploads\/2023\/02\/Contencao-ortodontica.jpg\" \/>\n\t<meta property=\"og:image:width\" content=\"1010\" \/>\n\t<meta property=\"og:image:height\" content=\"550\" \/>\n\t<meta property=\"og:image:type\" content=\"image\/jpeg\" \/>\n<meta name=\"author\" content=\"Jaqueline\" \/>\n<meta name=\"twitter:card\" content=\"summary_large_image\" \/>\n<meta name=\"twitter:creator\" content=\"@CodentalBr\" \/>\n<meta name=\"twitter:site\" content=\"@CodentalBr\" \/>\n<meta name=\"twitter:label1\" content=\"Escrito por\" \/>\n\t<meta name=\"twitter:data1\" content=\"Jaqueline\" \/>\n\t<meta name=\"twitter:label2\" content=\"Est. tempo de leitura\" \/>\n\t<meta name=\"twitter:data2\" content=\"6 minutos\" \/>\n<script type=\"application\/ld+json\" class=\"yoast-schema-graph\">{\"@context\":\"https:\/\/schema.org\",\"@graph\":[{\"@type\":\"Article\",\"@id\":\"https:\/\/www.codental.com.br\/blog\/contencao-ortodontica-entenda-sua-importancia\/#article\",\"isPartOf\":{\"@id\":\"https:\/\/www.codental.com.br\/blog\/contencao-ortodontica-entenda-sua-importancia\/\"},\"author\":{\"name\":\"Jaqueline\",\"@id\":\"https:\/\/www.codental.com.br\/blog\/#\/schema\/person\/7506ab8d7a0b35cdfe68fae4ee2f9277\"},\"headline\":\"Conten\u00e7\u00e3o Ortod\u00f4ntica: entenda sua import\u00e2ncia\",\"datePublished\":\"2023-03-17T20:00:00+00:00\",\"mainEntityOfPage\":{\"@id\":\"https:\/\/www.codental.com.br\/blog\/contencao-ortodontica-entenda-sua-importancia\/\"},\"wordCount\":1252,\"commentCount\":0,\"publisher\":{\"@id\":\"https:\/\/www.codental.com.br\/blog\/#organization\"},\"image\":{\"@id\":\"https:\/\/www.codental.com.br\/blog\/contencao-ortodontica-entenda-sua-importancia\/#primaryimage\"},\"thumbnailUrl\":\"https:\/\/www.codental.com.br\/blog\/wp-content\/uploads\/2023\/02\/Contencao-ortodontica.jpg\",\"keywords\":[\"Conten\u00e7\u00e3o ortod\u00f4ntica\",\"Tratamento ortod\u00f4ntico\"],\"articleSection\":[\"Tratamentos odontol\u00f3gicos\"],\"inLanguage\":\"pt-BR\",\"potentialAction\":[{\"@type\":\"CommentAction\",\"name\":\"Comment\",\"target\":[\"https:\/\/www.codental.com.br\/blog\/contencao-ortodontica-entenda-sua-importancia\/#respond\"]}]},{\"@type\":\"WebPage\",\"@id\":\"https:\/\/www.codental.com.br\/blog\/contencao-ortodontica-entenda-sua-importancia\/\",\"url\":\"https:\/\/www.codental.com.br\/blog\/contencao-ortodontica-entenda-sua-importancia\/\",\"name\":\"Conten\u00e7\u00e3o Ortod\u00f4ntica: entenda sua import\u00e2ncia\",\"isPartOf\":{\"@id\":\"https:\/\/www.codental.com.br\/blog\/#website\"},\"primaryImageOfPage\":{\"@id\":\"https:\/\/www.codental.com.br\/blog\/contencao-ortodontica-entenda-sua-importancia\/#primaryimage\"},\"image\":{\"@id\":\"https:\/\/www.codental.com.br\/blog\/contencao-ortodontica-entenda-sua-importancia\/#primaryimage\"},\"thumbnailUrl\":\"https:\/\/www.codental.com.br\/blog\/wp-content\/uploads\/2023\/02\/Contencao-ortodontica.jpg\",\"datePublished\":\"2023-03-17T20:00:00+00:00\",\"description\":\"Conten\u00e7\u00e3o ortod\u00f4ntica: o que \u00e9, quais s\u00e3o os tipos de conten\u00e7\u00e3o e seus valores, o tempo de uso e sua import\u00e2ncia.\",\"breadcrumb\":{\"@id\":\"https:\/\/www.codental.com.br\/blog\/contencao-ortodontica-entenda-sua-importancia\/#breadcrumb\"},\"inLanguage\":\"pt-BR\",\"potentialAction\":[{\"@type\":\"ReadAction\",\"target\":[\"https:\/\/www.codental.com.br\/blog\/contencao-ortodontica-entenda-sua-importancia\/\"]}]},{\"@type\":\"ImageObject\",\"inLanguage\":\"pt-BR\",\"@id\":\"https:\/\/www.codental.com.br\/blog\/contencao-ortodontica-entenda-sua-importancia\/#primaryimage\",\"url\":\"https:\/\/www.codental.com.br\/blog\/wp-content\/uploads\/2023\/02\/Contencao-ortodontica.jpg\",\"contentUrl\":\"https:\/\/www.codental.com.br\/blog\/wp-content\/uploads\/2023\/02\/Contencao-ortodontica.jpg\",\"width\":1010,\"height\":550,\"caption\":\"Conten\u00e7\u00e3o ortodontica\"},{\"@type\":\"BreadcrumbList\",\"@id\":\"https:\/\/www.codental.com.br\/blog\/contencao-ortodontica-entenda-sua-importancia\/#breadcrumb\",\"itemListElement\":[{\"@type\":\"ListItem\",\"position\":1,\"name\":\"In\u00edcio\",\"item\":\"https:\/\/www.codental.com.br\/blog\/\"},{\"@type\":\"ListItem\",\"position\":2,\"name\":\"Conten\u00e7\u00e3o Ortod\u00f4ntica: entenda sua import\u00e2ncia\"}]},{\"@type\":\"WebSite\",\"@id\":\"https:\/\/www.codental.com.br\/blog\/#website\",\"url\":\"https:\/\/www.codental.com.br\/blog\/\",\"name\":\"Codental Blog\",\"description\":\"Artigos e not\u00edcias sobre odontologia\",\"publisher\":{\"@id\":\"https:\/\/www.codental.com.br\/blog\/#organization\"},\"potentialAction\":[{\"@type\":\"SearchAction\",\"target\":{\"@type\":\"EntryPoint\",\"urlTemplate\":\"https:\/\/www.codental.com.br\/blog\/?s={search_term_string}\"},\"query-input\":{\"@type\":\"PropertyValueSpecification\",\"valueRequired\":true,\"valueName\":\"search_term_string\"}}],\"inLanguage\":\"pt-BR\"},{\"@type\":\"Organization\",\"@id\":\"https:\/\/www.codental.com.br\/blog\/#organization\",\"name\":\"Codental\",\"url\":\"https:\/\/codental.com.br\/\",\"logo\":{\"@type\":\"ImageObject\",\"inLanguage\":\"pt-BR\",\"@id\":\"https:\/\/www.codental.com.br\/blog\/#\/schema\/logo\/image\/\",\"url\":\"https:\/\/www.codental.com.br\/blog\/wp-content\/uploads\/2018\/10\/logo.png\",\"contentUrl\":\"https:\/\/www.codental.com.br\/blog\/wp-content\/uploads\/2018\/10\/logo.png\",\"width\":1200,\"height\":300,\"caption\":\"Codental\"},\"image\":{\"@id\":\"https:\/\/www.codental.com.br\/blog\/#\/schema\/logo\/image\/\"},\"sameAs\":[\"http:\/\/www.facebook.com\/codentalbr\",\"https:\/\/x.com\/CodentalBr\",\"https:\/\/www.instagram.com\/codentalbr\/\"]},{\"@type\":\"Person\",\"@id\":\"https:\/\/www.codental.com.br\/blog\/#\/schema\/person\/7506ab8d7a0b35cdfe68fae4ee2f9277\",\"name\":\"Jaqueline\",\"image\":{\"@type\":\"ImageObject\",\"inLanguage\":\"pt-BR\",\"@id\":\"https:\/\/www.codental.com.br\/blog\/wp-content\/uploads\/2022\/11\/WhatsApp-Image-2022-11-23-at-18.30.21-343x240.jpeg\",\"url\":\"https:\/\/www.codental.com.br\/blog\/wp-content\/uploads\/2022\/11\/WhatsApp-Image-2022-11-23-at-18.30.21-343x240.jpeg\",\"contentUrl\":\"https:\/\/www.codental.com.br\/blog\/wp-content\/uploads\/2022\/11\/WhatsApp-Image-2022-11-23-at-18.30.21-343x240.jpeg\",\"caption\":\"Jaqueline\"},\"description\":\"Mineira, 38 anos. Dentista cl\u00ednica geral e jornalista. Apaixonada por artes, m\u00fasica e culin\u00e1ria, um trio perfeito para bons encontros com os amigos.\",\"url\":\"https:\/\/www.codental.com.br\/blog\/author\/jackeline\/\"}]}<\/script>\n<!-- \/ Yoast SEO plugin. -->","yoast_head_json":{"title":"Conten\u00e7\u00e3o Ortod\u00f4ntica: entenda sua import\u00e2ncia","description":"Conten\u00e7\u00e3o ortod\u00f4ntica: o que \u00e9, quais s\u00e3o os tipos de conten\u00e7\u00e3o e seus valores, o tempo de uso e sua import\u00e2ncia.","robots":{"index":"index","follow":"follow","max-snippet":"max-snippet:-1","max-image-preview":"max-image-preview:large","max-video-preview":"max-video-preview:-1"},"canonical":"https:\/\/www.codental.com.br\/blog\/contencao-ortodontica-entenda-sua-importancia\/","og_locale":"pt_BR","og_type":"article","og_title":"Conten\u00e7\u00e3o Ortod\u00f4ntica: entenda sua import\u00e2ncia","og_description":"Conten\u00e7\u00e3o ortod\u00f4ntica: o que \u00e9, quais s\u00e3o os tipos de conten\u00e7\u00e3o e seus valores, o tempo de uso e sua import\u00e2ncia.","og_url":"https:\/\/www.codental.com.br\/blog\/contencao-ortodontica-entenda-sua-importancia\/","og_site_name":"Codental Blog","article_publisher":"http:\/\/www.facebook.com\/codentalbr","article_published_time":"2023-03-17T20:00:00+00:00","og_image":[{"width":1010,"height":550,"url":"https:\/\/www.codental.com.br\/blog\/wp-content\/uploads\/2023\/02\/Contencao-ortodontica.jpg","type":"image\/jpeg"}],"author":"Jaqueline","twitter_card":"summary_large_image","twitter_creator":"@CodentalBr","twitter_site":"@CodentalBr","twitter_misc":{"Escrito por":"Jaqueline","Est. tempo de leitura":"6 minutos"},"schema":{"@context":"https:\/\/schema.org","@graph":[{"@type":"Article","@id":"https:\/\/www.codental.com.br\/blog\/contencao-ortodontica-entenda-sua-importancia\/#article","isPartOf":{"@id":"https:\/\/www.codental.com.br\/blog\/contencao-ortodontica-entenda-sua-importancia\/"},"author":{"name":"Jaqueline","@id":"https:\/\/www.codental.com.br\/blog\/#\/schema\/person\/7506ab8d7a0b35cdfe68fae4ee2f9277"},"headline":"Conten\u00e7\u00e3o Ortod\u00f4ntica: entenda sua import\u00e2ncia","datePublished":"2023-03-17T20:00:00+00:00","mainEntityOfPage":{"@id":"https:\/\/www.codental.com.br\/blog\/contencao-ortodontica-entenda-sua-importancia\/"},"wordCount":1252,"commentCount":0,"publisher":{"@id":"https:\/\/www.codental.com.br\/blog\/#organization"},"image":{"@id":"https:\/\/www.codental.com.br\/blog\/contencao-ortodontica-entenda-sua-importancia\/#primaryimage"},"thumbnailUrl":"https:\/\/www.codental.com.br\/blog\/wp-content\/uploads\/2023\/02\/Contencao-ortodontica.jpg","keywords":["Conten\u00e7\u00e3o ortod\u00f4ntica","Tratamento ortod\u00f4ntico"],"articleSection":["Tratamentos odontol\u00f3gicos"],"inLanguage":"pt-BR","potentialAction":[{"@type":"CommentAction","name":"Comment","target":["https:\/\/www.codental.com.br\/blog\/contencao-ortodontica-entenda-sua-importancia\/#respond"]}]},{"@type":"WebPage","@id":"https:\/\/www.codental.com.br\/blog\/contencao-ortodontica-entenda-sua-importancia\/","url":"https:\/\/www.codental.com.br\/blog\/contencao-ortodontica-entenda-sua-importancia\/","name":"Conten\u00e7\u00e3o Ortod\u00f4ntica: entenda sua import\u00e2ncia","isPartOf":{"@id":"https:\/\/www.codental.com.br\/blog\/#website"},"primaryImageOfPage":{"@id":"https:\/\/www.codental.com.br\/blog\/contencao-ortodontica-entenda-sua-importancia\/#primaryimage"},"image":{"@id":"https:\/\/www.codental.com.br\/blog\/contencao-ortodontica-entenda-sua-importancia\/#primaryimage"},"thumbnailUrl":"https:\/\/www.codental.com.br\/blog\/wp-content\/uploads\/2023\/02\/Contencao-ortodontica.jpg","datePublished":"2023-03-17T20:00:00+00:00","description":"Conten\u00e7\u00e3o ortod\u00f4ntica: o que \u00e9, quais s\u00e3o os tipos de conten\u00e7\u00e3o e seus valores, o tempo de uso e sua import\u00e2ncia.","breadcrumb":{"@id":"https:\/\/www.codental.com.br\/blog\/contencao-ortodontica-entenda-sua-importancia\/#breadcrumb"},"inLanguage":"pt-BR","potentialAction":[{"@type":"ReadAction","target":["https:\/\/www.codental.com.br\/blog\/contencao-ortodontica-entenda-sua-importancia\/"]}]},{"@type":"ImageObject","inLanguage":"pt-BR","@id":"https:\/\/www.codental.com.br\/blog\/contencao-ortodontica-entenda-sua-importancia\/#primaryimage","url":"https:\/\/www.codental.com.br\/blog\/wp-content\/uploads\/2023\/02\/Contencao-ortodontica.jpg","contentUrl":"https:\/\/www.codental.com.br\/blog\/wp-content\/uploads\/2023\/02\/Contencao-ortodontica.jpg","width":1010,"height":550,"caption":"Conten\u00e7\u00e3o ortodontica"},{"@type":"BreadcrumbList","@id":"https:\/\/www.codental.com.br\/blog\/contencao-ortodontica-entenda-sua-importancia\/#breadcrumb","itemListElement":[{"@type":"ListItem","position":1,"name":"In\u00edcio","item":"https:\/\/www.codental.com.br\/blog\/"},{"@type":"ListItem","position":2,"name":"Conten\u00e7\u00e3o Ortod\u00f4ntica: entenda sua import\u00e2ncia"}]},{"@type":"WebSite","@id":"https:\/\/www.codental.com.br\/blog\/#website","url":"https:\/\/www.codental.com.br\/blog\/","name":"Codental Blog","description":"Artigos e not\u00edcias sobre odontologia","publisher":{"@id":"https:\/\/www.codental.com.br\/blog\/#organization"},"potentialAction":[{"@type":"SearchAction","target":{"@type":"EntryPoint","urlTemplate":"https:\/\/www.codental.com.br\/blog\/?s={search_term_string}"},"query-input":{"@type":"PropertyValueSpecification","valueRequired":true,"valueName":"search_term_string"}}],"inLanguage":"pt-BR"},{"@type":"Organization","@id":"https:\/\/www.codental.com.br\/blog\/#organization","name":"Codental","url":"https:\/\/codental.com.br\/","logo":{"@type":"ImageObject","inLanguage":"pt-BR","@id":"https:\/\/www.codental.com.br\/blog\/#\/schema\/logo\/image\/","url":"https:\/\/www.codental.com.br\/blog\/wp-content\/uploads\/2018\/10\/logo.png","contentUrl":"https:\/\/www.codental.com.br\/blog\/wp-content\/uploads\/2018\/10\/logo.png","width":1200,"height":300,"caption":"Codental"},"image":{"@id":"https:\/\/www.codental.com.br\/blog\/#\/schema\/logo\/image\/"},"sameAs":["http:\/\/www.facebook.com\/codentalbr","https:\/\/x.com\/CodentalBr","https:\/\/www.instagram.com\/codentalbr\/"]},{"@type":"Person","@id":"https:\/\/www.codental.com.br\/blog\/#\/schema\/person\/7506ab8d7a0b35cdfe68fae4ee2f9277","name":"Jaqueline","image":{"@type":"ImageObject","inLanguage":"pt-BR","@id":"https:\/\/www.codental.com.br\/blog\/wp-content\/uploads\/2022\/11\/WhatsApp-Image-2022-11-23-at-18.30.21-343x240.jpeg","url":"https:\/\/www.codental.com.br\/blog\/wp-content\/uploads\/2022\/11\/WhatsApp-Image-2022-11-23-at-18.30.21-343x240.jpeg","contentUrl":"https:\/\/www.codental.com.br\/blog\/wp-content\/uploads\/2022\/11\/WhatsApp-Image-2022-11-23-at-18.30.21-343x240.jpeg","caption":"Jaqueline"},"description":"Mineira, 38 anos. Dentista cl\u00ednica geral e jornalista. Apaixonada por artes, m\u00fasica e culin\u00e1ria, um trio perfeito para bons encontros com os amigos.","url":"https:\/\/www.codental.com.br\/blog\/author\/jackeline\/"}]}},"_links":{"self":[{"href":"https:\/\/www.codental.com.br\/blog\/wp-json\/wp\/v2\/posts\/2779","targetHints":{"allow":["GET"]}}],"collection":[{"href":"https:\/\/www.codental.com.br\/blog\/wp-json\/wp\/v2\/posts"}],"about":[{"href":"https:\/\/www.codental.com.br\/blog\/wp-json\/wp\/v2\/types\/post"}],"author":[{"embeddable":true,"href":"https:\/\/www.codental.com.br\/blog\/wp-json\/wp\/v2\/users\/30"}],"replies":[{"embeddable":true,"href":"https:\/\/www.codental.com.br\/blog\/wp-json\/wp\/v2\/comments?post=2779"}],"version-history":[{"count":12,"href":"https:\/\/www.codental.com.br\/blog\/wp-json\/wp\/v2\/posts\/2779\/revisions"}],"predecessor-version":[{"id":3088,"href":"https:\/\/www.codental.com.br\/blog\/wp-json\/wp\/v2\/posts\/2779\/revisions\/3088"}],"wp:featuredmedia":[{"embeddable":true,"href":"https:\/\/www.codental.com.br\/blog\/wp-json\/wp\/v2\/media\/3087"}],"wp:attachment":[{"href":"https:\/\/www.codental.com.br\/blog\/wp-json\/wp\/v2\/media?parent=2779"}],"wp:term":[{"taxonomy":"category","embeddable":true,"href":"https:\/\/www.codental.com.br\/blog\/wp-json\/wp\/v2\/categories?post=2779"},{"taxonomy":"post_tag","embeddable":true,"href":"https:\/\/www.codental.com.br\/blog\/wp-json\/wp\/v2\/tags?post=2779"}],"curies":[{"name":"wp","href":"https:\/\/api.w.org\/{rel}","templated":true}]}}