{"id":2717,"date":"2023-03-12T17:00:00","date_gmt":"2023-03-12T20:00:00","guid":{"rendered":"https:\/\/www.codental.com.br\/blog\/?p=2717"},"modified":"2024-02-16T05:48:01","modified_gmt":"2024-02-16T08:48:01","slug":"cuidados-apos-extracao-de-dente-tudo-que-voce-precisa-saber","status":"publish","type":"post","link":"https:\/\/www.codental.com.br\/blog\/cuidados-apos-extracao-de-dente-tudo-que-voce-precisa-saber\/","title":{"rendered":"Cuidados ap\u00f3s extra\u00e7\u00e3o de dente: tudo que voc\u00ea precisa saber"},"content":{"rendered":"\n<p>Extra\u00e7\u00f5es dent\u00e1rias s\u00e3o procedimentos cl\u00ednicos comuns na rotina odontol\u00f3gica, que requerem certos <strong>cuidados ap\u00f3s extra\u00e7\u00e3o de dente.<\/strong><\/p>\n\n\n\n<p>In\u00fameras condi\u00e7\u00f5es suscitam a perda dent\u00e1ria, dentre elas, a <strong>c\u00e1rie e <a href=\"https:\/\/www.codental.com.br\/blog\/periodontite-avancada\/?utm_source=blog&utm_medium=referral&utm_content=cuidados-apos-extracao-de-dente-tudo-que-voce-precisa-saber\">doen\u00e7a periodontal<\/a> concentram a maior causa de extra\u00e7\u00f5es.<\/strong> Posteriormente traumas dent\u00e1rios, raz\u00f5es prot\u00e9ticas, motivos ortod\u00f4nticos e outras condi\u00e7\u00f5es ocasionam as extra\u00e7\u00f5es dent\u00e1rias.<\/p>\n\n\n\n<p>Ao extrair um dente, cuidados s\u00e3o necess\u00e1rios com a finalidade da <strong>correta cicatriza\u00e7\u00e3o dent\u00e1ria.<\/strong><\/p>\n\n\n\n<p>Para que a extra\u00e7\u00e3o obtenha sucesso, apresentaremos hoje um guia completo acerca dos cuidados operat\u00f3rios e p\u00f3s-operat\u00f3rios acerca das extra\u00e7\u00f5es dent\u00e1rias.<\/p>\n\n\n\n<h2 class=\"wp-block-heading\">Cuidados pr\u00e9-operat\u00f3rios da extra\u00e7\u00e3o dent\u00e1ria<\/h2>\n\n\n\n<p>Certamente a fim de diminuir a probabilidade de ocasionais intercorr\u00eancias p\u00f3s-operat\u00f3rias, \u00e9 de suma import\u00e2ncia que o dentista realize uma coleta de dados abrangente do paciente. <a href=\"https:\/\/www.codental.com.br\/blog\/anamnese-odontologica-6-principais-pontos\/?utm_source=blog&utm_medium=referral&utm_content=cuidados-apos-extracao-de-dente-tudo-que-voce-precisa-saber\">O nome dado a este processo \u00e9 anamnese<\/a>.<\/p>\n\n\n\n<p>Nela, o dentista re\u00fane informa\u00e7\u00f5es importantes para diminuir as chances de complica\u00e7\u00f5es p\u00f3s-cir\u00fargicas, al\u00e9m de favorecer o planejamento individualizado conforme as condi\u00e7\u00f5es de sa\u00fade de cada paciente.<\/p>\n\n\n\n<p>Em primeiro lugar, as informa\u00e7\u00f5es colhidas s\u00e3o: <\/p>\n\n\n\n<ul class=\"wp-block-list\">\n<li>Hist\u00f3ria pregressa do paciente e familiares pr\u00f3ximos;<\/li>\n\n\n\n<li>Tratamentos m\u00e9dicos atuais;<\/li>\n\n\n\n<li>Medicamentos administrados pelo paciente;<\/li>\n\n\n\n<li>Condi\u00e7\u00f5es relativas \u00e0 cicatriza\u00e7\u00e3o e sangramento gengival do paciente;<\/li>\n\n\n\n<li>Tabagismo, consumo de bebidas alco\u00f3licas e consumo de outras drogas;<\/li>\n\n\n\n<li>Alergias a medicamentos;<\/li>\n\n\n\n<li> Interven\u00e7\u00f5es cir\u00fargicas anteriores a extra\u00e7\u00e3o.<\/li>\n<\/ul>\n\n\n\n<p>Em segundo lugar \u00e9 importante a realiza\u00e7\u00e3o de exames complementares para visualiza\u00e7\u00e3o da condi\u00e7\u00e3o intra-\u00f3ssea da regi\u00e3o da extra\u00e7\u00e3o dent\u00e1ria.<\/p>\n\n\n\n<p>Para ser obtido sucesso na extra\u00e7\u00e3o dent\u00e1ria, o planejamento \u00e9 essencial para um adequado cuidado p\u00f3s-operat\u00f3rio.<\/p>\n\n\n\n<h2 class=\"wp-block-heading\">Cuidados operat\u00f3rios<\/h2>\n\n\n\n<p>Da mesma forma que a conduta pr\u00e9-operat\u00f3ria qualifica os cuidados no processo p\u00f3s-operat\u00f3rio, o dentista deve atentar-se ao manejo cl\u00ednico durante a extra\u00e7\u00e3o dent\u00e1ria.<\/p>\n\n\n\n<p>Portanto, ao elaborar um plano de tratamento personalizado para o paciente, com conhecimento adequado da anatomia da regi\u00e3o operada e correta escolha de instrumentais e t\u00e9cnica cir\u00fargica, o dentista diminui as chances de:<\/p>\n\n\n\n<ol class=\"wp-block-list\">\n<li>Lacera\u00e7\u00f5es de tecidos;<\/li>\n\n\n\n<li>Perfura\u00e7\u00f5es e comunica\u00e7\u00f5es buco sinusais;<\/li>\n\n\n\n<li>Abras\u00e3o e queimaduras em l\u00e1bios e comissuras;<\/li>\n\n\n\n<li>For\u00e7a indevida;<\/li>\n\n\n\n<li>T\u00e9cnica operat\u00f3ria indevida.<\/li>\n<\/ol>\n\n\n\n<h2 class=\"wp-block-heading\">Cuidados ap\u00f3s extra\u00e7\u00e3o de dente <\/h2>\n\n\n\n<p>Em primeiro lugar, \u00e9 importante ressaltar que a regi\u00e3o \u00f3ssea que abriga o dente, chamada alv\u00e9olo, \u00e9 altamente vascularizada.<\/p>\n\n\n\n<p>Portanto, em decorr\u00eancia do sangramento gerado pelo rompimento do ligamento periodontal para remover o dente, deve-se realizar o controle deste.<\/p>\n\n\n\n<p>Logo ap\u00f3s a extra\u00e7\u00e3o dent\u00e1ria, deve ser realizada a denominada <strong>manobra de Champret, <\/strong>cujo objetivo \u00e9 embeber a gaze em soro fisiol\u00f3gico gelado, de modo a executar a homeostase.<\/p>\n\n\n\n<p>Para que o resultado seja satisfat\u00f3rio, esta compress\u00e3o deve ser realizada por aproximadamente 08 a 10 min, a fim de diminuir sangramentos e iniciar a cicatriza\u00e7\u00e3o dos tecidos.<\/p>\n\n\n\n<p>Como resultado do trabalho realizado antes e durante a extra\u00e7\u00e3o dent\u00e1ria, os <strong>cuidados ap\u00f3s extra\u00e7\u00e3o de dente devem ser realizados<\/strong> com:<\/p>\n\n\n\n<h3 class=\"wp-block-heading\">Uso de terapias medicamentosas<\/h3>\n\n\n\n<p>Indica-se o uso de <strong>anti-inflamat\u00f3rios e antibi\u00f3ticos<\/strong> em certos casos, para atuar no processo de cicatriza\u00e7\u00e3o, embora tenha executado adequado planejamento da extra\u00e7\u00e3o dent\u00e1ria.<\/p>\n\n\n\n<p>Os anti-inflamat\u00f3rios agem na cascata inflamat\u00f3ria desencadeada pela divuls\u00e3o dos tecidos, portanto, age diminuindo dor, calor, rubor, edema e perda de fun\u00e7\u00e3o.<\/p>\n\n\n\n<p>Por outro lado, os antibi\u00f3ticos s\u00e3o indicados para diminuir a a\u00e7\u00e3o bacteriana em extra\u00e7\u00f5es mais complexas, assim como agente profil\u00e1tico antecedendo a extra\u00e7\u00e3o, de modo a evitar complica\u00e7\u00f5es em pacientes com certas patologias pregressas.<\/p>\n\n\n\n<p>Tomar as medica\u00e7\u00f5es prescritas durante os dias indicados e respeitando os hor\u00e1rios descritos no receitu\u00e1rio, a fim da cicatriza\u00e7\u00e3o completa e adequada.<\/p>\n\n\n\n<h3 class=\"wp-block-heading\">Compressas de gelo<\/h3>\n\n\n\n<p><strong>Realizar compressas de gelo em at\u00e9 duas horas ap\u00f3s a extra\u00e7\u00e3o,<\/strong> auxilia minimizando desconfortos como dor e edema, al\u00e9m de diminuir os sangramentos decorrentes da extra\u00e7\u00e3o.<\/p>\n\n\n\n<h3 class=\"wp-block-heading\">Repouso<\/h3>\n\n\n\n<p><strong>Deitar mantendo a cabe\u00e7a mais elevada que o corpo <\/strong>depois da extra\u00e7\u00e3o e <strong>manter repouso nas primeiras horas,<\/strong> auxilia na cicatriza\u00e7\u00e3o dos tecidos e no controle de sangramentos.<\/p>\n\n\n\n<h3 class=\"wp-block-heading\">Alimenta\u00e7\u00e3o<\/h3>\n\n\n\n<p><strong>Comer refei\u00e7\u00f5es frias, l\u00edquidas ou pastosas nas primeiras 24 horas<\/strong> ap\u00f3s a extra\u00e7\u00e3o reduz sangramentos e a possibilidade de perda dos pontos suturados. Posteriormente as 24 horas, estar atento para n\u00e3o consumir alimentos duros que exigem for\u00e7a mastigat\u00f3ria at\u00e9 cessar o sangramento.<\/p>\n\n\n\n<p>Evite realizar movimentos de suc\u00e7\u00e3o, como, por exemplo, sugar l\u00edquidos do canudo, a fim de evitar sangramentos.<\/p>\n\n\n\n<h3 class=\"wp-block-heading\">Bochechos<\/h3>\n\n\n\n<p>Realizar bochechos nas primeiras 12 horas ap\u00f3s a extra\u00e7\u00e3o pode causar sangramentos. Portanto, aguardar o tempo recomendado e bochechar antiss\u00e9ptico l\u00edquido 2 a 3 vezes ao dia ap\u00f3s higieniza\u00e7\u00e3o.<\/p>\n\n\n\n<h3 class=\"wp-block-heading\">Higieniza\u00e7\u00e3o<\/h3>\n\n\n\n<p><strong>Manter a higiene normal,<\/strong> evitando a regi\u00e3o operada, com uso de escova de dentes e dentifr\u00edcio de costume.  <\/p>\n\n\n\n<h3 class=\"wp-block-heading\">Esfor\u00e7o f\u00edsico<\/h3>\n\n\n\n<p><strong>N\u00e3o realizar atividades de esfor\u00e7o f\u00edsico<\/strong> como abaixar a cabe\u00e7a e pegar peso durante 72 horas ap\u00f3s a extra\u00e7\u00e3o, pois este esfor\u00e7o pode gerar sangramentos, ruptura de pontos e dor a regi\u00e3o operada. <\/p>\n\n\n\n<p>Evitar a exposi\u00e7\u00e3o solar a fim de diminuir sangramentos e auxiliar na a\u00e7\u00e3o anti-inflamat\u00f3ria.<\/p>\n\n\n\n<h2 class=\"wp-block-heading\">Quanto tempo para recupera\u00e7\u00e3o total?<\/h2>\n\n\n\n<p>Acompanhar o p\u00f3s-operat\u00f3rio da extra\u00e7\u00e3o dent\u00e1ria \u00e9 de suma import\u00e2ncia.<\/p>\n\n\n\n<p>Ap\u00f3s 07 dias, retiram-se os pontos cir\u00fargicos. Por\u00e9m, a cicatriza\u00e7\u00e3o total, dura at\u00e9 02 anos ap\u00f3s a extra\u00e7\u00e3o dent\u00e1ria, onde observamos a acomoda\u00e7\u00e3o dos tecidos moles e parte \u00f3ssea.<\/p>\n\n\n\n<p>A cicatriza\u00e7\u00e3o consiste no processo de reparo de tecidos danificados e mensurar o tempo para requerer avalia\u00e7\u00e3o cl\u00ednica e radiogr\u00e1fica.<\/p>\n\n\n\n<h2 class=\"wp-block-heading\">Complica\u00e7\u00f5es durante o p\u00f3s-operat\u00f3rio<\/h2>\n\n\n\n<p><strong>Complica\u00e7\u00f5es e acidentes cir\u00fargicos podem comprometer o processo de cicatriza\u00e7\u00e3o<\/strong> mesmo quando h\u00e1 um bom cuidado. <\/p>\n\n\n\n<p>Ao observar caracter\u00edsticas incomuns ao processo p\u00f3s-operat\u00f3rio, orientar o paciente a entrar em contato com o dentista para avaliar as condi\u00e7\u00f5es comprometidas e tratar a fim de melhora do quadro e boa cicatriza\u00e7\u00e3o.<\/p>\n\n\n\n<p>Existem relatos em bases de dados acerca de condi\u00e7\u00f5es que, embora raras, levam o paciente a morte.<\/p>\n\n\n\n<p>Intervir de modo r\u00e1pido e efetivo, n\u00e3o altera a qualidade de vida do paciente e n\u00e3o lhe causa maiores preju\u00edzos a sua sa\u00fade.<\/p>\n\n\n\n<p>Abaixo listamos as complica\u00e7\u00f5es mais comuns ap\u00f3s extra\u00e7\u00f5es dent\u00e1rias:<\/p>\n\n\n\n<ol class=\"wp-block-list\">\n<li>Alveolites;<\/li>\n\n\n\n<li>Sinusites causadas pela comunica\u00e7\u00e3o buco sinusal;<\/li>\n\n\n\n<li>Rompimento de art\u00e9rias;<\/li>\n\n\n\n<li>Danos nervosos. Nos casos de extra\u00e7\u00f5es de terceiros molares, estes danos causam parestesias parciais ou totais nos nervos: alveolar inferior e lingual, podendo estes serem revers\u00edveis ou n\u00e3o revers\u00edveis;<\/li>\n\n\n\n<li>Deslocamentos dent\u00e1rios para espa\u00e7os anat\u00f4micos adjacentes;<\/li>\n\n\n\n<li>Trismo, ou seja, limita\u00e7\u00e3o de abertura bucal;<\/li>\n\n\n\n<li>Deslocamento condilar e seus adjacentes;<\/li>\n\n\n\n<li>Infec\u00e7\u00f5es, como, por exemplo, <a href=\"https:\/\/www.codental.com.br\/blog\/endocardite-bacteriana-na-odontologia-guia-completo\/?utm_source=blog&utm_medium=referral&utm_content=cuidados-apos-extracao-de-dente-tudo-que-voce-precisa-saber\">endocardite bacteriana;<\/a><\/li>\n\n\n\n<li>Outras patologias sist\u00eamicas.<\/li>\n<\/ol>\n\n\n\n<p>Finalizamos ressaltando a import\u00e2ncia do planejamento operat\u00f3rio nos cuidados p\u00f3s-operat\u00f3rios das extra\u00e7\u00f5es.<\/p>\n\n\n\n<p>Possuir conhecimento sobre o hist\u00f3rico m\u00e9dico e odontol\u00f3gico do paciente, aliado a t\u00e9cnicas operat\u00f3rias adequadas e correta orienta\u00e7\u00e3o ao paciente, diminuem as complica\u00e7\u00f5es p\u00f3s-operat\u00f3rias ocorridas nos cuidados ap\u00f3s extra\u00e7\u00e3o de dente.<\/p>\n\n\n\n<p> <\/p>\n\n\n\n<p> <\/p>\n\n\n\n<p> <\/p>\n","protected":false},"excerpt":{"rendered":"<p>Extra\u00e7\u00f5es dent\u00e1rias s\u00e3o procedimentos cl\u00ednicos comuns na rotina odontol\u00f3gica, que requerem certos cuidados ap\u00f3s&#8230;<\/p>\n","protected":false},"author":30,"featured_media":3055,"comment_status":"open","ping_status":"closed","sticky":false,"template":"","format":"standard","meta":{"_target_audience":"","footnotes":""},"categories":[129],"tags":[403,255],"class_list":["post-2717","post","type-post","status-publish","format-standard","has-post-thumbnail","hentry","category-tratamentos","tag-cuidados-apos-extracao-de-dente","tag-extracao-de-dente"],"yoast_head":"<!-- This site is optimized with the Yoast SEO plugin v27.2 - https:\/\/yoast.com\/product\/yoast-seo-wordpress\/ -->\n<title>Cuidados ap\u00f3s extra\u00e7\u00e3o de dente: tudo que voc\u00ea precisa saber<\/title>\n<meta name=\"description\" content=\"Orientar corretamente o paciente acerca dos cuidados ap\u00f3s extra\u00e7\u00e3o de dente, diminuem as complica\u00e7\u00f5es decorrentes. Confira!\" \/>\n<meta name=\"robots\" content=\"index, follow, max-snippet:-1, max-image-preview:large, max-video-preview:-1\" \/>\n<link rel=\"canonical\" href=\"https:\/\/www.codental.com.br\/blog\/cuidados-apos-extracao-de-dente-tudo-que-voce-precisa-saber\/\" \/>\n<meta property=\"og:locale\" content=\"pt_BR\" \/>\n<meta property=\"og:type\" content=\"article\" \/>\n<meta property=\"og:title\" content=\"Cuidados ap\u00f3s extra\u00e7\u00e3o de dente: tudo que voc\u00ea precisa saber\" \/>\n<meta property=\"og:description\" content=\"Orientar corretamente o paciente acerca dos cuidados ap\u00f3s extra\u00e7\u00e3o de dente, diminuem as complica\u00e7\u00f5es decorrentes. Confira!\" \/>\n<meta property=\"og:url\" content=\"https:\/\/www.codental.com.br\/blog\/cuidados-apos-extracao-de-dente-tudo-que-voce-precisa-saber\/\" \/>\n<meta property=\"og:site_name\" content=\"Codental Blog\" \/>\n<meta property=\"article:publisher\" content=\"http:\/\/www.facebook.com\/codentalbr\" \/>\n<meta property=\"article:published_time\" content=\"2023-03-12T20:00:00+00:00\" \/>\n<meta property=\"article:modified_time\" content=\"2024-02-16T08:48:01+00:00\" \/>\n<meta property=\"og:image\" content=\"https:\/\/www.codental.com.br\/blog\/wp-content\/uploads\/2023\/03\/Cuidados-apos-extracao-de-dente.jpg\" \/>\n\t<meta property=\"og:image:width\" content=\"1010\" \/>\n\t<meta property=\"og:image:height\" content=\"550\" \/>\n\t<meta property=\"og:image:type\" content=\"image\/jpeg\" \/>\n<meta name=\"author\" content=\"Jaqueline\" \/>\n<meta name=\"twitter:card\" content=\"summary_large_image\" \/>\n<meta name=\"twitter:creator\" content=\"@CodentalBr\" \/>\n<meta name=\"twitter:site\" content=\"@CodentalBr\" \/>\n<meta name=\"twitter:label1\" content=\"Escrito por\" \/>\n\t<meta name=\"twitter:data1\" content=\"Jaqueline\" \/>\n\t<meta name=\"twitter:label2\" content=\"Est. tempo de leitura\" \/>\n\t<meta name=\"twitter:data2\" content=\"6 minutos\" \/>\n<script type=\"application\/ld+json\" class=\"yoast-schema-graph\">{\"@context\":\"https:\/\/schema.org\",\"@graph\":[{\"@type\":\"Article\",\"@id\":\"https:\/\/www.codental.com.br\/blog\/cuidados-apos-extracao-de-dente-tudo-que-voce-precisa-saber\/#article\",\"isPartOf\":{\"@id\":\"https:\/\/www.codental.com.br\/blog\/cuidados-apos-extracao-de-dente-tudo-que-voce-precisa-saber\/\"},\"author\":{\"name\":\"Jaqueline\",\"@id\":\"https:\/\/www.codental.com.br\/blog\/#\/schema\/person\/7506ab8d7a0b35cdfe68fae4ee2f9277\"},\"headline\":\"Cuidados ap\u00f3s extra\u00e7\u00e3o de dente: tudo que voc\u00ea precisa saber\",\"datePublished\":\"2023-03-12T20:00:00+00:00\",\"dateModified\":\"2024-02-16T08:48:01+00:00\",\"mainEntityOfPage\":{\"@id\":\"https:\/\/www.codental.com.br\/blog\/cuidados-apos-extracao-de-dente-tudo-que-voce-precisa-saber\/\"},\"wordCount\":1255,\"commentCount\":0,\"publisher\":{\"@id\":\"https:\/\/www.codental.com.br\/blog\/#organization\"},\"image\":{\"@id\":\"https:\/\/www.codental.com.br\/blog\/cuidados-apos-extracao-de-dente-tudo-que-voce-precisa-saber\/#primaryimage\"},\"thumbnailUrl\":\"https:\/\/www.codental.com.br\/blog\/wp-content\/uploads\/2023\/03\/Cuidados-apos-extracao-de-dente.jpg\",\"keywords\":[\"Cuidados ap\u00f3s extra\u00e7\u00e3o de dente\",\"Extra\u00e7\u00e3o de dente\"],\"articleSection\":[\"Tratamentos odontol\u00f3gicos\"],\"inLanguage\":\"pt-BR\",\"potentialAction\":[{\"@type\":\"CommentAction\",\"name\":\"Comment\",\"target\":[\"https:\/\/www.codental.com.br\/blog\/cuidados-apos-extracao-de-dente-tudo-que-voce-precisa-saber\/#respond\"]}]},{\"@type\":\"WebPage\",\"@id\":\"https:\/\/www.codental.com.br\/blog\/cuidados-apos-extracao-de-dente-tudo-que-voce-precisa-saber\/\",\"url\":\"https:\/\/www.codental.com.br\/blog\/cuidados-apos-extracao-de-dente-tudo-que-voce-precisa-saber\/\",\"name\":\"Cuidados ap\u00f3s extra\u00e7\u00e3o de dente: tudo que voc\u00ea precisa saber\",\"isPartOf\":{\"@id\":\"https:\/\/www.codental.com.br\/blog\/#website\"},\"primaryImageOfPage\":{\"@id\":\"https:\/\/www.codental.com.br\/blog\/cuidados-apos-extracao-de-dente-tudo-que-voce-precisa-saber\/#primaryimage\"},\"image\":{\"@id\":\"https:\/\/www.codental.com.br\/blog\/cuidados-apos-extracao-de-dente-tudo-que-voce-precisa-saber\/#primaryimage\"},\"thumbnailUrl\":\"https:\/\/www.codental.com.br\/blog\/wp-content\/uploads\/2023\/03\/Cuidados-apos-extracao-de-dente.jpg\",\"datePublished\":\"2023-03-12T20:00:00+00:00\",\"dateModified\":\"2024-02-16T08:48:01+00:00\",\"description\":\"Orientar corretamente o paciente acerca dos cuidados ap\u00f3s extra\u00e7\u00e3o de dente, diminuem as complica\u00e7\u00f5es decorrentes. Confira!\",\"breadcrumb\":{\"@id\":\"https:\/\/www.codental.com.br\/blog\/cuidados-apos-extracao-de-dente-tudo-que-voce-precisa-saber\/#breadcrumb\"},\"inLanguage\":\"pt-BR\",\"potentialAction\":[{\"@type\":\"ReadAction\",\"target\":[\"https:\/\/www.codental.com.br\/blog\/cuidados-apos-extracao-de-dente-tudo-que-voce-precisa-saber\/\"]}]},{\"@type\":\"ImageObject\",\"inLanguage\":\"pt-BR\",\"@id\":\"https:\/\/www.codental.com.br\/blog\/cuidados-apos-extracao-de-dente-tudo-que-voce-precisa-saber\/#primaryimage\",\"url\":\"https:\/\/www.codental.com.br\/blog\/wp-content\/uploads\/2023\/03\/Cuidados-apos-extracao-de-dente.jpg\",\"contentUrl\":\"https:\/\/www.codental.com.br\/blog\/wp-content\/uploads\/2023\/03\/Cuidados-apos-extracao-de-dente.jpg\",\"width\":1010,\"height\":550,\"caption\":\"Cuidados ap\u00f3s extra\u00e7\u00e3o de dente\"},{\"@type\":\"BreadcrumbList\",\"@id\":\"https:\/\/www.codental.com.br\/blog\/cuidados-apos-extracao-de-dente-tudo-que-voce-precisa-saber\/#breadcrumb\",\"itemListElement\":[{\"@type\":\"ListItem\",\"position\":1,\"name\":\"In\u00edcio\",\"item\":\"https:\/\/www.codental.com.br\/blog\/\"},{\"@type\":\"ListItem\",\"position\":2,\"name\":\"Cuidados ap\u00f3s extra\u00e7\u00e3o de dente: tudo que voc\u00ea precisa saber\"}]},{\"@type\":\"WebSite\",\"@id\":\"https:\/\/www.codental.com.br\/blog\/#website\",\"url\":\"https:\/\/www.codental.com.br\/blog\/\",\"name\":\"Codental Blog\",\"description\":\"Artigos e not\u00edcias sobre odontologia\",\"publisher\":{\"@id\":\"https:\/\/www.codental.com.br\/blog\/#organization\"},\"potentialAction\":[{\"@type\":\"SearchAction\",\"target\":{\"@type\":\"EntryPoint\",\"urlTemplate\":\"https:\/\/www.codental.com.br\/blog\/?s={search_term_string}\"},\"query-input\":{\"@type\":\"PropertyValueSpecification\",\"valueRequired\":true,\"valueName\":\"search_term_string\"}}],\"inLanguage\":\"pt-BR\"},{\"@type\":\"Organization\",\"@id\":\"https:\/\/www.codental.com.br\/blog\/#organization\",\"name\":\"Codental\",\"url\":\"https:\/\/codental.com.br\/\",\"logo\":{\"@type\":\"ImageObject\",\"inLanguage\":\"pt-BR\",\"@id\":\"https:\/\/www.codental.com.br\/blog\/#\/schema\/logo\/image\/\",\"url\":\"https:\/\/www.codental.com.br\/blog\/wp-content\/uploads\/2018\/10\/logo.png\",\"contentUrl\":\"https:\/\/www.codental.com.br\/blog\/wp-content\/uploads\/2018\/10\/logo.png\",\"width\":1200,\"height\":300,\"caption\":\"Codental\"},\"image\":{\"@id\":\"https:\/\/www.codental.com.br\/blog\/#\/schema\/logo\/image\/\"},\"sameAs\":[\"http:\/\/www.facebook.com\/codentalbr\",\"https:\/\/x.com\/CodentalBr\",\"https:\/\/www.instagram.com\/codentalbr\/\"]},{\"@type\":\"Person\",\"@id\":\"https:\/\/www.codental.com.br\/blog\/#\/schema\/person\/7506ab8d7a0b35cdfe68fae4ee2f9277\",\"name\":\"Jaqueline\",\"image\":{\"@type\":\"ImageObject\",\"inLanguage\":\"pt-BR\",\"@id\":\"https:\/\/www.codental.com.br\/blog\/wp-content\/uploads\/2022\/11\/WhatsApp-Image-2022-11-23-at-18.30.21-343x240.jpeg\",\"url\":\"https:\/\/www.codental.com.br\/blog\/wp-content\/uploads\/2022\/11\/WhatsApp-Image-2022-11-23-at-18.30.21-343x240.jpeg\",\"contentUrl\":\"https:\/\/www.codental.com.br\/blog\/wp-content\/uploads\/2022\/11\/WhatsApp-Image-2022-11-23-at-18.30.21-343x240.jpeg\",\"caption\":\"Jaqueline\"},\"description\":\"Mineira, 38 anos. Dentista cl\u00ednica geral e jornalista. Apaixonada por artes, m\u00fasica e culin\u00e1ria, um trio perfeito para bons encontros com os amigos.\",\"url\":\"https:\/\/www.codental.com.br\/blog\/author\/jackeline\/\"}]}<\/script>\n<!-- \/ Yoast SEO plugin. -->","yoast_head_json":{"title":"Cuidados ap\u00f3s extra\u00e7\u00e3o de dente: tudo que voc\u00ea precisa saber","description":"Orientar corretamente o paciente acerca dos cuidados ap\u00f3s extra\u00e7\u00e3o de dente, diminuem as complica\u00e7\u00f5es decorrentes. Confira!","robots":{"index":"index","follow":"follow","max-snippet":"max-snippet:-1","max-image-preview":"max-image-preview:large","max-video-preview":"max-video-preview:-1"},"canonical":"https:\/\/www.codental.com.br\/blog\/cuidados-apos-extracao-de-dente-tudo-que-voce-precisa-saber\/","og_locale":"pt_BR","og_type":"article","og_title":"Cuidados ap\u00f3s extra\u00e7\u00e3o de dente: tudo que voc\u00ea precisa saber","og_description":"Orientar corretamente o paciente acerca dos cuidados ap\u00f3s extra\u00e7\u00e3o de dente, diminuem as complica\u00e7\u00f5es decorrentes. Confira!","og_url":"https:\/\/www.codental.com.br\/blog\/cuidados-apos-extracao-de-dente-tudo-que-voce-precisa-saber\/","og_site_name":"Codental Blog","article_publisher":"http:\/\/www.facebook.com\/codentalbr","article_published_time":"2023-03-12T20:00:00+00:00","article_modified_time":"2024-02-16T08:48:01+00:00","og_image":[{"width":1010,"height":550,"url":"https:\/\/www.codental.com.br\/blog\/wp-content\/uploads\/2023\/03\/Cuidados-apos-extracao-de-dente.jpg","type":"image\/jpeg"}],"author":"Jaqueline","twitter_card":"summary_large_image","twitter_creator":"@CodentalBr","twitter_site":"@CodentalBr","twitter_misc":{"Escrito por":"Jaqueline","Est. tempo de leitura":"6 minutos"},"schema":{"@context":"https:\/\/schema.org","@graph":[{"@type":"Article","@id":"https:\/\/www.codental.com.br\/blog\/cuidados-apos-extracao-de-dente-tudo-que-voce-precisa-saber\/#article","isPartOf":{"@id":"https:\/\/www.codental.com.br\/blog\/cuidados-apos-extracao-de-dente-tudo-que-voce-precisa-saber\/"},"author":{"name":"Jaqueline","@id":"https:\/\/www.codental.com.br\/blog\/#\/schema\/person\/7506ab8d7a0b35cdfe68fae4ee2f9277"},"headline":"Cuidados ap\u00f3s extra\u00e7\u00e3o de dente: tudo que voc\u00ea precisa saber","datePublished":"2023-03-12T20:00:00+00:00","dateModified":"2024-02-16T08:48:01+00:00","mainEntityOfPage":{"@id":"https:\/\/www.codental.com.br\/blog\/cuidados-apos-extracao-de-dente-tudo-que-voce-precisa-saber\/"},"wordCount":1255,"commentCount":0,"publisher":{"@id":"https:\/\/www.codental.com.br\/blog\/#organization"},"image":{"@id":"https:\/\/www.codental.com.br\/blog\/cuidados-apos-extracao-de-dente-tudo-que-voce-precisa-saber\/#primaryimage"},"thumbnailUrl":"https:\/\/www.codental.com.br\/blog\/wp-content\/uploads\/2023\/03\/Cuidados-apos-extracao-de-dente.jpg","keywords":["Cuidados ap\u00f3s extra\u00e7\u00e3o de dente","Extra\u00e7\u00e3o de dente"],"articleSection":["Tratamentos odontol\u00f3gicos"],"inLanguage":"pt-BR","potentialAction":[{"@type":"CommentAction","name":"Comment","target":["https:\/\/www.codental.com.br\/blog\/cuidados-apos-extracao-de-dente-tudo-que-voce-precisa-saber\/#respond"]}]},{"@type":"WebPage","@id":"https:\/\/www.codental.com.br\/blog\/cuidados-apos-extracao-de-dente-tudo-que-voce-precisa-saber\/","url":"https:\/\/www.codental.com.br\/blog\/cuidados-apos-extracao-de-dente-tudo-que-voce-precisa-saber\/","name":"Cuidados ap\u00f3s extra\u00e7\u00e3o de dente: tudo que voc\u00ea precisa saber","isPartOf":{"@id":"https:\/\/www.codental.com.br\/blog\/#website"},"primaryImageOfPage":{"@id":"https:\/\/www.codental.com.br\/blog\/cuidados-apos-extracao-de-dente-tudo-que-voce-precisa-saber\/#primaryimage"},"image":{"@id":"https:\/\/www.codental.com.br\/blog\/cuidados-apos-extracao-de-dente-tudo-que-voce-precisa-saber\/#primaryimage"},"thumbnailUrl":"https:\/\/www.codental.com.br\/blog\/wp-content\/uploads\/2023\/03\/Cuidados-apos-extracao-de-dente.jpg","datePublished":"2023-03-12T20:00:00+00:00","dateModified":"2024-02-16T08:48:01+00:00","description":"Orientar corretamente o paciente acerca dos cuidados ap\u00f3s extra\u00e7\u00e3o de dente, diminuem as complica\u00e7\u00f5es decorrentes. Confira!","breadcrumb":{"@id":"https:\/\/www.codental.com.br\/blog\/cuidados-apos-extracao-de-dente-tudo-que-voce-precisa-saber\/#breadcrumb"},"inLanguage":"pt-BR","potentialAction":[{"@type":"ReadAction","target":["https:\/\/www.codental.com.br\/blog\/cuidados-apos-extracao-de-dente-tudo-que-voce-precisa-saber\/"]}]},{"@type":"ImageObject","inLanguage":"pt-BR","@id":"https:\/\/www.codental.com.br\/blog\/cuidados-apos-extracao-de-dente-tudo-que-voce-precisa-saber\/#primaryimage","url":"https:\/\/www.codental.com.br\/blog\/wp-content\/uploads\/2023\/03\/Cuidados-apos-extracao-de-dente.jpg","contentUrl":"https:\/\/www.codental.com.br\/blog\/wp-content\/uploads\/2023\/03\/Cuidados-apos-extracao-de-dente.jpg","width":1010,"height":550,"caption":"Cuidados ap\u00f3s extra\u00e7\u00e3o de dente"},{"@type":"BreadcrumbList","@id":"https:\/\/www.codental.com.br\/blog\/cuidados-apos-extracao-de-dente-tudo-que-voce-precisa-saber\/#breadcrumb","itemListElement":[{"@type":"ListItem","position":1,"name":"In\u00edcio","item":"https:\/\/www.codental.com.br\/blog\/"},{"@type":"ListItem","position":2,"name":"Cuidados ap\u00f3s extra\u00e7\u00e3o de dente: tudo que voc\u00ea precisa saber"}]},{"@type":"WebSite","@id":"https:\/\/www.codental.com.br\/blog\/#website","url":"https:\/\/www.codental.com.br\/blog\/","name":"Codental Blog","description":"Artigos e not\u00edcias sobre odontologia","publisher":{"@id":"https:\/\/www.codental.com.br\/blog\/#organization"},"potentialAction":[{"@type":"SearchAction","target":{"@type":"EntryPoint","urlTemplate":"https:\/\/www.codental.com.br\/blog\/?s={search_term_string}"},"query-input":{"@type":"PropertyValueSpecification","valueRequired":true,"valueName":"search_term_string"}}],"inLanguage":"pt-BR"},{"@type":"Organization","@id":"https:\/\/www.codental.com.br\/blog\/#organization","name":"Codental","url":"https:\/\/codental.com.br\/","logo":{"@type":"ImageObject","inLanguage":"pt-BR","@id":"https:\/\/www.codental.com.br\/blog\/#\/schema\/logo\/image\/","url":"https:\/\/www.codental.com.br\/blog\/wp-content\/uploads\/2018\/10\/logo.png","contentUrl":"https:\/\/www.codental.com.br\/blog\/wp-content\/uploads\/2018\/10\/logo.png","width":1200,"height":300,"caption":"Codental"},"image":{"@id":"https:\/\/www.codental.com.br\/blog\/#\/schema\/logo\/image\/"},"sameAs":["http:\/\/www.facebook.com\/codentalbr","https:\/\/x.com\/CodentalBr","https:\/\/www.instagram.com\/codentalbr\/"]},{"@type":"Person","@id":"https:\/\/www.codental.com.br\/blog\/#\/schema\/person\/7506ab8d7a0b35cdfe68fae4ee2f9277","name":"Jaqueline","image":{"@type":"ImageObject","inLanguage":"pt-BR","@id":"https:\/\/www.codental.com.br\/blog\/wp-content\/uploads\/2022\/11\/WhatsApp-Image-2022-11-23-at-18.30.21-343x240.jpeg","url":"https:\/\/www.codental.com.br\/blog\/wp-content\/uploads\/2022\/11\/WhatsApp-Image-2022-11-23-at-18.30.21-343x240.jpeg","contentUrl":"https:\/\/www.codental.com.br\/blog\/wp-content\/uploads\/2022\/11\/WhatsApp-Image-2022-11-23-at-18.30.21-343x240.jpeg","caption":"Jaqueline"},"description":"Mineira, 38 anos. Dentista cl\u00ednica geral e jornalista. Apaixonada por artes, m\u00fasica e culin\u00e1ria, um trio perfeito para bons encontros com os amigos.","url":"https:\/\/www.codental.com.br\/blog\/author\/jackeline\/"}]}},"_links":{"self":[{"href":"https:\/\/www.codental.com.br\/blog\/wp-json\/wp\/v2\/posts\/2717","targetHints":{"allow":["GET"]}}],"collection":[{"href":"https:\/\/www.codental.com.br\/blog\/wp-json\/wp\/v2\/posts"}],"about":[{"href":"https:\/\/www.codental.com.br\/blog\/wp-json\/wp\/v2\/types\/post"}],"author":[{"embeddable":true,"href":"https:\/\/www.codental.com.br\/blog\/wp-json\/wp\/v2\/users\/30"}],"replies":[{"embeddable":true,"href":"https:\/\/www.codental.com.br\/blog\/wp-json\/wp\/v2\/comments?post=2717"}],"version-history":[{"count":15,"href":"https:\/\/www.codental.com.br\/blog\/wp-json\/wp\/v2\/posts\/2717\/revisions"}],"predecessor-version":[{"id":4910,"href":"https:\/\/www.codental.com.br\/blog\/wp-json\/wp\/v2\/posts\/2717\/revisions\/4910"}],"wp:featuredmedia":[{"embeddable":true,"href":"https:\/\/www.codental.com.br\/blog\/wp-json\/wp\/v2\/media\/3055"}],"wp:attachment":[{"href":"https:\/\/www.codental.com.br\/blog\/wp-json\/wp\/v2\/media?parent=2717"}],"wp:term":[{"taxonomy":"category","embeddable":true,"href":"https:\/\/www.codental.com.br\/blog\/wp-json\/wp\/v2\/categories?post=2717"},{"taxonomy":"post_tag","embeddable":true,"href":"https:\/\/www.codental.com.br\/blog\/wp-json\/wp\/v2\/tags?post=2717"}],"curies":[{"name":"wp","href":"https:\/\/api.w.org\/{rel}","templated":true}]}}