{"id":2624,"date":"2023-02-28T17:00:00","date_gmt":"2023-02-28T20:00:00","guid":{"rendered":"https:\/\/www.codental.com.br\/blog\/?p=2624"},"modified":"2023-02-28T09:46:52","modified_gmt":"2023-02-28T12:46:52","slug":"mordida-profunda-tudo-que-voce-precisa-saber","status":"publish","type":"post","link":"https:\/\/www.codental.com.br\/blog\/mordida-profunda-tudo-que-voce-precisa-saber\/","title":{"rendered":"Mordida profunda: tudo que voc\u00ea precisa saber"},"content":{"rendered":"\n<p><strong>A mordida profunda \u00e9 um tipo de m\u00e1-oclus\u00e3o com etiologia multifatorial.<\/strong> \u00c9 diagnosticada pelo dentista e corrigida, principalmente, pelos <a href=\"https:\/\/www.codental.com.br\/blog\/especialidades-odontologicas-quais-sao-e-como-escolher\/?utm_source=blog&utm_medium=referral&utm_content=mordida-profunda-tudo-que-voce-precisa-saber\">profissionais especialistas<\/a> em Ortodontia e Ortopedia Funcional dos Maxilares.<\/p>\n\n\n\n<p>Por afetar a<strong> est\u00e9tica e a mastiga\u00e7\u00e3o<\/strong>, \u00e9 um caso visto com frequ\u00eancia nas cl\u00ednicas odontol\u00f3gicas. Dito isso, esse artigo tem o objetivo de esclarecer todas as quest\u00f5es acerca desse tema.<\/p>\n\n\n\n<h2 class=\"wp-block-heading\">O que \u00e9 mordida profunda?<\/h2>\n\n\n\n<p>Tamb\u00e9m conhecida como <strong>sobremordida<\/strong>, a mordida profunda \u00e9 um<strong> transpasse vertical dos dentes anteriores superiores sobre os inferiores.<\/strong> Esta sobreposi\u00e7\u00e3o \u00e9 considerada normal quando proporciona 2 a 3mm. Assim, quando o paciente possui essa propor\u00e7\u00e3o maior, \u00e9 diagnosticado com <strong>sobremordida exagerada, marcante ou profunda.<\/strong>\u00a0\u00a0<\/p>\n\n\n\n<p>Antes de tudo, o dentista que receber um paciente com essa m\u00e1 oclus\u00e3o em sua cl\u00ednica, analisa os movimentos de <strong>lateralidade, abertura e protus\u00e3o<\/strong>, que caracterizam essa condi\u00e7\u00e3o. A mordida profunda deve ser tratada quanto antes para n\u00e3o acarretar problemas na ATM, no crescimento e no desenvolvimento facial.<\/p>\n\n\n\n<h2 class=\"wp-block-heading\">O que causa a mordida profunda?&nbsp;<\/h2>\n\n\n\n<p>Primeiramente ressalta-se que a sobremordodida \u00e9 multifatorial. As principais causas observadas s\u00e3o:<\/p>\n\n\n\n<ul class=\"wp-block-list\"><li>Bruxismo<\/li><li>Retrus\u00e3o mandibular<\/li><li>Altura de c\u00faspide e crescimento vertical da mand\u00edbula<\/li><li>Altura do ramo mandibular e padr\u00e3o facial<\/li><li>Perda dent\u00e1ria posterior<\/li><li>Comprimento dos incisivos superiores e inferiores<\/li><li>Excesso de for\u00e7a da musculatura na mastiga\u00e7\u00e3o<\/li><li>Heran\u00e7a gen\u00e9tica<\/li><\/ul>\n\n\n\n<p>Al\u00e9m disso, \u00e9 preciso ressaltar que, geralmente, a causa n\u00e3o \u00e9 isolada, e sim um conjunto de fatores.\u00a0<\/p>\n\n\n\n<p><strong>A identifica\u00e7\u00e3o da etiologia \u00e9 de extrema import\u00e2ncia para a escolha do tratamento correto.<\/strong> Sendo assim, o dentista tem que identificar o padr\u00e3o facial, o crescimento mandibular e maxilar, a rela\u00e7\u00e3o sagital, a linha do sorriso, a dist\u00e2ncia l\u00e1bio incisivo superior e inter labial, e o comprimento do l\u00e1bio.<\/p>\n\n\n\n<h2 class=\"wp-block-heading\">Tipos de mordida profunda<\/h2>\n\n\n\n<p>Existem 2 tipos dessa condi\u00e7\u00e3o:<\/p>\n\n\n\n<h3 class=\"wp-block-heading\">Mordida profunda adquirida&nbsp;<\/h3>\n\n\n\n<p>Esta \u00e9 adquirida com o tempo, devido ao desgaste dos dentes, postura parofuncionais linguais ou a perda precoce dos dentes posteriores.&nbsp;<\/p>\n\n\n\n<h3 class=\"wp-block-heading\">Mordida profunda cong\u00eanita&nbsp;<\/h3>\n\n\n\n<p>Esse tipo \u00e9 caracterizado por ter influ\u00eancias gen\u00e9ticas, logo, o paciente ter\u00e1 herdado dos pais os genes e j\u00e1 nascer\u00e1 com essa condi\u00e7\u00e3o. Somado a isso, a mordida cong\u00eanita pode ser subdivido em duas subcategorias:\u00a0<\/p>\n\n\n\n<ul class=\"wp-block-list\"><li><strong>Mordida profunda esquel\u00e9tica<\/strong>: caracterizado por conta de problemas na estrutura esquel\u00e9tica.<\/li><li><strong>Mordida profunda dentoalveolar:<\/strong> quando o indiv\u00edduo apresenta problemas na estrutura dos dentes.<\/li><\/ul>\n\n\n\n<h2 class=\"wp-block-heading\">Sintomas da mordida profunda<\/h2>\n\n\n\n<p>O paciente com esta condi\u00e7\u00e3o pode apresentar:<\/p>\n\n\n\n<ul class=\"wp-block-list\"><li>Dores articulares<\/li><li>Dor de cabe\u00e7a<\/li><li>Problemas respirat\u00f3rios<\/li><li>Dificuldades na mastiga\u00e7\u00e3o<\/li><li>Retroa\u00e7\u00e3o na gengiva<\/li><li>Mand\u00edbula travada<\/li><li>Feridas no c\u00e9u da boca, causadas pelo atrito com os dentes inferiores<\/li><\/ul>\n\n\n\n<h2 class=\"wp-block-heading\">Como corrigir a sobremordida?<\/h2>\n\n\n\n<p>Ap\u00f3s diagnosticar as poss\u00edveis causas dessa condi\u00e7\u00e3o, cabe ao profissional escolher a melhor forma de tratamento. Outros fatores como a <strong>idade do paciente, est\u00e9tica facial, e quantidade de exposi\u00e7\u00e3o dos dentes tamb\u00e9m ir\u00e3o interferir na estrat\u00e9gia utilizada.\u00a0<\/strong><\/p>\n\n\n\n<p>Os principais tratamento utilizados s\u00e3o ortod\u00f4nticos ou ortop\u00e9dicos. O <strong>aparelho ortod\u00f4ntico <\/strong>utilizado pode ser ou n\u00e3o fixo, e, com o avan\u00e7o tecnol\u00f3gico, est\u00e3o cada vez mais esteticamente agrad\u00e1veis para facilitar essa etapa do paciente. Importante ressaltar que a dura\u00e7\u00e3o da utiliza\u00e7\u00e3o do aparelho varia em cada caso, podendo ser meses ou anos.&nbsp;<\/p>\n\n\n\n<p>Por ser uma condi\u00e7\u00e3o que pode causar graves danos, n\u00e3o somente est\u00e9ticos, mas \u00e0 sa\u00fade bucal e geral, o diagn\u00f3stico deve ser feito quanto antes. O dentista que ficar respons\u00e1vel pelo tratamento em crian\u00e7as pode utilizar as <strong>Pistas Diretas de Planas<\/strong>. A PDP \u00e9 um recurso que ajudar\u00e1 na interven\u00e7\u00e3o e preven\u00e7\u00e3o da mordida profunda, pois as resinas confeccionadas diretamente sobre o dente dec\u00edduo, ajudando na mudan\u00e7a da postura da mand\u00edbula.<\/p>\n\n\n\n<p>J\u00e1 em casos mais graves, de ordem esquel\u00e9tica, por exemplo, a \u00fanica solu\u00e7\u00e3o eficaz \u00e9 a <strong>cirurgia ortogn\u00e1tica<\/strong>. Esse procedimento consegue recuperar a fun\u00e7\u00e3o mastigat\u00f3ria do paciente e a est\u00e9tica facial. A cirurgia, geralmente, \u00e9 feita por dentro da boca, n\u00e3o sendo necess\u00e1rio o corte no rosto e utiliza-se placas e parafusos de tit\u00e2nio para fixar a nova posi\u00e7\u00e3o do maxilar.&nbsp;<\/p>\n\n\n\n<p>Essa m\u00e1 oclus\u00e3o tamb\u00e9m pode estar associada a outras condi\u00e7\u00f5es, como o <a href=\"https:\/\/www.codental.com.br\/blog\/retrognatismo-diagnostico-tratamentos-e-muito-mais\/?utm_source=blog&utm_medium=referral&utm_content=mordida-profunda-tudo-que-voce-precisa-saber\">retrognatismo.<\/a> Este \u00e9 caracterizado pela apar\u00eancia de \u201cqueixo pequeno\u201d do paciente, causada quando h\u00e1 um crescimento inadequado dos ossos da maxila. Sendo assim, o <strong>corretor ortop\u00e9dico funcional<\/strong> \u00e9 o mais aconselh\u00e1vel, uma vez que ser\u00e1 respons\u00e1vel por auxiliar no avan\u00e7o do maxilar inferior. Entretanto, esse tratamento s\u00f3 ser\u00e1 eficaz em pacientes ainda em fase de crescimento.\u00a0<\/p>\n\n\n\n<h2 class=\"wp-block-heading\">Tipos de aparelho para tratar a mordida profunda<\/h2>\n\n\n\n<p>Como <strong>os aparelhos ortod\u00f4nticos s\u00e3o os mais utilizados para resolver essa condi\u00e7\u00e3o<\/strong>, o profissional respons\u00e1vel poder\u00e1 dar algumas op\u00e7\u00f5es para o paciente. Estas variam com o material, pre\u00e7o, tempo de tratamento e tamb\u00e9m conforme o caso do paciente<\/p>\n\n\n\n<h3 class=\"wp-block-heading\">Aparelho fixo met\u00e1lico<\/h3>\n\n\n\n<p>Este \u00e9 o mais tradicional. As suas vantagens s\u00e3o em rela\u00e7\u00e3o ao custo se comparado \u00e0s outras op\u00e7\u00f5es e o tempo de dura\u00e7\u00e3o \u00e9 em m\u00e9dia de 2 anos, com consultas quinzenais para manuten\u00e7\u00e3o. Somado a ele, durante a utiliza\u00e7\u00e3o do aparelho, o el\u00e1stico pode ser um grande aliado para acelerar o processo.<\/p>\n\n\n\n<h3 class=\"wp-block-heading\">Aparelho fixo est\u00e9tico<\/h3>\n\n\n\n<p>O aparelho fixo est\u00e9tico possui a mesma estrutura do convencional, por\u00e9m apresentem materiais como policarbonato, <a href=\"https:\/\/www.codental.com.br\/blog\/aparelho-de-safira-tudo-que-voce-precisa-saber\/?utm_source=blog&utm_medium=referral&utm_content=mordida-profunda-tudo-que-voce-precisa-saber\">safira<\/a> ou de <a href=\"https:\/\/www.codental.com.br\/blog\/aparelho-de-porcelana-um-guia-completo\/?utm_source=blog&utm_medium=referral&utm_content=mordida-profunda-tudo-que-voce-precisa-saber\">porcelana<\/a>, que, como resultado, ser\u00e3o mais discretos e est\u00e9ticos. Por conta desse benef\u00edcio est\u00e9tico, esse tipo de aparelho tem um custo maior.<\/p>\n\n\n\n<h3 class=\"wp-block-heading\">Aparelho transparente<\/h3>\n\n\n\n<p>Os aparelhos transparentes ou invis\u00edveis s\u00e3o os queridinhos do momento. <strong>A maior diferen\u00e7a para os aparelhos fixos est\u00e1 na apar\u00eancia do sorriso do paciente durante o tratamento<\/strong>, pois, como o pr\u00f3prio nome diz, este fica invis\u00edvel. Al\u00e9m disso, o tempo de dura\u00e7\u00e3o tamb\u00e9m \u00e9 bem menor quando comparado ao tradicional, podendo durar 8 meses dependendo da gravidade do caso.\u00a0<\/p>\n\n\n\n<p>O tratamento \u00e9 separado por \u201dfases&#8221;, com o paciente trocando o alinhador a cada 14 dias, em m\u00e9dia. Dessa maneira, definindo essas fases, o dentista tamb\u00e9m consegue dar uma previsibilidade correta da dura\u00e7\u00e3o do alinhamento com aparelho, contando, \u00e9 claro, com a disciplina de uso do <a href=\"https:\/\/www.codental.com.br\/blog\/aparelho-movel-indicacao-preco-tipos-e-cuidados\/?utm_source=blog&utm_medium=referral&utm_content=mordida-profunda-tudo-que-voce-precisa-saber\">aparelho m\u00f3vel<\/a>.<\/p>\n\n\n\n<p>Diante desses benef\u00edcios, o aparelho invis\u00edvel tem um custo maior, mas \u00e9 uma \u00f3tima op\u00e7\u00e3o para adultos que querem resultado r\u00e1pido e moderno.&nbsp;<\/p>\n\n\n\n<h2 class=\"wp-block-heading\">Como diagnosticar a mordida profunda<\/h2>\n\n\n\n<p>O dentista especialista em ortodontia dever\u00e1 ter em mente 3 fatores para analisar e fazer o diagn\u00f3stico de seu paciente:&nbsp;<\/p>\n\n\n\n<ul class=\"wp-block-list\"><li><strong>Avaliar a exposi\u00e7\u00e3o da gengiva:<\/strong> essa an\u00e1lise \u00e9 feita quando o paciente sorri e fala, ajudando com o diagn\u00f3stico facial.<\/li><li><strong>Avalia\u00e7\u00e3o dent\u00e1ria: <\/strong>obviamente, \u00e9 necess\u00e1rio que o dentista fa\u00e7a o diagn\u00f3stico dent\u00e1rio, analisando os fatores como desgastes e a inclina\u00e7\u00e3o dos dentes inferiores e superiores.<\/li><li><strong>Diagn\u00f3stico cefalom\u00e9trico:<\/strong> esta etapa do diagn\u00f3stico ir\u00e1 permitir que o ortodontista visualize o desenvolvimento dos ossos da face do indiv\u00edduo, etapa muito importante para a escolha do tratamento adequado.\u00a0<\/li><\/ul>\n","protected":false},"excerpt":{"rendered":"<p>A mordida profunda \u00e9 um tipo de m\u00e1-oclus\u00e3o com etiologia multifatorial. \u00c9 diagnosticada pelo&#8230;<\/p>\n","protected":false},"author":27,"featured_media":2919,"comment_status":"open","ping_status":"closed","sticky":false,"template":"","format":"standard","meta":{"_target_audience":"","footnotes":""},"categories":[247],"tags":[274,382,383],"class_list":["post-2624","post","type-post","status-publish","format-standard","has-post-thumbnail","hentry","category-doencas-odontologicas","tag-aparelhos-odontologicos","tag-mordida-profunda","tag-sobremordida"],"yoast_head":"<!-- This site is optimized with the Yoast SEO plugin v27.2 - https:\/\/yoast.com\/product\/yoast-seo-wordpress\/ -->\n<title>Mordida profunda: entenda o que \u00e9 e como tratar<\/title>\n<meta name=\"description\" content=\"Mordida profunda \u00e9 uma m\u00e1-oclus\u00e3o com etiologia multifatorial e deve ser tratada quanto antes. Saiba como e os melhores tratamentos.\" \/>\n<meta name=\"robots\" content=\"index, follow, max-snippet:-1, max-image-preview:large, max-video-preview:-1\" \/>\n<link rel=\"canonical\" href=\"https:\/\/www.codental.com.br\/blog\/mordida-profunda-tudo-que-voce-precisa-saber\/\" \/>\n<meta property=\"og:locale\" content=\"pt_BR\" \/>\n<meta property=\"og:type\" content=\"article\" \/>\n<meta property=\"og:title\" content=\"Mordida profunda: entenda o que \u00e9 e como tratar\" \/>\n<meta property=\"og:description\" content=\"Mordida profunda \u00e9 uma m\u00e1-oclus\u00e3o com etiologia multifatorial e deve ser tratada quanto antes. Saiba como e os melhores tratamentos.\" \/>\n<meta property=\"og:url\" content=\"https:\/\/www.codental.com.br\/blog\/mordida-profunda-tudo-que-voce-precisa-saber\/\" \/>\n<meta property=\"og:site_name\" content=\"Codental Blog\" \/>\n<meta property=\"article:publisher\" content=\"http:\/\/www.facebook.com\/codentalbr\" \/>\n<meta property=\"article:published_time\" content=\"2023-02-28T20:00:00+00:00\" \/>\n<meta property=\"og:image\" content=\"https:\/\/www.codental.com.br\/blog\/wp-content\/uploads\/2023\/02\/Mordida-profunda.jpg\" \/>\n\t<meta property=\"og:image:width\" content=\"1010\" \/>\n\t<meta property=\"og:image:height\" content=\"550\" \/>\n\t<meta property=\"og:image:type\" content=\"image\/jpeg\" \/>\n<meta name=\"author\" content=\"Marina Miranda\" \/>\n<meta name=\"twitter:card\" content=\"summary_large_image\" \/>\n<meta name=\"twitter:creator\" content=\"@CodentalBr\" \/>\n<meta name=\"twitter:site\" content=\"@CodentalBr\" \/>\n<meta name=\"twitter:label1\" content=\"Escrito por\" \/>\n\t<meta name=\"twitter:data1\" content=\"Marina Miranda\" \/>\n\t<meta name=\"twitter:label2\" content=\"Est. tempo de leitura\" \/>\n\t<meta name=\"twitter:data2\" content=\"6 minutos\" \/>\n<script type=\"application\/ld+json\" class=\"yoast-schema-graph\">{\"@context\":\"https:\/\/schema.org\",\"@graph\":[{\"@type\":\"Article\",\"@id\":\"https:\/\/www.codental.com.br\/blog\/mordida-profunda-tudo-que-voce-precisa-saber\/#article\",\"isPartOf\":{\"@id\":\"https:\/\/www.codental.com.br\/blog\/mordida-profunda-tudo-que-voce-precisa-saber\/\"},\"author\":{\"name\":\"Marina Miranda\",\"@id\":\"https:\/\/www.codental.com.br\/blog\/#\/schema\/person\/7e61c07141bee2df26e64b132b1624d7\"},\"headline\":\"Mordida profunda: tudo que voc\u00ea precisa saber\",\"datePublished\":\"2023-02-28T20:00:00+00:00\",\"mainEntityOfPage\":{\"@id\":\"https:\/\/www.codental.com.br\/blog\/mordida-profunda-tudo-que-voce-precisa-saber\/\"},\"wordCount\":1215,\"commentCount\":0,\"publisher\":{\"@id\":\"https:\/\/www.codental.com.br\/blog\/#organization\"},\"image\":{\"@id\":\"https:\/\/www.codental.com.br\/blog\/mordida-profunda-tudo-que-voce-precisa-saber\/#primaryimage\"},\"thumbnailUrl\":\"https:\/\/www.codental.com.br\/blog\/wp-content\/uploads\/2023\/02\/Mordida-profunda.jpg\",\"keywords\":[\"Aparelhos odontol\u00f3gicos\",\"Mordida profunda\",\"Sobremordida\"],\"articleSection\":[\"Doen\u00e7as odontol\u00f3gicas\"],\"inLanguage\":\"pt-BR\",\"potentialAction\":[{\"@type\":\"CommentAction\",\"name\":\"Comment\",\"target\":[\"https:\/\/www.codental.com.br\/blog\/mordida-profunda-tudo-que-voce-precisa-saber\/#respond\"]}]},{\"@type\":\"WebPage\",\"@id\":\"https:\/\/www.codental.com.br\/blog\/mordida-profunda-tudo-que-voce-precisa-saber\/\",\"url\":\"https:\/\/www.codental.com.br\/blog\/mordida-profunda-tudo-que-voce-precisa-saber\/\",\"name\":\"Mordida profunda: entenda o que \u00e9 e como tratar\",\"isPartOf\":{\"@id\":\"https:\/\/www.codental.com.br\/blog\/#website\"},\"primaryImageOfPage\":{\"@id\":\"https:\/\/www.codental.com.br\/blog\/mordida-profunda-tudo-que-voce-precisa-saber\/#primaryimage\"},\"image\":{\"@id\":\"https:\/\/www.codental.com.br\/blog\/mordida-profunda-tudo-que-voce-precisa-saber\/#primaryimage\"},\"thumbnailUrl\":\"https:\/\/www.codental.com.br\/blog\/wp-content\/uploads\/2023\/02\/Mordida-profunda.jpg\",\"datePublished\":\"2023-02-28T20:00:00+00:00\",\"description\":\"Mordida profunda \u00e9 uma m\u00e1-oclus\u00e3o com etiologia multifatorial e deve ser tratada quanto antes. Saiba como e os melhores tratamentos.\",\"breadcrumb\":{\"@id\":\"https:\/\/www.codental.com.br\/blog\/mordida-profunda-tudo-que-voce-precisa-saber\/#breadcrumb\"},\"inLanguage\":\"pt-BR\",\"potentialAction\":[{\"@type\":\"ReadAction\",\"target\":[\"https:\/\/www.codental.com.br\/blog\/mordida-profunda-tudo-que-voce-precisa-saber\/\"]}]},{\"@type\":\"ImageObject\",\"inLanguage\":\"pt-BR\",\"@id\":\"https:\/\/www.codental.com.br\/blog\/mordida-profunda-tudo-que-voce-precisa-saber\/#primaryimage\",\"url\":\"https:\/\/www.codental.com.br\/blog\/wp-content\/uploads\/2023\/02\/Mordida-profunda.jpg\",\"contentUrl\":\"https:\/\/www.codental.com.br\/blog\/wp-content\/uploads\/2023\/02\/Mordida-profunda.jpg\",\"width\":1010,\"height\":550,\"caption\":\"mordida profunda\"},{\"@type\":\"BreadcrumbList\",\"@id\":\"https:\/\/www.codental.com.br\/blog\/mordida-profunda-tudo-que-voce-precisa-saber\/#breadcrumb\",\"itemListElement\":[{\"@type\":\"ListItem\",\"position\":1,\"name\":\"In\u00edcio\",\"item\":\"https:\/\/www.codental.com.br\/blog\/\"},{\"@type\":\"ListItem\",\"position\":2,\"name\":\"Mordida profunda: tudo que voc\u00ea precisa saber\"}]},{\"@type\":\"WebSite\",\"@id\":\"https:\/\/www.codental.com.br\/blog\/#website\",\"url\":\"https:\/\/www.codental.com.br\/blog\/\",\"name\":\"Codental Blog\",\"description\":\"Artigos e not\u00edcias sobre odontologia\",\"publisher\":{\"@id\":\"https:\/\/www.codental.com.br\/blog\/#organization\"},\"potentialAction\":[{\"@type\":\"SearchAction\",\"target\":{\"@type\":\"EntryPoint\",\"urlTemplate\":\"https:\/\/www.codental.com.br\/blog\/?s={search_term_string}\"},\"query-input\":{\"@type\":\"PropertyValueSpecification\",\"valueRequired\":true,\"valueName\":\"search_term_string\"}}],\"inLanguage\":\"pt-BR\"},{\"@type\":\"Organization\",\"@id\":\"https:\/\/www.codental.com.br\/blog\/#organization\",\"name\":\"Codental\",\"url\":\"https:\/\/codental.com.br\/\",\"logo\":{\"@type\":\"ImageObject\",\"inLanguage\":\"pt-BR\",\"@id\":\"https:\/\/www.codental.com.br\/blog\/#\/schema\/logo\/image\/\",\"url\":\"https:\/\/www.codental.com.br\/blog\/wp-content\/uploads\/2018\/10\/logo.png\",\"contentUrl\":\"https:\/\/www.codental.com.br\/blog\/wp-content\/uploads\/2018\/10\/logo.png\",\"width\":1200,\"height\":300,\"caption\":\"Codental\"},\"image\":{\"@id\":\"https:\/\/www.codental.com.br\/blog\/#\/schema\/logo\/image\/\"},\"sameAs\":[\"http:\/\/www.facebook.com\/codentalbr\",\"https:\/\/x.com\/CodentalBr\",\"https:\/\/www.instagram.com\/codentalbr\/\"]},{\"@type\":\"Person\",\"@id\":\"https:\/\/www.codental.com.br\/blog\/#\/schema\/person\/7e61c07141bee2df26e64b132b1624d7\",\"name\":\"Marina Miranda\",\"image\":{\"@type\":\"ImageObject\",\"inLanguage\":\"pt-BR\",\"@id\":\"https:\/\/www.codental.com.br\/blog\/wp-content\/uploads\/2022\/11\/WhatsApp-Image-2022-11-08-at-18.48.00-343x240.jpeg\",\"url\":\"https:\/\/www.codental.com.br\/blog\/wp-content\/uploads\/2022\/11\/WhatsApp-Image-2022-11-08-at-18.48.00-343x240.jpeg\",\"contentUrl\":\"https:\/\/www.codental.com.br\/blog\/wp-content\/uploads\/2022\/11\/WhatsApp-Image-2022-11-08-at-18.48.00-343x240.jpeg\",\"caption\":\"Marina Miranda\"},\"description\":\"Juizforana, 22 anos. Estudante, apaixonada por leitura e viciada em filmes de com\u00e9dia rom\u00e2ntica, quanto mais clich\u00ea melhor, e por esportes. Fui atleta desde pequena, o que me fez crescer super determinada e focada. Meu objetivo de vida \u00e9 retribuir aos meus pais tudo que me ofereceram.\",\"url\":\"https:\/\/www.codental.com.br\/blog\/author\/marina\/\"}]}<\/script>\n<!-- \/ Yoast SEO plugin. -->","yoast_head_json":{"title":"Mordida profunda: entenda o que \u00e9 e como tratar","description":"Mordida profunda \u00e9 uma m\u00e1-oclus\u00e3o com etiologia multifatorial e deve ser tratada quanto antes. Saiba como e os melhores tratamentos.","robots":{"index":"index","follow":"follow","max-snippet":"max-snippet:-1","max-image-preview":"max-image-preview:large","max-video-preview":"max-video-preview:-1"},"canonical":"https:\/\/www.codental.com.br\/blog\/mordida-profunda-tudo-que-voce-precisa-saber\/","og_locale":"pt_BR","og_type":"article","og_title":"Mordida profunda: entenda o que \u00e9 e como tratar","og_description":"Mordida profunda \u00e9 uma m\u00e1-oclus\u00e3o com etiologia multifatorial e deve ser tratada quanto antes. Saiba como e os melhores tratamentos.","og_url":"https:\/\/www.codental.com.br\/blog\/mordida-profunda-tudo-que-voce-precisa-saber\/","og_site_name":"Codental Blog","article_publisher":"http:\/\/www.facebook.com\/codentalbr","article_published_time":"2023-02-28T20:00:00+00:00","og_image":[{"width":1010,"height":550,"url":"https:\/\/www.codental.com.br\/blog\/wp-content\/uploads\/2023\/02\/Mordida-profunda.jpg","type":"image\/jpeg"}],"author":"Marina Miranda","twitter_card":"summary_large_image","twitter_creator":"@CodentalBr","twitter_site":"@CodentalBr","twitter_misc":{"Escrito por":"Marina Miranda","Est. tempo de leitura":"6 minutos"},"schema":{"@context":"https:\/\/schema.org","@graph":[{"@type":"Article","@id":"https:\/\/www.codental.com.br\/blog\/mordida-profunda-tudo-que-voce-precisa-saber\/#article","isPartOf":{"@id":"https:\/\/www.codental.com.br\/blog\/mordida-profunda-tudo-que-voce-precisa-saber\/"},"author":{"name":"Marina Miranda","@id":"https:\/\/www.codental.com.br\/blog\/#\/schema\/person\/7e61c07141bee2df26e64b132b1624d7"},"headline":"Mordida profunda: tudo que voc\u00ea precisa saber","datePublished":"2023-02-28T20:00:00+00:00","mainEntityOfPage":{"@id":"https:\/\/www.codental.com.br\/blog\/mordida-profunda-tudo-que-voce-precisa-saber\/"},"wordCount":1215,"commentCount":0,"publisher":{"@id":"https:\/\/www.codental.com.br\/blog\/#organization"},"image":{"@id":"https:\/\/www.codental.com.br\/blog\/mordida-profunda-tudo-que-voce-precisa-saber\/#primaryimage"},"thumbnailUrl":"https:\/\/www.codental.com.br\/blog\/wp-content\/uploads\/2023\/02\/Mordida-profunda.jpg","keywords":["Aparelhos odontol\u00f3gicos","Mordida profunda","Sobremordida"],"articleSection":["Doen\u00e7as odontol\u00f3gicas"],"inLanguage":"pt-BR","potentialAction":[{"@type":"CommentAction","name":"Comment","target":["https:\/\/www.codental.com.br\/blog\/mordida-profunda-tudo-que-voce-precisa-saber\/#respond"]}]},{"@type":"WebPage","@id":"https:\/\/www.codental.com.br\/blog\/mordida-profunda-tudo-que-voce-precisa-saber\/","url":"https:\/\/www.codental.com.br\/blog\/mordida-profunda-tudo-que-voce-precisa-saber\/","name":"Mordida profunda: entenda o que \u00e9 e como tratar","isPartOf":{"@id":"https:\/\/www.codental.com.br\/blog\/#website"},"primaryImageOfPage":{"@id":"https:\/\/www.codental.com.br\/blog\/mordida-profunda-tudo-que-voce-precisa-saber\/#primaryimage"},"image":{"@id":"https:\/\/www.codental.com.br\/blog\/mordida-profunda-tudo-que-voce-precisa-saber\/#primaryimage"},"thumbnailUrl":"https:\/\/www.codental.com.br\/blog\/wp-content\/uploads\/2023\/02\/Mordida-profunda.jpg","datePublished":"2023-02-28T20:00:00+00:00","description":"Mordida profunda \u00e9 uma m\u00e1-oclus\u00e3o com etiologia multifatorial e deve ser tratada quanto antes. Saiba como e os melhores tratamentos.","breadcrumb":{"@id":"https:\/\/www.codental.com.br\/blog\/mordida-profunda-tudo-que-voce-precisa-saber\/#breadcrumb"},"inLanguage":"pt-BR","potentialAction":[{"@type":"ReadAction","target":["https:\/\/www.codental.com.br\/blog\/mordida-profunda-tudo-que-voce-precisa-saber\/"]}]},{"@type":"ImageObject","inLanguage":"pt-BR","@id":"https:\/\/www.codental.com.br\/blog\/mordida-profunda-tudo-que-voce-precisa-saber\/#primaryimage","url":"https:\/\/www.codental.com.br\/blog\/wp-content\/uploads\/2023\/02\/Mordida-profunda.jpg","contentUrl":"https:\/\/www.codental.com.br\/blog\/wp-content\/uploads\/2023\/02\/Mordida-profunda.jpg","width":1010,"height":550,"caption":"mordida profunda"},{"@type":"BreadcrumbList","@id":"https:\/\/www.codental.com.br\/blog\/mordida-profunda-tudo-que-voce-precisa-saber\/#breadcrumb","itemListElement":[{"@type":"ListItem","position":1,"name":"In\u00edcio","item":"https:\/\/www.codental.com.br\/blog\/"},{"@type":"ListItem","position":2,"name":"Mordida profunda: tudo que voc\u00ea precisa saber"}]},{"@type":"WebSite","@id":"https:\/\/www.codental.com.br\/blog\/#website","url":"https:\/\/www.codental.com.br\/blog\/","name":"Codental Blog","description":"Artigos e not\u00edcias sobre odontologia","publisher":{"@id":"https:\/\/www.codental.com.br\/blog\/#organization"},"potentialAction":[{"@type":"SearchAction","target":{"@type":"EntryPoint","urlTemplate":"https:\/\/www.codental.com.br\/blog\/?s={search_term_string}"},"query-input":{"@type":"PropertyValueSpecification","valueRequired":true,"valueName":"search_term_string"}}],"inLanguage":"pt-BR"},{"@type":"Organization","@id":"https:\/\/www.codental.com.br\/blog\/#organization","name":"Codental","url":"https:\/\/codental.com.br\/","logo":{"@type":"ImageObject","inLanguage":"pt-BR","@id":"https:\/\/www.codental.com.br\/blog\/#\/schema\/logo\/image\/","url":"https:\/\/www.codental.com.br\/blog\/wp-content\/uploads\/2018\/10\/logo.png","contentUrl":"https:\/\/www.codental.com.br\/blog\/wp-content\/uploads\/2018\/10\/logo.png","width":1200,"height":300,"caption":"Codental"},"image":{"@id":"https:\/\/www.codental.com.br\/blog\/#\/schema\/logo\/image\/"},"sameAs":["http:\/\/www.facebook.com\/codentalbr","https:\/\/x.com\/CodentalBr","https:\/\/www.instagram.com\/codentalbr\/"]},{"@type":"Person","@id":"https:\/\/www.codental.com.br\/blog\/#\/schema\/person\/7e61c07141bee2df26e64b132b1624d7","name":"Marina Miranda","image":{"@type":"ImageObject","inLanguage":"pt-BR","@id":"https:\/\/www.codental.com.br\/blog\/wp-content\/uploads\/2022\/11\/WhatsApp-Image-2022-11-08-at-18.48.00-343x240.jpeg","url":"https:\/\/www.codental.com.br\/blog\/wp-content\/uploads\/2022\/11\/WhatsApp-Image-2022-11-08-at-18.48.00-343x240.jpeg","contentUrl":"https:\/\/www.codental.com.br\/blog\/wp-content\/uploads\/2022\/11\/WhatsApp-Image-2022-11-08-at-18.48.00-343x240.jpeg","caption":"Marina Miranda"},"description":"Juizforana, 22 anos. Estudante, apaixonada por leitura e viciada em filmes de com\u00e9dia rom\u00e2ntica, quanto mais clich\u00ea melhor, e por esportes. Fui atleta desde pequena, o que me fez crescer super determinada e focada. Meu objetivo de vida \u00e9 retribuir aos meus pais tudo que me ofereceram.","url":"https:\/\/www.codental.com.br\/blog\/author\/marina\/"}]}},"_links":{"self":[{"href":"https:\/\/www.codental.com.br\/blog\/wp-json\/wp\/v2\/posts\/2624","targetHints":{"allow":["GET"]}}],"collection":[{"href":"https:\/\/www.codental.com.br\/blog\/wp-json\/wp\/v2\/posts"}],"about":[{"href":"https:\/\/www.codental.com.br\/blog\/wp-json\/wp\/v2\/types\/post"}],"author":[{"embeddable":true,"href":"https:\/\/www.codental.com.br\/blog\/wp-json\/wp\/v2\/users\/27"}],"replies":[{"embeddable":true,"href":"https:\/\/www.codental.com.br\/blog\/wp-json\/wp\/v2\/comments?post=2624"}],"version-history":[{"count":2,"href":"https:\/\/www.codental.com.br\/blog\/wp-json\/wp\/v2\/posts\/2624\/revisions"}],"predecessor-version":[{"id":2920,"href":"https:\/\/www.codental.com.br\/blog\/wp-json\/wp\/v2\/posts\/2624\/revisions\/2920"}],"wp:featuredmedia":[{"embeddable":true,"href":"https:\/\/www.codental.com.br\/blog\/wp-json\/wp\/v2\/media\/2919"}],"wp:attachment":[{"href":"https:\/\/www.codental.com.br\/blog\/wp-json\/wp\/v2\/media?parent=2624"}],"wp:term":[{"taxonomy":"category","embeddable":true,"href":"https:\/\/www.codental.com.br\/blog\/wp-json\/wp\/v2\/categories?post=2624"},{"taxonomy":"post_tag","embeddable":true,"href":"https:\/\/www.codental.com.br\/blog\/wp-json\/wp\/v2\/tags?post=2624"}],"curies":[{"name":"wp","href":"https:\/\/api.w.org\/{rel}","templated":true}]}}