{"id":2568,"date":"2023-02-21T17:00:00","date_gmt":"2023-02-21T20:00:00","guid":{"rendered":"https:\/\/www.codental.com.br\/blog\/?p=2568"},"modified":"2023-02-23T15:20:32","modified_gmt":"2023-02-23T18:20:32","slug":"calculo-dental-saiba-tudo-sobre-essa-condicao-odontologica","status":"publish","type":"post","link":"https:\/\/www.codental.com.br\/blog\/calculo-dental-saiba-tudo-sobre-essa-condicao-odontologica\/","title":{"rendered":"C\u00e1lculo dental: saiba tudo sobre essa condi\u00e7\u00e3o odontol\u00f3gica"},"content":{"rendered":"\n<p>O c\u00e1lculo dental, \u00e9 a calcifica\u00e7\u00e3o da placa bacteriana, sendo uma pel\u00edcula que se forma com frequ\u00eancia sobre os dentes e ao longo da margem gengival, gerada pelo ac\u00famulo de alimentos ingeridos e bact\u00e9rias.<\/p>\n\n\n\n<p>Caso essa placa bacteriana n\u00e3o seja removida por uma escova\u00e7\u00e3o eficiente, pode ocorrer a mineraliza\u00e7\u00e3o ou calcifica\u00e7\u00e3o da mesma, e como consequ\u00eancia o c\u00e1lculo dental, que tamb\u00e9m \u00e9 conhecido como <a href=\"https:\/\/www.codental.com.br\/blog\/tartaro-nos-dentes-tudo-que-voce-precisa-saber\/?utm_source=blog&utm_medium=referral&utm_content=calculo-dental-saiba-tudo-sobre-essa-condicao-odontologica\">t\u00e1rtaro<\/a>. Sendo assim,<strong> o c\u00e1lculo dental \u00e9 um dep\u00f3sito mineral, que possui uma consist\u00eancia dura, de colora\u00e7\u00e3o que vai do amarelo ao marrom,<\/strong> e que se localiza, normalmente, entre os dentes inferiores, pr\u00f3ximo \u00e0 margem da gengiva ou abaixo dela.<\/p>\n\n\n\n<p>Dessa maneira, devido suas caracter\u00edsticas, dentre elas a rigidez, o c\u00e1lculo dental s\u00f3 \u00e9 removido por um dentista, fator que faz com que seja necess\u00e1rio bastante conhecimento sobre o assunto, j\u00e1 que \u00e9 um problema comum entre os pacientes. Confira!<\/p>\n\n\n\n<h2 class=\"wp-block-heading\">O que \u00e9 c\u00e1lculo dental?<\/h2>\n\n\n\n<p>Como j\u00e1 mencionado, <strong>o c\u00e1lculo dental ou t\u00e1rtaro, se trata da calcifica\u00e7\u00e3o da placa bacteriana encontrada sobre os dentes.<\/strong> Entretanto, o problema tamb\u00e9m pode ser encontrado debaixo da gengiva, promovendo a irrita\u00e7\u00e3o do tecido gengival, al\u00e9m de proporcionar um ambiente ideal para ac\u00famulo de muitas bact\u00e9rias.<\/p>\n\n\n\n<p>O c\u00e1lculo forma-se a partir da mineraliza\u00e7\u00e3o da placa, com a participa\u00e7\u00e3o da&nbsp;saliva,&nbsp;que cont\u00e9m&nbsp;\u00edons&nbsp;de&nbsp;c\u00e1lcio, e do&nbsp;dente, de onde a placa retira c\u00e1lcio e&nbsp;fosfato&nbsp;pela queda do&nbsp;pH. A queda de pH d\u00e1-se pela diferen\u00e7a de concentra\u00e7\u00e3o de di\u00f3xido de carbono entre a saliva que sai dos canais salivares e do ambiente da boca. A saliva quando sai para o ambiente da boca desce o pH, e quando volta a normalizar o pH, os minerais dissolvidos na saliva saem da sua forma est\u00e1vel e iniciam a precipita\u00e7\u00e3o.<\/p>\n\n\n\n<p>O <strong>t\u00e1rtaro \u00e9 uma camada r\u00edgida e porosa.<\/strong> Consequentemente, devido a essa porosidade, ocorre o acumulo dos pigmentos e restos dos alimentos, promovendo danos est\u00e9ticos e a cor caracter\u00edstica dessa condi\u00e7\u00e3o.<\/p>\n\n\n\n<p>Al\u00e9m da quest\u00e3o est\u00e9tica, essa camada formada atrapalha a higieniza\u00e7\u00e3o, visto que forma uma pel\u00edcula que impede a ideal limpeza dos dentes. Sendo assim, <strong>pela dificuldade da correta higieniza\u00e7\u00e3o e a forma\u00e7\u00e3o de um ambiente prop\u00edcio para o ac\u00famulo de bact\u00e9rias, o c\u00e1lculo dental facilita o aparecimento de c\u00e1ries.<\/strong><\/p>\n\n\n\n<h2 class=\"wp-block-heading\">Sintomas do c\u00e1lculo dental<\/h2>\n\n\n\n<p><strong>O c\u00e1lculo dental sozinho n\u00e3o ocasiona nenhum sintoma espec\u00edfico, sendo livre de dor e inc\u00f4modos. <\/strong>Por\u00e9m, desenvolve um aspecto amarelado, possibilitando a identifica\u00e7\u00e3o de forma f\u00e1cil.<\/p>\n\n\n\n<p>Essa mancha formada gera um preju\u00edzo est\u00e9tico no sorriso, e n\u00e3o \u00e9 removida ap\u00f3s a escova\u00e7\u00e3o, ou uso do fio dental.<\/p>\n\n\n\n<h2 class=\"wp-block-heading\">Diferen\u00e7a do c\u00e1lculo dental e t\u00e1rtaro<\/h2>\n\n\n\n<p>Apesar de possu\u00edrem nomes diferentes, <strong>o c\u00e1lculo dental e o t\u00e1rtaro se referem ao mesmo problema odontol\u00f3gico.<\/strong> Esse problema pode atingir qualquer paciente, por\u00e9m afeta principalmente os que n\u00e3o possuem uma rotina adequada de cuidados relacionados a sa\u00fade bucal.<\/p>\n\n\n\n<p>Devemos ressaltar que, apesar de o amarelamento dos dentes ser um sintoma visual caracter\u00edstico dessa condi\u00e7\u00e3o, n\u00e3o significa exclusivamente o aparecimento de t\u00e1rtaro. \u00c9 indispens\u00e1vel que o paciente procure ajuda de um dentista, para o correto diagn\u00f3stico.<\/p>\n\n\n\n<h2 class=\"wp-block-heading\">Causas do c\u00e1lculo dental<\/h2>\n\n\n\n<p><strong>As causas do c\u00e1lculo dental est\u00e3o relacionadas a maus h\u00e1bitos de higiene bucal.<\/strong> Dessa maneira, o problema s\u00f3 aparece devido ao endurecimento da placa bacteriana, que, normalmente, n\u00e3o \u00e9 removida devido a uma escova\u00e7\u00e3o ineficiente.<\/p>\n\n\n\n<p>Como consequ\u00eancia, ocorre o crescimento da quantidade de bact\u00e9rias presentes, o que resulta no problema. Entretanto,<strong> o surgimento dos t\u00e1rtaros, tamb\u00e9m pode ocorrer por problemas relacionados a altera\u00e7\u00f5es da saliva do paciente.<\/strong><\/p>\n\n\n\n<p>Alguns rem\u00e9dios, higieniza\u00e7\u00e3o indevida, condi\u00e7\u00f5es gen\u00e9ticas, doen\u00e7as, h\u00e1bitos alimentares, podem alterar a produ\u00e7\u00e3o de saliva, e como consequ\u00eancia, propiciar a forma\u00e7\u00e3o de c\u00e1lculos dentais.<\/p>\n\n\n\n<h3 class=\"wp-block-heading\">Complica\u00e7\u00f5es<\/h3>\n\n\n\n<p>Por ser um problema que proporciona o desenvolvimento de bact\u00e9rias, ocorre o acumulo de bact\u00e9rias no interior da boca, o que pode resultar no aparecimento de c\u00e1ries.<\/p>\n\n\n\n<p>Dessa maneira, caso n\u00e3o tratado de forma r\u00e1pida,<strong> o c\u00e1lculo dental pode resultar em complica\u00e7\u00f5es, que se n\u00e3o tratadas podem levar a perda do dente,<\/strong> e at\u00e9 mesmo, danificar o osso de sustenta\u00e7\u00e3o.<\/p>\n\n\n\n<p><strong>Outra complica\u00e7\u00e3o que pode decorrer do c\u00e1lculo dental \u00e9 o desenvolvimento de <a href=\"https:\/\/www.codental.com.br\/blog\/periodontite-avancada\/?utm_source=blog&utm_medium=referral&utm_content=calculo-dental-saiba-tudo-sobre-essa-condicao-odontologica\">periodontite<\/a>.<\/strong> Quando o problema ocorre sob a gengiva pode resultar na irrita\u00e7\u00e3o do tecido gengival, levando a uma gengivite, que se n\u00e3o tratada, pode virar periodontite.<\/p>\n\n\n\n<p>Sendo assim, a visita regular ao dentista se mostra indispens\u00e1vel, para que a identifica\u00e7\u00e3o precoce do problema possa ser feita, e o tratamento adequado seja realizado, evitando futuras complica\u00e7\u00e3o.<\/p>\n\n\n\n<h2 class=\"wp-block-heading\">Tratamento <\/h2>\n\n\n\n<p>O <strong>tratamento desse problema se da atrav\u00e9s da remo\u00e7\u00e3o e da preven\u00e7\u00e3o do surgimento do t\u00e1rtaro.<\/strong> Sendo assim, s\u00f3 \u00e9 poss\u00edvel trat\u00e1-lo a partir da remo\u00e7\u00e3o do t\u00e1rtaro.<\/p>\n\n\n\n<p>O procedimento de raspagem \u00e9 geralmente feito em conjunto com a profilaxia, que deve ser feita a cada 6 meses.<\/p>\n\n\n\n<p>A raspagem consiste na utiliza\u00e7\u00e3o da cureta. Desse modo, por meio dela, \u00e9 poss\u00edvel o efetuar a raspagem, removendo o c\u00e1lculo dental.<\/p>\n\n\n\n<p>A remo\u00e7\u00e3o do t\u00e1rtaro tamb\u00e9m pode ser realizada por ultrassom. Sendo assim, o procedimento consiste na raspagem por um aparelho que possui uma ponta que vibra em alta frequ\u00eancia, e dessa maneira remove o t\u00e1rtaro. Entretanto, por ser um aparelho emissor de ondas, \u00e9 um m\u00e9todo contraindicado para pacientes que possuem marca-passo, visto que as ondas do ultrassom podem interferir no ritmo do equipamento.<\/p>\n\n\n\n<p>Al\u00e9m da raspagem, deve-se efetuar a remo\u00e7\u00e3o da placa bacteriana para evitar a forma\u00e7\u00e3o de novos c\u00e1lculos.<\/p>\n\n\n\n<h2 class=\"wp-block-heading\">Como prevenir o c\u00e1lculo dental<\/h2>\n\n\n\n<p>Sendo um problema causado principalmente por defici\u00eancia na higieniza\u00e7\u00e3o dos dentes, a principal conduta a ser tomada, \u00e9 orientar o paciente a pr\u00e1tica de bons h\u00e1bitos de higieniza\u00e7\u00e3o, sendo eles:<\/p>\n\n\n\n<ul class=\"wp-block-list\"><li>Escovar os dentes pelo menos tr\u00eas vezes ao dia, com escova apropriada para a denti\u00e7\u00e3o;<\/li><li>Utilizar uma pasta de dente adequada;<\/li><li>Utilizar o fio dental;<\/li><li>Consumir alimentos que contribuem para a sa\u00fade bucal, al\u00e9m de se mantar sempre hidratado, bebendo bastante \u00e1gua;<\/li><li>Enxaguantes bucais s\u00e3o opcionais. Entretanto, tamb\u00e9m contribuem para a manuten\u00e7\u00e3o da sa\u00fade bucal ao matar microrganismos em locais onde a escova n\u00e3o alcan\u00e7a;<\/li><li>Escovar a l\u00edngua corretamente;<\/li><li>Visitar o dentista regularmente para realizar a profilaxia e uma avalia\u00e7\u00e3o da higiene efetuada em casa.<\/li><\/ul>\n\n\n\n<p>A partir desses cuidados, se faz poss\u00edvel evitar o aparecimento do c\u00e1lculo dental. Por\u00e9m, independente de qu\u00e3o bom seja os h\u00e1bitos alimentares do seu paciente, se faz necess\u00e1rio orient\u00e1-lo. Dessa maneira, efetuar visitas regulares ao consult\u00f3rio, a cada 6 meses, se faz indispens\u00e1vel para garantir o n\u00e3o aparecimento do problema.<\/p>\n","protected":false},"excerpt":{"rendered":"<p>O c\u00e1lculo dental, \u00e9 a calcifica\u00e7\u00e3o da placa bacteriana, sendo uma pel\u00edcula que se&#8230;<\/p>\n","protected":false},"author":16,"featured_media":2829,"comment_status":"open","ping_status":"closed","sticky":false,"template":"","format":"standard","meta":{"_target_audience":"","footnotes":""},"categories":[247],"tags":[257,256],"class_list":["post-2568","post","type-post","status-publish","format-standard","has-post-thumbnail","hentry","category-doencas-odontologicas","tag-calculo-dental","tag-tartaro-no-dente"],"yoast_head":"<!-- This site is optimized with the Yoast SEO plugin v27.2 - https:\/\/yoast.com\/product\/yoast-seo-wordpress\/ -->\n<title>C\u00e1lculo dental: saiba tudo sobre essa condi\u00e7\u00e3o odontol\u00f3gica<\/title>\n<meta name=\"description\" content=\"O c\u00e1lculo dental, \u00e9 a calcifica\u00e7\u00e3o da placa bacteriana, que se forma com frequ\u00eancia sobre os dentes e ao longo da margem gengival. Confira!\" \/>\n<meta name=\"robots\" content=\"index, follow, max-snippet:-1, max-image-preview:large, max-video-preview:-1\" \/>\n<link rel=\"canonical\" href=\"https:\/\/www.codental.com.br\/blog\/calculo-dental-saiba-tudo-sobre-essa-condicao-odontologica\/\" \/>\n<meta property=\"og:locale\" content=\"pt_BR\" \/>\n<meta property=\"og:type\" content=\"article\" \/>\n<meta property=\"og:title\" content=\"C\u00e1lculo dental: saiba tudo sobre essa condi\u00e7\u00e3o odontol\u00f3gica\" \/>\n<meta property=\"og:description\" content=\"O c\u00e1lculo dental, \u00e9 a calcifica\u00e7\u00e3o da placa bacteriana, que se forma com frequ\u00eancia sobre os dentes e ao longo da margem gengival. Confira!\" \/>\n<meta property=\"og:url\" content=\"https:\/\/www.codental.com.br\/blog\/calculo-dental-saiba-tudo-sobre-essa-condicao-odontologica\/\" \/>\n<meta property=\"og:site_name\" content=\"Codental Blog\" \/>\n<meta property=\"article:publisher\" content=\"http:\/\/www.facebook.com\/codentalbr\" \/>\n<meta property=\"article:published_time\" content=\"2023-02-21T20:00:00+00:00\" \/>\n<meta property=\"article:modified_time\" content=\"2023-02-23T18:20:32+00:00\" \/>\n<meta property=\"og:image\" content=\"https:\/\/www.codental.com.br\/blog\/wp-content\/uploads\/2023\/01\/Calculo-dental.jpg\" \/>\n\t<meta property=\"og:image:width\" content=\"1010\" \/>\n\t<meta property=\"og:image:height\" content=\"550\" \/>\n\t<meta property=\"og:image:type\" content=\"image\/jpeg\" \/>\n<meta name=\"author\" content=\"Juliana Costa\" \/>\n<meta name=\"twitter:card\" content=\"summary_large_image\" \/>\n<meta name=\"twitter:creator\" content=\"@CodentalBr\" \/>\n<meta name=\"twitter:site\" content=\"@CodentalBr\" \/>\n<meta name=\"twitter:label1\" content=\"Escrito por\" \/>\n\t<meta name=\"twitter:data1\" content=\"Juliana Costa\" \/>\n\t<meta name=\"twitter:label2\" content=\"Est. tempo de leitura\" \/>\n\t<meta name=\"twitter:data2\" content=\"6 minutos\" \/>\n<script type=\"application\/ld+json\" class=\"yoast-schema-graph\">{\"@context\":\"https:\/\/schema.org\",\"@graph\":[{\"@type\":\"Article\",\"@id\":\"https:\/\/www.codental.com.br\/blog\/calculo-dental-saiba-tudo-sobre-essa-condicao-odontologica\/#article\",\"isPartOf\":{\"@id\":\"https:\/\/www.codental.com.br\/blog\/calculo-dental-saiba-tudo-sobre-essa-condicao-odontologica\/\"},\"author\":{\"name\":\"Juliana Costa\",\"@id\":\"https:\/\/www.codental.com.br\/blog\/#\/schema\/person\/5d75a676c9e6f6bbbe61623d4d068ad7\"},\"headline\":\"C\u00e1lculo dental: saiba tudo sobre essa condi\u00e7\u00e3o odontol\u00f3gica\",\"datePublished\":\"2023-02-21T20:00:00+00:00\",\"dateModified\":\"2023-02-23T18:20:32+00:00\",\"mainEntityOfPage\":{\"@id\":\"https:\/\/www.codental.com.br\/blog\/calculo-dental-saiba-tudo-sobre-essa-condicao-odontologica\/\"},\"wordCount\":1223,\"commentCount\":0,\"publisher\":{\"@id\":\"https:\/\/www.codental.com.br\/blog\/#organization\"},\"image\":{\"@id\":\"https:\/\/www.codental.com.br\/blog\/calculo-dental-saiba-tudo-sobre-essa-condicao-odontologica\/#primaryimage\"},\"thumbnailUrl\":\"https:\/\/www.codental.com.br\/blog\/wp-content\/uploads\/2023\/01\/Calculo-dental.jpg\",\"keywords\":[\"c\u00e1lculo dental\",\"T\u00e1rtaro no dente\"],\"articleSection\":[\"Doen\u00e7as odontol\u00f3gicas\"],\"inLanguage\":\"pt-BR\",\"potentialAction\":[{\"@type\":\"CommentAction\",\"name\":\"Comment\",\"target\":[\"https:\/\/www.codental.com.br\/blog\/calculo-dental-saiba-tudo-sobre-essa-condicao-odontologica\/#respond\"]}]},{\"@type\":\"WebPage\",\"@id\":\"https:\/\/www.codental.com.br\/blog\/calculo-dental-saiba-tudo-sobre-essa-condicao-odontologica\/\",\"url\":\"https:\/\/www.codental.com.br\/blog\/calculo-dental-saiba-tudo-sobre-essa-condicao-odontologica\/\",\"name\":\"C\u00e1lculo dental: saiba tudo sobre essa condi\u00e7\u00e3o odontol\u00f3gica\",\"isPartOf\":{\"@id\":\"https:\/\/www.codental.com.br\/blog\/#website\"},\"primaryImageOfPage\":{\"@id\":\"https:\/\/www.codental.com.br\/blog\/calculo-dental-saiba-tudo-sobre-essa-condicao-odontologica\/#primaryimage\"},\"image\":{\"@id\":\"https:\/\/www.codental.com.br\/blog\/calculo-dental-saiba-tudo-sobre-essa-condicao-odontologica\/#primaryimage\"},\"thumbnailUrl\":\"https:\/\/www.codental.com.br\/blog\/wp-content\/uploads\/2023\/01\/Calculo-dental.jpg\",\"datePublished\":\"2023-02-21T20:00:00+00:00\",\"dateModified\":\"2023-02-23T18:20:32+00:00\",\"description\":\"O c\u00e1lculo dental, \u00e9 a calcifica\u00e7\u00e3o da placa bacteriana, que se forma com frequ\u00eancia sobre os dentes e ao longo da margem gengival. Confira!\",\"breadcrumb\":{\"@id\":\"https:\/\/www.codental.com.br\/blog\/calculo-dental-saiba-tudo-sobre-essa-condicao-odontologica\/#breadcrumb\"},\"inLanguage\":\"pt-BR\",\"potentialAction\":[{\"@type\":\"ReadAction\",\"target\":[\"https:\/\/www.codental.com.br\/blog\/calculo-dental-saiba-tudo-sobre-essa-condicao-odontologica\/\"]}]},{\"@type\":\"ImageObject\",\"inLanguage\":\"pt-BR\",\"@id\":\"https:\/\/www.codental.com.br\/blog\/calculo-dental-saiba-tudo-sobre-essa-condicao-odontologica\/#primaryimage\",\"url\":\"https:\/\/www.codental.com.br\/blog\/wp-content\/uploads\/2023\/01\/Calculo-dental.jpg\",\"contentUrl\":\"https:\/\/www.codental.com.br\/blog\/wp-content\/uploads\/2023\/01\/Calculo-dental.jpg\",\"width\":1010,\"height\":550,\"caption\":\"Calculo dental\"},{\"@type\":\"BreadcrumbList\",\"@id\":\"https:\/\/www.codental.com.br\/blog\/calculo-dental-saiba-tudo-sobre-essa-condicao-odontologica\/#breadcrumb\",\"itemListElement\":[{\"@type\":\"ListItem\",\"position\":1,\"name\":\"In\u00edcio\",\"item\":\"https:\/\/www.codental.com.br\/blog\/\"},{\"@type\":\"ListItem\",\"position\":2,\"name\":\"C\u00e1lculo dental: saiba tudo sobre essa condi\u00e7\u00e3o odontol\u00f3gica\"}]},{\"@type\":\"WebSite\",\"@id\":\"https:\/\/www.codental.com.br\/blog\/#website\",\"url\":\"https:\/\/www.codental.com.br\/blog\/\",\"name\":\"Codental Blog\",\"description\":\"Artigos e not\u00edcias sobre odontologia\",\"publisher\":{\"@id\":\"https:\/\/www.codental.com.br\/blog\/#organization\"},\"potentialAction\":[{\"@type\":\"SearchAction\",\"target\":{\"@type\":\"EntryPoint\",\"urlTemplate\":\"https:\/\/www.codental.com.br\/blog\/?s={search_term_string}\"},\"query-input\":{\"@type\":\"PropertyValueSpecification\",\"valueRequired\":true,\"valueName\":\"search_term_string\"}}],\"inLanguage\":\"pt-BR\"},{\"@type\":\"Organization\",\"@id\":\"https:\/\/www.codental.com.br\/blog\/#organization\",\"name\":\"Codental\",\"url\":\"https:\/\/codental.com.br\/\",\"logo\":{\"@type\":\"ImageObject\",\"inLanguage\":\"pt-BR\",\"@id\":\"https:\/\/www.codental.com.br\/blog\/#\/schema\/logo\/image\/\",\"url\":\"https:\/\/www.codental.com.br\/blog\/wp-content\/uploads\/2018\/10\/logo.png\",\"contentUrl\":\"https:\/\/www.codental.com.br\/blog\/wp-content\/uploads\/2018\/10\/logo.png\",\"width\":1200,\"height\":300,\"caption\":\"Codental\"},\"image\":{\"@id\":\"https:\/\/www.codental.com.br\/blog\/#\/schema\/logo\/image\/\"},\"sameAs\":[\"http:\/\/www.facebook.com\/codentalbr\",\"https:\/\/x.com\/CodentalBr\",\"https:\/\/www.instagram.com\/codentalbr\/\"]},{\"@type\":\"Person\",\"@id\":\"https:\/\/www.codental.com.br\/blog\/#\/schema\/person\/5d75a676c9e6f6bbbe61623d4d068ad7\",\"name\":\"Juliana Costa\",\"image\":{\"@type\":\"ImageObject\",\"inLanguage\":\"pt-BR\",\"@id\":\"https:\/\/www.codental.com.br\/blog\/wp-content\/uploads\/2022\/11\/WhatsApp-Image-2022-10-27-at-08.36.04-343x240.jpeg\",\"url\":\"https:\/\/www.codental.com.br\/blog\/wp-content\/uploads\/2022\/11\/WhatsApp-Image-2022-10-27-at-08.36.04-343x240.jpeg\",\"contentUrl\":\"https:\/\/www.codental.com.br\/blog\/wp-content\/uploads\/2022\/11\/WhatsApp-Image-2022-10-27-at-08.36.04-343x240.jpeg\",\"caption\":\"Juliana Costa\"},\"description\":\"Mineira, 28 anos. Redatora e revisora do blog do Codental. Estudante de nutri\u00e7\u00e3o, apaixonada por ci\u00eancia, arte, bons livros e chocolate. Casada e m\u00e3e de uma doce menininha, acredita que o melhor da vida \u00e9 poder compartilhar bons momentos entre amigos e fam\u00edlia!\",\"sameAs\":[\"https:\/\/www.instagram.com\/juliana_costa\/\"],\"url\":\"https:\/\/www.codental.com.br\/blog\/author\/juliana\/\"}]}<\/script>\n<!-- \/ Yoast SEO plugin. -->","yoast_head_json":{"title":"C\u00e1lculo dental: saiba tudo sobre essa condi\u00e7\u00e3o odontol\u00f3gica","description":"O c\u00e1lculo dental, \u00e9 a calcifica\u00e7\u00e3o da placa bacteriana, que se forma com frequ\u00eancia sobre os dentes e ao longo da margem gengival. Confira!","robots":{"index":"index","follow":"follow","max-snippet":"max-snippet:-1","max-image-preview":"max-image-preview:large","max-video-preview":"max-video-preview:-1"},"canonical":"https:\/\/www.codental.com.br\/blog\/calculo-dental-saiba-tudo-sobre-essa-condicao-odontologica\/","og_locale":"pt_BR","og_type":"article","og_title":"C\u00e1lculo dental: saiba tudo sobre essa condi\u00e7\u00e3o odontol\u00f3gica","og_description":"O c\u00e1lculo dental, \u00e9 a calcifica\u00e7\u00e3o da placa bacteriana, que se forma com frequ\u00eancia sobre os dentes e ao longo da margem gengival. Confira!","og_url":"https:\/\/www.codental.com.br\/blog\/calculo-dental-saiba-tudo-sobre-essa-condicao-odontologica\/","og_site_name":"Codental Blog","article_publisher":"http:\/\/www.facebook.com\/codentalbr","article_published_time":"2023-02-21T20:00:00+00:00","article_modified_time":"2023-02-23T18:20:32+00:00","og_image":[{"width":1010,"height":550,"url":"https:\/\/www.codental.com.br\/blog\/wp-content\/uploads\/2023\/01\/Calculo-dental.jpg","type":"image\/jpeg"}],"author":"Juliana Costa","twitter_card":"summary_large_image","twitter_creator":"@CodentalBr","twitter_site":"@CodentalBr","twitter_misc":{"Escrito por":"Juliana Costa","Est. tempo de leitura":"6 minutos"},"schema":{"@context":"https:\/\/schema.org","@graph":[{"@type":"Article","@id":"https:\/\/www.codental.com.br\/blog\/calculo-dental-saiba-tudo-sobre-essa-condicao-odontologica\/#article","isPartOf":{"@id":"https:\/\/www.codental.com.br\/blog\/calculo-dental-saiba-tudo-sobre-essa-condicao-odontologica\/"},"author":{"name":"Juliana Costa","@id":"https:\/\/www.codental.com.br\/blog\/#\/schema\/person\/5d75a676c9e6f6bbbe61623d4d068ad7"},"headline":"C\u00e1lculo dental: saiba tudo sobre essa condi\u00e7\u00e3o odontol\u00f3gica","datePublished":"2023-02-21T20:00:00+00:00","dateModified":"2023-02-23T18:20:32+00:00","mainEntityOfPage":{"@id":"https:\/\/www.codental.com.br\/blog\/calculo-dental-saiba-tudo-sobre-essa-condicao-odontologica\/"},"wordCount":1223,"commentCount":0,"publisher":{"@id":"https:\/\/www.codental.com.br\/blog\/#organization"},"image":{"@id":"https:\/\/www.codental.com.br\/blog\/calculo-dental-saiba-tudo-sobre-essa-condicao-odontologica\/#primaryimage"},"thumbnailUrl":"https:\/\/www.codental.com.br\/blog\/wp-content\/uploads\/2023\/01\/Calculo-dental.jpg","keywords":["c\u00e1lculo dental","T\u00e1rtaro no dente"],"articleSection":["Doen\u00e7as odontol\u00f3gicas"],"inLanguage":"pt-BR","potentialAction":[{"@type":"CommentAction","name":"Comment","target":["https:\/\/www.codental.com.br\/blog\/calculo-dental-saiba-tudo-sobre-essa-condicao-odontologica\/#respond"]}]},{"@type":"WebPage","@id":"https:\/\/www.codental.com.br\/blog\/calculo-dental-saiba-tudo-sobre-essa-condicao-odontologica\/","url":"https:\/\/www.codental.com.br\/blog\/calculo-dental-saiba-tudo-sobre-essa-condicao-odontologica\/","name":"C\u00e1lculo dental: saiba tudo sobre essa condi\u00e7\u00e3o odontol\u00f3gica","isPartOf":{"@id":"https:\/\/www.codental.com.br\/blog\/#website"},"primaryImageOfPage":{"@id":"https:\/\/www.codental.com.br\/blog\/calculo-dental-saiba-tudo-sobre-essa-condicao-odontologica\/#primaryimage"},"image":{"@id":"https:\/\/www.codental.com.br\/blog\/calculo-dental-saiba-tudo-sobre-essa-condicao-odontologica\/#primaryimage"},"thumbnailUrl":"https:\/\/www.codental.com.br\/blog\/wp-content\/uploads\/2023\/01\/Calculo-dental.jpg","datePublished":"2023-02-21T20:00:00+00:00","dateModified":"2023-02-23T18:20:32+00:00","description":"O c\u00e1lculo dental, \u00e9 a calcifica\u00e7\u00e3o da placa bacteriana, que se forma com frequ\u00eancia sobre os dentes e ao longo da margem gengival. Confira!","breadcrumb":{"@id":"https:\/\/www.codental.com.br\/blog\/calculo-dental-saiba-tudo-sobre-essa-condicao-odontologica\/#breadcrumb"},"inLanguage":"pt-BR","potentialAction":[{"@type":"ReadAction","target":["https:\/\/www.codental.com.br\/blog\/calculo-dental-saiba-tudo-sobre-essa-condicao-odontologica\/"]}]},{"@type":"ImageObject","inLanguage":"pt-BR","@id":"https:\/\/www.codental.com.br\/blog\/calculo-dental-saiba-tudo-sobre-essa-condicao-odontologica\/#primaryimage","url":"https:\/\/www.codental.com.br\/blog\/wp-content\/uploads\/2023\/01\/Calculo-dental.jpg","contentUrl":"https:\/\/www.codental.com.br\/blog\/wp-content\/uploads\/2023\/01\/Calculo-dental.jpg","width":1010,"height":550,"caption":"Calculo dental"},{"@type":"BreadcrumbList","@id":"https:\/\/www.codental.com.br\/blog\/calculo-dental-saiba-tudo-sobre-essa-condicao-odontologica\/#breadcrumb","itemListElement":[{"@type":"ListItem","position":1,"name":"In\u00edcio","item":"https:\/\/www.codental.com.br\/blog\/"},{"@type":"ListItem","position":2,"name":"C\u00e1lculo dental: saiba tudo sobre essa condi\u00e7\u00e3o odontol\u00f3gica"}]},{"@type":"WebSite","@id":"https:\/\/www.codental.com.br\/blog\/#website","url":"https:\/\/www.codental.com.br\/blog\/","name":"Codental Blog","description":"Artigos e not\u00edcias sobre odontologia","publisher":{"@id":"https:\/\/www.codental.com.br\/blog\/#organization"},"potentialAction":[{"@type":"SearchAction","target":{"@type":"EntryPoint","urlTemplate":"https:\/\/www.codental.com.br\/blog\/?s={search_term_string}"},"query-input":{"@type":"PropertyValueSpecification","valueRequired":true,"valueName":"search_term_string"}}],"inLanguage":"pt-BR"},{"@type":"Organization","@id":"https:\/\/www.codental.com.br\/blog\/#organization","name":"Codental","url":"https:\/\/codental.com.br\/","logo":{"@type":"ImageObject","inLanguage":"pt-BR","@id":"https:\/\/www.codental.com.br\/blog\/#\/schema\/logo\/image\/","url":"https:\/\/www.codental.com.br\/blog\/wp-content\/uploads\/2018\/10\/logo.png","contentUrl":"https:\/\/www.codental.com.br\/blog\/wp-content\/uploads\/2018\/10\/logo.png","width":1200,"height":300,"caption":"Codental"},"image":{"@id":"https:\/\/www.codental.com.br\/blog\/#\/schema\/logo\/image\/"},"sameAs":["http:\/\/www.facebook.com\/codentalbr","https:\/\/x.com\/CodentalBr","https:\/\/www.instagram.com\/codentalbr\/"]},{"@type":"Person","@id":"https:\/\/www.codental.com.br\/blog\/#\/schema\/person\/5d75a676c9e6f6bbbe61623d4d068ad7","name":"Juliana Costa","image":{"@type":"ImageObject","inLanguage":"pt-BR","@id":"https:\/\/www.codental.com.br\/blog\/wp-content\/uploads\/2022\/11\/WhatsApp-Image-2022-10-27-at-08.36.04-343x240.jpeg","url":"https:\/\/www.codental.com.br\/blog\/wp-content\/uploads\/2022\/11\/WhatsApp-Image-2022-10-27-at-08.36.04-343x240.jpeg","contentUrl":"https:\/\/www.codental.com.br\/blog\/wp-content\/uploads\/2022\/11\/WhatsApp-Image-2022-10-27-at-08.36.04-343x240.jpeg","caption":"Juliana Costa"},"description":"Mineira, 28 anos. Redatora e revisora do blog do Codental. Estudante de nutri\u00e7\u00e3o, apaixonada por ci\u00eancia, arte, bons livros e chocolate. Casada e m\u00e3e de uma doce menininha, acredita que o melhor da vida \u00e9 poder compartilhar bons momentos entre amigos e fam\u00edlia!","sameAs":["https:\/\/www.instagram.com\/juliana_costa\/"],"url":"https:\/\/www.codental.com.br\/blog\/author\/juliana\/"}]}},"_links":{"self":[{"href":"https:\/\/www.codental.com.br\/blog\/wp-json\/wp\/v2\/posts\/2568","targetHints":{"allow":["GET"]}}],"collection":[{"href":"https:\/\/www.codental.com.br\/blog\/wp-json\/wp\/v2\/posts"}],"about":[{"href":"https:\/\/www.codental.com.br\/blog\/wp-json\/wp\/v2\/types\/post"}],"author":[{"embeddable":true,"href":"https:\/\/www.codental.com.br\/blog\/wp-json\/wp\/v2\/users\/16"}],"replies":[{"embeddable":true,"href":"https:\/\/www.codental.com.br\/blog\/wp-json\/wp\/v2\/comments?post=2568"}],"version-history":[{"count":4,"href":"https:\/\/www.codental.com.br\/blog\/wp-json\/wp\/v2\/posts\/2568\/revisions"}],"predecessor-version":[{"id":2861,"href":"https:\/\/www.codental.com.br\/blog\/wp-json\/wp\/v2\/posts\/2568\/revisions\/2861"}],"wp:featuredmedia":[{"embeddable":true,"href":"https:\/\/www.codental.com.br\/blog\/wp-json\/wp\/v2\/media\/2829"}],"wp:attachment":[{"href":"https:\/\/www.codental.com.br\/blog\/wp-json\/wp\/v2\/media?parent=2568"}],"wp:term":[{"taxonomy":"category","embeddable":true,"href":"https:\/\/www.codental.com.br\/blog\/wp-json\/wp\/v2\/categories?post=2568"},{"taxonomy":"post_tag","embeddable":true,"href":"https:\/\/www.codental.com.br\/blog\/wp-json\/wp\/v2\/tags?post=2568"}],"curies":[{"name":"wp","href":"https:\/\/api.w.org\/{rel}","templated":true}]}}