{"id":2549,"date":"2023-02-18T17:00:00","date_gmt":"2023-02-18T20:00:00","guid":{"rendered":"https:\/\/www.codental.com.br\/blog\/?p=2549"},"modified":"2024-06-07T07:35:27","modified_gmt":"2024-06-07T10:35:27","slug":"boqueira-o-que-e-como-tratar-e-prevenir","status":"publish","type":"post","link":"https:\/\/www.codental.com.br\/blog\/boqueira-o-que-e-como-tratar-e-prevenir\/","title":{"rendered":"Boqueira: o que \u00e9, como tratar e prevenir"},"content":{"rendered":"\n<p>A queilite angular, tamb\u00e9m conhecida popularmente como <strong>boqueira, \u00e9 uma ferida pequena nos cantos da boca que causam bastante incomodo<\/strong>. Esse artigo ir\u00e1 abordar tudo o que voc\u00ea precisa saber para prevenir ou tratar essa dermatose.&nbsp;<\/p>\n\n\n\n<h2 class=\"wp-block-heading\">O que \u00e9 a boqueira?<\/h2>\n\n\n\n<figure class=\"wp-block-image aligncenter size-full\"><img loading=\"lazy\" decoding=\"async\" width=\"338\" height=\"180\" src=\"https:\/\/www.codental.com.br\/blog\/wp-content\/uploads\/2023\/06\/boqueira-1.jpg\" alt=\"\" class=\"wp-image-3859\" srcset=\"https:\/\/www.codental.com.br\/blog\/wp-content\/uploads\/2023\/06\/boqueira-1.jpg 338w, https:\/\/www.codental.com.br\/blog\/wp-content\/uploads\/2023\/06\/boqueira-1-336x179.jpg 336w\" sizes=\"auto, (max-width: 338px) 100vw, 338px\" \/><figcaption class=\"wp-element-caption\">Boqueira<\/figcaption><\/figure>\n\n\n\n<p>Primeiramente \u00e9 preciso entender o que \u00e9 uma boqueira. Ela possui alguns sin\u00f4nimos como: perl\u00e9che, comissurite labial, queilite angular, sendo caracterizada como uma pequena rachadura ou ferida no canto da boca, que poder ser uni ou bilateral, e ter ou n\u00e3o contamina\u00e7\u00e3o de fungos ou bact\u00e9rias.&nbsp;<\/p>\n\n\n\n<p>A <strong>boqueira \u00e9 uma manifesta\u00e7\u00e3o de um processo inflamat\u00f3rio que pode ter sido causado por diversos fatores <\/strong>que ser\u00e3o citados nesse artigo. A queilite angular \u00e9 uma dermatose considerada comum, mas se n\u00e3o tiver o tratamento correto pode acabar se tornando cr\u00f4nica.&nbsp;<\/p>\n\n\n\n<h2 class=\"wp-block-heading\">Qual \u00e9 a causa da boqueira?&nbsp;<\/h2>\n\n\n\n<p><strong>A queilite angular, na maioria das vezes, est\u00e1 relacionada a um ou mais fatores, sendo o principal deles, o excesso de saliva acumulada nos cantos da boca.<\/strong> Essa saliva traz uma umidade a pele por um tempo prolongado, que, consequentemente, provoca uma inflama\u00e7\u00e3o, favorecendo a prolifera\u00e7\u00e3o de fungos.&nbsp;<\/p>\n\n\n\n<p><strong>A boqueira, apesar de acometer mais a faixa et\u00e1ria dos idosos, tamb\u00e9m afetam crian\u00e7as e adolescentes. <\/strong>Sendo assim, acompanhe as situa\u00e7\u00f5es e h\u00e1bitos que s\u00e3o consideradas de risco e podem ser identificados na <a href=\"https:\/\/www.codental.com.br\/blog\/anamnese-odontologica-como-construir-uma-ficha-completa\/?utm_source=blog&utm_medium=referral&utm_content=boqueira-o-que-e-como-tratar-e-prevenir\" target=\"_blank\" rel=\"noreferrer noopener\"><strong><u>anamnese<\/u><\/strong><\/a> pelo dentista:<\/p>\n\n\n\n<ul class=\"wp-block-list\">\n<li><strong>Uso de pr\u00f3tese dent\u00e1ria<\/strong>: Os idosos s\u00e3o o grupo que possui maior n\u00famero de casos de boqueira. Isso pode acontecer devido \u00e0 maior flacidez facial, que acontece naturalmente com o envelhecimento. Essa flacidez altera a angula\u00e7\u00e3o da pele da boca, favorecendo o ac\u00famulo de saliva no local e o aparecimento de feridas no canto da boca.&nbsp;<\/li>\n<\/ul>\n\n\n\n<p>Al\u00e9m disso, devido \u00e0 perda dos dentes, situa\u00e7\u00e3o que acomete muitos idosos, e, assim, a maioria utiliza pr\u00f3tese, que, se mal adaptadas, podem tamb\u00e9m causar a boqueira.<\/p>\n\n\n\n<ul class=\"wp-block-list\">\n<li><strong>Uso de aparelhos odontol\u00f3gicos<\/strong>: Principalmente no in\u00edcio do tratamento com aparelhos odontol\u00f3gicos, pacientes relatam o aparecimento de aftas e lacera\u00e7\u00f5es na boca, como a boqueira.&nbsp;<\/li>\n\n\n\n<li><strong>L\u00e1bios ressecados<\/strong>: Ficar com l\u00e1bios ressecados, al\u00e9m de favorecer o aparecimento de feridas, faz com que o individuo crie o h\u00e1bito de lamber os l\u00e1bios. Isso far\u00e1 com que ocorra ac\u00famulo de saliva, favorecendo a boqueira.<\/li>\n\n\n\n<li><strong>Defici\u00eancia de vitaminas e mineiras:<\/strong> A falta de vitaminas do complexo B e ferro, por exemplo, abaixa a imunidade, deixando mais propenso o surgimento de feridas e prolifera\u00e7\u00e3o de germes.<\/li>\n\n\n\n<li><strong>Drogas: <\/strong>A queilite angular pode ser um efeito colateral do uso de algumas drogas, por conta de mecanismos como a xerostomia induzida por elas.<\/li>\n<\/ul>\n\n\n\n<h2 class=\"wp-block-heading\">Quais os sintomas da queilite angular?&nbsp;<\/h2>\n\n\n\n<figure class=\"wp-block-image aligncenter size-full\"><img loading=\"lazy\" decoding=\"async\" width=\"225\" height=\"180\" src=\"https:\/\/www.codental.com.br\/blog\/wp-content\/uploads\/2023\/06\/sintomas-boqueira.jpg\" alt=\"\" class=\"wp-image-3863\"\/><figcaption class=\"wp-element-caption\">Boqueira sintomas<\/figcaption><\/figure>\n\n\n\n<p>\u00c9 muito importante que tanto o profissional, quanto o paciente, saiba os sintomas para come\u00e7ar o tratamento quanto antes. Os principais sintomas da boqueira s\u00e3o:<\/p>\n\n\n\n<ul class=\"wp-block-list\">\n<li>Vermelhid\u00e3o na \u00e1rea<\/li>\n\n\n\n<li>Dor ao abrir a boca<\/li>\n\n\n\n<li>Sensa\u00e7\u00e3o de ardor<\/li>\n\n\n\n<li>Crosta no canto da boca<\/li>\n\n\n\n<li>Pequenas rachaduras no canto da boca<\/li>\n\n\n\n<li>Aumento da sensibilidade do canto da boca<\/li>\n\n\n\n<li>Descama\u00e7\u00e3o nos cantos da boca<\/li>\n\n\n\n<li>Sensibilidade ao comer alguns alimentos, como alimentos ricos em a\u00e7\u00facar e \u00e1cidos.<\/li>\n<\/ul>\n\n\n\n<p>Vale ressaltar, tamb\u00e9m, que <strong>as les\u00f5es da boqueira n\u00e3o costumam sangrar, e os sintomas podem persistir por diferentes per\u00edodos em cada paciente.&nbsp;<\/strong><\/p>\n\n\n\n<h2 class=\"wp-block-heading\"><strong>Como tratar a boqueira?&nbsp;<\/strong><\/h2>\n\n\n\n<figure class=\"wp-block-image aligncenter size-full\"><img loading=\"lazy\" decoding=\"async\" width=\"270\" height=\"180\" src=\"https:\/\/www.codental.com.br\/blog\/wp-content\/uploads\/2023\/06\/tratamento-boqueira.jpg\" alt=\"\" class=\"wp-image-3861\"\/><figcaption class=\"wp-element-caption\">Tratamento para boqueira<\/figcaption><\/figure>\n\n\n\n<p>Primeiramente, \u00e9 muito importante para o sucesso do tratamento, identificar os principais fatores causadores, para assim, conseguir curar a boqueira. Dessa forma, cada fator de risco pode ter um tratamento mais eficaz, s\u00e3o exemplos:&nbsp;<\/p>\n\n\n\n<ul class=\"wp-block-list\">\n<li><strong>Uso de pomadas e cremes<\/strong><\/li>\n<\/ul>\n\n\n\n<p>A composi\u00e7\u00e3o do creme vai depender da presen\u00e7a de fungos e bact\u00e9rias. Em caso de fungos, pomadas com nistatina, miconazol ou clotrimazol s\u00e3o alguns exemplos. Em caso da presen\u00e7a de bact\u00e9rias, a mupirocina \u00e9 uma pomada muito utilizada.&nbsp;<\/p>\n\n\n\n<p>Entretanto, se ap\u00f3s investigado constatar n\u00e3o haver presen\u00e7a de fungos, dever\u00e3o ser utilizadas pomadas para hidratar a \u00e1rea, como manteiga de cacau, e com a\u00e7\u00e3o anti-flamat\u00f3ria, como: cremes a base de&nbsp;\u00d3xido de Zinco, vaselina ou Omcilon-A Orabase.<\/p>\n\n\n\n<p>Os tratamentos costumam durar de 1 a 3 semanas.<\/p>\n\n\n\n<ul class=\"wp-block-list\">\n<li><strong>Enxaguantes bucais&nbsp;<\/strong><\/li>\n<\/ul>\n\n\n\n<p>Devido \u00e0 presen\u00e7a de digluconato de&nbsp;clorexidina na composi\u00e7\u00e3o de alguns enxaguantes bucais, sua a\u00e7\u00e3o antiss\u00e9ptica ajuda, principalmente, a reduzir a quantidade de bact\u00e9rias nocivas, favorecendo, consequentemente, a cicatriza\u00e7\u00e3o das feridas e o desaparecimento da boqueira. Entretanto, \u00e9 muito importante que o profissional oriente seu paciente em rela\u00e7\u00e3o ao melhor produto, devido \u00e0 diferen\u00e7a dos compostos no mercado.&nbsp;<\/p>\n\n\n\n<ul class=\"wp-block-list\">\n<li><strong>Alimentos cicatrizantes<\/strong><\/li>\n<\/ul>\n\n\n\n<p>Cuidar dos alimentos ingeridos durante esse per\u00edodo tamb\u00e9m pode ajudar bastante na cicatriza\u00e7\u00e3o da ferida e no tratamento da queilite angular.&nbsp;<\/p>\n\n\n\n<ul class=\"wp-block-list\">\n<li><strong>Suplementa\u00e7\u00e3o<\/strong><\/li>\n<\/ul>\n\n\n\n<p>Al\u00e9m da import\u00e2ncia da alimenta\u00e7\u00e3o saud\u00e1vel, em caso de defici\u00eancia nutricional, pode ser necess\u00e1rio a suplementa\u00e7\u00e3o para tratar a boqueira. Portanto, as principais vitaminas s\u00e3o B12, ferro ou \u00e1cido f\u00f3lico.&nbsp;<\/p>\n\n\n\n<ul class=\"wp-block-list\">\n<li><strong>Ajuste da pr\u00f3tese ou aparelho dent\u00e1rio<\/strong><\/li>\n<\/ul>\n\n\n\n<p>Como uma das causas das feridas de canto da boca pode ser pr\u00f3teses ou uso de aparelhos ortod\u00f4nticos, o dentista deve analisar, nas consultas, se eles est\u00e3o corretamente adaptadas a arcada dent\u00e1ria do paciente e, caso necess\u00e1rio, realizar os ajustes, podendo resolver e prevenir os sintomas apenas com essa a\u00e7\u00e3o.&nbsp;<\/p>\n\n\n\n<h2 class=\"wp-block-heading\">O que piora a boqueira?<\/h2>\n\n\n\n<p>Da mesma maneira que alguns alimentos ajudam na cicatriza\u00e7\u00e3o da boqueira, outros ir\u00e3o piorar e devem ser evitados. Isso acontece, pois o aumento do n\u00edvel de acidez do sangue devido aos alimentos \u00e1cidos, debilitam o sistema imune, aumentando as chances do surgimento de doen\u00e7as e crescimento de fungos e bact\u00e9rias.<\/p>\n\n\n\n<p>Sendo assim, alimentos como ameixas, mariscos, bebidas como refrigerantes, sucos industrializados, vinhos, ketchup, mostarda, vinagre, carne processada como lingui\u00e7a, salsicha, e os demais,&nbsp;devem ser evitados durante o per\u00edodo de tratamento da boqueira.<\/p>\n\n\n\n<p>Aliado a isso, <strong>o paciente passar a l\u00edngua e saliva nas feridas, tamb\u00e9m piorar\u00e1 a boqueira e aumentar\u00e1 o tempo de cicatriza\u00e7\u00e3o.<\/strong> Logo, orient\u00e1-lo acerca disso \u00e9 imprescind\u00edvel.<\/p>\n\n\n\n<h2 class=\"wp-block-heading\">Boqueira \u00e9 contagiosa?<\/h2>\n\n\n\n<p>Por conta da ferida ter chances de conter fungos e bact\u00e9rias h\u00e1 sim um risco de cont\u00e1gio. Portanto, o individuo que estiver com a queilite angular n\u00e3o deve compartilhar copos, toalhas, talheres, etc. Logo, tamb\u00e9m n\u00e3o pode beijar ningu\u00e9m para n\u00e3o contaminar outra pessoa.&nbsp;<\/p>\n\n\n\n<h2 class=\"wp-block-heading\">Quais os tipos de queilite angular?<\/h2>\n\n\n\n<figure class=\"wp-block-image aligncenter size-full\"><img loading=\"lazy\" decoding=\"async\" width=\"349\" height=\"180\" src=\"https:\/\/www.codental.com.br\/blog\/wp-content\/uploads\/2023\/06\/queilite-angular.jpg\" alt=\"\" class=\"wp-image-3862\" srcset=\"https:\/\/www.codental.com.br\/blog\/wp-content\/uploads\/2023\/06\/queilite-angular.jpg 349w, https:\/\/www.codental.com.br\/blog\/wp-content\/uploads\/2023\/06\/queilite-angular-336x173.jpg 336w\" sizes=\"auto, (max-width: 349px) 100vw, 349px\" \/><figcaption class=\"wp-element-caption\">Queilite angular<\/figcaption><\/figure>\n\n\n\n<p>A primeira classifica\u00e7\u00e3o da boqueira est\u00e1 relacionada com a sua recorr\u00eancia. Dessa forma, se as feridas no canto da boca ocorrerem repentinamente e com sintomas mais fortes, estamos nos referindo de um quadro agudo. Entretanto, caso a ferida no canto dos l\u00e1bios apare\u00e7a e desapare\u00e7a v\u00e1rias vezes pela vida, causando fissuras dolorosas, se trata de uma condi\u00e7\u00e3o cr\u00f4nica.<\/p>\n\n\n\n<p>A boqueira ainda \u00e9 classificada em tr\u00eas tipos, dependendo de suas causas. Dessa forma, as les\u00f5es no canto da boca podem ser:<\/p>\n\n\n\n<p><strong>De contato:<\/strong> sendo uma forma de alergia de contato.<\/p>\n\n\n\n<p><strong>Microbiana: <\/strong>ocorre devido \u00e0 presen\u00e7a de microorganismos presentes no canto da boca.<\/p>\n\n\n\n<p><strong>Solar:<\/strong> aparece em indiv\u00edduos muito sens\u00edveis ao sol, surgindo geralmente desde a inf\u00e2ncia. Al\u00e9m disso, mudan\u00e7as extremas de temperaturas tamb\u00e9m causam o problema.<\/p>\n\n\n\n<p>Existem alguns tipos de feridas confundidas com a boqueira e \u00e9 importante saber diferenciar para efetuar o correto diagn\u00f3stico. Dito isso, estas se diferenciam como:<\/p>\n\n\n\n<ul class=\"wp-block-list\">\n<li><strong>Feridas com bolhas<\/strong>: As bolhas formadas por um l\u00edquido transparente s\u00e3o caracter\u00edstica da <a href=\"https:\/\/www.codental.com.br\/blog\/herpes-labial-causas-sintomas-e-tratamento\/?utm_source=blog&utm_medium=referral&utm_content=boqueira-o-que-e-como-tratar-e-prevenir\">Herpes labial<\/a>. Esta tamb\u00e9m \u00e9 uma doen\u00e7a infecciosa, por\u00e9m, diferentemente da boqueira, \u00e9 provocada por um v\u00edrus.<\/li>\n\n\n\n<li><strong>Ferida branca: <\/strong>Esse tipo de ferida \u00e9 sinal de candid\u00edase oral. Esta, pode estar acompanhada de placas esbranqui\u00e7adas e aftas na l\u00edngua, com origem f\u00fangica, caracter\u00edsticas diferentes da queilite angular.&nbsp;<\/li>\n<\/ul>\n\n\n\n<h2 class=\"wp-block-heading\">Como prevenir as feridas no canto da boca&nbsp;<\/h2>\n\n\n\n<figure class=\"wp-block-image aligncenter size-full\"><img loading=\"lazy\" decoding=\"async\" width=\"360\" height=\"180\" src=\"https:\/\/www.codental.com.br\/blog\/wp-content\/uploads\/2023\/06\/feridas-na-boca.jpg\" alt=\"\" class=\"wp-image-3864\" srcset=\"https:\/\/www.codental.com.br\/blog\/wp-content\/uploads\/2023\/06\/feridas-na-boca.jpg 360w, https:\/\/www.codental.com.br\/blog\/wp-content\/uploads\/2023\/06\/feridas-na-boca-336x168.jpg 336w\" sizes=\"auto, (max-width: 360px) 100vw, 360px\" \/><figcaption class=\"wp-element-caption\">Feridas no canto da boca<\/figcaption><\/figure>\n\n\n\n<p>Mais importante que saber como diagnosticar e curar a boqueira, \u00e9 passar as medidas de preven\u00e7\u00e3o para o seu paciente. \u00c9 de extrema relev\u00e2ncia que os profissionais sempre orientem seus pacientes acerca do tema. Dessa forma, algumas dicas s\u00e3o:&nbsp;<\/p>\n\n\n\n<ul class=\"wp-block-list\">\n<li>N\u00e3o lubrificar a boca com saliva<\/li>\n\n\n\n<li>Utilizar hidratantes labiais com protetor solar<\/li>\n\n\n\n<li>Dormir bem<\/li>\n\n\n\n<li>Alimentar-se de maneira saud\u00e1vel<\/li>\n\n\n\n<li>Manter-se hidratado<\/li>\n\n\n\n<li>N\u00e3o compartilhar produtos e materiais que ir\u00e3o na boca com outras pessoas<\/li>\n\n\n\n<li>N\u00e3o mexer na boca ou tirar pele com o dente<\/li>\n<\/ul>\n","protected":false},"excerpt":{"rendered":"<p>A queilite angular, tamb\u00e9m conhecida popularmente como boqueira, \u00e9 uma ferida pequena nos cantos&#8230;<\/p>\n","protected":false},"author":27,"featured_media":2807,"comment_status":"open","ping_status":"closed","sticky":false,"template":"","format":"standard","meta":{"_target_audience":"","footnotes":""},"categories":[247],"tags":[370,371],"class_list":["post-2549","post","type-post","status-publish","format-standard","has-post-thumbnail","hentry","category-doencas-odontologicas","tag-boqueira","tag-queilite-angular"],"yoast_head":"<!-- This site is optimized with the Yoast SEO plugin v27.2 - https:\/\/yoast.com\/product\/yoast-seo-wordpress\/ -->\n<title>Boqueira: o que \u00e9, como tratar e prevenir<\/title>\n<meta name=\"description\" content=\"Boqueira, tamb\u00e9m \u00e9 conhecida como queilite angular, e causa muito desconforto. Entenda nesse post como prevenir, como tratar e muito mais.\" \/>\n<meta name=\"robots\" content=\"index, follow, max-snippet:-1, max-image-preview:large, max-video-preview:-1\" \/>\n<link rel=\"canonical\" href=\"https:\/\/www.codental.com.br\/blog\/boqueira-o-que-e-como-tratar-e-prevenir\/\" \/>\n<meta property=\"og:locale\" content=\"pt_BR\" \/>\n<meta property=\"og:type\" content=\"article\" \/>\n<meta property=\"og:title\" content=\"Boqueira: o que \u00e9, como tratar e prevenir\" \/>\n<meta property=\"og:description\" content=\"Boqueira, tamb\u00e9m \u00e9 conhecida como queilite angular, e causa muito desconforto. Entenda nesse post como prevenir, como tratar e muito mais.\" \/>\n<meta property=\"og:url\" content=\"https:\/\/www.codental.com.br\/blog\/boqueira-o-que-e-como-tratar-e-prevenir\/\" \/>\n<meta property=\"og:site_name\" content=\"Codental Blog\" \/>\n<meta property=\"article:publisher\" content=\"http:\/\/www.facebook.com\/codentalbr\" \/>\n<meta property=\"article:published_time\" content=\"2023-02-18T20:00:00+00:00\" \/>\n<meta property=\"article:modified_time\" content=\"2024-06-07T10:35:27+00:00\" \/>\n<meta property=\"og:image\" content=\"https:\/\/www.codental.com.br\/blog\/wp-content\/uploads\/2023\/02\/Boqueira.jpg\" \/>\n\t<meta property=\"og:image:width\" content=\"1010\" \/>\n\t<meta property=\"og:image:height\" content=\"550\" \/>\n\t<meta property=\"og:image:type\" content=\"image\/jpeg\" \/>\n<meta name=\"author\" content=\"Marina Miranda\" \/>\n<meta name=\"twitter:card\" content=\"summary_large_image\" \/>\n<meta name=\"twitter:creator\" content=\"@CodentalBr\" \/>\n<meta name=\"twitter:site\" content=\"@CodentalBr\" \/>\n<meta name=\"twitter:label1\" content=\"Escrito por\" \/>\n\t<meta name=\"twitter:data1\" content=\"Marina Miranda\" \/>\n\t<meta name=\"twitter:label2\" content=\"Est. tempo de leitura\" \/>\n\t<meta name=\"twitter:data2\" content=\"9 minutos\" \/>\n<script type=\"application\/ld+json\" class=\"yoast-schema-graph\">{\"@context\":\"https:\/\/schema.org\",\"@graph\":[{\"@type\":\"Article\",\"@id\":\"https:\/\/www.codental.com.br\/blog\/boqueira-o-que-e-como-tratar-e-prevenir\/#article\",\"isPartOf\":{\"@id\":\"https:\/\/www.codental.com.br\/blog\/boqueira-o-que-e-como-tratar-e-prevenir\/\"},\"author\":{\"name\":\"Marina Miranda\",\"@id\":\"https:\/\/www.codental.com.br\/blog\/#\/schema\/person\/7e61c07141bee2df26e64b132b1624d7\"},\"headline\":\"Boqueira: o que \u00e9, como tratar e prevenir\",\"datePublished\":\"2023-02-18T20:00:00+00:00\",\"dateModified\":\"2024-06-07T10:35:27+00:00\",\"mainEntityOfPage\":{\"@id\":\"https:\/\/www.codental.com.br\/blog\/boqueira-o-que-e-como-tratar-e-prevenir\/\"},\"wordCount\":1448,\"commentCount\":0,\"publisher\":{\"@id\":\"https:\/\/www.codental.com.br\/blog\/#organization\"},\"image\":{\"@id\":\"https:\/\/www.codental.com.br\/blog\/boqueira-o-que-e-como-tratar-e-prevenir\/#primaryimage\"},\"thumbnailUrl\":\"https:\/\/www.codental.com.br\/blog\/wp-content\/uploads\/2023\/02\/Boqueira.jpg\",\"keywords\":[\"Boqueira\",\"Queilite angular\"],\"articleSection\":[\"Doen\u00e7as odontol\u00f3gicas\"],\"inLanguage\":\"pt-BR\",\"potentialAction\":[{\"@type\":\"CommentAction\",\"name\":\"Comment\",\"target\":[\"https:\/\/www.codental.com.br\/blog\/boqueira-o-que-e-como-tratar-e-prevenir\/#respond\"]}]},{\"@type\":\"WebPage\",\"@id\":\"https:\/\/www.codental.com.br\/blog\/boqueira-o-que-e-como-tratar-e-prevenir\/\",\"url\":\"https:\/\/www.codental.com.br\/blog\/boqueira-o-que-e-como-tratar-e-prevenir\/\",\"name\":\"Boqueira: o que \u00e9, como tratar e prevenir\",\"isPartOf\":{\"@id\":\"https:\/\/www.codental.com.br\/blog\/#website\"},\"primaryImageOfPage\":{\"@id\":\"https:\/\/www.codental.com.br\/blog\/boqueira-o-que-e-como-tratar-e-prevenir\/#primaryimage\"},\"image\":{\"@id\":\"https:\/\/www.codental.com.br\/blog\/boqueira-o-que-e-como-tratar-e-prevenir\/#primaryimage\"},\"thumbnailUrl\":\"https:\/\/www.codental.com.br\/blog\/wp-content\/uploads\/2023\/02\/Boqueira.jpg\",\"datePublished\":\"2023-02-18T20:00:00+00:00\",\"dateModified\":\"2024-06-07T10:35:27+00:00\",\"description\":\"Boqueira, tamb\u00e9m \u00e9 conhecida como queilite angular, e causa muito desconforto. Entenda nesse post como prevenir, como tratar e muito mais.\",\"breadcrumb\":{\"@id\":\"https:\/\/www.codental.com.br\/blog\/boqueira-o-que-e-como-tratar-e-prevenir\/#breadcrumb\"},\"inLanguage\":\"pt-BR\",\"potentialAction\":[{\"@type\":\"ReadAction\",\"target\":[\"https:\/\/www.codental.com.br\/blog\/boqueira-o-que-e-como-tratar-e-prevenir\/\"]}]},{\"@type\":\"ImageObject\",\"inLanguage\":\"pt-BR\",\"@id\":\"https:\/\/www.codental.com.br\/blog\/boqueira-o-que-e-como-tratar-e-prevenir\/#primaryimage\",\"url\":\"https:\/\/www.codental.com.br\/blog\/wp-content\/uploads\/2023\/02\/Boqueira.jpg\",\"contentUrl\":\"https:\/\/www.codental.com.br\/blog\/wp-content\/uploads\/2023\/02\/Boqueira.jpg\",\"width\":1010,\"height\":550,\"caption\":\"Boqueira\"},{\"@type\":\"BreadcrumbList\",\"@id\":\"https:\/\/www.codental.com.br\/blog\/boqueira-o-que-e-como-tratar-e-prevenir\/#breadcrumb\",\"itemListElement\":[{\"@type\":\"ListItem\",\"position\":1,\"name\":\"In\u00edcio\",\"item\":\"https:\/\/www.codental.com.br\/blog\/\"},{\"@type\":\"ListItem\",\"position\":2,\"name\":\"Boqueira: o que \u00e9, como tratar e prevenir\"}]},{\"@type\":\"WebSite\",\"@id\":\"https:\/\/www.codental.com.br\/blog\/#website\",\"url\":\"https:\/\/www.codental.com.br\/blog\/\",\"name\":\"Codental Blog\",\"description\":\"Artigos e not\u00edcias sobre odontologia\",\"publisher\":{\"@id\":\"https:\/\/www.codental.com.br\/blog\/#organization\"},\"potentialAction\":[{\"@type\":\"SearchAction\",\"target\":{\"@type\":\"EntryPoint\",\"urlTemplate\":\"https:\/\/www.codental.com.br\/blog\/?s={search_term_string}\"},\"query-input\":{\"@type\":\"PropertyValueSpecification\",\"valueRequired\":true,\"valueName\":\"search_term_string\"}}],\"inLanguage\":\"pt-BR\"},{\"@type\":\"Organization\",\"@id\":\"https:\/\/www.codental.com.br\/blog\/#organization\",\"name\":\"Codental\",\"url\":\"https:\/\/codental.com.br\/\",\"logo\":{\"@type\":\"ImageObject\",\"inLanguage\":\"pt-BR\",\"@id\":\"https:\/\/www.codental.com.br\/blog\/#\/schema\/logo\/image\/\",\"url\":\"https:\/\/www.codental.com.br\/blog\/wp-content\/uploads\/2018\/10\/logo.png\",\"contentUrl\":\"https:\/\/www.codental.com.br\/blog\/wp-content\/uploads\/2018\/10\/logo.png\",\"width\":1200,\"height\":300,\"caption\":\"Codental\"},\"image\":{\"@id\":\"https:\/\/www.codental.com.br\/blog\/#\/schema\/logo\/image\/\"},\"sameAs\":[\"http:\/\/www.facebook.com\/codentalbr\",\"https:\/\/x.com\/CodentalBr\",\"https:\/\/www.instagram.com\/codentalbr\/\"]},{\"@type\":\"Person\",\"@id\":\"https:\/\/www.codental.com.br\/blog\/#\/schema\/person\/7e61c07141bee2df26e64b132b1624d7\",\"name\":\"Marina Miranda\",\"image\":{\"@type\":\"ImageObject\",\"inLanguage\":\"pt-BR\",\"@id\":\"https:\/\/www.codental.com.br\/blog\/wp-content\/uploads\/2022\/11\/WhatsApp-Image-2022-11-08-at-18.48.00-343x240.jpeg\",\"url\":\"https:\/\/www.codental.com.br\/blog\/wp-content\/uploads\/2022\/11\/WhatsApp-Image-2022-11-08-at-18.48.00-343x240.jpeg\",\"contentUrl\":\"https:\/\/www.codental.com.br\/blog\/wp-content\/uploads\/2022\/11\/WhatsApp-Image-2022-11-08-at-18.48.00-343x240.jpeg\",\"caption\":\"Marina Miranda\"},\"description\":\"Juizforana, 22 anos. Estudante, apaixonada por leitura e viciada em filmes de com\u00e9dia rom\u00e2ntica, quanto mais clich\u00ea melhor, e por esportes. Fui atleta desde pequena, o que me fez crescer super determinada e focada. Meu objetivo de vida \u00e9 retribuir aos meus pais tudo que me ofereceram.\",\"url\":\"https:\/\/www.codental.com.br\/blog\/author\/marina\/\"}]}<\/script>\n<!-- \/ Yoast SEO plugin. -->","yoast_head_json":{"title":"Boqueira: o que \u00e9, como tratar e prevenir","description":"Boqueira, tamb\u00e9m \u00e9 conhecida como queilite angular, e causa muito desconforto. Entenda nesse post como prevenir, como tratar e muito mais.","robots":{"index":"index","follow":"follow","max-snippet":"max-snippet:-1","max-image-preview":"max-image-preview:large","max-video-preview":"max-video-preview:-1"},"canonical":"https:\/\/www.codental.com.br\/blog\/boqueira-o-que-e-como-tratar-e-prevenir\/","og_locale":"pt_BR","og_type":"article","og_title":"Boqueira: o que \u00e9, como tratar e prevenir","og_description":"Boqueira, tamb\u00e9m \u00e9 conhecida como queilite angular, e causa muito desconforto. Entenda nesse post como prevenir, como tratar e muito mais.","og_url":"https:\/\/www.codental.com.br\/blog\/boqueira-o-que-e-como-tratar-e-prevenir\/","og_site_name":"Codental Blog","article_publisher":"http:\/\/www.facebook.com\/codentalbr","article_published_time":"2023-02-18T20:00:00+00:00","article_modified_time":"2024-06-07T10:35:27+00:00","og_image":[{"width":1010,"height":550,"url":"https:\/\/www.codental.com.br\/blog\/wp-content\/uploads\/2023\/02\/Boqueira.jpg","type":"image\/jpeg"}],"author":"Marina Miranda","twitter_card":"summary_large_image","twitter_creator":"@CodentalBr","twitter_site":"@CodentalBr","twitter_misc":{"Escrito por":"Marina Miranda","Est. tempo de leitura":"9 minutos"},"schema":{"@context":"https:\/\/schema.org","@graph":[{"@type":"Article","@id":"https:\/\/www.codental.com.br\/blog\/boqueira-o-que-e-como-tratar-e-prevenir\/#article","isPartOf":{"@id":"https:\/\/www.codental.com.br\/blog\/boqueira-o-que-e-como-tratar-e-prevenir\/"},"author":{"name":"Marina Miranda","@id":"https:\/\/www.codental.com.br\/blog\/#\/schema\/person\/7e61c07141bee2df26e64b132b1624d7"},"headline":"Boqueira: o que \u00e9, como tratar e prevenir","datePublished":"2023-02-18T20:00:00+00:00","dateModified":"2024-06-07T10:35:27+00:00","mainEntityOfPage":{"@id":"https:\/\/www.codental.com.br\/blog\/boqueira-o-que-e-como-tratar-e-prevenir\/"},"wordCount":1448,"commentCount":0,"publisher":{"@id":"https:\/\/www.codental.com.br\/blog\/#organization"},"image":{"@id":"https:\/\/www.codental.com.br\/blog\/boqueira-o-que-e-como-tratar-e-prevenir\/#primaryimage"},"thumbnailUrl":"https:\/\/www.codental.com.br\/blog\/wp-content\/uploads\/2023\/02\/Boqueira.jpg","keywords":["Boqueira","Queilite angular"],"articleSection":["Doen\u00e7as odontol\u00f3gicas"],"inLanguage":"pt-BR","potentialAction":[{"@type":"CommentAction","name":"Comment","target":["https:\/\/www.codental.com.br\/blog\/boqueira-o-que-e-como-tratar-e-prevenir\/#respond"]}]},{"@type":"WebPage","@id":"https:\/\/www.codental.com.br\/blog\/boqueira-o-que-e-como-tratar-e-prevenir\/","url":"https:\/\/www.codental.com.br\/blog\/boqueira-o-que-e-como-tratar-e-prevenir\/","name":"Boqueira: o que \u00e9, como tratar e prevenir","isPartOf":{"@id":"https:\/\/www.codental.com.br\/blog\/#website"},"primaryImageOfPage":{"@id":"https:\/\/www.codental.com.br\/blog\/boqueira-o-que-e-como-tratar-e-prevenir\/#primaryimage"},"image":{"@id":"https:\/\/www.codental.com.br\/blog\/boqueira-o-que-e-como-tratar-e-prevenir\/#primaryimage"},"thumbnailUrl":"https:\/\/www.codental.com.br\/blog\/wp-content\/uploads\/2023\/02\/Boqueira.jpg","datePublished":"2023-02-18T20:00:00+00:00","dateModified":"2024-06-07T10:35:27+00:00","description":"Boqueira, tamb\u00e9m \u00e9 conhecida como queilite angular, e causa muito desconforto. Entenda nesse post como prevenir, como tratar e muito mais.","breadcrumb":{"@id":"https:\/\/www.codental.com.br\/blog\/boqueira-o-que-e-como-tratar-e-prevenir\/#breadcrumb"},"inLanguage":"pt-BR","potentialAction":[{"@type":"ReadAction","target":["https:\/\/www.codental.com.br\/blog\/boqueira-o-que-e-como-tratar-e-prevenir\/"]}]},{"@type":"ImageObject","inLanguage":"pt-BR","@id":"https:\/\/www.codental.com.br\/blog\/boqueira-o-que-e-como-tratar-e-prevenir\/#primaryimage","url":"https:\/\/www.codental.com.br\/blog\/wp-content\/uploads\/2023\/02\/Boqueira.jpg","contentUrl":"https:\/\/www.codental.com.br\/blog\/wp-content\/uploads\/2023\/02\/Boqueira.jpg","width":1010,"height":550,"caption":"Boqueira"},{"@type":"BreadcrumbList","@id":"https:\/\/www.codental.com.br\/blog\/boqueira-o-que-e-como-tratar-e-prevenir\/#breadcrumb","itemListElement":[{"@type":"ListItem","position":1,"name":"In\u00edcio","item":"https:\/\/www.codental.com.br\/blog\/"},{"@type":"ListItem","position":2,"name":"Boqueira: o que \u00e9, como tratar e prevenir"}]},{"@type":"WebSite","@id":"https:\/\/www.codental.com.br\/blog\/#website","url":"https:\/\/www.codental.com.br\/blog\/","name":"Codental Blog","description":"Artigos e not\u00edcias sobre odontologia","publisher":{"@id":"https:\/\/www.codental.com.br\/blog\/#organization"},"potentialAction":[{"@type":"SearchAction","target":{"@type":"EntryPoint","urlTemplate":"https:\/\/www.codental.com.br\/blog\/?s={search_term_string}"},"query-input":{"@type":"PropertyValueSpecification","valueRequired":true,"valueName":"search_term_string"}}],"inLanguage":"pt-BR"},{"@type":"Organization","@id":"https:\/\/www.codental.com.br\/blog\/#organization","name":"Codental","url":"https:\/\/codental.com.br\/","logo":{"@type":"ImageObject","inLanguage":"pt-BR","@id":"https:\/\/www.codental.com.br\/blog\/#\/schema\/logo\/image\/","url":"https:\/\/www.codental.com.br\/blog\/wp-content\/uploads\/2018\/10\/logo.png","contentUrl":"https:\/\/www.codental.com.br\/blog\/wp-content\/uploads\/2018\/10\/logo.png","width":1200,"height":300,"caption":"Codental"},"image":{"@id":"https:\/\/www.codental.com.br\/blog\/#\/schema\/logo\/image\/"},"sameAs":["http:\/\/www.facebook.com\/codentalbr","https:\/\/x.com\/CodentalBr","https:\/\/www.instagram.com\/codentalbr\/"]},{"@type":"Person","@id":"https:\/\/www.codental.com.br\/blog\/#\/schema\/person\/7e61c07141bee2df26e64b132b1624d7","name":"Marina Miranda","image":{"@type":"ImageObject","inLanguage":"pt-BR","@id":"https:\/\/www.codental.com.br\/blog\/wp-content\/uploads\/2022\/11\/WhatsApp-Image-2022-11-08-at-18.48.00-343x240.jpeg","url":"https:\/\/www.codental.com.br\/blog\/wp-content\/uploads\/2022\/11\/WhatsApp-Image-2022-11-08-at-18.48.00-343x240.jpeg","contentUrl":"https:\/\/www.codental.com.br\/blog\/wp-content\/uploads\/2022\/11\/WhatsApp-Image-2022-11-08-at-18.48.00-343x240.jpeg","caption":"Marina Miranda"},"description":"Juizforana, 22 anos. Estudante, apaixonada por leitura e viciada em filmes de com\u00e9dia rom\u00e2ntica, quanto mais clich\u00ea melhor, e por esportes. Fui atleta desde pequena, o que me fez crescer super determinada e focada. Meu objetivo de vida \u00e9 retribuir aos meus pais tudo que me ofereceram.","url":"https:\/\/www.codental.com.br\/blog\/author\/marina\/"}]}},"_links":{"self":[{"href":"https:\/\/www.codental.com.br\/blog\/wp-json\/wp\/v2\/posts\/2549","targetHints":{"allow":["GET"]}}],"collection":[{"href":"https:\/\/www.codental.com.br\/blog\/wp-json\/wp\/v2\/posts"}],"about":[{"href":"https:\/\/www.codental.com.br\/blog\/wp-json\/wp\/v2\/types\/post"}],"author":[{"embeddable":true,"href":"https:\/\/www.codental.com.br\/blog\/wp-json\/wp\/v2\/users\/27"}],"replies":[{"embeddable":true,"href":"https:\/\/www.codental.com.br\/blog\/wp-json\/wp\/v2\/comments?post=2549"}],"version-history":[{"count":9,"href":"https:\/\/www.codental.com.br\/blog\/wp-json\/wp\/v2\/posts\/2549\/revisions"}],"predecessor-version":[{"id":5320,"href":"https:\/\/www.codental.com.br\/blog\/wp-json\/wp\/v2\/posts\/2549\/revisions\/5320"}],"wp:featuredmedia":[{"embeddable":true,"href":"https:\/\/www.codental.com.br\/blog\/wp-json\/wp\/v2\/media\/2807"}],"wp:attachment":[{"href":"https:\/\/www.codental.com.br\/blog\/wp-json\/wp\/v2\/media?parent=2549"}],"wp:term":[{"taxonomy":"category","embeddable":true,"href":"https:\/\/www.codental.com.br\/blog\/wp-json\/wp\/v2\/categories?post=2549"},{"taxonomy":"post_tag","embeddable":true,"href":"https:\/\/www.codental.com.br\/blog\/wp-json\/wp\/v2\/tags?post=2549"}],"curies":[{"name":"wp","href":"https:\/\/api.w.org\/{rel}","templated":true}]}}