{"id":2530,"date":"2023-02-23T17:00:00","date_gmt":"2023-02-23T20:00:00","guid":{"rendered":"https:\/\/www.codental.com.br\/blog\/?p=2530"},"modified":"2023-02-23T15:12:12","modified_gmt":"2023-02-23T18:12:12","slug":"gengiva-inflamada-saiba-tudo-sobre-esse-problema","status":"publish","type":"post","link":"https:\/\/www.codental.com.br\/blog\/gengiva-inflamada-saiba-tudo-sobre-esse-problema\/","title":{"rendered":"Gengiva inflamada: saiba tudo sobre esse problema"},"content":{"rendered":"\n<p>A\u00a0<strong>gengiva inflamada\u00a0\u00e9 a fase inicial percursora da doen\u00e7a periodontal<\/strong>, pois, se n\u00e3o tratada, tende a progredir at\u00e9 atingir e destruir o ligamento periodontal e osso alveolar que envolve e sustenta os dentes. Confira!<\/p>\n\n\n\n<h2 class=\"wp-block-heading\">O que \u00e9 a gengiva?<\/h2>\n\n\n\n<p>A gengiva \u00e9 a mucosa bucal que reveste e acolhe os dentes. Tem in\u00edcio na parte coron\u00e1ria destes e, protege a raiz de sua exposi\u00e7\u00e3o.<\/p>\n\n\n\n<p>Constitui-se em 2 tipos de gengivas: a gengiva marginal, ou livre, e a aderida, ou inserida.<\/p>\n\n\n\n<p>A gengiva marginal, ou livre, \u00e9 aquela que envolve os dentes, tendo espessura de 1 a 3 mil\u00edmetros. J\u00e1 a aderida possui ligamentos que auxiliam as for\u00e7as usadas durante a mastiga\u00e7\u00e3o, al\u00e9m de manter o dente firme neste espa\u00e7o.<\/p>\n\n\n\n<p>Para considerar a gengiva saud\u00e1vel, sua cor, aspectos visuais e ader\u00eancia dos dentes devem ser observados. <\/p>\n\n\n\n<p>Portanto, ao se observar carater\u00edsticas que diferem dos aspectos saud\u00e1veis, \u00e9 necess\u00e1rio consultar o dentista para avalia\u00e7\u00e3o, tratamento e preven\u00e7\u00e3o da inflama\u00e7\u00e3o.<\/p>\n\n\n\n<h3 class=\"wp-block-heading\">Caracter\u00edsticas da gengiva saud\u00e1vel<\/h3>\n\n\n\n<p>Uma gengiva saud\u00e1vel apresenta aspectos visuais que podem ser observados pela pr\u00f3pria pessoa. S\u00e3o elas:<\/p>\n\n\n\n<ul class=\"wp-block-list\"><li>Colora\u00e7\u00e3o: a cor da gengiva saud\u00e1vel \u00e9 rosa p\u00e1lido;<\/li><li>A mucosa adjacente, de apar\u00eancia vermelha, lisa e brilhante, semelhante a casca de laranja;<\/li><li>Sem distin\u00e7\u00e3o de colora\u00e7\u00e3o entre gengiva e mucosa palatina\/lingual.<\/li><\/ul>\n\n\n\n<h2 class=\"wp-block-heading\">Como identificar a gengiva inflamada<\/h2>\n\n\n\n<p>Embora muitas pessoas demorem a identificar <strong>sinais da inflama\u00e7\u00e3o gengival<\/strong>, alguns sinais indicam esse processo, dentre eles destaca-se:<\/p>\n\n\n\n<ul class=\"wp-block-list\"><li>Sangramentos na gengiva: espont\u00e2neos, ou durante a escova\u00e7\u00e3o, ou no uso do fio dental;<\/li><li>Edema, ou seja, incha\u00e7os na regi\u00e3o de um ou mais dentes;<\/li><li>Mudan\u00e7as na colora\u00e7\u00e3o da gengiva;<\/li><li>Mau h\u00e1lito;<\/li><li>Gosto desagrad\u00e1vel em boca.<\/li><\/ul>\n\n\n\n<p>Agentes externos e fisiol\u00f3gicos s\u00e3o causadores deste processo, portanto a resposta do nosso corpo \u00e9 desencadear uma <strong>cascata inflamat\u00f3ria<\/strong> onde sinais deste processo surgem, a fim da percep\u00e7\u00e3o para interven\u00e7\u00e3o.<\/p>\n\n\n\n<h2 class=\"wp-block-heading\">Causas da gengiva inflamada<\/h2>\n\n\n\n<p>Em primeiro lugar, \u00e9 importante a avalia\u00e7\u00e3o do dentista para um correto diagn\u00f3stico e tratamento.<\/p>\n\n\n\n<p>\u00c9 importante dizer que tratar com <strong>rem\u00e9dios caseiros, pode agravar o <a href=\"https:\/\/www.codental.com.br\/blog\/periodontite-avancada\/?utm_source=blog&utm_medium=referral&utm_content=gengiva-inflamada-saiba-tudo-sobre-esse-problema\">quadro de inflama\u00e7\u00e3o<\/a>, podendo aumentar sua gravidade.<\/strong><\/p>\n\n\n\n<h4 class=\"wp-block-heading\">Higieniza\u00e7\u00e3o insuficiente<\/h4>\n\n\n\n<p>Apesar de escovar os dentes por no m\u00ednimo 3 vezes ao dia e usar fio dental, a placa bacteriana se instala na gengiva livre. Portanto, a remo\u00e7\u00e3o de <a href=\"https:\/\/www.codental.com.br\/blog\/tartaro-nos-dentes-tudo-que-voce-precisa-saber\/?utm_source=blog&utm_medium=referral&utm_content=gengiva-inflamada-saiba-tudo-sobre-esse-problema\">t\u00e1rtaro<\/a>, pelo menos uma vez a cada 06 meses, <strong>diminui a possibilidade de inflama\u00e7\u00e3o gengival.<\/strong><\/p>\n\n\n\n<p>Al\u00e9m disso, manter a escova\u00e7\u00e3o ap\u00f3s as refei\u00e7\u00f5es, acompanhada do uso do fio dental e uso controlado de enxaguantes bucais, previnem contra a gengiva inflamada.<\/p>\n\n\n\n<h4 class=\"wp-block-heading\">Altera\u00e7\u00f5es Hormonais<\/h4>\n\n\n\n<p>Certamente uma causa relacionada a idade, onde a faixa et\u00e1ria acometida \u00e9 da pr\u00e9-adolesc\u00eancia e adolesc\u00eancia devido a altera\u00e7\u00f5es hormonais.<\/p>\n\n\n\n<p>Al\u00e9m disso, essa faixa et\u00e1ria \u00e9 amplamente caracterizada pela precariedade de higiene, onde \u00e9 necess\u00e1rio acompanhamento clinico, a fim de diminuir e prevenir quadros inflamat\u00f3rios.<\/p>\n\n\n\n<h4 class=\"wp-block-heading\">Estresse <\/h4>\n\n\n\n<p><strong>Fatores externos como estresse tamb\u00e9m favorecem a inflama\u00e7\u00e3o gengival.<\/strong> Portanto, o acompanhamento multiprofissional auxilia na diminui\u00e7\u00e3o de sintomas e inc\u00f4modos gerados pela gengiva inflamada.<\/p>\n\n\n\n<h4 class=\"wp-block-heading\">M\u00e1 nutri\u00e7\u00e3o e hipovitaminose<\/h4>\n\n\n\n<p>Defici\u00eancias nutricionais assim como a hipovitaminose (car\u00eancia de vitaminas) s\u00e3o agentes causadores de inflama\u00e7\u00e3o gengival.<\/p>\n\n\n\n<p>O acompanhamento nutricional, bem como a suplementa\u00e7\u00e3o de vitaminas e remo\u00e7\u00e3o de placa bacteriana (t\u00e1rtaro), <strong>diminuem e controlam as complica\u00e7\u00f5es gengivais.<\/strong><\/p>\n\n\n\n<h4 class=\"wp-block-heading\">Tabagismo<\/h4>\n\n\n\n<p>Al\u00e9m dos in\u00fameros comprometimentos a sa\u00fade, bem como o aumento das patologias orais, <strong>o tabagismo em qualquer n\u00edvel de consumo, causa inflama\u00e7\u00e3o gengival.<\/strong><\/p>\n\n\n\n<p>Dentre as caracter\u00edsticas das causas de inflama\u00e7\u00e3o gengival por tabagismo, destaca-se o sangramento espont\u00e2neo gengival, al\u00e9m de sua retra\u00e7\u00e3o, levando, inclusive, a perda dent\u00e1ria.<\/p>\n\n\n\n<p>\u00c9 de suma import\u00e2ncia o aux\u00edlio profissional de modo a cessar este h\u00e1bito.<\/p>\n\n\n\n<p>Remo\u00e7\u00e3o de placa bacteriana (t\u00e1rtaro), uso de enxaguantes bucais, e acompanhamento cl\u00ednico, diminuem os sintomas de inflama\u00e7\u00e3o gengival, por\u00e9m nunca se estabelece a cura desta patologia.<\/p>\n\n\n\n<h4 class=\"wp-block-heading\">Obesidade <\/h4>\n\n\n\n<p>Especialmente por sua condi\u00e7\u00e3o, a obesidade pode acompanhar outras patologias, portanto <strong>as doen\u00e7as relacionadas a obesidade e ela pr\u00f3pria influenciam na gengiva inflamada. <\/strong>O acompanhamento multiprofissional, juntamente a h\u00e1bitos de higiene personalizados e ass\u00edduos, garantem o controle deste quadro.<\/p>\n\n\n\n<h4 class=\"wp-block-heading\">Idade<\/h4>\n\n\n\n<p>Pacientes com idade mais avan\u00e7ada apresentam maior possibilidade de apresentar inflama\u00e7\u00f5es gengivais.<\/p>\n\n\n\n<p>Isso se deve a fatores fisiol\u00f3gicos naturais em decorr\u00eancia da idade, assim como o uso de medicamentos relacionados a patologias naturais desta faixa et\u00e1ria.<\/p>\n\n\n\n<p>Controles multiprofissionais, maiores cuidados com rela\u00e7\u00e3o \u00e0 higiene bucal, e limpezas auxiliam no controle deste grupo para diminu\u00edrem essas inflama\u00e7\u00f5es gengivais.<\/p>\n\n\n\n<h4 class=\"wp-block-heading\">Desadapta\u00e7\u00e3o de pr\u00f3teses <\/h4>\n\n\n\n<p>Pr\u00f3teses pouco ou mal higienizadas, com muito tempo de uso, e desadaptadas ocasionam inflama\u00e7\u00f5es gengivais. Portanto, <strong>higiene, acompanhamento clinico e manuten\u00e7\u00f5es destas, diminuem complica\u00e7\u00f5es em decorr\u00eancia de inflama\u00e7\u00f5es gengivais.<\/strong><\/p>\n\n\n\n<h4 class=\"wp-block-heading\">Ferimentos causados por agentes externos e queimaduras <\/h4>\n\n\n\n<p>A ingest\u00e3o de alimentos como pipoca, casca de feij\u00e3o, casca de p\u00e3o e espinha de peixes, podem ficar depositadas dentro da gengiva inserida, ocasionando uma inflama\u00e7\u00e3o local.<\/p>\n\n\n\n<p>Assim como a ingest\u00e3o de alimentos em temperatura elevada, que em contato com a gengiva, ocasiona uma inflama\u00e7\u00e3o tecidual gengival. A remo\u00e7\u00e3o desses agentes, bem como o correto tratamento das queimaduras, tratam por completo a inflama\u00e7\u00e3o gengival, cessando por completo seus sintomas.<\/p>\n\n\n\n<h4 class=\"wp-block-heading\">Movimenta\u00e7\u00e3o ortod\u00f4ntica<\/h4>\n\n\n\n<p>A instala\u00e7\u00e3o de <strong>aparelhos ortod\u00f4nticos desencadeiam a inflama\u00e7\u00e3o gengival <\/strong>devido \u00e0 a\u00e7\u00e3o da movimenta\u00e7\u00e3o que o aparelho exercer\u00e1 sob os dentes.<\/p>\n\n\n\n<p>Certamente \u00e9 de suma import\u00e2ncia o controle bacteriano na regi\u00e3o da gengiva livre, assim como assiduidade na higiene para amenizar a gravidade da inflama\u00e7\u00e3o gengival. <\/p>\n\n\n\n<p>O controle ass\u00edduo diminui os inc\u00f4modos em decorr\u00eancia desta inflama\u00e7\u00e3o que, normalmente, volta ao seu aspecto saud\u00e1vel ao fim do tratamento.<\/p>\n\n\n\n<h4 class=\"wp-block-heading\">Efeito colateral de medicamentos <\/h4>\n\n\n\n<p>Certas medica\u00e7\u00f5es como anticonvulsivantes e imunossupressores, por exemplo, causam agentes que favorecem o desencadeamento da gengiva inflamada.<\/p>\n\n\n\n<p>O acompanhamento m\u00e9dico e a intensifica\u00e7\u00e3o de limpezas, higieniza\u00e7\u00e3o e cuidados bucais, diminuem a a\u00e7\u00e3o negativa da intera\u00e7\u00e3o desses medicamentos na gengiva inflamada.<\/p>\n\n\n\n<h4 class=\"wp-block-heading\">Doen\u00e7as Sist\u00eamicas<\/h4>\n\n\n\n<p>Doen\u00e7as como <strong>Herpes, AIDS e leucemia, por exemplo, causam inflama\u00e7\u00f5es gengivais, <\/strong>especialmente devido ao uso dos medicamentos para seu tratamento.<\/p>\n\n\n\n<p>O <em>diabetes mellitus<\/em> tem como condi\u00e7\u00e3o a hipossaliva\u00e7\u00e3o, portanto, sem a saliva agindo como agente de limpeza fisiol\u00f3gica da cavidade bucal, os agentes bacterianos causadores de t\u00e1rtaro, s\u00e3o favorecidos causando inflama\u00e7\u00e3o gengival.<\/p>\n\n\n\n<p>Assim como em outras condi\u00e7\u00f5es, a ameniza\u00e7\u00e3o dos inc\u00f4modos gerados pela inflama\u00e7\u00e3o gengival se faz com acompanhamento odontol\u00f3gico e uso de salivas artificiais.<\/p>\n\n\n\n<h4 class=\"wp-block-heading\">Gravidez<\/h4>\n\n\n\n<p>Devido ao d\u00e9ficit vitam\u00ednico, a condi\u00e7\u00e3o gestacional tem grande influ\u00eancia sobre a sa\u00fade gengival, podendo causar inflama\u00e7\u00e3o gengival a mobilidade dental. \u00c9 importante o acompanhamento odontol\u00f3gico concomitante ao pr\u00e9-natal, para diminuir os preju\u00edzos causados por esta. <\/p>\n\n\n\n<h2 class=\"wp-block-heading\">Quanto tempo dura a gengiva inflamada?<\/h2>\n\n\n\n<p>A <strong>dura\u00e7\u00e3o da gengivite varia conforme a condi\u00e7\u00e3o sist\u00eamica e sua causa. <\/strong><\/p>\n\n\n\n<p>Assim como diversas condi\u00e7\u00f5es de sa\u00fade, a avalia\u00e7\u00e3o profissional do dentista ir\u00e1 indicar o menor tempo para cessar esse incomodo.<\/p>\n\n\n\n<h2 class=\"wp-block-heading\">Tratamento para gengiva inflamada<\/h2>\n\n\n\n<p>O tratamento para as gengivites variam conforme a causa desta. Portanto, ap\u00f3s a descoberta da etiologia da inflama\u00e7\u00e3o gengival, pode indicar-se o tratamento.<\/p>\n\n\n\n<h3 class=\"wp-block-heading\">Rem\u00e9dios para gengiva inflamada<\/h3>\n\n\n\n<p>Rem\u00e9dios como os anti-inflamat\u00f3rios podem ser utilizados. Al\u00e9m deles, os colut\u00f3rios, remo\u00e7\u00e3o de edema cirurgicamente e em alguns casos, antibioticoterapia, tamb\u00e9m podem ser utilizados.<\/p>\n\n\n\n<p>Vale ressaltar que <strong>tratamentos caseiros podem causar a piora do quadro<\/strong>, incluindo a mudan\u00e7a desta condi\u00e7\u00e3o de aguda para cr\u00f4nica.<\/p>\n\n\n\n<p>Em certos casos, o uso do enxaguante bucal pode amenizar desconfortos at\u00e9 a procura de ajuda especializada.<\/p>\n\n\n\n<p>Concluindo, a <strong>gengiva inflamada tem origem multifatorial<\/strong>, e seu diagn\u00f3stico depende de uma an\u00e1lise especializada da condi\u00e7\u00e3o clinica especifica de cada paciente, onde, em determinados casos, interven\u00e7\u00f5es em promo\u00e7\u00e3o de sa\u00fade bucal diminui as chances de ser acometido por este inc\u00f4modo.<\/p>\n","protected":false},"excerpt":{"rendered":"<p>A\u00a0gengiva inflamada\u00a0\u00e9 a fase inicial percursora da doen\u00e7a periodontal, pois, se n\u00e3o tratada, tende&#8230;<\/p>\n","protected":false},"author":30,"featured_media":2852,"comment_status":"open","ping_status":"closed","sticky":false,"template":"","format":"standard","meta":{"_target_audience":"","footnotes":""},"categories":[247],"tags":[377,378,174],"class_list":["post-2530","post","type-post","status-publish","format-standard","has-post-thumbnail","hentry","category-doencas-odontologicas","tag-gengiva-inflamada","tag-gengivite","tag-periodontite"],"yoast_head":"<!-- This site is optimized with the Yoast SEO plugin v27.2 - https:\/\/yoast.com\/product\/yoast-seo-wordpress\/ -->\n<title>Gengiva inflamada: saiba tudo sobre esse problema<\/title>\n<meta name=\"description\" content=\"Saiba como tratar a gengiva inflamada, suas causas, como identificar seus sintomas e caracter\u00edsticas clinicas?\" \/>\n<meta name=\"robots\" content=\"index, follow, max-snippet:-1, max-image-preview:large, max-video-preview:-1\" \/>\n<link rel=\"canonical\" href=\"https:\/\/www.codental.com.br\/blog\/gengiva-inflamada-saiba-tudo-sobre-esse-problema\/\" \/>\n<meta property=\"og:locale\" content=\"pt_BR\" \/>\n<meta property=\"og:type\" content=\"article\" \/>\n<meta property=\"og:title\" content=\"Gengiva inflamada: saiba tudo sobre esse problema\" \/>\n<meta property=\"og:description\" content=\"Saiba como tratar a gengiva inflamada, suas causas, como identificar seus sintomas e caracter\u00edsticas clinicas?\" \/>\n<meta property=\"og:url\" content=\"https:\/\/www.codental.com.br\/blog\/gengiva-inflamada-saiba-tudo-sobre-esse-problema\/\" \/>\n<meta property=\"og:site_name\" content=\"Codental Blog\" \/>\n<meta property=\"article:publisher\" content=\"http:\/\/www.facebook.com\/codentalbr\" \/>\n<meta property=\"article:published_time\" content=\"2023-02-23T20:00:00+00:00\" \/>\n<meta property=\"og:image\" content=\"https:\/\/www.codental.com.br\/blog\/wp-content\/uploads\/2023\/02\/Gengiva-inflamada.jpg\" \/>\n\t<meta property=\"og:image:width\" content=\"1010\" \/>\n\t<meta property=\"og:image:height\" content=\"550\" \/>\n\t<meta property=\"og:image:type\" content=\"image\/jpeg\" \/>\n<meta name=\"author\" content=\"Jaqueline\" \/>\n<meta name=\"twitter:card\" content=\"summary_large_image\" \/>\n<meta name=\"twitter:creator\" content=\"@CodentalBr\" \/>\n<meta name=\"twitter:site\" content=\"@CodentalBr\" \/>\n<meta name=\"twitter:label1\" content=\"Escrito por\" \/>\n\t<meta name=\"twitter:data1\" content=\"Jaqueline\" \/>\n\t<meta name=\"twitter:label2\" content=\"Est. tempo de leitura\" \/>\n\t<meta name=\"twitter:data2\" content=\"7 minutos\" \/>\n<script type=\"application\/ld+json\" class=\"yoast-schema-graph\">{\"@context\":\"https:\/\/schema.org\",\"@graph\":[{\"@type\":\"Article\",\"@id\":\"https:\/\/www.codental.com.br\/blog\/gengiva-inflamada-saiba-tudo-sobre-esse-problema\/#article\",\"isPartOf\":{\"@id\":\"https:\/\/www.codental.com.br\/blog\/gengiva-inflamada-saiba-tudo-sobre-esse-problema\/\"},\"author\":{\"name\":\"Jaqueline\",\"@id\":\"https:\/\/www.codental.com.br\/blog\/#\/schema\/person\/7506ab8d7a0b35cdfe68fae4ee2f9277\"},\"headline\":\"Gengiva inflamada: saiba tudo sobre esse problema\",\"datePublished\":\"2023-02-23T20:00:00+00:00\",\"mainEntityOfPage\":{\"@id\":\"https:\/\/www.codental.com.br\/blog\/gengiva-inflamada-saiba-tudo-sobre-esse-problema\/\"},\"wordCount\":1391,\"commentCount\":0,\"publisher\":{\"@id\":\"https:\/\/www.codental.com.br\/blog\/#organization\"},\"image\":{\"@id\":\"https:\/\/www.codental.com.br\/blog\/gengiva-inflamada-saiba-tudo-sobre-esse-problema\/#primaryimage\"},\"thumbnailUrl\":\"https:\/\/www.codental.com.br\/blog\/wp-content\/uploads\/2023\/02\/Gengiva-inflamada.jpg\",\"keywords\":[\"Gengiva inflamada\",\"Gengivite\",\"periodontite\"],\"articleSection\":[\"Doen\u00e7as odontol\u00f3gicas\"],\"inLanguage\":\"pt-BR\",\"potentialAction\":[{\"@type\":\"CommentAction\",\"name\":\"Comment\",\"target\":[\"https:\/\/www.codental.com.br\/blog\/gengiva-inflamada-saiba-tudo-sobre-esse-problema\/#respond\"]}]},{\"@type\":\"WebPage\",\"@id\":\"https:\/\/www.codental.com.br\/blog\/gengiva-inflamada-saiba-tudo-sobre-esse-problema\/\",\"url\":\"https:\/\/www.codental.com.br\/blog\/gengiva-inflamada-saiba-tudo-sobre-esse-problema\/\",\"name\":\"Gengiva inflamada: saiba tudo sobre esse problema\",\"isPartOf\":{\"@id\":\"https:\/\/www.codental.com.br\/blog\/#website\"},\"primaryImageOfPage\":{\"@id\":\"https:\/\/www.codental.com.br\/blog\/gengiva-inflamada-saiba-tudo-sobre-esse-problema\/#primaryimage\"},\"image\":{\"@id\":\"https:\/\/www.codental.com.br\/blog\/gengiva-inflamada-saiba-tudo-sobre-esse-problema\/#primaryimage\"},\"thumbnailUrl\":\"https:\/\/www.codental.com.br\/blog\/wp-content\/uploads\/2023\/02\/Gengiva-inflamada.jpg\",\"datePublished\":\"2023-02-23T20:00:00+00:00\",\"description\":\"Saiba como tratar a gengiva inflamada, suas causas, como identificar seus sintomas e caracter\u00edsticas clinicas?\",\"breadcrumb\":{\"@id\":\"https:\/\/www.codental.com.br\/blog\/gengiva-inflamada-saiba-tudo-sobre-esse-problema\/#breadcrumb\"},\"inLanguage\":\"pt-BR\",\"potentialAction\":[{\"@type\":\"ReadAction\",\"target\":[\"https:\/\/www.codental.com.br\/blog\/gengiva-inflamada-saiba-tudo-sobre-esse-problema\/\"]}]},{\"@type\":\"ImageObject\",\"inLanguage\":\"pt-BR\",\"@id\":\"https:\/\/www.codental.com.br\/blog\/gengiva-inflamada-saiba-tudo-sobre-esse-problema\/#primaryimage\",\"url\":\"https:\/\/www.codental.com.br\/blog\/wp-content\/uploads\/2023\/02\/Gengiva-inflamada.jpg\",\"contentUrl\":\"https:\/\/www.codental.com.br\/blog\/wp-content\/uploads\/2023\/02\/Gengiva-inflamada.jpg\",\"width\":1010,\"height\":550,\"caption\":\"Gengiva inflamada\"},{\"@type\":\"BreadcrumbList\",\"@id\":\"https:\/\/www.codental.com.br\/blog\/gengiva-inflamada-saiba-tudo-sobre-esse-problema\/#breadcrumb\",\"itemListElement\":[{\"@type\":\"ListItem\",\"position\":1,\"name\":\"In\u00edcio\",\"item\":\"https:\/\/www.codental.com.br\/blog\/\"},{\"@type\":\"ListItem\",\"position\":2,\"name\":\"Gengiva inflamada: saiba tudo sobre esse problema\"}]},{\"@type\":\"WebSite\",\"@id\":\"https:\/\/www.codental.com.br\/blog\/#website\",\"url\":\"https:\/\/www.codental.com.br\/blog\/\",\"name\":\"Codental Blog\",\"description\":\"Artigos e not\u00edcias sobre odontologia\",\"publisher\":{\"@id\":\"https:\/\/www.codental.com.br\/blog\/#organization\"},\"potentialAction\":[{\"@type\":\"SearchAction\",\"target\":{\"@type\":\"EntryPoint\",\"urlTemplate\":\"https:\/\/www.codental.com.br\/blog\/?s={search_term_string}\"},\"query-input\":{\"@type\":\"PropertyValueSpecification\",\"valueRequired\":true,\"valueName\":\"search_term_string\"}}],\"inLanguage\":\"pt-BR\"},{\"@type\":\"Organization\",\"@id\":\"https:\/\/www.codental.com.br\/blog\/#organization\",\"name\":\"Codental\",\"url\":\"https:\/\/codental.com.br\/\",\"logo\":{\"@type\":\"ImageObject\",\"inLanguage\":\"pt-BR\",\"@id\":\"https:\/\/www.codental.com.br\/blog\/#\/schema\/logo\/image\/\",\"url\":\"https:\/\/www.codental.com.br\/blog\/wp-content\/uploads\/2018\/10\/logo.png\",\"contentUrl\":\"https:\/\/www.codental.com.br\/blog\/wp-content\/uploads\/2018\/10\/logo.png\",\"width\":1200,\"height\":300,\"caption\":\"Codental\"},\"image\":{\"@id\":\"https:\/\/www.codental.com.br\/blog\/#\/schema\/logo\/image\/\"},\"sameAs\":[\"http:\/\/www.facebook.com\/codentalbr\",\"https:\/\/x.com\/CodentalBr\",\"https:\/\/www.instagram.com\/codentalbr\/\"]},{\"@type\":\"Person\",\"@id\":\"https:\/\/www.codental.com.br\/blog\/#\/schema\/person\/7506ab8d7a0b35cdfe68fae4ee2f9277\",\"name\":\"Jaqueline\",\"image\":{\"@type\":\"ImageObject\",\"inLanguage\":\"pt-BR\",\"@id\":\"https:\/\/www.codental.com.br\/blog\/wp-content\/uploads\/2022\/11\/WhatsApp-Image-2022-11-23-at-18.30.21-343x240.jpeg\",\"url\":\"https:\/\/www.codental.com.br\/blog\/wp-content\/uploads\/2022\/11\/WhatsApp-Image-2022-11-23-at-18.30.21-343x240.jpeg\",\"contentUrl\":\"https:\/\/www.codental.com.br\/blog\/wp-content\/uploads\/2022\/11\/WhatsApp-Image-2022-11-23-at-18.30.21-343x240.jpeg\",\"caption\":\"Jaqueline\"},\"description\":\"Mineira, 38 anos. Dentista cl\u00ednica geral e jornalista. Apaixonada por artes, m\u00fasica e culin\u00e1ria, um trio perfeito para bons encontros com os amigos.\",\"url\":\"https:\/\/www.codental.com.br\/blog\/author\/jackeline\/\"}]}<\/script>\n<!-- \/ Yoast SEO plugin. -->","yoast_head_json":{"title":"Gengiva inflamada: saiba tudo sobre esse problema","description":"Saiba como tratar a gengiva inflamada, suas causas, como identificar seus sintomas e caracter\u00edsticas clinicas?","robots":{"index":"index","follow":"follow","max-snippet":"max-snippet:-1","max-image-preview":"max-image-preview:large","max-video-preview":"max-video-preview:-1"},"canonical":"https:\/\/www.codental.com.br\/blog\/gengiva-inflamada-saiba-tudo-sobre-esse-problema\/","og_locale":"pt_BR","og_type":"article","og_title":"Gengiva inflamada: saiba tudo sobre esse problema","og_description":"Saiba como tratar a gengiva inflamada, suas causas, como identificar seus sintomas e caracter\u00edsticas clinicas?","og_url":"https:\/\/www.codental.com.br\/blog\/gengiva-inflamada-saiba-tudo-sobre-esse-problema\/","og_site_name":"Codental Blog","article_publisher":"http:\/\/www.facebook.com\/codentalbr","article_published_time":"2023-02-23T20:00:00+00:00","og_image":[{"width":1010,"height":550,"url":"https:\/\/www.codental.com.br\/blog\/wp-content\/uploads\/2023\/02\/Gengiva-inflamada.jpg","type":"image\/jpeg"}],"author":"Jaqueline","twitter_card":"summary_large_image","twitter_creator":"@CodentalBr","twitter_site":"@CodentalBr","twitter_misc":{"Escrito por":"Jaqueline","Est. tempo de leitura":"7 minutos"},"schema":{"@context":"https:\/\/schema.org","@graph":[{"@type":"Article","@id":"https:\/\/www.codental.com.br\/blog\/gengiva-inflamada-saiba-tudo-sobre-esse-problema\/#article","isPartOf":{"@id":"https:\/\/www.codental.com.br\/blog\/gengiva-inflamada-saiba-tudo-sobre-esse-problema\/"},"author":{"name":"Jaqueline","@id":"https:\/\/www.codental.com.br\/blog\/#\/schema\/person\/7506ab8d7a0b35cdfe68fae4ee2f9277"},"headline":"Gengiva inflamada: saiba tudo sobre esse problema","datePublished":"2023-02-23T20:00:00+00:00","mainEntityOfPage":{"@id":"https:\/\/www.codental.com.br\/blog\/gengiva-inflamada-saiba-tudo-sobre-esse-problema\/"},"wordCount":1391,"commentCount":0,"publisher":{"@id":"https:\/\/www.codental.com.br\/blog\/#organization"},"image":{"@id":"https:\/\/www.codental.com.br\/blog\/gengiva-inflamada-saiba-tudo-sobre-esse-problema\/#primaryimage"},"thumbnailUrl":"https:\/\/www.codental.com.br\/blog\/wp-content\/uploads\/2023\/02\/Gengiva-inflamada.jpg","keywords":["Gengiva inflamada","Gengivite","periodontite"],"articleSection":["Doen\u00e7as odontol\u00f3gicas"],"inLanguage":"pt-BR","potentialAction":[{"@type":"CommentAction","name":"Comment","target":["https:\/\/www.codental.com.br\/blog\/gengiva-inflamada-saiba-tudo-sobre-esse-problema\/#respond"]}]},{"@type":"WebPage","@id":"https:\/\/www.codental.com.br\/blog\/gengiva-inflamada-saiba-tudo-sobre-esse-problema\/","url":"https:\/\/www.codental.com.br\/blog\/gengiva-inflamada-saiba-tudo-sobre-esse-problema\/","name":"Gengiva inflamada: saiba tudo sobre esse problema","isPartOf":{"@id":"https:\/\/www.codental.com.br\/blog\/#website"},"primaryImageOfPage":{"@id":"https:\/\/www.codental.com.br\/blog\/gengiva-inflamada-saiba-tudo-sobre-esse-problema\/#primaryimage"},"image":{"@id":"https:\/\/www.codental.com.br\/blog\/gengiva-inflamada-saiba-tudo-sobre-esse-problema\/#primaryimage"},"thumbnailUrl":"https:\/\/www.codental.com.br\/blog\/wp-content\/uploads\/2023\/02\/Gengiva-inflamada.jpg","datePublished":"2023-02-23T20:00:00+00:00","description":"Saiba como tratar a gengiva inflamada, suas causas, como identificar seus sintomas e caracter\u00edsticas clinicas?","breadcrumb":{"@id":"https:\/\/www.codental.com.br\/blog\/gengiva-inflamada-saiba-tudo-sobre-esse-problema\/#breadcrumb"},"inLanguage":"pt-BR","potentialAction":[{"@type":"ReadAction","target":["https:\/\/www.codental.com.br\/blog\/gengiva-inflamada-saiba-tudo-sobre-esse-problema\/"]}]},{"@type":"ImageObject","inLanguage":"pt-BR","@id":"https:\/\/www.codental.com.br\/blog\/gengiva-inflamada-saiba-tudo-sobre-esse-problema\/#primaryimage","url":"https:\/\/www.codental.com.br\/blog\/wp-content\/uploads\/2023\/02\/Gengiva-inflamada.jpg","contentUrl":"https:\/\/www.codental.com.br\/blog\/wp-content\/uploads\/2023\/02\/Gengiva-inflamada.jpg","width":1010,"height":550,"caption":"Gengiva inflamada"},{"@type":"BreadcrumbList","@id":"https:\/\/www.codental.com.br\/blog\/gengiva-inflamada-saiba-tudo-sobre-esse-problema\/#breadcrumb","itemListElement":[{"@type":"ListItem","position":1,"name":"In\u00edcio","item":"https:\/\/www.codental.com.br\/blog\/"},{"@type":"ListItem","position":2,"name":"Gengiva inflamada: saiba tudo sobre esse problema"}]},{"@type":"WebSite","@id":"https:\/\/www.codental.com.br\/blog\/#website","url":"https:\/\/www.codental.com.br\/blog\/","name":"Codental Blog","description":"Artigos e not\u00edcias sobre odontologia","publisher":{"@id":"https:\/\/www.codental.com.br\/blog\/#organization"},"potentialAction":[{"@type":"SearchAction","target":{"@type":"EntryPoint","urlTemplate":"https:\/\/www.codental.com.br\/blog\/?s={search_term_string}"},"query-input":{"@type":"PropertyValueSpecification","valueRequired":true,"valueName":"search_term_string"}}],"inLanguage":"pt-BR"},{"@type":"Organization","@id":"https:\/\/www.codental.com.br\/blog\/#organization","name":"Codental","url":"https:\/\/codental.com.br\/","logo":{"@type":"ImageObject","inLanguage":"pt-BR","@id":"https:\/\/www.codental.com.br\/blog\/#\/schema\/logo\/image\/","url":"https:\/\/www.codental.com.br\/blog\/wp-content\/uploads\/2018\/10\/logo.png","contentUrl":"https:\/\/www.codental.com.br\/blog\/wp-content\/uploads\/2018\/10\/logo.png","width":1200,"height":300,"caption":"Codental"},"image":{"@id":"https:\/\/www.codental.com.br\/blog\/#\/schema\/logo\/image\/"},"sameAs":["http:\/\/www.facebook.com\/codentalbr","https:\/\/x.com\/CodentalBr","https:\/\/www.instagram.com\/codentalbr\/"]},{"@type":"Person","@id":"https:\/\/www.codental.com.br\/blog\/#\/schema\/person\/7506ab8d7a0b35cdfe68fae4ee2f9277","name":"Jaqueline","image":{"@type":"ImageObject","inLanguage":"pt-BR","@id":"https:\/\/www.codental.com.br\/blog\/wp-content\/uploads\/2022\/11\/WhatsApp-Image-2022-11-23-at-18.30.21-343x240.jpeg","url":"https:\/\/www.codental.com.br\/blog\/wp-content\/uploads\/2022\/11\/WhatsApp-Image-2022-11-23-at-18.30.21-343x240.jpeg","contentUrl":"https:\/\/www.codental.com.br\/blog\/wp-content\/uploads\/2022\/11\/WhatsApp-Image-2022-11-23-at-18.30.21-343x240.jpeg","caption":"Jaqueline"},"description":"Mineira, 38 anos. Dentista cl\u00ednica geral e jornalista. Apaixonada por artes, m\u00fasica e culin\u00e1ria, um trio perfeito para bons encontros com os amigos.","url":"https:\/\/www.codental.com.br\/blog\/author\/jackeline\/"}]}},"_links":{"self":[{"href":"https:\/\/www.codental.com.br\/blog\/wp-json\/wp\/v2\/posts\/2530","targetHints":{"allow":["GET"]}}],"collection":[{"href":"https:\/\/www.codental.com.br\/blog\/wp-json\/wp\/v2\/posts"}],"about":[{"href":"https:\/\/www.codental.com.br\/blog\/wp-json\/wp\/v2\/types\/post"}],"author":[{"embeddable":true,"href":"https:\/\/www.codental.com.br\/blog\/wp-json\/wp\/v2\/users\/30"}],"replies":[{"embeddable":true,"href":"https:\/\/www.codental.com.br\/blog\/wp-json\/wp\/v2\/comments?post=2530"}],"version-history":[{"count":21,"href":"https:\/\/www.codental.com.br\/blog\/wp-json\/wp\/v2\/posts\/2530\/revisions"}],"predecessor-version":[{"id":2859,"href":"https:\/\/www.codental.com.br\/blog\/wp-json\/wp\/v2\/posts\/2530\/revisions\/2859"}],"wp:featuredmedia":[{"embeddable":true,"href":"https:\/\/www.codental.com.br\/blog\/wp-json\/wp\/v2\/media\/2852"}],"wp:attachment":[{"href":"https:\/\/www.codental.com.br\/blog\/wp-json\/wp\/v2\/media?parent=2530"}],"wp:term":[{"taxonomy":"category","embeddable":true,"href":"https:\/\/www.codental.com.br\/blog\/wp-json\/wp\/v2\/categories?post=2530"},{"taxonomy":"post_tag","embeddable":true,"href":"https:\/\/www.codental.com.br\/blog\/wp-json\/wp\/v2\/tags?post=2530"}],"curies":[{"name":"wp","href":"https:\/\/api.w.org\/{rel}","templated":true}]}}