{"id":2502,"date":"2023-02-12T17:00:00","date_gmt":"2023-02-12T20:00:00","guid":{"rendered":"https:\/\/www.codental.com.br\/blog\/?p=2502"},"modified":"2023-02-10T21:33:27","modified_gmt":"2023-02-11T00:33:27","slug":"afta-saiba-tudo-sobre-essas-terriveis-lesoes","status":"publish","type":"post","link":"https:\/\/www.codental.com.br\/blog\/afta-saiba-tudo-sobre-essas-terriveis-lesoes\/","title":{"rendered":"Afta: saiba tudo sobre essas terr\u00edveis les\u00f5es"},"content":{"rendered":"\n<p>A afta caracteriza-se por les\u00f5es abertas, esbranqui\u00e7adas, com bordas vermelhas, dolorosas, que surgem na superf\u00edcie da mucosa bucal, no l\u00e1bio interno, c\u00e9u da boca, bochecha, l\u00edngua e raramente na garganta. Confira mais sobre esse problema comum, que atinge v\u00e1rios pacientes.<\/p>\n\n\n\n<h2 class=\"wp-block-heading\">Como ocorre a afta<\/h2>\n\n\n\n<p>A afta come\u00e7a devido a uma les\u00e3o na camada superficial da mucosa da boca, o tecido epitelial. Com a ruptura do epit\u00e9lio, ocorre a exposi\u00e7\u00e3o do tecido conjuntivo. Dessa maneira, o sistema imunol\u00f3gico, encaminha linf\u00f3citos que se aglomeram na regi\u00e3o, na tentativa de regenera\u00e7\u00e3o, dando origem a uma inflama\u00e7\u00e3o no local.<\/p>\n\n\n\n<p>Esse trauma gerado, atrai microrganismos que habitam a cavidade bucal, agravando o estado inflamat\u00f3rio.<\/p>\n\n\n\n<p>Como o tecido conjuntivo possui muitas termina\u00e7\u00f5es nervosas, o paciente ir\u00e1 se queixar de dor, ard\u00eancia e coceira. Al\u00e9m disso, ocorre o formato caracter\u00edstico da afta, uma cobertura \u00famida e esbranqui\u00e7ada.<\/p>\n\n\n\n<h2 class=\"wp-block-heading\">Causas da afta<\/h2>\n\n\n\n<p>De maneira geral, ainda n\u00e3o s\u00e3o conhecidas as reais causas das aftas, pois existem outras patologias que se desenvolvem na cavidade bucal, l\u00e1bios, l\u00edngua, bochecha e gengiva, que apresentam aspectos iniciais bastante semelhantes.<\/p>\n\n\n\n<p>Entretanto, algumas poss\u00edveis causas do aparecimento das aftas podem ser: consumo de alimentos mais condimentados, frutas c\u00edtricas e \u00e1cidas, estresse, mudan\u00e7as hormonais, traumas mec\u00e2nicos, queimaduras por alimentos s\u00f3lidos ou l\u00edquidos, predisposi\u00e7\u00e3o gen\u00e9tica, refluxos estomacais, ansiedade, uso de alguns medicamentos, subst\u00e2ncias que queimam, v\u00edrus e bact\u00e9rias.<\/p>\n\n\n\n<p>Sabe-se que as aftas s\u00e3o mais comuns em mulheres, al\u00e9m de um sistema imunol\u00f3gico debilitado, car\u00eancia de vitamina B12 e doen\u00e7as inflamat\u00f3rias do sistema digestivo tamb\u00e9m contribuem para o aparecimento dessas les\u00f5es.<\/p>\n\n\n\n<p>Existem tamb\u00e9m as aftas recorrentes, que est\u00e3o normalmente associadas a um quadro emocional e estresse. Essa condi\u00e7\u00e3o pode aparecer em qualquer idade, por\u00e9m com mais frequ\u00eancia no sexo feminino.<\/p>\n\n\n\n<p>\u00c9 muito importante o dentista saber diferenciar a les\u00e3o da afta, pela les\u00e3o provocada pelo herpes, pois s\u00e3o bem diferentes. Isto posto, devemos ressaltar que o v\u00edrus do herpes n\u00e3o gera aftas.<\/p>\n\n\n\n<p>Ainda, outras les\u00f5es sugestivas de aftas tamb\u00e9m ocorrem por outros problemas, como dentes mal posicionados na arcada dent\u00e1ria, restaura\u00e7\u00f5es faturadas, bordas cortantes dos dentes, dentes cariados, pr\u00f3teses mal adaptadas, mordidas acidentais e h\u00e1bito de suc\u00e7\u00e3o do l\u00e1bio e l\u00edngua.<\/p>\n\n\n\n<h2 class=\"wp-block-heading\">Sintomas da afta<\/h2>\n\n\n\n<p>Os sintomas relacionados a essas les\u00f5es podem aparecer um ou dois dias antes de a afta surgir. Dessa maneira, \u00e9 muito comum o paciente relatar o surgimento de um ardor ou um tipo de queima\u00e7\u00e3o na regi\u00e3o afetada. Todavia, quando as aftas aparecem em grande n\u00famero, pode ser dif\u00edcil engolir alimentos ou l\u00edquidos, especialmente os mais \u00e1cidos e duros.<\/p>\n\n\n\n<p>Eventualmente, o aparecimento de aftas, quando mais severas, podem ocasionar g\u00e2nglios no pesco\u00e7o, as famosas \u00ednguas, al\u00e9m de cansa\u00e7o e febre.<\/p>\n\n\n\n<h2 class=\"wp-block-heading\">Diagn\u00f3stico e tratamento da afta<\/h2>\n\n\n\n<p>N\u00e3o existe um exame espec\u00edfico para diagnosticar as aftas. Sendo assim, \u00e9 poss\u00edvel identific\u00e1-las com o exame cl\u00ednico. Por\u00e9m, em alguns casos, pode ser necess\u00e1ria uma bi\u00f3psia da les\u00e3o, caso houver suspeitas de outras doen\u00e7as.<\/p>\n\n\n\n<p>A afta costuma se resolver naturalmente, levando de 10 a 14 dias para desaparecer completamente. No entanto, se o paciente relatar muito inc\u00f4modo ao comer, \u00e9 poss\u00edvel usar alguns medicamentos e pomadas t\u00f3picas, aplicadas sobre a afta, que costumam reduzir a inflama\u00e7\u00e3o, aliviando a dor. Algumas orienta\u00e7\u00f5es e indica\u00e7\u00f5es podem ser feitas como:<\/p>\n\n\n\n<h3 class=\"wp-block-heading\">Prescri\u00e7\u00e3o de f\u00e1rmacos<\/h3>\n\n\n\n<p>Se o paciente relatar muita dor ou dificuldade de deglutir, deve-se recorrer a tratamentos sintom\u00e1ticos, como os bochechos com medicamentos anti-inflamat\u00f3rios e analg\u00e9sicos, assim como \u00e0 aplica\u00e7\u00e3o de pomadas para uso oral com analg\u00e9sicos. Entretanto, em casos mais graves, pode ser necess\u00e1rio o uso de anti-inflamat\u00f3rios sist\u00eamicos, ou medicamentos para reduzir a acidez estomacal.<\/p>\n\n\n\n<h3 class=\"wp-block-heading\">Orienta\u00e7\u00e3o sobre alimenta\u00e7\u00e3o e demais cuidados<\/h3>\n\n\n\n<p>Deve-se recomendar ao paciente a ingest\u00e3o de legumes e vegetais escuros, como couve. Esses alimentos possuem vitaminas do complexo B e ferro, que ajudam na mucosa bucal, al\u00e9m de sua defici\u00eancia tamb\u00e9m ocasionar aftas. Ainda, deve-se orientar o paciente a evitar alimentos muito temperados ou \u00e1cidos, para evitar uma irrita\u00e7\u00e3o ainda maior no local.<\/p>\n\n\n\n<p>Outra orienta\u00e7\u00e3o importante ao paciente \u00e9 sobre a escova\u00e7\u00e3o, que deve ser de forma suave, enquanto houver a les\u00e3o. Ainda, indicar quebrar pequenos peda\u00e7os de gelo e deix\u00e1-los derreter na boca, \u00e9 uma medida acess\u00edvel e natural para aliviar a irrita\u00e7\u00e3o.<\/p>\n\n\n\n<h3 class=\"wp-block-heading\">Novas tecnologias de tratamento de afta<\/h3>\n\n\n\n<p>Atualmente, em casos mais severos e agressivos de aftas, \u00e9 poss\u00edvel a utiliza\u00e7\u00e3o de lasers terap\u00eauticos de baixa pot\u00eancia na les\u00e3o, para ocorrer a acelera\u00e7\u00e3o da cicatriza\u00e7\u00e3o. Entretanto, a maioria das aftas costuma desaparecer em at\u00e9 14 dias, sem a necessidade de interven\u00e7\u00e3o.<\/p>\n","protected":false},"excerpt":{"rendered":"<p>A afta caracteriza-se por les\u00f5es abertas, esbranqui\u00e7adas, com bordas vermelhas, dolorosas, que surgem na&#8230;<\/p>\n","protected":false},"author":16,"featured_media":2733,"comment_status":"closed","ping_status":"closed","sticky":false,"template":"","format":"standard","meta":{"_target_audience":"","footnotes":""},"categories":[247],"tags":[360,361,362],"class_list":["post-2502","post","type-post","status-publish","format-standard","has-post-thumbnail","hentry","category-doencas-odontologicas","tag-afta","tag-causas-da-afta","tag-tratamento-para-afta"],"yoast_head":"<!-- This site is optimized with the Yoast SEO plugin v27.2 - https:\/\/yoast.com\/product\/yoast-seo-wordpress\/ -->\n<title>Afta: saiba tudo sobre essas terr\u00edveis les\u00f5es<\/title>\n<meta name=\"description\" content=\"A afta \u00e9 uma terr\u00edvel les\u00e3o que pode acometer v\u00e1rios pacientes. Confira tudo sobre esse problema e saiba como ajud\u00e1-los.\" \/>\n<meta name=\"robots\" content=\"index, follow, max-snippet:-1, max-image-preview:large, max-video-preview:-1\" \/>\n<link rel=\"canonical\" href=\"https:\/\/www.codental.com.br\/blog\/afta-saiba-tudo-sobre-essas-terriveis-lesoes\/\" \/>\n<meta property=\"og:locale\" content=\"pt_BR\" \/>\n<meta property=\"og:type\" content=\"article\" \/>\n<meta property=\"og:title\" content=\"Afta: saiba tudo sobre essas terr\u00edveis les\u00f5es\" \/>\n<meta property=\"og:description\" content=\"A afta \u00e9 uma terr\u00edvel les\u00e3o que pode acometer v\u00e1rios pacientes. Confira tudo sobre esse problema e saiba como ajud\u00e1-los.\" \/>\n<meta property=\"og:url\" content=\"https:\/\/www.codental.com.br\/blog\/afta-saiba-tudo-sobre-essas-terriveis-lesoes\/\" \/>\n<meta property=\"og:site_name\" content=\"Codental Blog\" \/>\n<meta property=\"article:publisher\" content=\"http:\/\/www.facebook.com\/codentalbr\" \/>\n<meta property=\"article:published_time\" content=\"2023-02-12T20:00:00+00:00\" \/>\n<meta property=\"og:image\" content=\"https:\/\/www.codental.com.br\/blog\/wp-content\/uploads\/2023\/01\/Afta.jpg\" \/>\n\t<meta property=\"og:image:width\" content=\"1010\" \/>\n\t<meta property=\"og:image:height\" content=\"550\" \/>\n\t<meta property=\"og:image:type\" content=\"image\/jpeg\" \/>\n<meta name=\"author\" content=\"Juliana Costa\" \/>\n<meta name=\"twitter:card\" content=\"summary_large_image\" \/>\n<meta name=\"twitter:creator\" content=\"@CodentalBr\" \/>\n<meta name=\"twitter:site\" content=\"@CodentalBr\" \/>\n<meta name=\"twitter:label1\" content=\"Escrito por\" \/>\n\t<meta name=\"twitter:data1\" content=\"Juliana Costa\" \/>\n\t<meta name=\"twitter:label2\" content=\"Est. tempo de leitura\" \/>\n\t<meta name=\"twitter:data2\" content=\"5 minutos\" \/>\n<script type=\"application\/ld+json\" class=\"yoast-schema-graph\">{\"@context\":\"https:\/\/schema.org\",\"@graph\":[{\"@type\":\"Article\",\"@id\":\"https:\/\/www.codental.com.br\/blog\/afta-saiba-tudo-sobre-essas-terriveis-lesoes\/#article\",\"isPartOf\":{\"@id\":\"https:\/\/www.codental.com.br\/blog\/afta-saiba-tudo-sobre-essas-terriveis-lesoes\/\"},\"author\":{\"name\":\"Juliana Costa\",\"@id\":\"https:\/\/www.codental.com.br\/blog\/#\/schema\/person\/5d75a676c9e6f6bbbe61623d4d068ad7\"},\"headline\":\"Afta: saiba tudo sobre essas terr\u00edveis les\u00f5es\",\"datePublished\":\"2023-02-12T20:00:00+00:00\",\"mainEntityOfPage\":{\"@id\":\"https:\/\/www.codental.com.br\/blog\/afta-saiba-tudo-sobre-essas-terriveis-lesoes\/\"},\"wordCount\":857,\"publisher\":{\"@id\":\"https:\/\/www.codental.com.br\/blog\/#organization\"},\"image\":{\"@id\":\"https:\/\/www.codental.com.br\/blog\/afta-saiba-tudo-sobre-essas-terriveis-lesoes\/#primaryimage\"},\"thumbnailUrl\":\"https:\/\/www.codental.com.br\/blog\/wp-content\/uploads\/2023\/01\/Afta.jpg\",\"keywords\":[\"Afta\",\"Causas da afta\",\"Tratamento para afta\"],\"articleSection\":[\"Doen\u00e7as odontol\u00f3gicas\"],\"inLanguage\":\"pt-BR\"},{\"@type\":\"WebPage\",\"@id\":\"https:\/\/www.codental.com.br\/blog\/afta-saiba-tudo-sobre-essas-terriveis-lesoes\/\",\"url\":\"https:\/\/www.codental.com.br\/blog\/afta-saiba-tudo-sobre-essas-terriveis-lesoes\/\",\"name\":\"Afta: saiba tudo sobre essas terr\u00edveis les\u00f5es\",\"isPartOf\":{\"@id\":\"https:\/\/www.codental.com.br\/blog\/#website\"},\"primaryImageOfPage\":{\"@id\":\"https:\/\/www.codental.com.br\/blog\/afta-saiba-tudo-sobre-essas-terriveis-lesoes\/#primaryimage\"},\"image\":{\"@id\":\"https:\/\/www.codental.com.br\/blog\/afta-saiba-tudo-sobre-essas-terriveis-lesoes\/#primaryimage\"},\"thumbnailUrl\":\"https:\/\/www.codental.com.br\/blog\/wp-content\/uploads\/2023\/01\/Afta.jpg\",\"datePublished\":\"2023-02-12T20:00:00+00:00\",\"description\":\"A afta \u00e9 uma terr\u00edvel les\u00e3o que pode acometer v\u00e1rios pacientes. Confira tudo sobre esse problema e saiba como ajud\u00e1-los.\",\"breadcrumb\":{\"@id\":\"https:\/\/www.codental.com.br\/blog\/afta-saiba-tudo-sobre-essas-terriveis-lesoes\/#breadcrumb\"},\"inLanguage\":\"pt-BR\",\"potentialAction\":[{\"@type\":\"ReadAction\",\"target\":[\"https:\/\/www.codental.com.br\/blog\/afta-saiba-tudo-sobre-essas-terriveis-lesoes\/\"]}]},{\"@type\":\"ImageObject\",\"inLanguage\":\"pt-BR\",\"@id\":\"https:\/\/www.codental.com.br\/blog\/afta-saiba-tudo-sobre-essas-terriveis-lesoes\/#primaryimage\",\"url\":\"https:\/\/www.codental.com.br\/blog\/wp-content\/uploads\/2023\/01\/Afta.jpg\",\"contentUrl\":\"https:\/\/www.codental.com.br\/blog\/wp-content\/uploads\/2023\/01\/Afta.jpg\",\"width\":1010,\"height\":550,\"caption\":\"Afta\"},{\"@type\":\"BreadcrumbList\",\"@id\":\"https:\/\/www.codental.com.br\/blog\/afta-saiba-tudo-sobre-essas-terriveis-lesoes\/#breadcrumb\",\"itemListElement\":[{\"@type\":\"ListItem\",\"position\":1,\"name\":\"In\u00edcio\",\"item\":\"https:\/\/www.codental.com.br\/blog\/\"},{\"@type\":\"ListItem\",\"position\":2,\"name\":\"Afta: saiba tudo sobre essas terr\u00edveis les\u00f5es\"}]},{\"@type\":\"WebSite\",\"@id\":\"https:\/\/www.codental.com.br\/blog\/#website\",\"url\":\"https:\/\/www.codental.com.br\/blog\/\",\"name\":\"Codental Blog\",\"description\":\"Artigos e not\u00edcias sobre odontologia\",\"publisher\":{\"@id\":\"https:\/\/www.codental.com.br\/blog\/#organization\"},\"potentialAction\":[{\"@type\":\"SearchAction\",\"target\":{\"@type\":\"EntryPoint\",\"urlTemplate\":\"https:\/\/www.codental.com.br\/blog\/?s={search_term_string}\"},\"query-input\":{\"@type\":\"PropertyValueSpecification\",\"valueRequired\":true,\"valueName\":\"search_term_string\"}}],\"inLanguage\":\"pt-BR\"},{\"@type\":\"Organization\",\"@id\":\"https:\/\/www.codental.com.br\/blog\/#organization\",\"name\":\"Codental\",\"url\":\"https:\/\/codental.com.br\/\",\"logo\":{\"@type\":\"ImageObject\",\"inLanguage\":\"pt-BR\",\"@id\":\"https:\/\/www.codental.com.br\/blog\/#\/schema\/logo\/image\/\",\"url\":\"https:\/\/www.codental.com.br\/blog\/wp-content\/uploads\/2018\/10\/logo.png\",\"contentUrl\":\"https:\/\/www.codental.com.br\/blog\/wp-content\/uploads\/2018\/10\/logo.png\",\"width\":1200,\"height\":300,\"caption\":\"Codental\"},\"image\":{\"@id\":\"https:\/\/www.codental.com.br\/blog\/#\/schema\/logo\/image\/\"},\"sameAs\":[\"http:\/\/www.facebook.com\/codentalbr\",\"https:\/\/x.com\/CodentalBr\",\"https:\/\/www.instagram.com\/codentalbr\/\"]},{\"@type\":\"Person\",\"@id\":\"https:\/\/www.codental.com.br\/blog\/#\/schema\/person\/5d75a676c9e6f6bbbe61623d4d068ad7\",\"name\":\"Juliana Costa\",\"image\":{\"@type\":\"ImageObject\",\"inLanguage\":\"pt-BR\",\"@id\":\"https:\/\/www.codental.com.br\/blog\/wp-content\/uploads\/2022\/11\/WhatsApp-Image-2022-10-27-at-08.36.04-343x240.jpeg\",\"url\":\"https:\/\/www.codental.com.br\/blog\/wp-content\/uploads\/2022\/11\/WhatsApp-Image-2022-10-27-at-08.36.04-343x240.jpeg\",\"contentUrl\":\"https:\/\/www.codental.com.br\/blog\/wp-content\/uploads\/2022\/11\/WhatsApp-Image-2022-10-27-at-08.36.04-343x240.jpeg\",\"caption\":\"Juliana Costa\"},\"description\":\"Mineira, 28 anos. Redatora e revisora do blog do Codental. Estudante de nutri\u00e7\u00e3o, apaixonada por ci\u00eancia, arte, bons livros e chocolate. Casada e m\u00e3e de uma doce menininha, acredita que o melhor da vida \u00e9 poder compartilhar bons momentos entre amigos e fam\u00edlia!\",\"sameAs\":[\"https:\/\/www.instagram.com\/juliana_costa\/\"],\"url\":\"https:\/\/www.codental.com.br\/blog\/author\/juliana\/\"}]}<\/script>\n<!-- \/ Yoast SEO plugin. -->","yoast_head_json":{"title":"Afta: saiba tudo sobre essas terr\u00edveis les\u00f5es","description":"A afta \u00e9 uma terr\u00edvel les\u00e3o que pode acometer v\u00e1rios pacientes. Confira tudo sobre esse problema e saiba como ajud\u00e1-los.","robots":{"index":"index","follow":"follow","max-snippet":"max-snippet:-1","max-image-preview":"max-image-preview:large","max-video-preview":"max-video-preview:-1"},"canonical":"https:\/\/www.codental.com.br\/blog\/afta-saiba-tudo-sobre-essas-terriveis-lesoes\/","og_locale":"pt_BR","og_type":"article","og_title":"Afta: saiba tudo sobre essas terr\u00edveis les\u00f5es","og_description":"A afta \u00e9 uma terr\u00edvel les\u00e3o que pode acometer v\u00e1rios pacientes. Confira tudo sobre esse problema e saiba como ajud\u00e1-los.","og_url":"https:\/\/www.codental.com.br\/blog\/afta-saiba-tudo-sobre-essas-terriveis-lesoes\/","og_site_name":"Codental Blog","article_publisher":"http:\/\/www.facebook.com\/codentalbr","article_published_time":"2023-02-12T20:00:00+00:00","og_image":[{"width":1010,"height":550,"url":"https:\/\/www.codental.com.br\/blog\/wp-content\/uploads\/2023\/01\/Afta.jpg","type":"image\/jpeg"}],"author":"Juliana Costa","twitter_card":"summary_large_image","twitter_creator":"@CodentalBr","twitter_site":"@CodentalBr","twitter_misc":{"Escrito por":"Juliana Costa","Est. tempo de leitura":"5 minutos"},"schema":{"@context":"https:\/\/schema.org","@graph":[{"@type":"Article","@id":"https:\/\/www.codental.com.br\/blog\/afta-saiba-tudo-sobre-essas-terriveis-lesoes\/#article","isPartOf":{"@id":"https:\/\/www.codental.com.br\/blog\/afta-saiba-tudo-sobre-essas-terriveis-lesoes\/"},"author":{"name":"Juliana Costa","@id":"https:\/\/www.codental.com.br\/blog\/#\/schema\/person\/5d75a676c9e6f6bbbe61623d4d068ad7"},"headline":"Afta: saiba tudo sobre essas terr\u00edveis les\u00f5es","datePublished":"2023-02-12T20:00:00+00:00","mainEntityOfPage":{"@id":"https:\/\/www.codental.com.br\/blog\/afta-saiba-tudo-sobre-essas-terriveis-lesoes\/"},"wordCount":857,"publisher":{"@id":"https:\/\/www.codental.com.br\/blog\/#organization"},"image":{"@id":"https:\/\/www.codental.com.br\/blog\/afta-saiba-tudo-sobre-essas-terriveis-lesoes\/#primaryimage"},"thumbnailUrl":"https:\/\/www.codental.com.br\/blog\/wp-content\/uploads\/2023\/01\/Afta.jpg","keywords":["Afta","Causas da afta","Tratamento para afta"],"articleSection":["Doen\u00e7as odontol\u00f3gicas"],"inLanguage":"pt-BR"},{"@type":"WebPage","@id":"https:\/\/www.codental.com.br\/blog\/afta-saiba-tudo-sobre-essas-terriveis-lesoes\/","url":"https:\/\/www.codental.com.br\/blog\/afta-saiba-tudo-sobre-essas-terriveis-lesoes\/","name":"Afta: saiba tudo sobre essas terr\u00edveis les\u00f5es","isPartOf":{"@id":"https:\/\/www.codental.com.br\/blog\/#website"},"primaryImageOfPage":{"@id":"https:\/\/www.codental.com.br\/blog\/afta-saiba-tudo-sobre-essas-terriveis-lesoes\/#primaryimage"},"image":{"@id":"https:\/\/www.codental.com.br\/blog\/afta-saiba-tudo-sobre-essas-terriveis-lesoes\/#primaryimage"},"thumbnailUrl":"https:\/\/www.codental.com.br\/blog\/wp-content\/uploads\/2023\/01\/Afta.jpg","datePublished":"2023-02-12T20:00:00+00:00","description":"A afta \u00e9 uma terr\u00edvel les\u00e3o que pode acometer v\u00e1rios pacientes. Confira tudo sobre esse problema e saiba como ajud\u00e1-los.","breadcrumb":{"@id":"https:\/\/www.codental.com.br\/blog\/afta-saiba-tudo-sobre-essas-terriveis-lesoes\/#breadcrumb"},"inLanguage":"pt-BR","potentialAction":[{"@type":"ReadAction","target":["https:\/\/www.codental.com.br\/blog\/afta-saiba-tudo-sobre-essas-terriveis-lesoes\/"]}]},{"@type":"ImageObject","inLanguage":"pt-BR","@id":"https:\/\/www.codental.com.br\/blog\/afta-saiba-tudo-sobre-essas-terriveis-lesoes\/#primaryimage","url":"https:\/\/www.codental.com.br\/blog\/wp-content\/uploads\/2023\/01\/Afta.jpg","contentUrl":"https:\/\/www.codental.com.br\/blog\/wp-content\/uploads\/2023\/01\/Afta.jpg","width":1010,"height":550,"caption":"Afta"},{"@type":"BreadcrumbList","@id":"https:\/\/www.codental.com.br\/blog\/afta-saiba-tudo-sobre-essas-terriveis-lesoes\/#breadcrumb","itemListElement":[{"@type":"ListItem","position":1,"name":"In\u00edcio","item":"https:\/\/www.codental.com.br\/blog\/"},{"@type":"ListItem","position":2,"name":"Afta: saiba tudo sobre essas terr\u00edveis les\u00f5es"}]},{"@type":"WebSite","@id":"https:\/\/www.codental.com.br\/blog\/#website","url":"https:\/\/www.codental.com.br\/blog\/","name":"Codental Blog","description":"Artigos e not\u00edcias sobre odontologia","publisher":{"@id":"https:\/\/www.codental.com.br\/blog\/#organization"},"potentialAction":[{"@type":"SearchAction","target":{"@type":"EntryPoint","urlTemplate":"https:\/\/www.codental.com.br\/blog\/?s={search_term_string}"},"query-input":{"@type":"PropertyValueSpecification","valueRequired":true,"valueName":"search_term_string"}}],"inLanguage":"pt-BR"},{"@type":"Organization","@id":"https:\/\/www.codental.com.br\/blog\/#organization","name":"Codental","url":"https:\/\/codental.com.br\/","logo":{"@type":"ImageObject","inLanguage":"pt-BR","@id":"https:\/\/www.codental.com.br\/blog\/#\/schema\/logo\/image\/","url":"https:\/\/www.codental.com.br\/blog\/wp-content\/uploads\/2018\/10\/logo.png","contentUrl":"https:\/\/www.codental.com.br\/blog\/wp-content\/uploads\/2018\/10\/logo.png","width":1200,"height":300,"caption":"Codental"},"image":{"@id":"https:\/\/www.codental.com.br\/blog\/#\/schema\/logo\/image\/"},"sameAs":["http:\/\/www.facebook.com\/codentalbr","https:\/\/x.com\/CodentalBr","https:\/\/www.instagram.com\/codentalbr\/"]},{"@type":"Person","@id":"https:\/\/www.codental.com.br\/blog\/#\/schema\/person\/5d75a676c9e6f6bbbe61623d4d068ad7","name":"Juliana Costa","image":{"@type":"ImageObject","inLanguage":"pt-BR","@id":"https:\/\/www.codental.com.br\/blog\/wp-content\/uploads\/2022\/11\/WhatsApp-Image-2022-10-27-at-08.36.04-343x240.jpeg","url":"https:\/\/www.codental.com.br\/blog\/wp-content\/uploads\/2022\/11\/WhatsApp-Image-2022-10-27-at-08.36.04-343x240.jpeg","contentUrl":"https:\/\/www.codental.com.br\/blog\/wp-content\/uploads\/2022\/11\/WhatsApp-Image-2022-10-27-at-08.36.04-343x240.jpeg","caption":"Juliana Costa"},"description":"Mineira, 28 anos. Redatora e revisora do blog do Codental. Estudante de nutri\u00e7\u00e3o, apaixonada por ci\u00eancia, arte, bons livros e chocolate. Casada e m\u00e3e de uma doce menininha, acredita que o melhor da vida \u00e9 poder compartilhar bons momentos entre amigos e fam\u00edlia!","sameAs":["https:\/\/www.instagram.com\/juliana_costa\/"],"url":"https:\/\/www.codental.com.br\/blog\/author\/juliana\/"}]}},"_links":{"self":[{"href":"https:\/\/www.codental.com.br\/blog\/wp-json\/wp\/v2\/posts\/2502","targetHints":{"allow":["GET"]}}],"collection":[{"href":"https:\/\/www.codental.com.br\/blog\/wp-json\/wp\/v2\/posts"}],"about":[{"href":"https:\/\/www.codental.com.br\/blog\/wp-json\/wp\/v2\/types\/post"}],"author":[{"embeddable":true,"href":"https:\/\/www.codental.com.br\/blog\/wp-json\/wp\/v2\/users\/16"}],"replies":[{"embeddable":true,"href":"https:\/\/www.codental.com.br\/blog\/wp-json\/wp\/v2\/comments?post=2502"}],"version-history":[{"count":5,"href":"https:\/\/www.codental.com.br\/blog\/wp-json\/wp\/v2\/posts\/2502\/revisions"}],"predecessor-version":[{"id":2734,"href":"https:\/\/www.codental.com.br\/blog\/wp-json\/wp\/v2\/posts\/2502\/revisions\/2734"}],"wp:featuredmedia":[{"embeddable":true,"href":"https:\/\/www.codental.com.br\/blog\/wp-json\/wp\/v2\/media\/2733"}],"wp:attachment":[{"href":"https:\/\/www.codental.com.br\/blog\/wp-json\/wp\/v2\/media?parent=2502"}],"wp:term":[{"taxonomy":"category","embeddable":true,"href":"https:\/\/www.codental.com.br\/blog\/wp-json\/wp\/v2\/categories?post=2502"},{"taxonomy":"post_tag","embeddable":true,"href":"https:\/\/www.codental.com.br\/blog\/wp-json\/wp\/v2\/tags?post=2502"}],"curies":[{"name":"wp","href":"https:\/\/api.w.org\/{rel}","templated":true}]}}