{"id":2369,"date":"2023-02-09T17:00:00","date_gmt":"2023-02-09T20:00:00","guid":{"rendered":"https:\/\/www.codental.com.br\/blog\/?p=2369"},"modified":"2023-02-09T16:28:00","modified_gmt":"2023-02-09T19:28:00","slug":"saiba-tudo-sobre-carie-na-raiz-do-dente","status":"publish","type":"post","link":"https:\/\/www.codental.com.br\/blog\/saiba-tudo-sobre-carie-na-raiz-do-dente\/","title":{"rendered":"Saiba tudo sobre c\u00e1rie na raiz do dente"},"content":{"rendered":"\n<p>A c\u00e1rie tradicional, e a c\u00e1rie na raiz do dente, s\u00e3o doen\u00e7as muito prevalentes no mundo, causadas por tipos de bact\u00e9rias espec\u00edficas que corroem os dentes, desmineralizando-os. Contudo, essa perda de minerais, por a\u00e7\u00e3o bacteriana, corro\u00ed o esmalte do dente, e em casos mais avan\u00e7ados pode ir para baixo dele, como, por exemplo, na raiz do dente. <br><br>A<strong> <\/strong>c\u00e1rie em raiz dent\u00e1ria \u00e9 bastante comum e um dos principais motivos para a perda dos dentes. Os sintomas s\u00e3o dolorosos e de diagn\u00f3stico n\u00e3o t\u00e3o simples, devido a dif\u00edcil visualiza\u00e7\u00e3o, e por vezes \u00e9 confundida com sensibilidade dentin\u00e1ria. Essa les\u00e3o \u00e9 s\u00e9ria e em pouco tempo pode ocasionar graves les\u00f5es e perda de estruturas. <br><br>No artigo abaixo, n\u00f3s do Codental iremos ajudar voc\u00ea dentista a compreender melhor a etiologia, fisiopatologia e tratamentos da c\u00e1rie radicular. Fique por dentro j\u00e1!<\/p>\n\n\n\n<h2 class=\"wp-block-heading\"><strong>Etiologia e fisiopatologia da c\u00e1rie radicular<\/strong><\/h2>\n\n\n\n<p>Como j\u00e1 citado anteriormente, as c\u00e1ries s\u00e3o causadas pelo acometimento bacteriano que proporciona a desmineraliza\u00e7\u00e3o do dente. Elas s\u00e3o comumente manifestas por pontos pretos no dente a partir da regi\u00e3o supra-gengival.  Entretanto, as c\u00e1ries podem tamb\u00e9m manifestar-se a partir da lateral do dente. <br><br>Nesses casos, \u00e9 mais prop\u00edcio que a mesma infiltre-se nas regi\u00f5es mais profundas do dente a partir da \u00e1rea sub-gengival. Posteriormente estende-se pela dentina, at\u00e9 a raiz do dente, provocando um processo fisiopatol\u00f3gico mais s\u00e9rio e complexo. <br><br>Quando a c\u00e1rie chega na \u00e1rea da raiz do dente, h\u00e1 um risco enorme e \u00e9 comum que aconte\u00e7a a perda do dente. Isso se deve ao fato de que para o dentista fazer a restaura\u00e7\u00e3o dental, o mesmo necessita do acesso a toda a cavidade do dente (atingindo tanto os limites superiores quanto inferiores da c\u00e1rie).  <\/p>\n\n\n\n<h3 class=\"wp-block-heading\"><strong>Aumento da coroa cl\u00ednica <\/strong><\/h3>\n\n\n\n<p>Caso a c\u00e1rie ainda n\u00e3o tenha atingido a raiz em sua totalidade, mas sim somente a gengiva, h\u00e1 uma cirurgia chamada aumento de coroa clinica, a qual o dentista consegue resolver o problema, tendo uma diminui\u00e7\u00e3o muito grande das possibilidades de perda do dente.<br><\/p>\n\n\n\n<p>H\u00e1 um espa\u00e7o biol\u00f3gico de tempo de comprometimento das estruturas, que diz se vai dar ou n\u00e3o para fazer a cirurgia de coroa clinica e salvar o dente, caso esse tempo passe e se torne uma c\u00e1rie radicular, o dentista tera que fazer a retirada do dente para remover com precis\u00e3o e totalidade todas as estruturas comprometidas. <br><br>Conclui-se, que a c\u00e1rie radicular \u00e9 perigosa e muitas vezes pode levar, portanto, a perda do dente. <\/p>\n\n\n\n<h2 class=\"wp-block-heading\"><strong>Fatores que facilitam o aparecimento da c\u00e1rie na raiz do dente<\/strong><\/h2>\n\n\n\n<p>A alta incid\u00eancia de placas bacterianas associadas a uma dieta rica em carboidratos (sem a posterior higieniza\u00e7\u00e3o), faz com que haja o aparecimento de c\u00e1ries dent\u00e1rias, entretanto, alguns outros fatores tamb\u00e9m s\u00e3o preponderantes para um aparecimento mais prop\u00edcio de c\u00e1ries na raiz do dente, sendo eles: <br><br><strong>&#8211; Gengivite,<a href=\"https:\/\/www.codental.com.br\/blog\/periodontite-avancada\/?utm_source=blog&utm_medium=referral&utm_content=saiba-tudo-sobre-carie-na-raiz-do-dente\"> periodontite<\/a> ou retra\u00e7\u00e3o gengival; <br>&#8211; Posicionamento anat\u00f4mico dental inadequado; <br>&#8211; Cavidades radiculares provocadas por press\u00f5es desmedidas nos dentes; <br>&#8211; Aparelhos ortod\u00f4nticos; <\/strong><\/p>\n\n\n\n<h2 class=\"wp-block-heading\"><strong>Sintomatologia associada a c\u00e1rie radicular<\/strong><\/h2>\n\n\n\n<p>S\u00e3o sintomas cl\u00e1ssicos associados a c\u00e1rie radicular: a sensibilidade dent\u00e1ria, e dores durante a ingest\u00e3o de alimentos, de l\u00edquidos e alimentos resfriados. Al\u00e9m disso, se o desconforto sentido no consumo de certos alimentos n\u00e3o sessa depois de alguns minutos, ultrapassando o limite de sensibilidade, \u00e9 muito prov\u00e1vel que o processo de c\u00e1rie radicular j\u00e1 tenha se iniciado. <br><br>Outro processo que pode ocorre e ser bastante prejudicial, \u00e9 quando a c\u00e1rie se infiltra em ra\u00edzes tratadas previamente por processo endod\u00f4ntico (tratamentos de canal). Nesses casos a \u00fanica sintomatologia encontrada s\u00e3o as dores gengivais causadas pelas bact\u00e9rias. <br><br>A inexist\u00eancia nesses casos de dores nos dentes, torna o problema mais complexo, pois o mecanismo de dor no dente \u00e9 um dos indicativos imprescind\u00edveis de alerta de que algo n\u00e3o est\u00e1 funcionando corretamente. Sem esse mecanismo de alerta, a c\u00e1rie tende a se espalhar mais livremente, sendo um processo ainda mais grave. <\/p>\n\n\n\n<h2 class=\"wp-block-heading\"><strong>Tratamentos para a c\u00e1rie em raiz dent\u00e1ria <\/strong><\/h2>\n\n\n\n<p>O tratamento para a c\u00e1rie, bem como para diversas outras patologias associadas ao dente, continua sendo a preven\u00e7\u00e3o. Portanto, \u00e9 indispens\u00e1vel a visita regular do paciente ao dentista, para prevenir de poss\u00edveis desordens e manter a sa\u00fade bucal adequada. <br><br>Entretanto, h\u00e1 algumas alternativas de tratamento que dependem essencialmente da vitalidade pulpar e combina\u00e7\u00f5es de tratamento para recuperar o dente e a raiz infiltrada do mesmo. Dentre eles cabe citar: <br><br><strong>&#8211; Restaura\u00e7\u00e3o dental em resina associada a cirurgia gengival; <\/strong>onde ambos os procedimentos de restaura\u00e7\u00e3o s\u00e3o associados a gingivectomia ou <a href=\"https:\/\/www.codental.com.br\/blog\/gengivoplastia-saiba-tudo-sobre-esse-procedimento\/?utm_source=blog&utm_medium=referral&utm_content=saiba-tudo-sobre-carie-na-raiz-do-dente\">gengivoplastia<\/a>, realizados concomitantemente. Nesse procedimento h\u00e1 a facilita\u00e7\u00e3o da visualiza\u00e7\u00e3o do dente careado, dando livre acesso \u00e0s interven\u00e7\u00f5es do profissional dentista. <br><br><strong>&#8211; Pr\u00f3tese dent\u00e1ria;<\/strong> quando h\u00e1 uma severidade muito grande no diz-se respeito a comprometimento da raiz, pode ser necess\u00e1ria a utiliza\u00e7\u00e3o de pr\u00f3teses dent\u00e1rias fixas na t\u00e9cnica de coroa de porcelana para recuperar a estrutura perdida. Pode ser combinado com tratamento de canal, ou outros tratamentos. <br><br><strong>&#8211; Cirurgia pl\u00e1stica gengival;<\/strong> \u00e9 imprescind\u00edvel para a corre\u00e7\u00e3o est\u00e9tica do sorriso, al\u00e9m de proteger as superf\u00edcies da raiz e minimizar, ou inviabilizar, a deposi\u00e7\u00e3o de placas bacterianas. <\/p>\n\n\n\n<h2 class=\"wp-block-heading\"><strong>Retra\u00e7\u00e3o gengival como mecanismo para o aparecimento de c\u00e1rie no dente <\/strong><\/h2>\n\n\n\n<p>A <a href=\"https:\/\/livasaude.com.br\/quais-sao-as-causas-da-retracao-gengival\/#:~:text=A%20retra%C3%A7%C3%A3o%20gengival%20%C3%A9%20o,dor%20e%20deixando%20esteticamente%20desagrad%C3%A1vel.\">retra\u00e7\u00e3o gengival<\/a> pode ser um dos motivos para a dificuldade de remo\u00e7\u00e3o da placa bacteriana, isso favorece o aparecimento de gengivas inchadas, avermelhadas e devido a isso, o aparecimento tamb\u00e9m de uma infiltra\u00e7\u00e3o muito maior de c\u00e1rie nos dentes aos quais ela abriga.<br><br>Dessa forma, a retra\u00e7\u00e3o gengival \u00e9 um dos fatores que desencadeiam uma maior propens\u00e3o ao aparecimento de c\u00e1ries na raiz do dente. <\/p>\n\n\n\n<p>Al\u00e9m disso, h\u00e1 ainda o cemento. Ele \u00e9 uma camada que cobre a raiz do dente, \u00e9 sens\u00edvel e se degasta mais facilmente, principalmente quando exposto (quando n\u00e3o est\u00e1 recoberto pela gengiva). <br><br>\u00c9 de fundamental import\u00e2ncia, portanto, o cuidado integral com a gengiva. Dessa forma, ela n\u00e3o sofrer\u00e1 retra\u00e7\u00e3o e nem ficar\u00e1 pass\u00edvel a desgastes mais graves geradores de c\u00e1ries.<\/p>\n\n\n\n<h2 class=\"wp-block-heading\"><strong>Conclus\u00e3o <\/strong><\/h2>\n\n\n\n<p>Portanto, observa-se que as c\u00e1ries nas ra\u00edzes dos dentes s\u00e3o perigos\u00edssimas para a sa\u00fade bucal. Consequentemente, essa patologia relativamente comum, est\u00e1 relacionada ao comprometimento de v\u00e1rias estruturas bucais e a perda dos dentes. <br><br>Dessa forma, o cuidado integral da sa\u00fade bucal, a visita recorrente ao dentista, bem como a escova\u00e7\u00e3o di\u00e1ria dos dentes e a avalia\u00e7\u00e3o adequada das estruturas presentes na boca, s\u00e3o de fundamental import\u00e2ncia. A partir disso, haver\u00e1 uma qualidade de vida bucal e preven\u00e7\u00e3o de doen\u00e7as como a c\u00e1rie na raiz do dente. <br><br>Voc\u00ea dentista deve atentar-se a esse diagn\u00f3stico, aos cuidados necess\u00e1rios para essa patologia t\u00e3o comum. Esperamos que voc\u00ea, tenha gostado do artigo, tenha se informado e tirado suas d\u00favidas. <a href=\"o mais amado pelos dentistas.\"><br><\/a><br><br><\/p>\n","protected":false},"excerpt":{"rendered":"<p>A c\u00e1rie tradicional, e a c\u00e1rie na raiz do dente, s\u00e3o doen\u00e7as muito prevalentes&#8230;<\/p>\n","protected":false},"author":29,"featured_media":2704,"comment_status":"closed","ping_status":"closed","sticky":false,"template":"","format":"standard","meta":{"_target_audience":"","footnotes":""},"categories":[247],"tags":[355,354],"class_list":["post-2369","post","type-post","status-publish","format-standard","has-post-thumbnail","hentry","category-doencas-odontologicas","tag-carie-na-raiz-do-dente","tag-carie-radicular"],"yoast_head":"<!-- This site is optimized with the Yoast SEO plugin v27.2 - https:\/\/yoast.com\/product\/yoast-seo-wordpress\/ -->\n<title>Saiba tudo sobre c\u00e1rie na raiz do dente<\/title>\n<meta name=\"description\" content=\"Voc\u00ea dentista quer saber mais sobre a fisiopatologia e tratamento da c\u00e1rie na raiz do dente? Se sim, acesse j\u00e1 o site do codental!\" \/>\n<meta name=\"robots\" content=\"index, follow, max-snippet:-1, max-image-preview:large, max-video-preview:-1\" \/>\n<link rel=\"canonical\" href=\"https:\/\/www.codental.com.br\/blog\/saiba-tudo-sobre-carie-na-raiz-do-dente\/\" \/>\n<meta property=\"og:locale\" content=\"pt_BR\" \/>\n<meta property=\"og:type\" content=\"article\" \/>\n<meta property=\"og:title\" content=\"Saiba tudo sobre c\u00e1rie na raiz do dente\" \/>\n<meta property=\"og:description\" content=\"Voc\u00ea dentista quer saber mais sobre a fisiopatologia e tratamento da c\u00e1rie na raiz do dente? Se sim, acesse j\u00e1 o site do codental!\" \/>\n<meta property=\"og:url\" content=\"https:\/\/www.codental.com.br\/blog\/saiba-tudo-sobre-carie-na-raiz-do-dente\/\" \/>\n<meta property=\"og:site_name\" content=\"Codental Blog\" \/>\n<meta property=\"article:publisher\" content=\"http:\/\/www.facebook.com\/codentalbr\" \/>\n<meta property=\"article:published_time\" content=\"2023-02-09T20:00:00+00:00\" \/>\n<meta property=\"og:image\" content=\"https:\/\/www.codental.com.br\/blog\/wp-content\/uploads\/2023\/01\/Carie-na-raiz-do-dente.jpg\" \/>\n\t<meta property=\"og:image:width\" content=\"1010\" \/>\n\t<meta property=\"og:image:height\" content=\"550\" \/>\n\t<meta property=\"og:image:type\" content=\"image\/jpeg\" \/>\n<meta name=\"author\" content=\"Samuel Froes\" \/>\n<meta name=\"twitter:card\" content=\"summary_large_image\" \/>\n<meta name=\"twitter:creator\" content=\"@CodentalBr\" \/>\n<meta name=\"twitter:site\" content=\"@CodentalBr\" \/>\n<meta name=\"twitter:label1\" content=\"Escrito por\" \/>\n\t<meta name=\"twitter:data1\" content=\"Samuel Froes\" \/>\n\t<meta name=\"twitter:label2\" content=\"Est. tempo de leitura\" \/>\n\t<meta name=\"twitter:data2\" content=\"6 minutos\" \/>\n<script type=\"application\/ld+json\" class=\"yoast-schema-graph\">{\"@context\":\"https:\/\/schema.org\",\"@graph\":[{\"@type\":\"Article\",\"@id\":\"https:\/\/www.codental.com.br\/blog\/saiba-tudo-sobre-carie-na-raiz-do-dente\/#article\",\"isPartOf\":{\"@id\":\"https:\/\/www.codental.com.br\/blog\/saiba-tudo-sobre-carie-na-raiz-do-dente\/\"},\"author\":{\"name\":\"Samuel Froes\",\"@id\":\"https:\/\/www.codental.com.br\/blog\/#\/schema\/person\/38d829de610b140d5f6443d556360dde\"},\"headline\":\"Saiba tudo sobre c\u00e1rie na raiz do dente\",\"datePublished\":\"2023-02-09T20:00:00+00:00\",\"mainEntityOfPage\":{\"@id\":\"https:\/\/www.codental.com.br\/blog\/saiba-tudo-sobre-carie-na-raiz-do-dente\/\"},\"wordCount\":1221,\"publisher\":{\"@id\":\"https:\/\/www.codental.com.br\/blog\/#organization\"},\"image\":{\"@id\":\"https:\/\/www.codental.com.br\/blog\/saiba-tudo-sobre-carie-na-raiz-do-dente\/#primaryimage\"},\"thumbnailUrl\":\"https:\/\/www.codental.com.br\/blog\/wp-content\/uploads\/2023\/01\/Carie-na-raiz-do-dente.jpg\",\"keywords\":[\"C\u00e1rie na raiz do dente\",\"C\u00e1rie radicular\"],\"articleSection\":[\"Doen\u00e7as odontol\u00f3gicas\"],\"inLanguage\":\"pt-BR\"},{\"@type\":\"WebPage\",\"@id\":\"https:\/\/www.codental.com.br\/blog\/saiba-tudo-sobre-carie-na-raiz-do-dente\/\",\"url\":\"https:\/\/www.codental.com.br\/blog\/saiba-tudo-sobre-carie-na-raiz-do-dente\/\",\"name\":\"Saiba tudo sobre c\u00e1rie na raiz do dente\",\"isPartOf\":{\"@id\":\"https:\/\/www.codental.com.br\/blog\/#website\"},\"primaryImageOfPage\":{\"@id\":\"https:\/\/www.codental.com.br\/blog\/saiba-tudo-sobre-carie-na-raiz-do-dente\/#primaryimage\"},\"image\":{\"@id\":\"https:\/\/www.codental.com.br\/blog\/saiba-tudo-sobre-carie-na-raiz-do-dente\/#primaryimage\"},\"thumbnailUrl\":\"https:\/\/www.codental.com.br\/blog\/wp-content\/uploads\/2023\/01\/Carie-na-raiz-do-dente.jpg\",\"datePublished\":\"2023-02-09T20:00:00+00:00\",\"description\":\"Voc\u00ea dentista quer saber mais sobre a fisiopatologia e tratamento da c\u00e1rie na raiz do dente? Se sim, acesse j\u00e1 o site do codental!\",\"breadcrumb\":{\"@id\":\"https:\/\/www.codental.com.br\/blog\/saiba-tudo-sobre-carie-na-raiz-do-dente\/#breadcrumb\"},\"inLanguage\":\"pt-BR\",\"potentialAction\":[{\"@type\":\"ReadAction\",\"target\":[\"https:\/\/www.codental.com.br\/blog\/saiba-tudo-sobre-carie-na-raiz-do-dente\/\"]}]},{\"@type\":\"ImageObject\",\"inLanguage\":\"pt-BR\",\"@id\":\"https:\/\/www.codental.com.br\/blog\/saiba-tudo-sobre-carie-na-raiz-do-dente\/#primaryimage\",\"url\":\"https:\/\/www.codental.com.br\/blog\/wp-content\/uploads\/2023\/01\/Carie-na-raiz-do-dente.jpg\",\"contentUrl\":\"https:\/\/www.codental.com.br\/blog\/wp-content\/uploads\/2023\/01\/Carie-na-raiz-do-dente.jpg\",\"width\":1010,\"height\":550,\"caption\":\"carie na raiz do dente\"},{\"@type\":\"BreadcrumbList\",\"@id\":\"https:\/\/www.codental.com.br\/blog\/saiba-tudo-sobre-carie-na-raiz-do-dente\/#breadcrumb\",\"itemListElement\":[{\"@type\":\"ListItem\",\"position\":1,\"name\":\"In\u00edcio\",\"item\":\"https:\/\/www.codental.com.br\/blog\/\"},{\"@type\":\"ListItem\",\"position\":2,\"name\":\"Saiba tudo sobre c\u00e1rie na raiz do dente\"}]},{\"@type\":\"WebSite\",\"@id\":\"https:\/\/www.codental.com.br\/blog\/#website\",\"url\":\"https:\/\/www.codental.com.br\/blog\/\",\"name\":\"Codental Blog\",\"description\":\"Artigos e not\u00edcias sobre odontologia\",\"publisher\":{\"@id\":\"https:\/\/www.codental.com.br\/blog\/#organization\"},\"potentialAction\":[{\"@type\":\"SearchAction\",\"target\":{\"@type\":\"EntryPoint\",\"urlTemplate\":\"https:\/\/www.codental.com.br\/blog\/?s={search_term_string}\"},\"query-input\":{\"@type\":\"PropertyValueSpecification\",\"valueRequired\":true,\"valueName\":\"search_term_string\"}}],\"inLanguage\":\"pt-BR\"},{\"@type\":\"Organization\",\"@id\":\"https:\/\/www.codental.com.br\/blog\/#organization\",\"name\":\"Codental\",\"url\":\"https:\/\/codental.com.br\/\",\"logo\":{\"@type\":\"ImageObject\",\"inLanguage\":\"pt-BR\",\"@id\":\"https:\/\/www.codental.com.br\/blog\/#\/schema\/logo\/image\/\",\"url\":\"https:\/\/www.codental.com.br\/blog\/wp-content\/uploads\/2018\/10\/logo.png\",\"contentUrl\":\"https:\/\/www.codental.com.br\/blog\/wp-content\/uploads\/2018\/10\/logo.png\",\"width\":1200,\"height\":300,\"caption\":\"Codental\"},\"image\":{\"@id\":\"https:\/\/www.codental.com.br\/blog\/#\/schema\/logo\/image\/\"},\"sameAs\":[\"http:\/\/www.facebook.com\/codentalbr\",\"https:\/\/x.com\/CodentalBr\",\"https:\/\/www.instagram.com\/codentalbr\/\"]},{\"@type\":\"Person\",\"@id\":\"https:\/\/www.codental.com.br\/blog\/#\/schema\/person\/38d829de610b140d5f6443d556360dde\",\"name\":\"Samuel Froes\",\"image\":{\"@type\":\"ImageObject\",\"inLanguage\":\"pt-BR\",\"@id\":\"https:\/\/www.codental.com.br\/blog\/wp-content\/uploads\/2022\/11\/WhatsApp-Image-2022-11-30-at-12.50.47-336x240.jpeg\",\"url\":\"https:\/\/www.codental.com.br\/blog\/wp-content\/uploads\/2022\/11\/WhatsApp-Image-2022-11-30-at-12.50.47-336x240.jpeg\",\"contentUrl\":\"https:\/\/www.codental.com.br\/blog\/wp-content\/uploads\/2022\/11\/WhatsApp-Image-2022-11-30-at-12.50.47-336x240.jpeg\",\"caption\":\"Samuel Froes\"},\"description\":\"Petropolitano, 19 anos. Estudante da Universidade Federal de Juiz de Fora. Amante de m\u00fasica, piano e canto cl\u00e1ssicos e extrema curiosidade a respeito do corpo humano e seus mecanismos intr\u00ednsecos.\",\"url\":\"https:\/\/www.codental.com.br\/blog\/author\/samuel\/\"}]}<\/script>\n<!-- \/ Yoast SEO plugin. -->","yoast_head_json":{"title":"Saiba tudo sobre c\u00e1rie na raiz do dente","description":"Voc\u00ea dentista quer saber mais sobre a fisiopatologia e tratamento da c\u00e1rie na raiz do dente? Se sim, acesse j\u00e1 o site do codental!","robots":{"index":"index","follow":"follow","max-snippet":"max-snippet:-1","max-image-preview":"max-image-preview:large","max-video-preview":"max-video-preview:-1"},"canonical":"https:\/\/www.codental.com.br\/blog\/saiba-tudo-sobre-carie-na-raiz-do-dente\/","og_locale":"pt_BR","og_type":"article","og_title":"Saiba tudo sobre c\u00e1rie na raiz do dente","og_description":"Voc\u00ea dentista quer saber mais sobre a fisiopatologia e tratamento da c\u00e1rie na raiz do dente? Se sim, acesse j\u00e1 o site do codental!","og_url":"https:\/\/www.codental.com.br\/blog\/saiba-tudo-sobre-carie-na-raiz-do-dente\/","og_site_name":"Codental Blog","article_publisher":"http:\/\/www.facebook.com\/codentalbr","article_published_time":"2023-02-09T20:00:00+00:00","og_image":[{"width":1010,"height":550,"url":"https:\/\/www.codental.com.br\/blog\/wp-content\/uploads\/2023\/01\/Carie-na-raiz-do-dente.jpg","type":"image\/jpeg"}],"author":"Samuel Froes","twitter_card":"summary_large_image","twitter_creator":"@CodentalBr","twitter_site":"@CodentalBr","twitter_misc":{"Escrito por":"Samuel Froes","Est. tempo de leitura":"6 minutos"},"schema":{"@context":"https:\/\/schema.org","@graph":[{"@type":"Article","@id":"https:\/\/www.codental.com.br\/blog\/saiba-tudo-sobre-carie-na-raiz-do-dente\/#article","isPartOf":{"@id":"https:\/\/www.codental.com.br\/blog\/saiba-tudo-sobre-carie-na-raiz-do-dente\/"},"author":{"name":"Samuel Froes","@id":"https:\/\/www.codental.com.br\/blog\/#\/schema\/person\/38d829de610b140d5f6443d556360dde"},"headline":"Saiba tudo sobre c\u00e1rie na raiz do dente","datePublished":"2023-02-09T20:00:00+00:00","mainEntityOfPage":{"@id":"https:\/\/www.codental.com.br\/blog\/saiba-tudo-sobre-carie-na-raiz-do-dente\/"},"wordCount":1221,"publisher":{"@id":"https:\/\/www.codental.com.br\/blog\/#organization"},"image":{"@id":"https:\/\/www.codental.com.br\/blog\/saiba-tudo-sobre-carie-na-raiz-do-dente\/#primaryimage"},"thumbnailUrl":"https:\/\/www.codental.com.br\/blog\/wp-content\/uploads\/2023\/01\/Carie-na-raiz-do-dente.jpg","keywords":["C\u00e1rie na raiz do dente","C\u00e1rie radicular"],"articleSection":["Doen\u00e7as odontol\u00f3gicas"],"inLanguage":"pt-BR"},{"@type":"WebPage","@id":"https:\/\/www.codental.com.br\/blog\/saiba-tudo-sobre-carie-na-raiz-do-dente\/","url":"https:\/\/www.codental.com.br\/blog\/saiba-tudo-sobre-carie-na-raiz-do-dente\/","name":"Saiba tudo sobre c\u00e1rie na raiz do dente","isPartOf":{"@id":"https:\/\/www.codental.com.br\/blog\/#website"},"primaryImageOfPage":{"@id":"https:\/\/www.codental.com.br\/blog\/saiba-tudo-sobre-carie-na-raiz-do-dente\/#primaryimage"},"image":{"@id":"https:\/\/www.codental.com.br\/blog\/saiba-tudo-sobre-carie-na-raiz-do-dente\/#primaryimage"},"thumbnailUrl":"https:\/\/www.codental.com.br\/blog\/wp-content\/uploads\/2023\/01\/Carie-na-raiz-do-dente.jpg","datePublished":"2023-02-09T20:00:00+00:00","description":"Voc\u00ea dentista quer saber mais sobre a fisiopatologia e tratamento da c\u00e1rie na raiz do dente? Se sim, acesse j\u00e1 o site do codental!","breadcrumb":{"@id":"https:\/\/www.codental.com.br\/blog\/saiba-tudo-sobre-carie-na-raiz-do-dente\/#breadcrumb"},"inLanguage":"pt-BR","potentialAction":[{"@type":"ReadAction","target":["https:\/\/www.codental.com.br\/blog\/saiba-tudo-sobre-carie-na-raiz-do-dente\/"]}]},{"@type":"ImageObject","inLanguage":"pt-BR","@id":"https:\/\/www.codental.com.br\/blog\/saiba-tudo-sobre-carie-na-raiz-do-dente\/#primaryimage","url":"https:\/\/www.codental.com.br\/blog\/wp-content\/uploads\/2023\/01\/Carie-na-raiz-do-dente.jpg","contentUrl":"https:\/\/www.codental.com.br\/blog\/wp-content\/uploads\/2023\/01\/Carie-na-raiz-do-dente.jpg","width":1010,"height":550,"caption":"carie na raiz do dente"},{"@type":"BreadcrumbList","@id":"https:\/\/www.codental.com.br\/blog\/saiba-tudo-sobre-carie-na-raiz-do-dente\/#breadcrumb","itemListElement":[{"@type":"ListItem","position":1,"name":"In\u00edcio","item":"https:\/\/www.codental.com.br\/blog\/"},{"@type":"ListItem","position":2,"name":"Saiba tudo sobre c\u00e1rie na raiz do dente"}]},{"@type":"WebSite","@id":"https:\/\/www.codental.com.br\/blog\/#website","url":"https:\/\/www.codental.com.br\/blog\/","name":"Codental Blog","description":"Artigos e not\u00edcias sobre odontologia","publisher":{"@id":"https:\/\/www.codental.com.br\/blog\/#organization"},"potentialAction":[{"@type":"SearchAction","target":{"@type":"EntryPoint","urlTemplate":"https:\/\/www.codental.com.br\/blog\/?s={search_term_string}"},"query-input":{"@type":"PropertyValueSpecification","valueRequired":true,"valueName":"search_term_string"}}],"inLanguage":"pt-BR"},{"@type":"Organization","@id":"https:\/\/www.codental.com.br\/blog\/#organization","name":"Codental","url":"https:\/\/codental.com.br\/","logo":{"@type":"ImageObject","inLanguage":"pt-BR","@id":"https:\/\/www.codental.com.br\/blog\/#\/schema\/logo\/image\/","url":"https:\/\/www.codental.com.br\/blog\/wp-content\/uploads\/2018\/10\/logo.png","contentUrl":"https:\/\/www.codental.com.br\/blog\/wp-content\/uploads\/2018\/10\/logo.png","width":1200,"height":300,"caption":"Codental"},"image":{"@id":"https:\/\/www.codental.com.br\/blog\/#\/schema\/logo\/image\/"},"sameAs":["http:\/\/www.facebook.com\/codentalbr","https:\/\/x.com\/CodentalBr","https:\/\/www.instagram.com\/codentalbr\/"]},{"@type":"Person","@id":"https:\/\/www.codental.com.br\/blog\/#\/schema\/person\/38d829de610b140d5f6443d556360dde","name":"Samuel Froes","image":{"@type":"ImageObject","inLanguage":"pt-BR","@id":"https:\/\/www.codental.com.br\/blog\/wp-content\/uploads\/2022\/11\/WhatsApp-Image-2022-11-30-at-12.50.47-336x240.jpeg","url":"https:\/\/www.codental.com.br\/blog\/wp-content\/uploads\/2022\/11\/WhatsApp-Image-2022-11-30-at-12.50.47-336x240.jpeg","contentUrl":"https:\/\/www.codental.com.br\/blog\/wp-content\/uploads\/2022\/11\/WhatsApp-Image-2022-11-30-at-12.50.47-336x240.jpeg","caption":"Samuel Froes"},"description":"Petropolitano, 19 anos. Estudante da Universidade Federal de Juiz de Fora. Amante de m\u00fasica, piano e canto cl\u00e1ssicos e extrema curiosidade a respeito do corpo humano e seus mecanismos intr\u00ednsecos.","url":"https:\/\/www.codental.com.br\/blog\/author\/samuel\/"}]}},"_links":{"self":[{"href":"https:\/\/www.codental.com.br\/blog\/wp-json\/wp\/v2\/posts\/2369","targetHints":{"allow":["GET"]}}],"collection":[{"href":"https:\/\/www.codental.com.br\/blog\/wp-json\/wp\/v2\/posts"}],"about":[{"href":"https:\/\/www.codental.com.br\/blog\/wp-json\/wp\/v2\/types\/post"}],"author":[{"embeddable":true,"href":"https:\/\/www.codental.com.br\/blog\/wp-json\/wp\/v2\/users\/29"}],"replies":[{"embeddable":true,"href":"https:\/\/www.codental.com.br\/blog\/wp-json\/wp\/v2\/comments?post=2369"}],"version-history":[{"count":6,"href":"https:\/\/www.codental.com.br\/blog\/wp-json\/wp\/v2\/posts\/2369\/revisions"}],"predecessor-version":[{"id":2706,"href":"https:\/\/www.codental.com.br\/blog\/wp-json\/wp\/v2\/posts\/2369\/revisions\/2706"}],"wp:featuredmedia":[{"embeddable":true,"href":"https:\/\/www.codental.com.br\/blog\/wp-json\/wp\/v2\/media\/2704"}],"wp:attachment":[{"href":"https:\/\/www.codental.com.br\/blog\/wp-json\/wp\/v2\/media?parent=2369"}],"wp:term":[{"taxonomy":"category","embeddable":true,"href":"https:\/\/www.codental.com.br\/blog\/wp-json\/wp\/v2\/categories?post=2369"},{"taxonomy":"post_tag","embeddable":true,"href":"https:\/\/www.codental.com.br\/blog\/wp-json\/wp\/v2\/tags?post=2369"}],"curies":[{"name":"wp","href":"https:\/\/api.w.org\/{rel}","templated":true}]}}