{"id":2171,"date":"2023-01-25T17:00:00","date_gmt":"2023-01-25T20:00:00","guid":{"rendered":"https:\/\/www.codental.com.br\/blog\/?p=2171"},"modified":"2023-01-25T16:29:36","modified_gmt":"2023-01-25T19:29:36","slug":"anatomia-da-mandibula-em-detalhes","status":"publish","type":"post","link":"https:\/\/www.codental.com.br\/blog\/anatomia-da-mandibula-em-detalhes\/","title":{"rendered":"Anatomia da mand\u00edbula em detalhes"},"content":{"rendered":"\n<p>Entender a anatomia da mand\u00edbula \u00e9 de fundamental import\u00e2ncia para o profissional de odontologia, j\u00e1 que est\u00e1 intimamente ligada aos dentes. <\/p>\n\n\n\n<p>A mand\u00edbula \u00e9 o maior e mais forte osso da face, tem formato tubular dobrado em forma de V. Seu corpo serve de suporte f\u00edsico da arcada dent\u00e1ria superior para que a mastiga\u00e7\u00e3o seja realizada pelos dentes, enquanto o suporte da arcada inferior \u00e9 feita pela maxila.<\/p>\n\n\n\n<h2 class=\"wp-block-heading\">Anatomia da mand\u00edbula &#8211; suas partes<\/h2>\n\n\n\n<p>A anatomia da mand\u00edbula permite sua divis\u00e3o em um corpo e dois ramos, o processo coronoide e o processo condilar. Ainda, possui duas faces, a interna \u00e9 composta pelos tub\u00e9rculos mentuais, fossas dig\u00e1strica e linha milo-hi\u00f3idea. A face externa, no que lhe concerne, \u00e9 composta pela s\u00ednfise mandibular, o forame mentual e a linha obl\u00edqua da mand\u00edbula.<\/p>\n\n\n\n<h3 class=\"wp-block-heading\">Ramo da mand\u00edbula<\/h3>\n\n\n\n<p>O ramo da mand\u00edbula \u00e9 composto por uma l\u00e2mina de osso que se inicia na parte de tr\u00e1s do corpo da mand\u00edbula e se projeta para cima.<\/p>\n\n\n\n<h4 class=\"wp-block-heading\">Processo coronoide<\/h4>\n\n\n\n<p>O processo coronoide est\u00e1 localizado na parte anterior e superior da mand\u00edbula, e possui forma de placa triangular que se insere para o m\u00fasculo temporal.<\/p>\n\n\n\n<h4 class=\"wp-block-heading\">Processo condilar<\/h4>\n\n\n\n<p>O processo condilar est\u00e1 localizado posteriormente na mand\u00edbula, pode variar em tamanho e forma, e se articula com o osso temporal na articula\u00e7\u00e3o temporomandibular. \u00c9 considerada a cabe\u00e7a da mand\u00edbula e se comp\u00f5e de um osso esponjoso coberto com osso compacto.<\/p>\n\n\n\n<h3 class=\"wp-block-heading\">Corpo da mand\u00edbula<\/h3>\n\n\n\n<p>O corpo da mand\u00edbula \u00e9 sua regi\u00e3o central, possui formato de U, al\u00e9m da parte alveolar e a base da mand\u00edbula, sendo respectivamente a parte superior e inferior do corpo.<\/p>\n\n\n\n<h2 class=\"wp-block-heading\">Anatomia da mand\u00edbula: nervos<\/h2>\n\n\n\n<p>V\u00e1rios nervos se relacionam com a mand\u00edbula, sendo alguns deles:<\/p>\n\n\n\n<ul class=\"wp-block-list\"><li><strong>Nervo bucal:<\/strong> parte de tr\u00e1s do ramo da mand\u00edbula, passa pelo masseter e se une aos ramos bucais do nervo facial<\/li><li><strong>Nervo mentual:<\/strong> parte do forame mentual, penetra a face e atinge a pele do l\u00e1bio inferior e da gengiva labial. Em uma mand\u00edbula com aus\u00eancia de dentes, o nervo mentual pode se localizar pr\u00f3ximo \u00e0 crista \u00f3ssea.<\/li><li><strong>Nervo mandibular:<\/strong> parte dos nervos alveolar inferior, lingual e bucal, inerva a gengiva.<\/li><\/ul>\n\n\n\n<p>Ademais, alguns nervos saem do osso temporal em dire\u00e7\u00e3o \u00e0 fossa retromolar ou a cabe\u00e7a da mand\u00edbula, momento em que encontram o nervo alveolar inferior. Outrossim, 10% das fossas possuem forames, gerando uma infiltra\u00e7\u00e3o quando \u00e9 administrado anest\u00e9sico local. Desse modo, tal situa\u00e7\u00e3o suprime a sensibilidade, que pode permanecer ap\u00f3s o bloqueio anest\u00e9sico do nervo alveolar inferior. Al\u00e9m disso, ramos de outros nervos, como o bucal, milo-hil\u00f3ideo e lingual, podem adentrar na mand\u00edbula. Dessa forma, alguns pacientes, durante a extra\u00e7\u00e3o do siso, mesmo ap\u00f3s receber anestesia no nervo alveolar inferior, podem continuar sentindo dor.<\/p>\n\n\n\n<h2 class=\"wp-block-heading\">Anatomia da mand\u00edbula: m\u00fasculos<\/h2>\n\n\n\n<p>Os principais m\u00fasculos que se relacionam com a mand\u00edbula s\u00e3o o masseter, temporal e pterig\u00f3ideo medial.<\/p>\n\n\n\n<ul class=\"wp-block-list\"><li><strong>M\u00fasculo masseter:<\/strong> m\u00fasculo respons\u00e1vel pela abertura da mand\u00edbula, com origem no arco zigom\u00e1tico at\u00e9 o \u00e2ngulo da mand\u00edbula.\u00a0<\/li><li><strong>M\u00fasculo temporal:<\/strong> tem origem na fossa temporal e na f\u00e1scia temporal, e adquire o formato de leque, localizado na lateral craniana.<\/li><li><strong>M\u00fasculo pterig\u00f3ideo medial:<\/strong> respons\u00e1vel pela liga\u00e7\u00e3o entre a mand\u00edbula e a maxila, e aos ossos esfenoide e palatino. Outrossim, sua por\u00e7\u00e3o superficial tem origem na tuberosidade da maxila, enquanto a parte profunda se origina no osso esfenoide.<\/li><\/ul>\n\n\n\n<h2 class=\"wp-block-heading\">Anatomia da mand\u00edbula: circula\u00e7\u00e3o sangu\u00ednea<\/h2>\n\n\n\n<p>A circula\u00e7\u00e3o sangu\u00ednea envolvida na mand\u00edbula \u00e9 muito diversa, mas alguns vasos podem ser destacados<\/p>\n\n\n\n<ul class=\"wp-block-list\"><li><strong>Art\u00e9ria facial:<\/strong> o vaso parte do ramo mandibular, se direciona para cima e sulca a parte posterior da gl\u00e2ndula submandibular. A partir da\u00ed, desce at\u00e9 a margem inferior da mand\u00edbula at\u00e9 sua superf\u00edcie e se direciona para o interior da face.<\/li><li><strong>Art\u00e9ria submentual:<\/strong> \u00e9 considerado o maior ramo cervical da art\u00e9ria facial. Localizado na regi\u00e3o mentual, forma ramos na mand\u00edbula de car\u00e1ter superficial e profundo a fim de atender a regi\u00e3o mentual e o l\u00e1bio inferior.<\/li><li><strong>Veia jugular externa:<\/strong> tem seu in\u00edcio nas proximidades do \u00e2ngulo da mand\u00edbula ou na gl\u00e2ndula par\u00f3tida. A veia se ramifica na veia retromandibular e na veia auricular posterior.<\/li><li><strong>Veia facial:<\/strong> surge da face, passando sobre o masseter, cruza o corpo da mand\u00edbula e vai para o pesco\u00e7o.<\/li><\/ul>\n\n\n\n<h2 class=\"wp-block-heading\">Anatomia da mand\u00edbula: espa\u00e7os teciduais<\/h2>\n\n\n\n<p>Existem espa\u00e7os teciduais localizados em torno da mand\u00edbula, sendo eles os espa\u00e7os submentual, submandibular, sublingual, bucal, submasset\u00e9rico, parot\u00eddeo, pterigomandibular, peritonsilar, parafar\u00edngeo e retrofar\u00edngeo.<\/p>\n\n\n\n<ul class=\"wp-block-list\"><li><strong>Espa\u00e7o submental e submandibular:<\/strong> est\u00e1 posicionado abaixo da por\u00e7\u00e3o inferior da mand\u00edbula, acima do m\u00fasculo milo-hi\u00f3ideo.<\/li><li><strong>Espa\u00e7o sublingual: <\/strong>encontra-se no assoalho da boca acima do m\u00fasculo milo-hi\u00f3ideo.<\/li><li><strong>Espa\u00e7o bucal: <\/strong>encontra-se na bochecha<\/li><li><strong>Espa\u00e7o submasset\u00e9rico:<\/strong> diversos espa\u00e7os localizados entre a face lateral do ramo da mand\u00edbula e o m\u00fasculo masseter.<\/li><li><strong>Espa\u00e7o pterigomandibular:<\/strong> encontra-se entre a face medial do ramo da mand\u00edbula e o m\u00fasculo pterig\u00f3ideo medial.<\/li><li><strong>Espa\u00e7o parafar\u00edngeo:<\/strong> localizado entre o m\u00fasculo constritor superior da faringe e a face medial do m\u00fasculo pterig\u00f3ideo medial.<\/li><li><strong>Espa\u00e7o peritonsilar:<\/strong> est\u00e1 localizado ao redor da tonsila palatina<\/li><\/ul>\n\n\n\n<h2 class=\"wp-block-heading\">Articula\u00e7\u00e3o temporomandibular (ATM)<\/h2>\n\n\n\n<p>\u00c9 uma articula\u00e7\u00e3o sinovial que faz a rela\u00e7\u00e3o entre a mand\u00edbula e o osso temporal, gerando os movimentos de abrir e fechar a boca.<\/p>\n\n\n\n<h2 class=\"wp-block-heading\">Anatomia da mand\u00edbula ao longo da idade<\/h2>\n\n\n\n<p>No nascimento, a mand\u00edbula e a maxila n\u00e3o se encontram completamente desenvolvidas e os dentes n\u00e3o foram erupcionados. Logo, a face apresenta um tamanho reduzido.<\/p>\n\n\n\n<p>Contudo, no per\u00edodo senil, \u00e9 poss\u00edvel observar uma redu\u00e7\u00e3o no tamanho da mand\u00edbula e da maxila. Isso \u00e9 consequ\u00eancia da perda de dentes e reabsor\u00e7\u00e3o do osso alveolar. Logo, h\u00e1 uma redu\u00e7\u00e3o na profundidade vertical da face, aumentando os \u00e2ngulos da mand\u00edbula.<\/p>\n\n\n\n<h2 class=\"wp-block-heading\">Anatomia da mand\u00edbula na odontologia<\/h2>\n\n\n\n<p>A gengiva da arcada dent\u00e1ria inferior \u00e9 sobreposta \u00e0 mand\u00edbula, em uma \u00e1rea com o nome de osso alveolar, o que suporta e protege os dentes. Ainda, o osso alveolar \u00e9 respons\u00e1vel por promover a inser\u00e7\u00e3o de m\u00fasculos e \u00e9 reservat\u00f3rio de \u00edons, sendo o principal deles o c\u00e1lcio. Al\u00e9m dos mais, ra\u00edzes longas de dentes podem proporcionar regi\u00f5es de fragilidade na mand\u00edbula. Ademais, os segundos e terceiros molares se localizam, com frequ\u00eancia, perto da superf\u00edcie lingual da mand\u00edbula. Ainda, suas ra\u00edzes se localizam abaixo da inser\u00e7\u00e3o do milo-hi\u00f3ideo sobre a face interna da mand\u00edbula. Al\u00e9m disso, o terceiro molar apresenta varia\u00e7\u00f5es quanto \u00e0s ra\u00edzes e posi\u00e7\u00f5es, que podem, usualmente, afetar a mand\u00edbula.&nbsp;<\/p>\n\n\n\n<p>Logo, torna-se fundamental que o profissional da odontologia conhe\u00e7a acerca da anatomia da mand\u00edbula de modo a oferecer o melhor tratamento aos pacientes.<\/p>\n\n\n\n<p>Para essas e outras informa\u00e7\u00f5es, acompanhe o <a href=\"https:\/\/www.codental.com.br\/?utm_source=blog&utm_medium=referral&utm_content=anatomia-da-mandibula-em-detalhes\">Codental<\/a>.<\/p>\n","protected":false},"excerpt":{"rendered":"<p>Entender a anatomia da mand\u00edbula \u00e9 de fundamental import\u00e2ncia para o profissional de odontologia,&#8230;<\/p>\n","protected":false},"author":22,"featured_media":2516,"comment_status":"open","ping_status":"closed","sticky":false,"template":"","format":"standard","meta":{"_target_audience":"","footnotes":""},"categories":[129],"tags":[326,142],"class_list":["post-2171","post","type-post","status-publish","format-standard","has-post-thumbnail","hentry","category-tratamentos","tag-anatomia-da-mandibula","tag-mandibula"],"yoast_head":"<!-- This site is optimized with the Yoast SEO plugin v27.2 - https:\/\/yoast.com\/product\/yoast-seo-wordpress\/ -->\n<title>Anatomia da mand\u00edbula em detalhes - Codental Blog<\/title>\n<meta name=\"description\" content=\"A mand\u00edbula \u00e9 o maior e mais forte osso da face e sua anatomia colabora para o suporte f\u00edsico da mastiga\u00e7\u00e3o a ser realizada pelos dentes.\" \/>\n<meta name=\"robots\" content=\"index, follow, max-snippet:-1, max-image-preview:large, max-video-preview:-1\" \/>\n<link rel=\"canonical\" href=\"https:\/\/www.codental.com.br\/blog\/anatomia-da-mandibula-em-detalhes\/\" \/>\n<meta property=\"og:locale\" content=\"pt_BR\" \/>\n<meta property=\"og:type\" content=\"article\" \/>\n<meta property=\"og:title\" content=\"Anatomia da mand\u00edbula em detalhes - Codental Blog\" \/>\n<meta property=\"og:description\" content=\"A mand\u00edbula \u00e9 o maior e mais forte osso da face e sua anatomia colabora para o suporte f\u00edsico da mastiga\u00e7\u00e3o a ser realizada pelos dentes.\" \/>\n<meta property=\"og:url\" content=\"https:\/\/www.codental.com.br\/blog\/anatomia-da-mandibula-em-detalhes\/\" \/>\n<meta property=\"og:site_name\" content=\"Codental Blog\" \/>\n<meta property=\"article:publisher\" content=\"http:\/\/www.facebook.com\/codentalbr\" \/>\n<meta property=\"article:published_time\" content=\"2023-01-25T20:00:00+00:00\" \/>\n<meta property=\"og:image\" content=\"https:\/\/www.codental.com.br\/blog\/wp-content\/uploads\/2022\/12\/Anatomia-da-mandibula.jpg\" \/>\n\t<meta property=\"og:image:width\" content=\"1010\" \/>\n\t<meta property=\"og:image:height\" content=\"550\" \/>\n\t<meta property=\"og:image:type\" content=\"image\/jpeg\" \/>\n<meta name=\"author\" content=\"Maiza Santana\" \/>\n<meta name=\"twitter:card\" content=\"summary_large_image\" \/>\n<meta name=\"twitter:creator\" content=\"@CodentalBr\" \/>\n<meta name=\"twitter:site\" content=\"@CodentalBr\" \/>\n<meta name=\"twitter:label1\" content=\"Escrito por\" \/>\n\t<meta name=\"twitter:data1\" content=\"Maiza Santana\" \/>\n\t<meta name=\"twitter:label2\" content=\"Est. tempo de leitura\" \/>\n\t<meta name=\"twitter:data2\" content=\"6 minutos\" \/>\n<script type=\"application\/ld+json\" class=\"yoast-schema-graph\">{\"@context\":\"https:\/\/schema.org\",\"@graph\":[{\"@type\":\"Article\",\"@id\":\"https:\/\/www.codental.com.br\/blog\/anatomia-da-mandibula-em-detalhes\/#article\",\"isPartOf\":{\"@id\":\"https:\/\/www.codental.com.br\/blog\/anatomia-da-mandibula-em-detalhes\/\"},\"author\":{\"name\":\"Maiza Santana\",\"@id\":\"https:\/\/www.codental.com.br\/blog\/#\/schema\/person\/d009a36cb00954353ebd58c93d19a533\"},\"headline\":\"Anatomia da mand\u00edbula em detalhes\",\"datePublished\":\"2023-01-25T20:00:00+00:00\",\"mainEntityOfPage\":{\"@id\":\"https:\/\/www.codental.com.br\/blog\/anatomia-da-mandibula-em-detalhes\/\"},\"wordCount\":1211,\"commentCount\":0,\"publisher\":{\"@id\":\"https:\/\/www.codental.com.br\/blog\/#organization\"},\"image\":{\"@id\":\"https:\/\/www.codental.com.br\/blog\/anatomia-da-mandibula-em-detalhes\/#primaryimage\"},\"thumbnailUrl\":\"https:\/\/www.codental.com.br\/blog\/wp-content\/uploads\/2022\/12\/Anatomia-da-mandibula.jpg\",\"keywords\":[\"Anatomia da mand\u00edbula\",\"Mand\u00edbula\"],\"articleSection\":[\"Tratamentos odontol\u00f3gicos\"],\"inLanguage\":\"pt-BR\",\"potentialAction\":[{\"@type\":\"CommentAction\",\"name\":\"Comment\",\"target\":[\"https:\/\/www.codental.com.br\/blog\/anatomia-da-mandibula-em-detalhes\/#respond\"]}]},{\"@type\":\"WebPage\",\"@id\":\"https:\/\/www.codental.com.br\/blog\/anatomia-da-mandibula-em-detalhes\/\",\"url\":\"https:\/\/www.codental.com.br\/blog\/anatomia-da-mandibula-em-detalhes\/\",\"name\":\"Anatomia da mand\u00edbula em detalhes - Codental Blog\",\"isPartOf\":{\"@id\":\"https:\/\/www.codental.com.br\/blog\/#website\"},\"primaryImageOfPage\":{\"@id\":\"https:\/\/www.codental.com.br\/blog\/anatomia-da-mandibula-em-detalhes\/#primaryimage\"},\"image\":{\"@id\":\"https:\/\/www.codental.com.br\/blog\/anatomia-da-mandibula-em-detalhes\/#primaryimage\"},\"thumbnailUrl\":\"https:\/\/www.codental.com.br\/blog\/wp-content\/uploads\/2022\/12\/Anatomia-da-mandibula.jpg\",\"datePublished\":\"2023-01-25T20:00:00+00:00\",\"description\":\"A mand\u00edbula \u00e9 o maior e mais forte osso da face e sua anatomia colabora para o suporte f\u00edsico da mastiga\u00e7\u00e3o a ser realizada pelos dentes.\",\"breadcrumb\":{\"@id\":\"https:\/\/www.codental.com.br\/blog\/anatomia-da-mandibula-em-detalhes\/#breadcrumb\"},\"inLanguage\":\"pt-BR\",\"potentialAction\":[{\"@type\":\"ReadAction\",\"target\":[\"https:\/\/www.codental.com.br\/blog\/anatomia-da-mandibula-em-detalhes\/\"]}]},{\"@type\":\"ImageObject\",\"inLanguage\":\"pt-BR\",\"@id\":\"https:\/\/www.codental.com.br\/blog\/anatomia-da-mandibula-em-detalhes\/#primaryimage\",\"url\":\"https:\/\/www.codental.com.br\/blog\/wp-content\/uploads\/2022\/12\/Anatomia-da-mandibula.jpg\",\"contentUrl\":\"https:\/\/www.codental.com.br\/blog\/wp-content\/uploads\/2022\/12\/Anatomia-da-mandibula.jpg\",\"width\":1010,\"height\":550,\"caption\":\"anatomia da mand\u00edbula\"},{\"@type\":\"BreadcrumbList\",\"@id\":\"https:\/\/www.codental.com.br\/blog\/anatomia-da-mandibula-em-detalhes\/#breadcrumb\",\"itemListElement\":[{\"@type\":\"ListItem\",\"position\":1,\"name\":\"In\u00edcio\",\"item\":\"https:\/\/www.codental.com.br\/blog\/\"},{\"@type\":\"ListItem\",\"position\":2,\"name\":\"Anatomia da mand\u00edbula em detalhes\"}]},{\"@type\":\"WebSite\",\"@id\":\"https:\/\/www.codental.com.br\/blog\/#website\",\"url\":\"https:\/\/www.codental.com.br\/blog\/\",\"name\":\"Codental Blog\",\"description\":\"Artigos e not\u00edcias sobre odontologia\",\"publisher\":{\"@id\":\"https:\/\/www.codental.com.br\/blog\/#organization\"},\"potentialAction\":[{\"@type\":\"SearchAction\",\"target\":{\"@type\":\"EntryPoint\",\"urlTemplate\":\"https:\/\/www.codental.com.br\/blog\/?s={search_term_string}\"},\"query-input\":{\"@type\":\"PropertyValueSpecification\",\"valueRequired\":true,\"valueName\":\"search_term_string\"}}],\"inLanguage\":\"pt-BR\"},{\"@type\":\"Organization\",\"@id\":\"https:\/\/www.codental.com.br\/blog\/#organization\",\"name\":\"Codental\",\"url\":\"https:\/\/codental.com.br\/\",\"logo\":{\"@type\":\"ImageObject\",\"inLanguage\":\"pt-BR\",\"@id\":\"https:\/\/www.codental.com.br\/blog\/#\/schema\/logo\/image\/\",\"url\":\"https:\/\/www.codental.com.br\/blog\/wp-content\/uploads\/2018\/10\/logo.png\",\"contentUrl\":\"https:\/\/www.codental.com.br\/blog\/wp-content\/uploads\/2018\/10\/logo.png\",\"width\":1200,\"height\":300,\"caption\":\"Codental\"},\"image\":{\"@id\":\"https:\/\/www.codental.com.br\/blog\/#\/schema\/logo\/image\/\"},\"sameAs\":[\"http:\/\/www.facebook.com\/codentalbr\",\"https:\/\/x.com\/CodentalBr\",\"https:\/\/www.instagram.com\/codentalbr\/\"]},{\"@type\":\"Person\",\"@id\":\"https:\/\/www.codental.com.br\/blog\/#\/schema\/person\/d009a36cb00954353ebd58c93d19a533\",\"name\":\"Maiza Santana\",\"image\":{\"@type\":\"ImageObject\",\"inLanguage\":\"pt-BR\",\"@id\":\"https:\/\/www.codental.com.br\/blog\/wp-content\/uploads\/2022\/11\/WhatsApp-Image-2022-11-04-at-20.01.27-343x240.jpeg\",\"url\":\"https:\/\/www.codental.com.br\/blog\/wp-content\/uploads\/2022\/11\/WhatsApp-Image-2022-11-04-at-20.01.27-343x240.jpeg\",\"contentUrl\":\"https:\/\/www.codental.com.br\/blog\/wp-content\/uploads\/2022\/11\/WhatsApp-Image-2022-11-04-at-20.01.27-343x240.jpeg\",\"caption\":\"Maiza Santana\"},\"description\":\"Fluminense, 20 anos. Estudante, apaixonada por Masterchef, mas sem habilidades na cozinha. Nas horas livres, n\u00e3o h\u00e1 nada melhor do que um livro de romance ou uma s\u00e9rie que prende a aten\u00e7\u00e3o at\u00e9 o \u00faltimo epis\u00f3dio.\",\"sameAs\":[\"https:\/\/www.codental.com.br\/\",\"https:\/\/instagram.com\/maizasx?igshid=YmMyMTA2M2Y=\"],\"url\":\"https:\/\/www.codental.com.br\/blog\/author\/maiza\/\"}]}<\/script>\n<!-- \/ Yoast SEO plugin. -->","yoast_head_json":{"title":"Anatomia da mand\u00edbula em detalhes - Codental Blog","description":"A mand\u00edbula \u00e9 o maior e mais forte osso da face e sua anatomia colabora para o suporte f\u00edsico da mastiga\u00e7\u00e3o a ser realizada pelos dentes.","robots":{"index":"index","follow":"follow","max-snippet":"max-snippet:-1","max-image-preview":"max-image-preview:large","max-video-preview":"max-video-preview:-1"},"canonical":"https:\/\/www.codental.com.br\/blog\/anatomia-da-mandibula-em-detalhes\/","og_locale":"pt_BR","og_type":"article","og_title":"Anatomia da mand\u00edbula em detalhes - Codental Blog","og_description":"A mand\u00edbula \u00e9 o maior e mais forte osso da face e sua anatomia colabora para o suporte f\u00edsico da mastiga\u00e7\u00e3o a ser realizada pelos dentes.","og_url":"https:\/\/www.codental.com.br\/blog\/anatomia-da-mandibula-em-detalhes\/","og_site_name":"Codental Blog","article_publisher":"http:\/\/www.facebook.com\/codentalbr","article_published_time":"2023-01-25T20:00:00+00:00","og_image":[{"width":1010,"height":550,"url":"https:\/\/www.codental.com.br\/blog\/wp-content\/uploads\/2022\/12\/Anatomia-da-mandibula.jpg","type":"image\/jpeg"}],"author":"Maiza Santana","twitter_card":"summary_large_image","twitter_creator":"@CodentalBr","twitter_site":"@CodentalBr","twitter_misc":{"Escrito por":"Maiza Santana","Est. tempo de leitura":"6 minutos"},"schema":{"@context":"https:\/\/schema.org","@graph":[{"@type":"Article","@id":"https:\/\/www.codental.com.br\/blog\/anatomia-da-mandibula-em-detalhes\/#article","isPartOf":{"@id":"https:\/\/www.codental.com.br\/blog\/anatomia-da-mandibula-em-detalhes\/"},"author":{"name":"Maiza Santana","@id":"https:\/\/www.codental.com.br\/blog\/#\/schema\/person\/d009a36cb00954353ebd58c93d19a533"},"headline":"Anatomia da mand\u00edbula em detalhes","datePublished":"2023-01-25T20:00:00+00:00","mainEntityOfPage":{"@id":"https:\/\/www.codental.com.br\/blog\/anatomia-da-mandibula-em-detalhes\/"},"wordCount":1211,"commentCount":0,"publisher":{"@id":"https:\/\/www.codental.com.br\/blog\/#organization"},"image":{"@id":"https:\/\/www.codental.com.br\/blog\/anatomia-da-mandibula-em-detalhes\/#primaryimage"},"thumbnailUrl":"https:\/\/www.codental.com.br\/blog\/wp-content\/uploads\/2022\/12\/Anatomia-da-mandibula.jpg","keywords":["Anatomia da mand\u00edbula","Mand\u00edbula"],"articleSection":["Tratamentos odontol\u00f3gicos"],"inLanguage":"pt-BR","potentialAction":[{"@type":"CommentAction","name":"Comment","target":["https:\/\/www.codental.com.br\/blog\/anatomia-da-mandibula-em-detalhes\/#respond"]}]},{"@type":"WebPage","@id":"https:\/\/www.codental.com.br\/blog\/anatomia-da-mandibula-em-detalhes\/","url":"https:\/\/www.codental.com.br\/blog\/anatomia-da-mandibula-em-detalhes\/","name":"Anatomia da mand\u00edbula em detalhes - Codental Blog","isPartOf":{"@id":"https:\/\/www.codental.com.br\/blog\/#website"},"primaryImageOfPage":{"@id":"https:\/\/www.codental.com.br\/blog\/anatomia-da-mandibula-em-detalhes\/#primaryimage"},"image":{"@id":"https:\/\/www.codental.com.br\/blog\/anatomia-da-mandibula-em-detalhes\/#primaryimage"},"thumbnailUrl":"https:\/\/www.codental.com.br\/blog\/wp-content\/uploads\/2022\/12\/Anatomia-da-mandibula.jpg","datePublished":"2023-01-25T20:00:00+00:00","description":"A mand\u00edbula \u00e9 o maior e mais forte osso da face e sua anatomia colabora para o suporte f\u00edsico da mastiga\u00e7\u00e3o a ser realizada pelos dentes.","breadcrumb":{"@id":"https:\/\/www.codental.com.br\/blog\/anatomia-da-mandibula-em-detalhes\/#breadcrumb"},"inLanguage":"pt-BR","potentialAction":[{"@type":"ReadAction","target":["https:\/\/www.codental.com.br\/blog\/anatomia-da-mandibula-em-detalhes\/"]}]},{"@type":"ImageObject","inLanguage":"pt-BR","@id":"https:\/\/www.codental.com.br\/blog\/anatomia-da-mandibula-em-detalhes\/#primaryimage","url":"https:\/\/www.codental.com.br\/blog\/wp-content\/uploads\/2022\/12\/Anatomia-da-mandibula.jpg","contentUrl":"https:\/\/www.codental.com.br\/blog\/wp-content\/uploads\/2022\/12\/Anatomia-da-mandibula.jpg","width":1010,"height":550,"caption":"anatomia da mand\u00edbula"},{"@type":"BreadcrumbList","@id":"https:\/\/www.codental.com.br\/blog\/anatomia-da-mandibula-em-detalhes\/#breadcrumb","itemListElement":[{"@type":"ListItem","position":1,"name":"In\u00edcio","item":"https:\/\/www.codental.com.br\/blog\/"},{"@type":"ListItem","position":2,"name":"Anatomia da mand\u00edbula em detalhes"}]},{"@type":"WebSite","@id":"https:\/\/www.codental.com.br\/blog\/#website","url":"https:\/\/www.codental.com.br\/blog\/","name":"Codental Blog","description":"Artigos e not\u00edcias sobre odontologia","publisher":{"@id":"https:\/\/www.codental.com.br\/blog\/#organization"},"potentialAction":[{"@type":"SearchAction","target":{"@type":"EntryPoint","urlTemplate":"https:\/\/www.codental.com.br\/blog\/?s={search_term_string}"},"query-input":{"@type":"PropertyValueSpecification","valueRequired":true,"valueName":"search_term_string"}}],"inLanguage":"pt-BR"},{"@type":"Organization","@id":"https:\/\/www.codental.com.br\/blog\/#organization","name":"Codental","url":"https:\/\/codental.com.br\/","logo":{"@type":"ImageObject","inLanguage":"pt-BR","@id":"https:\/\/www.codental.com.br\/blog\/#\/schema\/logo\/image\/","url":"https:\/\/www.codental.com.br\/blog\/wp-content\/uploads\/2018\/10\/logo.png","contentUrl":"https:\/\/www.codental.com.br\/blog\/wp-content\/uploads\/2018\/10\/logo.png","width":1200,"height":300,"caption":"Codental"},"image":{"@id":"https:\/\/www.codental.com.br\/blog\/#\/schema\/logo\/image\/"},"sameAs":["http:\/\/www.facebook.com\/codentalbr","https:\/\/x.com\/CodentalBr","https:\/\/www.instagram.com\/codentalbr\/"]},{"@type":"Person","@id":"https:\/\/www.codental.com.br\/blog\/#\/schema\/person\/d009a36cb00954353ebd58c93d19a533","name":"Maiza Santana","image":{"@type":"ImageObject","inLanguage":"pt-BR","@id":"https:\/\/www.codental.com.br\/blog\/wp-content\/uploads\/2022\/11\/WhatsApp-Image-2022-11-04-at-20.01.27-343x240.jpeg","url":"https:\/\/www.codental.com.br\/blog\/wp-content\/uploads\/2022\/11\/WhatsApp-Image-2022-11-04-at-20.01.27-343x240.jpeg","contentUrl":"https:\/\/www.codental.com.br\/blog\/wp-content\/uploads\/2022\/11\/WhatsApp-Image-2022-11-04-at-20.01.27-343x240.jpeg","caption":"Maiza Santana"},"description":"Fluminense, 20 anos. Estudante, apaixonada por Masterchef, mas sem habilidades na cozinha. Nas horas livres, n\u00e3o h\u00e1 nada melhor do que um livro de romance ou uma s\u00e9rie que prende a aten\u00e7\u00e3o at\u00e9 o \u00faltimo epis\u00f3dio.","sameAs":["https:\/\/www.codental.com.br\/","https:\/\/instagram.com\/maizasx?igshid=YmMyMTA2M2Y="],"url":"https:\/\/www.codental.com.br\/blog\/author\/maiza\/"}]}},"_links":{"self":[{"href":"https:\/\/www.codental.com.br\/blog\/wp-json\/wp\/v2\/posts\/2171","targetHints":{"allow":["GET"]}}],"collection":[{"href":"https:\/\/www.codental.com.br\/blog\/wp-json\/wp\/v2\/posts"}],"about":[{"href":"https:\/\/www.codental.com.br\/blog\/wp-json\/wp\/v2\/types\/post"}],"author":[{"embeddable":true,"href":"https:\/\/www.codental.com.br\/blog\/wp-json\/wp\/v2\/users\/22"}],"replies":[{"embeddable":true,"href":"https:\/\/www.codental.com.br\/blog\/wp-json\/wp\/v2\/comments?post=2171"}],"version-history":[{"count":4,"href":"https:\/\/www.codental.com.br\/blog\/wp-json\/wp\/v2\/posts\/2171\/revisions"}],"predecessor-version":[{"id":2517,"href":"https:\/\/www.codental.com.br\/blog\/wp-json\/wp\/v2\/posts\/2171\/revisions\/2517"}],"wp:featuredmedia":[{"embeddable":true,"href":"https:\/\/www.codental.com.br\/blog\/wp-json\/wp\/v2\/media\/2516"}],"wp:attachment":[{"href":"https:\/\/www.codental.com.br\/blog\/wp-json\/wp\/v2\/media?parent=2171"}],"wp:term":[{"taxonomy":"category","embeddable":true,"href":"https:\/\/www.codental.com.br\/blog\/wp-json\/wp\/v2\/categories?post=2171"},{"taxonomy":"post_tag","embeddable":true,"href":"https:\/\/www.codental.com.br\/blog\/wp-json\/wp\/v2\/tags?post=2171"}],"curies":[{"name":"wp","href":"https:\/\/api.w.org\/{rel}","templated":true}]}}