{"id":2114,"date":"2023-01-31T17:00:00","date_gmt":"2023-01-31T20:00:00","guid":{"rendered":"https:\/\/www.codental.com.br\/blog\/?p=2114"},"modified":"2023-01-31T16:02:30","modified_gmt":"2023-01-31T19:02:30","slug":"protese-protocolo-tudo-o-que-voce-precisa-saber","status":"publish","type":"post","link":"https:\/\/www.codental.com.br\/blog\/protese-protocolo-tudo-o-que-voce-precisa-saber\/","title":{"rendered":"Pr\u00f3tese protocolo: tudo o que voc\u00ea precisa saber"},"content":{"rendered":"\n<p>Certamente voc\u00ea j\u00e1 ouviu falar em pr\u00f3tese total. Por\u00e9m, voc\u00ea j\u00e1 ouviu falar na pr\u00f3tese protocolo? Hoje vamos falar mais sobre esta modalidade prot\u00e9tica, indica\u00e7\u00f5es, vantagens e desvantagens, assim como valores e quanto tempo de dura\u00e7\u00e3o.<\/p>\n\n\n\n<h2 class=\"wp-block-heading\">O que \u00e9 a pr\u00f3tese protocolo?<\/h2>\n\n\n\n<p>Primeiramente a pr\u00f3tese do tipo protocolo \u00e9 uma modalidade de <a href=\"https:\/\/www.codental.com.br\/blog\/protese-dentaria-conheca-os-principais-tipos\/?utm_source=blog&utm_medium=referral&utm_content=protese-protocolo-tudo-o-que-voce-precisa-saber\">pr\u00f3tese<\/a> total. Ela \u00e9 a op\u00e7\u00e3o adequada para pacientes ed\u00eantulos, ou seja, que perderam todos os dentes.<\/p>\n\n\n\n<p>Diferente da pr\u00f3tese m\u00f3vel, a protocolo funciona como uma dentadura fixa, ou seja, estabilizada ap\u00f3s o implante de parafusos dentro da gengiva. Portanto, mais segura para o paciente, pois n\u00e3o h\u00e1 risco de perda. <\/p>\n\n\n\n<p>\u00c9 poss\u00edvel usar a pr\u00f3tese protocolo tanto na arcada superior como na arcada inferior.<\/p>\n\n\n\n<h2 class=\"wp-block-heading\">Indica\u00e7\u00f5es<\/h2>\n\n\n\n<p>Quando perdemos um ou mais dentes, \u00e9 imprescind\u00edvel sua reposi\u00e7\u00e3o. Sua aus\u00eancia acarreta in\u00fameros malef\u00edcios a sa\u00fade bucal. Portanto, o objetivo principal da pr\u00f3tese \u00e9 devolver fun\u00e7\u00e3o mastigat\u00f3ria, fon\u00e9tica e est\u00e9tica. <\/p>\n\n\n\n<p>A indica\u00e7\u00e3o do protocolo \u00e9 essencialmente para pacientes que perderam todos os dentes de uma arcada, seja ela inferior, superior ou das duas. <\/p>\n\n\n\n<p>\u00c9 importante que o paciente esteja com a condi\u00e7\u00e3o oral favor\u00e1vel. Dessa forma, deve-se ter aten\u00e7\u00e3o quanto \u00e0s seguintes condi\u00e7\u00f5es: <\/p>\n\n\n\n<ul class=\"wp-block-list\"><li>Perda \u00f3ssea severa<\/li><li>Uso de medicamentos a base de bifosfonatos<\/li><li>Pacientes em tratamento oncol\u00f3gico.<\/li><\/ul>\n\n\n\n<p>No entanto, vale ressaltar que estas s\u00e3o contraindica\u00e7\u00f5es eventuais, e, interven\u00e7\u00f5es do dentista e de equipes multiprofissionais, favorecem a sua instala\u00e7\u00e3o. <\/p>\n\n\n\n<ul class=\"wp-block-list\"><li>O enxerto \u00f3sseo, concomitante ao acompanhamento laboratorial e de exames de imagem, favorecem a instala\u00e7\u00e3o dos implantes em pacientes diagnosticados com perda \u00f3ssea;<\/li><li>Ao finalizar tratamento com medicamento a base de bifosfonatos, indica-se a pr\u00f3tese protocolo; <\/li><li>Ap\u00f3s alta m\u00e9dica, o paciente oncol\u00f3gico \u00e9 liberado para coloca\u00e7\u00e3o da pr\u00f3tese protocolo.<\/li><\/ul>\n\n\n\n<h2 class=\"wp-block-heading\">Vantagens da pr\u00f3tese protocolo<\/h2>\n\n\n\n<p>Com o avan\u00e7o tecnol\u00f3gico e o advento das t\u00e9cnicas odontol\u00f3gicas na implanta\u00e7\u00e3o de pinos sustent\u00e1veis ao osso que circunda a gengiva, a pr\u00f3tese total suportada pela gengiva, tornou-se uma op\u00e7\u00e3o menos vi\u00e1vel quando comparada a pr\u00f3tese protocolo.<\/p>\n\n\n\n<p>As vantagens s\u00e3o infinitamente superiores quando comparadas a pr\u00f3teses totais m\u00f3veis como apresentado abaixo:<\/p>\n\n\n\n<h3 class=\"wp-block-heading\">Estabilidade<\/h3>\n\n\n\n<p>Certamente mais est\u00e1vel quando relacionada a pr\u00f3tese m\u00f3vel, especialmente pela sua fixa\u00e7\u00e3o, garantindo estabilidade correta na fun\u00e7\u00e3o mastigat\u00f3ria. <\/p>\n\n\n\n<h3 class=\"wp-block-heading\">Adaptabilidade<\/h3>\n\n\n\n<p>Devido \u00e0 fixa\u00e7\u00e3o do protocolo, feridas, inc\u00f4modos para mastigar e desadapta\u00e7\u00f5es, n\u00e3o ocorrem ao paciente que opta pela pr\u00f3tese protocolo, gerando assim maior adapta\u00e7\u00e3o.<\/p>\n\n\n\n<h3 class=\"wp-block-heading\">Seguran\u00e7a<\/h3>\n\n\n\n<p>Assim como na adapta\u00e7\u00e3o e estabilidade, o paciente que se alimenta melhor e consegue sorrir sem medo, se sente mais seguro com esta pr\u00f3tese.<\/p>\n\n\n\n<h3 class=\"wp-block-heading\">Higieniza\u00e7\u00e3o<\/h3>\n\n\n\n<p>Consequentemente ao seu sistema de fixa\u00e7\u00e3o, a higieniza\u00e7\u00e3o do protocolo \u00e9 melhor realizada pelo paciente. Vale ressaltar que este deve usar escovas de cerdas macias, associado ao uso da escova interdental, ou seja, o mesmo modelo de escova cil\u00edndrica usada por aqueles que usam aparelhos ortod\u00f4nticos, com a finalidade de higienizar os espa\u00e7os interdentais da sua pr\u00f3tese.<\/p>\n\n\n\n<h3 class=\"wp-block-heading\">Durabilidade<\/h3>\n\n\n\n<p>Devido aos materiais que comp\u00f5em a pr\u00f3tese protocolo, esta se torna mais dur\u00e1vel em compara\u00e7\u00e3o a pr\u00f3tese m\u00f3vel.<\/p>\n\n\n\n<h3 class=\"wp-block-heading\">Est\u00e9tica<\/h3>\n\n\n\n<p>Contrapondo os materiais usados na pr\u00f3tese total m\u00f3vel, as possibilidades em porcelanas oferecidas no protocolo, garantem uma est\u00e9tica mais pr\u00f3xima dos dentes reais, conferindo a esta modalidade um sorriso agrad\u00e1vel e livre de componentes met\u00e1licos.<\/p>\n\n\n\n<h2 class=\"wp-block-heading\">Valores<\/h2>\n\n\n\n<p>Da mesma forma que todos os tratamentos odontol\u00f3gicos, os valores para a pr\u00f3tese do tipo protocolo variam conforme a escolha da composi\u00e7\u00e3o dos materiais de escolha de sua confec\u00e7\u00e3o.<\/p>\n\n\n\n<p>Se o paciente optar pela pr\u00f3tese metalocer\u00e2mica, por exemplo, o custo diferir\u00e1 quando comparado a pr\u00f3tese confeccionada em Zirc\u00f4nia.<\/p>\n\n\n\n<p>Por isso \u00e9 importante avaliar junto ao dentista quais as possibilidades oferecidas se encaixam na necessidade do paciente. \u00c9 importante considerar que as escolhas influenciam na durabilidade e est\u00e9tica da pr\u00f3tese. <\/p>\n\n\n\n<p>O tempo m\u00e9dio de durabilidade da pr\u00f3tese protocolo gira em torno de 25 anos, vale ressaltar que a escolha do material de composi\u00e7\u00e3o ir\u00e1 influenciar diretamente no seu desgaste, portanto, vale a pena investir em bons materiais, de modo a manter a pr\u00f3tese mais longeva o poss\u00edvel! <\/p>\n","protected":false},"excerpt":{"rendered":"<p>Certamente voc\u00ea j\u00e1 ouviu falar em pr\u00f3tese total. Por\u00e9m, voc\u00ea j\u00e1 ouviu falar na&#8230;<\/p>\n","protected":false},"author":30,"featured_media":2586,"comment_status":"open","ping_status":"closed","sticky":false,"template":"","format":"standard","meta":{"_target_audience":"","footnotes":""},"categories":[129],"tags":[328,318,336],"class_list":["post-2114","post","type-post","status-publish","format-standard","has-post-thumbnail","hentry","category-tratamentos","tag-protese-dental","tag-protese-fixa","tag-protese-protocolo"],"yoast_head":"<!-- This site is optimized with the Yoast SEO plugin v27.2 - https:\/\/yoast.com\/product\/yoast-seo-wordpress\/ -->\n<title>Pr\u00f3tese protocolo: tudo o que voc\u00ea precisa saber<\/title>\n<meta name=\"description\" content=\"Pr\u00f3tese protocolo \u00e9 uma modalidade de pr\u00f3tese total, com indica\u00e7\u00e3o para pacientes ed\u00eantulos. Venha aprender tudo sobre essa pr\u00f3tese!\" \/>\n<meta name=\"robots\" content=\"index, follow, max-snippet:-1, max-image-preview:large, max-video-preview:-1\" \/>\n<link rel=\"canonical\" href=\"https:\/\/www.codental.com.br\/blog\/protese-protocolo-tudo-o-que-voce-precisa-saber\/\" \/>\n<meta property=\"og:locale\" content=\"pt_BR\" \/>\n<meta property=\"og:type\" content=\"article\" \/>\n<meta property=\"og:title\" content=\"Pr\u00f3tese protocolo: tudo o que voc\u00ea precisa saber\" \/>\n<meta property=\"og:description\" content=\"Pr\u00f3tese protocolo \u00e9 uma modalidade de pr\u00f3tese total, com indica\u00e7\u00e3o para pacientes ed\u00eantulos. Venha aprender tudo sobre essa pr\u00f3tese!\" \/>\n<meta property=\"og:url\" content=\"https:\/\/www.codental.com.br\/blog\/protese-protocolo-tudo-o-que-voce-precisa-saber\/\" \/>\n<meta property=\"og:site_name\" content=\"Codental Blog\" \/>\n<meta property=\"article:publisher\" content=\"http:\/\/www.facebook.com\/codentalbr\" \/>\n<meta property=\"article:published_time\" content=\"2023-01-31T20:00:00+00:00\" \/>\n<meta property=\"og:image\" content=\"https:\/\/www.codental.com.br\/blog\/wp-content\/uploads\/2022\/12\/Protese-protocolo-1.jpg\" \/>\n\t<meta property=\"og:image:width\" content=\"1010\" \/>\n\t<meta property=\"og:image:height\" content=\"550\" \/>\n\t<meta property=\"og:image:type\" content=\"image\/jpeg\" \/>\n<meta name=\"author\" content=\"Jaqueline\" \/>\n<meta name=\"twitter:card\" content=\"summary_large_image\" \/>\n<meta name=\"twitter:creator\" content=\"@CodentalBr\" \/>\n<meta name=\"twitter:site\" content=\"@CodentalBr\" \/>\n<meta name=\"twitter:label1\" content=\"Escrito por\" \/>\n\t<meta name=\"twitter:data1\" content=\"Jaqueline\" \/>\n\t<meta name=\"twitter:label2\" content=\"Est. tempo de leitura\" \/>\n\t<meta name=\"twitter:data2\" content=\"4 minutos\" \/>\n<script type=\"application\/ld+json\" class=\"yoast-schema-graph\">{\"@context\":\"https:\/\/schema.org\",\"@graph\":[{\"@type\":\"Article\",\"@id\":\"https:\/\/www.codental.com.br\/blog\/protese-protocolo-tudo-o-que-voce-precisa-saber\/#article\",\"isPartOf\":{\"@id\":\"https:\/\/www.codental.com.br\/blog\/protese-protocolo-tudo-o-que-voce-precisa-saber\/\"},\"author\":{\"name\":\"Jaqueline\",\"@id\":\"https:\/\/www.codental.com.br\/blog\/#\/schema\/person\/7506ab8d7a0b35cdfe68fae4ee2f9277\"},\"headline\":\"Pr\u00f3tese protocolo: tudo o que voc\u00ea precisa saber\",\"datePublished\":\"2023-01-31T20:00:00+00:00\",\"mainEntityOfPage\":{\"@id\":\"https:\/\/www.codental.com.br\/blog\/protese-protocolo-tudo-o-que-voce-precisa-saber\/\"},\"wordCount\":745,\"commentCount\":0,\"publisher\":{\"@id\":\"https:\/\/www.codental.com.br\/blog\/#organization\"},\"image\":{\"@id\":\"https:\/\/www.codental.com.br\/blog\/protese-protocolo-tudo-o-que-voce-precisa-saber\/#primaryimage\"},\"thumbnailUrl\":\"https:\/\/www.codental.com.br\/blog\/wp-content\/uploads\/2022\/12\/Protese-protocolo-1.jpg\",\"keywords\":[\"Pr\u00f3tese dental\",\"Pr\u00f3tese fixa\",\"Pr\u00f3tese protocolo\"],\"articleSection\":[\"Tratamentos odontol\u00f3gicos\"],\"inLanguage\":\"pt-BR\",\"potentialAction\":[{\"@type\":\"CommentAction\",\"name\":\"Comment\",\"target\":[\"https:\/\/www.codental.com.br\/blog\/protese-protocolo-tudo-o-que-voce-precisa-saber\/#respond\"]}]},{\"@type\":\"WebPage\",\"@id\":\"https:\/\/www.codental.com.br\/blog\/protese-protocolo-tudo-o-que-voce-precisa-saber\/\",\"url\":\"https:\/\/www.codental.com.br\/blog\/protese-protocolo-tudo-o-que-voce-precisa-saber\/\",\"name\":\"Pr\u00f3tese protocolo: tudo o que voc\u00ea precisa saber\",\"isPartOf\":{\"@id\":\"https:\/\/www.codental.com.br\/blog\/#website\"},\"primaryImageOfPage\":{\"@id\":\"https:\/\/www.codental.com.br\/blog\/protese-protocolo-tudo-o-que-voce-precisa-saber\/#primaryimage\"},\"image\":{\"@id\":\"https:\/\/www.codental.com.br\/blog\/protese-protocolo-tudo-o-que-voce-precisa-saber\/#primaryimage\"},\"thumbnailUrl\":\"https:\/\/www.codental.com.br\/blog\/wp-content\/uploads\/2022\/12\/Protese-protocolo-1.jpg\",\"datePublished\":\"2023-01-31T20:00:00+00:00\",\"description\":\"Pr\u00f3tese protocolo \u00e9 uma modalidade de pr\u00f3tese total, com indica\u00e7\u00e3o para pacientes ed\u00eantulos. Venha aprender tudo sobre essa pr\u00f3tese!\",\"breadcrumb\":{\"@id\":\"https:\/\/www.codental.com.br\/blog\/protese-protocolo-tudo-o-que-voce-precisa-saber\/#breadcrumb\"},\"inLanguage\":\"pt-BR\",\"potentialAction\":[{\"@type\":\"ReadAction\",\"target\":[\"https:\/\/www.codental.com.br\/blog\/protese-protocolo-tudo-o-que-voce-precisa-saber\/\"]}]},{\"@type\":\"ImageObject\",\"inLanguage\":\"pt-BR\",\"@id\":\"https:\/\/www.codental.com.br\/blog\/protese-protocolo-tudo-o-que-voce-precisa-saber\/#primaryimage\",\"url\":\"https:\/\/www.codental.com.br\/blog\/wp-content\/uploads\/2022\/12\/Protese-protocolo-1.jpg\",\"contentUrl\":\"https:\/\/www.codental.com.br\/blog\/wp-content\/uploads\/2022\/12\/Protese-protocolo-1.jpg\",\"width\":1010,\"height\":550,\"caption\":\"Pr\u00f3tese protocolo\"},{\"@type\":\"BreadcrumbList\",\"@id\":\"https:\/\/www.codental.com.br\/blog\/protese-protocolo-tudo-o-que-voce-precisa-saber\/#breadcrumb\",\"itemListElement\":[{\"@type\":\"ListItem\",\"position\":1,\"name\":\"In\u00edcio\",\"item\":\"https:\/\/www.codental.com.br\/blog\/\"},{\"@type\":\"ListItem\",\"position\":2,\"name\":\"Pr\u00f3tese protocolo: tudo o que voc\u00ea precisa saber\"}]},{\"@type\":\"WebSite\",\"@id\":\"https:\/\/www.codental.com.br\/blog\/#website\",\"url\":\"https:\/\/www.codental.com.br\/blog\/\",\"name\":\"Codental Blog\",\"description\":\"Artigos e not\u00edcias sobre odontologia\",\"publisher\":{\"@id\":\"https:\/\/www.codental.com.br\/blog\/#organization\"},\"potentialAction\":[{\"@type\":\"SearchAction\",\"target\":{\"@type\":\"EntryPoint\",\"urlTemplate\":\"https:\/\/www.codental.com.br\/blog\/?s={search_term_string}\"},\"query-input\":{\"@type\":\"PropertyValueSpecification\",\"valueRequired\":true,\"valueName\":\"search_term_string\"}}],\"inLanguage\":\"pt-BR\"},{\"@type\":\"Organization\",\"@id\":\"https:\/\/www.codental.com.br\/blog\/#organization\",\"name\":\"Codental\",\"url\":\"https:\/\/codental.com.br\/\",\"logo\":{\"@type\":\"ImageObject\",\"inLanguage\":\"pt-BR\",\"@id\":\"https:\/\/www.codental.com.br\/blog\/#\/schema\/logo\/image\/\",\"url\":\"https:\/\/www.codental.com.br\/blog\/wp-content\/uploads\/2018\/10\/logo.png\",\"contentUrl\":\"https:\/\/www.codental.com.br\/blog\/wp-content\/uploads\/2018\/10\/logo.png\",\"width\":1200,\"height\":300,\"caption\":\"Codental\"},\"image\":{\"@id\":\"https:\/\/www.codental.com.br\/blog\/#\/schema\/logo\/image\/\"},\"sameAs\":[\"http:\/\/www.facebook.com\/codentalbr\",\"https:\/\/x.com\/CodentalBr\",\"https:\/\/www.instagram.com\/codentalbr\/\"]},{\"@type\":\"Person\",\"@id\":\"https:\/\/www.codental.com.br\/blog\/#\/schema\/person\/7506ab8d7a0b35cdfe68fae4ee2f9277\",\"name\":\"Jaqueline\",\"image\":{\"@type\":\"ImageObject\",\"inLanguage\":\"pt-BR\",\"@id\":\"https:\/\/www.codental.com.br\/blog\/wp-content\/uploads\/2022\/11\/WhatsApp-Image-2022-11-23-at-18.30.21-343x240.jpeg\",\"url\":\"https:\/\/www.codental.com.br\/blog\/wp-content\/uploads\/2022\/11\/WhatsApp-Image-2022-11-23-at-18.30.21-343x240.jpeg\",\"contentUrl\":\"https:\/\/www.codental.com.br\/blog\/wp-content\/uploads\/2022\/11\/WhatsApp-Image-2022-11-23-at-18.30.21-343x240.jpeg\",\"caption\":\"Jaqueline\"},\"description\":\"Mineira, 38 anos. Dentista cl\u00ednica geral e jornalista. Apaixonada por artes, m\u00fasica e culin\u00e1ria, um trio perfeito para bons encontros com os amigos.\",\"url\":\"https:\/\/www.codental.com.br\/blog\/author\/jackeline\/\"}]}<\/script>\n<!-- \/ Yoast SEO plugin. -->","yoast_head_json":{"title":"Pr\u00f3tese protocolo: tudo o que voc\u00ea precisa saber","description":"Pr\u00f3tese protocolo \u00e9 uma modalidade de pr\u00f3tese total, com indica\u00e7\u00e3o para pacientes ed\u00eantulos. Venha aprender tudo sobre essa pr\u00f3tese!","robots":{"index":"index","follow":"follow","max-snippet":"max-snippet:-1","max-image-preview":"max-image-preview:large","max-video-preview":"max-video-preview:-1"},"canonical":"https:\/\/www.codental.com.br\/blog\/protese-protocolo-tudo-o-que-voce-precisa-saber\/","og_locale":"pt_BR","og_type":"article","og_title":"Pr\u00f3tese protocolo: tudo o que voc\u00ea precisa saber","og_description":"Pr\u00f3tese protocolo \u00e9 uma modalidade de pr\u00f3tese total, com indica\u00e7\u00e3o para pacientes ed\u00eantulos. Venha aprender tudo sobre essa pr\u00f3tese!","og_url":"https:\/\/www.codental.com.br\/blog\/protese-protocolo-tudo-o-que-voce-precisa-saber\/","og_site_name":"Codental Blog","article_publisher":"http:\/\/www.facebook.com\/codentalbr","article_published_time":"2023-01-31T20:00:00+00:00","og_image":[{"width":1010,"height":550,"url":"https:\/\/www.codental.com.br\/blog\/wp-content\/uploads\/2022\/12\/Protese-protocolo-1.jpg","type":"image\/jpeg"}],"author":"Jaqueline","twitter_card":"summary_large_image","twitter_creator":"@CodentalBr","twitter_site":"@CodentalBr","twitter_misc":{"Escrito por":"Jaqueline","Est. tempo de leitura":"4 minutos"},"schema":{"@context":"https:\/\/schema.org","@graph":[{"@type":"Article","@id":"https:\/\/www.codental.com.br\/blog\/protese-protocolo-tudo-o-que-voce-precisa-saber\/#article","isPartOf":{"@id":"https:\/\/www.codental.com.br\/blog\/protese-protocolo-tudo-o-que-voce-precisa-saber\/"},"author":{"name":"Jaqueline","@id":"https:\/\/www.codental.com.br\/blog\/#\/schema\/person\/7506ab8d7a0b35cdfe68fae4ee2f9277"},"headline":"Pr\u00f3tese protocolo: tudo o que voc\u00ea precisa saber","datePublished":"2023-01-31T20:00:00+00:00","mainEntityOfPage":{"@id":"https:\/\/www.codental.com.br\/blog\/protese-protocolo-tudo-o-que-voce-precisa-saber\/"},"wordCount":745,"commentCount":0,"publisher":{"@id":"https:\/\/www.codental.com.br\/blog\/#organization"},"image":{"@id":"https:\/\/www.codental.com.br\/blog\/protese-protocolo-tudo-o-que-voce-precisa-saber\/#primaryimage"},"thumbnailUrl":"https:\/\/www.codental.com.br\/blog\/wp-content\/uploads\/2022\/12\/Protese-protocolo-1.jpg","keywords":["Pr\u00f3tese dental","Pr\u00f3tese fixa","Pr\u00f3tese protocolo"],"articleSection":["Tratamentos odontol\u00f3gicos"],"inLanguage":"pt-BR","potentialAction":[{"@type":"CommentAction","name":"Comment","target":["https:\/\/www.codental.com.br\/blog\/protese-protocolo-tudo-o-que-voce-precisa-saber\/#respond"]}]},{"@type":"WebPage","@id":"https:\/\/www.codental.com.br\/blog\/protese-protocolo-tudo-o-que-voce-precisa-saber\/","url":"https:\/\/www.codental.com.br\/blog\/protese-protocolo-tudo-o-que-voce-precisa-saber\/","name":"Pr\u00f3tese protocolo: tudo o que voc\u00ea precisa saber","isPartOf":{"@id":"https:\/\/www.codental.com.br\/blog\/#website"},"primaryImageOfPage":{"@id":"https:\/\/www.codental.com.br\/blog\/protese-protocolo-tudo-o-que-voce-precisa-saber\/#primaryimage"},"image":{"@id":"https:\/\/www.codental.com.br\/blog\/protese-protocolo-tudo-o-que-voce-precisa-saber\/#primaryimage"},"thumbnailUrl":"https:\/\/www.codental.com.br\/blog\/wp-content\/uploads\/2022\/12\/Protese-protocolo-1.jpg","datePublished":"2023-01-31T20:00:00+00:00","description":"Pr\u00f3tese protocolo \u00e9 uma modalidade de pr\u00f3tese total, com indica\u00e7\u00e3o para pacientes ed\u00eantulos. Venha aprender tudo sobre essa pr\u00f3tese!","breadcrumb":{"@id":"https:\/\/www.codental.com.br\/blog\/protese-protocolo-tudo-o-que-voce-precisa-saber\/#breadcrumb"},"inLanguage":"pt-BR","potentialAction":[{"@type":"ReadAction","target":["https:\/\/www.codental.com.br\/blog\/protese-protocolo-tudo-o-que-voce-precisa-saber\/"]}]},{"@type":"ImageObject","inLanguage":"pt-BR","@id":"https:\/\/www.codental.com.br\/blog\/protese-protocolo-tudo-o-que-voce-precisa-saber\/#primaryimage","url":"https:\/\/www.codental.com.br\/blog\/wp-content\/uploads\/2022\/12\/Protese-protocolo-1.jpg","contentUrl":"https:\/\/www.codental.com.br\/blog\/wp-content\/uploads\/2022\/12\/Protese-protocolo-1.jpg","width":1010,"height":550,"caption":"Pr\u00f3tese protocolo"},{"@type":"BreadcrumbList","@id":"https:\/\/www.codental.com.br\/blog\/protese-protocolo-tudo-o-que-voce-precisa-saber\/#breadcrumb","itemListElement":[{"@type":"ListItem","position":1,"name":"In\u00edcio","item":"https:\/\/www.codental.com.br\/blog\/"},{"@type":"ListItem","position":2,"name":"Pr\u00f3tese protocolo: tudo o que voc\u00ea precisa saber"}]},{"@type":"WebSite","@id":"https:\/\/www.codental.com.br\/blog\/#website","url":"https:\/\/www.codental.com.br\/blog\/","name":"Codental Blog","description":"Artigos e not\u00edcias sobre odontologia","publisher":{"@id":"https:\/\/www.codental.com.br\/blog\/#organization"},"potentialAction":[{"@type":"SearchAction","target":{"@type":"EntryPoint","urlTemplate":"https:\/\/www.codental.com.br\/blog\/?s={search_term_string}"},"query-input":{"@type":"PropertyValueSpecification","valueRequired":true,"valueName":"search_term_string"}}],"inLanguage":"pt-BR"},{"@type":"Organization","@id":"https:\/\/www.codental.com.br\/blog\/#organization","name":"Codental","url":"https:\/\/codental.com.br\/","logo":{"@type":"ImageObject","inLanguage":"pt-BR","@id":"https:\/\/www.codental.com.br\/blog\/#\/schema\/logo\/image\/","url":"https:\/\/www.codental.com.br\/blog\/wp-content\/uploads\/2018\/10\/logo.png","contentUrl":"https:\/\/www.codental.com.br\/blog\/wp-content\/uploads\/2018\/10\/logo.png","width":1200,"height":300,"caption":"Codental"},"image":{"@id":"https:\/\/www.codental.com.br\/blog\/#\/schema\/logo\/image\/"},"sameAs":["http:\/\/www.facebook.com\/codentalbr","https:\/\/x.com\/CodentalBr","https:\/\/www.instagram.com\/codentalbr\/"]},{"@type":"Person","@id":"https:\/\/www.codental.com.br\/blog\/#\/schema\/person\/7506ab8d7a0b35cdfe68fae4ee2f9277","name":"Jaqueline","image":{"@type":"ImageObject","inLanguage":"pt-BR","@id":"https:\/\/www.codental.com.br\/blog\/wp-content\/uploads\/2022\/11\/WhatsApp-Image-2022-11-23-at-18.30.21-343x240.jpeg","url":"https:\/\/www.codental.com.br\/blog\/wp-content\/uploads\/2022\/11\/WhatsApp-Image-2022-11-23-at-18.30.21-343x240.jpeg","contentUrl":"https:\/\/www.codental.com.br\/blog\/wp-content\/uploads\/2022\/11\/WhatsApp-Image-2022-11-23-at-18.30.21-343x240.jpeg","caption":"Jaqueline"},"description":"Mineira, 38 anos. Dentista cl\u00ednica geral e jornalista. Apaixonada por artes, m\u00fasica e culin\u00e1ria, um trio perfeito para bons encontros com os amigos.","url":"https:\/\/www.codental.com.br\/blog\/author\/jackeline\/"}]}},"_links":{"self":[{"href":"https:\/\/www.codental.com.br\/blog\/wp-json\/wp\/v2\/posts\/2114","targetHints":{"allow":["GET"]}}],"collection":[{"href":"https:\/\/www.codental.com.br\/blog\/wp-json\/wp\/v2\/posts"}],"about":[{"href":"https:\/\/www.codental.com.br\/blog\/wp-json\/wp\/v2\/types\/post"}],"author":[{"embeddable":true,"href":"https:\/\/www.codental.com.br\/blog\/wp-json\/wp\/v2\/users\/30"}],"replies":[{"embeddable":true,"href":"https:\/\/www.codental.com.br\/blog\/wp-json\/wp\/v2\/comments?post=2114"}],"version-history":[{"count":2,"href":"https:\/\/www.codental.com.br\/blog\/wp-json\/wp\/v2\/posts\/2114\/revisions"}],"predecessor-version":[{"id":2587,"href":"https:\/\/www.codental.com.br\/blog\/wp-json\/wp\/v2\/posts\/2114\/revisions\/2587"}],"wp:featuredmedia":[{"embeddable":true,"href":"https:\/\/www.codental.com.br\/blog\/wp-json\/wp\/v2\/media\/2586"}],"wp:attachment":[{"href":"https:\/\/www.codental.com.br\/blog\/wp-json\/wp\/v2\/media?parent=2114"}],"wp:term":[{"taxonomy":"category","embeddable":true,"href":"https:\/\/www.codental.com.br\/blog\/wp-json\/wp\/v2\/categories?post=2114"},{"taxonomy":"post_tag","embeddable":true,"href":"https:\/\/www.codental.com.br\/blog\/wp-json\/wp\/v2\/tags?post=2114"}],"curies":[{"name":"wp","href":"https:\/\/api.w.org\/{rel}","templated":true}]}}