{"id":2026,"date":"2023-01-03T17:00:00","date_gmt":"2023-01-03T20:00:00","guid":{"rendered":"https:\/\/www.codental.com.br\/blog\/?p=2026"},"modified":"2023-01-02T16:17:48","modified_gmt":"2023-01-02T19:17:48","slug":"mordida-cruzada-em-criancas-saiba-tudo-sobre-a-condicao","status":"publish","type":"post","link":"https:\/\/www.codental.com.br\/blog\/mordida-cruzada-em-criancas-saiba-tudo-sobre-a-condicao\/","title":{"rendered":"Mordida cruzada em crian\u00e7as: saiba tudo sobre a condi\u00e7\u00e3o"},"content":{"rendered":"\n<p>A mordida cruzada em crian\u00e7as \u00e9 um problema comum encontrado nos pequenos, sendo caracterizada por uma distor\u00e7\u00e3o do sorriso causada pelo desalinhamento dos dentes. Confira tudo sobre esse problema.<\/p>\n\n\n\n<h2 class=\"wp-block-heading\">O que \u00e9 mordida cruzada<\/h2>\n\n\n\n<p>A mordida cruzada \u00e9 popularmente conhecida como mordida invertida. Ela \u00e9 caracterizada quando existe um trespasse negativo entre arcadas superior e inferior. Ou seja, quando\u00a0os dentes\u00a0est\u00e3o\u00a0em oclus\u00e3o, os dentes\u00a0inferiores ficam vestibularizados em rela\u00e7\u00e3o aos superiores<\/p>\n\n\n\n<p>Esta m\u00e1 oclus\u00e3o\u00a0\u00e9 relativamente frequente, podendo\u00a0acontecer na regi\u00e3o anterior, na regi\u00e3o posterior em um dos lados, ou nos dois lados.<\/p>\n\n\n\n<p>A mordida cruzada est\u00e1 muito presente na popula\u00e7\u00e3o adulta, pois esse grupo de pacientes n\u00e3o realizou tratamento adequado na inf\u00e2ncia, quando o problema normalmente aparece.<\/p>\n\n\n\n<h2 class=\"wp-block-heading\">Tipos de mordida cruzada<\/h2>\n\n\n\n<h3 class=\"wp-block-heading\">Mordida cruzada anterior<\/h3>\n\n\n\n<p>A mordida cruzada anterior&nbsp;\u00e9 uma m\u00e1 oclus\u00e3o caracterizada por um trespasse&nbsp;horizontal negativo&nbsp;dos dentes anteriores.&nbsp;<\/p>\n\n\n\n<p>Elas&nbsp;podem ser de&nbsp;natureza&nbsp;dent\u00e1ria (quando h\u00e1 apenas uma altera\u00e7\u00e3o na inclina\u00e7\u00e3o vest\u00edbulo-lingual) ou&nbsp;esquel\u00e9tica(quando relacionada a uma discrep\u00e2ncia de tamanho das bases \u00f3sseas).<\/p>\n\n\n\n<p>Esse tipo de mordida cruzada acontece quando os dentes da frente da arcada inferior encobrem os da arcada superior. Dessa maneira, quando a boca se fecha, os dentes de baixo acabam ficando mais adiante.<\/p>\n\n\n\n<h3 class=\"wp-block-heading\">Mordida cruzada posterior<\/h3>\n\n\n\n<p>A mordida cruzada posterior, \u00e9 uma m\u00e1 oclus\u00e3o caracterizada pela rela\u00e7\u00e3o vest\u00edbulo-lingual anormal, de um ou mais dentes da maxila, em rela\u00e7\u00e3o \u00e0 mand\u00edbula. Com isso, os dentes posteriores inferiores ficam \u201cpor fora\u201d, em rela\u00e7\u00e3o os dentes posteriores superiores.<\/p>\n\n\n\n<p>Assim como a mordida cruzada anterior, podem ser de origem dent\u00e1ria ou esquel\u00e9tica.<\/p>\n\n\n\n<h2 class=\"wp-block-heading\">Principais causas da mordida cruzada em crian\u00e7as<\/h2>\n\n\n\n<p>A etiologia dessa m\u00e1 oclus\u00e3o pode ser atribu\u00edda a\u00a0fatores heredit\u00e1rios,\u00a0ambientais e h\u00e1bitos delet\u00e9rios.\u00a0Causas adicionais incluem: assimetria de crescimento de mand\u00edbula e\/ou maxila, discrep\u00e2ncia da largura basilar da maxila ou mand\u00edbula, perda prematura ou reten\u00e7\u00e3o prolongada de um\u00a0dente dec\u00edduo, falta de espa\u00e7o, respira\u00e7\u00e3o bucal, crescimento an\u00f4malo dos dentes, postura incorreta,\u00a0dentre outros.<\/p>\n\n\n\n<p>Sobre as principais causas da mordida cruzada:<\/p>\n\n\n\n<ul class=\"wp-block-list\"><li>Quando\u00a0existe gen\u00e9tica para que a\u00a0mand\u00edbula\u00a0seja mais larga\u00a0que\u00a0a maxila;<\/li><li>Atraso na erup\u00e7\u00e3o dent\u00e1ria;<\/li><li> H\u00e1bitos delet\u00e9rios, como a suc\u00e7\u00e3o digital, onicofagia, uso de mamadeira.\u00a0<\/li><\/ul>\n\n\n\n<p>Al\u00e9m disso, quando existe algum problema anat\u00f4mico, no nariz ou garganta, como aumento das am\u00edgdalas,\u00a0a crian\u00e7a pode passar a respirar pela boca e, resultando na posi\u00e7\u00e3o mais elevada da l\u00edngua, prejudicando\u00a0o\u00a0desenvolvimento do maxilar.<\/p>\n\n\n\n<h2 class=\"wp-block-heading\">Qual a melhor idade para tratar mordida cruzada<\/h2>\n\n\n\n<p>A\u00a0crian\u00e7a com mordida cruzada dever\u00e1 ser avaliada\u00a0por um ortodontista. Entretanto, a idade recomendada para tal, deve ser por volta dos cinco anos.\u00a0Dessa maneira, o profissional verificar\u00e1 se esta mordida cruzada se deve \u00e0 inclina\u00e7\u00e3o\u00a0incorreta dos dentes, ou se \u00e9 um problema \u00f3sseo, necessitando de interven\u00e7\u00e3o imediata.<\/p>\n\n\n\n<h2 class=\"wp-block-heading\">Como tratar a mordida cruzada em crian\u00e7as<\/h2>\n\n\n\n<p>O tratamento em crian\u00e7as durante a fase da denti\u00e7\u00e3o mista\u00a0\u00e9 importante, pois com ele, ser\u00e1 poss\u00edvel\u00a0o\u00a0reposicionamento correto dos dentes e bases \u00f3sseas.\u00a0Dessa forma, o tratamento precoce contribui para\u00a0um crescimento e desenvolvimento adequado do sistema estomatogn\u00e1tico. Dessa maneira, se\u00a0reduz a necessidade de tratamentos mais complexos na denti\u00e7\u00e3o permanente.<\/p>\n\n\n\n<p>Se a crian\u00e7a chegar j\u00e1 com denti\u00e7\u00e3o mista, a utiliza\u00e7\u00e3o de aparelhos ortop\u00e9dicos funcionais se far\u00e1 necess\u00e1rio. \u00c9 importante ressaltar que os aparelhos utilizados na ortopedia funcional dos maxilares, trabalham com est\u00edmulos neuromusculares e neurais, objetivando promover est\u00edmulos corretos, que culminar\u00e3o\u00a0com uma resposta \u00f3ssea adequada.<\/p>\n\n\n\n<p>Na mordida cruzada posterior, dependendo da idade da crian\u00e7a, o tratamento pode consistir apenas em exerc\u00edcios simples para o posicionamento dos dentes em seu local correto. Quando maiores, ajustes oclusais podem ser necess\u00e1rios. Entretanto, se n\u00e3o for suficiente, podem ser utilizadas as pistas diretas planas, que se trata da coloca\u00e7\u00e3o de resina em dentes de leite, que levam \u00e0 mudan\u00e7a de postura da mand\u00edbula.<\/p>\n\n\n\n<p>J\u00e1 a ortopedia funcional dos maxilares, remove as interfer\u00eancias indesej\u00e1veis durante o per\u00edodo de crescimento e desenvolvimento do sistema estomatogn\u00e1tico, representado pelos ossos da face, maxilares, m\u00fasculos, articula\u00e7\u00f5es, sistema circulat\u00f3rio e sistema nervoso. Dessa maneira, ela atua agindo diretamente no sistema neuromuscular, uma vez que ele comanda o desenvolvimento \u00f3sseo, e promove est\u00edmulos desej\u00e1veis para propiciar as fun\u00e7\u00f5es da maneira adequada.<\/p>\n\n\n\n<p>Associada \u00e0 odontopediatra, ela consegue fazer um excelente trabalho na identifica\u00e7\u00e3o dos sinais e sintomas relacionados \u00e0s m\u00e1s oclus\u00f5es. \u00a0Quanto mais precoce for o diagn\u00f3stico e a corre\u00e7\u00e3o das m\u00e1s oclus\u00f5es, menos problemas teremos no complexo craniofacial da crian\u00e7a, visto termos, nessa fase, uma grande plasticidade \u00f3ssea.<\/p>\n\n\n\n<h3 class=\"wp-block-heading\">Aparelhos para corre\u00e7\u00e3o de mordida cruzada<\/h3>\n\n\n\n<p>Existem v\u00e1rios aparelhos que podem ser utilizados para o tratamento da mordida cruzada posterior: aparelhos remov\u00edveis, Hyrax, Hass, Quad-H\u00e9lix.<\/p>\n\n\n\n<p>J\u00e1 as mordidas cruzadas anteriores, necessitam de uma minuciosa avalia\u00e7\u00e3o, onde \u00e9 preciso identificar se h\u00e1 altera\u00e7\u00e3o da inclina\u00e7\u00e3o dos dentes ou altera\u00e7\u00e3o de crescimento \u00f3sseo. Os aparelhos utilizados s\u00e3o: placas remov\u00edveis com molas digitais, a combina\u00e7\u00e3o de aparelho expansor com m\u00e1scara facial, Prog\u00eanico, dentre outros. &nbsp;<\/p>\n\n\n\n<p>Para o tratamento\u00a0da mordida cruzada posterior unilateral, \u00e9\u00a0indicado o disjuntor fixo do tipo Hyrax. Pois, esse tipo de aparelho proporciona a abertura da sutura palatina e a expans\u00e3o r\u00e1pida da maxila, fazendo com que a mordida descruze.<\/p>\n\n\n\n<h2 class=\"wp-block-heading\">Consequ\u00eancias\u00a0da falta do tratamento precoce<\/h2>\n\n\n\n<p>Na inf\u00e2ncia, a mordida cruzada pode atrapalhar o crescimento dos ossos da face,&nbsp;refletindo no desenvolvimento da fala, mastiga\u00e7\u00e3o correta e respira\u00e7\u00e3o.&nbsp;<\/p>\n\n\n\n<p>Caso n\u00e3o haja tratamento,&nbsp;na idade adulta a&nbsp;mordida cruzada pode deixar sequelas indesej\u00e1veis, como&nbsp;assimetrias \u00f3sseas, problemas articulares, aumento do risco de retra\u00e7\u00e3o gengival, desgastes dos dentes&nbsp;ou at\u00e9 mesmo a perda deles, mordidas acidentais frequente das bochechas, aumento de incid\u00eancia de c\u00e1rie e doen\u00e7a gengival, dor na regi\u00e3o do pesco\u00e7o e ombros, al\u00e9m da diminui\u00e7\u00e3o&nbsp;da autoestima do paciente,&nbsp;por ser um problema que envolve&nbsp;a est\u00e9tica.<\/p>\n\n\n\n<p>Em alguns casos a mordida cruzada pode at\u00e9 causar o surgimento de dor de cabe\u00e7a frequente. Assim, o sintoma ocorre especialmente devido \u00e0 contra\u00e7\u00e3o constante do m\u00fasculo da mand\u00edbula,\u00a0que acaba ficando muito tenso e dolorido, irradiando a dor para a cabe\u00e7a.\u00a0Dessa forma, aliado a essa contra\u00e7\u00e3o muscular, pode haver o ranger dos dentes, conhecido como bruxismo.<\/p>\n","protected":false},"excerpt":{"rendered":"<p>A mordida cruzada em crian\u00e7as \u00e9 um problema comum encontrado nos pequenos, sendo caracterizada&#8230;<\/p>\n","protected":false},"author":25,"featured_media":2290,"comment_status":"open","ping_status":"closed","sticky":false,"template":"","format":"standard","meta":{"_target_audience":"","footnotes":""},"categories":[247],"tags":[284,283,285],"class_list":["post-2026","post","type-post","status-publish","format-standard","has-post-thumbnail","hentry","category-doencas-odontologicas","tag-causas-da-mordida-cruzada","tag-mordida-cruzada-em-criancas","tag-tratamento-da-mordida-cruzada"],"yoast_head":"<!-- This site is optimized with the Yoast SEO plugin v27.2 - https:\/\/yoast.com\/product\/yoast-seo-wordpress\/ -->\n<title>Mordida cruzada em crian\u00e7as: saiba tudo sobre a condi\u00e7\u00e3o<\/title>\n<meta name=\"description\" content=\"A mordida cruzada em crian\u00e7as \u00e9 um problema comum na inf\u00e2ncia. Sendo assim, preparamos um texto completo sobre essa condi\u00e7\u00e3o. Confira!\" \/>\n<meta name=\"robots\" content=\"index, follow, max-snippet:-1, max-image-preview:large, max-video-preview:-1\" \/>\n<link rel=\"canonical\" href=\"https:\/\/www.codental.com.br\/blog\/mordida-cruzada-em-criancas-saiba-tudo-sobre-a-condicao\/\" \/>\n<meta property=\"og:locale\" content=\"pt_BR\" \/>\n<meta property=\"og:type\" content=\"article\" \/>\n<meta property=\"og:title\" content=\"Mordida cruzada em crian\u00e7as: saiba tudo sobre a condi\u00e7\u00e3o\" \/>\n<meta property=\"og:description\" content=\"A mordida cruzada em crian\u00e7as \u00e9 um problema comum na inf\u00e2ncia. Sendo assim, preparamos um texto completo sobre essa condi\u00e7\u00e3o. Confira!\" \/>\n<meta property=\"og:url\" content=\"https:\/\/www.codental.com.br\/blog\/mordida-cruzada-em-criancas-saiba-tudo-sobre-a-condicao\/\" \/>\n<meta property=\"og:site_name\" content=\"Codental Blog\" \/>\n<meta property=\"article:publisher\" content=\"http:\/\/www.facebook.com\/codentalbr\" \/>\n<meta property=\"article:published_time\" content=\"2023-01-03T20:00:00+00:00\" \/>\n<meta property=\"og:image\" content=\"https:\/\/www.codental.com.br\/blog\/wp-content\/uploads\/2023\/01\/Mordida-cruzada-crianca.jpg\" \/>\n\t<meta property=\"og:image:width\" content=\"1010\" \/>\n\t<meta property=\"og:image:height\" content=\"550\" \/>\n\t<meta property=\"og:image:type\" content=\"image\/jpeg\" \/>\n<meta name=\"author\" content=\"Bruna\" \/>\n<meta name=\"twitter:card\" content=\"summary_large_image\" \/>\n<meta name=\"twitter:creator\" content=\"@CodentalBr\" \/>\n<meta name=\"twitter:site\" content=\"@CodentalBr\" \/>\n<meta name=\"twitter:label1\" content=\"Escrito por\" \/>\n\t<meta name=\"twitter:data1\" content=\"Bruna\" \/>\n\t<meta name=\"twitter:label2\" content=\"Est. tempo de leitura\" \/>\n\t<meta name=\"twitter:data2\" content=\"6 minutos\" \/>\n<script type=\"application\/ld+json\" class=\"yoast-schema-graph\">{\"@context\":\"https:\/\/schema.org\",\"@graph\":[{\"@type\":\"Article\",\"@id\":\"https:\/\/www.codental.com.br\/blog\/mordida-cruzada-em-criancas-saiba-tudo-sobre-a-condicao\/#article\",\"isPartOf\":{\"@id\":\"https:\/\/www.codental.com.br\/blog\/mordida-cruzada-em-criancas-saiba-tudo-sobre-a-condicao\/\"},\"author\":{\"name\":\"Bruna\",\"@id\":\"https:\/\/www.codental.com.br\/blog\/#\/schema\/person\/c1e8d871cebd65be4c473bb2e54403e8\"},\"headline\":\"Mordida cruzada em crian\u00e7as: saiba tudo sobre a condi\u00e7\u00e3o\",\"datePublished\":\"2023-01-03T20:00:00+00:00\",\"mainEntityOfPage\":{\"@id\":\"https:\/\/www.codental.com.br\/blog\/mordida-cruzada-em-criancas-saiba-tudo-sobre-a-condicao\/\"},\"wordCount\":1136,\"commentCount\":0,\"publisher\":{\"@id\":\"https:\/\/www.codental.com.br\/blog\/#organization\"},\"image\":{\"@id\":\"https:\/\/www.codental.com.br\/blog\/mordida-cruzada-em-criancas-saiba-tudo-sobre-a-condicao\/#primaryimage\"},\"thumbnailUrl\":\"https:\/\/www.codental.com.br\/blog\/wp-content\/uploads\/2023\/01\/Mordida-cruzada-crianca.jpg\",\"keywords\":[\"Causas da mordida cruzada\",\"Mordida cruzada em crian\u00e7as\",\"Tratamento da mordida cruzada\"],\"articleSection\":[\"Doen\u00e7as odontol\u00f3gicas\"],\"inLanguage\":\"pt-BR\",\"potentialAction\":[{\"@type\":\"CommentAction\",\"name\":\"Comment\",\"target\":[\"https:\/\/www.codental.com.br\/blog\/mordida-cruzada-em-criancas-saiba-tudo-sobre-a-condicao\/#respond\"]}]},{\"@type\":\"WebPage\",\"@id\":\"https:\/\/www.codental.com.br\/blog\/mordida-cruzada-em-criancas-saiba-tudo-sobre-a-condicao\/\",\"url\":\"https:\/\/www.codental.com.br\/blog\/mordida-cruzada-em-criancas-saiba-tudo-sobre-a-condicao\/\",\"name\":\"Mordida cruzada em crian\u00e7as: saiba tudo sobre a condi\u00e7\u00e3o\",\"isPartOf\":{\"@id\":\"https:\/\/www.codental.com.br\/blog\/#website\"},\"primaryImageOfPage\":{\"@id\":\"https:\/\/www.codental.com.br\/blog\/mordida-cruzada-em-criancas-saiba-tudo-sobre-a-condicao\/#primaryimage\"},\"image\":{\"@id\":\"https:\/\/www.codental.com.br\/blog\/mordida-cruzada-em-criancas-saiba-tudo-sobre-a-condicao\/#primaryimage\"},\"thumbnailUrl\":\"https:\/\/www.codental.com.br\/blog\/wp-content\/uploads\/2023\/01\/Mordida-cruzada-crianca.jpg\",\"datePublished\":\"2023-01-03T20:00:00+00:00\",\"description\":\"A mordida cruzada em crian\u00e7as \u00e9 um problema comum na inf\u00e2ncia. Sendo assim, preparamos um texto completo sobre essa condi\u00e7\u00e3o. Confira!\",\"breadcrumb\":{\"@id\":\"https:\/\/www.codental.com.br\/blog\/mordida-cruzada-em-criancas-saiba-tudo-sobre-a-condicao\/#breadcrumb\"},\"inLanguage\":\"pt-BR\",\"potentialAction\":[{\"@type\":\"ReadAction\",\"target\":[\"https:\/\/www.codental.com.br\/blog\/mordida-cruzada-em-criancas-saiba-tudo-sobre-a-condicao\/\"]}]},{\"@type\":\"ImageObject\",\"inLanguage\":\"pt-BR\",\"@id\":\"https:\/\/www.codental.com.br\/blog\/mordida-cruzada-em-criancas-saiba-tudo-sobre-a-condicao\/#primaryimage\",\"url\":\"https:\/\/www.codental.com.br\/blog\/wp-content\/uploads\/2023\/01\/Mordida-cruzada-crianca.jpg\",\"contentUrl\":\"https:\/\/www.codental.com.br\/blog\/wp-content\/uploads\/2023\/01\/Mordida-cruzada-crianca.jpg\",\"width\":1010,\"height\":550,\"caption\":\"mordida cruzada crian\u00e7a\"},{\"@type\":\"BreadcrumbList\",\"@id\":\"https:\/\/www.codental.com.br\/blog\/mordida-cruzada-em-criancas-saiba-tudo-sobre-a-condicao\/#breadcrumb\",\"itemListElement\":[{\"@type\":\"ListItem\",\"position\":1,\"name\":\"In\u00edcio\",\"item\":\"https:\/\/www.codental.com.br\/blog\/\"},{\"@type\":\"ListItem\",\"position\":2,\"name\":\"Mordida cruzada em crian\u00e7as: saiba tudo sobre a condi\u00e7\u00e3o\"}]},{\"@type\":\"WebSite\",\"@id\":\"https:\/\/www.codental.com.br\/blog\/#website\",\"url\":\"https:\/\/www.codental.com.br\/blog\/\",\"name\":\"Codental Blog\",\"description\":\"Artigos e not\u00edcias sobre odontologia\",\"publisher\":{\"@id\":\"https:\/\/www.codental.com.br\/blog\/#organization\"},\"potentialAction\":[{\"@type\":\"SearchAction\",\"target\":{\"@type\":\"EntryPoint\",\"urlTemplate\":\"https:\/\/www.codental.com.br\/blog\/?s={search_term_string}\"},\"query-input\":{\"@type\":\"PropertyValueSpecification\",\"valueRequired\":true,\"valueName\":\"search_term_string\"}}],\"inLanguage\":\"pt-BR\"},{\"@type\":\"Organization\",\"@id\":\"https:\/\/www.codental.com.br\/blog\/#organization\",\"name\":\"Codental\",\"url\":\"https:\/\/codental.com.br\/\",\"logo\":{\"@type\":\"ImageObject\",\"inLanguage\":\"pt-BR\",\"@id\":\"https:\/\/www.codental.com.br\/blog\/#\/schema\/logo\/image\/\",\"url\":\"https:\/\/www.codental.com.br\/blog\/wp-content\/uploads\/2018\/10\/logo.png\",\"contentUrl\":\"https:\/\/www.codental.com.br\/blog\/wp-content\/uploads\/2018\/10\/logo.png\",\"width\":1200,\"height\":300,\"caption\":\"Codental\"},\"image\":{\"@id\":\"https:\/\/www.codental.com.br\/blog\/#\/schema\/logo\/image\/\"},\"sameAs\":[\"http:\/\/www.facebook.com\/codentalbr\",\"https:\/\/x.com\/CodentalBr\",\"https:\/\/www.instagram.com\/codentalbr\/\"]},{\"@type\":\"Person\",\"@id\":\"https:\/\/www.codental.com.br\/blog\/#\/schema\/person\/c1e8d871cebd65be4c473bb2e54403e8\",\"name\":\"Bruna\",\"image\":{\"@type\":\"ImageObject\",\"inLanguage\":\"pt-BR\",\"@id\":\"https:\/\/www.codental.com.br\/blog\/wp-content\/uploads\/2022\/11\/WhatsApp-Image-2022-11-08-at-18.58.00-343x240.jpeg\",\"url\":\"https:\/\/www.codental.com.br\/blog\/wp-content\/uploads\/2022\/11\/WhatsApp-Image-2022-11-08-at-18.58.00-343x240.jpeg\",\"contentUrl\":\"https:\/\/www.codental.com.br\/blog\/wp-content\/uploads\/2022\/11\/WhatsApp-Image-2022-11-08-at-18.58.00-343x240.jpeg\",\"caption\":\"Bruna\"},\"description\":\"Bruna, 39 anos. Cirurgi\u00e3-Dentista, especialista em Ortodontia e Ortopedia Facial dos Maxilares. M\u00e3e de 2 meninas lindas e levadas. Apaixonada por fotografia e por conhecer novos lugares.\",\"sameAs\":[\"https:\/\/instagram.com\/drabrunalangone?igshid=YmMyMTA2M2Y=\"],\"url\":\"https:\/\/www.codental.com.br\/blog\/author\/bruna\/\"}]}<\/script>\n<!-- \/ Yoast SEO plugin. -->","yoast_head_json":{"title":"Mordida cruzada em crian\u00e7as: saiba tudo sobre a condi\u00e7\u00e3o","description":"A mordida cruzada em crian\u00e7as \u00e9 um problema comum na inf\u00e2ncia. Sendo assim, preparamos um texto completo sobre essa condi\u00e7\u00e3o. Confira!","robots":{"index":"index","follow":"follow","max-snippet":"max-snippet:-1","max-image-preview":"max-image-preview:large","max-video-preview":"max-video-preview:-1"},"canonical":"https:\/\/www.codental.com.br\/blog\/mordida-cruzada-em-criancas-saiba-tudo-sobre-a-condicao\/","og_locale":"pt_BR","og_type":"article","og_title":"Mordida cruzada em crian\u00e7as: saiba tudo sobre a condi\u00e7\u00e3o","og_description":"A mordida cruzada em crian\u00e7as \u00e9 um problema comum na inf\u00e2ncia. Sendo assim, preparamos um texto completo sobre essa condi\u00e7\u00e3o. Confira!","og_url":"https:\/\/www.codental.com.br\/blog\/mordida-cruzada-em-criancas-saiba-tudo-sobre-a-condicao\/","og_site_name":"Codental Blog","article_publisher":"http:\/\/www.facebook.com\/codentalbr","article_published_time":"2023-01-03T20:00:00+00:00","og_image":[{"width":1010,"height":550,"url":"https:\/\/www.codental.com.br\/blog\/wp-content\/uploads\/2023\/01\/Mordida-cruzada-crianca.jpg","type":"image\/jpeg"}],"author":"Bruna","twitter_card":"summary_large_image","twitter_creator":"@CodentalBr","twitter_site":"@CodentalBr","twitter_misc":{"Escrito por":"Bruna","Est. tempo de leitura":"6 minutos"},"schema":{"@context":"https:\/\/schema.org","@graph":[{"@type":"Article","@id":"https:\/\/www.codental.com.br\/blog\/mordida-cruzada-em-criancas-saiba-tudo-sobre-a-condicao\/#article","isPartOf":{"@id":"https:\/\/www.codental.com.br\/blog\/mordida-cruzada-em-criancas-saiba-tudo-sobre-a-condicao\/"},"author":{"name":"Bruna","@id":"https:\/\/www.codental.com.br\/blog\/#\/schema\/person\/c1e8d871cebd65be4c473bb2e54403e8"},"headline":"Mordida cruzada em crian\u00e7as: saiba tudo sobre a condi\u00e7\u00e3o","datePublished":"2023-01-03T20:00:00+00:00","mainEntityOfPage":{"@id":"https:\/\/www.codental.com.br\/blog\/mordida-cruzada-em-criancas-saiba-tudo-sobre-a-condicao\/"},"wordCount":1136,"commentCount":0,"publisher":{"@id":"https:\/\/www.codental.com.br\/blog\/#organization"},"image":{"@id":"https:\/\/www.codental.com.br\/blog\/mordida-cruzada-em-criancas-saiba-tudo-sobre-a-condicao\/#primaryimage"},"thumbnailUrl":"https:\/\/www.codental.com.br\/blog\/wp-content\/uploads\/2023\/01\/Mordida-cruzada-crianca.jpg","keywords":["Causas da mordida cruzada","Mordida cruzada em crian\u00e7as","Tratamento da mordida cruzada"],"articleSection":["Doen\u00e7as odontol\u00f3gicas"],"inLanguage":"pt-BR","potentialAction":[{"@type":"CommentAction","name":"Comment","target":["https:\/\/www.codental.com.br\/blog\/mordida-cruzada-em-criancas-saiba-tudo-sobre-a-condicao\/#respond"]}]},{"@type":"WebPage","@id":"https:\/\/www.codental.com.br\/blog\/mordida-cruzada-em-criancas-saiba-tudo-sobre-a-condicao\/","url":"https:\/\/www.codental.com.br\/blog\/mordida-cruzada-em-criancas-saiba-tudo-sobre-a-condicao\/","name":"Mordida cruzada em crian\u00e7as: saiba tudo sobre a condi\u00e7\u00e3o","isPartOf":{"@id":"https:\/\/www.codental.com.br\/blog\/#website"},"primaryImageOfPage":{"@id":"https:\/\/www.codental.com.br\/blog\/mordida-cruzada-em-criancas-saiba-tudo-sobre-a-condicao\/#primaryimage"},"image":{"@id":"https:\/\/www.codental.com.br\/blog\/mordida-cruzada-em-criancas-saiba-tudo-sobre-a-condicao\/#primaryimage"},"thumbnailUrl":"https:\/\/www.codental.com.br\/blog\/wp-content\/uploads\/2023\/01\/Mordida-cruzada-crianca.jpg","datePublished":"2023-01-03T20:00:00+00:00","description":"A mordida cruzada em crian\u00e7as \u00e9 um problema comum na inf\u00e2ncia. Sendo assim, preparamos um texto completo sobre essa condi\u00e7\u00e3o. Confira!","breadcrumb":{"@id":"https:\/\/www.codental.com.br\/blog\/mordida-cruzada-em-criancas-saiba-tudo-sobre-a-condicao\/#breadcrumb"},"inLanguage":"pt-BR","potentialAction":[{"@type":"ReadAction","target":["https:\/\/www.codental.com.br\/blog\/mordida-cruzada-em-criancas-saiba-tudo-sobre-a-condicao\/"]}]},{"@type":"ImageObject","inLanguage":"pt-BR","@id":"https:\/\/www.codental.com.br\/blog\/mordida-cruzada-em-criancas-saiba-tudo-sobre-a-condicao\/#primaryimage","url":"https:\/\/www.codental.com.br\/blog\/wp-content\/uploads\/2023\/01\/Mordida-cruzada-crianca.jpg","contentUrl":"https:\/\/www.codental.com.br\/blog\/wp-content\/uploads\/2023\/01\/Mordida-cruzada-crianca.jpg","width":1010,"height":550,"caption":"mordida cruzada crian\u00e7a"},{"@type":"BreadcrumbList","@id":"https:\/\/www.codental.com.br\/blog\/mordida-cruzada-em-criancas-saiba-tudo-sobre-a-condicao\/#breadcrumb","itemListElement":[{"@type":"ListItem","position":1,"name":"In\u00edcio","item":"https:\/\/www.codental.com.br\/blog\/"},{"@type":"ListItem","position":2,"name":"Mordida cruzada em crian\u00e7as: saiba tudo sobre a condi\u00e7\u00e3o"}]},{"@type":"WebSite","@id":"https:\/\/www.codental.com.br\/blog\/#website","url":"https:\/\/www.codental.com.br\/blog\/","name":"Codental Blog","description":"Artigos e not\u00edcias sobre odontologia","publisher":{"@id":"https:\/\/www.codental.com.br\/blog\/#organization"},"potentialAction":[{"@type":"SearchAction","target":{"@type":"EntryPoint","urlTemplate":"https:\/\/www.codental.com.br\/blog\/?s={search_term_string}"},"query-input":{"@type":"PropertyValueSpecification","valueRequired":true,"valueName":"search_term_string"}}],"inLanguage":"pt-BR"},{"@type":"Organization","@id":"https:\/\/www.codental.com.br\/blog\/#organization","name":"Codental","url":"https:\/\/codental.com.br\/","logo":{"@type":"ImageObject","inLanguage":"pt-BR","@id":"https:\/\/www.codental.com.br\/blog\/#\/schema\/logo\/image\/","url":"https:\/\/www.codental.com.br\/blog\/wp-content\/uploads\/2018\/10\/logo.png","contentUrl":"https:\/\/www.codental.com.br\/blog\/wp-content\/uploads\/2018\/10\/logo.png","width":1200,"height":300,"caption":"Codental"},"image":{"@id":"https:\/\/www.codental.com.br\/blog\/#\/schema\/logo\/image\/"},"sameAs":["http:\/\/www.facebook.com\/codentalbr","https:\/\/x.com\/CodentalBr","https:\/\/www.instagram.com\/codentalbr\/"]},{"@type":"Person","@id":"https:\/\/www.codental.com.br\/blog\/#\/schema\/person\/c1e8d871cebd65be4c473bb2e54403e8","name":"Bruna","image":{"@type":"ImageObject","inLanguage":"pt-BR","@id":"https:\/\/www.codental.com.br\/blog\/wp-content\/uploads\/2022\/11\/WhatsApp-Image-2022-11-08-at-18.58.00-343x240.jpeg","url":"https:\/\/www.codental.com.br\/blog\/wp-content\/uploads\/2022\/11\/WhatsApp-Image-2022-11-08-at-18.58.00-343x240.jpeg","contentUrl":"https:\/\/www.codental.com.br\/blog\/wp-content\/uploads\/2022\/11\/WhatsApp-Image-2022-11-08-at-18.58.00-343x240.jpeg","caption":"Bruna"},"description":"Bruna, 39 anos. Cirurgi\u00e3-Dentista, especialista em Ortodontia e Ortopedia Facial dos Maxilares. M\u00e3e de 2 meninas lindas e levadas. Apaixonada por fotografia e por conhecer novos lugares.","sameAs":["https:\/\/instagram.com\/drabrunalangone?igshid=YmMyMTA2M2Y="],"url":"https:\/\/www.codental.com.br\/blog\/author\/bruna\/"}]}},"_links":{"self":[{"href":"https:\/\/www.codental.com.br\/blog\/wp-json\/wp\/v2\/posts\/2026","targetHints":{"allow":["GET"]}}],"collection":[{"href":"https:\/\/www.codental.com.br\/blog\/wp-json\/wp\/v2\/posts"}],"about":[{"href":"https:\/\/www.codental.com.br\/blog\/wp-json\/wp\/v2\/types\/post"}],"author":[{"embeddable":true,"href":"https:\/\/www.codental.com.br\/blog\/wp-json\/wp\/v2\/users\/25"}],"replies":[{"embeddable":true,"href":"https:\/\/www.codental.com.br\/blog\/wp-json\/wp\/v2\/comments?post=2026"}],"version-history":[{"count":2,"href":"https:\/\/www.codental.com.br\/blog\/wp-json\/wp\/v2\/posts\/2026\/revisions"}],"predecessor-version":[{"id":2291,"href":"https:\/\/www.codental.com.br\/blog\/wp-json\/wp\/v2\/posts\/2026\/revisions\/2291"}],"wp:featuredmedia":[{"embeddable":true,"href":"https:\/\/www.codental.com.br\/blog\/wp-json\/wp\/v2\/media\/2290"}],"wp:attachment":[{"href":"https:\/\/www.codental.com.br\/blog\/wp-json\/wp\/v2\/media?parent=2026"}],"wp:term":[{"taxonomy":"category","embeddable":true,"href":"https:\/\/www.codental.com.br\/blog\/wp-json\/wp\/v2\/categories?post=2026"},{"taxonomy":"post_tag","embeddable":true,"href":"https:\/\/www.codental.com.br\/blog\/wp-json\/wp\/v2\/tags?post=2026"}],"curies":[{"name":"wp","href":"https:\/\/api.w.org\/{rel}","templated":true}]}}