{"id":2011,"date":"2023-01-14T17:00:00","date_gmt":"2023-01-14T20:00:00","guid":{"rendered":"https:\/\/www.codental.com.br\/blog\/?p=2011"},"modified":"2023-01-14T10:46:34","modified_gmt":"2023-01-14T13:46:34","slug":"dor-na-mandibula-6-causas-que-voce-precisa-saber","status":"publish","type":"post","link":"https:\/\/www.codental.com.br\/blog\/dor-na-mandibula-6-causas-que-voce-precisa-saber\/","title":{"rendered":"Dor na mand\u00edbula: 6 causas que voc\u00ea precisa saber"},"content":{"rendered":"\n<p>Dor \u00e9 uma resposta dada pelo corpo, a qual indica alguma altera\u00e7\u00e3o (de diversos \u00e2mbitos), na homeostasia do mesmo. A dor na mand\u00edbula n\u00e3o \u00e9 diferente. Essa dor, pode ser ocasionada por diversos fatores aos quais, geralmente, v\u00e3o muito de encontro aos conhecimentos aos quais a odontologia aborda. <br><br>Dessa forma, a situa\u00e7\u00e3o de dores e inc\u00f4modos mandibulares pode advir de uma s\u00e9ria de raz\u00f5es e fatores, ou estar atrelada a alguma patologia, ou desconforto. Se movimentos simples e rotineiros como abrir a boca com uma extens\u00e3o maior ao bocejar, comer ou gritar, geram desconfortos e dores, muito provavelmente algo de errado est\u00e1 acontecendo nas estruturas buco-maxilares internas (as musculares e articulares, essencialmente). <br><br>Devido a isso, trouxemos aqui explica\u00e7\u00f5es para as poss\u00edveis dores que por ventura venham estar ocorrendo, e a explanar a <a href=\"https:\/\/www.codental.com.br\/blog\/consultorio-de-odontologia-preco-e-dicas-para-comecar\/?utm_source=blog&utm_medium=referral&utm_content=dor-na-mandibula-6-causas-que-voce-precisa-saber\">conduta do dentista<\/a> perante esse problema. Dessa forma, esperamos que tais problemas se amenizem. Confira!<\/p>\n\n\n\n<h2 class=\"wp-block-heading\">Fisiopatologia e tratamentos para a dor na mand\u00edbula<\/h2>\n\n\n\n<p>A quebra da homeostasia advinda da dor na mand\u00edbula pode estar relacionada principalmente a dist\u00farbios e disfun\u00e7\u00f5es da <a href=\"https:\/\/bvsms.saude.gov.br\/disfuncao-da-articulacao-temporomandibular-atm\/\">articula\u00e7\u00e3o temporomandibular (DTM)<\/a>. Essa articula\u00e7\u00e3o sinovial fica localizada nas extremidades da mand\u00edbula e \u00e9 respons\u00e1vel por ligar a mand\u00edbula na base do cr\u00e2nio. Ademais, tem como fun\u00e7\u00e3o, a garantia da realiza\u00e7\u00e3o de movimentos amplos e em diferentes dire\u00e7\u00f5es (como a mastiga\u00e7\u00e3o). Dessa forma, quando h\u00e1 problemas nela, os movimentos longos ficam comprometidos. Por\u00e9m, outras causas podem estar envolvidas na dor mandibular. <br><br>Cabe tamb\u00e9m ressaltar que, quando as dores s\u00e3o de maior grau e seguidas de incha\u00e7o no local e no ouvido, \u00e9 imperativo que o paciente consulte um cl\u00ednico geral. Dessa forma, o profissional orientar\u00e1 o paciente para um tratamento mais adequado. <\/p>\n\n\n\n<h2 class=\"wp-block-heading\">6 problemas que causam dor na mand\u00edbula que voc\u00ea precisa conhecer<\/h2>\n\n\n\n<h3 class=\"wp-block-heading\">1. Bruxismo ou apertamento dos dentes<\/h3>\n\n\n\n<p>O bruxismo \u00e9 um problema recorrente caracterizado essencialmente pelo ranger e apertamento dos dentes durante o sono ou de forma inconsistente. Essa desordem pode ocasionar, al\u00e9m de problemas bucais, dores nos m\u00fasculos orofaciais e na mand\u00edbula, al\u00e9m de uma press\u00e3o grande nessa regi\u00e3o.<br><br>Al\u00e9m disso, os pacientes acometidos a tal condi\u00e7\u00e3o, podem apresentar dores de cabe\u00e7a pelo apertamento excessivo da denti\u00e7\u00e3o. Dessa forma, um misto de dores, n\u00e3o s\u00f3 na mand\u00edbula, como em outros pontos, pode ter forte ind\u00edcio de rela\u00e7\u00e3o com o bruxismo. <br><br>Devem ser feitas consultas ao dentista para avaliar o grau de bruxismo e indicar o tratamento mais adequado para cada perfil do paciente. Esse procedimento \u00e9 important\u00edssimo. Dentre as medidas adotadas para conter essa enfermidade, pode-se citar o uso de placas para dormir, que al\u00e9m de evitar o atrito entre os dentes, evita tamb\u00e9m sintomas secund\u00e1rios como a dor de cabe\u00e7a.<\/p>\n\n\n\n<h3 class=\"wp-block-heading\">2. Dor e desordens na ATM<\/h3>\n\n\n\n<p>As dores na mand\u00edbula podem tamb\u00e9m significar comumente <a href=\"https:\/\/www.codental.com.br\/blog\/causas-e-sintomas-da-atm\/?utm_source=blog&utm_medium=referral&utm_content=dor-na-mandibula-6-causas-que-voce-precisa-saber\">disfun\u00e7\u00f5es temporomandibulares<\/a>, as quais s\u00e3o altera\u00e7\u00f5es funcionais na \u00e1rea afetada, garantindo, portanto, seu mau funcionamento. Al\u00e9m disso, estresse e ansiedade est\u00e3o relacionados ao surgimento desses inc\u00f4modos recorrentes.<\/p>\n\n\n\n<p>Outras caracter\u00edsticas principais e marcantes do quadro de inc\u00f4modo e dor na regi\u00e3o t\u00eamporo-mandibular, est\u00e1 relacionado a ouvir um pequeno barulho ao abrir a boca ou mastigar, al\u00e9m de dor e desconforto no rosto. Ademais, outros sintomas comuns s\u00e3o: <\/p>\n\n\n\n<ul class=\"wp-block-list\"><li>Dor constante ao tentar abrir a boca; <\/li><li>Enxaqueca e dor de cabe\u00e7a;<\/li><li>Rigidez dos m\u00fasculos da mand\u00edbula; <\/li><li>Dor, press\u00e3o ou zumbido no ouvido; <\/li><li>Movimento limitado e travado da mand\u00edbula; <\/li><\/ul>\n\n\n\n<p>\u00c9 recomendada a visita ao dentista para que esse profissional avalie a conduta adequada que ele ir\u00e1 seguir (conforme a sintomatologia caracter\u00edstica apresentada pelo paciente).  <\/p>\n\n\n\n<p>Alguns m\u00e9todos para conten\u00e7\u00e3o da dor, causada por alguma disfun\u00e7\u00e3o no ATM, podem ser: fisioterapia, uso de placa dent\u00e1ria para dormir, medicamentos anti-inflamat\u00f3rios e outros.<\/p>\n\n\n\n<p>A realiza\u00e7\u00e3o de cirurgia \u00e9 pass\u00edvel de recomenda\u00e7\u00e3o caso a dor ainda continue mediante a posterior utiliza\u00e7\u00e3o desses tratamentos.  <\/p>\n\n\n\n<h3 class=\"wp-block-heading\">3. Pancadas e choque f\u00edsicos intensos no rosto<\/h3>\n\n\n\n<p>Se o impacto e choque f\u00edsico, gerado por quaisquer fatores, afetar a regi\u00e3o mandibular for grande, pode gerar danos s\u00e9rios e graves aos indiv\u00edduos acometidos, como, por exemplo: deslocamento e quebra de ossos mandibulares. <br><br>Dessa forma, dependendo da gravidade e do impacto, \u00e9 comum que outras sintomatologias, al\u00e9m da dor mandibular, possam ocorrer, como incha\u00e7o, sangramento e hematomas. Nesse caso se recomenda ajuda especializada de um cl\u00ednico geral. <\/p>\n\n\n\n<p>O profissional nesse caso pode recomendar: uso de bandagens, fisioterapia, realiza\u00e7\u00e3o de cirurgia e outros m\u00e9todos. <\/p>\n\n\n\n<h3 class=\"wp-block-heading\">4. Doen\u00e7as bucais em estado avan\u00e7ado e infec\u00e7\u00f5es <\/h3>\n\n\n\n<p>Dores na mand\u00edbula podem tamb\u00e9m estar associadas a dores no dente bem intensas. Dessa forma, doen\u00e7as com tratamentos inicialmente simples e menos complexos, se n\u00e3o forem tratados, podem ocasionar complica\u00e7\u00f5es mais graves e sintomatologias mais extensas, como, por exemplo, a dor mandibular. <br><br>Dessa forma, uma c\u00e1rie ou gengivite, pode se tornar uma patologia mais grave se n\u00e3o tratado. Isso se deve, pois bact\u00e9rias podem se infiltrar em regi\u00f5es profundas das estruturas dent\u00e1rias, causando desconforto e dores severas. Dessa forma, na gengiva e mand\u00edbula essas dores podem ser sentidas. Por isso deve-se fazer visitas regulares ao dentista, e ficar atento em quaisquer sinais de desordens bucais. <br><br>Um exemplo cl\u00e1ssico de infec\u00e7\u00e3o dental \u00e9 a chamada pulpite (que corresponde a infec\u00e7\u00e3o na polpa do dente). \u00c9 um caso onde ao ignorar uma c\u00e1rie, a bact\u00e9ria entra em regi\u00f5es profundas da boca, atingindo a parte interna e o nervo do dente (pulpite). Nessas regi\u00f5es est\u00e3o um n\u00famero significativo de termina\u00e7\u00f5es nervosas que, ao menor contato e desconforto, geram dores intensas, at\u00e9 mesmo na mand\u00edbula.<br><br>Dessa forma, higiene bucal adequada e visitas recorrentes ao dentista s\u00e3o de fundamental import\u00e2ncia, para evitar complica\u00e7\u00f5es mais complexas e dolorosas. <\/p>\n\n\n\n<h3 class=\"wp-block-heading\">5. C\u00e2ncer de mand\u00edbula <\/h3>\n\n\n\n<p>Tipo raro de tumor que se desenvolve no maxilar, resultando em dor na mand\u00edbula, seguida de incha\u00e7o, sangramento na boca, dorm\u00eancia, dor de cabe\u00e7a, sendo de intensidade piorada a medida que o tumor se espalha. <br><br>Caso esses sintomas estejam presentes e o dentista note-os, se faz necess\u00e1rio um encaminhamento ao cl\u00ednico geral ou oncologista, para que o tratamento adequado seja iniciado logo no in\u00edcio da doen\u00e7a. <\/p>\n\n\n\n<h3 class=\"wp-block-heading\">6. Osteomielite<\/h3>\n\n\n\n<p>Caracterizada pela infec\u00e7\u00e3o ou inflama\u00e7\u00e3o \u00f3ssea, podendo atingir a mand\u00edbula e a articula\u00e7\u00e3o t\u00eamporo-mandibular, causando dor, incha\u00e7o e dificuldade na mastiga\u00e7\u00e3o. A retirada cir\u00fargica das partes do osso atingidas e a solicita\u00e7\u00e3o pr\u00e9via de exames laboratoriais deve ser feita por um cl\u00ednico geral ou dentista. Ademais, para evitar complica\u00e7\u00f5es, o tratamento deve ser realizado com a maior rapidez poss\u00edvel.  <\/p>\n\n\n\n<h2 class=\"wp-block-heading\">Considera\u00e7\u00f5es finais e dicas sobre a dor na mand\u00edbula <\/h2>\n\n\n\n<p>Podemos concluir, portanto, que bem como em outras situa\u00e7\u00f5es fisiol\u00f3gicas ou fisiopatol\u00f3gicas, a visita peri\u00f3dica ao consult\u00f3rio do dentista \u00e9 fundamental para haver a verifica\u00e7\u00e3o das condi\u00e7\u00f5es homeost\u00e1ticas da boca. O dentista ir\u00e1 avaliar e fazer a determina\u00e7\u00e3o de cada caso espec\u00edfico e o tratamento mais adequado. Tal processo se aplica tanto a dor mandibular quando a outras situa\u00e7\u00f5es. <br><br>Os tratamentos s\u00e3o muito vari\u00e1veis a depender do caso, podendo abranger desde realiza\u00e7\u00e3o de canal, at\u00e9 restaura\u00e7\u00f5es dent\u00e1rias, fisioterapia e acompanhamento psicol\u00f3gico. Sendo assim, \u00e9 de fundamental import\u00e2ncia o diagn\u00f3stico espec\u00edfico e adequado do dentista para que a conduta certa seja adotada. <br><br>Dessa forma, esperamos que o aproveitamento do texto tenha sido importante e relevante para voc\u00ea dentista. Acompanhe o <a href=\"http:\/\/blog.codental.com.br\/?utm_source=blog&utm_medium=referral&utm_content=dor-na-mandibula-6-causas-que-voce-precisa-saber\">codental<\/a>, e fique por dentro do que h\u00e1 de mais relevante na odontologia! <br><\/p>\n","protected":false},"excerpt":{"rendered":"<p>Dor \u00e9 uma resposta dada pelo corpo, a qual indica alguma altera\u00e7\u00e3o (de diversos&#8230;<\/p>\n","protected":false},"author":29,"featured_media":2339,"comment_status":"open","ping_status":"closed","sticky":false,"template":"","format":"standard","meta":{"_target_audience":"","footnotes":""},"categories":[247],"tags":[306,305,307],"class_list":["post-2011","post","type-post","status-publish","format-standard","has-post-thumbnail","hentry","category-doencas-odontologicas","tag-causas-de-dor-na-mandibula","tag-dor-na-mandibula","tag-dor-na-mandibula-tratamento"],"yoast_head":"<!-- This site is optimized with the Yoast SEO plugin v27.2 - https:\/\/yoast.com\/product\/yoast-seo-wordpress\/ -->\n<title>Dor na mand\u00edbula: 6 causas que voc\u00ea precisa saber<\/title>\n<meta name=\"description\" content=\"Voc\u00ea dentista tem d\u00favidas com rela\u00e7\u00e3o ao tratamento quando se trata de dor na mand\u00edbula? Entre aqui j\u00e1 e informe-se e no codental!\" \/>\n<meta name=\"robots\" content=\"index, follow, max-snippet:-1, max-image-preview:large, max-video-preview:-1\" \/>\n<link rel=\"canonical\" href=\"https:\/\/www.codental.com.br\/blog\/dor-na-mandibula-6-causas-que-voce-precisa-saber\/\" \/>\n<meta property=\"og:locale\" content=\"pt_BR\" \/>\n<meta property=\"og:type\" content=\"article\" \/>\n<meta property=\"og:title\" content=\"Dor na mand\u00edbula: 6 causas que voc\u00ea precisa saber\" \/>\n<meta property=\"og:description\" content=\"Voc\u00ea dentista tem d\u00favidas com rela\u00e7\u00e3o ao tratamento quando se trata de dor na mand\u00edbula? Entre aqui j\u00e1 e informe-se e no codental!\" \/>\n<meta property=\"og:url\" content=\"https:\/\/www.codental.com.br\/blog\/dor-na-mandibula-6-causas-que-voce-precisa-saber\/\" \/>\n<meta property=\"og:site_name\" content=\"Codental Blog\" \/>\n<meta property=\"article:publisher\" content=\"http:\/\/www.facebook.com\/codentalbr\" \/>\n<meta property=\"article:published_time\" content=\"2023-01-14T20:00:00+00:00\" \/>\n<meta property=\"og:image\" content=\"https:\/\/www.codental.com.br\/blog\/wp-content\/uploads\/2022\/12\/Dor-na-mandibula.jpg\" \/>\n\t<meta property=\"og:image:width\" content=\"1010\" \/>\n\t<meta property=\"og:image:height\" content=\"550\" \/>\n\t<meta property=\"og:image:type\" content=\"image\/jpeg\" \/>\n<meta name=\"author\" content=\"Samuel Froes\" \/>\n<meta name=\"twitter:card\" content=\"summary_large_image\" \/>\n<meta name=\"twitter:creator\" content=\"@CodentalBr\" \/>\n<meta name=\"twitter:site\" content=\"@CodentalBr\" \/>\n<meta name=\"twitter:label1\" content=\"Escrito por\" \/>\n\t<meta name=\"twitter:data1\" content=\"Samuel Froes\" \/>\n\t<meta name=\"twitter:label2\" content=\"Est. tempo de leitura\" \/>\n\t<meta name=\"twitter:data2\" content=\"7 minutos\" \/>\n<script type=\"application\/ld+json\" class=\"yoast-schema-graph\">{\"@context\":\"https:\/\/schema.org\",\"@graph\":[{\"@type\":\"Article\",\"@id\":\"https:\/\/www.codental.com.br\/blog\/dor-na-mandibula-6-causas-que-voce-precisa-saber\/#article\",\"isPartOf\":{\"@id\":\"https:\/\/www.codental.com.br\/blog\/dor-na-mandibula-6-causas-que-voce-precisa-saber\/\"},\"author\":{\"name\":\"Samuel Froes\",\"@id\":\"https:\/\/www.codental.com.br\/blog\/#\/schema\/person\/38d829de610b140d5f6443d556360dde\"},\"headline\":\"Dor na mand\u00edbula: 6 causas que voc\u00ea precisa saber\",\"datePublished\":\"2023-01-14T20:00:00+00:00\",\"mainEntityOfPage\":{\"@id\":\"https:\/\/www.codental.com.br\/blog\/dor-na-mandibula-6-causas-que-voce-precisa-saber\/\"},\"wordCount\":1330,\"commentCount\":0,\"publisher\":{\"@id\":\"https:\/\/www.codental.com.br\/blog\/#organization\"},\"image\":{\"@id\":\"https:\/\/www.codental.com.br\/blog\/dor-na-mandibula-6-causas-que-voce-precisa-saber\/#primaryimage\"},\"thumbnailUrl\":\"https:\/\/www.codental.com.br\/blog\/wp-content\/uploads\/2022\/12\/Dor-na-mandibula.jpg\",\"keywords\":[\"Causas de dor na mand\u00edbula\",\"Dor na mand\u00edbula\",\"Dor na mand\u00edbula tratamento\"],\"articleSection\":[\"Doen\u00e7as odontol\u00f3gicas\"],\"inLanguage\":\"pt-BR\",\"potentialAction\":[{\"@type\":\"CommentAction\",\"name\":\"Comment\",\"target\":[\"https:\/\/www.codental.com.br\/blog\/dor-na-mandibula-6-causas-que-voce-precisa-saber\/#respond\"]}]},{\"@type\":\"WebPage\",\"@id\":\"https:\/\/www.codental.com.br\/blog\/dor-na-mandibula-6-causas-que-voce-precisa-saber\/\",\"url\":\"https:\/\/www.codental.com.br\/blog\/dor-na-mandibula-6-causas-que-voce-precisa-saber\/\",\"name\":\"Dor na mand\u00edbula: 6 causas que voc\u00ea precisa saber\",\"isPartOf\":{\"@id\":\"https:\/\/www.codental.com.br\/blog\/#website\"},\"primaryImageOfPage\":{\"@id\":\"https:\/\/www.codental.com.br\/blog\/dor-na-mandibula-6-causas-que-voce-precisa-saber\/#primaryimage\"},\"image\":{\"@id\":\"https:\/\/www.codental.com.br\/blog\/dor-na-mandibula-6-causas-que-voce-precisa-saber\/#primaryimage\"},\"thumbnailUrl\":\"https:\/\/www.codental.com.br\/blog\/wp-content\/uploads\/2022\/12\/Dor-na-mandibula.jpg\",\"datePublished\":\"2023-01-14T20:00:00+00:00\",\"description\":\"Voc\u00ea dentista tem d\u00favidas com rela\u00e7\u00e3o ao tratamento quando se trata de dor na mand\u00edbula? Entre aqui j\u00e1 e informe-se e no codental!\",\"breadcrumb\":{\"@id\":\"https:\/\/www.codental.com.br\/blog\/dor-na-mandibula-6-causas-que-voce-precisa-saber\/#breadcrumb\"},\"inLanguage\":\"pt-BR\",\"potentialAction\":[{\"@type\":\"ReadAction\",\"target\":[\"https:\/\/www.codental.com.br\/blog\/dor-na-mandibula-6-causas-que-voce-precisa-saber\/\"]}]},{\"@type\":\"ImageObject\",\"inLanguage\":\"pt-BR\",\"@id\":\"https:\/\/www.codental.com.br\/blog\/dor-na-mandibula-6-causas-que-voce-precisa-saber\/#primaryimage\",\"url\":\"https:\/\/www.codental.com.br\/blog\/wp-content\/uploads\/2022\/12\/Dor-na-mandibula.jpg\",\"contentUrl\":\"https:\/\/www.codental.com.br\/blog\/wp-content\/uploads\/2022\/12\/Dor-na-mandibula.jpg\",\"width\":1010,\"height\":550,\"caption\":\"dor na mandibula\"},{\"@type\":\"BreadcrumbList\",\"@id\":\"https:\/\/www.codental.com.br\/blog\/dor-na-mandibula-6-causas-que-voce-precisa-saber\/#breadcrumb\",\"itemListElement\":[{\"@type\":\"ListItem\",\"position\":1,\"name\":\"In\u00edcio\",\"item\":\"https:\/\/www.codental.com.br\/blog\/\"},{\"@type\":\"ListItem\",\"position\":2,\"name\":\"Dor na mand\u00edbula: 6 causas que voc\u00ea precisa saber\"}]},{\"@type\":\"WebSite\",\"@id\":\"https:\/\/www.codental.com.br\/blog\/#website\",\"url\":\"https:\/\/www.codental.com.br\/blog\/\",\"name\":\"Codental Blog\",\"description\":\"Artigos e not\u00edcias sobre odontologia\",\"publisher\":{\"@id\":\"https:\/\/www.codental.com.br\/blog\/#organization\"},\"potentialAction\":[{\"@type\":\"SearchAction\",\"target\":{\"@type\":\"EntryPoint\",\"urlTemplate\":\"https:\/\/www.codental.com.br\/blog\/?s={search_term_string}\"},\"query-input\":{\"@type\":\"PropertyValueSpecification\",\"valueRequired\":true,\"valueName\":\"search_term_string\"}}],\"inLanguage\":\"pt-BR\"},{\"@type\":\"Organization\",\"@id\":\"https:\/\/www.codental.com.br\/blog\/#organization\",\"name\":\"Codental\",\"url\":\"https:\/\/codental.com.br\/\",\"logo\":{\"@type\":\"ImageObject\",\"inLanguage\":\"pt-BR\",\"@id\":\"https:\/\/www.codental.com.br\/blog\/#\/schema\/logo\/image\/\",\"url\":\"https:\/\/www.codental.com.br\/blog\/wp-content\/uploads\/2018\/10\/logo.png\",\"contentUrl\":\"https:\/\/www.codental.com.br\/blog\/wp-content\/uploads\/2018\/10\/logo.png\",\"width\":1200,\"height\":300,\"caption\":\"Codental\"},\"image\":{\"@id\":\"https:\/\/www.codental.com.br\/blog\/#\/schema\/logo\/image\/\"},\"sameAs\":[\"http:\/\/www.facebook.com\/codentalbr\",\"https:\/\/x.com\/CodentalBr\",\"https:\/\/www.instagram.com\/codentalbr\/\"]},{\"@type\":\"Person\",\"@id\":\"https:\/\/www.codental.com.br\/blog\/#\/schema\/person\/38d829de610b140d5f6443d556360dde\",\"name\":\"Samuel Froes\",\"image\":{\"@type\":\"ImageObject\",\"inLanguage\":\"pt-BR\",\"@id\":\"https:\/\/www.codental.com.br\/blog\/wp-content\/uploads\/2022\/11\/WhatsApp-Image-2022-11-30-at-12.50.47-336x240.jpeg\",\"url\":\"https:\/\/www.codental.com.br\/blog\/wp-content\/uploads\/2022\/11\/WhatsApp-Image-2022-11-30-at-12.50.47-336x240.jpeg\",\"contentUrl\":\"https:\/\/www.codental.com.br\/blog\/wp-content\/uploads\/2022\/11\/WhatsApp-Image-2022-11-30-at-12.50.47-336x240.jpeg\",\"caption\":\"Samuel Froes\"},\"description\":\"Petropolitano, 19 anos. Estudante da Universidade Federal de Juiz de Fora. Amante de m\u00fasica, piano e canto cl\u00e1ssicos e extrema curiosidade a respeito do corpo humano e seus mecanismos intr\u00ednsecos.\",\"url\":\"https:\/\/www.codental.com.br\/blog\/author\/samuel\/\"}]}<\/script>\n<!-- \/ Yoast SEO plugin. -->","yoast_head_json":{"title":"Dor na mand\u00edbula: 6 causas que voc\u00ea precisa saber","description":"Voc\u00ea dentista tem d\u00favidas com rela\u00e7\u00e3o ao tratamento quando se trata de dor na mand\u00edbula? Entre aqui j\u00e1 e informe-se e no codental!","robots":{"index":"index","follow":"follow","max-snippet":"max-snippet:-1","max-image-preview":"max-image-preview:large","max-video-preview":"max-video-preview:-1"},"canonical":"https:\/\/www.codental.com.br\/blog\/dor-na-mandibula-6-causas-que-voce-precisa-saber\/","og_locale":"pt_BR","og_type":"article","og_title":"Dor na mand\u00edbula: 6 causas que voc\u00ea precisa saber","og_description":"Voc\u00ea dentista tem d\u00favidas com rela\u00e7\u00e3o ao tratamento quando se trata de dor na mand\u00edbula? Entre aqui j\u00e1 e informe-se e no codental!","og_url":"https:\/\/www.codental.com.br\/blog\/dor-na-mandibula-6-causas-que-voce-precisa-saber\/","og_site_name":"Codental Blog","article_publisher":"http:\/\/www.facebook.com\/codentalbr","article_published_time":"2023-01-14T20:00:00+00:00","og_image":[{"width":1010,"height":550,"url":"https:\/\/www.codental.com.br\/blog\/wp-content\/uploads\/2022\/12\/Dor-na-mandibula.jpg","type":"image\/jpeg"}],"author":"Samuel Froes","twitter_card":"summary_large_image","twitter_creator":"@CodentalBr","twitter_site":"@CodentalBr","twitter_misc":{"Escrito por":"Samuel Froes","Est. tempo de leitura":"7 minutos"},"schema":{"@context":"https:\/\/schema.org","@graph":[{"@type":"Article","@id":"https:\/\/www.codental.com.br\/blog\/dor-na-mandibula-6-causas-que-voce-precisa-saber\/#article","isPartOf":{"@id":"https:\/\/www.codental.com.br\/blog\/dor-na-mandibula-6-causas-que-voce-precisa-saber\/"},"author":{"name":"Samuel Froes","@id":"https:\/\/www.codental.com.br\/blog\/#\/schema\/person\/38d829de610b140d5f6443d556360dde"},"headline":"Dor na mand\u00edbula: 6 causas que voc\u00ea precisa saber","datePublished":"2023-01-14T20:00:00+00:00","mainEntityOfPage":{"@id":"https:\/\/www.codental.com.br\/blog\/dor-na-mandibula-6-causas-que-voce-precisa-saber\/"},"wordCount":1330,"commentCount":0,"publisher":{"@id":"https:\/\/www.codental.com.br\/blog\/#organization"},"image":{"@id":"https:\/\/www.codental.com.br\/blog\/dor-na-mandibula-6-causas-que-voce-precisa-saber\/#primaryimage"},"thumbnailUrl":"https:\/\/www.codental.com.br\/blog\/wp-content\/uploads\/2022\/12\/Dor-na-mandibula.jpg","keywords":["Causas de dor na mand\u00edbula","Dor na mand\u00edbula","Dor na mand\u00edbula tratamento"],"articleSection":["Doen\u00e7as odontol\u00f3gicas"],"inLanguage":"pt-BR","potentialAction":[{"@type":"CommentAction","name":"Comment","target":["https:\/\/www.codental.com.br\/blog\/dor-na-mandibula-6-causas-que-voce-precisa-saber\/#respond"]}]},{"@type":"WebPage","@id":"https:\/\/www.codental.com.br\/blog\/dor-na-mandibula-6-causas-que-voce-precisa-saber\/","url":"https:\/\/www.codental.com.br\/blog\/dor-na-mandibula-6-causas-que-voce-precisa-saber\/","name":"Dor na mand\u00edbula: 6 causas que voc\u00ea precisa saber","isPartOf":{"@id":"https:\/\/www.codental.com.br\/blog\/#website"},"primaryImageOfPage":{"@id":"https:\/\/www.codental.com.br\/blog\/dor-na-mandibula-6-causas-que-voce-precisa-saber\/#primaryimage"},"image":{"@id":"https:\/\/www.codental.com.br\/blog\/dor-na-mandibula-6-causas-que-voce-precisa-saber\/#primaryimage"},"thumbnailUrl":"https:\/\/www.codental.com.br\/blog\/wp-content\/uploads\/2022\/12\/Dor-na-mandibula.jpg","datePublished":"2023-01-14T20:00:00+00:00","description":"Voc\u00ea dentista tem d\u00favidas com rela\u00e7\u00e3o ao tratamento quando se trata de dor na mand\u00edbula? Entre aqui j\u00e1 e informe-se e no codental!","breadcrumb":{"@id":"https:\/\/www.codental.com.br\/blog\/dor-na-mandibula-6-causas-que-voce-precisa-saber\/#breadcrumb"},"inLanguage":"pt-BR","potentialAction":[{"@type":"ReadAction","target":["https:\/\/www.codental.com.br\/blog\/dor-na-mandibula-6-causas-que-voce-precisa-saber\/"]}]},{"@type":"ImageObject","inLanguage":"pt-BR","@id":"https:\/\/www.codental.com.br\/blog\/dor-na-mandibula-6-causas-que-voce-precisa-saber\/#primaryimage","url":"https:\/\/www.codental.com.br\/blog\/wp-content\/uploads\/2022\/12\/Dor-na-mandibula.jpg","contentUrl":"https:\/\/www.codental.com.br\/blog\/wp-content\/uploads\/2022\/12\/Dor-na-mandibula.jpg","width":1010,"height":550,"caption":"dor na mandibula"},{"@type":"BreadcrumbList","@id":"https:\/\/www.codental.com.br\/blog\/dor-na-mandibula-6-causas-que-voce-precisa-saber\/#breadcrumb","itemListElement":[{"@type":"ListItem","position":1,"name":"In\u00edcio","item":"https:\/\/www.codental.com.br\/blog\/"},{"@type":"ListItem","position":2,"name":"Dor na mand\u00edbula: 6 causas que voc\u00ea precisa saber"}]},{"@type":"WebSite","@id":"https:\/\/www.codental.com.br\/blog\/#website","url":"https:\/\/www.codental.com.br\/blog\/","name":"Codental Blog","description":"Artigos e not\u00edcias sobre odontologia","publisher":{"@id":"https:\/\/www.codental.com.br\/blog\/#organization"},"potentialAction":[{"@type":"SearchAction","target":{"@type":"EntryPoint","urlTemplate":"https:\/\/www.codental.com.br\/blog\/?s={search_term_string}"},"query-input":{"@type":"PropertyValueSpecification","valueRequired":true,"valueName":"search_term_string"}}],"inLanguage":"pt-BR"},{"@type":"Organization","@id":"https:\/\/www.codental.com.br\/blog\/#organization","name":"Codental","url":"https:\/\/codental.com.br\/","logo":{"@type":"ImageObject","inLanguage":"pt-BR","@id":"https:\/\/www.codental.com.br\/blog\/#\/schema\/logo\/image\/","url":"https:\/\/www.codental.com.br\/blog\/wp-content\/uploads\/2018\/10\/logo.png","contentUrl":"https:\/\/www.codental.com.br\/blog\/wp-content\/uploads\/2018\/10\/logo.png","width":1200,"height":300,"caption":"Codental"},"image":{"@id":"https:\/\/www.codental.com.br\/blog\/#\/schema\/logo\/image\/"},"sameAs":["http:\/\/www.facebook.com\/codentalbr","https:\/\/x.com\/CodentalBr","https:\/\/www.instagram.com\/codentalbr\/"]},{"@type":"Person","@id":"https:\/\/www.codental.com.br\/blog\/#\/schema\/person\/38d829de610b140d5f6443d556360dde","name":"Samuel Froes","image":{"@type":"ImageObject","inLanguage":"pt-BR","@id":"https:\/\/www.codental.com.br\/blog\/wp-content\/uploads\/2022\/11\/WhatsApp-Image-2022-11-30-at-12.50.47-336x240.jpeg","url":"https:\/\/www.codental.com.br\/blog\/wp-content\/uploads\/2022\/11\/WhatsApp-Image-2022-11-30-at-12.50.47-336x240.jpeg","contentUrl":"https:\/\/www.codental.com.br\/blog\/wp-content\/uploads\/2022\/11\/WhatsApp-Image-2022-11-30-at-12.50.47-336x240.jpeg","caption":"Samuel Froes"},"description":"Petropolitano, 19 anos. Estudante da Universidade Federal de Juiz de Fora. Amante de m\u00fasica, piano e canto cl\u00e1ssicos e extrema curiosidade a respeito do corpo humano e seus mecanismos intr\u00ednsecos.","url":"https:\/\/www.codental.com.br\/blog\/author\/samuel\/"}]}},"_links":{"self":[{"href":"https:\/\/www.codental.com.br\/blog\/wp-json\/wp\/v2\/posts\/2011","targetHints":{"allow":["GET"]}}],"collection":[{"href":"https:\/\/www.codental.com.br\/blog\/wp-json\/wp\/v2\/posts"}],"about":[{"href":"https:\/\/www.codental.com.br\/blog\/wp-json\/wp\/v2\/types\/post"}],"author":[{"embeddable":true,"href":"https:\/\/www.codental.com.br\/blog\/wp-json\/wp\/v2\/users\/29"}],"replies":[{"embeddable":true,"href":"https:\/\/www.codental.com.br\/blog\/wp-json\/wp\/v2\/comments?post=2011"}],"version-history":[{"count":6,"href":"https:\/\/www.codental.com.br\/blog\/wp-json\/wp\/v2\/posts\/2011\/revisions"}],"predecessor-version":[{"id":2354,"href":"https:\/\/www.codental.com.br\/blog\/wp-json\/wp\/v2\/posts\/2011\/revisions\/2354"}],"wp:featuredmedia":[{"embeddable":true,"href":"https:\/\/www.codental.com.br\/blog\/wp-json\/wp\/v2\/media\/2339"}],"wp:attachment":[{"href":"https:\/\/www.codental.com.br\/blog\/wp-json\/wp\/v2\/media?parent=2011"}],"wp:term":[{"taxonomy":"category","embeddable":true,"href":"https:\/\/www.codental.com.br\/blog\/wp-json\/wp\/v2\/categories?post=2011"},{"taxonomy":"post_tag","embeddable":true,"href":"https:\/\/www.codental.com.br\/blog\/wp-json\/wp\/v2\/tags?post=2011"}],"curies":[{"name":"wp","href":"https:\/\/api.w.org\/{rel}","templated":true}]}}