{"id":2009,"date":"2022-12-31T17:00:00","date_gmt":"2022-12-31T20:00:00","guid":{"rendered":"https:\/\/www.codental.com.br\/blog\/?p=2009"},"modified":"2022-12-31T10:18:48","modified_gmt":"2022-12-31T13:18:48","slug":"elasticos-ortodonticos-tudo-o-que-voce-precisa-saber","status":"publish","type":"post","link":"https:\/\/www.codental.com.br\/blog\/elasticos-ortodonticos-tudo-o-que-voce-precisa-saber\/","title":{"rendered":"El\u00e1sticos ortod\u00f4nticos: tudo o que voc\u00ea precisa saber"},"content":{"rendered":"\n<p>A utiliza\u00e7\u00e3o dos <strong>el\u00e1sticos ortod\u00f4ntico<\/strong>s \u00e9 cl\u00e1ssica e de fundamental import\u00e2ncia para o sucesso de diversos tratamentos, em procedimentos empregados pelos dentistas. A fim de garantir o alinhamento adequado dos dentes, o tratamento deve ser cont\u00ednuo. Sendo assim, a retirada do mesmo em tempo inadequado de tratamento, pode prejudicar o resultado da denti\u00e7\u00e3o.<br><br>Dessa forma, a utiliza\u00e7\u00e3o desse material e os procedimentos a respeito do mesmo, podem gerar d\u00favidas. Sendo assim, com a mat\u00e9ria abaixo, viemos esclarec\u00ea-las, explicando melhor as fun\u00e7\u00f5es, objetivos e utiliza\u00e7\u00f5es desse tipo de el\u00e1stico. <\/p>\n\n\n\n<h2 class=\"wp-block-heading\">Conceitua\u00e7\u00e3o e fun\u00e7\u00e3o dos el\u00e1sticos ortod\u00f4nticos <\/h2>\n\n\n\n<p>Os el\u00e1sticos ortod\u00f4nticos s\u00e3o abarcados pela \u00e1rea da ortodontia est\u00e9tica. Eles compreendem um tratamento comum nos consult\u00f3rios odontol\u00f3gicos, nos quais s\u00e3o geralmente fixados nos ganchos de aparelhos fixos. Tal processo, auxilia numa r\u00e1pida evolu\u00e7\u00e3o dos problemas inicialmente apresentados na denti\u00e7\u00e3o. Dessa forma, o encaixe dos dentes se torna mais adequado futuramente, tornando a denti\u00e7\u00e3o mais harm\u00f4nica e funcional. <br><br>Dessa forma, a aplica\u00e7\u00e3o eficaz do tratamento, proporciona: um melhor alinhamento dental, uma mordida adequada, bem como uma melhora na movimenta\u00e7\u00e3o dos dentes. Ademais, as formas e posi\u00e7\u00f5es de coloca\u00e7\u00e3o dos el\u00e1sticos (bem como do aparelho) podem variar dependendo de alguns fatores, tais como: <br><br>&#8211; Posi\u00e7\u00f5es anat\u00f4micas dos dentes;<br>&#8211; Condi\u00e7\u00f5es bucais e poss\u00edveis patologias; <br>&#8211; O resultado esperado p\u00f3s-tratamento; <br>&#8211; N\u00edvel de comprometimento n\u00e3o s\u00f3 da denti\u00e7\u00e3o, como da estrutura\u00e7\u00e3o da arcada e arcabou\u00e7o \u00f3sseo do paciente analisado; <br><br>Os el\u00e1sticos em si, podem variar de caracter\u00edsticas conforme a necessidade do paciente. Podendo, portanto, variar em espessura (finos e grossos), tamanho e local de coloca\u00e7\u00e3o. Ademais, os mesmos possuem cores diferentes, as quais cabe ao paciente escolher o que mais o agrada. Geralmente, crian\u00e7as e adolescentes costumam escolher cores mais vibrantes, enquanto jovens e adultos, preferem cores mais discretas. <\/p>\n\n\n\n<h2 class=\"wp-block-heading\">Tipos de el\u00e1sticos ortod\u00f4nticos <\/h2>\n\n\n\n<p>As famosas \u201cborrachinhas\u201d utilizadas, possuem uma variedade de modelos. Podendo ser encontradas de tr\u00eas formas diferentes: <\/p>\n\n\n\n<ul class=\"wp-block-list\"><li><strong>Intraorais<\/strong> &#8211; utilizados na maxila ou mand\u00edbula; <\/li><li><strong>Extraorais<\/strong> &#8211; Indicados para aparelhos externos que afetam n\u00e3o s\u00f3 a denti\u00e7\u00e3o, como estruturas \u00f3sseas da face; <\/li><li><strong>Em formato de V<\/strong> &#8211; triangular, indicados para extrus\u00e3o leve, intercuspida\u00e7\u00e3o e infraoclus\u00e3o; <\/li><li><strong>Retangulares ou em forma de U<\/strong> &#8211; utilizado tanto na arcada inferior como posterior, otimiza a intercuspida\u00e7\u00e3o, e extrus\u00e3o dent\u00e1ria.<\/li><\/ul>\n\n\n\n<h2 class=\"wp-block-heading\">Indica\u00e7\u00f5es e utiliza\u00e7\u00e3o dos el\u00e1sticos ortod\u00f4nticos<\/h2>\n\n\n\n<p>O adequado tratamento da mordida (transversal, horizontal ou vertical), dependendo fundamentalmente da escolha adequada do tratamento, que envolve, na maioria, a escolha do tipo e posi\u00e7\u00e3o dos el\u00e1sticos ortod\u00f4nticos. Dentre muitas indica\u00e7\u00f5es para a utiliza\u00e7\u00e3o desse material, podemos citar: <br><br>&#8211; Diastema e m\u00e1 oclus\u00e3o dental;  <br>&#8211; Proje\u00e7\u00e3o da mand\u00edbula e estimula\u00e7\u00e3o do desenvolvimento da maxila; <br>&#8211; Corre\u00e7\u00e3o da linha m\u00e9dia e antero posterior da arcada; <br>&#8211; Corre\u00e7\u00e3o dos dentes escavalados e de muitos problemas associados a mordida inadequada; <br>&#8211; Movimenta\u00e7\u00f5es ortop\u00e9dicas. <br><br>As indica\u00e7\u00f5es dos el\u00e1sticos, servem para quase todos os tratamentos com aparelhos ortod\u00f4nticos. Ademais, a fim de aumentar a efici\u00eancia e peri\u00f3dico reajuste do tratamento, as visitas ao dentista s\u00e3o imperativas. Dessa forma, h\u00e1 aumento vertiginoso da efici\u00eancia do tratamento e peri\u00f3dico reajuste. <\/p>\n\n\n\n<p>Nessas visitas ao consult\u00f3rio s\u00e3o realizadas a troca das &#8220;borrachinhas&#8221; e tratamentos profil\u00e1ticos e de higiene, realizadas a fim de garantir a manuten\u00e7\u00e3o das borrachinhas, que devem ser frequentemente trocadas para manuten\u00e7\u00e3o da higiene, est\u00e9tica e funcionalidade das mesmas. <\/p>\n\n\n\n<h3 class=\"wp-block-heading\">Contraindica\u00e7\u00f5es  <\/h3>\n\n\n\n<p>As contraindica\u00e7\u00f5es ao tratamento s\u00e3o quase nulas, exceto para aquelas pessoas al\u00e9rgicas a l\u00e1tex (material principal dos el\u00e1sticos). Nesses casos, existem el\u00e1sticos de outros materiais que podem ser utilizados para pacientes nessa condi\u00e7\u00e3o. <\/p>\n\n\n\n<p>\u00c9 importante ressaltar que os tratamentos indicados e posteriormente realizados pelos dentistas, devem sempre ser feitos mediante pr\u00e9via an\u00e1lise e <a href=\"https:\/\/www.codental.com.br\/blog\/anamnese-odontologica-como-preparar-uma-ficha-completa\/?utm_source=blog&utm_medium=referral&utm_content=elasticos-ortodonticos-tudo-o-que-voce-precisa-saber\">anamnese<\/a> do caso espec\u00edfico do paciente. Dessa forma, o tratamento ser\u00e1 mais efetivo e eficiente, n\u00e3o havendo risco de poss\u00edveis inadequa\u00e7\u00f5es e preju\u00edzos a denti\u00e7\u00e3o do indiv\u00edduo submetido ao procedimento.<\/p>\n\n\n\n<h2 class=\"wp-block-heading\">Vantagens da utiliza\u00e7\u00e3o <\/h2>\n\n\n\n<p>Logo nos primeiros instantes de uso, j\u00e1 \u00e9 percept\u00edvel o efeito advindo do tratamento com el\u00e1stico. As vantagens incluem: acelera\u00e7\u00e3o da movimenta\u00e7\u00e3o ortod\u00f4ntica, e principalmente otimiza\u00e7\u00e3o do resultado est\u00e9tico e funcional do tratamento. Tais quest\u00f5es s\u00e3o somente percept\u00edveis, mediante ao uso pelo tempo determinado e manuten\u00e7\u00e3o frequente do dentista.  <\/p>\n\n\n\n<p>Dessa forma, o paciente garante uma denti\u00e7\u00e3o mais sim\u00e9trica, funcional, e com est\u00e9tica excelente. Al\u00e9m disso, os tratamentos s\u00e3o permanentes, ou seja, as altera\u00e7\u00f5es bucais ben\u00e9ficas advindas do uso de aparelhos, ficam por muitos anos e at\u00e9 mesmo a vida toda com o paciente. <\/p>\n\n\n\n<h2 class=\"wp-block-heading\">Dicas e cuidados necess\u00e1rios com os el\u00e1sticos ortod\u00f4nticos<\/h2>\n\n\n\n<p>\u00c9 fun\u00e7\u00e3o do dentista recomendar alguns cuidados e recomenda\u00e7\u00f5es necess\u00e1rios ao paciente, ap\u00f3s a consulta. Isso garante um efetivo e adequado tratamento. Dentre essas recomenda\u00e7\u00f5es, podemos citar: evitar retirar os el\u00e1sticos desnecessariamente (entretanto, tamb\u00e9m n\u00e3o exagerar no uso), fazer trocas frequentes, manter a posi\u00e7\u00e3o correta, bem como uma adequada higiene bucal. <\/p>\n\n\n\n<h2 class=\"wp-block-heading\">Informa\u00e7\u00f5es adicionais <\/h2>\n\n\n\n<p>Os el\u00e1sticos ortod\u00f4nticos dos pacientes podem variar conforme a espessura, como j\u00e1 anteriormente citado. Dessa forma, os el\u00e1sticos mais finos devem ser submetidos a um cuidado maior e mais minucioso do paciente. Isso se d\u00e1, pois os mesmos tendem a se romper e mudar de posi\u00e7\u00e3o mais facilmente, quando comparado aos el\u00e1sticos mais grossos, prejudicando assim a fluidez do tratamento. <\/p>\n\n\n\n<p>Al\u00e9m disso, apesar das varia\u00e7\u00f5es de cores, o modelo de cor bege possui uma resist\u00eancia maior que os demais modelos, reduzindo o tempo de tratamento do procedimento. <\/p>\n\n\n\n<h2 class=\"wp-block-heading\"><strong>Considera\u00e7\u00f5es Finais <\/strong><\/h2>\n\n\n\n<p>Muitas pessoas podem ficar preocupadas e ansiosas com o processo de coloca\u00e7\u00e3o, a utiliza\u00e7\u00e3o dos aparelhos e el\u00e1sticos, e o tempo longo de tratamento. Entretanto, \u00e9 impostante ressaltar que o processo n\u00e3o se torna penoso com bom diagn\u00f3stico do problema e a utiliza\u00e7\u00e3o cont\u00ednua e adequada do aparelho. H\u00e1 evolu\u00e7\u00e3o mais r\u00e1pida e resultados mais satisfat\u00f3rios seguindo essas diretrizes. <br><br>Essa vit\u00f3ria no tratamento, depende tanto da capacita\u00e7\u00e3o e empenho do profissional, quanto da responsabilidade do paciente (com rela\u00e7\u00e3o \u00e0 higiene bucal e as visitas ao consult\u00f3rio). Com tais processos bem estabelecidos, o sucesso \u00e9 eminente e a retirada do aparelho e dos el\u00e1sticos, p\u00f3s-resultados atingidos, \u00e9 certa. <br><br><br><br><\/p>\n","protected":false},"excerpt":{"rendered":"<p>A utiliza\u00e7\u00e3o dos el\u00e1sticos ortod\u00f4nticos \u00e9 cl\u00e1ssica e de fundamental import\u00e2ncia para o sucesso&#8230;<\/p>\n","protected":false},"author":29,"featured_media":2271,"comment_status":"open","ping_status":"closed","sticky":false,"template":"","format":"standard","meta":{"_target_audience":"","footnotes":""},"categories":[129],"tags":[276,277],"class_list":["post-2009","post","type-post","status-publish","format-standard","has-post-thumbnail","hentry","category-tratamentos","tag-elasticos-ortodonticos","tag-tratamento-ortodontico"],"yoast_head":"<!-- This site is optimized with the Yoast SEO plugin v27.2 - https:\/\/yoast.com\/product\/yoast-seo-wordpress\/ -->\n<title>El\u00e1sticos ortod\u00f4nticos: tudo o que voc\u00ea precisa saber<\/title>\n<meta name=\"description\" content=\"Voc\u00ea dentista quer saber o que s\u00e3o, as fun\u00e7\u00f5es e em quais casos utilizar os el\u00e1sticos ortod\u00f4nticos? Para sanar suas, acesse j\u00e1 e informe-se!\" \/>\n<meta name=\"robots\" content=\"index, follow, max-snippet:-1, max-image-preview:large, max-video-preview:-1\" \/>\n<link rel=\"canonical\" href=\"https:\/\/www.codental.com.br\/blog\/elasticos-ortodonticos-tudo-o-que-voce-precisa-saber\/\" \/>\n<meta property=\"og:locale\" content=\"pt_BR\" \/>\n<meta property=\"og:type\" content=\"article\" \/>\n<meta property=\"og:title\" content=\"El\u00e1sticos ortod\u00f4nticos: tudo o que voc\u00ea precisa saber\" \/>\n<meta property=\"og:description\" content=\"Voc\u00ea dentista quer saber o que s\u00e3o, as fun\u00e7\u00f5es e em quais casos utilizar os el\u00e1sticos ortod\u00f4nticos? Para sanar suas, acesse j\u00e1 e informe-se!\" \/>\n<meta property=\"og:url\" content=\"https:\/\/www.codental.com.br\/blog\/elasticos-ortodonticos-tudo-o-que-voce-precisa-saber\/\" \/>\n<meta property=\"og:site_name\" content=\"Codental Blog\" \/>\n<meta property=\"article:publisher\" content=\"http:\/\/www.facebook.com\/codentalbr\" \/>\n<meta property=\"article:published_time\" content=\"2022-12-31T20:00:00+00:00\" \/>\n<meta property=\"og:image\" content=\"https:\/\/www.codental.com.br\/blog\/wp-content\/uploads\/2022\/12\/Elastico-ortodontico.jpg\" \/>\n\t<meta property=\"og:image:width\" content=\"1010\" \/>\n\t<meta property=\"og:image:height\" content=\"550\" \/>\n\t<meta property=\"og:image:type\" content=\"image\/jpeg\" \/>\n<meta name=\"author\" content=\"Samuel Froes\" \/>\n<meta name=\"twitter:card\" content=\"summary_large_image\" \/>\n<meta name=\"twitter:creator\" content=\"@CodentalBr\" \/>\n<meta name=\"twitter:site\" content=\"@CodentalBr\" \/>\n<meta name=\"twitter:label1\" content=\"Escrito por\" \/>\n\t<meta name=\"twitter:data1\" content=\"Samuel Froes\" \/>\n\t<meta name=\"twitter:label2\" content=\"Est. tempo de leitura\" \/>\n\t<meta name=\"twitter:data2\" content=\"6 minutos\" \/>\n<script type=\"application\/ld+json\" class=\"yoast-schema-graph\">{\"@context\":\"https:\/\/schema.org\",\"@graph\":[{\"@type\":\"Article\",\"@id\":\"https:\/\/www.codental.com.br\/blog\/elasticos-ortodonticos-tudo-o-que-voce-precisa-saber\/#article\",\"isPartOf\":{\"@id\":\"https:\/\/www.codental.com.br\/blog\/elasticos-ortodonticos-tudo-o-que-voce-precisa-saber\/\"},\"author\":{\"name\":\"Samuel Froes\",\"@id\":\"https:\/\/www.codental.com.br\/blog\/#\/schema\/person\/38d829de610b140d5f6443d556360dde\"},\"headline\":\"El\u00e1sticos ortod\u00f4nticos: tudo o que voc\u00ea precisa saber\",\"datePublished\":\"2022-12-31T20:00:00+00:00\",\"mainEntityOfPage\":{\"@id\":\"https:\/\/www.codental.com.br\/blog\/elasticos-ortodonticos-tudo-o-que-voce-precisa-saber\/\"},\"wordCount\":1143,\"commentCount\":0,\"publisher\":{\"@id\":\"https:\/\/www.codental.com.br\/blog\/#organization\"},\"image\":{\"@id\":\"https:\/\/www.codental.com.br\/blog\/elasticos-ortodonticos-tudo-o-que-voce-precisa-saber\/#primaryimage\"},\"thumbnailUrl\":\"https:\/\/www.codental.com.br\/blog\/wp-content\/uploads\/2022\/12\/Elastico-ortodontico.jpg\",\"keywords\":[\"El\u00e1sticos ortod\u00f4nticos\",\"Tratamento ortod\u00f4ntico\"],\"articleSection\":[\"Tratamentos odontol\u00f3gicos\"],\"inLanguage\":\"pt-BR\",\"potentialAction\":[{\"@type\":\"CommentAction\",\"name\":\"Comment\",\"target\":[\"https:\/\/www.codental.com.br\/blog\/elasticos-ortodonticos-tudo-o-que-voce-precisa-saber\/#respond\"]}]},{\"@type\":\"WebPage\",\"@id\":\"https:\/\/www.codental.com.br\/blog\/elasticos-ortodonticos-tudo-o-que-voce-precisa-saber\/\",\"url\":\"https:\/\/www.codental.com.br\/blog\/elasticos-ortodonticos-tudo-o-que-voce-precisa-saber\/\",\"name\":\"El\u00e1sticos ortod\u00f4nticos: tudo o que voc\u00ea precisa saber\",\"isPartOf\":{\"@id\":\"https:\/\/www.codental.com.br\/blog\/#website\"},\"primaryImageOfPage\":{\"@id\":\"https:\/\/www.codental.com.br\/blog\/elasticos-ortodonticos-tudo-o-que-voce-precisa-saber\/#primaryimage\"},\"image\":{\"@id\":\"https:\/\/www.codental.com.br\/blog\/elasticos-ortodonticos-tudo-o-que-voce-precisa-saber\/#primaryimage\"},\"thumbnailUrl\":\"https:\/\/www.codental.com.br\/blog\/wp-content\/uploads\/2022\/12\/Elastico-ortodontico.jpg\",\"datePublished\":\"2022-12-31T20:00:00+00:00\",\"description\":\"Voc\u00ea dentista quer saber o que s\u00e3o, as fun\u00e7\u00f5es e em quais casos utilizar os el\u00e1sticos ortod\u00f4nticos? Para sanar suas, acesse j\u00e1 e informe-se!\",\"breadcrumb\":{\"@id\":\"https:\/\/www.codental.com.br\/blog\/elasticos-ortodonticos-tudo-o-que-voce-precisa-saber\/#breadcrumb\"},\"inLanguage\":\"pt-BR\",\"potentialAction\":[{\"@type\":\"ReadAction\",\"target\":[\"https:\/\/www.codental.com.br\/blog\/elasticos-ortodonticos-tudo-o-que-voce-precisa-saber\/\"]}]},{\"@type\":\"ImageObject\",\"inLanguage\":\"pt-BR\",\"@id\":\"https:\/\/www.codental.com.br\/blog\/elasticos-ortodonticos-tudo-o-que-voce-precisa-saber\/#primaryimage\",\"url\":\"https:\/\/www.codental.com.br\/blog\/wp-content\/uploads\/2022\/12\/Elastico-ortodontico.jpg\",\"contentUrl\":\"https:\/\/www.codental.com.br\/blog\/wp-content\/uploads\/2022\/12\/Elastico-ortodontico.jpg\",\"width\":1010,\"height\":550,\"caption\":\"el\u00e1stico ortodontico\"},{\"@type\":\"BreadcrumbList\",\"@id\":\"https:\/\/www.codental.com.br\/blog\/elasticos-ortodonticos-tudo-o-que-voce-precisa-saber\/#breadcrumb\",\"itemListElement\":[{\"@type\":\"ListItem\",\"position\":1,\"name\":\"In\u00edcio\",\"item\":\"https:\/\/www.codental.com.br\/blog\/\"},{\"@type\":\"ListItem\",\"position\":2,\"name\":\"El\u00e1sticos ortod\u00f4nticos: tudo o que voc\u00ea precisa saber\"}]},{\"@type\":\"WebSite\",\"@id\":\"https:\/\/www.codental.com.br\/blog\/#website\",\"url\":\"https:\/\/www.codental.com.br\/blog\/\",\"name\":\"Codental Blog\",\"description\":\"Artigos e not\u00edcias sobre odontologia\",\"publisher\":{\"@id\":\"https:\/\/www.codental.com.br\/blog\/#organization\"},\"potentialAction\":[{\"@type\":\"SearchAction\",\"target\":{\"@type\":\"EntryPoint\",\"urlTemplate\":\"https:\/\/www.codental.com.br\/blog\/?s={search_term_string}\"},\"query-input\":{\"@type\":\"PropertyValueSpecification\",\"valueRequired\":true,\"valueName\":\"search_term_string\"}}],\"inLanguage\":\"pt-BR\"},{\"@type\":\"Organization\",\"@id\":\"https:\/\/www.codental.com.br\/blog\/#organization\",\"name\":\"Codental\",\"url\":\"https:\/\/codental.com.br\/\",\"logo\":{\"@type\":\"ImageObject\",\"inLanguage\":\"pt-BR\",\"@id\":\"https:\/\/www.codental.com.br\/blog\/#\/schema\/logo\/image\/\",\"url\":\"https:\/\/www.codental.com.br\/blog\/wp-content\/uploads\/2018\/10\/logo.png\",\"contentUrl\":\"https:\/\/www.codental.com.br\/blog\/wp-content\/uploads\/2018\/10\/logo.png\",\"width\":1200,\"height\":300,\"caption\":\"Codental\"},\"image\":{\"@id\":\"https:\/\/www.codental.com.br\/blog\/#\/schema\/logo\/image\/\"},\"sameAs\":[\"http:\/\/www.facebook.com\/codentalbr\",\"https:\/\/x.com\/CodentalBr\",\"https:\/\/www.instagram.com\/codentalbr\/\"]},{\"@type\":\"Person\",\"@id\":\"https:\/\/www.codental.com.br\/blog\/#\/schema\/person\/38d829de610b140d5f6443d556360dde\",\"name\":\"Samuel Froes\",\"image\":{\"@type\":\"ImageObject\",\"inLanguage\":\"pt-BR\",\"@id\":\"https:\/\/www.codental.com.br\/blog\/wp-content\/uploads\/2022\/11\/WhatsApp-Image-2022-11-30-at-12.50.47-336x240.jpeg\",\"url\":\"https:\/\/www.codental.com.br\/blog\/wp-content\/uploads\/2022\/11\/WhatsApp-Image-2022-11-30-at-12.50.47-336x240.jpeg\",\"contentUrl\":\"https:\/\/www.codental.com.br\/blog\/wp-content\/uploads\/2022\/11\/WhatsApp-Image-2022-11-30-at-12.50.47-336x240.jpeg\",\"caption\":\"Samuel Froes\"},\"description\":\"Petropolitano, 19 anos. Estudante da Universidade Federal de Juiz de Fora. Amante de m\u00fasica, piano e canto cl\u00e1ssicos e extrema curiosidade a respeito do corpo humano e seus mecanismos intr\u00ednsecos.\",\"url\":\"https:\/\/www.codental.com.br\/blog\/author\/samuel\/\"}]}<\/script>\n<!-- \/ Yoast SEO plugin. -->","yoast_head_json":{"title":"El\u00e1sticos ortod\u00f4nticos: tudo o que voc\u00ea precisa saber","description":"Voc\u00ea dentista quer saber o que s\u00e3o, as fun\u00e7\u00f5es e em quais casos utilizar os el\u00e1sticos ortod\u00f4nticos? Para sanar suas, acesse j\u00e1 e informe-se!","robots":{"index":"index","follow":"follow","max-snippet":"max-snippet:-1","max-image-preview":"max-image-preview:large","max-video-preview":"max-video-preview:-1"},"canonical":"https:\/\/www.codental.com.br\/blog\/elasticos-ortodonticos-tudo-o-que-voce-precisa-saber\/","og_locale":"pt_BR","og_type":"article","og_title":"El\u00e1sticos ortod\u00f4nticos: tudo o que voc\u00ea precisa saber","og_description":"Voc\u00ea dentista quer saber o que s\u00e3o, as fun\u00e7\u00f5es e em quais casos utilizar os el\u00e1sticos ortod\u00f4nticos? Para sanar suas, acesse j\u00e1 e informe-se!","og_url":"https:\/\/www.codental.com.br\/blog\/elasticos-ortodonticos-tudo-o-que-voce-precisa-saber\/","og_site_name":"Codental Blog","article_publisher":"http:\/\/www.facebook.com\/codentalbr","article_published_time":"2022-12-31T20:00:00+00:00","og_image":[{"width":1010,"height":550,"url":"https:\/\/www.codental.com.br\/blog\/wp-content\/uploads\/2022\/12\/Elastico-ortodontico.jpg","type":"image\/jpeg"}],"author":"Samuel Froes","twitter_card":"summary_large_image","twitter_creator":"@CodentalBr","twitter_site":"@CodentalBr","twitter_misc":{"Escrito por":"Samuel Froes","Est. tempo de leitura":"6 minutos"},"schema":{"@context":"https:\/\/schema.org","@graph":[{"@type":"Article","@id":"https:\/\/www.codental.com.br\/blog\/elasticos-ortodonticos-tudo-o-que-voce-precisa-saber\/#article","isPartOf":{"@id":"https:\/\/www.codental.com.br\/blog\/elasticos-ortodonticos-tudo-o-que-voce-precisa-saber\/"},"author":{"name":"Samuel Froes","@id":"https:\/\/www.codental.com.br\/blog\/#\/schema\/person\/38d829de610b140d5f6443d556360dde"},"headline":"El\u00e1sticos ortod\u00f4nticos: tudo o que voc\u00ea precisa saber","datePublished":"2022-12-31T20:00:00+00:00","mainEntityOfPage":{"@id":"https:\/\/www.codental.com.br\/blog\/elasticos-ortodonticos-tudo-o-que-voce-precisa-saber\/"},"wordCount":1143,"commentCount":0,"publisher":{"@id":"https:\/\/www.codental.com.br\/blog\/#organization"},"image":{"@id":"https:\/\/www.codental.com.br\/blog\/elasticos-ortodonticos-tudo-o-que-voce-precisa-saber\/#primaryimage"},"thumbnailUrl":"https:\/\/www.codental.com.br\/blog\/wp-content\/uploads\/2022\/12\/Elastico-ortodontico.jpg","keywords":["El\u00e1sticos ortod\u00f4nticos","Tratamento ortod\u00f4ntico"],"articleSection":["Tratamentos odontol\u00f3gicos"],"inLanguage":"pt-BR","potentialAction":[{"@type":"CommentAction","name":"Comment","target":["https:\/\/www.codental.com.br\/blog\/elasticos-ortodonticos-tudo-o-que-voce-precisa-saber\/#respond"]}]},{"@type":"WebPage","@id":"https:\/\/www.codental.com.br\/blog\/elasticos-ortodonticos-tudo-o-que-voce-precisa-saber\/","url":"https:\/\/www.codental.com.br\/blog\/elasticos-ortodonticos-tudo-o-que-voce-precisa-saber\/","name":"El\u00e1sticos ortod\u00f4nticos: tudo o que voc\u00ea precisa saber","isPartOf":{"@id":"https:\/\/www.codental.com.br\/blog\/#website"},"primaryImageOfPage":{"@id":"https:\/\/www.codental.com.br\/blog\/elasticos-ortodonticos-tudo-o-que-voce-precisa-saber\/#primaryimage"},"image":{"@id":"https:\/\/www.codental.com.br\/blog\/elasticos-ortodonticos-tudo-o-que-voce-precisa-saber\/#primaryimage"},"thumbnailUrl":"https:\/\/www.codental.com.br\/blog\/wp-content\/uploads\/2022\/12\/Elastico-ortodontico.jpg","datePublished":"2022-12-31T20:00:00+00:00","description":"Voc\u00ea dentista quer saber o que s\u00e3o, as fun\u00e7\u00f5es e em quais casos utilizar os el\u00e1sticos ortod\u00f4nticos? Para sanar suas, acesse j\u00e1 e informe-se!","breadcrumb":{"@id":"https:\/\/www.codental.com.br\/blog\/elasticos-ortodonticos-tudo-o-que-voce-precisa-saber\/#breadcrumb"},"inLanguage":"pt-BR","potentialAction":[{"@type":"ReadAction","target":["https:\/\/www.codental.com.br\/blog\/elasticos-ortodonticos-tudo-o-que-voce-precisa-saber\/"]}]},{"@type":"ImageObject","inLanguage":"pt-BR","@id":"https:\/\/www.codental.com.br\/blog\/elasticos-ortodonticos-tudo-o-que-voce-precisa-saber\/#primaryimage","url":"https:\/\/www.codental.com.br\/blog\/wp-content\/uploads\/2022\/12\/Elastico-ortodontico.jpg","contentUrl":"https:\/\/www.codental.com.br\/blog\/wp-content\/uploads\/2022\/12\/Elastico-ortodontico.jpg","width":1010,"height":550,"caption":"el\u00e1stico ortodontico"},{"@type":"BreadcrumbList","@id":"https:\/\/www.codental.com.br\/blog\/elasticos-ortodonticos-tudo-o-que-voce-precisa-saber\/#breadcrumb","itemListElement":[{"@type":"ListItem","position":1,"name":"In\u00edcio","item":"https:\/\/www.codental.com.br\/blog\/"},{"@type":"ListItem","position":2,"name":"El\u00e1sticos ortod\u00f4nticos: tudo o que voc\u00ea precisa saber"}]},{"@type":"WebSite","@id":"https:\/\/www.codental.com.br\/blog\/#website","url":"https:\/\/www.codental.com.br\/blog\/","name":"Codental Blog","description":"Artigos e not\u00edcias sobre odontologia","publisher":{"@id":"https:\/\/www.codental.com.br\/blog\/#organization"},"potentialAction":[{"@type":"SearchAction","target":{"@type":"EntryPoint","urlTemplate":"https:\/\/www.codental.com.br\/blog\/?s={search_term_string}"},"query-input":{"@type":"PropertyValueSpecification","valueRequired":true,"valueName":"search_term_string"}}],"inLanguage":"pt-BR"},{"@type":"Organization","@id":"https:\/\/www.codental.com.br\/blog\/#organization","name":"Codental","url":"https:\/\/codental.com.br\/","logo":{"@type":"ImageObject","inLanguage":"pt-BR","@id":"https:\/\/www.codental.com.br\/blog\/#\/schema\/logo\/image\/","url":"https:\/\/www.codental.com.br\/blog\/wp-content\/uploads\/2018\/10\/logo.png","contentUrl":"https:\/\/www.codental.com.br\/blog\/wp-content\/uploads\/2018\/10\/logo.png","width":1200,"height":300,"caption":"Codental"},"image":{"@id":"https:\/\/www.codental.com.br\/blog\/#\/schema\/logo\/image\/"},"sameAs":["http:\/\/www.facebook.com\/codentalbr","https:\/\/x.com\/CodentalBr","https:\/\/www.instagram.com\/codentalbr\/"]},{"@type":"Person","@id":"https:\/\/www.codental.com.br\/blog\/#\/schema\/person\/38d829de610b140d5f6443d556360dde","name":"Samuel Froes","image":{"@type":"ImageObject","inLanguage":"pt-BR","@id":"https:\/\/www.codental.com.br\/blog\/wp-content\/uploads\/2022\/11\/WhatsApp-Image-2022-11-30-at-12.50.47-336x240.jpeg","url":"https:\/\/www.codental.com.br\/blog\/wp-content\/uploads\/2022\/11\/WhatsApp-Image-2022-11-30-at-12.50.47-336x240.jpeg","contentUrl":"https:\/\/www.codental.com.br\/blog\/wp-content\/uploads\/2022\/11\/WhatsApp-Image-2022-11-30-at-12.50.47-336x240.jpeg","caption":"Samuel Froes"},"description":"Petropolitano, 19 anos. Estudante da Universidade Federal de Juiz de Fora. Amante de m\u00fasica, piano e canto cl\u00e1ssicos e extrema curiosidade a respeito do corpo humano e seus mecanismos intr\u00ednsecos.","url":"https:\/\/www.codental.com.br\/blog\/author\/samuel\/"}]}},"_links":{"self":[{"href":"https:\/\/www.codental.com.br\/blog\/wp-json\/wp\/v2\/posts\/2009","targetHints":{"allow":["GET"]}}],"collection":[{"href":"https:\/\/www.codental.com.br\/blog\/wp-json\/wp\/v2\/posts"}],"about":[{"href":"https:\/\/www.codental.com.br\/blog\/wp-json\/wp\/v2\/types\/post"}],"author":[{"embeddable":true,"href":"https:\/\/www.codental.com.br\/blog\/wp-json\/wp\/v2\/users\/29"}],"replies":[{"embeddable":true,"href":"https:\/\/www.codental.com.br\/blog\/wp-json\/wp\/v2\/comments?post=2009"}],"version-history":[{"count":6,"href":"https:\/\/www.codental.com.br\/blog\/wp-json\/wp\/v2\/posts\/2009\/revisions"}],"predecessor-version":[{"id":2272,"href":"https:\/\/www.codental.com.br\/blog\/wp-json\/wp\/v2\/posts\/2009\/revisions\/2272"}],"wp:featuredmedia":[{"embeddable":true,"href":"https:\/\/www.codental.com.br\/blog\/wp-json\/wp\/v2\/media\/2271"}],"wp:attachment":[{"href":"https:\/\/www.codental.com.br\/blog\/wp-json\/wp\/v2\/media?parent=2009"}],"wp:term":[{"taxonomy":"category","embeddable":true,"href":"https:\/\/www.codental.com.br\/blog\/wp-json\/wp\/v2\/categories?post=2009"},{"taxonomy":"post_tag","embeddable":true,"href":"https:\/\/www.codental.com.br\/blog\/wp-json\/wp\/v2\/tags?post=2009"}],"curies":[{"name":"wp","href":"https:\/\/api.w.org\/{rel}","templated":true}]}}