{"id":2007,"date":"2023-01-02T17:00:00","date_gmt":"2023-01-02T20:00:00","guid":{"rendered":"https:\/\/www.codental.com.br\/blog\/?p=2007"},"modified":"2023-01-02T15:31:08","modified_gmt":"2023-01-02T18:31:08","slug":"invisalign-preco-vantagens-e-outras-duvidas-comuns","status":"publish","type":"post","link":"https:\/\/www.codental.com.br\/blog\/invisalign-preco-vantagens-e-outras-duvidas-comuns\/","title":{"rendered":"Invisalign: pre\u00e7o, vantagens e d\u00favidas comuns"},"content":{"rendered":"\n<p>Os alinhadores Invisalign s\u00e3o a principal tend\u00eancia na odontologia. Logo, diversas d\u00favidas surgiram, entre pacientes e dentistas, sobre o Invisalign: pre\u00e7o do tratamento, indica\u00e7\u00e3o, benef\u00edcios, entre outras.<\/p>\n\n\n\n<p>\u00c0 medida que as placas invis\u00edveis se apresentam como uma alternativa eficaz, e visualmente mais est\u00e9tica aos aparelhos fixos tradicionais, a inova\u00e7\u00e3o tem se popularizado.<\/p>\n\n\n\n<p>De acordo com <a href=\"https:\/\/www.invisalign.com.br\/perguntas-frequentes\">dados da Align Technology<\/a>, at\u00e9 30 de setembro de 2022, mais de 14 milh\u00f5es de pessoas j\u00e1 haviam utilizado os alinhadores ao redor do mundo.<\/p>\n\n\n\n<p>Para te ajudar a conhecer essa tecnologia revolucion\u00e1ria, preparamos um guia completo com as principais d\u00favidas. Boa leitura!&nbsp;<\/p>\n\n\n\n<h2 class=\"wp-block-heading\">O que \u00e9 Invisalign<\/h2>\n\n\n\n<p>Invisalign \u00e9 um tratamento ortod\u00f4ntico inovador que corrige os dentes por meio de alinhadores invis\u00edveis, ou seja, sem o uso dos tradicionais aparelhos met\u00e1licos.<\/p>\n\n\n\n<p>O procedimento utiliza placas transparentes desenvolvidas atrav\u00e9s de um scanner 3D, garantindo a modelagem de uma placa de acr\u00edlico feita sob medida.<\/p>\n\n\n\n<p>Desse modo, as placas Invisalign puxam suavemente os dentes para a posi\u00e7\u00e3o adequada ao longo do tempo.<\/p>\n\n\n\n<p>Al\u00e9m disso, com a an\u00e1lise digital 3D, o dentista estabelece um plano de tratamento personalizado dentro das expectativas do cliente.<\/p>\n\n\n\n<p>Por isso, a cada 2 semanas, em m\u00e9dia, o paciente retorna ao consult\u00f3rio para trocar as moldeiras conforme a evolu\u00e7\u00e3o do caso.<\/p>\n\n\n\n<h2 class=\"wp-block-heading\">Invisalign funciona<\/h2>\n\n\n\n<p>Mesmo que a liberdade e discri\u00e7\u00e3o tenham sido fatores fundamentais para a populariza\u00e7\u00e3o do Invisalign nos \u00faltimos anos, a tecnologia que envolve todo o tratamento corrobora com um processo eficaz, seguro e confort\u00e1vel para o paciente.<\/p>\n\n\n\n<p>Assim sendo, o Invisalign funciona tanto para corre\u00e7\u00f5es ortod\u00f4nticas est\u00e9ticas e funcionais, como, por exemplo, nos casos de:<\/p>\n\n\n\n<ul class=\"wp-block-list\"><li>Dentes abertos e apinhados;<\/li><li>Mordida cruzada e aberta;<\/li><li>Sobremordida.<\/li><\/ul>\n\n\n\n<p>Vale observar que o tratamento n\u00e3o \u00e9 indicado para todas as condi\u00e7\u00f5es e deve sempre ser avaliado e prescrito por um ortodontista especializado na inova\u00e7\u00e3o. N\u00e3o apenas pela habilidade t\u00e9cnica, como tamb\u00e9m, pela experi\u00eancia para avaliar o comprometimento do paciente com os processos.<\/p>\n\n\n\n<p>Afinal, existe um fator de extrema relev\u00e2ncia sobre o Invisalign: pre\u00e7o!&nbsp;<\/p>\n\n\n\n<p>Por isso, preze por uma <a href=\"https:\/\/www.codental.com.br\/blog\/odontologia-humanizada-a-importancia-do-atendimento-que-acolhe-o-paciente\/?utm_source=blog&utm_medium=referral&utm_content=invisalign-preco-vantagens-e-outras-duvidas-comuns\">odontologia humanizada<\/a> e converse francamente sobre a responsabilidade com o procedimento.<\/p>\n\n\n\n<p>Com essa rela\u00e7\u00e3o de confian\u00e7a, o paciente se sente livre para adotar outro tratamento que considere mais justo para a sua realidade, ou avan\u00e7ar com o alinhador invis\u00edvel.\u00a0<\/p>\n\n\n\n<h2 class=\"wp-block-heading\">Quem pode usar Invisalign<\/h2>\n\n\n\n<p>O tratamento com Invisalign pode ser indicado para crian\u00e7as, a partir dos 6 anos, adolescentes e adultos.&nbsp;<\/p>\n\n\n\n<h2 class=\"wp-block-heading\">Qual a forma correta de uso do Invisalign<\/h2>\n\n\n\n<p>A recomenda\u00e7\u00e3o de uso do Invisalign \u00e9 de 20 a 22 horas, para resultados mais r\u00e1pidos e promissores.<\/p>\n\n\n\n<p>Em outras palavras, o aparelho \u00e9 essencialmente retirado somente para a alimenta\u00e7\u00e3o, higieniza\u00e7\u00e3o bucal e breves per\u00edodos durante o dia.&nbsp;<\/p>\n\n\n\n<h2 class=\"wp-block-heading\">Quanto tempo dura o tratamento com Invisalign?<\/h2>\n\n\n\n<p>O tratamento dura entre 6 meses a 2 anos, dependendo da complexidade de cada caso. Entretanto, os primeiros resultados s\u00e3o percept\u00edveis j\u00e1 nas primeiras semanas.<\/p>\n\n\n\n<p>A princ\u00edpio, os alinhadores se ajustam perfeitamente, cedendo \u00e0 medida que os dentes se movem para uma nova posi\u00e7\u00e3o.&nbsp;<\/p>\n\n\n\n<p>Por isso, \u00e9 necess\u00e1rio retornar ao consult\u00f3rio a cada duas semanas para trocar as placas durante todo o tratamento.\u00a0<\/p>\n\n\n\n<h2 class=\"wp-block-heading\">Pr\u00f3s e contras dos alinhadores invis\u00edveis&nbsp;<\/h2>\n\n\n\n<p>Ao passo que a <a href=\"https:\/\/www.codental.com.br\/blog\/o-crescimento-da-odontologia-estetica\/?utm_source=blog&utm_medium=referral&utm_content=invisalign-preco-vantagens-e-outras-duvidas-comuns\">odontologia est\u00e9tica<\/a> \u00e9 uma das \u00e1reas de maior destaque atualmente, essa tecnologia tem conquistado cada vez mais pacientes por ser mais discreto, al\u00e9m de confort\u00e1vel e eficaz. Confira tr\u00eas benef\u00edcios ao usar o aparelho:<\/p>\n\n\n\n<h3 class=\"wp-block-heading\">Bem-estar<\/h3>\n\n\n\n<p>A primeira vantagem do Invisalign, s\u00e3o as placas transparentes desenvolvidas sob a medida do dente, tornando-as quase invis\u00edveis.<\/p>\n\n\n\n<p>Nesse sentido, o Invisalign garante mais autoestima e seguran\u00e7a, principalmente para os adultos, ao cuidar da sa\u00fade e da est\u00e9tica.&nbsp;<\/p>\n\n\n\n<h4 class=\"wp-block-heading\">Inova\u00e7\u00e3o<\/h4>\n\n\n\n<p>Da mesma forma, a fabrica\u00e7\u00e3o personalizada para cada paciente permite que o Invisalign se adapte perfeitamente \u00e0 boca e aos dentes do paciente, garantindo o m\u00e1ximo conforto.<\/p>\n\n\n\n<p>Al\u00e9m de diminuir o risco de les\u00f5es nos dentes ou na gengiva, o movimento dos dentes \u00e9 mais preciso em compara\u00e7\u00e3o com os aparelhos tradicionais.<\/p>\n\n\n\n<h4 class=\"wp-block-heading\">Praticidade<\/h4>\n\n\n\n<p>Visto que o Invisalign \u00e9 completamente remov\u00edvel, \u00e9 mais f\u00e1cil manter uma boa higiene dental di\u00e1ria, bem como conservar o aparelho limpo.&nbsp;<\/p>\n\n\n\n<p>Sob o mesmo ponto de vista, o alinhador invis\u00edvel economiza tempo para paciente e dentista!&nbsp;<\/p>\n\n\n\n<p>Ao contr\u00e1rio dos aparelhos tradicionais que exigem visitas mais frequentes ao consult\u00f3rio, com o Invisalign as consultas agendadas s\u00e3o geralmente para adaptar a placa, ou seja, a cada 15 dias.<\/p>\n\n\n\n<p>Assim, o dentista consegue <a href=\"https:\/\/www.codental.com.br\/blog\/agenda-de-dentista\/?utm_source=blog&utm_medium=referral&utm_content=invisalign-preco-vantagens-e-outras-duvidas-comuns\">organizar a agenda<\/a> para intercalar atendimentos r\u00e1pidos, com os mais extensos, bem como definir os momentos de descanso.\u00a0<\/p>\n\n\n\n<h3 class=\"wp-block-heading\">Invisalign desvantagens<\/h3>\n\n\n\n<p>De imediato, n\u00e3o existem desvantagens reais no tratamento com Invisalign, mas conforme destacamos ao longo do texto, \u00e9 necess\u00e1ria uma maior coopera\u00e7\u00e3o por parte do paciente.<\/p>\n\n\n\n<p>Apesar de ser m\u00f3vel, as moldeiras precisam ser usadas quase constantemente (de 20h a 22h), para um bom resultado.\u00a0<\/p>\n\n\n\n<h2 class=\"wp-block-heading\">Cuidados com o Invisalign<\/h2>\n\n\n\n<p>Acima de tudo, o Invisalign \u00e9 um aparelho ortod\u00f4ntico m\u00f3vel e exige cuidados di\u00e1rios para estender a vida \u00fatil do dispositivo e garantir mais sa\u00fade de forma integral.&nbsp;<\/p>\n\n\n\n<p>Sendo assim, elencamos alguns pontos para indicar ao paciente:&nbsp;<\/p>\n\n\n\n<ul class=\"wp-block-list\"><li>Seguir as recomenda\u00e7\u00f5es di\u00e1rias do tempo de uso;&nbsp;<\/li><li>Transportar o aparelho em recipiente pr\u00f3prio;<\/li><li>Escovar os dentes antes do uso;<\/li><li>Higienizar o aparelho com uma escova pr\u00f3pria, com cerdas mais finas e macias;<\/li><li>N\u00e3o lavar com \u00e1gua quente;<\/li><li>Retirar o aparelho antes de comer ou beber;<\/li><\/ul>\n\n\n\n<h2 class=\"wp-block-heading\">Invisalign: pre\u00e7o para o dentista e para o paciente<\/h2>\n\n\n\n<p>Entre tantos benef\u00edcios, vamos falar sobre uma das d\u00favidas mais comuns, o pre\u00e7o do Invisalign.<\/p>\n\n\n\n<p>A princ\u00edpio, a especializa\u00e7\u00e3o em ortodontia \u00e9 um requisito fundamental para quem pretende oferecer tratamento com Invisalign. Por isso, vale colocar no planejamento.<\/p>\n\n\n\n<p>Em seguida, o profissional realiza um curso ministrado pela empresa Invisalign, onde \u00e9 certificado e credenciado como um parceiro Invisalign Doctor.<\/p>\n\n\n\n<p>Nesse sentido, o pre\u00e7o do Invisalign para o paciente, \u00e9 determinado pela experi\u00eancia do profissional, complexidade do caso e dura\u00e7\u00e3o do tratamento.<\/p>\n\n\n\n<p>S\u00f3 para exemplificar, o pre\u00e7o do Invisalign em 2022 relatado, por pacientes, varia entre R$ 6.000 e R$ 18.000.<\/p>\n\n\n\n<h2 class=\"wp-block-heading\">Invista em novas tecnologias para o seu consult\u00f3rio<\/h2>\n\n\n\n<p>Por mais que o custo do Invisalign seja elevado para o bolso de boa parte dos pacientes, os alinhadores m\u00f3veis s\u00e3o uma tend\u00eancia da \u00e1rea de odontologia, e oferecer essa inova\u00e7\u00e3o em seu consult\u00f3rio, pode ser um verdadeiro diferencial para o seu neg\u00f3cio.<\/p>\n","protected":false},"excerpt":{"rendered":"<p>Os alinhadores Invisalign s\u00e3o a principal tend\u00eancia na odontologia. Logo, diversas d\u00favidas surgiram, entre&#8230;<\/p>\n","protected":false},"author":18,"featured_media":2284,"comment_status":"open","ping_status":"closed","sticky":false,"template":"","format":"standard","meta":{"_target_audience":"","footnotes":""},"categories":[129],"tags":[281,282],"class_list":["post-2007","post","type-post","status-publish","format-standard","has-post-thumbnail","hentry","category-tratamentos","tag-alinhadores-transparentes","tag-invisalign"],"yoast_head":"<!-- This site is optimized with the Yoast SEO plugin v27.2 - https:\/\/yoast.com\/product\/yoast-seo-wordpress\/ -->\n<title>Invisalign: pre\u00e7o, vantagens e d\u00favidas comuns<\/title>\n<meta name=\"description\" content=\"Conhe\u00e7a tudo sobre os alinhadores invis\u00edveis Invisalign: pre\u00e7o do tratamento, em quais casos \u00e9 indicado, benef\u00edcios para o paciente e mais.\" \/>\n<meta name=\"robots\" content=\"index, follow, max-snippet:-1, max-image-preview:large, max-video-preview:-1\" \/>\n<link rel=\"canonical\" href=\"https:\/\/www.codental.com.br\/blog\/invisalign-preco-vantagens-e-outras-duvidas-comuns\/\" \/>\n<meta property=\"og:locale\" content=\"pt_BR\" \/>\n<meta property=\"og:type\" content=\"article\" \/>\n<meta property=\"og:title\" content=\"Invisalign: pre\u00e7o, vantagens e d\u00favidas comuns\" \/>\n<meta property=\"og:description\" content=\"Conhe\u00e7a tudo sobre os alinhadores invis\u00edveis Invisalign: pre\u00e7o do tratamento, em quais casos \u00e9 indicado, benef\u00edcios para o paciente e mais.\" \/>\n<meta property=\"og:url\" content=\"https:\/\/www.codental.com.br\/blog\/invisalign-preco-vantagens-e-outras-duvidas-comuns\/\" \/>\n<meta property=\"og:site_name\" content=\"Codental Blog\" \/>\n<meta property=\"article:publisher\" content=\"http:\/\/www.facebook.com\/codentalbr\" \/>\n<meta property=\"article:published_time\" content=\"2023-01-02T20:00:00+00:00\" \/>\n<meta property=\"og:image\" content=\"https:\/\/www.codental.com.br\/blog\/wp-content\/uploads\/2022\/12\/Invisalign-preco.jpg\" \/>\n\t<meta property=\"og:image:width\" content=\"1010\" \/>\n\t<meta property=\"og:image:height\" content=\"550\" \/>\n\t<meta property=\"og:image:type\" content=\"image\/jpeg\" \/>\n<meta name=\"author\" content=\"Yuri\" \/>\n<meta name=\"twitter:card\" content=\"summary_large_image\" \/>\n<meta name=\"twitter:creator\" content=\"@CodentalBr\" \/>\n<meta name=\"twitter:site\" content=\"@CodentalBr\" \/>\n<meta name=\"twitter:label1\" content=\"Escrito por\" \/>\n\t<meta name=\"twitter:data1\" content=\"Yuri\" \/>\n\t<meta name=\"twitter:label2\" content=\"Est. tempo de leitura\" \/>\n\t<meta name=\"twitter:data2\" content=\"6 minutos\" \/>\n<script type=\"application\/ld+json\" class=\"yoast-schema-graph\">{\"@context\":\"https:\/\/schema.org\",\"@graph\":[{\"@type\":\"Article\",\"@id\":\"https:\/\/www.codental.com.br\/blog\/invisalign-preco-vantagens-e-outras-duvidas-comuns\/#article\",\"isPartOf\":{\"@id\":\"https:\/\/www.codental.com.br\/blog\/invisalign-preco-vantagens-e-outras-duvidas-comuns\/\"},\"author\":{\"name\":\"Yuri\",\"@id\":\"https:\/\/www.codental.com.br\/blog\/#\/schema\/person\/1067f1729ed5e54a98feb516d0bbf4cb\"},\"headline\":\"Invisalign: pre\u00e7o, vantagens e d\u00favidas comuns\",\"datePublished\":\"2023-01-02T20:00:00+00:00\",\"mainEntityOfPage\":{\"@id\":\"https:\/\/www.codental.com.br\/blog\/invisalign-preco-vantagens-e-outras-duvidas-comuns\/\"},\"wordCount\":1126,\"commentCount\":0,\"publisher\":{\"@id\":\"https:\/\/www.codental.com.br\/blog\/#organization\"},\"image\":{\"@id\":\"https:\/\/www.codental.com.br\/blog\/invisalign-preco-vantagens-e-outras-duvidas-comuns\/#primaryimage\"},\"thumbnailUrl\":\"https:\/\/www.codental.com.br\/blog\/wp-content\/uploads\/2022\/12\/Invisalign-preco.jpg\",\"keywords\":[\"Alinhadores transparentes\",\"Invisalign\"],\"articleSection\":[\"Tratamentos odontol\u00f3gicos\"],\"inLanguage\":\"pt-BR\",\"potentialAction\":[{\"@type\":\"CommentAction\",\"name\":\"Comment\",\"target\":[\"https:\/\/www.codental.com.br\/blog\/invisalign-preco-vantagens-e-outras-duvidas-comuns\/#respond\"]}]},{\"@type\":\"WebPage\",\"@id\":\"https:\/\/www.codental.com.br\/blog\/invisalign-preco-vantagens-e-outras-duvidas-comuns\/\",\"url\":\"https:\/\/www.codental.com.br\/blog\/invisalign-preco-vantagens-e-outras-duvidas-comuns\/\",\"name\":\"Invisalign: pre\u00e7o, vantagens e d\u00favidas comuns\",\"isPartOf\":{\"@id\":\"https:\/\/www.codental.com.br\/blog\/#website\"},\"primaryImageOfPage\":{\"@id\":\"https:\/\/www.codental.com.br\/blog\/invisalign-preco-vantagens-e-outras-duvidas-comuns\/#primaryimage\"},\"image\":{\"@id\":\"https:\/\/www.codental.com.br\/blog\/invisalign-preco-vantagens-e-outras-duvidas-comuns\/#primaryimage\"},\"thumbnailUrl\":\"https:\/\/www.codental.com.br\/blog\/wp-content\/uploads\/2022\/12\/Invisalign-preco.jpg\",\"datePublished\":\"2023-01-02T20:00:00+00:00\",\"description\":\"Conhe\u00e7a tudo sobre os alinhadores invis\u00edveis Invisalign: pre\u00e7o do tratamento, em quais casos \u00e9 indicado, benef\u00edcios para o paciente e mais.\",\"breadcrumb\":{\"@id\":\"https:\/\/www.codental.com.br\/blog\/invisalign-preco-vantagens-e-outras-duvidas-comuns\/#breadcrumb\"},\"inLanguage\":\"pt-BR\",\"potentialAction\":[{\"@type\":\"ReadAction\",\"target\":[\"https:\/\/www.codental.com.br\/blog\/invisalign-preco-vantagens-e-outras-duvidas-comuns\/\"]}]},{\"@type\":\"ImageObject\",\"inLanguage\":\"pt-BR\",\"@id\":\"https:\/\/www.codental.com.br\/blog\/invisalign-preco-vantagens-e-outras-duvidas-comuns\/#primaryimage\",\"url\":\"https:\/\/www.codental.com.br\/blog\/wp-content\/uploads\/2022\/12\/Invisalign-preco.jpg\",\"contentUrl\":\"https:\/\/www.codental.com.br\/blog\/wp-content\/uploads\/2022\/12\/Invisalign-preco.jpg\",\"width\":1010,\"height\":550,\"caption\":\"invisalign: pre\u00e7o\"},{\"@type\":\"BreadcrumbList\",\"@id\":\"https:\/\/www.codental.com.br\/blog\/invisalign-preco-vantagens-e-outras-duvidas-comuns\/#breadcrumb\",\"itemListElement\":[{\"@type\":\"ListItem\",\"position\":1,\"name\":\"In\u00edcio\",\"item\":\"https:\/\/www.codental.com.br\/blog\/\"},{\"@type\":\"ListItem\",\"position\":2,\"name\":\"Invisalign: pre\u00e7o, vantagens e d\u00favidas comuns\"}]},{\"@type\":\"WebSite\",\"@id\":\"https:\/\/www.codental.com.br\/blog\/#website\",\"url\":\"https:\/\/www.codental.com.br\/blog\/\",\"name\":\"Codental Blog\",\"description\":\"Artigos e not\u00edcias sobre odontologia\",\"publisher\":{\"@id\":\"https:\/\/www.codental.com.br\/blog\/#organization\"},\"potentialAction\":[{\"@type\":\"SearchAction\",\"target\":{\"@type\":\"EntryPoint\",\"urlTemplate\":\"https:\/\/www.codental.com.br\/blog\/?s={search_term_string}\"},\"query-input\":{\"@type\":\"PropertyValueSpecification\",\"valueRequired\":true,\"valueName\":\"search_term_string\"}}],\"inLanguage\":\"pt-BR\"},{\"@type\":\"Organization\",\"@id\":\"https:\/\/www.codental.com.br\/blog\/#organization\",\"name\":\"Codental\",\"url\":\"https:\/\/codental.com.br\/\",\"logo\":{\"@type\":\"ImageObject\",\"inLanguage\":\"pt-BR\",\"@id\":\"https:\/\/www.codental.com.br\/blog\/#\/schema\/logo\/image\/\",\"url\":\"https:\/\/www.codental.com.br\/blog\/wp-content\/uploads\/2018\/10\/logo.png\",\"contentUrl\":\"https:\/\/www.codental.com.br\/blog\/wp-content\/uploads\/2018\/10\/logo.png\",\"width\":1200,\"height\":300,\"caption\":\"Codental\"},\"image\":{\"@id\":\"https:\/\/www.codental.com.br\/blog\/#\/schema\/logo\/image\/\"},\"sameAs\":[\"http:\/\/www.facebook.com\/codentalbr\",\"https:\/\/x.com\/CodentalBr\",\"https:\/\/www.instagram.com\/codentalbr\/\"]},{\"@type\":\"Person\",\"@id\":\"https:\/\/www.codental.com.br\/blog\/#\/schema\/person\/1067f1729ed5e54a98feb516d0bbf4cb\",\"name\":\"Yuri\",\"image\":{\"@type\":\"ImageObject\",\"inLanguage\":\"pt-BR\",\"@id\":\"https:\/\/www.codental.com.br\/blog\/wp-content\/uploads\/2022\/11\/WhatsApp-Image-2022-11-30-at-12.57.32-343x240.jpeg\",\"url\":\"https:\/\/www.codental.com.br\/blog\/wp-content\/uploads\/2022\/11\/WhatsApp-Image-2022-11-30-at-12.57.32-343x240.jpeg\",\"contentUrl\":\"https:\/\/www.codental.com.br\/blog\/wp-content\/uploads\/2022\/11\/WhatsApp-Image-2022-11-30-at-12.57.32-343x240.jpeg\",\"caption\":\"Yuri\"},\"description\":\"Mineiro, 29 anos. Formado em Gest\u00e3o de Pessoas e Publicidade e Propaganda. Com um bom caf\u00e9, passo horas falando de v\u00eddeo game, cultura pop e desenho animado.\",\"url\":\"https:\/\/www.codental.com.br\/blog\/author\/yuri\/\"}]}<\/script>\n<!-- \/ Yoast SEO plugin. -->","yoast_head_json":{"title":"Invisalign: pre\u00e7o, vantagens e d\u00favidas comuns","description":"Conhe\u00e7a tudo sobre os alinhadores invis\u00edveis Invisalign: pre\u00e7o do tratamento, em quais casos \u00e9 indicado, benef\u00edcios para o paciente e mais.","robots":{"index":"index","follow":"follow","max-snippet":"max-snippet:-1","max-image-preview":"max-image-preview:large","max-video-preview":"max-video-preview:-1"},"canonical":"https:\/\/www.codental.com.br\/blog\/invisalign-preco-vantagens-e-outras-duvidas-comuns\/","og_locale":"pt_BR","og_type":"article","og_title":"Invisalign: pre\u00e7o, vantagens e d\u00favidas comuns","og_description":"Conhe\u00e7a tudo sobre os alinhadores invis\u00edveis Invisalign: pre\u00e7o do tratamento, em quais casos \u00e9 indicado, benef\u00edcios para o paciente e mais.","og_url":"https:\/\/www.codental.com.br\/blog\/invisalign-preco-vantagens-e-outras-duvidas-comuns\/","og_site_name":"Codental Blog","article_publisher":"http:\/\/www.facebook.com\/codentalbr","article_published_time":"2023-01-02T20:00:00+00:00","og_image":[{"width":1010,"height":550,"url":"https:\/\/www.codental.com.br\/blog\/wp-content\/uploads\/2022\/12\/Invisalign-preco.jpg","type":"image\/jpeg"}],"author":"Yuri","twitter_card":"summary_large_image","twitter_creator":"@CodentalBr","twitter_site":"@CodentalBr","twitter_misc":{"Escrito por":"Yuri","Est. tempo de leitura":"6 minutos"},"schema":{"@context":"https:\/\/schema.org","@graph":[{"@type":"Article","@id":"https:\/\/www.codental.com.br\/blog\/invisalign-preco-vantagens-e-outras-duvidas-comuns\/#article","isPartOf":{"@id":"https:\/\/www.codental.com.br\/blog\/invisalign-preco-vantagens-e-outras-duvidas-comuns\/"},"author":{"name":"Yuri","@id":"https:\/\/www.codental.com.br\/blog\/#\/schema\/person\/1067f1729ed5e54a98feb516d0bbf4cb"},"headline":"Invisalign: pre\u00e7o, vantagens e d\u00favidas comuns","datePublished":"2023-01-02T20:00:00+00:00","mainEntityOfPage":{"@id":"https:\/\/www.codental.com.br\/blog\/invisalign-preco-vantagens-e-outras-duvidas-comuns\/"},"wordCount":1126,"commentCount":0,"publisher":{"@id":"https:\/\/www.codental.com.br\/blog\/#organization"},"image":{"@id":"https:\/\/www.codental.com.br\/blog\/invisalign-preco-vantagens-e-outras-duvidas-comuns\/#primaryimage"},"thumbnailUrl":"https:\/\/www.codental.com.br\/blog\/wp-content\/uploads\/2022\/12\/Invisalign-preco.jpg","keywords":["Alinhadores transparentes","Invisalign"],"articleSection":["Tratamentos odontol\u00f3gicos"],"inLanguage":"pt-BR","potentialAction":[{"@type":"CommentAction","name":"Comment","target":["https:\/\/www.codental.com.br\/blog\/invisalign-preco-vantagens-e-outras-duvidas-comuns\/#respond"]}]},{"@type":"WebPage","@id":"https:\/\/www.codental.com.br\/blog\/invisalign-preco-vantagens-e-outras-duvidas-comuns\/","url":"https:\/\/www.codental.com.br\/blog\/invisalign-preco-vantagens-e-outras-duvidas-comuns\/","name":"Invisalign: pre\u00e7o, vantagens e d\u00favidas comuns","isPartOf":{"@id":"https:\/\/www.codental.com.br\/blog\/#website"},"primaryImageOfPage":{"@id":"https:\/\/www.codental.com.br\/blog\/invisalign-preco-vantagens-e-outras-duvidas-comuns\/#primaryimage"},"image":{"@id":"https:\/\/www.codental.com.br\/blog\/invisalign-preco-vantagens-e-outras-duvidas-comuns\/#primaryimage"},"thumbnailUrl":"https:\/\/www.codental.com.br\/blog\/wp-content\/uploads\/2022\/12\/Invisalign-preco.jpg","datePublished":"2023-01-02T20:00:00+00:00","description":"Conhe\u00e7a tudo sobre os alinhadores invis\u00edveis Invisalign: pre\u00e7o do tratamento, em quais casos \u00e9 indicado, benef\u00edcios para o paciente e mais.","breadcrumb":{"@id":"https:\/\/www.codental.com.br\/blog\/invisalign-preco-vantagens-e-outras-duvidas-comuns\/#breadcrumb"},"inLanguage":"pt-BR","potentialAction":[{"@type":"ReadAction","target":["https:\/\/www.codental.com.br\/blog\/invisalign-preco-vantagens-e-outras-duvidas-comuns\/"]}]},{"@type":"ImageObject","inLanguage":"pt-BR","@id":"https:\/\/www.codental.com.br\/blog\/invisalign-preco-vantagens-e-outras-duvidas-comuns\/#primaryimage","url":"https:\/\/www.codental.com.br\/blog\/wp-content\/uploads\/2022\/12\/Invisalign-preco.jpg","contentUrl":"https:\/\/www.codental.com.br\/blog\/wp-content\/uploads\/2022\/12\/Invisalign-preco.jpg","width":1010,"height":550,"caption":"invisalign: pre\u00e7o"},{"@type":"BreadcrumbList","@id":"https:\/\/www.codental.com.br\/blog\/invisalign-preco-vantagens-e-outras-duvidas-comuns\/#breadcrumb","itemListElement":[{"@type":"ListItem","position":1,"name":"In\u00edcio","item":"https:\/\/www.codental.com.br\/blog\/"},{"@type":"ListItem","position":2,"name":"Invisalign: pre\u00e7o, vantagens e d\u00favidas comuns"}]},{"@type":"WebSite","@id":"https:\/\/www.codental.com.br\/blog\/#website","url":"https:\/\/www.codental.com.br\/blog\/","name":"Codental Blog","description":"Artigos e not\u00edcias sobre odontologia","publisher":{"@id":"https:\/\/www.codental.com.br\/blog\/#organization"},"potentialAction":[{"@type":"SearchAction","target":{"@type":"EntryPoint","urlTemplate":"https:\/\/www.codental.com.br\/blog\/?s={search_term_string}"},"query-input":{"@type":"PropertyValueSpecification","valueRequired":true,"valueName":"search_term_string"}}],"inLanguage":"pt-BR"},{"@type":"Organization","@id":"https:\/\/www.codental.com.br\/blog\/#organization","name":"Codental","url":"https:\/\/codental.com.br\/","logo":{"@type":"ImageObject","inLanguage":"pt-BR","@id":"https:\/\/www.codental.com.br\/blog\/#\/schema\/logo\/image\/","url":"https:\/\/www.codental.com.br\/blog\/wp-content\/uploads\/2018\/10\/logo.png","contentUrl":"https:\/\/www.codental.com.br\/blog\/wp-content\/uploads\/2018\/10\/logo.png","width":1200,"height":300,"caption":"Codental"},"image":{"@id":"https:\/\/www.codental.com.br\/blog\/#\/schema\/logo\/image\/"},"sameAs":["http:\/\/www.facebook.com\/codentalbr","https:\/\/x.com\/CodentalBr","https:\/\/www.instagram.com\/codentalbr\/"]},{"@type":"Person","@id":"https:\/\/www.codental.com.br\/blog\/#\/schema\/person\/1067f1729ed5e54a98feb516d0bbf4cb","name":"Yuri","image":{"@type":"ImageObject","inLanguage":"pt-BR","@id":"https:\/\/www.codental.com.br\/blog\/wp-content\/uploads\/2022\/11\/WhatsApp-Image-2022-11-30-at-12.57.32-343x240.jpeg","url":"https:\/\/www.codental.com.br\/blog\/wp-content\/uploads\/2022\/11\/WhatsApp-Image-2022-11-30-at-12.57.32-343x240.jpeg","contentUrl":"https:\/\/www.codental.com.br\/blog\/wp-content\/uploads\/2022\/11\/WhatsApp-Image-2022-11-30-at-12.57.32-343x240.jpeg","caption":"Yuri"},"description":"Mineiro, 29 anos. Formado em Gest\u00e3o de Pessoas e Publicidade e Propaganda. Com um bom caf\u00e9, passo horas falando de v\u00eddeo game, cultura pop e desenho animado.","url":"https:\/\/www.codental.com.br\/blog\/author\/yuri\/"}]}},"_links":{"self":[{"href":"https:\/\/www.codental.com.br\/blog\/wp-json\/wp\/v2\/posts\/2007","targetHints":{"allow":["GET"]}}],"collection":[{"href":"https:\/\/www.codental.com.br\/blog\/wp-json\/wp\/v2\/posts"}],"about":[{"href":"https:\/\/www.codental.com.br\/blog\/wp-json\/wp\/v2\/types\/post"}],"author":[{"embeddable":true,"href":"https:\/\/www.codental.com.br\/blog\/wp-json\/wp\/v2\/users\/18"}],"replies":[{"embeddable":true,"href":"https:\/\/www.codental.com.br\/blog\/wp-json\/wp\/v2\/comments?post=2007"}],"version-history":[{"count":4,"href":"https:\/\/www.codental.com.br\/blog\/wp-json\/wp\/v2\/posts\/2007\/revisions"}],"predecessor-version":[{"id":2286,"href":"https:\/\/www.codental.com.br\/blog\/wp-json\/wp\/v2\/posts\/2007\/revisions\/2286"}],"wp:featuredmedia":[{"embeddable":true,"href":"https:\/\/www.codental.com.br\/blog\/wp-json\/wp\/v2\/media\/2284"}],"wp:attachment":[{"href":"https:\/\/www.codental.com.br\/blog\/wp-json\/wp\/v2\/media?parent=2007"}],"wp:term":[{"taxonomy":"category","embeddable":true,"href":"https:\/\/www.codental.com.br\/blog\/wp-json\/wp\/v2\/categories?post=2007"},{"taxonomy":"post_tag","embeddable":true,"href":"https:\/\/www.codental.com.br\/blog\/wp-json\/wp\/v2\/tags?post=2007"}],"curies":[{"name":"wp","href":"https:\/\/api.w.org\/{rel}","templated":true}]}}