{"id":1711,"date":"2022-12-07T17:00:00","date_gmt":"2022-12-07T20:00:00","guid":{"rendered":"https:\/\/www.codental.com.br\/blog\/?p=1711"},"modified":"2022-12-07T16:38:33","modified_gmt":"2022-12-07T19:38:33","slug":"fusao-dentaria-tudo-que-voce-precisa-saber","status":"publish","type":"post","link":"https:\/\/www.codental.com.br\/blog\/fusao-dentaria-tudo-que-voce-precisa-saber\/","title":{"rendered":"Fus\u00e3o dent\u00e1ria: tudo que voc\u00ea precisa saber"},"content":{"rendered":"\n<p>No artigo de hoje, falaremos um pouco mais sobre a fus\u00e3o dent\u00e1ria, uma das anomalias relacionadas a forma\u00e7\u00e3o dent\u00e1ria, caracterizada por sua uni\u00e3o, sendo ela de coroa e\/ou raiz. Assim como, abordaremos suas causas, caracter\u00edsticas morfol\u00f3gicas, a preval\u00eancia de casos e como realizar um diagn\u00f3stico diferencial.<\/p>\n\n\n\n<h2 class=\"wp-block-heading\"><strong>Causas da Fus\u00e3o Dent\u00e1ria:<\/strong><\/h2>\n\n\n\n<p>O nascimento do dente fusionado na arcada dent\u00e1ria normalmente ocorre nos dentes anteriores, e em denti\u00e7\u00e3o dec\u00eddua, sendo suas principais causas:<\/p>\n\n\n\n<ul class=\"wp-block-list\"><li>De origem gen\u00e9tica ou heredit\u00e1ria, ou seja, passado de pai para filho;<\/li><li>De origem morfol\u00f3gica: devido \u00e0 falta de espa\u00e7o, ao se desenvolverem, entram em contato um com o outro, antes de ocorrer a sua calcifica\u00e7\u00e3o;<\/li><li>De origem traum\u00e1tica, devido a traumas sofridos durante a forma\u00e7\u00e3o do dente.<\/li><\/ul>\n\n\n\n<h3 class=\"wp-block-heading\"><strong>Preval\u00eancia dos casos:<\/strong><\/h3>\n\n\n\n<p>A preval\u00eancia, ou seja, a predomin\u00e2ncia dos casos de fusionamento, \u00e9 mais ligada a fatores gen\u00e9ticos e heredit\u00e1rios, pois normalmente acomete os dentes dec\u00edduos, mais conhecidos como dentes de leite. Abaixo segue a lista da preval\u00eancia da fus\u00e3o dent\u00e1ria:<\/p>\n\n\n\n<ol class=\"wp-block-list\"><li>N\u00e3o tem uma predomin\u00e2ncia de g\u00eanero, em suma, pode acometer homens e mulheres igualmente;<\/li><li>Em dentes permanentes, a preval\u00eancia est\u00e1 relacionada a traumas no processo de forma\u00e7\u00e3o dos dentes, ou seja, devido a tombos e traumas ocorridos;<\/li><li>Afeta predominantemente os dentes anteriores (incisivos e caninos), contudo, h\u00e1 relatos de anomalias em dentes posteriores (pr\u00e9-molares e molares);<\/li><li>Na maioria dos casos em que h\u00e1 erup\u00e7\u00e3o fusionada de dentes de leites, a preval\u00eancia \u00e9 de origem gen\u00e9tica ou heredit\u00e1ria.<\/li><\/ol>\n\n\n\n<h2 class=\"wp-block-heading\"><strong>Caracter\u00edsticas da fus\u00e3o dent\u00e1ria:<\/strong><\/h2>\n\n\n\n<p>Na odontog\u00eanese, nome dado ao processo de forma\u00e7\u00e3o do dente at\u00e9 sua erup\u00e7\u00e3o, ocorre o surgimento do germe dent\u00e1rio, respons\u00e1vel pela forma\u00e7\u00e3o e crescimento dent\u00e1rio. A fus\u00e3o dentin\u00e1ria deriva -se\u00a0como uma anomalia deste processo.<\/p>\n\n\n\n<p>Na fus\u00e3o, o processo de uni\u00e3o dos dentes ocorre devido ao compartilhamento da dentina dos dois dentes, contudo, n\u00e3o h\u00e1 compartilhamento de esmalte nem de cemento.<\/p>\n\n\n\n<p>Ao exame intra-oral e exame radiogr\u00e1fico, podemos observar caracter\u00edsticas anat\u00f4micas que definem a fus\u00e3o, e diferencia de outras anomalias como a germina\u00e7\u00e3o e concresc\u00eancia. S\u00e3o elas:<\/p>\n\n\n\n<ul class=\"wp-block-list\"><li>A presen\u00e7a de 2 polpas dent\u00e1rias, local que se encontra o canal do dente;<\/li><li>A presen\u00e7a de 2 coroas dent\u00e1rias;<\/li><li>A presen\u00e7a de 2 ra\u00edzes dent\u00e1rias. Sendo os dois \u00faltimos t\u00f3picos divididos em duas classifica\u00e7\u00f5es:<\/li><\/ul>\n\n\n\n<p>        <strong>Completa:<\/strong> Quando a coroa e a raiz se unem totalmente;<\/p>\n\n\n\n<p>        <strong>Incompleta:<\/strong> Quando somente a coroa ou a raiz se fundem.<\/p>\n\n\n\n<ul class=\"wp-block-list\"><li>Tamanho alterado (maior);<\/li><li>Presen\u00e7a de menos elementos dentais em boca.<\/li><\/ul>\n\n\n\n<h2 class=\"wp-block-heading\">Diagn\u00f3stico diferencial e tratamento da fus\u00e3o dent\u00e1ria<\/h2>\n\n\n\n<p>A melhor maneira de se obter um diagn\u00f3stico diferencial \u00e9 atrav\u00e9s da radiografia dent\u00e1ria, a fim de diminuir a possibilidade de confundir com outras anomalias como germina\u00e7\u00e3o e concresc\u00eancia, pois apresentam aspectos cl\u00ednicos muito parecidos.<\/p>\n\n\n\n<p>Geralmente n\u00e3o\u00a0apresentam complica\u00e7\u00f5es, apenas em casos em que o sulco (canaleta) existente entre esses dentes, apresenta biofilme (placa bacteriana ou t\u00e1rtaro) e les\u00f5es cariosas.<\/p>\n\n\n\n<p>Nesse sentido, o odontopediatra pode realizar o selamento deste sulco (canaleta) entre os dentes, a fim de evitar les\u00f5es em decorr\u00eancia da c\u00e1rie, em consult\u00f3rio, para melhor preserva\u00e7\u00e3o da sa\u00fade bucal.<\/p>\n\n\n\n<p>Por isso \u00e9 primordial realizar uma higiene cuidadosa destes dentes, incluindo o uso de fio dental, com a finalidade de manter a sa\u00fade bucal, evitando complica\u00e7\u00f5es e at\u00e9 a perda desses elementos.<\/p>\n\n\n\n<p>Procure sempre o atendimento do dentista e odontopediatra.<\/p>\n","protected":false},"excerpt":{"rendered":"<p>No artigo de hoje, falaremos um pouco mais sobre a fus\u00e3o dent\u00e1ria, uma das&#8230;<\/p>\n","protected":false},"author":30,"featured_media":1946,"comment_status":"open","ping_status":"closed","sticky":false,"template":"","format":"standard","meta":{"_target_audience":"","footnotes":""},"categories":[129],"tags":[219,218],"class_list":["post-1711","post","type-post","status-publish","format-standard","has-post-thumbnail","hentry","category-tratamentos","tag-fusao","tag-fusao-dentaria"],"yoast_head":"<!-- This site is optimized with the Yoast SEO plugin v27.2 - https:\/\/yoast.com\/product\/yoast-seo-wordpress\/ -->\n<title>Fus\u00e3o dent\u00e1ria: tudo que voc\u00ea precisa saber<\/title>\n<meta name=\"description\" content=\"Fus\u00e3o dent\u00e1ria \u00e9 uma anomalia odontog\u00eanica caracterizada pela jun\u00e7\u00e3o de dois dentes pela dentina, apresentando coroa, polpa, e raiz pr\u00f3pria.\" \/>\n<meta name=\"robots\" content=\"index, follow, max-snippet:-1, max-image-preview:large, max-video-preview:-1\" \/>\n<link rel=\"canonical\" href=\"https:\/\/www.codental.com.br\/blog\/fusao-dentaria-tudo-que-voce-precisa-saber\/\" \/>\n<meta property=\"og:locale\" content=\"pt_BR\" \/>\n<meta property=\"og:type\" content=\"article\" \/>\n<meta property=\"og:title\" content=\"Fus\u00e3o dent\u00e1ria: tudo que voc\u00ea precisa saber\" \/>\n<meta property=\"og:description\" content=\"Fus\u00e3o dent\u00e1ria \u00e9 uma anomalia odontog\u00eanica caracterizada pela jun\u00e7\u00e3o de dois dentes pela dentina, apresentando coroa, polpa, e raiz pr\u00f3pria.\" \/>\n<meta property=\"og:url\" content=\"https:\/\/www.codental.com.br\/blog\/fusao-dentaria-tudo-que-voce-precisa-saber\/\" \/>\n<meta property=\"og:site_name\" content=\"Codental Blog\" \/>\n<meta property=\"article:publisher\" content=\"http:\/\/www.facebook.com\/codentalbr\" \/>\n<meta property=\"article:published_time\" content=\"2022-12-07T20:00:00+00:00\" \/>\n<meta property=\"og:image\" content=\"https:\/\/www.codental.com.br\/blog\/wp-content\/uploads\/2022\/11\/Fusao-dentaria.jpg\" \/>\n\t<meta property=\"og:image:width\" content=\"1010\" \/>\n\t<meta property=\"og:image:height\" content=\"550\" \/>\n\t<meta property=\"og:image:type\" content=\"image\/jpeg\" \/>\n<meta name=\"author\" content=\"Jaqueline\" \/>\n<meta name=\"twitter:card\" content=\"summary_large_image\" \/>\n<meta name=\"twitter:creator\" content=\"@CodentalBr\" \/>\n<meta name=\"twitter:site\" content=\"@CodentalBr\" \/>\n<meta name=\"twitter:label1\" content=\"Escrito por\" \/>\n\t<meta name=\"twitter:data1\" content=\"Jaqueline\" \/>\n\t<meta name=\"twitter:label2\" content=\"Est. tempo de leitura\" \/>\n\t<meta name=\"twitter:data2\" content=\"3 minutos\" \/>\n<script type=\"application\/ld+json\" class=\"yoast-schema-graph\">{\"@context\":\"https:\/\/schema.org\",\"@graph\":[{\"@type\":\"Article\",\"@id\":\"https:\/\/www.codental.com.br\/blog\/fusao-dentaria-tudo-que-voce-precisa-saber\/#article\",\"isPartOf\":{\"@id\":\"https:\/\/www.codental.com.br\/blog\/fusao-dentaria-tudo-que-voce-precisa-saber\/\"},\"author\":{\"name\":\"Jaqueline\",\"@id\":\"https:\/\/www.codental.com.br\/blog\/#\/schema\/person\/7506ab8d7a0b35cdfe68fae4ee2f9277\"},\"headline\":\"Fus\u00e3o dent\u00e1ria: tudo que voc\u00ea precisa saber\",\"datePublished\":\"2022-12-07T20:00:00+00:00\",\"mainEntityOfPage\":{\"@id\":\"https:\/\/www.codental.com.br\/blog\/fusao-dentaria-tudo-que-voce-precisa-saber\/\"},\"wordCount\":627,\"commentCount\":0,\"publisher\":{\"@id\":\"https:\/\/www.codental.com.br\/blog\/#organization\"},\"image\":{\"@id\":\"https:\/\/www.codental.com.br\/blog\/fusao-dentaria-tudo-que-voce-precisa-saber\/#primaryimage\"},\"thumbnailUrl\":\"https:\/\/www.codental.com.br\/blog\/wp-content\/uploads\/2022\/11\/Fusao-dentaria.jpg\",\"keywords\":[\"fus\u00e3o\",\"fus\u00e3o dent\u00e1ria\"],\"articleSection\":[\"Tratamentos odontol\u00f3gicos\"],\"inLanguage\":\"pt-BR\",\"potentialAction\":[{\"@type\":\"CommentAction\",\"name\":\"Comment\",\"target\":[\"https:\/\/www.codental.com.br\/blog\/fusao-dentaria-tudo-que-voce-precisa-saber\/#respond\"]}]},{\"@type\":\"WebPage\",\"@id\":\"https:\/\/www.codental.com.br\/blog\/fusao-dentaria-tudo-que-voce-precisa-saber\/\",\"url\":\"https:\/\/www.codental.com.br\/blog\/fusao-dentaria-tudo-que-voce-precisa-saber\/\",\"name\":\"Fus\u00e3o dent\u00e1ria: tudo que voc\u00ea precisa saber\",\"isPartOf\":{\"@id\":\"https:\/\/www.codental.com.br\/blog\/#website\"},\"primaryImageOfPage\":{\"@id\":\"https:\/\/www.codental.com.br\/blog\/fusao-dentaria-tudo-que-voce-precisa-saber\/#primaryimage\"},\"image\":{\"@id\":\"https:\/\/www.codental.com.br\/blog\/fusao-dentaria-tudo-que-voce-precisa-saber\/#primaryimage\"},\"thumbnailUrl\":\"https:\/\/www.codental.com.br\/blog\/wp-content\/uploads\/2022\/11\/Fusao-dentaria.jpg\",\"datePublished\":\"2022-12-07T20:00:00+00:00\",\"description\":\"Fus\u00e3o dent\u00e1ria \u00e9 uma anomalia odontog\u00eanica caracterizada pela jun\u00e7\u00e3o de dois dentes pela dentina, apresentando coroa, polpa, e raiz pr\u00f3pria.\",\"breadcrumb\":{\"@id\":\"https:\/\/www.codental.com.br\/blog\/fusao-dentaria-tudo-que-voce-precisa-saber\/#breadcrumb\"},\"inLanguage\":\"pt-BR\",\"potentialAction\":[{\"@type\":\"ReadAction\",\"target\":[\"https:\/\/www.codental.com.br\/blog\/fusao-dentaria-tudo-que-voce-precisa-saber\/\"]}]},{\"@type\":\"ImageObject\",\"inLanguage\":\"pt-BR\",\"@id\":\"https:\/\/www.codental.com.br\/blog\/fusao-dentaria-tudo-que-voce-precisa-saber\/#primaryimage\",\"url\":\"https:\/\/www.codental.com.br\/blog\/wp-content\/uploads\/2022\/11\/Fusao-dentaria.jpg\",\"contentUrl\":\"https:\/\/www.codental.com.br\/blog\/wp-content\/uploads\/2022\/11\/Fusao-dentaria.jpg\",\"width\":1010,\"height\":550,\"caption\":\"Fus\u00e3o dent\u00e1ria\"},{\"@type\":\"BreadcrumbList\",\"@id\":\"https:\/\/www.codental.com.br\/blog\/fusao-dentaria-tudo-que-voce-precisa-saber\/#breadcrumb\",\"itemListElement\":[{\"@type\":\"ListItem\",\"position\":1,\"name\":\"In\u00edcio\",\"item\":\"https:\/\/www.codental.com.br\/blog\/\"},{\"@type\":\"ListItem\",\"position\":2,\"name\":\"Fus\u00e3o dent\u00e1ria: tudo que voc\u00ea precisa saber\"}]},{\"@type\":\"WebSite\",\"@id\":\"https:\/\/www.codental.com.br\/blog\/#website\",\"url\":\"https:\/\/www.codental.com.br\/blog\/\",\"name\":\"Codental Blog\",\"description\":\"Artigos e not\u00edcias sobre odontologia\",\"publisher\":{\"@id\":\"https:\/\/www.codental.com.br\/blog\/#organization\"},\"potentialAction\":[{\"@type\":\"SearchAction\",\"target\":{\"@type\":\"EntryPoint\",\"urlTemplate\":\"https:\/\/www.codental.com.br\/blog\/?s={search_term_string}\"},\"query-input\":{\"@type\":\"PropertyValueSpecification\",\"valueRequired\":true,\"valueName\":\"search_term_string\"}}],\"inLanguage\":\"pt-BR\"},{\"@type\":\"Organization\",\"@id\":\"https:\/\/www.codental.com.br\/blog\/#organization\",\"name\":\"Codental\",\"url\":\"https:\/\/codental.com.br\/\",\"logo\":{\"@type\":\"ImageObject\",\"inLanguage\":\"pt-BR\",\"@id\":\"https:\/\/www.codental.com.br\/blog\/#\/schema\/logo\/image\/\",\"url\":\"https:\/\/www.codental.com.br\/blog\/wp-content\/uploads\/2018\/10\/logo.png\",\"contentUrl\":\"https:\/\/www.codental.com.br\/blog\/wp-content\/uploads\/2018\/10\/logo.png\",\"width\":1200,\"height\":300,\"caption\":\"Codental\"},\"image\":{\"@id\":\"https:\/\/www.codental.com.br\/blog\/#\/schema\/logo\/image\/\"},\"sameAs\":[\"http:\/\/www.facebook.com\/codentalbr\",\"https:\/\/x.com\/CodentalBr\",\"https:\/\/www.instagram.com\/codentalbr\/\"]},{\"@type\":\"Person\",\"@id\":\"https:\/\/www.codental.com.br\/blog\/#\/schema\/person\/7506ab8d7a0b35cdfe68fae4ee2f9277\",\"name\":\"Jaqueline\",\"image\":{\"@type\":\"ImageObject\",\"inLanguage\":\"pt-BR\",\"@id\":\"https:\/\/www.codental.com.br\/blog\/wp-content\/uploads\/2022\/11\/WhatsApp-Image-2022-11-23-at-18.30.21-343x240.jpeg\",\"url\":\"https:\/\/www.codental.com.br\/blog\/wp-content\/uploads\/2022\/11\/WhatsApp-Image-2022-11-23-at-18.30.21-343x240.jpeg\",\"contentUrl\":\"https:\/\/www.codental.com.br\/blog\/wp-content\/uploads\/2022\/11\/WhatsApp-Image-2022-11-23-at-18.30.21-343x240.jpeg\",\"caption\":\"Jaqueline\"},\"description\":\"Mineira, 38 anos. Dentista cl\u00ednica geral e jornalista. Apaixonada por artes, m\u00fasica e culin\u00e1ria, um trio perfeito para bons encontros com os amigos.\",\"url\":\"https:\/\/www.codental.com.br\/blog\/author\/jackeline\/\"}]}<\/script>\n<!-- \/ Yoast SEO plugin. -->","yoast_head_json":{"title":"Fus\u00e3o dent\u00e1ria: tudo que voc\u00ea precisa saber","description":"Fus\u00e3o dent\u00e1ria \u00e9 uma anomalia odontog\u00eanica caracterizada pela jun\u00e7\u00e3o de dois dentes pela dentina, apresentando coroa, polpa, e raiz pr\u00f3pria.","robots":{"index":"index","follow":"follow","max-snippet":"max-snippet:-1","max-image-preview":"max-image-preview:large","max-video-preview":"max-video-preview:-1"},"canonical":"https:\/\/www.codental.com.br\/blog\/fusao-dentaria-tudo-que-voce-precisa-saber\/","og_locale":"pt_BR","og_type":"article","og_title":"Fus\u00e3o dent\u00e1ria: tudo que voc\u00ea precisa saber","og_description":"Fus\u00e3o dent\u00e1ria \u00e9 uma anomalia odontog\u00eanica caracterizada pela jun\u00e7\u00e3o de dois dentes pela dentina, apresentando coroa, polpa, e raiz pr\u00f3pria.","og_url":"https:\/\/www.codental.com.br\/blog\/fusao-dentaria-tudo-que-voce-precisa-saber\/","og_site_name":"Codental Blog","article_publisher":"http:\/\/www.facebook.com\/codentalbr","article_published_time":"2022-12-07T20:00:00+00:00","og_image":[{"width":1010,"height":550,"url":"https:\/\/www.codental.com.br\/blog\/wp-content\/uploads\/2022\/11\/Fusao-dentaria.jpg","type":"image\/jpeg"}],"author":"Jaqueline","twitter_card":"summary_large_image","twitter_creator":"@CodentalBr","twitter_site":"@CodentalBr","twitter_misc":{"Escrito por":"Jaqueline","Est. tempo de leitura":"3 minutos"},"schema":{"@context":"https:\/\/schema.org","@graph":[{"@type":"Article","@id":"https:\/\/www.codental.com.br\/blog\/fusao-dentaria-tudo-que-voce-precisa-saber\/#article","isPartOf":{"@id":"https:\/\/www.codental.com.br\/blog\/fusao-dentaria-tudo-que-voce-precisa-saber\/"},"author":{"name":"Jaqueline","@id":"https:\/\/www.codental.com.br\/blog\/#\/schema\/person\/7506ab8d7a0b35cdfe68fae4ee2f9277"},"headline":"Fus\u00e3o dent\u00e1ria: tudo que voc\u00ea precisa saber","datePublished":"2022-12-07T20:00:00+00:00","mainEntityOfPage":{"@id":"https:\/\/www.codental.com.br\/blog\/fusao-dentaria-tudo-que-voce-precisa-saber\/"},"wordCount":627,"commentCount":0,"publisher":{"@id":"https:\/\/www.codental.com.br\/blog\/#organization"},"image":{"@id":"https:\/\/www.codental.com.br\/blog\/fusao-dentaria-tudo-que-voce-precisa-saber\/#primaryimage"},"thumbnailUrl":"https:\/\/www.codental.com.br\/blog\/wp-content\/uploads\/2022\/11\/Fusao-dentaria.jpg","keywords":["fus\u00e3o","fus\u00e3o dent\u00e1ria"],"articleSection":["Tratamentos odontol\u00f3gicos"],"inLanguage":"pt-BR","potentialAction":[{"@type":"CommentAction","name":"Comment","target":["https:\/\/www.codental.com.br\/blog\/fusao-dentaria-tudo-que-voce-precisa-saber\/#respond"]}]},{"@type":"WebPage","@id":"https:\/\/www.codental.com.br\/blog\/fusao-dentaria-tudo-que-voce-precisa-saber\/","url":"https:\/\/www.codental.com.br\/blog\/fusao-dentaria-tudo-que-voce-precisa-saber\/","name":"Fus\u00e3o dent\u00e1ria: tudo que voc\u00ea precisa saber","isPartOf":{"@id":"https:\/\/www.codental.com.br\/blog\/#website"},"primaryImageOfPage":{"@id":"https:\/\/www.codental.com.br\/blog\/fusao-dentaria-tudo-que-voce-precisa-saber\/#primaryimage"},"image":{"@id":"https:\/\/www.codental.com.br\/blog\/fusao-dentaria-tudo-que-voce-precisa-saber\/#primaryimage"},"thumbnailUrl":"https:\/\/www.codental.com.br\/blog\/wp-content\/uploads\/2022\/11\/Fusao-dentaria.jpg","datePublished":"2022-12-07T20:00:00+00:00","description":"Fus\u00e3o dent\u00e1ria \u00e9 uma anomalia odontog\u00eanica caracterizada pela jun\u00e7\u00e3o de dois dentes pela dentina, apresentando coroa, polpa, e raiz pr\u00f3pria.","breadcrumb":{"@id":"https:\/\/www.codental.com.br\/blog\/fusao-dentaria-tudo-que-voce-precisa-saber\/#breadcrumb"},"inLanguage":"pt-BR","potentialAction":[{"@type":"ReadAction","target":["https:\/\/www.codental.com.br\/blog\/fusao-dentaria-tudo-que-voce-precisa-saber\/"]}]},{"@type":"ImageObject","inLanguage":"pt-BR","@id":"https:\/\/www.codental.com.br\/blog\/fusao-dentaria-tudo-que-voce-precisa-saber\/#primaryimage","url":"https:\/\/www.codental.com.br\/blog\/wp-content\/uploads\/2022\/11\/Fusao-dentaria.jpg","contentUrl":"https:\/\/www.codental.com.br\/blog\/wp-content\/uploads\/2022\/11\/Fusao-dentaria.jpg","width":1010,"height":550,"caption":"Fus\u00e3o dent\u00e1ria"},{"@type":"BreadcrumbList","@id":"https:\/\/www.codental.com.br\/blog\/fusao-dentaria-tudo-que-voce-precisa-saber\/#breadcrumb","itemListElement":[{"@type":"ListItem","position":1,"name":"In\u00edcio","item":"https:\/\/www.codental.com.br\/blog\/"},{"@type":"ListItem","position":2,"name":"Fus\u00e3o dent\u00e1ria: tudo que voc\u00ea precisa saber"}]},{"@type":"WebSite","@id":"https:\/\/www.codental.com.br\/blog\/#website","url":"https:\/\/www.codental.com.br\/blog\/","name":"Codental Blog","description":"Artigos e not\u00edcias sobre odontologia","publisher":{"@id":"https:\/\/www.codental.com.br\/blog\/#organization"},"potentialAction":[{"@type":"SearchAction","target":{"@type":"EntryPoint","urlTemplate":"https:\/\/www.codental.com.br\/blog\/?s={search_term_string}"},"query-input":{"@type":"PropertyValueSpecification","valueRequired":true,"valueName":"search_term_string"}}],"inLanguage":"pt-BR"},{"@type":"Organization","@id":"https:\/\/www.codental.com.br\/blog\/#organization","name":"Codental","url":"https:\/\/codental.com.br\/","logo":{"@type":"ImageObject","inLanguage":"pt-BR","@id":"https:\/\/www.codental.com.br\/blog\/#\/schema\/logo\/image\/","url":"https:\/\/www.codental.com.br\/blog\/wp-content\/uploads\/2018\/10\/logo.png","contentUrl":"https:\/\/www.codental.com.br\/blog\/wp-content\/uploads\/2018\/10\/logo.png","width":1200,"height":300,"caption":"Codental"},"image":{"@id":"https:\/\/www.codental.com.br\/blog\/#\/schema\/logo\/image\/"},"sameAs":["http:\/\/www.facebook.com\/codentalbr","https:\/\/x.com\/CodentalBr","https:\/\/www.instagram.com\/codentalbr\/"]},{"@type":"Person","@id":"https:\/\/www.codental.com.br\/blog\/#\/schema\/person\/7506ab8d7a0b35cdfe68fae4ee2f9277","name":"Jaqueline","image":{"@type":"ImageObject","inLanguage":"pt-BR","@id":"https:\/\/www.codental.com.br\/blog\/wp-content\/uploads\/2022\/11\/WhatsApp-Image-2022-11-23-at-18.30.21-343x240.jpeg","url":"https:\/\/www.codental.com.br\/blog\/wp-content\/uploads\/2022\/11\/WhatsApp-Image-2022-11-23-at-18.30.21-343x240.jpeg","contentUrl":"https:\/\/www.codental.com.br\/blog\/wp-content\/uploads\/2022\/11\/WhatsApp-Image-2022-11-23-at-18.30.21-343x240.jpeg","caption":"Jaqueline"},"description":"Mineira, 38 anos. Dentista cl\u00ednica geral e jornalista. Apaixonada por artes, m\u00fasica e culin\u00e1ria, um trio perfeito para bons encontros com os amigos.","url":"https:\/\/www.codental.com.br\/blog\/author\/jackeline\/"}]}},"_links":{"self":[{"href":"https:\/\/www.codental.com.br\/blog\/wp-json\/wp\/v2\/posts\/1711","targetHints":{"allow":["GET"]}}],"collection":[{"href":"https:\/\/www.codental.com.br\/blog\/wp-json\/wp\/v2\/posts"}],"about":[{"href":"https:\/\/www.codental.com.br\/blog\/wp-json\/wp\/v2\/types\/post"}],"author":[{"embeddable":true,"href":"https:\/\/www.codental.com.br\/blog\/wp-json\/wp\/v2\/users\/30"}],"replies":[{"embeddable":true,"href":"https:\/\/www.codental.com.br\/blog\/wp-json\/wp\/v2\/comments?post=1711"}],"version-history":[{"count":6,"href":"https:\/\/www.codental.com.br\/blog\/wp-json\/wp\/v2\/posts\/1711\/revisions"}],"predecessor-version":[{"id":1947,"href":"https:\/\/www.codental.com.br\/blog\/wp-json\/wp\/v2\/posts\/1711\/revisions\/1947"}],"wp:featuredmedia":[{"embeddable":true,"href":"https:\/\/www.codental.com.br\/blog\/wp-json\/wp\/v2\/media\/1946"}],"wp:attachment":[{"href":"https:\/\/www.codental.com.br\/blog\/wp-json\/wp\/v2\/media?parent=1711"}],"wp:term":[{"taxonomy":"category","embeddable":true,"href":"https:\/\/www.codental.com.br\/blog\/wp-json\/wp\/v2\/categories?post=1711"},{"taxonomy":"post_tag","embeddable":true,"href":"https:\/\/www.codental.com.br\/blog\/wp-json\/wp\/v2\/tags?post=1711"}],"curies":[{"name":"wp","href":"https:\/\/api.w.org\/{rel}","templated":true}]}}