{"id":1458,"date":"2022-12-06T17:03:21","date_gmt":"2022-12-06T20:03:21","guid":{"rendered":"https:\/\/www.codental.com.br\/blog\/?p=1458"},"modified":"2022-12-07T13:44:03","modified_gmt":"2022-12-07T16:44:03","slug":"causas-e-sintomas-da-atm","status":"publish","type":"post","link":"https:\/\/www.codental.com.br\/blog\/causas-e-sintomas-da-atm\/","title":{"rendered":"ATM: sintomas e tudo sobre essa condi\u00e7\u00e3o"},"content":{"rendered":"<p><span style=\"font-weight: 400;\">A disfun\u00e7\u00e3o da <\/span><strong>articula\u00e7\u00e3o temporomandibular (ATM)<\/strong> <span style=\"font-weight: 400;\">\u00e9 uma anormalidade na articula\u00e7\u00e3o da mand\u00edbula que est\u00e1 presente em <\/span><span style=\"font-weight: 400;\"><a href=\"https:\/\/patrocinados.estadao.com.br\/medialab\/releaseonline\/releasegeral-releasegeral\/geral-dtm-disfuncao-acomete-40-da-populacao-brasileira\/#:~:text=A%20Disfun%C3%A7%C3%A3o%20Temporomandibular%2C%20tamb%C3%A9m%20conhecida,aqueles%20que%20desenvolvem%20o%20problema.\">40% dos brasileiros<\/a>.<\/span><span style=\"font-weight: 400;\"> Essa articula\u00e7\u00e3o \u00e9 a \u00fanica que liga os dois lados da face, ou seja, quando se movimenta o lado esquerdo da mand\u00edbula, o lado direito tamb\u00e9m se move, possibilitando a articula\u00e7\u00e3o dent\u00e1ria. Veja mais sobre essa disfun\u00e7\u00e3o e quais s\u00e3o os <strong>sintomas da ATM.<\/strong><\/span><\/p>\n<h2><strong>O que \u00e9 ATM?<\/strong><\/h2>\n<p><a href=\"https:\/\/www.foa.unesp.br\/#!\/ensino\/departamentos\/dcb\/histologia\/atlas-de-histologia-buco-dentaria\/atm-articulacao-temporomandibular\/\"><strong>A Articula\u00e7\u00e3o Temporomandibular (ATM)<\/strong><\/a><span style=\"font-weight: 400;\"> \u00e9 o encaixe da mand\u00edbula com o resto dos ossos do cr\u00e2nio, sendo uma das articula\u00e7\u00f5es mais complexas do corpo humano. A <\/span><span style=\"font-weight: 400;\">ATM<strong> pode ser fraturada, ficar inchada, dolorida e\/ ou inflamada<\/strong> , limitando os movimentos da mand\u00edbula e fazendo com que a dor irradie para outros locais, como cabe\u00e7a e pesco\u00e7o. A DTM \u00e9 outra sigla muito comum de se encontrar quando se fala de ATM , pois \u00e9 a disfun\u00e7\u00e3o da articula\u00e7\u00e3o temporomandibular que ocorre quando algo impede a fun\u00e7\u00e3o ou o funcionamento adequado desse sistema de m\u00fasculos.\u00a0<\/span><\/p>\n<h2><strong>Como funciona a ATM?<\/strong><\/h2>\n<p><span style=\"font-weight: 400;\">O modo de funcionamento da ATM pode variar de duas formas: a primeira \u00e9 o movimento de dobradi\u00e7a, como um simples abre e fecha a boca, e a segunda\u00a0 forma, \u00e9 por um deslizamento chamado transla\u00e7\u00e3o, no qual a mand\u00edbula se move para baixo e para frente, como o movimento de bocejar, por exemplo.<\/span><\/p>\n<h2><strong>Causas da ATM<\/strong><\/h2>\n<p><span style=\"font-weight: 400;\">As causas dessa disfun\u00e7\u00e3o ainda n\u00e3o s\u00e3o plenamente compreendidas, podendo ser gerada por <strong>m\u00faltiplos fatores,<\/strong> as mais comuns de disfun\u00e7\u00e3o da ATM est\u00e3o relacionadas com:\u00a0\u00a0<\/span><\/p>\n<ul>\n<li><span style=\"font-weight: 400;\"><strong>Bruxismo:<\/strong> apertar ou ranger de dentes durante o dia, ou durante a noite, sendo essa uma das causas mais comuns;<\/span><\/li>\n<li><strong>Mordida<\/strong><span style=\"font-weight: 400;\"><strong>:<\/strong> o <\/span><span style=\"font-weight: 400;\">mau posicionamento na arcada dent\u00e1ria pode levar \u00e0 mastiga\u00e7\u00e3o incorreta, gerando uma s\u00e9rie de problemas desde a lentid\u00e3o ao comer at\u00e9 dores orofaciais;<\/span><\/li>\n<li><span style=\"font-weight: 400;\"><strong>Pr\u00f3teses mal adaptadas ou \u201cgastas\u201d: <\/strong>Toda pr\u00f3tese deve ser moldada individualmente e, al\u00e9m disso, deve-se realizar as manuten\u00e7\u00f5es periodicamente.<\/span><\/li>\n<\/ul>\n<h2><strong>Sintomas mais comuns da disfun\u00e7\u00e3o da ATM<\/strong><\/h2>\n<p><span style=\"font-weight: 400;\">\u2013 dores de cabe\u00e7a na regi\u00e3o da testa, fundo de olho e nas t\u00eamporas;<\/span><\/p>\n<p><span style=\"font-weight: 400;\">\u2013 dores e zumbidos no ouvido;<\/span><\/p>\n<p><span style=\"font-weight: 400;\">\u2013 dificuldade para mastigar, principalmente alimentos duros;<\/span><\/p>\n<p><span style=\"font-weight: 400;\">\u2013 dores durante a mastiga\u00e7\u00e3o;<\/span><\/p>\n<p><span style=\"font-weight: 400;\">\u2013 tonturas e\u00a0 <\/span><span style=\"font-weight: 400;\">vertigens;<\/span><\/p>\n<p><span style=\"font-weight: 400;\">\u2013 barulho pr\u00f3ximo \u00e0 orelha ao abrir e fechar a boca;<\/span><\/p>\n<p><span style=\"font-weight: 400;\">\u2013 desgaste dental excessivo;<\/span><\/p>\n<p><span style=\"font-weight: 400;\">\u2013 sensa\u00e7\u00e3o de travar a mand\u00edbula.<\/span><\/p>\n<h2><strong>Como tratar a ATM?<\/strong><\/h2>\n<p><span style=\"font-weight: 400;\">Embora n\u00e3o exista uma cura, existem diversos tratamentos que podem<strong>\u00a0diminuir<\/strong> consideravelmente <strong>os sintomas da ATM,<\/strong>\u00a0s\u00e3o eles:<\/span><\/p>\n<ul>\n<li style=\"font-weight: 400;\"><span style=\"font-weight: 400;\">Tentar eliminar a dor e o espasmo muscular atrav\u00e9s da aplica\u00e7\u00e3o de calor \u00famido ou por medicamentos;<\/span><\/li>\n<li style=\"font-weight: 400;\"><span style=\"font-weight: 400;\">Reduzir os efeitos prejudiciais de travamento ou rangido, por meio de um aparelho, algumas vezes chamado de placa de mordida ou &#8220;splint&#8221; &#8211; aparelho feito sob medida para cada paciente;<\/span><\/li>\n<li style=\"font-weight: 400;\"><span style=\"font-weight: 400;\">Fazer t\u00e9cnicas de relaxamento para controlar a tens\u00e3o muscular na mand\u00edbula;<\/span><\/li>\n<li style=\"font-weight: 400;\"><span style=\"font-weight: 400;\">Quando partes da mand\u00edbula s\u00e3o afetadas e os tratamentos n\u00e3o surtiram efeito, uma cirurgia na articula\u00e7\u00e3o poder\u00e1 ser recomendada.<\/span><\/li>\n<\/ul>\n<h2><strong>O que acontece se n\u00e3o tratar os sintomas da ATM ?\u00a0<\/strong><\/h2>\n<p><span style=\"font-weight: 400;\">Ao n\u00e3o fazer o tratamento da disfun\u00e7\u00e3o na ATM, poder\u00e1 ocorrer a perda da qualidade de vida do indiv\u00edduo, ou seja, <strong>ter dor ou diminui\u00e7\u00e3o na<\/strong> <strong>capacidade de movimenta\u00e7\u00e3o bucal<\/strong>, como alimentar-se, falar, bocejar, entre outros. Al\u00e9m disso, o problema pode se agravar, devendo procurar um dentista especialista para fazer o <a href=\"https:\/\/www.codental.com.br\/blog\/odontologia-humanizada-a-importancia-do-atendimento-que-acolhe-o-paciente\/?utm_source=blog&utm_medium=referral&utm_content=causas-e-sintomas-da-atm\">atendimento<\/a> e tratar corretamente a disfun\u00e7\u00e3o na ATM.<\/span><\/p>\n","protected":false},"excerpt":{"rendered":"<p>A disfun\u00e7\u00e3o da articula\u00e7\u00e3o temporomandibular (ATM) \u00e9 uma anormalidade na articula\u00e7\u00e3o da mand\u00edbula que&#8230;<\/p>\n","protected":false},"author":28,"featured_media":1928,"comment_status":"open","ping_status":"closed","sticky":false,"template":"","format":"standard","meta":{"_target_audience":"","footnotes":""},"categories":[129],"tags":[140,141,143,142],"class_list":["post-1458","post","type-post","status-publish","format-standard","has-post-thumbnail","hentry","category-tratamentos","tag-atm","tag-dtm","tag-inflamacao","tag-mandibula"],"yoast_head":"<!-- This site is optimized with the Yoast SEO plugin v27.2 - https:\/\/yoast.com\/product\/yoast-seo-wordpress\/ -->\n<title>ATM: sintomas e tudo sobre essa condi\u00e7\u00e3o - Codental Blog<\/title>\n<meta name=\"description\" content=\"Conhe\u00e7a mais sobre o que \u00e9 ATM e quais s\u00e3o os sintomas e causas mais comuns da disfun\u00e7\u00e3o da articula\u00e7\u00e3o temporomandibular.\" \/>\n<meta name=\"robots\" content=\"index, follow, max-snippet:-1, max-image-preview:large, max-video-preview:-1\" \/>\n<link rel=\"canonical\" href=\"https:\/\/www.codental.com.br\/blog\/causas-e-sintomas-da-atm\/\" \/>\n<meta property=\"og:locale\" content=\"pt_BR\" \/>\n<meta property=\"og:type\" content=\"article\" \/>\n<meta property=\"og:title\" content=\"ATM: sintomas e tudo sobre essa condi\u00e7\u00e3o - Codental Blog\" \/>\n<meta property=\"og:description\" content=\"Conhe\u00e7a mais sobre o que \u00e9 ATM e quais s\u00e3o os sintomas e causas mais comuns da disfun\u00e7\u00e3o da articula\u00e7\u00e3o temporomandibular.\" \/>\n<meta property=\"og:url\" content=\"https:\/\/www.codental.com.br\/blog\/causas-e-sintomas-da-atm\/\" \/>\n<meta property=\"og:site_name\" content=\"Codental Blog\" \/>\n<meta property=\"article:publisher\" content=\"http:\/\/www.facebook.com\/codentalbr\" \/>\n<meta property=\"article:published_time\" content=\"2022-12-06T20:03:21+00:00\" \/>\n<meta property=\"article:modified_time\" content=\"2022-12-07T16:44:03+00:00\" \/>\n<meta property=\"og:image\" content=\"https:\/\/www.codental.com.br\/blog\/wp-content\/uploads\/2022\/11\/ATM-SINTOMAS.jpg\" \/>\n\t<meta property=\"og:image:width\" content=\"1194\" \/>\n\t<meta property=\"og:image:height\" content=\"650\" \/>\n\t<meta property=\"og:image:type\" content=\"image\/jpeg\" \/>\n<meta name=\"author\" content=\"Lorena Garcia\" \/>\n<meta name=\"twitter:card\" content=\"summary_large_image\" \/>\n<meta name=\"twitter:creator\" content=\"@CodentalBr\" \/>\n<meta name=\"twitter:site\" content=\"@CodentalBr\" \/>\n<meta name=\"twitter:label1\" content=\"Escrito por\" \/>\n\t<meta name=\"twitter:data1\" content=\"Lorena Garcia\" \/>\n\t<meta name=\"twitter:label2\" content=\"Est. tempo de leitura\" \/>\n\t<meta name=\"twitter:data2\" content=\"3 minutos\" \/>\n<script type=\"application\/ld+json\" class=\"yoast-schema-graph\">{\"@context\":\"https:\/\/schema.org\",\"@graph\":[{\"@type\":\"Article\",\"@id\":\"https:\/\/www.codental.com.br\/blog\/causas-e-sintomas-da-atm\/#article\",\"isPartOf\":{\"@id\":\"https:\/\/www.codental.com.br\/blog\/causas-e-sintomas-da-atm\/\"},\"author\":{\"name\":\"Lorena Garcia\",\"@id\":\"https:\/\/www.codental.com.br\/blog\/#\/schema\/person\/4e49f1ff3ee1f08edfa3f4f8098ce5c2\"},\"headline\":\"ATM: sintomas e tudo sobre essa condi\u00e7\u00e3o\",\"datePublished\":\"2022-12-06T20:03:21+00:00\",\"dateModified\":\"2022-12-07T16:44:03+00:00\",\"mainEntityOfPage\":{\"@id\":\"https:\/\/www.codental.com.br\/blog\/causas-e-sintomas-da-atm\/\"},\"wordCount\":597,\"commentCount\":0,\"publisher\":{\"@id\":\"https:\/\/www.codental.com.br\/blog\/#organization\"},\"image\":{\"@id\":\"https:\/\/www.codental.com.br\/blog\/causas-e-sintomas-da-atm\/#primaryimage\"},\"thumbnailUrl\":\"https:\/\/www.codental.com.br\/blog\/wp-content\/uploads\/2022\/11\/ATM-SINTOMAS.jpg\",\"keywords\":[\"ATM\",\"DTM\",\"Inflama\u00e7\u00e3o\",\"Mand\u00edbula\"],\"articleSection\":[\"Tratamentos odontol\u00f3gicos\"],\"inLanguage\":\"pt-BR\",\"potentialAction\":[{\"@type\":\"CommentAction\",\"name\":\"Comment\",\"target\":[\"https:\/\/www.codental.com.br\/blog\/causas-e-sintomas-da-atm\/#respond\"]}]},{\"@type\":\"WebPage\",\"@id\":\"https:\/\/www.codental.com.br\/blog\/causas-e-sintomas-da-atm\/\",\"url\":\"https:\/\/www.codental.com.br\/blog\/causas-e-sintomas-da-atm\/\",\"name\":\"ATM: sintomas e tudo sobre essa condi\u00e7\u00e3o - Codental Blog\",\"isPartOf\":{\"@id\":\"https:\/\/www.codental.com.br\/blog\/#website\"},\"primaryImageOfPage\":{\"@id\":\"https:\/\/www.codental.com.br\/blog\/causas-e-sintomas-da-atm\/#primaryimage\"},\"image\":{\"@id\":\"https:\/\/www.codental.com.br\/blog\/causas-e-sintomas-da-atm\/#primaryimage\"},\"thumbnailUrl\":\"https:\/\/www.codental.com.br\/blog\/wp-content\/uploads\/2022\/11\/ATM-SINTOMAS.jpg\",\"datePublished\":\"2022-12-06T20:03:21+00:00\",\"dateModified\":\"2022-12-07T16:44:03+00:00\",\"description\":\"Conhe\u00e7a mais sobre o que \u00e9 ATM e quais s\u00e3o os sintomas e causas mais comuns da disfun\u00e7\u00e3o da articula\u00e7\u00e3o temporomandibular.\",\"breadcrumb\":{\"@id\":\"https:\/\/www.codental.com.br\/blog\/causas-e-sintomas-da-atm\/#breadcrumb\"},\"inLanguage\":\"pt-BR\",\"potentialAction\":[{\"@type\":\"ReadAction\",\"target\":[\"https:\/\/www.codental.com.br\/blog\/causas-e-sintomas-da-atm\/\"]}]},{\"@type\":\"ImageObject\",\"inLanguage\":\"pt-BR\",\"@id\":\"https:\/\/www.codental.com.br\/blog\/causas-e-sintomas-da-atm\/#primaryimage\",\"url\":\"https:\/\/www.codental.com.br\/blog\/wp-content\/uploads\/2022\/11\/ATM-SINTOMAS.jpg\",\"contentUrl\":\"https:\/\/www.codental.com.br\/blog\/wp-content\/uploads\/2022\/11\/ATM-SINTOMAS.jpg\",\"width\":1194,\"height\":650,\"caption\":\"ATM sintomas\"},{\"@type\":\"BreadcrumbList\",\"@id\":\"https:\/\/www.codental.com.br\/blog\/causas-e-sintomas-da-atm\/#breadcrumb\",\"itemListElement\":[{\"@type\":\"ListItem\",\"position\":1,\"name\":\"In\u00edcio\",\"item\":\"https:\/\/www.codental.com.br\/blog\/\"},{\"@type\":\"ListItem\",\"position\":2,\"name\":\"ATM: sintomas e tudo sobre essa condi\u00e7\u00e3o\"}]},{\"@type\":\"WebSite\",\"@id\":\"https:\/\/www.codental.com.br\/blog\/#website\",\"url\":\"https:\/\/www.codental.com.br\/blog\/\",\"name\":\"Codental Blog\",\"description\":\"Artigos e not\u00edcias sobre odontologia\",\"publisher\":{\"@id\":\"https:\/\/www.codental.com.br\/blog\/#organization\"},\"potentialAction\":[{\"@type\":\"SearchAction\",\"target\":{\"@type\":\"EntryPoint\",\"urlTemplate\":\"https:\/\/www.codental.com.br\/blog\/?s={search_term_string}\"},\"query-input\":{\"@type\":\"PropertyValueSpecification\",\"valueRequired\":true,\"valueName\":\"search_term_string\"}}],\"inLanguage\":\"pt-BR\"},{\"@type\":\"Organization\",\"@id\":\"https:\/\/www.codental.com.br\/blog\/#organization\",\"name\":\"Codental\",\"url\":\"https:\/\/codental.com.br\/\",\"logo\":{\"@type\":\"ImageObject\",\"inLanguage\":\"pt-BR\",\"@id\":\"https:\/\/www.codental.com.br\/blog\/#\/schema\/logo\/image\/\",\"url\":\"https:\/\/www.codental.com.br\/blog\/wp-content\/uploads\/2018\/10\/logo.png\",\"contentUrl\":\"https:\/\/www.codental.com.br\/blog\/wp-content\/uploads\/2018\/10\/logo.png\",\"width\":1200,\"height\":300,\"caption\":\"Codental\"},\"image\":{\"@id\":\"https:\/\/www.codental.com.br\/blog\/#\/schema\/logo\/image\/\"},\"sameAs\":[\"http:\/\/www.facebook.com\/codentalbr\",\"https:\/\/x.com\/CodentalBr\",\"https:\/\/www.instagram.com\/codentalbr\/\"]},{\"@type\":\"Person\",\"@id\":\"https:\/\/www.codental.com.br\/blog\/#\/schema\/person\/4e49f1ff3ee1f08edfa3f4f8098ce5c2\",\"name\":\"Lorena Garcia\",\"image\":{\"@type\":\"ImageObject\",\"inLanguage\":\"pt-BR\",\"@id\":\"https:\/\/www.codental.com.br\/blog\/wp-content\/uploads\/2022\/12\/WhatsApp-Image-2022-12-07-at-18.54.11-240x240.jpeg\",\"url\":\"https:\/\/www.codental.com.br\/blog\/wp-content\/uploads\/2022\/12\/WhatsApp-Image-2022-12-07-at-18.54.11-240x240.jpeg\",\"contentUrl\":\"https:\/\/www.codental.com.br\/blog\/wp-content\/uploads\/2022\/12\/WhatsApp-Image-2022-12-07-at-18.54.11-240x240.jpeg\",\"caption\":\"Lorena Garcia\"},\"url\":\"https:\/\/www.codental.com.br\/blog\/author\/lorena\/\"}]}<\/script>\n<!-- \/ Yoast SEO plugin. -->","yoast_head_json":{"title":"ATM: sintomas e tudo sobre essa condi\u00e7\u00e3o - Codental Blog","description":"Conhe\u00e7a mais sobre o que \u00e9 ATM e quais s\u00e3o os sintomas e causas mais comuns da disfun\u00e7\u00e3o da articula\u00e7\u00e3o temporomandibular.","robots":{"index":"index","follow":"follow","max-snippet":"max-snippet:-1","max-image-preview":"max-image-preview:large","max-video-preview":"max-video-preview:-1"},"canonical":"https:\/\/www.codental.com.br\/blog\/causas-e-sintomas-da-atm\/","og_locale":"pt_BR","og_type":"article","og_title":"ATM: sintomas e tudo sobre essa condi\u00e7\u00e3o - Codental Blog","og_description":"Conhe\u00e7a mais sobre o que \u00e9 ATM e quais s\u00e3o os sintomas e causas mais comuns da disfun\u00e7\u00e3o da articula\u00e7\u00e3o temporomandibular.","og_url":"https:\/\/www.codental.com.br\/blog\/causas-e-sintomas-da-atm\/","og_site_name":"Codental Blog","article_publisher":"http:\/\/www.facebook.com\/codentalbr","article_published_time":"2022-12-06T20:03:21+00:00","article_modified_time":"2022-12-07T16:44:03+00:00","og_image":[{"width":1194,"height":650,"url":"https:\/\/www.codental.com.br\/blog\/wp-content\/uploads\/2022\/11\/ATM-SINTOMAS.jpg","type":"image\/jpeg"}],"author":"Lorena Garcia","twitter_card":"summary_large_image","twitter_creator":"@CodentalBr","twitter_site":"@CodentalBr","twitter_misc":{"Escrito por":"Lorena Garcia","Est. tempo de leitura":"3 minutos"},"schema":{"@context":"https:\/\/schema.org","@graph":[{"@type":"Article","@id":"https:\/\/www.codental.com.br\/blog\/causas-e-sintomas-da-atm\/#article","isPartOf":{"@id":"https:\/\/www.codental.com.br\/blog\/causas-e-sintomas-da-atm\/"},"author":{"name":"Lorena Garcia","@id":"https:\/\/www.codental.com.br\/blog\/#\/schema\/person\/4e49f1ff3ee1f08edfa3f4f8098ce5c2"},"headline":"ATM: sintomas e tudo sobre essa condi\u00e7\u00e3o","datePublished":"2022-12-06T20:03:21+00:00","dateModified":"2022-12-07T16:44:03+00:00","mainEntityOfPage":{"@id":"https:\/\/www.codental.com.br\/blog\/causas-e-sintomas-da-atm\/"},"wordCount":597,"commentCount":0,"publisher":{"@id":"https:\/\/www.codental.com.br\/blog\/#organization"},"image":{"@id":"https:\/\/www.codental.com.br\/blog\/causas-e-sintomas-da-atm\/#primaryimage"},"thumbnailUrl":"https:\/\/www.codental.com.br\/blog\/wp-content\/uploads\/2022\/11\/ATM-SINTOMAS.jpg","keywords":["ATM","DTM","Inflama\u00e7\u00e3o","Mand\u00edbula"],"articleSection":["Tratamentos odontol\u00f3gicos"],"inLanguage":"pt-BR","potentialAction":[{"@type":"CommentAction","name":"Comment","target":["https:\/\/www.codental.com.br\/blog\/causas-e-sintomas-da-atm\/#respond"]}]},{"@type":"WebPage","@id":"https:\/\/www.codental.com.br\/blog\/causas-e-sintomas-da-atm\/","url":"https:\/\/www.codental.com.br\/blog\/causas-e-sintomas-da-atm\/","name":"ATM: sintomas e tudo sobre essa condi\u00e7\u00e3o - Codental Blog","isPartOf":{"@id":"https:\/\/www.codental.com.br\/blog\/#website"},"primaryImageOfPage":{"@id":"https:\/\/www.codental.com.br\/blog\/causas-e-sintomas-da-atm\/#primaryimage"},"image":{"@id":"https:\/\/www.codental.com.br\/blog\/causas-e-sintomas-da-atm\/#primaryimage"},"thumbnailUrl":"https:\/\/www.codental.com.br\/blog\/wp-content\/uploads\/2022\/11\/ATM-SINTOMAS.jpg","datePublished":"2022-12-06T20:03:21+00:00","dateModified":"2022-12-07T16:44:03+00:00","description":"Conhe\u00e7a mais sobre o que \u00e9 ATM e quais s\u00e3o os sintomas e causas mais comuns da disfun\u00e7\u00e3o da articula\u00e7\u00e3o temporomandibular.","breadcrumb":{"@id":"https:\/\/www.codental.com.br\/blog\/causas-e-sintomas-da-atm\/#breadcrumb"},"inLanguage":"pt-BR","potentialAction":[{"@type":"ReadAction","target":["https:\/\/www.codental.com.br\/blog\/causas-e-sintomas-da-atm\/"]}]},{"@type":"ImageObject","inLanguage":"pt-BR","@id":"https:\/\/www.codental.com.br\/blog\/causas-e-sintomas-da-atm\/#primaryimage","url":"https:\/\/www.codental.com.br\/blog\/wp-content\/uploads\/2022\/11\/ATM-SINTOMAS.jpg","contentUrl":"https:\/\/www.codental.com.br\/blog\/wp-content\/uploads\/2022\/11\/ATM-SINTOMAS.jpg","width":1194,"height":650,"caption":"ATM sintomas"},{"@type":"BreadcrumbList","@id":"https:\/\/www.codental.com.br\/blog\/causas-e-sintomas-da-atm\/#breadcrumb","itemListElement":[{"@type":"ListItem","position":1,"name":"In\u00edcio","item":"https:\/\/www.codental.com.br\/blog\/"},{"@type":"ListItem","position":2,"name":"ATM: sintomas e tudo sobre essa condi\u00e7\u00e3o"}]},{"@type":"WebSite","@id":"https:\/\/www.codental.com.br\/blog\/#website","url":"https:\/\/www.codental.com.br\/blog\/","name":"Codental Blog","description":"Artigos e not\u00edcias sobre odontologia","publisher":{"@id":"https:\/\/www.codental.com.br\/blog\/#organization"},"potentialAction":[{"@type":"SearchAction","target":{"@type":"EntryPoint","urlTemplate":"https:\/\/www.codental.com.br\/blog\/?s={search_term_string}"},"query-input":{"@type":"PropertyValueSpecification","valueRequired":true,"valueName":"search_term_string"}}],"inLanguage":"pt-BR"},{"@type":"Organization","@id":"https:\/\/www.codental.com.br\/blog\/#organization","name":"Codental","url":"https:\/\/codental.com.br\/","logo":{"@type":"ImageObject","inLanguage":"pt-BR","@id":"https:\/\/www.codental.com.br\/blog\/#\/schema\/logo\/image\/","url":"https:\/\/www.codental.com.br\/blog\/wp-content\/uploads\/2018\/10\/logo.png","contentUrl":"https:\/\/www.codental.com.br\/blog\/wp-content\/uploads\/2018\/10\/logo.png","width":1200,"height":300,"caption":"Codental"},"image":{"@id":"https:\/\/www.codental.com.br\/blog\/#\/schema\/logo\/image\/"},"sameAs":["http:\/\/www.facebook.com\/codentalbr","https:\/\/x.com\/CodentalBr","https:\/\/www.instagram.com\/codentalbr\/"]},{"@type":"Person","@id":"https:\/\/www.codental.com.br\/blog\/#\/schema\/person\/4e49f1ff3ee1f08edfa3f4f8098ce5c2","name":"Lorena Garcia","image":{"@type":"ImageObject","inLanguage":"pt-BR","@id":"https:\/\/www.codental.com.br\/blog\/wp-content\/uploads\/2022\/12\/WhatsApp-Image-2022-12-07-at-18.54.11-240x240.jpeg","url":"https:\/\/www.codental.com.br\/blog\/wp-content\/uploads\/2022\/12\/WhatsApp-Image-2022-12-07-at-18.54.11-240x240.jpeg","contentUrl":"https:\/\/www.codental.com.br\/blog\/wp-content\/uploads\/2022\/12\/WhatsApp-Image-2022-12-07-at-18.54.11-240x240.jpeg","caption":"Lorena Garcia"},"url":"https:\/\/www.codental.com.br\/blog\/author\/lorena\/"}]}},"_links":{"self":[{"href":"https:\/\/www.codental.com.br\/blog\/wp-json\/wp\/v2\/posts\/1458","targetHints":{"allow":["GET"]}}],"collection":[{"href":"https:\/\/www.codental.com.br\/blog\/wp-json\/wp\/v2\/posts"}],"about":[{"href":"https:\/\/www.codental.com.br\/blog\/wp-json\/wp\/v2\/types\/post"}],"author":[{"embeddable":true,"href":"https:\/\/www.codental.com.br\/blog\/wp-json\/wp\/v2\/users\/28"}],"replies":[{"embeddable":true,"href":"https:\/\/www.codental.com.br\/blog\/wp-json\/wp\/v2\/comments?post=1458"}],"version-history":[{"count":6,"href":"https:\/\/www.codental.com.br\/blog\/wp-json\/wp\/v2\/posts\/1458\/revisions"}],"predecessor-version":[{"id":1943,"href":"https:\/\/www.codental.com.br\/blog\/wp-json\/wp\/v2\/posts\/1458\/revisions\/1943"}],"wp:featuredmedia":[{"embeddable":true,"href":"https:\/\/www.codental.com.br\/blog\/wp-json\/wp\/v2\/media\/1928"}],"wp:attachment":[{"href":"https:\/\/www.codental.com.br\/blog\/wp-json\/wp\/v2\/media?parent=1458"}],"wp:term":[{"taxonomy":"category","embeddable":true,"href":"https:\/\/www.codental.com.br\/blog\/wp-json\/wp\/v2\/categories?post=1458"},{"taxonomy":"post_tag","embeddable":true,"href":"https:\/\/www.codental.com.br\/blog\/wp-json\/wp\/v2\/tags?post=1458"}],"curies":[{"name":"wp","href":"https:\/\/api.w.org\/{rel}","templated":true}]}}